{"id":365284,"date":"2021-10-06T10:30:17","date_gmt":"2021-10-06T09:30:17","guid":{"rendered":"http:\/\/kapitalis.com\/tunisie\/?p=365284"},"modified":"2021-10-06T10:32:17","modified_gmt":"2021-10-06T09:32:17","slug":"alpha-ford-organise-des-journee-portes-ouvertes-a-tunis","status":"publish","type":"post","link":"https:\/\/kapitalis.com\/tunisie\/2021\/10\/06\/alpha-ford-organise-des-journee-portes-ouvertes-a-tunis\/","title":{"rendered":"Alpha Ford organise des journ\u00e9e portes ouvertes \u00e0 Tunis"},"content":{"rendered":"\n<div class=\"wp-block-image\"><figure class=\"aligncenter size-full\"><img decoding=\"async\" src=\"http:\/\/kapitalis.com\/tunisie\/wp-content\/uploads\/2021\/10\/Fordeal-1.jpg\" alt=\"\" class=\"wp-image-365287\"\/><\/figure><\/div>\n\n\n\n<p> <strong><em>Alpha Ford a organis\u00e9 le 30 septembre 2021, en partenariat avec ATL Leasing, l\u2019\u00e9v\u00e9nement FORDeal \u00e0 son showroom des Berges du Lac de Tunis afin de pr\u00e9senter les caract\u00e9ristiques et avantages du Ford Transit Minibus 15 places.<\/em><\/strong><\/p>\n\n\n\n<!--more-->\n\n\n\n<p>L\u2019\u00e9v\u00e9nement \u00e9tait principalement destin\u00e9 aux professionnels (professions lib\u00e9rales, \u00e9coles priv\u00e9es, agences de voyages, autres entreprises souhaitant assurer et s\u00e9curiser le transport de leur personnel).<\/p>\n\n\n\n<p>Le Ford Transit Minibus&nbsp;est con\u00e7u pour accueillir jusqu&rsquo;\u00e0 15 personnes, dans des conditions optimales de confort et de s\u00e9curit\u00e9.&nbsp;Il repr\u00e9sente le choix le plus judicieux pour les professionnels car il est le v\u00e9hicule de transport de personnes le plus accessible du march\u00e9.<\/p>\n\n\n\n<p>La&nbsp;Ford Fusion SE BVA&nbsp;\u00e9tait aussi au rendez-vous aux lignes \u00e9l\u00e9gantes et au design moderne, con\u00e7ue pour simplifier la vie des conducteurs gr\u00e2ce \u00e0 ses technologies avanc\u00e9es et \u00e0 leur offrir une exp\u00e9rience de conduite inoubliable.<\/p>\n\n\n\n<p>Pour b\u00e9n\u00e9ficier du\u00a0FORDeal, il suffit de visiter le <a href=\"http:\/\/ford.com.tn https:\/\/www.ford.com.tn\/\" target=\"_blank\" rel=\"noreferrer noopener\">site\u00a0de Alpha Ford<\/a>. <em>L&rsquo;offre \u00e9tant soumise \u00e0\u00a0conditions et disponible chez Alpha Ford et son r\u00e9seau dans la limite du stock disponible.<\/em><\/p>\n\n\n\n<figure class=\"wp-block-gallery columns-2 is-cropped wp-block-gallery-1 is-layout-flex wp-block-gallery-is-layout-flex\"><ul class=\"blocks-gallery-grid\"><li class=\"blocks-gallery-item\"><figure><img decoding=\"async\" src=\"http:\/\/kapitalis.com\/tunisie\/wp-content\/uploads\/2021\/10\/Fordeal-0.jpg\" alt=\"\" data-id=\"365288\" data-link=\"http:\/\/kapitalis.com\/tunisie\/?attachment_id=365288\" class=\"wp-image-365288\"\/><\/figure><\/li><li class=\"blocks-gallery-item\"><figure><img decoding=\"async\" src=\"http:\/\/kapitalis.com\/tunisie\/wp-content\/uploads\/2021\/10\/Fordeal5.jpg\" alt=\"\" data-id=\"365289\" data-link=\"http:\/\/kapitalis.com\/tunisie\/?attachment_id=365289\" class=\"wp-image-365289\"\/><\/figure><\/li><li class=\"blocks-gallery-item\"><figure><img decoding=\"async\" src=\"http:\/\/kapitalis.com\/tunisie\/wp-content\/uploads\/2021\/10\/Fordeal-6.jpg\" alt=\"\" data-id=\"365290\" data-link=\"http:\/\/kapitalis.com\/tunisie\/?attachment_id=365290\" class=\"wp-image-365290\"\/><\/figure><\/li><li class=\"blocks-gallery-item\"><figure><img decoding=\"async\" src=\"http:\/\/kapitalis.com\/tunisie\/wp-content\/uploads\/2021\/10\/Fordeal-7.jpg\" alt=\"\" data-id=\"365291\" data-link=\"http:\/\/kapitalis.com\/tunisie\/?attachment_id=365291\" class=\"wp-image-365291\"\/><\/figure><\/li><li class=\"blocks-gallery-item\"><figure><img decoding=\"async\" src=\"http:\/\/kapitalis.com\/tunisie\/wp-content\/uploads\/2021\/10\/Fordeal-2.jpg\" alt=\"\" data-id=\"365292\" data-full-url=\"http:\/\/kapitalis.com\/tunisie\/wp-content\/uploads\/2021\/10\/Fordeal-2.jpg\" data-link=\"http:\/\/kapitalis.com\/tunisie\/?attachment_id=365292\" class=\"wp-image-365292\"\/><\/figure><\/li><li class=\"blocks-gallery-item\"><figure><img decoding=\"async\" src=\"http:\/\/kapitalis.com\/tunisie\/wp-content\/uploads\/2021\/10\/Fordeal-3.jpg\" alt=\"\" data-id=\"365293\" data-full-url=\"http:\/\/kapitalis.com\/tunisie\/wp-content\/uploads\/2021\/10\/Fordeal-3.jpg\" data-link=\"http:\/\/kapitalis.com\/tunisie\/?attachment_id=365293\" class=\"wp-image-365293\"\/><\/figure><\/li><li class=\"blocks-gallery-item\"><figure><img decoding=\"async\" src=\"http:\/\/kapitalis.com\/tunisie\/wp-content\/uploads\/2021\/10\/Fordeal4.jpg\" alt=\"\" data-id=\"365294\" data-full-url=\"http:\/\/kapitalis.com\/tunisie\/wp-content\/uploads\/2021\/10\/Fordeal4.jpg\" data-link=\"http:\/\/kapitalis.com\/tunisie\/?attachment_id=365294\" class=\"wp-image-365294\"\/><\/figure><\/li><\/ul><\/figure>\n","protected":false},"excerpt":{"rendered":"<p>Alpha Ford a organis\u00e9 le 30 septembre 2021, en partenariat avec ATL Leasing, l\u2019\u00e9v\u00e9nement FORDeal \u00e0 son showroom des Berges du Lac de Tunis afin de pr\u00e9senter les caract\u00e9ristiques et avantages du Ford Transit Minibus 15 places.<\/p>\n","protected":false},"author":8,"featured_media":365287,"comment_status":"open","ping_status":"open","sticky":false,"template":"","format":"standard","meta":{"footnotes":""},"categories":[54707,993,995,2433],"tags":[1226,80296,93856,93855,62643],"class_list":["post-365284","post","type-post","status-publish","format-standard","has-post-thumbnail","hentry","category-auto","category-conso","category-economie","category-tunisie","tag-alpha-ford","tag-atl-leasing","tag-ford-transit-minibus","tag-fordeal","tag-tunisie"],"yoast_head":"<!-- This site is optimized with the Yoast SEO plugin v26.6 - https:\/\/yoast.com\/wordpress\/plugins\/seo\/ -->\n<title>Alpha Ford organise des journ\u00e9e portes ouvertes \u00e0 Tunis - Kapitalis<\/title>\n<meta name=\"robots\" content=\"index, follow, max-snippet:-1, max-image-preview:large, max-video-preview:-1\" \/>\n<link rel=\"canonical\" href=\"https:\/\/kapitalis.com\/tunisie\/2021\/10\/06\/alpha-ford-organise-des-journee-portes-ouvertes-a-tunis\/\" \/>\n<meta property=\"og:locale\" content=\"fr_FR\" \/>\n<meta property=\"og:type\" content=\"article\" \/>\n<meta property=\"og:title\" content=\"Alpha Ford organise des journ\u00e9e portes ouvertes \u00e0 Tunis - Kapitalis\" \/>\n<meta property=\"og:description\" content=\"Alpha Ford a organis\u00e9 le 30 septembre 2021, en partenariat avec ATL Leasing, l\u2019\u00e9v\u00e9nement FORDeal \u00e0 son showroom des Berges du Lac de Tunis afin de pr\u00e9senter les caract\u00e9ristiques et avantages du Ford Transit Minibus 15 places.\" \/>\n<meta property=\"og:url\" content=\"https:\/\/kapitalis.com\/tunisie\/2021\/10\/06\/alpha-ford-organise-des-journee-portes-ouvertes-a-tunis\/\" \/>\n<meta property=\"og:site_name\" content=\"Kapitalis\" \/>\n<meta property=\"article:publisher\" content=\"https:\/\/www.facebook.com\/KapitalisInfo\/\" \/>\n<meta property=\"article:published_time\" content=\"2021-10-06T09:30:17+00:00\" \/>\n<meta property=\"article:modified_time\" content=\"2021-10-06T09:32:17+00:00\" \/>\n<meta property=\"og:image\" content=\"https:\/\/kapitalis.com\/tunisie\/wp-content\/uploads\/2022\/05\/kapitalis-logo-fb.png\" \/>\n\t<meta property=\"og:image:width\" content=\"1200\" \/>\n\t<meta property=\"og:image:height\" content=\"630\" \/>\n\t<meta property=\"og:image:type\" content=\"image\/png\" \/>\n<meta name=\"author\" content=\"webmaster kapitalis\" \/>\n<meta name=\"twitter:card\" content=\"summary_large_image\" \/>\n<meta name=\"twitter:creator\" content=\"@KapitalisInfo\" \/>\n<meta name=\"twitter:site\" content=\"@KapitalisInfo\" \/>\n<meta name=\"twitter:label1\" content=\"\u00c9crit par\" \/>\n\t<meta name=\"twitter:data1\" content=\"webmaster kapitalis\" \/>\n\t<meta name=\"twitter:label2\" content=\"Dur\u00e9e de lecture estim\u00e9e\" \/>\n\t<meta name=\"twitter:data2\" content=\"1 minute\" \/>\n<script type=\"application\/ld+json\" class=\"yoast-schema-graph\">{\"@context\":\"https:\/\/schema.org\",\"@graph\":[{\"@type\":\"Article\",\"@id\":\"https:\/\/kapitalis.com\/tunisie\/2021\/10\/06\/alpha-ford-organise-des-journee-portes-ouvertes-a-tunis\/#article\",\"isPartOf\":{\"@id\":\"https:\/\/kapitalis.com\/tunisie\/2021\/10\/06\/alpha-ford-organise-des-journee-portes-ouvertes-a-tunis\/\"},\"author\":{\"name\":\"webmaster kapitalis\",\"@id\":\"https:\/\/kapitalis.com\/tunisie\/#\/schema\/person\/d71f33a9ca44f7bad4698210b480c8e9\"},\"headline\":\"Alpha Ford organise des journ\u00e9e portes ouvertes \u00e0 Tunis\",\"datePublished\":\"2021-10-06T09:30:17+00:00\",\"dateModified\":\"2021-10-06T09:32:17+00:00\",\"mainEntityOfPage\":{\"@id\":\"https:\/\/kapitalis.com\/tunisie\/2021\/10\/06\/alpha-ford-organise-des-journee-portes-ouvertes-a-tunis\/\"},\"wordCount\":200,\"commentCount\":0,\"publisher\":{\"@id\":\"https:\/\/kapitalis.com\/tunisie\/#organization\"},\"image\":{\"@id\":\"https:\/\/kapitalis.com\/tunisie\/2021\/10\/06\/alpha-ford-organise-des-journee-portes-ouvertes-a-tunis\/#primaryimage\"},\"thumbnailUrl\":\"\",\"keywords\":[\"Alpha Ford\",\"ATL Leasing\",\"Ford Transit Minibus\",\"FORDeal\",\"Tunisie\"],\"articleSection\":[\"AUTO\",\"CONSO\",\"ECONOMIE\",\"Tunisie\"],\"inLanguage\":\"fr-FR\",\"potentialAction\":[{\"@type\":\"CommentAction\",\"name\":\"Comment\",\"target\":[\"https:\/\/kapitalis.com\/tunisie\/2021\/10\/06\/alpha-ford-organise-des-journee-portes-ouvertes-a-tunis\/#respond\"]}]},{\"@type\":\"WebPage\",\"@id\":\"https:\/\/kapitalis.com\/tunisie\/2021\/10\/06\/alpha-ford-organise-des-journee-portes-ouvertes-a-tunis\/\",\"url\":\"https:\/\/kapitalis.com\/tunisie\/2021\/10\/06\/alpha-ford-organise-des-journee-portes-ouvertes-a-tunis\/\",\"name\":\"Alpha Ford organise des journ\u00e9e portes ouvertes \u00e0 Tunis - Kapitalis\",\"isPartOf\":{\"@id\":\"https:\/\/kapitalis.com\/tunisie\/#website\"},\"primaryImageOfPage\":{\"@id\":\"https:\/\/kapitalis.com\/tunisie\/2021\/10\/06\/alpha-ford-organise-des-journee-portes-ouvertes-a-tunis\/#primaryimage\"},\"image\":{\"@id\":\"https:\/\/kapitalis.com\/tunisie\/2021\/10\/06\/alpha-ford-organise-des-journee-portes-ouvertes-a-tunis\/#primaryimage\"},\"thumbnailUrl\":\"\",\"datePublished\":\"2021-10-06T09:30:17+00:00\",\"dateModified\":\"2021-10-06T09:32:17+00:00\",\"breadcrumb\":{\"@id\":\"https:\/\/kapitalis.com\/tunisie\/2021\/10\/06\/alpha-ford-organise-des-journee-portes-ouvertes-a-tunis\/#breadcrumb\"},\"inLanguage\":\"fr-FR\",\"potentialAction\":[{\"@type\":\"ReadAction\",\"target\":[\"https:\/\/kapitalis.com\/tunisie\/2021\/10\/06\/alpha-ford-organise-des-journee-portes-ouvertes-a-tunis\/\"]}]},{\"@type\":\"ImageObject\",\"inLanguage\":\"fr-FR\",\"@id\":\"https:\/\/kapitalis.com\/tunisie\/2021\/10\/06\/alpha-ford-organise-des-journee-portes-ouvertes-a-tunis\/#primaryimage\",\"url\":\"\",\"contentUrl\":\"\"},{\"@type\":\"BreadcrumbList\",\"@id\":\"https:\/\/kapitalis.com\/tunisie\/2021\/10\/06\/alpha-ford-organise-des-journee-portes-ouvertes-a-tunis\/#breadcrumb\",\"itemListElement\":[{\"@type\":\"ListItem\",\"position\":1,\"name\":\"Accueil\",\"item\":\"https:\/\/kapitalis.com\/tunisie\/\"},{\"@type\":\"ListItem\",\"position\":2,\"name\":\"Alpha Ford organise des journ\u00e9e portes ouvertes \u00e0 Tunis\"}]},{\"@type\":\"WebSite\",\"@id\":\"https:\/\/kapitalis.com\/tunisie\/#website\",\"url\":\"https:\/\/kapitalis.com\/tunisie\/\",\"name\":\"Kapitalis\",\"description\":\"L&#039;actualit\u00e9 en Tunisie et dans le monde\",\"publisher\":{\"@id\":\"https:\/\/kapitalis.com\/tunisie\/#organization\"},\"potentialAction\":[{\"@type\":\"SearchAction\",\"target\":{\"@type\":\"EntryPoint\",\"urlTemplate\":\"https:\/\/kapitalis.com\/tunisie\/?s={search_term_string}\"},\"query-input\":{\"@type\":\"PropertyValueSpecification\",\"valueRequired\":true,\"valueName\":\"search_term_string\"}}],\"inLanguage\":\"fr-FR\"},{\"@type\":\"Organization\",\"@id\":\"https:\/\/kapitalis.com\/tunisie\/#organization\",\"name\":\"Kapitalis\",\"url\":\"https:\/\/kapitalis.com\/tunisie\/\",\"logo\":{\"@type\":\"ImageObject\",\"inLanguage\":\"fr-FR\",\"@id\":\"https:\/\/kapitalis.com\/tunisie\/#\/schema\/logo\/image\/\",\"url\":\"https:\/\/kapitalis.com\/tunisie\/wp-content\/uploads\/2022\/05\/Kapitalis-big-size.png\",\"contentUrl\":\"https:\/\/kapitalis.com\/tunisie\/wp-content\/uploads\/2022\/05\/Kapitalis-big-size.png\",\"width\":5000,\"height\":1500,\"caption\":\"Kapitalis\"},\"image\":{\"@id\":\"https:\/\/kapitalis.com\/tunisie\/#\/schema\/logo\/image\/\"},\"sameAs\":[\"https:\/\/www.facebook.com\/KapitalisInfo\/\",\"https:\/\/x.com\/KapitalisInfo\",\"https:\/\/www.youtube.com\/channel\/UC-yDYrHyfFBWWZaOw3FPg9Q\"]},{\"@type\":\"Person\",\"@id\":\"https:\/\/kapitalis.com\/tunisie\/#\/schema\/person\/d71f33a9ca44f7bad4698210b480c8e9\",\"name\":\"webmaster kapitalis\",\"url\":\"https:\/\/kapitalis.com\/tunisie\/author\/webmaster-kapitalis\/\"}]}<\/script>\n<!-- \/ Yoast SEO plugin. -->","yoast_head_json":{"title":"Alpha Ford organise des journ\u00e9e portes ouvertes \u00e0 Tunis - Kapitalis","robots":{"index":"index","follow":"follow","max-snippet":"max-snippet:-1","max-image-preview":"max-image-preview:large","max-video-preview":"max-video-preview:-1"},"canonical":"https:\/\/kapitalis.com\/tunisie\/2021\/10\/06\/alpha-ford-organise-des-journee-portes-ouvertes-a-tunis\/","og_locale":"fr_FR","og_type":"article","og_title":"Alpha Ford organise des journ\u00e9e portes ouvertes \u00e0 Tunis - Kapitalis","og_description":"Alpha Ford a organis\u00e9 le 30 septembre 2021, en partenariat avec ATL Leasing, l\u2019\u00e9v\u00e9nement FORDeal \u00e0 son showroom des Berges du Lac de Tunis afin de pr\u00e9senter les caract\u00e9ristiques et avantages du Ford Transit Minibus 15 places.","og_url":"https:\/\/kapitalis.com\/tunisie\/2021\/10\/06\/alpha-ford-organise-des-journee-portes-ouvertes-a-tunis\/","og_site_name":"Kapitalis","article_publisher":"https:\/\/www.facebook.com\/KapitalisInfo\/","article_published_time":"2021-10-06T09:30:17+00:00","article_modified_time":"2021-10-06T09:32:17+00:00","og_image":[{"width":1200,"height":630,"url":"https:\/\/kapitalis.com\/tunisie\/wp-content\/uploads\/2022\/05\/kapitalis-logo-fb.png","type":"image\/png"}],"author":"webmaster kapitalis","twitter_card":"summary_large_image","twitter_creator":"@KapitalisInfo","twitter_site":"@KapitalisInfo","twitter_misc":{"\u00c9crit par":"webmaster kapitalis","Dur\u00e9e de lecture estim\u00e9e":"1 minute"},"schema":{"@context":"https:\/\/schema.org","@graph":[{"@type":"Article","@id":"https:\/\/kapitalis.com\/tunisie\/2021\/10\/06\/alpha-ford-organise-des-journee-portes-ouvertes-a-tunis\/#article","isPartOf":{"@id":"https:\/\/kapitalis.com\/tunisie\/2021\/10\/06\/alpha-ford-organise-des-journee-portes-ouvertes-a-tunis\/"},"author":{"name":"webmaster kapitalis","@id":"https:\/\/kapitalis.com\/tunisie\/#\/schema\/person\/d71f33a9ca44f7bad4698210b480c8e9"},"headline":"Alpha Ford organise des journ\u00e9e portes ouvertes \u00e0 Tunis","datePublished":"2021-10-06T09:30:17+00:00","dateModified":"2021-10-06T09:32:17+00:00","mainEntityOfPage":{"@id":"https:\/\/kapitalis.com\/tunisie\/2021\/10\/06\/alpha-ford-organise-des-journee-portes-ouvertes-a-tunis\/"},"wordCount":200,"commentCount":0,"publisher":{"@id":"https:\/\/kapitalis.com\/tunisie\/#organization"},"image":{"@id":"https:\/\/kapitalis.com\/tunisie\/2021\/10\/06\/alpha-ford-organise-des-journee-portes-ouvertes-a-tunis\/#primaryimage"},"thumbnailUrl":"","keywords":["Alpha Ford","ATL Leasing","Ford Transit Minibus","FORDeal","Tunisie"],"articleSection":["AUTO","CONSO","ECONOMIE","Tunisie"],"inLanguage":"fr-FR","potentialAction":[{"@type":"CommentAction","name":"Comment","target":["https:\/\/kapitalis.com\/tunisie\/2021\/10\/06\/alpha-ford-organise-des-journee-portes-ouvertes-a-tunis\/#respond"]}]},{"@type":"WebPage","@id":"https:\/\/kapitalis.com\/tunisie\/2021\/10\/06\/alpha-ford-organise-des-journee-portes-ouvertes-a-tunis\/","url":"https:\/\/kapitalis.com\/tunisie\/2021\/10\/06\/alpha-ford-organise-des-journee-portes-ouvertes-a-tunis\/","name":"Alpha Ford organise des journ\u00e9e portes ouvertes \u00e0 Tunis - Kapitalis","isPartOf":{"@id":"https:\/\/kapitalis.com\/tunisie\/#website"},"primaryImageOfPage":{"@id":"https:\/\/kapitalis.com\/tunisie\/2021\/10\/06\/alpha-ford-organise-des-journee-portes-ouvertes-a-tunis\/#primaryimage"},"image":{"@id":"https:\/\/kapitalis.com\/tunisie\/2021\/10\/06\/alpha-ford-organise-des-journee-portes-ouvertes-a-tunis\/#primaryimage"},"thumbnailUrl":"","datePublished":"2021-10-06T09:30:17+00:00","dateModified":"2021-10-06T09:32:17+00:00","breadcrumb":{"@id":"https:\/\/kapitalis.com\/tunisie\/2021\/10\/06\/alpha-ford-organise-des-journee-portes-ouvertes-a-tunis\/#breadcrumb"},"inLanguage":"fr-FR","potentialAction":[{"@type":"ReadAction","target":["https:\/\/kapitalis.com\/tunisie\/2021\/10\/06\/alpha-ford-organise-des-journee-portes-ouvertes-a-tunis\/"]}]},{"@type":"ImageObject","inLanguage":"fr-FR","@id":"https:\/\/kapitalis.com\/tunisie\/2021\/10\/06\/alpha-ford-organise-des-journee-portes-ouvertes-a-tunis\/#primaryimage","url":"","contentUrl":""},{"@type":"BreadcrumbList","@id":"https:\/\/kapitalis.com\/tunisie\/2021\/10\/06\/alpha-ford-organise-des-journee-portes-ouvertes-a-tunis\/#breadcrumb","itemListElement":[{"@type":"ListItem","position":1,"name":"Accueil","item":"https:\/\/kapitalis.com\/tunisie\/"},{"@type":"ListItem","position":2,"name":"Alpha Ford organise des journ\u00e9e portes ouvertes \u00e0 Tunis"}]},{"@type":"WebSite","@id":"https:\/\/kapitalis.com\/tunisie\/#website","url":"https:\/\/kapitalis.com\/tunisie\/","name":"Kapitalis","description":"L&#039;actualit\u00e9 en Tunisie et dans le monde","publisher":{"@id":"https:\/\/kapitalis.com\/tunisie\/#organization"},"potentialAction":[{"@type":"SearchAction","target":{"@type":"EntryPoint","urlTemplate":"https:\/\/kapitalis.com\/tunisie\/?s={search_term_string}"},"query-input":{"@type":"PropertyValueSpecification","valueRequired":true,"valueName":"search_term_string"}}],"inLanguage":"fr-FR"},{"@type":"Organization","@id":"https:\/\/kapitalis.com\/tunisie\/#organization","name":"Kapitalis","url":"https:\/\/kapitalis.com\/tunisie\/","logo":{"@type":"ImageObject","inLanguage":"fr-FR","@id":"https:\/\/kapitalis.com\/tunisie\/#\/schema\/logo\/image\/","url":"https:\/\/kapitalis.com\/tunisie\/wp-content\/uploads\/2022\/05\/Kapitalis-big-size.png","contentUrl":"https:\/\/kapitalis.com\/tunisie\/wp-content\/uploads\/2022\/05\/Kapitalis-big-size.png","width":5000,"height":1500,"caption":"Kapitalis"},"image":{"@id":"https:\/\/kapitalis.com\/tunisie\/#\/schema\/logo\/image\/"},"sameAs":["https:\/\/www.facebook.com\/KapitalisInfo\/","https:\/\/x.com\/KapitalisInfo","https:\/\/www.youtube.com\/channel\/UC-yDYrHyfFBWWZaOw3FPg9Q"]},{"@type":"Person","@id":"https:\/\/kapitalis.com\/tunisie\/#\/schema\/person\/d71f33a9ca44f7bad4698210b480c8e9","name":"webmaster kapitalis","url":"https:\/\/kapitalis.com\/tunisie\/author\/webmaster-kapitalis\/"}]}},"_links":{"self":[{"href":"https:\/\/kapitalis.com\/tunisie\/wp-json\/wp\/v2\/posts\/365284","targetHints":{"allow":["GET"]}}],"collection":[{"href":"https:\/\/kapitalis.com\/tunisie\/wp-json\/wp\/v2\/posts"}],"about":[{"href":"https:\/\/kapitalis.com\/tunisie\/wp-json\/wp\/v2\/types\/post"}],"author":[{"embeddable":true,"href":"https:\/\/kapitalis.com\/tunisie\/wp-json\/wp\/v2\/users\/8"}],"replies":[{"embeddable":true,"href":"https:\/\/kapitalis.com\/tunisie\/wp-json\/wp\/v2\/comments?post=365284"}],"version-history":[{"count":0,"href":"https:\/\/kapitalis.com\/tunisie\/wp-json\/wp\/v2\/posts\/365284\/revisions"}],"wp:featuredmedia":[{"embeddable":true,"href":"https:\/\/kapitalis.com\/tunisie\/wp-json\/wp\/v2\/media\/365287"}],"wp:attachment":[{"href":"https:\/\/kapitalis.com\/tunisie\/wp-json\/wp\/v2\/media?parent=365284"}],"wp:term":[{"taxonomy":"category","embeddable":true,"href":"https:\/\/kapitalis.com\/tunisie\/wp-json\/wp\/v2\/categories?post=365284"},{"taxonomy":"post_tag","embeddable":true,"href":"https:\/\/kapitalis.com\/tunisie\/wp-json\/wp\/v2\/tags?post=365284"}],"curies":[{"name":"wp","href":"https:\/\/api.w.org\/{rel}","templated":true}]}}