{"id":365761,"date":"2021-10-11T09:08:02","date_gmt":"2021-10-11T08:08:02","guid":{"rendered":"http:\/\/kapitalis.com\/tunisie\/?p=365761"},"modified":"2021-10-11T09:23:51","modified_gmt":"2021-10-11T08:23:51","slug":"ahmed-safi-said-jai-ecrit-30-livres-et-je-discute-avec-des-politiciens-qui-nont-pas-rempli-un-carnet","status":"publish","type":"post","link":"https:\/\/kapitalis.com\/tunisie\/2021\/10\/11\/ahmed-safi-said-jai-ecrit-30-livres-et-je-discute-avec-des-politiciens-qui-nont-pas-rempli-un-carnet\/","title":{"rendered":"Ahmed Safi Sa\u00efd : \u00abJ&rsquo;ai \u00e9crit 30 livres et je discute avec des politiciens qui n&rsquo;ont pas rempli un carnet\u00bb"},"content":{"rendered":"\n<div class=\"wp-block-image\"><figure class=\"aligncenter size-full\"><img decoding=\"async\" src=\"http:\/\/kapitalis.com\/tunisie\/wp-content\/uploads\/2021\/10\/Ahmed-Safi-Said-Mosaique.jpg\" alt=\"\" class=\"wp-image-365763\"\/><\/figure><\/div>\n\n\n\n<p><strong><em>Non, ce n&rsquo;est pas une boutade. Cette phrase a bel et bien \u00e9t\u00e9 prononc\u00e9e par le sulfureux Ahmed Safi Sa\u00efd, hier, dimanche 10 octobre 2021, dans \u00abJaoueb Hamza\u00bb, la nouvelle \u00e9mission politique dominicale de Mosa\u00efque FM, qui continue de faire la part belle aux imposteurs, non pas pour enrichir et \u00e9clairer le d\u00e9bat public mais pour faire de l&rsquo;audience en provoquant de soi-disant clashs.<\/em><\/strong><\/p>\n\n\n\n<p>Par <strong>Imed Bahri<\/strong><\/p>\n\n\n\n<!--more-->\n\n\n\n<p>Ahmed Safi Sa\u00efd, journaliste de son \u00e9tat, auteur de romans et d&rsquo;essais, r\u00e9cemment converti \u00e0 la politique, en acc\u00e9dant \u00e0 l&rsquo;Assembl\u00e9e gr\u00e2ce au mode de scrutin proportionnel permettant \u00e0 tous les jojos de se faire \u00e9lire avec quelques milliers de voix, a \u00e9t\u00e9 pr\u00e9sent\u00e9 par Hamza Belloumi, animateur de l&rsquo;\u00e9mission, comme <em>\u00abal moufakker al kabir\u00bb<\/em> (grand penseur), titre \u00f4 combien pompeux auquel m\u00eame Mohamed Talbi et Hichem Dja\u00eft n&rsquo;auraient pas os\u00e9 pr\u00e9tendre de leur vivant. D&rsquo;o\u00f9 lui vient la grandeur?<\/p>\n\n\n\n<p>Peut-\u00eatre que pour certains Tunisiens, \u00eatre le propagandiste attitr\u00e9 des dictateurs arabes, comme Mouammar Kadhafi, et le courtisan des affairistes \u00e0 la fortune douteuse comme Chafik Jarraya et Slim Riahi rel\u00e8ve de la grandeur? Celui dont la m\u00e9galomanie fait nourrir des ambitions nationales (il r\u00eave de prendre la place de Ka\u00efs Sa\u00efed) cache beaucoup de chose aux Tunisiens&#8230; Et quand on lui pose des questions trop pr\u00e9cises sur son pass\u00e9 obscur et son parcours sinueux, il entre dans une grande col\u00e8re et se met carr\u00e9ment \u00e0 insulter son interviewer. Hamza Belloumi n&rsquo;y a pas \u00e9chapp\u00e9, et c&rsquo;est bien m\u00e9rit\u00e9, serions-nous tent\u00e9s d&rsquo;ajouter.<\/p>\n\n\n\n<h2 class=\"wp-block-heading\">Un <em>\u00abroman personnel\u00bb<\/em> largement \u00e9dulcor\u00e9 <\/h2>\n\n\n\n<p>Le sulfureux personnage est venu principalement pour parler de son dernier ouvrage <em>\u00ab\u00a0Le b\u00e9ret du Commandant\u00a0\u00bb<\/em>, aussi volumineux (616 pages) qu&rsquo;indigeste, discuter de la conjoncture politique en Tunisie, et jouer, au passage (puisque c&rsquo;est la mode du moment), au sauveur de la d\u00e9mocratie mise en danger par Ka\u00efs Sa\u00efed. <\/p>\n\n\n\n<p>Le nationaliste arabe, qui aime se d\u00e9finir comme <em>\u00abtiers-mondiste\u00bb<\/em> et <em>\u00abanti-imp\u00e9rialiste\u00bb<\/em> (il vit encore, intellectuellement, dans les ann\u00e9es soixante du si\u00e8cle dernier), est un militant des h\u00f4tels hupp\u00e9s et des salons de th\u00e9 des Berges du Lac de Tunis. Il veut faire oublier son pass\u00e9 d&rsquo;apprenti putschiste, qui voulait faire tomber Bourguiba, et joue au d\u00e9mocrate de la 25e heure, en accusant Ka\u00efs Sa\u00efed de commettre un coup d\u2019\u00c9tat. Sauf que son pass\u00e9 le rattrape toujours, au tournant des discussions, puisqu&rsquo;il fut accus\u00e9, dans sa jeunesse, d&rsquo;avoir particip\u00e9 \u00e0 la tentative de d\u00e9stabilisation de la Tunisie foment\u00e9e par Kadhafi et ex\u00e9cut\u00e9e par des mercenaires tunisiens arm\u00e9s entr\u00e9s par la fronti\u00e8re alg\u00e9rienne pour occuper pendant plusieurs jours la ville de Gafsa. <\/p>\n\n\n\n<p>C&rsquo;\u00e9tait en janvier 1980, date qui constituera un tournant dans sa vie puisqu&rsquo;elle inaugurera un long exil qui le m\u00e8nera de l&rsquo;Alg\u00e9rie \u00e0 la France en passant par le Liban o\u00f9 il s\u00e9journera durant la guerre civile, dans les ann\u00e9es 1980. Bien s\u00fbr, Ahmed Safi Sa\u00efd, dont les affinit\u00e9s kadhafiennes sont un secret de polichinelle, puisqu&rsquo;elles sont ostentatoirement affich\u00e9es et durablement inscrites dans ses publications, continue de nier, en criant et en vocif\u00e9rant, toute implication dans cette attaque contre&#8230; son pays et sa ville natale, Gafsa, mais son long exil contraint et son retour rocambolesque au pays au milieu des ann\u00e9es 1990, sur les circonstances duquel on ne s&rsquo;attardera pas (en tout cas pour le moment), ne plaident pas pour la v\u00e9racit\u00e9 de son <em>\u00abroman personnel\u00bb.<\/em><\/p>\n\n\n\n<p>Heureusement pour lui, les journalistes complaisants ou l\u00e2ches (qui craignent ses insultes et ses acc\u00e8s de col\u00e8re au cours desquels il devient carr\u00e9ment grossier) n&rsquo;osent pas lui poser les questions qui le g\u00eanent ou avalent ses fausses affirmations comme parole d&rsquo;\u00e9vangile. Il l&rsquo;aident ainsi \u00e0 faire oublier son pass\u00e9 encombrant <em>\u00abbi jarrat qalam\u00bb<\/em> (avec un trait de crayon) pour reprendre l&rsquo;expression f\u00e9tiche de Mohamed Fadhel Abdelk\u00e9fi, le pr\u00e9sident du parti Afek Tounes.<\/p>\n\n\n\n<p>C&rsquo;est ainsi que Ahmed Safi Sa\u00efd parvient \u00e0 cacher beaucoup de choses aux Tunisiens comme, par exemple, les circonstances abracadabrantesques dans lesquelles il a quitt\u00e9 Beyrouth pour Paris, en France, le pays qu&rsquo;il d\u00e9teste cordialement et dont il n&rsquo;a de cesse de d\u00e9noncer l&rsquo;imp\u00e9rialisme.<\/p>\n\n\n\n<p>En fait, le sulfureux journaliste a \u00e9t\u00e9 contraint de quitter le Liban, pour une raison scabreuse que l&rsquo;on pr\u00e9f\u00e8re passer sous silence, mais il ne pouvait pas rentrer en Tunisie, o\u00f9 il aurait \u00e9t\u00e9 incarc\u00e9r\u00e9 d&rsquo;office. Et c&rsquo;est ainsi que ses amis de l&rsquo;OLP l&rsquo;ont aid\u00e9 \u00e0 s&rsquo;installer dans la capitale fran\u00e7aise et \u00e0 y lancer plusieurs magazines enti\u00e8rement d\u00e9vou\u00e9s \u00e0 faire la propagande des dictateurs arabes.<\/p>\n\n\n\n<h2 class=\"wp-block-heading\">L&rsquo;homme qui avance masqu\u00e9 <\/h2>\n\n\n\n<p>Ingrat, le nationaliste arabe <a href=\"http:\/\/kapitalis.com\/tunisie\/2021\/09\/11\/ahmed-safi-said-le-bureau-de-loif-en-tunisie-est-une-officine-des-services-secrets-francais-video\/\" target=\"_blank\" rel=\"noreferrer noopener\">insulte aujourd&rsquo;hui la France<\/a> qui avait pourtant accept\u00e9 de le recevoir alors que personne ne voulait de lui. Il joue au r\u00e9volutionnaire et veut faire croire aux Tunisiens, et surtout aux incultes parmi eux et aux jeunes na\u00effs, qu&rsquo;il est un intellectuel engag\u00e9 et un homme d&rsquo;id\u00e9es, tout en cachant soigneusement son c\u00f4t\u00e9 v\u00e9nal de journaliste mercenaire pr\u00eat \u00e0 vous<em> \u00abvendre\u00bb<\/em> les plus atroces dictateurs dans un emballage de po\u00e9sie r\u00e9volutionnaire. Car le <em>\u00abr\u00e9volutionnaire professionnel\u00bb<\/em> a un grand amour pour l&rsquo;argent facilement gagn\u00e9 et un go\u00fbt prononc\u00e9 du luxe. Ses relations sonnantes et tr\u00e9buchantes avec les affairistes v\u00e9reux, comme Chafik Jarraya ou Slim Riahi, aujourd&rsquo;hui en prison ou en fuite \u00e0 l&rsquo;\u00e9tranger, sont de notori\u00e9t\u00e9 publique&nbsp;: il ne d\u00e9daignait pas de fumer avec eux les gros cigares dans les palaces de Tunis.<\/p>\n\n\n\n<p>C&rsquo;est cet homme louche, avan\u00e7ant masqu\u00e9, qui veut devenir pr\u00e9sident de la r\u00e9publique. Et se voit d\u00e9j\u00e0 au Palais de Carthage. Pour y parvenir, il hante les stations radios et les plateaux t\u00e9l\u00e9, multiplie les <a href=\"http:\/\/kapitalis.com\/tunisie\/2021\/03\/31\/ahmed-safi-said-drague-les-islamistes-pour-detroner-kais-saied\/\" target=\"_blank\" rel=\"noreferrer noopener\">alliances douteuses, notamment avec le parti islamiste Ennahdha<\/a>, et parvient \u00e0 faire figurer son nom dans le hit-parade des hommes politiques les plus populaires dress\u00e9 par les instituts de sondage.<\/p>\n\n\n\n<p>Ne reculant devant aucune \u00e9normit\u00e9 et ne craignant pas le ridicule, Ahmed Safi Sa\u00efd, le <em>\u00abmoufakker kabir\u00bb<\/em> de Hamza Belloumi, s&rsquo;est vant\u00e9 hier d&rsquo;avoir \u00e9crit une trentaine d&rsquo;ouvrages et de parler \u00e0 des politiciens qui n&rsquo;ont pas rempli un minable petit carnet (<em>\u00abkonnach\u00bb<\/em> en arabe), comme si la litt\u00e9rature, et dans son cas la mauvaise litt\u00e9rature, \u00e9tait l&rsquo;antichambre du pouvoir ou une garantie de comp\u00e9tence politique.<\/p>\n\n\n\n<p>Dans son entretien d&rsquo;hier, Ahmed Safi Sa\u00efd a aussi d\u00e9clar\u00e9 que Ka\u00efs Sa\u00efed ne peut pas devenir un dictateur et son <em>\u00abcoup d&rsquo;Etat\u00bb <\/em>ne peut aboutir qu&rsquo;\u00e0 une <em>\u00abdictature castr\u00e9e\u00bb <\/em>(autre p\u00e9pite qui restera dans les annales de la science politique)<em>, <\/em>recourant ainsi comme \u00e0 son habitude \u00e0 une m\u00e9taphore \u00e0 caract\u00e8re sexuel qui en dit long sur sa personnalit\u00e9.<\/p>\n\n\n\n<p>L&rsquo;auteur du <em>\u00ab\u00a0B\u00e9ret du Commandant\u00a0\u00bb<\/em> serait donc m\u00e9galomane, v\u00e9nal, arrogant, imposteur mais aussi vicieux et machiste. Sont-ce l\u00e0 les qualit\u00e9s premi\u00e8res que l&rsquo;on est en droit d&rsquo;exiger d&rsquo;un futur pr\u00e9sident?<\/p>\n\n\n\n<h4 class=\"wp-block-heading\"><em>Articles li\u00e9s: <\/em><\/h4>\n\n\n\n<p><blockquote class=\"wp-embedded-content\" data-secret=\"NK1foJTSPf\"><a href=\"https:\/\/kapitalis.com\/tunisie\/2021\/09\/26\/ahmed-safi-said-veut-nationaliser-les-societes-de-telecommunication-video\/\">Ahmed Safi Sa\u00efd veut nationaliser les soci\u00e9t\u00e9s de t\u00e9l\u00e9communication (vid\u00e9o)<\/a><\/blockquote><iframe loading=\"lazy\" class=\"wp-embedded-content\" sandbox=\"allow-scripts\" security=\"restricted\" style=\"position: absolute; clip: rect(1px, 1px, 1px, 1px);\" title=\"\u00ab\u00a0Ahmed Safi Sa\u00efd veut nationaliser les soci\u00e9t\u00e9s de t\u00e9l\u00e9communication (vid\u00e9o)\u00a0\u00bb &#8212; Kapitalis\" src=\"https:\/\/kapitalis.com\/tunisie\/2021\/09\/26\/ahmed-safi-said-veut-nationaliser-les-societes-de-telecommunication-video\/embed\/#?secret=cFnS2LYJnd#?secret=NK1foJTSPf\" data-secret=\"NK1foJTSPf\" width=\"600\" height=\"338\" frameborder=\"0\" marginwidth=\"0\" marginheight=\"0\" scrolling=\"no\"><\/iframe><\/p>\n\n\n\n<p><blockquote class=\"wp-embedded-content\" data-secret=\"Uayv7ArvA6\"><a href=\"https:\/\/kapitalis.com\/tunisie\/2021\/09\/19\/ahmed-safi-said-pleure-la-democratie-a-lavenue-bourguiba\/\">Ahmed Safi Sa\u00efd pleure la d\u00e9mocratie \u00e0 l&rsquo;Avenue Bourguiba!<\/a><\/blockquote><iframe loading=\"lazy\" class=\"wp-embedded-content\" sandbox=\"allow-scripts\" security=\"restricted\" style=\"position: absolute; clip: rect(1px, 1px, 1px, 1px);\" title=\"\u00ab\u00a0Ahmed Safi Sa\u00efd pleure la d\u00e9mocratie \u00e0 l&rsquo;Avenue Bourguiba!\u00a0\u00bb &#8212; Kapitalis\" src=\"https:\/\/kapitalis.com\/tunisie\/2021\/09\/19\/ahmed-safi-said-pleure-la-democratie-a-lavenue-bourguiba\/embed\/#?secret=DZTg4EcEzL#?secret=Uayv7ArvA6\" data-secret=\"Uayv7ArvA6\" width=\"600\" height=\"338\" frameborder=\"0\" marginwidth=\"0\" marginheight=\"0\" scrolling=\"no\"><\/iframe><\/p>\n\n\n\n<p><blockquote class=\"wp-embedded-content\" data-secret=\"wdx3eky4xU\"><a href=\"https:\/\/kapitalis.com\/tunisie\/2021\/04\/06\/boubaker-sghaier-ahmed-safi-said-voulait-ecrire-le-livre-dor-de-ben-ali\/\">Boubaker Sgha\u00efer : \u00abAhmed Safi Sa\u00efd voulait \u00e9crire Le livre d&rsquo;or de Ben Ali\u00bb<\/a><\/blockquote><iframe loading=\"lazy\" class=\"wp-embedded-content\" sandbox=\"allow-scripts\" security=\"restricted\" style=\"position: absolute; clip: rect(1px, 1px, 1px, 1px);\" title=\"\u00ab\u00a0Boubaker Sgha\u00efer : \u00abAhmed Safi Sa\u00efd voulait \u00e9crire Le livre d&rsquo;or de Ben Ali\u00bb\u00a0\u00bb &#8212; Kapitalis\" src=\"https:\/\/kapitalis.com\/tunisie\/2021\/04\/06\/boubaker-sghaier-ahmed-safi-said-voulait-ecrire-le-livre-dor-de-ben-ali\/embed\/#?secret=pBayUx7Gce#?secret=wdx3eky4xU\" data-secret=\"wdx3eky4xU\" width=\"600\" height=\"338\" frameborder=\"0\" marginwidth=\"0\" marginheight=\"0\" scrolling=\"no\"><\/iframe><\/p>\n","protected":false},"excerpt":{"rendered":"<p>Non, ce n&rsquo;est pas une boutade. Cette phrase a bel et bien \u00e9t\u00e9 prononc\u00e9e par le sulfureux Ahmed Safi Sa\u00efd, hier, dimanche 10 octobre 2021, dans \u00abJaoueb Hamza\u00bb, la nouvelle \u00e9mission politique dominicale de Mosa\u00efque FM, qui continue de faire la part belle aux imposteurs, non pas pour enrichir et \u00e9clairer le d\u00e9bat public mais&#8230;<\/p>\n","protected":false},"author":8,"featured_media":365763,"comment_status":"open","ping_status":"open","sticky":false,"template":"","format":"standard","meta":{"footnotes":""},"categories":[992,996,997,2433],"tags":[93462,2594,49543,407,2103,70520,1642,62643],"class_list":["post-365761","post","type-post","status-publish","format-standard","has-post-thumbnail","hentry","category-a-la-une","category-media","category-politique","category-tunisie","tag-ahmed-safi-said-2","tag-chafik-jarraya","tag-ennahdha","tag-gafsa","tag-hamza-belloumi","tag-kais-saied-3","tag-slim-riahi","tag-tunisie"],"yoast_head":"<!-- This site is optimized with the Yoast SEO plugin v26.6 - https:\/\/yoast.com\/wordpress\/plugins\/seo\/ -->\n<title>Ahmed Safi Sa\u00efd : \u00abJ&#039;ai \u00e9crit 30 livres et je discute avec des politiciens qui n&#039;ont pas rempli un carnet\u00bb - Kapitalis<\/title>\n<meta name=\"robots\" content=\"index, follow, max-snippet:-1, max-image-preview:large, max-video-preview:-1\" \/>\n<link rel=\"canonical\" href=\"https:\/\/kapitalis.com\/tunisie\/2021\/10\/11\/ahmed-safi-said-jai-ecrit-30-livres-et-je-discute-avec-des-politiciens-qui-nont-pas-rempli-un-carnet\/\" \/>\n<meta property=\"og:locale\" content=\"fr_FR\" \/>\n<meta property=\"og:type\" content=\"article\" \/>\n<meta property=\"og:title\" content=\"Ahmed Safi Sa\u00efd : \u00abJ&#039;ai \u00e9crit 30 livres et je discute avec des politiciens qui n&#039;ont pas rempli un carnet\u00bb - Kapitalis\" \/>\n<meta property=\"og:description\" content=\"Non, ce n&rsquo;est pas une boutade. Cette phrase a bel et bien \u00e9t\u00e9 prononc\u00e9e par le sulfureux Ahmed Safi Sa\u00efd, hier, dimanche 10 octobre 2021, dans \u00abJaoueb Hamza\u00bb, la nouvelle \u00e9mission politique dominicale de Mosa\u00efque FM, qui continue de faire la part belle aux imposteurs, non pas pour enrichir et \u00e9clairer le d\u00e9bat public mais...\" \/>\n<meta property=\"og:url\" content=\"https:\/\/kapitalis.com\/tunisie\/2021\/10\/11\/ahmed-safi-said-jai-ecrit-30-livres-et-je-discute-avec-des-politiciens-qui-nont-pas-rempli-un-carnet\/\" \/>\n<meta property=\"og:site_name\" content=\"Kapitalis\" \/>\n<meta property=\"article:publisher\" content=\"https:\/\/www.facebook.com\/KapitalisInfo\/\" \/>\n<meta property=\"article:published_time\" content=\"2021-10-11T08:08:02+00:00\" \/>\n<meta property=\"article:modified_time\" content=\"2021-10-11T08:23:51+00:00\" \/>\n<meta property=\"og:image\" content=\"https:\/\/kapitalis.com\/tunisie\/wp-content\/uploads\/2022\/05\/kapitalis-logo-fb.png\" \/>\n\t<meta property=\"og:image:width\" content=\"1200\" \/>\n\t<meta property=\"og:image:height\" content=\"630\" \/>\n\t<meta property=\"og:image:type\" content=\"image\/png\" \/>\n<meta name=\"author\" content=\"webmaster kapitalis\" \/>\n<meta name=\"twitter:card\" content=\"summary_large_image\" \/>\n<meta name=\"twitter:creator\" content=\"@KapitalisInfo\" \/>\n<meta name=\"twitter:site\" content=\"@KapitalisInfo\" \/>\n<meta name=\"twitter:label1\" content=\"\u00c9crit par\" \/>\n\t<meta name=\"twitter:data1\" content=\"webmaster kapitalis\" \/>\n\t<meta name=\"twitter:label2\" content=\"Dur\u00e9e de lecture estim\u00e9e\" \/>\n\t<meta name=\"twitter:data2\" content=\"6 minutes\" \/>\n<script type=\"application\/ld+json\" class=\"yoast-schema-graph\">{\"@context\":\"https:\/\/schema.org\",\"@graph\":[{\"@type\":\"Article\",\"@id\":\"https:\/\/kapitalis.com\/tunisie\/2021\/10\/11\/ahmed-safi-said-jai-ecrit-30-livres-et-je-discute-avec-des-politiciens-qui-nont-pas-rempli-un-carnet\/#article\",\"isPartOf\":{\"@id\":\"https:\/\/kapitalis.com\/tunisie\/2021\/10\/11\/ahmed-safi-said-jai-ecrit-30-livres-et-je-discute-avec-des-politiciens-qui-nont-pas-rempli-un-carnet\/\"},\"author\":{\"name\":\"webmaster kapitalis\",\"@id\":\"https:\/\/kapitalis.com\/tunisie\/#\/schema\/person\/d71f33a9ca44f7bad4698210b480c8e9\"},\"headline\":\"Ahmed Safi Sa\u00efd : \u00abJ&rsquo;ai \u00e9crit 30 livres et je discute avec des politiciens qui n&rsquo;ont pas rempli un carnet\u00bb\",\"datePublished\":\"2021-10-11T08:08:02+00:00\",\"dateModified\":\"2021-10-11T08:23:51+00:00\",\"mainEntityOfPage\":{\"@id\":\"https:\/\/kapitalis.com\/tunisie\/2021\/10\/11\/ahmed-safi-said-jai-ecrit-30-livres-et-je-discute-avec-des-politiciens-qui-nont-pas-rempli-un-carnet\/\"},\"wordCount\":1222,\"commentCount\":11,\"publisher\":{\"@id\":\"https:\/\/kapitalis.com\/tunisie\/#organization\"},\"image\":{\"@id\":\"https:\/\/kapitalis.com\/tunisie\/2021\/10\/11\/ahmed-safi-said-jai-ecrit-30-livres-et-je-discute-avec-des-politiciens-qui-nont-pas-rempli-un-carnet\/#primaryimage\"},\"thumbnailUrl\":\"\",\"keywords\":[\"Ahmed Safi Said\",\"Chafik Jarraya\",\"Ennahdha\",\"Gafsa\",\"Hamza Belloumi\",\"Kais Saied\",\"Slim Riahi\",\"Tunisie\"],\"articleSection\":[\"A LA UNE\",\"MEDIA\",\"POLITIQUE\",\"Tunisie\"],\"inLanguage\":\"fr-FR\",\"potentialAction\":[{\"@type\":\"CommentAction\",\"name\":\"Comment\",\"target\":[\"https:\/\/kapitalis.com\/tunisie\/2021\/10\/11\/ahmed-safi-said-jai-ecrit-30-livres-et-je-discute-avec-des-politiciens-qui-nont-pas-rempli-un-carnet\/#respond\"]}]},{\"@type\":\"WebPage\",\"@id\":\"https:\/\/kapitalis.com\/tunisie\/2021\/10\/11\/ahmed-safi-said-jai-ecrit-30-livres-et-je-discute-avec-des-politiciens-qui-nont-pas-rempli-un-carnet\/\",\"url\":\"https:\/\/kapitalis.com\/tunisie\/2021\/10\/11\/ahmed-safi-said-jai-ecrit-30-livres-et-je-discute-avec-des-politiciens-qui-nont-pas-rempli-un-carnet\/\",\"name\":\"Ahmed Safi Sa\u00efd : \u00abJ'ai \u00e9crit 30 livres et je discute avec des politiciens qui n'ont pas rempli un carnet\u00bb - Kapitalis\",\"isPartOf\":{\"@id\":\"https:\/\/kapitalis.com\/tunisie\/#website\"},\"primaryImageOfPage\":{\"@id\":\"https:\/\/kapitalis.com\/tunisie\/2021\/10\/11\/ahmed-safi-said-jai-ecrit-30-livres-et-je-discute-avec-des-politiciens-qui-nont-pas-rempli-un-carnet\/#primaryimage\"},\"image\":{\"@id\":\"https:\/\/kapitalis.com\/tunisie\/2021\/10\/11\/ahmed-safi-said-jai-ecrit-30-livres-et-je-discute-avec-des-politiciens-qui-nont-pas-rempli-un-carnet\/#primaryimage\"},\"thumbnailUrl\":\"\",\"datePublished\":\"2021-10-11T08:08:02+00:00\",\"dateModified\":\"2021-10-11T08:23:51+00:00\",\"breadcrumb\":{\"@id\":\"https:\/\/kapitalis.com\/tunisie\/2021\/10\/11\/ahmed-safi-said-jai-ecrit-30-livres-et-je-discute-avec-des-politiciens-qui-nont-pas-rempli-un-carnet\/#breadcrumb\"},\"inLanguage\":\"fr-FR\",\"potentialAction\":[{\"@type\":\"ReadAction\",\"target\":[\"https:\/\/kapitalis.com\/tunisie\/2021\/10\/11\/ahmed-safi-said-jai-ecrit-30-livres-et-je-discute-avec-des-politiciens-qui-nont-pas-rempli-un-carnet\/\"]}]},{\"@type\":\"ImageObject\",\"inLanguage\":\"fr-FR\",\"@id\":\"https:\/\/kapitalis.com\/tunisie\/2021\/10\/11\/ahmed-safi-said-jai-ecrit-30-livres-et-je-discute-avec-des-politiciens-qui-nont-pas-rempli-un-carnet\/#primaryimage\",\"url\":\"\",\"contentUrl\":\"\"},{\"@type\":\"BreadcrumbList\",\"@id\":\"https:\/\/kapitalis.com\/tunisie\/2021\/10\/11\/ahmed-safi-said-jai-ecrit-30-livres-et-je-discute-avec-des-politiciens-qui-nont-pas-rempli-un-carnet\/#breadcrumb\",\"itemListElement\":[{\"@type\":\"ListItem\",\"position\":1,\"name\":\"Accueil\",\"item\":\"https:\/\/kapitalis.com\/tunisie\/\"},{\"@type\":\"ListItem\",\"position\":2,\"name\":\"Ahmed Safi Sa\u00efd : \u00abJ&rsquo;ai \u00e9crit 30 livres et je discute avec des politiciens qui n&rsquo;ont pas rempli un carnet\u00bb\"}]},{\"@type\":\"WebSite\",\"@id\":\"https:\/\/kapitalis.com\/tunisie\/#website\",\"url\":\"https:\/\/kapitalis.com\/tunisie\/\",\"name\":\"Kapitalis\",\"description\":\"L&#039;actualit\u00e9 en Tunisie et dans le monde\",\"publisher\":{\"@id\":\"https:\/\/kapitalis.com\/tunisie\/#organization\"},\"potentialAction\":[{\"@type\":\"SearchAction\",\"target\":{\"@type\":\"EntryPoint\",\"urlTemplate\":\"https:\/\/kapitalis.com\/tunisie\/?s={search_term_string}\"},\"query-input\":{\"@type\":\"PropertyValueSpecification\",\"valueRequired\":true,\"valueName\":\"search_term_string\"}}],\"inLanguage\":\"fr-FR\"},{\"@type\":\"Organization\",\"@id\":\"https:\/\/kapitalis.com\/tunisie\/#organization\",\"name\":\"Kapitalis\",\"url\":\"https:\/\/kapitalis.com\/tunisie\/\",\"logo\":{\"@type\":\"ImageObject\",\"inLanguage\":\"fr-FR\",\"@id\":\"https:\/\/kapitalis.com\/tunisie\/#\/schema\/logo\/image\/\",\"url\":\"https:\/\/kapitalis.com\/tunisie\/wp-content\/uploads\/2022\/05\/Kapitalis-big-size.png\",\"contentUrl\":\"https:\/\/kapitalis.com\/tunisie\/wp-content\/uploads\/2022\/05\/Kapitalis-big-size.png\",\"width\":5000,\"height\":1500,\"caption\":\"Kapitalis\"},\"image\":{\"@id\":\"https:\/\/kapitalis.com\/tunisie\/#\/schema\/logo\/image\/\"},\"sameAs\":[\"https:\/\/www.facebook.com\/KapitalisInfo\/\",\"https:\/\/x.com\/KapitalisInfo\",\"https:\/\/www.youtube.com\/channel\/UC-yDYrHyfFBWWZaOw3FPg9Q\"]},{\"@type\":\"Person\",\"@id\":\"https:\/\/kapitalis.com\/tunisie\/#\/schema\/person\/d71f33a9ca44f7bad4698210b480c8e9\",\"name\":\"webmaster kapitalis\",\"url\":\"https:\/\/kapitalis.com\/tunisie\/author\/webmaster-kapitalis\/\"}]}<\/script>\n<!-- \/ Yoast SEO plugin. -->","yoast_head_json":{"title":"Ahmed Safi Sa\u00efd : \u00abJ'ai \u00e9crit 30 livres et je discute avec des politiciens qui n'ont pas rempli un carnet\u00bb - Kapitalis","robots":{"index":"index","follow":"follow","max-snippet":"max-snippet:-1","max-image-preview":"max-image-preview:large","max-video-preview":"max-video-preview:-1"},"canonical":"https:\/\/kapitalis.com\/tunisie\/2021\/10\/11\/ahmed-safi-said-jai-ecrit-30-livres-et-je-discute-avec-des-politiciens-qui-nont-pas-rempli-un-carnet\/","og_locale":"fr_FR","og_type":"article","og_title":"Ahmed Safi Sa\u00efd : \u00abJ'ai \u00e9crit 30 livres et je discute avec des politiciens qui n'ont pas rempli un carnet\u00bb - Kapitalis","og_description":"Non, ce n&rsquo;est pas une boutade. Cette phrase a bel et bien \u00e9t\u00e9 prononc\u00e9e par le sulfureux Ahmed Safi Sa\u00efd, hier, dimanche 10 octobre 2021, dans \u00abJaoueb Hamza\u00bb, la nouvelle \u00e9mission politique dominicale de Mosa\u00efque FM, qui continue de faire la part belle aux imposteurs, non pas pour enrichir et \u00e9clairer le d\u00e9bat public mais...","og_url":"https:\/\/kapitalis.com\/tunisie\/2021\/10\/11\/ahmed-safi-said-jai-ecrit-30-livres-et-je-discute-avec-des-politiciens-qui-nont-pas-rempli-un-carnet\/","og_site_name":"Kapitalis","article_publisher":"https:\/\/www.facebook.com\/KapitalisInfo\/","article_published_time":"2021-10-11T08:08:02+00:00","article_modified_time":"2021-10-11T08:23:51+00:00","og_image":[{"width":1200,"height":630,"url":"https:\/\/kapitalis.com\/tunisie\/wp-content\/uploads\/2022\/05\/kapitalis-logo-fb.png","type":"image\/png"}],"author":"webmaster kapitalis","twitter_card":"summary_large_image","twitter_creator":"@KapitalisInfo","twitter_site":"@KapitalisInfo","twitter_misc":{"\u00c9crit par":"webmaster kapitalis","Dur\u00e9e de lecture estim\u00e9e":"6 minutes"},"schema":{"@context":"https:\/\/schema.org","@graph":[{"@type":"Article","@id":"https:\/\/kapitalis.com\/tunisie\/2021\/10\/11\/ahmed-safi-said-jai-ecrit-30-livres-et-je-discute-avec-des-politiciens-qui-nont-pas-rempli-un-carnet\/#article","isPartOf":{"@id":"https:\/\/kapitalis.com\/tunisie\/2021\/10\/11\/ahmed-safi-said-jai-ecrit-30-livres-et-je-discute-avec-des-politiciens-qui-nont-pas-rempli-un-carnet\/"},"author":{"name":"webmaster kapitalis","@id":"https:\/\/kapitalis.com\/tunisie\/#\/schema\/person\/d71f33a9ca44f7bad4698210b480c8e9"},"headline":"Ahmed Safi Sa\u00efd : \u00abJ&rsquo;ai \u00e9crit 30 livres et je discute avec des politiciens qui n&rsquo;ont pas rempli un carnet\u00bb","datePublished":"2021-10-11T08:08:02+00:00","dateModified":"2021-10-11T08:23:51+00:00","mainEntityOfPage":{"@id":"https:\/\/kapitalis.com\/tunisie\/2021\/10\/11\/ahmed-safi-said-jai-ecrit-30-livres-et-je-discute-avec-des-politiciens-qui-nont-pas-rempli-un-carnet\/"},"wordCount":1222,"commentCount":11,"publisher":{"@id":"https:\/\/kapitalis.com\/tunisie\/#organization"},"image":{"@id":"https:\/\/kapitalis.com\/tunisie\/2021\/10\/11\/ahmed-safi-said-jai-ecrit-30-livres-et-je-discute-avec-des-politiciens-qui-nont-pas-rempli-un-carnet\/#primaryimage"},"thumbnailUrl":"","keywords":["Ahmed Safi Said","Chafik Jarraya","Ennahdha","Gafsa","Hamza Belloumi","Kais Saied","Slim Riahi","Tunisie"],"articleSection":["A LA UNE","MEDIA","POLITIQUE","Tunisie"],"inLanguage":"fr-FR","potentialAction":[{"@type":"CommentAction","name":"Comment","target":["https:\/\/kapitalis.com\/tunisie\/2021\/10\/11\/ahmed-safi-said-jai-ecrit-30-livres-et-je-discute-avec-des-politiciens-qui-nont-pas-rempli-un-carnet\/#respond"]}]},{"@type":"WebPage","@id":"https:\/\/kapitalis.com\/tunisie\/2021\/10\/11\/ahmed-safi-said-jai-ecrit-30-livres-et-je-discute-avec-des-politiciens-qui-nont-pas-rempli-un-carnet\/","url":"https:\/\/kapitalis.com\/tunisie\/2021\/10\/11\/ahmed-safi-said-jai-ecrit-30-livres-et-je-discute-avec-des-politiciens-qui-nont-pas-rempli-un-carnet\/","name":"Ahmed Safi Sa\u00efd : \u00abJ'ai \u00e9crit 30 livres et je discute avec des politiciens qui n'ont pas rempli un carnet\u00bb - Kapitalis","isPartOf":{"@id":"https:\/\/kapitalis.com\/tunisie\/#website"},"primaryImageOfPage":{"@id":"https:\/\/kapitalis.com\/tunisie\/2021\/10\/11\/ahmed-safi-said-jai-ecrit-30-livres-et-je-discute-avec-des-politiciens-qui-nont-pas-rempli-un-carnet\/#primaryimage"},"image":{"@id":"https:\/\/kapitalis.com\/tunisie\/2021\/10\/11\/ahmed-safi-said-jai-ecrit-30-livres-et-je-discute-avec-des-politiciens-qui-nont-pas-rempli-un-carnet\/#primaryimage"},"thumbnailUrl":"","datePublished":"2021-10-11T08:08:02+00:00","dateModified":"2021-10-11T08:23:51+00:00","breadcrumb":{"@id":"https:\/\/kapitalis.com\/tunisie\/2021\/10\/11\/ahmed-safi-said-jai-ecrit-30-livres-et-je-discute-avec-des-politiciens-qui-nont-pas-rempli-un-carnet\/#breadcrumb"},"inLanguage":"fr-FR","potentialAction":[{"@type":"ReadAction","target":["https:\/\/kapitalis.com\/tunisie\/2021\/10\/11\/ahmed-safi-said-jai-ecrit-30-livres-et-je-discute-avec-des-politiciens-qui-nont-pas-rempli-un-carnet\/"]}]},{"@type":"ImageObject","inLanguage":"fr-FR","@id":"https:\/\/kapitalis.com\/tunisie\/2021\/10\/11\/ahmed-safi-said-jai-ecrit-30-livres-et-je-discute-avec-des-politiciens-qui-nont-pas-rempli-un-carnet\/#primaryimage","url":"","contentUrl":""},{"@type":"BreadcrumbList","@id":"https:\/\/kapitalis.com\/tunisie\/2021\/10\/11\/ahmed-safi-said-jai-ecrit-30-livres-et-je-discute-avec-des-politiciens-qui-nont-pas-rempli-un-carnet\/#breadcrumb","itemListElement":[{"@type":"ListItem","position":1,"name":"Accueil","item":"https:\/\/kapitalis.com\/tunisie\/"},{"@type":"ListItem","position":2,"name":"Ahmed Safi Sa\u00efd : \u00abJ&rsquo;ai \u00e9crit 30 livres et je discute avec des politiciens qui n&rsquo;ont pas rempli un carnet\u00bb"}]},{"@type":"WebSite","@id":"https:\/\/kapitalis.com\/tunisie\/#website","url":"https:\/\/kapitalis.com\/tunisie\/","name":"Kapitalis","description":"L&#039;actualit\u00e9 en Tunisie et dans le monde","publisher":{"@id":"https:\/\/kapitalis.com\/tunisie\/#organization"},"potentialAction":[{"@type":"SearchAction","target":{"@type":"EntryPoint","urlTemplate":"https:\/\/kapitalis.com\/tunisie\/?s={search_term_string}"},"query-input":{"@type":"PropertyValueSpecification","valueRequired":true,"valueName":"search_term_string"}}],"inLanguage":"fr-FR"},{"@type":"Organization","@id":"https:\/\/kapitalis.com\/tunisie\/#organization","name":"Kapitalis","url":"https:\/\/kapitalis.com\/tunisie\/","logo":{"@type":"ImageObject","inLanguage":"fr-FR","@id":"https:\/\/kapitalis.com\/tunisie\/#\/schema\/logo\/image\/","url":"https:\/\/kapitalis.com\/tunisie\/wp-content\/uploads\/2022\/05\/Kapitalis-big-size.png","contentUrl":"https:\/\/kapitalis.com\/tunisie\/wp-content\/uploads\/2022\/05\/Kapitalis-big-size.png","width":5000,"height":1500,"caption":"Kapitalis"},"image":{"@id":"https:\/\/kapitalis.com\/tunisie\/#\/schema\/logo\/image\/"},"sameAs":["https:\/\/www.facebook.com\/KapitalisInfo\/","https:\/\/x.com\/KapitalisInfo","https:\/\/www.youtube.com\/channel\/UC-yDYrHyfFBWWZaOw3FPg9Q"]},{"@type":"Person","@id":"https:\/\/kapitalis.com\/tunisie\/#\/schema\/person\/d71f33a9ca44f7bad4698210b480c8e9","name":"webmaster kapitalis","url":"https:\/\/kapitalis.com\/tunisie\/author\/webmaster-kapitalis\/"}]}},"_links":{"self":[{"href":"https:\/\/kapitalis.com\/tunisie\/wp-json\/wp\/v2\/posts\/365761","targetHints":{"allow":["GET"]}}],"collection":[{"href":"https:\/\/kapitalis.com\/tunisie\/wp-json\/wp\/v2\/posts"}],"about":[{"href":"https:\/\/kapitalis.com\/tunisie\/wp-json\/wp\/v2\/types\/post"}],"author":[{"embeddable":true,"href":"https:\/\/kapitalis.com\/tunisie\/wp-json\/wp\/v2\/users\/8"}],"replies":[{"embeddable":true,"href":"https:\/\/kapitalis.com\/tunisie\/wp-json\/wp\/v2\/comments?post=365761"}],"version-history":[{"count":0,"href":"https:\/\/kapitalis.com\/tunisie\/wp-json\/wp\/v2\/posts\/365761\/revisions"}],"wp:featuredmedia":[{"embeddable":true,"href":"https:\/\/kapitalis.com\/tunisie\/wp-json\/wp\/v2\/media\/365763"}],"wp:attachment":[{"href":"https:\/\/kapitalis.com\/tunisie\/wp-json\/wp\/v2\/media?parent=365761"}],"wp:term":[{"taxonomy":"category","embeddable":true,"href":"https:\/\/kapitalis.com\/tunisie\/wp-json\/wp\/v2\/categories?post=365761"},{"taxonomy":"post_tag","embeddable":true,"href":"https:\/\/kapitalis.com\/tunisie\/wp-json\/wp\/v2\/tags?post=365761"}],"curies":[{"name":"wp","href":"https:\/\/api.w.org\/{rel}","templated":true}]}}