{"id":365825,"date":"2021-10-11T14:24:48","date_gmt":"2021-10-11T13:24:48","guid":{"rendered":"http:\/\/kapitalis.com\/tunisie\/?p=365825"},"modified":"2021-10-11T14:26:35","modified_gmt":"2021-10-11T13:26:35","slug":"imed-ben-halima-le-gouvernement-bouden-sera-un-organe-executif-pour-les-instructions-de-saied","status":"publish","type":"post","link":"https:\/\/kapitalis.com\/tunisie\/2021\/10\/11\/imed-ben-halima-le-gouvernement-bouden-sera-un-organe-executif-pour-les-instructions-de-saied\/","title":{"rendered":"Imed Ben Halima : \u00abLe gouvernement Bouden sera un organe ex\u00e9cutif pour les instructions de Sa\u00efed\u00bb"},"content":{"rendered":"\n<div class=\"wp-block-image\"><figure class=\"aligncenter size-full\"><img decoding=\"async\" src=\"http:\/\/kapitalis.com\/tunisie\/wp-content\/uploads\/2020\/07\/Kais-Saied-Imed-Ben-Halima.jpg\" alt=\"\" class=\"wp-image-307711\"\/><\/figure><\/div>\n\n\n\n<p><strong><em>Selon l&rsquo;avocat et activiste Imed Ben Halima, le nouveau gouvernement de Najla Bouden, dont la composition a \u00e9t\u00e9 annonc\u00e9e ce lundi 11 octobre 2021, ne sera, en r\u00e9alit\u00e9, qu&rsquo;un \u00abun organe ex\u00e9cutif pour les instructions et les ordres du pr\u00e9sident de la r\u00e9publique, Ka\u00efs Sa\u00efed\u00bb.<\/em><\/strong><\/p>\n\n\n\n<!--more-->\n\n\n\n<p>Intervenant, aujourd&rsquo;hui, sur les ondes de Shems FM, Ben Halima a, par ailleurs, assur\u00e9 que le gouvernement Bouden n&rsquo;a pas de programmes.<\/p>\n\n\n\n<p>Et d&rsquo;ajouter que plusieurs noms, dans l&rsquo;\u00e9quipe gouvernementale, ont \u00e9t\u00e9 choisis et nomm\u00e9s \u00e0 la t\u00eate de portefeuilles minist\u00e9riels uniquement pour les r\u00e9habiliter. C&rsquo;est notamment le cas, selon lui, de <a href=\"http:\/\/kapitalis.com\/tunisie\/2021\/10\/11\/tunisie-limoges-par-mechichi-deguiche-et-charfeddine-retrouvent-leurs-postes\/\"><strong>Taoufik Charfeddine, ministre de l&rsquo;Int\u00e9rieur, Kamel Deguiche, ministre de la Jeunesse et des Sports<\/strong><\/a> et Leila Jaffel, ministre de la Justice, tous limog\u00e9s, il y a quelques mois, par l&rsquo;ancien chef du gouvernement, Hichem Mechichi.<\/p>\n\n\n\n<p class=\"has-text-align-right\"><strong>C. B. Y.<\/strong><\/p>\n\n\n\n<p><blockquote class=\"wp-embedded-content\" data-secret=\"UXzMmMBZwY\"><a href=\"https:\/\/kapitalis.com\/tunisie\/2021\/10\/11\/tunisie-limoges-par-mechichi-deguiche-et-charfeddine-retrouvent-leurs-postes\/\">Tunisie : Limog\u00e9s par Mechichi, Deguiche et Charfeddine retrouvent leurs postes<\/a><\/blockquote><iframe loading=\"lazy\" class=\"wp-embedded-content\" sandbox=\"allow-scripts\" security=\"restricted\" style=\"position: absolute; clip: rect(1px, 1px, 1px, 1px);\" title=\"\u00ab\u00a0Tunisie : Limog\u00e9s par Mechichi, Deguiche et Charfeddine retrouvent leurs postes\u00a0\u00bb &#8212; Kapitalis\" src=\"https:\/\/kapitalis.com\/tunisie\/2021\/10\/11\/tunisie-limoges-par-mechichi-deguiche-et-charfeddine-retrouvent-leurs-postes\/embed\/#?secret=RgLfzfElvx#?secret=UXzMmMBZwY\" data-secret=\"UXzMmMBZwY\" width=\"600\" height=\"338\" frameborder=\"0\" marginwidth=\"0\" marginheight=\"0\" scrolling=\"no\"><\/iframe><\/p>\n\n\n\n<p><blockquote class=\"wp-embedded-content\" data-secret=\"Vj5ND3CfX7\"><a href=\"https:\/\/kapitalis.com\/tunisie\/2021\/10\/11\/tunisie-composition-du-gouvernement-de-najla-bouden\/\">Tunisie : Composition du gouvernement de Najla Bouden<\/a><\/blockquote><iframe loading=\"lazy\" class=\"wp-embedded-content\" sandbox=\"allow-scripts\" security=\"restricted\" style=\"position: absolute; clip: rect(1px, 1px, 1px, 1px);\" title=\"\u00ab\u00a0Tunisie : Composition du gouvernement de Najla Bouden\u00a0\u00bb &#8212; Kapitalis\" src=\"https:\/\/kapitalis.com\/tunisie\/2021\/10\/11\/tunisie-composition-du-gouvernement-de-najla-bouden\/embed\/#?secret=SmkIAA5F3b#?secret=Vj5ND3CfX7\" data-secret=\"Vj5ND3CfX7\" width=\"600\" height=\"338\" frameborder=\"0\" marginwidth=\"0\" marginheight=\"0\" scrolling=\"no\"><\/iframe><\/p>\n","protected":false},"excerpt":{"rendered":"<p>Selon l&rsquo;avocat et activiste Imed Ben Halima, le nouveau gouvernement de Najla Bouden, dont la composition a \u00e9t\u00e9 annonc\u00e9e ce lundi 11 octobre 2021, ne sera, en r\u00e9alit\u00e9, qu&rsquo;un \u00abun organe ex\u00e9cutif pour les instructions et les ordres du pr\u00e9sident de la r\u00e9publique, Ka\u00efs Sa\u00efed\u00bb.<\/p>\n","protected":false},"author":24,"featured_media":0,"comment_status":"open","ping_status":"open","sticky":false,"template":"","format":"standard","meta":{"footnotes":""},"categories":[997,2433],"tags":[12608,76012,82132,87491,93702,82067],"class_list":["post-365825","post","type-post","status-publish","format-standard","hentry","category-politique","category-tunisie","tag-imed-ben-halima","tag-kais-saied-2","tag-kamel-deguiche","tag-leila-jaffel-2","tag-najla-bouden","tag-taoufik-charfeddine"],"yoast_head":"<!-- This site is optimized with the Yoast SEO plugin v26.6 - https:\/\/yoast.com\/wordpress\/plugins\/seo\/ -->\n<title>Imed Ben Halima : \u00abLe gouvernement Bouden sera un organe ex\u00e9cutif pour les instructions de Sa\u00efed\u00bb - Kapitalis<\/title>\n<meta name=\"robots\" content=\"index, follow, max-snippet:-1, max-image-preview:large, max-video-preview:-1\" \/>\n<link rel=\"canonical\" href=\"https:\/\/kapitalis.com\/tunisie\/2021\/10\/11\/imed-ben-halima-le-gouvernement-bouden-sera-un-organe-executif-pour-les-instructions-de-saied\/\" \/>\n<meta property=\"og:locale\" content=\"fr_FR\" \/>\n<meta property=\"og:type\" content=\"article\" \/>\n<meta property=\"og:title\" content=\"Imed Ben Halima : \u00abLe gouvernement Bouden sera un organe ex\u00e9cutif pour les instructions de Sa\u00efed\u00bb - Kapitalis\" \/>\n<meta property=\"og:description\" content=\"Selon l&rsquo;avocat et activiste Imed Ben Halima, le nouveau gouvernement de Najla Bouden, dont la composition a \u00e9t\u00e9 annonc\u00e9e ce lundi 11 octobre 2021, ne sera, en r\u00e9alit\u00e9, qu&rsquo;un \u00abun organe ex\u00e9cutif pour les instructions et les ordres du pr\u00e9sident de la r\u00e9publique, Ka\u00efs Sa\u00efed\u00bb.\" \/>\n<meta property=\"og:url\" content=\"https:\/\/kapitalis.com\/tunisie\/2021\/10\/11\/imed-ben-halima-le-gouvernement-bouden-sera-un-organe-executif-pour-les-instructions-de-saied\/\" \/>\n<meta property=\"og:site_name\" content=\"Kapitalis\" \/>\n<meta property=\"article:publisher\" content=\"https:\/\/www.facebook.com\/KapitalisInfo\/\" \/>\n<meta property=\"article:published_time\" content=\"2021-10-11T13:24:48+00:00\" \/>\n<meta property=\"article:modified_time\" content=\"2021-10-11T13:26:35+00:00\" \/>\n<meta property=\"og:image\" content=\"http:\/\/kapitalis.com\/tunisie\/wp-content\/uploads\/2020\/07\/Kais-Saied-Imed-Ben-Halima.jpg\" \/>\n<meta name=\"author\" content=\"Cherif Benyounes\" \/>\n<meta name=\"twitter:card\" content=\"summary_large_image\" \/>\n<meta name=\"twitter:creator\" content=\"@KapitalisInfo\" \/>\n<meta name=\"twitter:site\" content=\"@KapitalisInfo\" \/>\n<meta name=\"twitter:label1\" content=\"\u00c9crit par\" \/>\n\t<meta name=\"twitter:data1\" content=\"Cherif Benyounes\" \/>\n\t<meta name=\"twitter:label2\" content=\"Dur\u00e9e de lecture estim\u00e9e\" \/>\n\t<meta name=\"twitter:data2\" content=\"1 minute\" \/>\n<script type=\"application\/ld+json\" class=\"yoast-schema-graph\">{\"@context\":\"https:\/\/schema.org\",\"@graph\":[{\"@type\":\"Article\",\"@id\":\"https:\/\/kapitalis.com\/tunisie\/2021\/10\/11\/imed-ben-halima-le-gouvernement-bouden-sera-un-organe-executif-pour-les-instructions-de-saied\/#article\",\"isPartOf\":{\"@id\":\"https:\/\/kapitalis.com\/tunisie\/2021\/10\/11\/imed-ben-halima-le-gouvernement-bouden-sera-un-organe-executif-pour-les-instructions-de-saied\/\"},\"author\":{\"name\":\"Cherif Benyounes\",\"@id\":\"https:\/\/kapitalis.com\/tunisie\/#\/schema\/person\/b35b8d631961131107263178aeb8019e\"},\"headline\":\"Imed Ben Halima : \u00abLe gouvernement Bouden sera un organe ex\u00e9cutif pour les instructions de Sa\u00efed\u00bb\",\"datePublished\":\"2021-10-11T13:24:48+00:00\",\"dateModified\":\"2021-10-11T13:26:35+00:00\",\"mainEntityOfPage\":{\"@id\":\"https:\/\/kapitalis.com\/tunisie\/2021\/10\/11\/imed-ben-halima-le-gouvernement-bouden-sera-un-organe-executif-pour-les-instructions-de-saied\/\"},\"wordCount\":173,\"commentCount\":5,\"publisher\":{\"@id\":\"https:\/\/kapitalis.com\/tunisie\/#organization\"},\"image\":{\"@id\":\"https:\/\/kapitalis.com\/tunisie\/2021\/10\/11\/imed-ben-halima-le-gouvernement-bouden-sera-un-organe-executif-pour-les-instructions-de-saied\/#primaryimage\"},\"thumbnailUrl\":\"http:\/\/kapitalis.com\/tunisie\/wp-content\/uploads\/2020\/07\/Kais-Saied-Imed-Ben-Halima.jpg\",\"keywords\":[\"Imed Ben Halima\",\"Ka\u00efs Sa\u00efed\",\"Kamel Deguiche\",\"Leila Jaffel\",\"Najla Bouden\",\"Taoufik Charfeddine\"],\"articleSection\":[\"POLITIQUE\",\"Tunisie\"],\"inLanguage\":\"fr-FR\",\"potentialAction\":[{\"@type\":\"CommentAction\",\"name\":\"Comment\",\"target\":[\"https:\/\/kapitalis.com\/tunisie\/2021\/10\/11\/imed-ben-halima-le-gouvernement-bouden-sera-un-organe-executif-pour-les-instructions-de-saied\/#respond\"]}]},{\"@type\":\"WebPage\",\"@id\":\"https:\/\/kapitalis.com\/tunisie\/2021\/10\/11\/imed-ben-halima-le-gouvernement-bouden-sera-un-organe-executif-pour-les-instructions-de-saied\/\",\"url\":\"https:\/\/kapitalis.com\/tunisie\/2021\/10\/11\/imed-ben-halima-le-gouvernement-bouden-sera-un-organe-executif-pour-les-instructions-de-saied\/\",\"name\":\"Imed Ben Halima : \u00abLe gouvernement Bouden sera un organe ex\u00e9cutif pour les instructions de Sa\u00efed\u00bb - Kapitalis\",\"isPartOf\":{\"@id\":\"https:\/\/kapitalis.com\/tunisie\/#website\"},\"primaryImageOfPage\":{\"@id\":\"https:\/\/kapitalis.com\/tunisie\/2021\/10\/11\/imed-ben-halima-le-gouvernement-bouden-sera-un-organe-executif-pour-les-instructions-de-saied\/#primaryimage\"},\"image\":{\"@id\":\"https:\/\/kapitalis.com\/tunisie\/2021\/10\/11\/imed-ben-halima-le-gouvernement-bouden-sera-un-organe-executif-pour-les-instructions-de-saied\/#primaryimage\"},\"thumbnailUrl\":\"http:\/\/kapitalis.com\/tunisie\/wp-content\/uploads\/2020\/07\/Kais-Saied-Imed-Ben-Halima.jpg\",\"datePublished\":\"2021-10-11T13:24:48+00:00\",\"dateModified\":\"2021-10-11T13:26:35+00:00\",\"breadcrumb\":{\"@id\":\"https:\/\/kapitalis.com\/tunisie\/2021\/10\/11\/imed-ben-halima-le-gouvernement-bouden-sera-un-organe-executif-pour-les-instructions-de-saied\/#breadcrumb\"},\"inLanguage\":\"fr-FR\",\"potentialAction\":[{\"@type\":\"ReadAction\",\"target\":[\"https:\/\/kapitalis.com\/tunisie\/2021\/10\/11\/imed-ben-halima-le-gouvernement-bouden-sera-un-organe-executif-pour-les-instructions-de-saied\/\"]}]},{\"@type\":\"ImageObject\",\"inLanguage\":\"fr-FR\",\"@id\":\"https:\/\/kapitalis.com\/tunisie\/2021\/10\/11\/imed-ben-halima-le-gouvernement-bouden-sera-un-organe-executif-pour-les-instructions-de-saied\/#primaryimage\",\"url\":\"\",\"contentUrl\":\"\"},{\"@type\":\"BreadcrumbList\",\"@id\":\"https:\/\/kapitalis.com\/tunisie\/2021\/10\/11\/imed-ben-halima-le-gouvernement-bouden-sera-un-organe-executif-pour-les-instructions-de-saied\/#breadcrumb\",\"itemListElement\":[{\"@type\":\"ListItem\",\"position\":1,\"name\":\"Accueil\",\"item\":\"https:\/\/kapitalis.com\/tunisie\/\"},{\"@type\":\"ListItem\",\"position\":2,\"name\":\"Imed Ben Halima : \u00abLe gouvernement Bouden sera un organe ex\u00e9cutif pour les instructions de Sa\u00efed\u00bb\"}]},{\"@type\":\"WebSite\",\"@id\":\"https:\/\/kapitalis.com\/tunisie\/#website\",\"url\":\"https:\/\/kapitalis.com\/tunisie\/\",\"name\":\"Kapitalis\",\"description\":\"L&#039;actualit\u00e9 en Tunisie et dans le monde\",\"publisher\":{\"@id\":\"https:\/\/kapitalis.com\/tunisie\/#organization\"},\"potentialAction\":[{\"@type\":\"SearchAction\",\"target\":{\"@type\":\"EntryPoint\",\"urlTemplate\":\"https:\/\/kapitalis.com\/tunisie\/?s={search_term_string}\"},\"query-input\":{\"@type\":\"PropertyValueSpecification\",\"valueRequired\":true,\"valueName\":\"search_term_string\"}}],\"inLanguage\":\"fr-FR\"},{\"@type\":\"Organization\",\"@id\":\"https:\/\/kapitalis.com\/tunisie\/#organization\",\"name\":\"Kapitalis\",\"url\":\"https:\/\/kapitalis.com\/tunisie\/\",\"logo\":{\"@type\":\"ImageObject\",\"inLanguage\":\"fr-FR\",\"@id\":\"https:\/\/kapitalis.com\/tunisie\/#\/schema\/logo\/image\/\",\"url\":\"https:\/\/kapitalis.com\/tunisie\/wp-content\/uploads\/2022\/05\/Kapitalis-big-size.png\",\"contentUrl\":\"https:\/\/kapitalis.com\/tunisie\/wp-content\/uploads\/2022\/05\/Kapitalis-big-size.png\",\"width\":5000,\"height\":1500,\"caption\":\"Kapitalis\"},\"image\":{\"@id\":\"https:\/\/kapitalis.com\/tunisie\/#\/schema\/logo\/image\/\"},\"sameAs\":[\"https:\/\/www.facebook.com\/KapitalisInfo\/\",\"https:\/\/x.com\/KapitalisInfo\",\"https:\/\/www.youtube.com\/channel\/UC-yDYrHyfFBWWZaOw3FPg9Q\"]},{\"@type\":\"Person\",\"@id\":\"https:\/\/kapitalis.com\/tunisie\/#\/schema\/person\/b35b8d631961131107263178aeb8019e\",\"name\":\"Cherif Benyounes\",\"url\":\"https:\/\/kapitalis.com\/tunisie\/author\/cherif\/\"}]}<\/script>\n<!-- \/ Yoast SEO plugin. -->","yoast_head_json":{"title":"Imed Ben Halima : \u00abLe gouvernement Bouden sera un organe ex\u00e9cutif pour les instructions de Sa\u00efed\u00bb - Kapitalis","robots":{"index":"index","follow":"follow","max-snippet":"max-snippet:-1","max-image-preview":"max-image-preview:large","max-video-preview":"max-video-preview:-1"},"canonical":"https:\/\/kapitalis.com\/tunisie\/2021\/10\/11\/imed-ben-halima-le-gouvernement-bouden-sera-un-organe-executif-pour-les-instructions-de-saied\/","og_locale":"fr_FR","og_type":"article","og_title":"Imed Ben Halima : \u00abLe gouvernement Bouden sera un organe ex\u00e9cutif pour les instructions de Sa\u00efed\u00bb - Kapitalis","og_description":"Selon l&rsquo;avocat et activiste Imed Ben Halima, le nouveau gouvernement de Najla Bouden, dont la composition a \u00e9t\u00e9 annonc\u00e9e ce lundi 11 octobre 2021, ne sera, en r\u00e9alit\u00e9, qu&rsquo;un \u00abun organe ex\u00e9cutif pour les instructions et les ordres du pr\u00e9sident de la r\u00e9publique, Ka\u00efs Sa\u00efed\u00bb.","og_url":"https:\/\/kapitalis.com\/tunisie\/2021\/10\/11\/imed-ben-halima-le-gouvernement-bouden-sera-un-organe-executif-pour-les-instructions-de-saied\/","og_site_name":"Kapitalis","article_publisher":"https:\/\/www.facebook.com\/KapitalisInfo\/","article_published_time":"2021-10-11T13:24:48+00:00","article_modified_time":"2021-10-11T13:26:35+00:00","og_image":[{"url":"http:\/\/kapitalis.com\/tunisie\/wp-content\/uploads\/2020\/07\/Kais-Saied-Imed-Ben-Halima.jpg","type":"","width":"","height":""}],"author":"Cherif Benyounes","twitter_card":"summary_large_image","twitter_creator":"@KapitalisInfo","twitter_site":"@KapitalisInfo","twitter_misc":{"\u00c9crit par":"Cherif Benyounes","Dur\u00e9e de lecture estim\u00e9e":"1 minute"},"schema":{"@context":"https:\/\/schema.org","@graph":[{"@type":"Article","@id":"https:\/\/kapitalis.com\/tunisie\/2021\/10\/11\/imed-ben-halima-le-gouvernement-bouden-sera-un-organe-executif-pour-les-instructions-de-saied\/#article","isPartOf":{"@id":"https:\/\/kapitalis.com\/tunisie\/2021\/10\/11\/imed-ben-halima-le-gouvernement-bouden-sera-un-organe-executif-pour-les-instructions-de-saied\/"},"author":{"name":"Cherif Benyounes","@id":"https:\/\/kapitalis.com\/tunisie\/#\/schema\/person\/b35b8d631961131107263178aeb8019e"},"headline":"Imed Ben Halima : \u00abLe gouvernement Bouden sera un organe ex\u00e9cutif pour les instructions de Sa\u00efed\u00bb","datePublished":"2021-10-11T13:24:48+00:00","dateModified":"2021-10-11T13:26:35+00:00","mainEntityOfPage":{"@id":"https:\/\/kapitalis.com\/tunisie\/2021\/10\/11\/imed-ben-halima-le-gouvernement-bouden-sera-un-organe-executif-pour-les-instructions-de-saied\/"},"wordCount":173,"commentCount":5,"publisher":{"@id":"https:\/\/kapitalis.com\/tunisie\/#organization"},"image":{"@id":"https:\/\/kapitalis.com\/tunisie\/2021\/10\/11\/imed-ben-halima-le-gouvernement-bouden-sera-un-organe-executif-pour-les-instructions-de-saied\/#primaryimage"},"thumbnailUrl":"http:\/\/kapitalis.com\/tunisie\/wp-content\/uploads\/2020\/07\/Kais-Saied-Imed-Ben-Halima.jpg","keywords":["Imed Ben Halima","Ka\u00efs Sa\u00efed","Kamel Deguiche","Leila Jaffel","Najla Bouden","Taoufik Charfeddine"],"articleSection":["POLITIQUE","Tunisie"],"inLanguage":"fr-FR","potentialAction":[{"@type":"CommentAction","name":"Comment","target":["https:\/\/kapitalis.com\/tunisie\/2021\/10\/11\/imed-ben-halima-le-gouvernement-bouden-sera-un-organe-executif-pour-les-instructions-de-saied\/#respond"]}]},{"@type":"WebPage","@id":"https:\/\/kapitalis.com\/tunisie\/2021\/10\/11\/imed-ben-halima-le-gouvernement-bouden-sera-un-organe-executif-pour-les-instructions-de-saied\/","url":"https:\/\/kapitalis.com\/tunisie\/2021\/10\/11\/imed-ben-halima-le-gouvernement-bouden-sera-un-organe-executif-pour-les-instructions-de-saied\/","name":"Imed Ben Halima : \u00abLe gouvernement Bouden sera un organe ex\u00e9cutif pour les instructions de Sa\u00efed\u00bb - Kapitalis","isPartOf":{"@id":"https:\/\/kapitalis.com\/tunisie\/#website"},"primaryImageOfPage":{"@id":"https:\/\/kapitalis.com\/tunisie\/2021\/10\/11\/imed-ben-halima-le-gouvernement-bouden-sera-un-organe-executif-pour-les-instructions-de-saied\/#primaryimage"},"image":{"@id":"https:\/\/kapitalis.com\/tunisie\/2021\/10\/11\/imed-ben-halima-le-gouvernement-bouden-sera-un-organe-executif-pour-les-instructions-de-saied\/#primaryimage"},"thumbnailUrl":"http:\/\/kapitalis.com\/tunisie\/wp-content\/uploads\/2020\/07\/Kais-Saied-Imed-Ben-Halima.jpg","datePublished":"2021-10-11T13:24:48+00:00","dateModified":"2021-10-11T13:26:35+00:00","breadcrumb":{"@id":"https:\/\/kapitalis.com\/tunisie\/2021\/10\/11\/imed-ben-halima-le-gouvernement-bouden-sera-un-organe-executif-pour-les-instructions-de-saied\/#breadcrumb"},"inLanguage":"fr-FR","potentialAction":[{"@type":"ReadAction","target":["https:\/\/kapitalis.com\/tunisie\/2021\/10\/11\/imed-ben-halima-le-gouvernement-bouden-sera-un-organe-executif-pour-les-instructions-de-saied\/"]}]},{"@type":"ImageObject","inLanguage":"fr-FR","@id":"https:\/\/kapitalis.com\/tunisie\/2021\/10\/11\/imed-ben-halima-le-gouvernement-bouden-sera-un-organe-executif-pour-les-instructions-de-saied\/#primaryimage","url":"","contentUrl":""},{"@type":"BreadcrumbList","@id":"https:\/\/kapitalis.com\/tunisie\/2021\/10\/11\/imed-ben-halima-le-gouvernement-bouden-sera-un-organe-executif-pour-les-instructions-de-saied\/#breadcrumb","itemListElement":[{"@type":"ListItem","position":1,"name":"Accueil","item":"https:\/\/kapitalis.com\/tunisie\/"},{"@type":"ListItem","position":2,"name":"Imed Ben Halima : \u00abLe gouvernement Bouden sera un organe ex\u00e9cutif pour les instructions de Sa\u00efed\u00bb"}]},{"@type":"WebSite","@id":"https:\/\/kapitalis.com\/tunisie\/#website","url":"https:\/\/kapitalis.com\/tunisie\/","name":"Kapitalis","description":"L&#039;actualit\u00e9 en Tunisie et dans le monde","publisher":{"@id":"https:\/\/kapitalis.com\/tunisie\/#organization"},"potentialAction":[{"@type":"SearchAction","target":{"@type":"EntryPoint","urlTemplate":"https:\/\/kapitalis.com\/tunisie\/?s={search_term_string}"},"query-input":{"@type":"PropertyValueSpecification","valueRequired":true,"valueName":"search_term_string"}}],"inLanguage":"fr-FR"},{"@type":"Organization","@id":"https:\/\/kapitalis.com\/tunisie\/#organization","name":"Kapitalis","url":"https:\/\/kapitalis.com\/tunisie\/","logo":{"@type":"ImageObject","inLanguage":"fr-FR","@id":"https:\/\/kapitalis.com\/tunisie\/#\/schema\/logo\/image\/","url":"https:\/\/kapitalis.com\/tunisie\/wp-content\/uploads\/2022\/05\/Kapitalis-big-size.png","contentUrl":"https:\/\/kapitalis.com\/tunisie\/wp-content\/uploads\/2022\/05\/Kapitalis-big-size.png","width":5000,"height":1500,"caption":"Kapitalis"},"image":{"@id":"https:\/\/kapitalis.com\/tunisie\/#\/schema\/logo\/image\/"},"sameAs":["https:\/\/www.facebook.com\/KapitalisInfo\/","https:\/\/x.com\/KapitalisInfo","https:\/\/www.youtube.com\/channel\/UC-yDYrHyfFBWWZaOw3FPg9Q"]},{"@type":"Person","@id":"https:\/\/kapitalis.com\/tunisie\/#\/schema\/person\/b35b8d631961131107263178aeb8019e","name":"Cherif Benyounes","url":"https:\/\/kapitalis.com\/tunisie\/author\/cherif\/"}]}},"_links":{"self":[{"href":"https:\/\/kapitalis.com\/tunisie\/wp-json\/wp\/v2\/posts\/365825","targetHints":{"allow":["GET"]}}],"collection":[{"href":"https:\/\/kapitalis.com\/tunisie\/wp-json\/wp\/v2\/posts"}],"about":[{"href":"https:\/\/kapitalis.com\/tunisie\/wp-json\/wp\/v2\/types\/post"}],"author":[{"embeddable":true,"href":"https:\/\/kapitalis.com\/tunisie\/wp-json\/wp\/v2\/users\/24"}],"replies":[{"embeddable":true,"href":"https:\/\/kapitalis.com\/tunisie\/wp-json\/wp\/v2\/comments?post=365825"}],"version-history":[{"count":0,"href":"https:\/\/kapitalis.com\/tunisie\/wp-json\/wp\/v2\/posts\/365825\/revisions"}],"wp:attachment":[{"href":"https:\/\/kapitalis.com\/tunisie\/wp-json\/wp\/v2\/media?parent=365825"}],"wp:term":[{"taxonomy":"category","embeddable":true,"href":"https:\/\/kapitalis.com\/tunisie\/wp-json\/wp\/v2\/categories?post=365825"},{"taxonomy":"post_tag","embeddable":true,"href":"https:\/\/kapitalis.com\/tunisie\/wp-json\/wp\/v2\/tags?post=365825"}],"curies":[{"name":"wp","href":"https:\/\/api.w.org\/{rel}","templated":true}]}}