{"id":365856,"date":"2021-10-11T18:24:57","date_gmt":"2021-10-11T17:24:57","guid":{"rendered":"http:\/\/kapitalis.com\/tunisie\/?p=365856"},"modified":"2021-10-11T18:28:55","modified_gmt":"2021-10-11T17:28:55","slug":"tunisie-qui-est-neila-nouira-gongi-nommee-a-la-tete-du-ministere-de-lindustrie","status":"publish","type":"post","link":"https:\/\/kapitalis.com\/tunisie\/2021\/10\/11\/tunisie-qui-est-neila-nouira-gongi-nommee-a-la-tete-du-ministere-de-lindustrie\/","title":{"rendered":"Tunisie : Qui est Neila Nouira Gongi, nomm\u00e9e \u00e0 la t\u00eate du minist\u00e8re de l&rsquo;Industrie ?"},"content":{"rendered":"\n<div class=\"wp-block-image\"><figure class=\"aligncenter size-full\"><img decoding=\"async\" src=\"http:\/\/kapitalis.com\/tunisie\/wp-content\/uploads\/2021\/10\/Neila-Nouira-Gongi.jpg\" alt=\"\" class=\"wp-image-365858\"\/><\/figure><\/div>\n\n\n\n<p><strong><em>Neila Nouira Gongi, pr\u00e9sidente de l&rsquo;Association tunisienne des Technoparks, a \u00e9t\u00e9 nomm\u00e9e aujourd&rsquo;hui, lundi 11 octobre 2021, au poste de ministre de l&rsquo;Industrie au sein du gouvernement Bouden.<\/em><\/strong><\/p>\n\n\n\n<!--more-->\n\n\n\n<p>Dipl\u00f4m\u00e9e de l\u2019\u00c9cole nationale d&rsquo;Administration (ENA), ainsi que de l\u2019Institut de D\u00e9fense nationale (IDN), Neila Nouira Gongi a travaill\u00e9 \u00e0 la Direction de la Coop\u00e9ration du minist\u00e8re de l\u2019\u00c9conomie, en tant que responsable de la coop\u00e9ration bilat\u00e9rale puis de la coop\u00e9ration multilat\u00e9rale, o\u00f9 elle \u00e9tait membre permanent pour les n\u00e9gociations avec l&rsquo;Union europ\u00e9enne et l&rsquo;Organisation Mondiale du Commerce.<\/p>\n\n\n\n<p>Neila Nouira Gongi a ensuite rejoint le cabinet du ministre de l\u2019Industrie, 1995, o\u00f9 elle a \u00e9t\u00e9 charg\u00e9e de mission et Directrice de la Coop\u00e9ration internationale, puis elle est devenue DG des Strat\u00e9gies industrielles au sein du m\u00eame d\u00e9partement, et ce, de 2003 \u00e0 2006, avant d&rsquo;occuper le poste de PDG du P\u00f4le de Comp\u00e9titivit\u00e9 Monastir-El Fejja (MFCPOLE).<\/p>\n\n\n\n<p>Elle fait d\u00e9sormais partie de l&rsquo;\u00e9quipe gouvernementale de Najla Bouden, parmi les 9 femmes qui ont \u00e9t\u00e9 nomm\u00e9es aujourd&rsquo;hui au sein du nouveau gouvernement.<\/p>\n\n\n\n<p class=\"has-text-align-right\"><strong>Y. N.<\/strong><\/p>\n\n\n\n<figure class=\"wp-block-embed is-type-wp-embed is-provider-kapitalis wp-block-embed-kapitalis\"><div class=\"wp-block-embed__wrapper\">\n<blockquote class=\"wp-embedded-content\" data-secret=\"frHtomVmRX\"><a href=\"https:\/\/kapitalis.com\/tunisie\/2021\/10\/11\/profil-malek-ezzahi-ministre-des-affaires-sociales\/\">Profil : Malek Ezzahi, ministre des Affaires Sociales<\/a><\/blockquote><iframe loading=\"lazy\" class=\"wp-embedded-content\" sandbox=\"allow-scripts\" security=\"restricted\" style=\"position: absolute; clip: rect(1px, 1px, 1px, 1px);\" title=\"\u00ab\u00a0Profil : Malek Ezzahi, ministre des Affaires Sociales\u00a0\u00bb &#8212; Kapitalis\" src=\"https:\/\/kapitalis.com\/tunisie\/2021\/10\/11\/profil-malek-ezzahi-ministre-des-affaires-sociales\/embed\/#?secret=xns1x6GscP#?secret=frHtomVmRX\" data-secret=\"frHtomVmRX\" width=\"600\" height=\"338\" frameborder=\"0\" marginwidth=\"0\" marginheight=\"0\" scrolling=\"no\"><\/iframe>\n<\/div><\/figure>\n\n\n\n<figure class=\"wp-block-embed is-type-wp-embed is-provider-kapitalis wp-block-embed-kapitalis\"><div class=\"wp-block-embed__wrapper\">\n<blockquote class=\"wp-embedded-content\" data-secret=\"vUCyRvpJbB\"><a href=\"https:\/\/kapitalis.com\/tunisie\/2021\/10\/11\/tunisie-limoges-par-mechichi-deguiche-et-charfeddine-retrouvent-leurs-postes\/\">Tunisie : Limog\u00e9s par Mechichi, Deguiche et Charfeddine retrouvent leurs postes<\/a><\/blockquote><iframe loading=\"lazy\" class=\"wp-embedded-content\" sandbox=\"allow-scripts\" security=\"restricted\" style=\"position: absolute; clip: rect(1px, 1px, 1px, 1px);\" title=\"\u00ab\u00a0Tunisie : Limog\u00e9s par Mechichi, Deguiche et Charfeddine retrouvent leurs postes\u00a0\u00bb &#8212; Kapitalis\" src=\"https:\/\/kapitalis.com\/tunisie\/2021\/10\/11\/tunisie-limoges-par-mechichi-deguiche-et-charfeddine-retrouvent-leurs-postes\/embed\/#?secret=tg34xn2PfD#?secret=vUCyRvpJbB\" data-secret=\"vUCyRvpJbB\" width=\"600\" height=\"338\" frameborder=\"0\" marginwidth=\"0\" marginheight=\"0\" scrolling=\"no\"><\/iframe>\n<\/div><\/figure>\n","protected":false},"excerpt":{"rendered":"<p>Neila Nouira Gongi, pr\u00e9sidente de l&rsquo;Association tunisienne des Technoparks, a \u00e9t\u00e9 nomm\u00e9e aujourd&rsquo;hui, lundi 11 octobre 2021, au poste de ministre de l&rsquo;Industrie au sein du gouvernement Bouden.<\/p>\n","protected":false},"author":6,"featured_media":365858,"comment_status":"open","ping_status":"open","sticky":false,"template":"","format":"standard","meta":{"footnotes":""},"categories":[997,2433],"tags":[93733,418,94014,94013,62643],"class_list":["post-365856","post","type-post","status-publish","format-standard","has-post-thumbnail","hentry","category-politique","category-tunisie","tag-bouden","tag-gouvernement","tag-ministre-industrie","tag-neila-nouira-gongi","tag-tunisie"],"yoast_head":"<!-- This site is optimized with the Yoast SEO plugin v26.6 - https:\/\/yoast.com\/wordpress\/plugins\/seo\/ -->\n<title>Tunisie : Qui est Neila Nouira Gongi, nomm\u00e9e \u00e0 la t\u00eate du minist\u00e8re de l&#039;Industrie ? - Kapitalis<\/title>\n<meta name=\"robots\" content=\"index, follow, max-snippet:-1, max-image-preview:large, max-video-preview:-1\" \/>\n<link rel=\"canonical\" href=\"https:\/\/kapitalis.com\/tunisie\/2021\/10\/11\/tunisie-qui-est-neila-nouira-gongi-nommee-a-la-tete-du-ministere-de-lindustrie\/\" \/>\n<meta property=\"og:locale\" content=\"fr_FR\" \/>\n<meta property=\"og:type\" content=\"article\" \/>\n<meta property=\"og:title\" content=\"Tunisie : Qui est Neila Nouira Gongi, nomm\u00e9e \u00e0 la t\u00eate du minist\u00e8re de l&#039;Industrie ? - Kapitalis\" \/>\n<meta property=\"og:description\" content=\"Neila Nouira Gongi, pr\u00e9sidente de l&rsquo;Association tunisienne des Technoparks, a \u00e9t\u00e9 nomm\u00e9e aujourd&rsquo;hui, lundi 11 octobre 2021, au poste de ministre de l&rsquo;Industrie au sein du gouvernement Bouden.\" \/>\n<meta property=\"og:url\" content=\"https:\/\/kapitalis.com\/tunisie\/2021\/10\/11\/tunisie-qui-est-neila-nouira-gongi-nommee-a-la-tete-du-ministere-de-lindustrie\/\" \/>\n<meta property=\"og:site_name\" content=\"Kapitalis\" \/>\n<meta property=\"article:publisher\" content=\"https:\/\/www.facebook.com\/KapitalisInfo\/\" \/>\n<meta property=\"article:published_time\" content=\"2021-10-11T17:24:57+00:00\" \/>\n<meta property=\"article:modified_time\" content=\"2021-10-11T17:28:55+00:00\" \/>\n<meta property=\"og:image\" content=\"https:\/\/kapitalis.com\/tunisie\/wp-content\/uploads\/2022\/05\/kapitalis-logo-fb.png\" \/>\n\t<meta property=\"og:image:width\" content=\"1200\" \/>\n\t<meta property=\"og:image:height\" content=\"630\" \/>\n\t<meta property=\"og:image:type\" content=\"image\/png\" \/>\n<meta name=\"author\" content=\"Yusra NY\" \/>\n<meta name=\"twitter:card\" content=\"summary_large_image\" \/>\n<meta name=\"twitter:creator\" content=\"@KapitalisInfo\" \/>\n<meta name=\"twitter:site\" content=\"@KapitalisInfo\" \/>\n<meta name=\"twitter:label1\" content=\"\u00c9crit par\" \/>\n\t<meta name=\"twitter:data1\" content=\"Yusra NY\" \/>\n\t<meta name=\"twitter:label2\" content=\"Dur\u00e9e de lecture estim\u00e9e\" \/>\n\t<meta name=\"twitter:data2\" content=\"1 minute\" \/>\n<script type=\"application\/ld+json\" class=\"yoast-schema-graph\">{\"@context\":\"https:\/\/schema.org\",\"@graph\":[{\"@type\":\"Article\",\"@id\":\"https:\/\/kapitalis.com\/tunisie\/2021\/10\/11\/tunisie-qui-est-neila-nouira-gongi-nommee-a-la-tete-du-ministere-de-lindustrie\/#article\",\"isPartOf\":{\"@id\":\"https:\/\/kapitalis.com\/tunisie\/2021\/10\/11\/tunisie-qui-est-neila-nouira-gongi-nommee-a-la-tete-du-ministere-de-lindustrie\/\"},\"author\":{\"name\":\"Yusra NY\",\"@id\":\"https:\/\/kapitalis.com\/tunisie\/#\/schema\/person\/74bbde0154d49d790a92aaeac5bc01d5\"},\"headline\":\"Tunisie : Qui est Neila Nouira Gongi, nomm\u00e9e \u00e0 la t\u00eate du minist\u00e8re de l&rsquo;Industrie ?\",\"datePublished\":\"2021-10-11T17:24:57+00:00\",\"dateModified\":\"2021-10-11T17:28:55+00:00\",\"mainEntityOfPage\":{\"@id\":\"https:\/\/kapitalis.com\/tunisie\/2021\/10\/11\/tunisie-qui-est-neila-nouira-gongi-nommee-a-la-tete-du-ministere-de-lindustrie\/\"},\"wordCount\":215,\"commentCount\":4,\"publisher\":{\"@id\":\"https:\/\/kapitalis.com\/tunisie\/#organization\"},\"image\":{\"@id\":\"https:\/\/kapitalis.com\/tunisie\/2021\/10\/11\/tunisie-qui-est-neila-nouira-gongi-nommee-a-la-tete-du-ministere-de-lindustrie\/#primaryimage\"},\"thumbnailUrl\":\"\",\"keywords\":[\"Bouden\",\"gouvernement\",\"ministre Industrie\",\"Neila Nouira Gongi\",\"Tunisie\"],\"articleSection\":[\"POLITIQUE\",\"Tunisie\"],\"inLanguage\":\"fr-FR\",\"potentialAction\":[{\"@type\":\"CommentAction\",\"name\":\"Comment\",\"target\":[\"https:\/\/kapitalis.com\/tunisie\/2021\/10\/11\/tunisie-qui-est-neila-nouira-gongi-nommee-a-la-tete-du-ministere-de-lindustrie\/#respond\"]}]},{\"@type\":\"WebPage\",\"@id\":\"https:\/\/kapitalis.com\/tunisie\/2021\/10\/11\/tunisie-qui-est-neila-nouira-gongi-nommee-a-la-tete-du-ministere-de-lindustrie\/\",\"url\":\"https:\/\/kapitalis.com\/tunisie\/2021\/10\/11\/tunisie-qui-est-neila-nouira-gongi-nommee-a-la-tete-du-ministere-de-lindustrie\/\",\"name\":\"Tunisie : Qui est Neila Nouira Gongi, nomm\u00e9e \u00e0 la t\u00eate du minist\u00e8re de l'Industrie ? - Kapitalis\",\"isPartOf\":{\"@id\":\"https:\/\/kapitalis.com\/tunisie\/#website\"},\"primaryImageOfPage\":{\"@id\":\"https:\/\/kapitalis.com\/tunisie\/2021\/10\/11\/tunisie-qui-est-neila-nouira-gongi-nommee-a-la-tete-du-ministere-de-lindustrie\/#primaryimage\"},\"image\":{\"@id\":\"https:\/\/kapitalis.com\/tunisie\/2021\/10\/11\/tunisie-qui-est-neila-nouira-gongi-nommee-a-la-tete-du-ministere-de-lindustrie\/#primaryimage\"},\"thumbnailUrl\":\"\",\"datePublished\":\"2021-10-11T17:24:57+00:00\",\"dateModified\":\"2021-10-11T17:28:55+00:00\",\"breadcrumb\":{\"@id\":\"https:\/\/kapitalis.com\/tunisie\/2021\/10\/11\/tunisie-qui-est-neila-nouira-gongi-nommee-a-la-tete-du-ministere-de-lindustrie\/#breadcrumb\"},\"inLanguage\":\"fr-FR\",\"potentialAction\":[{\"@type\":\"ReadAction\",\"target\":[\"https:\/\/kapitalis.com\/tunisie\/2021\/10\/11\/tunisie-qui-est-neila-nouira-gongi-nommee-a-la-tete-du-ministere-de-lindustrie\/\"]}]},{\"@type\":\"ImageObject\",\"inLanguage\":\"fr-FR\",\"@id\":\"https:\/\/kapitalis.com\/tunisie\/2021\/10\/11\/tunisie-qui-est-neila-nouira-gongi-nommee-a-la-tete-du-ministere-de-lindustrie\/#primaryimage\",\"url\":\"\",\"contentUrl\":\"\"},{\"@type\":\"BreadcrumbList\",\"@id\":\"https:\/\/kapitalis.com\/tunisie\/2021\/10\/11\/tunisie-qui-est-neila-nouira-gongi-nommee-a-la-tete-du-ministere-de-lindustrie\/#breadcrumb\",\"itemListElement\":[{\"@type\":\"ListItem\",\"position\":1,\"name\":\"Accueil\",\"item\":\"https:\/\/kapitalis.com\/tunisie\/\"},{\"@type\":\"ListItem\",\"position\":2,\"name\":\"Tunisie : Qui est Neila Nouira Gongi, nomm\u00e9e \u00e0 la t\u00eate du minist\u00e8re de l&rsquo;Industrie ?\"}]},{\"@type\":\"WebSite\",\"@id\":\"https:\/\/kapitalis.com\/tunisie\/#website\",\"url\":\"https:\/\/kapitalis.com\/tunisie\/\",\"name\":\"Kapitalis\",\"description\":\"L&#039;actualit\u00e9 en Tunisie et dans le monde\",\"publisher\":{\"@id\":\"https:\/\/kapitalis.com\/tunisie\/#organization\"},\"potentialAction\":[{\"@type\":\"SearchAction\",\"target\":{\"@type\":\"EntryPoint\",\"urlTemplate\":\"https:\/\/kapitalis.com\/tunisie\/?s={search_term_string}\"},\"query-input\":{\"@type\":\"PropertyValueSpecification\",\"valueRequired\":true,\"valueName\":\"search_term_string\"}}],\"inLanguage\":\"fr-FR\"},{\"@type\":\"Organization\",\"@id\":\"https:\/\/kapitalis.com\/tunisie\/#organization\",\"name\":\"Kapitalis\",\"url\":\"https:\/\/kapitalis.com\/tunisie\/\",\"logo\":{\"@type\":\"ImageObject\",\"inLanguage\":\"fr-FR\",\"@id\":\"https:\/\/kapitalis.com\/tunisie\/#\/schema\/logo\/image\/\",\"url\":\"https:\/\/kapitalis.com\/tunisie\/wp-content\/uploads\/2022\/05\/Kapitalis-big-size.png\",\"contentUrl\":\"https:\/\/kapitalis.com\/tunisie\/wp-content\/uploads\/2022\/05\/Kapitalis-big-size.png\",\"width\":5000,\"height\":1500,\"caption\":\"Kapitalis\"},\"image\":{\"@id\":\"https:\/\/kapitalis.com\/tunisie\/#\/schema\/logo\/image\/\"},\"sameAs\":[\"https:\/\/www.facebook.com\/KapitalisInfo\/\",\"https:\/\/x.com\/KapitalisInfo\",\"https:\/\/www.youtube.com\/channel\/UC-yDYrHyfFBWWZaOw3FPg9Q\"]},{\"@type\":\"Person\",\"@id\":\"https:\/\/kapitalis.com\/tunisie\/#\/schema\/person\/74bbde0154d49d790a92aaeac5bc01d5\",\"name\":\"Yusra NY\",\"url\":\"https:\/\/kapitalis.com\/tunisie\/author\/yuza_adam\/\"}]}<\/script>\n<!-- \/ Yoast SEO plugin. -->","yoast_head_json":{"title":"Tunisie : Qui est Neila Nouira Gongi, nomm\u00e9e \u00e0 la t\u00eate du minist\u00e8re de l'Industrie ? - Kapitalis","robots":{"index":"index","follow":"follow","max-snippet":"max-snippet:-1","max-image-preview":"max-image-preview:large","max-video-preview":"max-video-preview:-1"},"canonical":"https:\/\/kapitalis.com\/tunisie\/2021\/10\/11\/tunisie-qui-est-neila-nouira-gongi-nommee-a-la-tete-du-ministere-de-lindustrie\/","og_locale":"fr_FR","og_type":"article","og_title":"Tunisie : Qui est Neila Nouira Gongi, nomm\u00e9e \u00e0 la t\u00eate du minist\u00e8re de l'Industrie ? - Kapitalis","og_description":"Neila Nouira Gongi, pr\u00e9sidente de l&rsquo;Association tunisienne des Technoparks, a \u00e9t\u00e9 nomm\u00e9e aujourd&rsquo;hui, lundi 11 octobre 2021, au poste de ministre de l&rsquo;Industrie au sein du gouvernement Bouden.","og_url":"https:\/\/kapitalis.com\/tunisie\/2021\/10\/11\/tunisie-qui-est-neila-nouira-gongi-nommee-a-la-tete-du-ministere-de-lindustrie\/","og_site_name":"Kapitalis","article_publisher":"https:\/\/www.facebook.com\/KapitalisInfo\/","article_published_time":"2021-10-11T17:24:57+00:00","article_modified_time":"2021-10-11T17:28:55+00:00","og_image":[{"width":1200,"height":630,"url":"https:\/\/kapitalis.com\/tunisie\/wp-content\/uploads\/2022\/05\/kapitalis-logo-fb.png","type":"image\/png"}],"author":"Yusra NY","twitter_card":"summary_large_image","twitter_creator":"@KapitalisInfo","twitter_site":"@KapitalisInfo","twitter_misc":{"\u00c9crit par":"Yusra NY","Dur\u00e9e de lecture estim\u00e9e":"1 minute"},"schema":{"@context":"https:\/\/schema.org","@graph":[{"@type":"Article","@id":"https:\/\/kapitalis.com\/tunisie\/2021\/10\/11\/tunisie-qui-est-neila-nouira-gongi-nommee-a-la-tete-du-ministere-de-lindustrie\/#article","isPartOf":{"@id":"https:\/\/kapitalis.com\/tunisie\/2021\/10\/11\/tunisie-qui-est-neila-nouira-gongi-nommee-a-la-tete-du-ministere-de-lindustrie\/"},"author":{"name":"Yusra NY","@id":"https:\/\/kapitalis.com\/tunisie\/#\/schema\/person\/74bbde0154d49d790a92aaeac5bc01d5"},"headline":"Tunisie : Qui est Neila Nouira Gongi, nomm\u00e9e \u00e0 la t\u00eate du minist\u00e8re de l&rsquo;Industrie ?","datePublished":"2021-10-11T17:24:57+00:00","dateModified":"2021-10-11T17:28:55+00:00","mainEntityOfPage":{"@id":"https:\/\/kapitalis.com\/tunisie\/2021\/10\/11\/tunisie-qui-est-neila-nouira-gongi-nommee-a-la-tete-du-ministere-de-lindustrie\/"},"wordCount":215,"commentCount":4,"publisher":{"@id":"https:\/\/kapitalis.com\/tunisie\/#organization"},"image":{"@id":"https:\/\/kapitalis.com\/tunisie\/2021\/10\/11\/tunisie-qui-est-neila-nouira-gongi-nommee-a-la-tete-du-ministere-de-lindustrie\/#primaryimage"},"thumbnailUrl":"","keywords":["Bouden","gouvernement","ministre Industrie","Neila Nouira Gongi","Tunisie"],"articleSection":["POLITIQUE","Tunisie"],"inLanguage":"fr-FR","potentialAction":[{"@type":"CommentAction","name":"Comment","target":["https:\/\/kapitalis.com\/tunisie\/2021\/10\/11\/tunisie-qui-est-neila-nouira-gongi-nommee-a-la-tete-du-ministere-de-lindustrie\/#respond"]}]},{"@type":"WebPage","@id":"https:\/\/kapitalis.com\/tunisie\/2021\/10\/11\/tunisie-qui-est-neila-nouira-gongi-nommee-a-la-tete-du-ministere-de-lindustrie\/","url":"https:\/\/kapitalis.com\/tunisie\/2021\/10\/11\/tunisie-qui-est-neila-nouira-gongi-nommee-a-la-tete-du-ministere-de-lindustrie\/","name":"Tunisie : Qui est Neila Nouira Gongi, nomm\u00e9e \u00e0 la t\u00eate du minist\u00e8re de l'Industrie ? - Kapitalis","isPartOf":{"@id":"https:\/\/kapitalis.com\/tunisie\/#website"},"primaryImageOfPage":{"@id":"https:\/\/kapitalis.com\/tunisie\/2021\/10\/11\/tunisie-qui-est-neila-nouira-gongi-nommee-a-la-tete-du-ministere-de-lindustrie\/#primaryimage"},"image":{"@id":"https:\/\/kapitalis.com\/tunisie\/2021\/10\/11\/tunisie-qui-est-neila-nouira-gongi-nommee-a-la-tete-du-ministere-de-lindustrie\/#primaryimage"},"thumbnailUrl":"","datePublished":"2021-10-11T17:24:57+00:00","dateModified":"2021-10-11T17:28:55+00:00","breadcrumb":{"@id":"https:\/\/kapitalis.com\/tunisie\/2021\/10\/11\/tunisie-qui-est-neila-nouira-gongi-nommee-a-la-tete-du-ministere-de-lindustrie\/#breadcrumb"},"inLanguage":"fr-FR","potentialAction":[{"@type":"ReadAction","target":["https:\/\/kapitalis.com\/tunisie\/2021\/10\/11\/tunisie-qui-est-neila-nouira-gongi-nommee-a-la-tete-du-ministere-de-lindustrie\/"]}]},{"@type":"ImageObject","inLanguage":"fr-FR","@id":"https:\/\/kapitalis.com\/tunisie\/2021\/10\/11\/tunisie-qui-est-neila-nouira-gongi-nommee-a-la-tete-du-ministere-de-lindustrie\/#primaryimage","url":"","contentUrl":""},{"@type":"BreadcrumbList","@id":"https:\/\/kapitalis.com\/tunisie\/2021\/10\/11\/tunisie-qui-est-neila-nouira-gongi-nommee-a-la-tete-du-ministere-de-lindustrie\/#breadcrumb","itemListElement":[{"@type":"ListItem","position":1,"name":"Accueil","item":"https:\/\/kapitalis.com\/tunisie\/"},{"@type":"ListItem","position":2,"name":"Tunisie : Qui est Neila Nouira Gongi, nomm\u00e9e \u00e0 la t\u00eate du minist\u00e8re de l&rsquo;Industrie ?"}]},{"@type":"WebSite","@id":"https:\/\/kapitalis.com\/tunisie\/#website","url":"https:\/\/kapitalis.com\/tunisie\/","name":"Kapitalis","description":"L&#039;actualit\u00e9 en Tunisie et dans le monde","publisher":{"@id":"https:\/\/kapitalis.com\/tunisie\/#organization"},"potentialAction":[{"@type":"SearchAction","target":{"@type":"EntryPoint","urlTemplate":"https:\/\/kapitalis.com\/tunisie\/?s={search_term_string}"},"query-input":{"@type":"PropertyValueSpecification","valueRequired":true,"valueName":"search_term_string"}}],"inLanguage":"fr-FR"},{"@type":"Organization","@id":"https:\/\/kapitalis.com\/tunisie\/#organization","name":"Kapitalis","url":"https:\/\/kapitalis.com\/tunisie\/","logo":{"@type":"ImageObject","inLanguage":"fr-FR","@id":"https:\/\/kapitalis.com\/tunisie\/#\/schema\/logo\/image\/","url":"https:\/\/kapitalis.com\/tunisie\/wp-content\/uploads\/2022\/05\/Kapitalis-big-size.png","contentUrl":"https:\/\/kapitalis.com\/tunisie\/wp-content\/uploads\/2022\/05\/Kapitalis-big-size.png","width":5000,"height":1500,"caption":"Kapitalis"},"image":{"@id":"https:\/\/kapitalis.com\/tunisie\/#\/schema\/logo\/image\/"},"sameAs":["https:\/\/www.facebook.com\/KapitalisInfo\/","https:\/\/x.com\/KapitalisInfo","https:\/\/www.youtube.com\/channel\/UC-yDYrHyfFBWWZaOw3FPg9Q"]},{"@type":"Person","@id":"https:\/\/kapitalis.com\/tunisie\/#\/schema\/person\/74bbde0154d49d790a92aaeac5bc01d5","name":"Yusra NY","url":"https:\/\/kapitalis.com\/tunisie\/author\/yuza_adam\/"}]}},"_links":{"self":[{"href":"https:\/\/kapitalis.com\/tunisie\/wp-json\/wp\/v2\/posts\/365856","targetHints":{"allow":["GET"]}}],"collection":[{"href":"https:\/\/kapitalis.com\/tunisie\/wp-json\/wp\/v2\/posts"}],"about":[{"href":"https:\/\/kapitalis.com\/tunisie\/wp-json\/wp\/v2\/types\/post"}],"author":[{"embeddable":true,"href":"https:\/\/kapitalis.com\/tunisie\/wp-json\/wp\/v2\/users\/6"}],"replies":[{"embeddable":true,"href":"https:\/\/kapitalis.com\/tunisie\/wp-json\/wp\/v2\/comments?post=365856"}],"version-history":[{"count":0,"href":"https:\/\/kapitalis.com\/tunisie\/wp-json\/wp\/v2\/posts\/365856\/revisions"}],"wp:featuredmedia":[{"embeddable":true,"href":"https:\/\/kapitalis.com\/tunisie\/wp-json\/wp\/v2\/media\/365858"}],"wp:attachment":[{"href":"https:\/\/kapitalis.com\/tunisie\/wp-json\/wp\/v2\/media?parent=365856"}],"wp:term":[{"taxonomy":"category","embeddable":true,"href":"https:\/\/kapitalis.com\/tunisie\/wp-json\/wp\/v2\/categories?post=365856"},{"taxonomy":"post_tag","embeddable":true,"href":"https:\/\/kapitalis.com\/tunisie\/wp-json\/wp\/v2\/tags?post=365856"}],"curies":[{"name":"wp","href":"https:\/\/api.w.org\/{rel}","templated":true}]}}