{"id":365867,"date":"2021-10-12T08:26:50","date_gmt":"2021-10-12T07:26:50","guid":{"rendered":"http:\/\/kapitalis.com\/tunisie\/?p=365867"},"modified":"2021-10-12T08:29:25","modified_gmt":"2021-10-12T07:29:25","slug":"les-foulees-vertes-de-tunis-un-marathon-pour-sensibliser-au-don-dorganes","status":"publish","type":"post","link":"https:\/\/kapitalis.com\/tunisie\/2021\/10\/12\/les-foulees-vertes-de-tunis-un-marathon-pour-sensibliser-au-don-dorganes\/","title":{"rendered":"\u00ab\u00a0Les foul\u00e9es vertes de Tunis\u00a0\u00bb : Un marathon pour sensibliser au don d&rsquo;organes"},"content":{"rendered":"\n<div class=\"wp-block-image\"><figure class=\"aligncenter size-full\"><img decoding=\"async\" src=\"http:\/\/kapitalis.com\/tunisie\/wp-content\/uploads\/2021\/10\/Untitled-4-3.jpg\" alt=\"\" class=\"wp-image-365868\"\/><\/figure><\/div>\n\n\n\n<p><strong><em>La premi\u00e8re \u00e9dition de l\u2019\u00e9v\u00e9nement de sensibilisation au don d\u2019organes \u00ab&nbsp;Les Foul\u00e9es vertes&nbsp;\u00bb aura lieu les 16 et 17 octobre \u00e0 l\u2019avenue Habib Bourguiba \u00e0 Tunis.<\/em><\/strong><\/p>\n\n\n\n<!--more-->\n\n\n\n<p>Organis\u00e9e par le Centre National pour la Promotion de la Transplantation d\u2019Organes (CNPTO) sous l\u2019\u00e9gide du minist\u00e8re de la Sant\u00e9, l\u2019initiative \u00ab&nbsp;Les foul\u00e9es vertes de Tunis&nbsp;\u00bb est un \u00e9v\u00e9nement d\u2019information et de sensibilisation qui aura lieu pour la premi\u00e8re fois \u00e0 Tunis dans le cadre de la c\u00e9l\u00e9bration de la Journ\u00e9e mondiale de don d\u2019organes.<\/p>\n\n\n\n<p>L\u2019\u00e9v\u00e9nement s\u2019adresse au grand public pour mettre la lumi\u00e8re sur le don d\u2019organes \u00e0 travers un programme vari\u00e9 qui s\u2019\u00e9talera sur deux journ\u00e9es et qui sera parrain\u00e9 par l\u2019acteur et animateur Nidhal Saadi qui prendra part au marathon qui aura lieu dimanche prochain \u00e0 l\u2019avenue Habib Bourguiba.<\/p>\n\n\n\n<p>La premi\u00e8re journ\u00e9e (samedi 16 octobre) sera consacr\u00e9e \u00e0 une grande campagne de sensibilisation au don d\u2019organes, avec en parall\u00e8le des animations artistiques et culturelles.<\/p>\n\n\n\n<p>Le lendemain aura lieu un marathon qui d\u00e9marrera \u00e0 9h \u00e0 l\u2019avenue Habib Bourguiba en direction du Lac z\u00e9ro.<\/p>\n\n\n\n<p class=\"has-text-align-right\"><strong>Fawz Benali<\/strong><\/p>\n","protected":false},"excerpt":{"rendered":"<p>La premi\u00e8re \u00e9dition de l\u2019\u00e9v\u00e9nement de sensibilisation au don d\u2019organes \u00ab&nbsp;Les Foul\u00e9es vertes&nbsp;\u00bb aura lieu les 16 et 17 octobre \u00e0 l\u2019avenue Habib Bourguiba \u00e0 Tunis.<\/p>\n","protected":false},"author":26,"featured_media":365868,"comment_status":"open","ping_status":"open","sticky":false,"template":"","format":"standard","meta":{"footnotes":""},"categories":[998,999,2433],"tags":[72011,94015,4835,22200,62643],"class_list":["post-365867","post","type-post","status-publish","format-standard","has-post-thumbnail","hentry","category-societe","category-sport","category-tunisie","tag-don-dorganes","tag-les-foulees-vertes","tag-marathon","tag-nidhal-saadi","tag-tunisie"],"yoast_head":"<!-- This site is optimized with the Yoast SEO plugin v26.6 - https:\/\/yoast.com\/wordpress\/plugins\/seo\/ -->\n<title>&quot;Les foul\u00e9es vertes de Tunis&quot; : Un marathon pour sensibliser au don d&#039;organes - Kapitalis<\/title>\n<meta name=\"robots\" content=\"index, follow, max-snippet:-1, max-image-preview:large, max-video-preview:-1\" \/>\n<link rel=\"canonical\" href=\"https:\/\/kapitalis.com\/tunisie\/2021\/10\/12\/les-foulees-vertes-de-tunis-un-marathon-pour-sensibliser-au-don-dorganes\/\" \/>\n<meta property=\"og:locale\" content=\"fr_FR\" \/>\n<meta property=\"og:type\" content=\"article\" \/>\n<meta property=\"og:title\" content=\"&quot;Les foul\u00e9es vertes de Tunis&quot; : Un marathon pour sensibliser au don d&#039;organes - Kapitalis\" \/>\n<meta property=\"og:description\" content=\"La premi\u00e8re \u00e9dition de l\u2019\u00e9v\u00e9nement de sensibilisation au don d\u2019organes \u00ab&nbsp;Les Foul\u00e9es vertes&nbsp;\u00bb aura lieu les 16 et 17 octobre \u00e0 l\u2019avenue Habib Bourguiba \u00e0 Tunis.\" \/>\n<meta property=\"og:url\" content=\"https:\/\/kapitalis.com\/tunisie\/2021\/10\/12\/les-foulees-vertes-de-tunis-un-marathon-pour-sensibliser-au-don-dorganes\/\" \/>\n<meta property=\"og:site_name\" content=\"Kapitalis\" \/>\n<meta property=\"article:publisher\" content=\"https:\/\/www.facebook.com\/KapitalisInfo\/\" \/>\n<meta property=\"article:published_time\" content=\"2021-10-12T07:26:50+00:00\" \/>\n<meta property=\"article:modified_time\" content=\"2021-10-12T07:29:25+00:00\" \/>\n<meta property=\"og:image\" content=\"https:\/\/kapitalis.com\/tunisie\/wp-content\/uploads\/2022\/05\/kapitalis-logo-fb.png\" \/>\n\t<meta property=\"og:image:width\" content=\"1200\" \/>\n\t<meta property=\"og:image:height\" content=\"630\" \/>\n\t<meta property=\"og:image:type\" content=\"image\/png\" \/>\n<meta name=\"author\" content=\"Fawz BenAli\" \/>\n<meta name=\"twitter:card\" content=\"summary_large_image\" \/>\n<meta name=\"twitter:creator\" content=\"@KapitalisInfo\" \/>\n<meta name=\"twitter:site\" content=\"@KapitalisInfo\" \/>\n<meta name=\"twitter:label1\" content=\"\u00c9crit par\" \/>\n\t<meta name=\"twitter:data1\" content=\"Fawz BenAli\" \/>\n\t<meta name=\"twitter:label2\" content=\"Dur\u00e9e de lecture estim\u00e9e\" \/>\n\t<meta name=\"twitter:data2\" content=\"1 minute\" \/>\n<script type=\"application\/ld+json\" class=\"yoast-schema-graph\">{\"@context\":\"https:\/\/schema.org\",\"@graph\":[{\"@type\":\"Article\",\"@id\":\"https:\/\/kapitalis.com\/tunisie\/2021\/10\/12\/les-foulees-vertes-de-tunis-un-marathon-pour-sensibliser-au-don-dorganes\/#article\",\"isPartOf\":{\"@id\":\"https:\/\/kapitalis.com\/tunisie\/2021\/10\/12\/les-foulees-vertes-de-tunis-un-marathon-pour-sensibliser-au-don-dorganes\/\"},\"author\":{\"name\":\"Fawz BenAli\",\"@id\":\"https:\/\/kapitalis.com\/tunisie\/#\/schema\/person\/73a5ecc1f6ae540c6ed91342eadca948\"},\"headline\":\"\u00ab\u00a0Les foul\u00e9es vertes de Tunis\u00a0\u00bb : Un marathon pour sensibliser au don d&rsquo;organes\",\"datePublished\":\"2021-10-12T07:26:50+00:00\",\"dateModified\":\"2021-10-12T07:29:25+00:00\",\"mainEntityOfPage\":{\"@id\":\"https:\/\/kapitalis.com\/tunisie\/2021\/10\/12\/les-foulees-vertes-de-tunis-un-marathon-pour-sensibliser-au-don-dorganes\/\"},\"wordCount\":216,\"commentCount\":0,\"publisher\":{\"@id\":\"https:\/\/kapitalis.com\/tunisie\/#organization\"},\"image\":{\"@id\":\"https:\/\/kapitalis.com\/tunisie\/2021\/10\/12\/les-foulees-vertes-de-tunis-un-marathon-pour-sensibliser-au-don-dorganes\/#primaryimage\"},\"thumbnailUrl\":\"\",\"keywords\":[\"don d\u2019organes\",\"Les Foul\u00e9es vertes\",\"marathon\",\"Nidhal Saadi\",\"Tunisie\"],\"articleSection\":[\"SOCIETE\",\"SPORT\",\"Tunisie\"],\"inLanguage\":\"fr-FR\",\"potentialAction\":[{\"@type\":\"CommentAction\",\"name\":\"Comment\",\"target\":[\"https:\/\/kapitalis.com\/tunisie\/2021\/10\/12\/les-foulees-vertes-de-tunis-un-marathon-pour-sensibliser-au-don-dorganes\/#respond\"]}]},{\"@type\":\"WebPage\",\"@id\":\"https:\/\/kapitalis.com\/tunisie\/2021\/10\/12\/les-foulees-vertes-de-tunis-un-marathon-pour-sensibliser-au-don-dorganes\/\",\"url\":\"https:\/\/kapitalis.com\/tunisie\/2021\/10\/12\/les-foulees-vertes-de-tunis-un-marathon-pour-sensibliser-au-don-dorganes\/\",\"name\":\"\\\"Les foul\u00e9es vertes de Tunis\\\" : Un marathon pour sensibliser au don d'organes - Kapitalis\",\"isPartOf\":{\"@id\":\"https:\/\/kapitalis.com\/tunisie\/#website\"},\"primaryImageOfPage\":{\"@id\":\"https:\/\/kapitalis.com\/tunisie\/2021\/10\/12\/les-foulees-vertes-de-tunis-un-marathon-pour-sensibliser-au-don-dorganes\/#primaryimage\"},\"image\":{\"@id\":\"https:\/\/kapitalis.com\/tunisie\/2021\/10\/12\/les-foulees-vertes-de-tunis-un-marathon-pour-sensibliser-au-don-dorganes\/#primaryimage\"},\"thumbnailUrl\":\"\",\"datePublished\":\"2021-10-12T07:26:50+00:00\",\"dateModified\":\"2021-10-12T07:29:25+00:00\",\"breadcrumb\":{\"@id\":\"https:\/\/kapitalis.com\/tunisie\/2021\/10\/12\/les-foulees-vertes-de-tunis-un-marathon-pour-sensibliser-au-don-dorganes\/#breadcrumb\"},\"inLanguage\":\"fr-FR\",\"potentialAction\":[{\"@type\":\"ReadAction\",\"target\":[\"https:\/\/kapitalis.com\/tunisie\/2021\/10\/12\/les-foulees-vertes-de-tunis-un-marathon-pour-sensibliser-au-don-dorganes\/\"]}]},{\"@type\":\"ImageObject\",\"inLanguage\":\"fr-FR\",\"@id\":\"https:\/\/kapitalis.com\/tunisie\/2021\/10\/12\/les-foulees-vertes-de-tunis-un-marathon-pour-sensibliser-au-don-dorganes\/#primaryimage\",\"url\":\"\",\"contentUrl\":\"\"},{\"@type\":\"BreadcrumbList\",\"@id\":\"https:\/\/kapitalis.com\/tunisie\/2021\/10\/12\/les-foulees-vertes-de-tunis-un-marathon-pour-sensibliser-au-don-dorganes\/#breadcrumb\",\"itemListElement\":[{\"@type\":\"ListItem\",\"position\":1,\"name\":\"Accueil\",\"item\":\"https:\/\/kapitalis.com\/tunisie\/\"},{\"@type\":\"ListItem\",\"position\":2,\"name\":\"\u00ab\u00a0Les foul\u00e9es vertes de Tunis\u00a0\u00bb : Un marathon pour sensibliser au don d&rsquo;organes\"}]},{\"@type\":\"WebSite\",\"@id\":\"https:\/\/kapitalis.com\/tunisie\/#website\",\"url\":\"https:\/\/kapitalis.com\/tunisie\/\",\"name\":\"Kapitalis\",\"description\":\"L&#039;actualit\u00e9 en Tunisie et dans le monde\",\"publisher\":{\"@id\":\"https:\/\/kapitalis.com\/tunisie\/#organization\"},\"potentialAction\":[{\"@type\":\"SearchAction\",\"target\":{\"@type\":\"EntryPoint\",\"urlTemplate\":\"https:\/\/kapitalis.com\/tunisie\/?s={search_term_string}\"},\"query-input\":{\"@type\":\"PropertyValueSpecification\",\"valueRequired\":true,\"valueName\":\"search_term_string\"}}],\"inLanguage\":\"fr-FR\"},{\"@type\":\"Organization\",\"@id\":\"https:\/\/kapitalis.com\/tunisie\/#organization\",\"name\":\"Kapitalis\",\"url\":\"https:\/\/kapitalis.com\/tunisie\/\",\"logo\":{\"@type\":\"ImageObject\",\"inLanguage\":\"fr-FR\",\"@id\":\"https:\/\/kapitalis.com\/tunisie\/#\/schema\/logo\/image\/\",\"url\":\"https:\/\/kapitalis.com\/tunisie\/wp-content\/uploads\/2022\/05\/Kapitalis-big-size.png\",\"contentUrl\":\"https:\/\/kapitalis.com\/tunisie\/wp-content\/uploads\/2022\/05\/Kapitalis-big-size.png\",\"width\":5000,\"height\":1500,\"caption\":\"Kapitalis\"},\"image\":{\"@id\":\"https:\/\/kapitalis.com\/tunisie\/#\/schema\/logo\/image\/\"},\"sameAs\":[\"https:\/\/www.facebook.com\/KapitalisInfo\/\",\"https:\/\/x.com\/KapitalisInfo\",\"https:\/\/www.youtube.com\/channel\/UC-yDYrHyfFBWWZaOw3FPg9Q\"]},{\"@type\":\"Person\",\"@id\":\"https:\/\/kapitalis.com\/tunisie\/#\/schema\/person\/73a5ecc1f6ae540c6ed91342eadca948\",\"name\":\"Fawz BenAli\",\"url\":\"https:\/\/kapitalis.com\/tunisie\/author\/fawz\/\"}]}<\/script>\n<!-- \/ Yoast SEO plugin. -->","yoast_head_json":{"title":"\"Les foul\u00e9es vertes de Tunis\" : Un marathon pour sensibliser au don d'organes - Kapitalis","robots":{"index":"index","follow":"follow","max-snippet":"max-snippet:-1","max-image-preview":"max-image-preview:large","max-video-preview":"max-video-preview:-1"},"canonical":"https:\/\/kapitalis.com\/tunisie\/2021\/10\/12\/les-foulees-vertes-de-tunis-un-marathon-pour-sensibliser-au-don-dorganes\/","og_locale":"fr_FR","og_type":"article","og_title":"\"Les foul\u00e9es vertes de Tunis\" : Un marathon pour sensibliser au don d'organes - Kapitalis","og_description":"La premi\u00e8re \u00e9dition de l\u2019\u00e9v\u00e9nement de sensibilisation au don d\u2019organes \u00ab&nbsp;Les Foul\u00e9es vertes&nbsp;\u00bb aura lieu les 16 et 17 octobre \u00e0 l\u2019avenue Habib Bourguiba \u00e0 Tunis.","og_url":"https:\/\/kapitalis.com\/tunisie\/2021\/10\/12\/les-foulees-vertes-de-tunis-un-marathon-pour-sensibliser-au-don-dorganes\/","og_site_name":"Kapitalis","article_publisher":"https:\/\/www.facebook.com\/KapitalisInfo\/","article_published_time":"2021-10-12T07:26:50+00:00","article_modified_time":"2021-10-12T07:29:25+00:00","og_image":[{"width":1200,"height":630,"url":"https:\/\/kapitalis.com\/tunisie\/wp-content\/uploads\/2022\/05\/kapitalis-logo-fb.png","type":"image\/png"}],"author":"Fawz BenAli","twitter_card":"summary_large_image","twitter_creator":"@KapitalisInfo","twitter_site":"@KapitalisInfo","twitter_misc":{"\u00c9crit par":"Fawz BenAli","Dur\u00e9e de lecture estim\u00e9e":"1 minute"},"schema":{"@context":"https:\/\/schema.org","@graph":[{"@type":"Article","@id":"https:\/\/kapitalis.com\/tunisie\/2021\/10\/12\/les-foulees-vertes-de-tunis-un-marathon-pour-sensibliser-au-don-dorganes\/#article","isPartOf":{"@id":"https:\/\/kapitalis.com\/tunisie\/2021\/10\/12\/les-foulees-vertes-de-tunis-un-marathon-pour-sensibliser-au-don-dorganes\/"},"author":{"name":"Fawz BenAli","@id":"https:\/\/kapitalis.com\/tunisie\/#\/schema\/person\/73a5ecc1f6ae540c6ed91342eadca948"},"headline":"\u00ab\u00a0Les foul\u00e9es vertes de Tunis\u00a0\u00bb : Un marathon pour sensibliser au don d&rsquo;organes","datePublished":"2021-10-12T07:26:50+00:00","dateModified":"2021-10-12T07:29:25+00:00","mainEntityOfPage":{"@id":"https:\/\/kapitalis.com\/tunisie\/2021\/10\/12\/les-foulees-vertes-de-tunis-un-marathon-pour-sensibliser-au-don-dorganes\/"},"wordCount":216,"commentCount":0,"publisher":{"@id":"https:\/\/kapitalis.com\/tunisie\/#organization"},"image":{"@id":"https:\/\/kapitalis.com\/tunisie\/2021\/10\/12\/les-foulees-vertes-de-tunis-un-marathon-pour-sensibliser-au-don-dorganes\/#primaryimage"},"thumbnailUrl":"","keywords":["don d\u2019organes","Les Foul\u00e9es vertes","marathon","Nidhal Saadi","Tunisie"],"articleSection":["SOCIETE","SPORT","Tunisie"],"inLanguage":"fr-FR","potentialAction":[{"@type":"CommentAction","name":"Comment","target":["https:\/\/kapitalis.com\/tunisie\/2021\/10\/12\/les-foulees-vertes-de-tunis-un-marathon-pour-sensibliser-au-don-dorganes\/#respond"]}]},{"@type":"WebPage","@id":"https:\/\/kapitalis.com\/tunisie\/2021\/10\/12\/les-foulees-vertes-de-tunis-un-marathon-pour-sensibliser-au-don-dorganes\/","url":"https:\/\/kapitalis.com\/tunisie\/2021\/10\/12\/les-foulees-vertes-de-tunis-un-marathon-pour-sensibliser-au-don-dorganes\/","name":"\"Les foul\u00e9es vertes de Tunis\" : Un marathon pour sensibliser au don d'organes - Kapitalis","isPartOf":{"@id":"https:\/\/kapitalis.com\/tunisie\/#website"},"primaryImageOfPage":{"@id":"https:\/\/kapitalis.com\/tunisie\/2021\/10\/12\/les-foulees-vertes-de-tunis-un-marathon-pour-sensibliser-au-don-dorganes\/#primaryimage"},"image":{"@id":"https:\/\/kapitalis.com\/tunisie\/2021\/10\/12\/les-foulees-vertes-de-tunis-un-marathon-pour-sensibliser-au-don-dorganes\/#primaryimage"},"thumbnailUrl":"","datePublished":"2021-10-12T07:26:50+00:00","dateModified":"2021-10-12T07:29:25+00:00","breadcrumb":{"@id":"https:\/\/kapitalis.com\/tunisie\/2021\/10\/12\/les-foulees-vertes-de-tunis-un-marathon-pour-sensibliser-au-don-dorganes\/#breadcrumb"},"inLanguage":"fr-FR","potentialAction":[{"@type":"ReadAction","target":["https:\/\/kapitalis.com\/tunisie\/2021\/10\/12\/les-foulees-vertes-de-tunis-un-marathon-pour-sensibliser-au-don-dorganes\/"]}]},{"@type":"ImageObject","inLanguage":"fr-FR","@id":"https:\/\/kapitalis.com\/tunisie\/2021\/10\/12\/les-foulees-vertes-de-tunis-un-marathon-pour-sensibliser-au-don-dorganes\/#primaryimage","url":"","contentUrl":""},{"@type":"BreadcrumbList","@id":"https:\/\/kapitalis.com\/tunisie\/2021\/10\/12\/les-foulees-vertes-de-tunis-un-marathon-pour-sensibliser-au-don-dorganes\/#breadcrumb","itemListElement":[{"@type":"ListItem","position":1,"name":"Accueil","item":"https:\/\/kapitalis.com\/tunisie\/"},{"@type":"ListItem","position":2,"name":"\u00ab\u00a0Les foul\u00e9es vertes de Tunis\u00a0\u00bb : Un marathon pour sensibliser au don d&rsquo;organes"}]},{"@type":"WebSite","@id":"https:\/\/kapitalis.com\/tunisie\/#website","url":"https:\/\/kapitalis.com\/tunisie\/","name":"Kapitalis","description":"L&#039;actualit\u00e9 en Tunisie et dans le monde","publisher":{"@id":"https:\/\/kapitalis.com\/tunisie\/#organization"},"potentialAction":[{"@type":"SearchAction","target":{"@type":"EntryPoint","urlTemplate":"https:\/\/kapitalis.com\/tunisie\/?s={search_term_string}"},"query-input":{"@type":"PropertyValueSpecification","valueRequired":true,"valueName":"search_term_string"}}],"inLanguage":"fr-FR"},{"@type":"Organization","@id":"https:\/\/kapitalis.com\/tunisie\/#organization","name":"Kapitalis","url":"https:\/\/kapitalis.com\/tunisie\/","logo":{"@type":"ImageObject","inLanguage":"fr-FR","@id":"https:\/\/kapitalis.com\/tunisie\/#\/schema\/logo\/image\/","url":"https:\/\/kapitalis.com\/tunisie\/wp-content\/uploads\/2022\/05\/Kapitalis-big-size.png","contentUrl":"https:\/\/kapitalis.com\/tunisie\/wp-content\/uploads\/2022\/05\/Kapitalis-big-size.png","width":5000,"height":1500,"caption":"Kapitalis"},"image":{"@id":"https:\/\/kapitalis.com\/tunisie\/#\/schema\/logo\/image\/"},"sameAs":["https:\/\/www.facebook.com\/KapitalisInfo\/","https:\/\/x.com\/KapitalisInfo","https:\/\/www.youtube.com\/channel\/UC-yDYrHyfFBWWZaOw3FPg9Q"]},{"@type":"Person","@id":"https:\/\/kapitalis.com\/tunisie\/#\/schema\/person\/73a5ecc1f6ae540c6ed91342eadca948","name":"Fawz BenAli","url":"https:\/\/kapitalis.com\/tunisie\/author\/fawz\/"}]}},"_links":{"self":[{"href":"https:\/\/kapitalis.com\/tunisie\/wp-json\/wp\/v2\/posts\/365867","targetHints":{"allow":["GET"]}}],"collection":[{"href":"https:\/\/kapitalis.com\/tunisie\/wp-json\/wp\/v2\/posts"}],"about":[{"href":"https:\/\/kapitalis.com\/tunisie\/wp-json\/wp\/v2\/types\/post"}],"author":[{"embeddable":true,"href":"https:\/\/kapitalis.com\/tunisie\/wp-json\/wp\/v2\/users\/26"}],"replies":[{"embeddable":true,"href":"https:\/\/kapitalis.com\/tunisie\/wp-json\/wp\/v2\/comments?post=365867"}],"version-history":[{"count":0,"href":"https:\/\/kapitalis.com\/tunisie\/wp-json\/wp\/v2\/posts\/365867\/revisions"}],"wp:featuredmedia":[{"embeddable":true,"href":"https:\/\/kapitalis.com\/tunisie\/wp-json\/wp\/v2\/media\/365868"}],"wp:attachment":[{"href":"https:\/\/kapitalis.com\/tunisie\/wp-json\/wp\/v2\/media?parent=365867"}],"wp:term":[{"taxonomy":"category","embeddable":true,"href":"https:\/\/kapitalis.com\/tunisie\/wp-json\/wp\/v2\/categories?post=365867"},{"taxonomy":"post_tag","embeddable":true,"href":"https:\/\/kapitalis.com\/tunisie\/wp-json\/wp\/v2\/tags?post=365867"}],"curies":[{"name":"wp","href":"https:\/\/api.w.org\/{rel}","templated":true}]}}