{"id":366055,"date":"2021-10-13T14:47:11","date_gmt":"2021-10-13T13:47:11","guid":{"rendered":"http:\/\/kapitalis.com\/tunisie\/?p=366055"},"modified":"2021-10-13T15:08:13","modified_gmt":"2021-10-13T14:08:13","slug":"le-film-evenement-eiffel-sort-aujourdhui-en-tunisie","status":"publish","type":"post","link":"https:\/\/kapitalis.com\/tunisie\/2021\/10\/13\/le-film-evenement-eiffel-sort-aujourdhui-en-tunisie\/","title":{"rendered":"Le film \u00e9v\u00e9nement \u00ab\u00a0Eiffel\u00a0\u00bb sort aujourd&rsquo;hui en Tunisie"},"content":{"rendered":"\n<div class=\"wp-block-image\"><figure class=\"aligncenter size-full\"><img decoding=\"async\" src=\"http:\/\/kapitalis.com\/tunisie\/wp-content\/uploads\/2021\/10\/Untitled-2-7.jpg\" alt=\"\" class=\"wp-image-366058\"\/><\/figure><\/div>\n\n\n\n<p><em><strong>Le film fran\u00e7ais tant attendu \u00ab&nbsp;Eiffel&nbsp;\u00bb de Martin Bourboulon sort aujourd\u2019hui dans les salles Path\u00e9 en Tunisie au m\u00eame titre qu\u2019en France. Le film qui met \u00e0 l\u2019affiche Romain Duris et Emma Mackey nous plonge dans le Paris du 19<sup>e<\/sup> si\u00e8cle pour raconter l\u2019histoire de la construction de la Tour Eiffel.<\/strong><\/em><\/p>\n\n\n\n<!--more-->\n\n\n\n<p>Fut un temps o\u00f9 les grands films internationaux prenaient des mois avant de sortir dans nos salles tunisiennes apr\u00e8s leur premi\u00e8re mondiale. Mais, il est d\u00e9sormais possible pour les cin\u00e9philes tunisiens de d\u00e9couvrir les nouveaut\u00e9s cin\u00e9matographiques en m\u00eame temps que le reste du monde ; c&rsquo;est le cas avec \u00ab&nbsp;<em>Eiffel&nbsp;<\/em>\u00bb qui sort en France et en Tunisie le m\u00eame jour (13 octobre).<\/p>\n\n\n\n<p>\u00ab&nbsp;Eiffel&nbsp;\u00bb est un film historique r\u00e9alis\u00e9 par Martin Bourboulon et interpr\u00e9t\u00e9 par les deux stars Roman Duris et Emma Mackey (connue pour avoir jou\u00e9 dans la s\u00e9rie Netflix \u00ab&nbsp;<em>Sex Education<\/em>&nbsp;\u00bb).<\/p>\n\n\n\n<p>Tant attendu par le public et les critiques fran\u00e7ais, \u00ab&nbsp;Eiffel&nbsp;\u00bb raconte l\u2019histoire d\u2019amour qui a li\u00e9 le grand architecte et ing\u00e9nieur fran\u00e7ais Gustave Eiffel avec Adrienne Bourg\u00e8s, et qui selon le film, a inspir\u00e9 la conception de la Tour Eiffel. Le film revient \u00e9galement sur la pression \u00e0 laquelle Gustave Eiffel devait faire face durant la construction du grand monument parisien qui devait \u00eatre pr\u00eat pour l\u2019Exposition universelle de Paris de 1889.<\/p>\n\n\n\n<p>Avec pr\u00e8s de 24 millions de budget, \u00ab&nbsp;Eiffel&nbsp;\u00bb a \u00e9t\u00e9 la plus grosse production fran\u00e7aise de 2020 (ann\u00e9e durant laquelle le film a \u00e9t\u00e9 tourn\u00e9).<\/p>\n\n\n\n<p class=\"has-text-align-right\"><strong>Fawz Benali<\/strong><\/p>\n","protected":false},"excerpt":{"rendered":"<p>Le film fran\u00e7ais tant attendu \u00ab&nbsp;Eiffel&nbsp;\u00bb de Martin Bourboulon sort aujourd\u2019hui dans les salles Path\u00e9 en Tunisie au m\u00eame titre qu\u2019en France. Le film qui met \u00e0 l\u2019affiche Romain Duris et Emma Mackey nous plonge dans le Paris du 19e si\u00e8cle pour raconter l\u2019histoire de la construction de la Tour Eiffel.<\/p>\n","protected":false},"author":26,"featured_media":366058,"comment_status":"open","ping_status":"open","sticky":false,"template":"","format":"standard","meta":{"footnotes":""},"categories":[994,2433],"tags":[94054,94055,94061,62643],"class_list":["post-366055","post","type-post","status-publish","format-standard","has-post-thumbnail","hentry","category-culture","category-tunisie","tag-film-eiffel","tag-gustave-eiffel","tag-pathe","tag-tunisie"],"yoast_head":"<!-- This site is optimized with the Yoast SEO plugin v26.6 - https:\/\/yoast.com\/wordpress\/plugins\/seo\/ -->\n<title>Le film \u00e9v\u00e9nement &quot;Eiffel&quot; sort aujourd&#039;hui en Tunisie - Kapitalis<\/title>\n<meta name=\"robots\" content=\"index, follow, max-snippet:-1, max-image-preview:large, max-video-preview:-1\" \/>\n<link rel=\"canonical\" href=\"https:\/\/kapitalis.com\/tunisie\/2021\/10\/13\/le-film-evenement-eiffel-sort-aujourdhui-en-tunisie\/\" \/>\n<meta property=\"og:locale\" content=\"fr_FR\" \/>\n<meta property=\"og:type\" content=\"article\" \/>\n<meta property=\"og:title\" content=\"Le film \u00e9v\u00e9nement &quot;Eiffel&quot; sort aujourd&#039;hui en Tunisie - Kapitalis\" \/>\n<meta property=\"og:description\" content=\"Le film fran\u00e7ais tant attendu \u00ab&nbsp;Eiffel&nbsp;\u00bb de Martin Bourboulon sort aujourd\u2019hui dans les salles Path\u00e9 en Tunisie au m\u00eame titre qu\u2019en France. Le film qui met \u00e0 l\u2019affiche Romain Duris et Emma Mackey nous plonge dans le Paris du 19e si\u00e8cle pour raconter l\u2019histoire de la construction de la Tour Eiffel.\" \/>\n<meta property=\"og:url\" content=\"https:\/\/kapitalis.com\/tunisie\/2021\/10\/13\/le-film-evenement-eiffel-sort-aujourdhui-en-tunisie\/\" \/>\n<meta property=\"og:site_name\" content=\"Kapitalis\" \/>\n<meta property=\"article:publisher\" content=\"https:\/\/www.facebook.com\/KapitalisInfo\/\" \/>\n<meta property=\"article:published_time\" content=\"2021-10-13T13:47:11+00:00\" \/>\n<meta property=\"article:modified_time\" content=\"2021-10-13T14:08:13+00:00\" \/>\n<meta property=\"og:image\" content=\"https:\/\/kapitalis.com\/tunisie\/wp-content\/uploads\/2022\/05\/kapitalis-logo-fb.png\" \/>\n\t<meta property=\"og:image:width\" content=\"1200\" \/>\n\t<meta property=\"og:image:height\" content=\"630\" \/>\n\t<meta property=\"og:image:type\" content=\"image\/png\" \/>\n<meta name=\"author\" content=\"Fawz BenAli\" \/>\n<meta name=\"twitter:card\" content=\"summary_large_image\" \/>\n<meta name=\"twitter:creator\" content=\"@KapitalisInfo\" \/>\n<meta name=\"twitter:site\" content=\"@KapitalisInfo\" \/>\n<meta name=\"twitter:label1\" content=\"\u00c9crit par\" \/>\n\t<meta name=\"twitter:data1\" content=\"Fawz BenAli\" \/>\n\t<meta name=\"twitter:label2\" content=\"Dur\u00e9e de lecture estim\u00e9e\" \/>\n\t<meta name=\"twitter:data2\" content=\"1 minute\" \/>\n<script type=\"application\/ld+json\" class=\"yoast-schema-graph\">{\"@context\":\"https:\/\/schema.org\",\"@graph\":[{\"@type\":\"Article\",\"@id\":\"https:\/\/kapitalis.com\/tunisie\/2021\/10\/13\/le-film-evenement-eiffel-sort-aujourdhui-en-tunisie\/#article\",\"isPartOf\":{\"@id\":\"https:\/\/kapitalis.com\/tunisie\/2021\/10\/13\/le-film-evenement-eiffel-sort-aujourdhui-en-tunisie\/\"},\"author\":{\"name\":\"Fawz BenAli\",\"@id\":\"https:\/\/kapitalis.com\/tunisie\/#\/schema\/person\/73a5ecc1f6ae540c6ed91342eadca948\"},\"headline\":\"Le film \u00e9v\u00e9nement \u00ab\u00a0Eiffel\u00a0\u00bb sort aujourd&rsquo;hui en Tunisie\",\"datePublished\":\"2021-10-13T13:47:11+00:00\",\"dateModified\":\"2021-10-13T14:08:13+00:00\",\"mainEntityOfPage\":{\"@id\":\"https:\/\/kapitalis.com\/tunisie\/2021\/10\/13\/le-film-evenement-eiffel-sort-aujourdhui-en-tunisie\/\"},\"wordCount\":286,\"commentCount\":1,\"publisher\":{\"@id\":\"https:\/\/kapitalis.com\/tunisie\/#organization\"},\"image\":{\"@id\":\"https:\/\/kapitalis.com\/tunisie\/2021\/10\/13\/le-film-evenement-eiffel-sort-aujourdhui-en-tunisie\/#primaryimage\"},\"thumbnailUrl\":\"\",\"keywords\":[\"Film Eiffel\",\"Gustave Eiffel\",\"Path\u00e9\",\"Tunisie\"],\"articleSection\":[\"CULTURE\",\"Tunisie\"],\"inLanguage\":\"fr-FR\",\"potentialAction\":[{\"@type\":\"CommentAction\",\"name\":\"Comment\",\"target\":[\"https:\/\/kapitalis.com\/tunisie\/2021\/10\/13\/le-film-evenement-eiffel-sort-aujourdhui-en-tunisie\/#respond\"]}]},{\"@type\":\"WebPage\",\"@id\":\"https:\/\/kapitalis.com\/tunisie\/2021\/10\/13\/le-film-evenement-eiffel-sort-aujourdhui-en-tunisie\/\",\"url\":\"https:\/\/kapitalis.com\/tunisie\/2021\/10\/13\/le-film-evenement-eiffel-sort-aujourdhui-en-tunisie\/\",\"name\":\"Le film \u00e9v\u00e9nement \\\"Eiffel\\\" sort aujourd'hui en Tunisie - Kapitalis\",\"isPartOf\":{\"@id\":\"https:\/\/kapitalis.com\/tunisie\/#website\"},\"primaryImageOfPage\":{\"@id\":\"https:\/\/kapitalis.com\/tunisie\/2021\/10\/13\/le-film-evenement-eiffel-sort-aujourdhui-en-tunisie\/#primaryimage\"},\"image\":{\"@id\":\"https:\/\/kapitalis.com\/tunisie\/2021\/10\/13\/le-film-evenement-eiffel-sort-aujourdhui-en-tunisie\/#primaryimage\"},\"thumbnailUrl\":\"\",\"datePublished\":\"2021-10-13T13:47:11+00:00\",\"dateModified\":\"2021-10-13T14:08:13+00:00\",\"breadcrumb\":{\"@id\":\"https:\/\/kapitalis.com\/tunisie\/2021\/10\/13\/le-film-evenement-eiffel-sort-aujourdhui-en-tunisie\/#breadcrumb\"},\"inLanguage\":\"fr-FR\",\"potentialAction\":[{\"@type\":\"ReadAction\",\"target\":[\"https:\/\/kapitalis.com\/tunisie\/2021\/10\/13\/le-film-evenement-eiffel-sort-aujourdhui-en-tunisie\/\"]}]},{\"@type\":\"ImageObject\",\"inLanguage\":\"fr-FR\",\"@id\":\"https:\/\/kapitalis.com\/tunisie\/2021\/10\/13\/le-film-evenement-eiffel-sort-aujourdhui-en-tunisie\/#primaryimage\",\"url\":\"\",\"contentUrl\":\"\"},{\"@type\":\"BreadcrumbList\",\"@id\":\"https:\/\/kapitalis.com\/tunisie\/2021\/10\/13\/le-film-evenement-eiffel-sort-aujourdhui-en-tunisie\/#breadcrumb\",\"itemListElement\":[{\"@type\":\"ListItem\",\"position\":1,\"name\":\"Accueil\",\"item\":\"https:\/\/kapitalis.com\/tunisie\/\"},{\"@type\":\"ListItem\",\"position\":2,\"name\":\"Le film \u00e9v\u00e9nement \u00ab\u00a0Eiffel\u00a0\u00bb sort aujourd&rsquo;hui en Tunisie\"}]},{\"@type\":\"WebSite\",\"@id\":\"https:\/\/kapitalis.com\/tunisie\/#website\",\"url\":\"https:\/\/kapitalis.com\/tunisie\/\",\"name\":\"Kapitalis\",\"description\":\"L&#039;actualit\u00e9 en Tunisie et dans le monde\",\"publisher\":{\"@id\":\"https:\/\/kapitalis.com\/tunisie\/#organization\"},\"potentialAction\":[{\"@type\":\"SearchAction\",\"target\":{\"@type\":\"EntryPoint\",\"urlTemplate\":\"https:\/\/kapitalis.com\/tunisie\/?s={search_term_string}\"},\"query-input\":{\"@type\":\"PropertyValueSpecification\",\"valueRequired\":true,\"valueName\":\"search_term_string\"}}],\"inLanguage\":\"fr-FR\"},{\"@type\":\"Organization\",\"@id\":\"https:\/\/kapitalis.com\/tunisie\/#organization\",\"name\":\"Kapitalis\",\"url\":\"https:\/\/kapitalis.com\/tunisie\/\",\"logo\":{\"@type\":\"ImageObject\",\"inLanguage\":\"fr-FR\",\"@id\":\"https:\/\/kapitalis.com\/tunisie\/#\/schema\/logo\/image\/\",\"url\":\"https:\/\/kapitalis.com\/tunisie\/wp-content\/uploads\/2022\/05\/Kapitalis-big-size.png\",\"contentUrl\":\"https:\/\/kapitalis.com\/tunisie\/wp-content\/uploads\/2022\/05\/Kapitalis-big-size.png\",\"width\":5000,\"height\":1500,\"caption\":\"Kapitalis\"},\"image\":{\"@id\":\"https:\/\/kapitalis.com\/tunisie\/#\/schema\/logo\/image\/\"},\"sameAs\":[\"https:\/\/www.facebook.com\/KapitalisInfo\/\",\"https:\/\/x.com\/KapitalisInfo\",\"https:\/\/www.youtube.com\/channel\/UC-yDYrHyfFBWWZaOw3FPg9Q\"]},{\"@type\":\"Person\",\"@id\":\"https:\/\/kapitalis.com\/tunisie\/#\/schema\/person\/73a5ecc1f6ae540c6ed91342eadca948\",\"name\":\"Fawz BenAli\",\"url\":\"https:\/\/kapitalis.com\/tunisie\/author\/fawz\/\"}]}<\/script>\n<!-- \/ Yoast SEO plugin. -->","yoast_head_json":{"title":"Le film \u00e9v\u00e9nement \"Eiffel\" sort aujourd'hui en Tunisie - Kapitalis","robots":{"index":"index","follow":"follow","max-snippet":"max-snippet:-1","max-image-preview":"max-image-preview:large","max-video-preview":"max-video-preview:-1"},"canonical":"https:\/\/kapitalis.com\/tunisie\/2021\/10\/13\/le-film-evenement-eiffel-sort-aujourdhui-en-tunisie\/","og_locale":"fr_FR","og_type":"article","og_title":"Le film \u00e9v\u00e9nement \"Eiffel\" sort aujourd'hui en Tunisie - Kapitalis","og_description":"Le film fran\u00e7ais tant attendu \u00ab&nbsp;Eiffel&nbsp;\u00bb de Martin Bourboulon sort aujourd\u2019hui dans les salles Path\u00e9 en Tunisie au m\u00eame titre qu\u2019en France. Le film qui met \u00e0 l\u2019affiche Romain Duris et Emma Mackey nous plonge dans le Paris du 19e si\u00e8cle pour raconter l\u2019histoire de la construction de la Tour Eiffel.","og_url":"https:\/\/kapitalis.com\/tunisie\/2021\/10\/13\/le-film-evenement-eiffel-sort-aujourdhui-en-tunisie\/","og_site_name":"Kapitalis","article_publisher":"https:\/\/www.facebook.com\/KapitalisInfo\/","article_published_time":"2021-10-13T13:47:11+00:00","article_modified_time":"2021-10-13T14:08:13+00:00","og_image":[{"width":1200,"height":630,"url":"https:\/\/kapitalis.com\/tunisie\/wp-content\/uploads\/2022\/05\/kapitalis-logo-fb.png","type":"image\/png"}],"author":"Fawz BenAli","twitter_card":"summary_large_image","twitter_creator":"@KapitalisInfo","twitter_site":"@KapitalisInfo","twitter_misc":{"\u00c9crit par":"Fawz BenAli","Dur\u00e9e de lecture estim\u00e9e":"1 minute"},"schema":{"@context":"https:\/\/schema.org","@graph":[{"@type":"Article","@id":"https:\/\/kapitalis.com\/tunisie\/2021\/10\/13\/le-film-evenement-eiffel-sort-aujourdhui-en-tunisie\/#article","isPartOf":{"@id":"https:\/\/kapitalis.com\/tunisie\/2021\/10\/13\/le-film-evenement-eiffel-sort-aujourdhui-en-tunisie\/"},"author":{"name":"Fawz BenAli","@id":"https:\/\/kapitalis.com\/tunisie\/#\/schema\/person\/73a5ecc1f6ae540c6ed91342eadca948"},"headline":"Le film \u00e9v\u00e9nement \u00ab\u00a0Eiffel\u00a0\u00bb sort aujourd&rsquo;hui en Tunisie","datePublished":"2021-10-13T13:47:11+00:00","dateModified":"2021-10-13T14:08:13+00:00","mainEntityOfPage":{"@id":"https:\/\/kapitalis.com\/tunisie\/2021\/10\/13\/le-film-evenement-eiffel-sort-aujourdhui-en-tunisie\/"},"wordCount":286,"commentCount":1,"publisher":{"@id":"https:\/\/kapitalis.com\/tunisie\/#organization"},"image":{"@id":"https:\/\/kapitalis.com\/tunisie\/2021\/10\/13\/le-film-evenement-eiffel-sort-aujourdhui-en-tunisie\/#primaryimage"},"thumbnailUrl":"","keywords":["Film Eiffel","Gustave Eiffel","Path\u00e9","Tunisie"],"articleSection":["CULTURE","Tunisie"],"inLanguage":"fr-FR","potentialAction":[{"@type":"CommentAction","name":"Comment","target":["https:\/\/kapitalis.com\/tunisie\/2021\/10\/13\/le-film-evenement-eiffel-sort-aujourdhui-en-tunisie\/#respond"]}]},{"@type":"WebPage","@id":"https:\/\/kapitalis.com\/tunisie\/2021\/10\/13\/le-film-evenement-eiffel-sort-aujourdhui-en-tunisie\/","url":"https:\/\/kapitalis.com\/tunisie\/2021\/10\/13\/le-film-evenement-eiffel-sort-aujourdhui-en-tunisie\/","name":"Le film \u00e9v\u00e9nement \"Eiffel\" sort aujourd'hui en Tunisie - Kapitalis","isPartOf":{"@id":"https:\/\/kapitalis.com\/tunisie\/#website"},"primaryImageOfPage":{"@id":"https:\/\/kapitalis.com\/tunisie\/2021\/10\/13\/le-film-evenement-eiffel-sort-aujourdhui-en-tunisie\/#primaryimage"},"image":{"@id":"https:\/\/kapitalis.com\/tunisie\/2021\/10\/13\/le-film-evenement-eiffel-sort-aujourdhui-en-tunisie\/#primaryimage"},"thumbnailUrl":"","datePublished":"2021-10-13T13:47:11+00:00","dateModified":"2021-10-13T14:08:13+00:00","breadcrumb":{"@id":"https:\/\/kapitalis.com\/tunisie\/2021\/10\/13\/le-film-evenement-eiffel-sort-aujourdhui-en-tunisie\/#breadcrumb"},"inLanguage":"fr-FR","potentialAction":[{"@type":"ReadAction","target":["https:\/\/kapitalis.com\/tunisie\/2021\/10\/13\/le-film-evenement-eiffel-sort-aujourdhui-en-tunisie\/"]}]},{"@type":"ImageObject","inLanguage":"fr-FR","@id":"https:\/\/kapitalis.com\/tunisie\/2021\/10\/13\/le-film-evenement-eiffel-sort-aujourdhui-en-tunisie\/#primaryimage","url":"","contentUrl":""},{"@type":"BreadcrumbList","@id":"https:\/\/kapitalis.com\/tunisie\/2021\/10\/13\/le-film-evenement-eiffel-sort-aujourdhui-en-tunisie\/#breadcrumb","itemListElement":[{"@type":"ListItem","position":1,"name":"Accueil","item":"https:\/\/kapitalis.com\/tunisie\/"},{"@type":"ListItem","position":2,"name":"Le film \u00e9v\u00e9nement \u00ab\u00a0Eiffel\u00a0\u00bb sort aujourd&rsquo;hui en Tunisie"}]},{"@type":"WebSite","@id":"https:\/\/kapitalis.com\/tunisie\/#website","url":"https:\/\/kapitalis.com\/tunisie\/","name":"Kapitalis","description":"L&#039;actualit\u00e9 en Tunisie et dans le monde","publisher":{"@id":"https:\/\/kapitalis.com\/tunisie\/#organization"},"potentialAction":[{"@type":"SearchAction","target":{"@type":"EntryPoint","urlTemplate":"https:\/\/kapitalis.com\/tunisie\/?s={search_term_string}"},"query-input":{"@type":"PropertyValueSpecification","valueRequired":true,"valueName":"search_term_string"}}],"inLanguage":"fr-FR"},{"@type":"Organization","@id":"https:\/\/kapitalis.com\/tunisie\/#organization","name":"Kapitalis","url":"https:\/\/kapitalis.com\/tunisie\/","logo":{"@type":"ImageObject","inLanguage":"fr-FR","@id":"https:\/\/kapitalis.com\/tunisie\/#\/schema\/logo\/image\/","url":"https:\/\/kapitalis.com\/tunisie\/wp-content\/uploads\/2022\/05\/Kapitalis-big-size.png","contentUrl":"https:\/\/kapitalis.com\/tunisie\/wp-content\/uploads\/2022\/05\/Kapitalis-big-size.png","width":5000,"height":1500,"caption":"Kapitalis"},"image":{"@id":"https:\/\/kapitalis.com\/tunisie\/#\/schema\/logo\/image\/"},"sameAs":["https:\/\/www.facebook.com\/KapitalisInfo\/","https:\/\/x.com\/KapitalisInfo","https:\/\/www.youtube.com\/channel\/UC-yDYrHyfFBWWZaOw3FPg9Q"]},{"@type":"Person","@id":"https:\/\/kapitalis.com\/tunisie\/#\/schema\/person\/73a5ecc1f6ae540c6ed91342eadca948","name":"Fawz BenAli","url":"https:\/\/kapitalis.com\/tunisie\/author\/fawz\/"}]}},"_links":{"self":[{"href":"https:\/\/kapitalis.com\/tunisie\/wp-json\/wp\/v2\/posts\/366055","targetHints":{"allow":["GET"]}}],"collection":[{"href":"https:\/\/kapitalis.com\/tunisie\/wp-json\/wp\/v2\/posts"}],"about":[{"href":"https:\/\/kapitalis.com\/tunisie\/wp-json\/wp\/v2\/types\/post"}],"author":[{"embeddable":true,"href":"https:\/\/kapitalis.com\/tunisie\/wp-json\/wp\/v2\/users\/26"}],"replies":[{"embeddable":true,"href":"https:\/\/kapitalis.com\/tunisie\/wp-json\/wp\/v2\/comments?post=366055"}],"version-history":[{"count":0,"href":"https:\/\/kapitalis.com\/tunisie\/wp-json\/wp\/v2\/posts\/366055\/revisions"}],"wp:featuredmedia":[{"embeddable":true,"href":"https:\/\/kapitalis.com\/tunisie\/wp-json\/wp\/v2\/media\/366058"}],"wp:attachment":[{"href":"https:\/\/kapitalis.com\/tunisie\/wp-json\/wp\/v2\/media?parent=366055"}],"wp:term":[{"taxonomy":"category","embeddable":true,"href":"https:\/\/kapitalis.com\/tunisie\/wp-json\/wp\/v2\/categories?post=366055"},{"taxonomy":"post_tag","embeddable":true,"href":"https:\/\/kapitalis.com\/tunisie\/wp-json\/wp\/v2\/tags?post=366055"}],"curies":[{"name":"wp","href":"https:\/\/api.w.org\/{rel}","templated":true}]}}