{"id":366119,"date":"2021-10-13T22:16:52","date_gmt":"2021-10-13T21:16:52","guid":{"rendered":"http:\/\/kapitalis.com\/tunisie\/?p=366119"},"modified":"2021-10-13T22:35:07","modified_gmt":"2021-10-13T21:35:07","slug":"arrestation-dun-individu-implique-dans-lagression-du-dr-adnen-nagi-aux-urgences-de-tozeur","status":"publish","type":"post","link":"https:\/\/kapitalis.com\/tunisie\/2021\/10\/13\/arrestation-dun-individu-implique-dans-lagression-du-dr-adnen-nagi-aux-urgences-de-tozeur\/","title":{"rendered":"Arrestation d&rsquo;un individu impliqu\u00e9 dans l&rsquo;agression du Dr Adnen Nagi, aux urgences de Tozeur"},"content":{"rendered":"\n<div class=\"wp-block-image\"><figure class=\"aligncenter size-full\"><img decoding=\"async\" src=\"http:\/\/kapitalis.com\/tunisie\/wp-content\/uploads\/2021\/10\/Adnen-Nagi.jpg\" alt=\"\" class=\"wp-image-366121\"\/><\/figure><\/div>\n\n\n\n<p><strong><em>La police a arr\u00eat\u00e9, ce mercredi 13 octobre 2021, l&rsquo;un des individus impliqu\u00e9 dans l&rsquo;agression, avant-hier, du Dr Adnen Nagi \u00e0 l&rsquo;h\u00f4pital r\u00e9gional de Tozeur.<\/em><\/strong><\/p>\n\n\n\n<!--more-->\n\n\n\n<p>C&rsquo;est ce qu&rsquo;a affirm\u00e9 son confr\u00e8re Yassine Sabri, en remerciant la justice, sachant que selon l&rsquo;Union r\u00e9gionale du travail de Tozeur et le Syndicat de base des m\u00e9decins, relevant de la centrale syndicale, Dr Adnen Nagi a \u00e9t\u00e9 agress\u00e9 aux urgences, par des proches d&rsquo;un patient alors qu&rsquo;il le prenait en charge.<\/p>\n\n\n\n<p>Plusieurs m\u00e9decins ont exprim\u00e9 leur solidarit\u00e9 avec Dr Nagi et se sont accord\u00e9s avec les Syndicats pour d\u00e9noncer cette agression et la recrudescence des violences contre les soignants pendant l\u2019exercice de leurs fonctions et ont appel\u00e9, dans ce sens, les autorit\u00e9s \u00e0 prot\u00e9ger les soldats en blouses blanches.<\/p>\n\n\n\n<p class=\"has-text-align-right\"><strong>Y. N.<\/strong><\/p>\n","protected":false},"excerpt":{"rendered":"<p>La police a arr\u00eat\u00e9, ce mercredi 13 octobre 2021, l&rsquo;un des individus impliqu\u00e9 dans l&rsquo;agression, avant-hier, du Dr Adnen Nagi \u00e0 l&rsquo;h\u00f4pital r\u00e9gional de Tozeur.<\/p>\n","protected":false},"author":6,"featured_media":366121,"comment_status":"open","ping_status":"open","sticky":false,"template":"","format":"standard","meta":{"footnotes":""},"categories":[998,2433],"tags":[94068,45,1337,5799],"class_list":["post-366119","post","type-post","status-publish","format-standard","has-post-thumbnail","hentry","category-societe","category-tunisie","tag-adnen-nagi","tag-agression","tag-medecins","tag-urgences"],"yoast_head":"<!-- This site is optimized with the Yoast SEO plugin v26.6 - https:\/\/yoast.com\/wordpress\/plugins\/seo\/ -->\n<title>Arrestation d&#039;un individu impliqu\u00e9 dans l&#039;agression du Dr Adnen Nagi, aux urgences de Tozeur - Kapitalis<\/title>\n<meta name=\"robots\" content=\"index, follow, max-snippet:-1, max-image-preview:large, max-video-preview:-1\" \/>\n<link rel=\"canonical\" href=\"https:\/\/kapitalis.com\/tunisie\/2021\/10\/13\/arrestation-dun-individu-implique-dans-lagression-du-dr-adnen-nagi-aux-urgences-de-tozeur\/\" \/>\n<meta property=\"og:locale\" content=\"fr_FR\" \/>\n<meta property=\"og:type\" content=\"article\" \/>\n<meta property=\"og:title\" content=\"Arrestation d&#039;un individu impliqu\u00e9 dans l&#039;agression du Dr Adnen Nagi, aux urgences de Tozeur - Kapitalis\" \/>\n<meta property=\"og:description\" content=\"La police a arr\u00eat\u00e9, ce mercredi 13 octobre 2021, l&rsquo;un des individus impliqu\u00e9 dans l&rsquo;agression, avant-hier, du Dr Adnen Nagi \u00e0 l&rsquo;h\u00f4pital r\u00e9gional de Tozeur.\" \/>\n<meta property=\"og:url\" content=\"https:\/\/kapitalis.com\/tunisie\/2021\/10\/13\/arrestation-dun-individu-implique-dans-lagression-du-dr-adnen-nagi-aux-urgences-de-tozeur\/\" \/>\n<meta property=\"og:site_name\" content=\"Kapitalis\" \/>\n<meta property=\"article:publisher\" content=\"https:\/\/www.facebook.com\/KapitalisInfo\/\" \/>\n<meta property=\"article:published_time\" content=\"2021-10-13T21:16:52+00:00\" \/>\n<meta property=\"article:modified_time\" content=\"2021-10-13T21:35:07+00:00\" \/>\n<meta property=\"og:image\" content=\"https:\/\/kapitalis.com\/tunisie\/wp-content\/uploads\/2022\/05\/kapitalis-logo-fb.png\" \/>\n\t<meta property=\"og:image:width\" content=\"1200\" \/>\n\t<meta property=\"og:image:height\" content=\"630\" \/>\n\t<meta property=\"og:image:type\" content=\"image\/png\" \/>\n<meta name=\"author\" content=\"Yusra NY\" \/>\n<meta name=\"twitter:card\" content=\"summary_large_image\" \/>\n<meta name=\"twitter:creator\" content=\"@KapitalisInfo\" \/>\n<meta name=\"twitter:site\" content=\"@KapitalisInfo\" \/>\n<meta name=\"twitter:label1\" content=\"\u00c9crit par\" \/>\n\t<meta name=\"twitter:data1\" content=\"Yusra NY\" \/>\n\t<meta name=\"twitter:label2\" content=\"Dur\u00e9e de lecture estim\u00e9e\" \/>\n\t<meta name=\"twitter:data2\" content=\"1 minute\" \/>\n<script type=\"application\/ld+json\" class=\"yoast-schema-graph\">{\"@context\":\"https:\/\/schema.org\",\"@graph\":[{\"@type\":\"Article\",\"@id\":\"https:\/\/kapitalis.com\/tunisie\/2021\/10\/13\/arrestation-dun-individu-implique-dans-lagression-du-dr-adnen-nagi-aux-urgences-de-tozeur\/#article\",\"isPartOf\":{\"@id\":\"https:\/\/kapitalis.com\/tunisie\/2021\/10\/13\/arrestation-dun-individu-implique-dans-lagression-du-dr-adnen-nagi-aux-urgences-de-tozeur\/\"},\"author\":{\"name\":\"Yusra NY\",\"@id\":\"https:\/\/kapitalis.com\/tunisie\/#\/schema\/person\/74bbde0154d49d790a92aaeac5bc01d5\"},\"headline\":\"Arrestation d&rsquo;un individu impliqu\u00e9 dans l&rsquo;agression du Dr Adnen Nagi, aux urgences de Tozeur\",\"datePublished\":\"2021-10-13T21:16:52+00:00\",\"dateModified\":\"2021-10-13T21:35:07+00:00\",\"mainEntityOfPage\":{\"@id\":\"https:\/\/kapitalis.com\/tunisie\/2021\/10\/13\/arrestation-dun-individu-implique-dans-lagression-du-dr-adnen-nagi-aux-urgences-de-tozeur\/\"},\"wordCount\":149,\"commentCount\":1,\"publisher\":{\"@id\":\"https:\/\/kapitalis.com\/tunisie\/#organization\"},\"image\":{\"@id\":\"https:\/\/kapitalis.com\/tunisie\/2021\/10\/13\/arrestation-dun-individu-implique-dans-lagression-du-dr-adnen-nagi-aux-urgences-de-tozeur\/#primaryimage\"},\"thumbnailUrl\":\"\",\"keywords\":[\"Adnen Nagi\",\"agression\",\"m\u00e9decins\",\"urgences\"],\"articleSection\":[\"SOCIETE\",\"Tunisie\"],\"inLanguage\":\"fr-FR\",\"potentialAction\":[{\"@type\":\"CommentAction\",\"name\":\"Comment\",\"target\":[\"https:\/\/kapitalis.com\/tunisie\/2021\/10\/13\/arrestation-dun-individu-implique-dans-lagression-du-dr-adnen-nagi-aux-urgences-de-tozeur\/#respond\"]}]},{\"@type\":\"WebPage\",\"@id\":\"https:\/\/kapitalis.com\/tunisie\/2021\/10\/13\/arrestation-dun-individu-implique-dans-lagression-du-dr-adnen-nagi-aux-urgences-de-tozeur\/\",\"url\":\"https:\/\/kapitalis.com\/tunisie\/2021\/10\/13\/arrestation-dun-individu-implique-dans-lagression-du-dr-adnen-nagi-aux-urgences-de-tozeur\/\",\"name\":\"Arrestation d'un individu impliqu\u00e9 dans l'agression du Dr Adnen Nagi, aux urgences de Tozeur - Kapitalis\",\"isPartOf\":{\"@id\":\"https:\/\/kapitalis.com\/tunisie\/#website\"},\"primaryImageOfPage\":{\"@id\":\"https:\/\/kapitalis.com\/tunisie\/2021\/10\/13\/arrestation-dun-individu-implique-dans-lagression-du-dr-adnen-nagi-aux-urgences-de-tozeur\/#primaryimage\"},\"image\":{\"@id\":\"https:\/\/kapitalis.com\/tunisie\/2021\/10\/13\/arrestation-dun-individu-implique-dans-lagression-du-dr-adnen-nagi-aux-urgences-de-tozeur\/#primaryimage\"},\"thumbnailUrl\":\"\",\"datePublished\":\"2021-10-13T21:16:52+00:00\",\"dateModified\":\"2021-10-13T21:35:07+00:00\",\"breadcrumb\":{\"@id\":\"https:\/\/kapitalis.com\/tunisie\/2021\/10\/13\/arrestation-dun-individu-implique-dans-lagression-du-dr-adnen-nagi-aux-urgences-de-tozeur\/#breadcrumb\"},\"inLanguage\":\"fr-FR\",\"potentialAction\":[{\"@type\":\"ReadAction\",\"target\":[\"https:\/\/kapitalis.com\/tunisie\/2021\/10\/13\/arrestation-dun-individu-implique-dans-lagression-du-dr-adnen-nagi-aux-urgences-de-tozeur\/\"]}]},{\"@type\":\"ImageObject\",\"inLanguage\":\"fr-FR\",\"@id\":\"https:\/\/kapitalis.com\/tunisie\/2021\/10\/13\/arrestation-dun-individu-implique-dans-lagression-du-dr-adnen-nagi-aux-urgences-de-tozeur\/#primaryimage\",\"url\":\"\",\"contentUrl\":\"\"},{\"@type\":\"BreadcrumbList\",\"@id\":\"https:\/\/kapitalis.com\/tunisie\/2021\/10\/13\/arrestation-dun-individu-implique-dans-lagression-du-dr-adnen-nagi-aux-urgences-de-tozeur\/#breadcrumb\",\"itemListElement\":[{\"@type\":\"ListItem\",\"position\":1,\"name\":\"Accueil\",\"item\":\"https:\/\/kapitalis.com\/tunisie\/\"},{\"@type\":\"ListItem\",\"position\":2,\"name\":\"Arrestation d&rsquo;un individu impliqu\u00e9 dans l&rsquo;agression du Dr Adnen Nagi, aux urgences de Tozeur\"}]},{\"@type\":\"WebSite\",\"@id\":\"https:\/\/kapitalis.com\/tunisie\/#website\",\"url\":\"https:\/\/kapitalis.com\/tunisie\/\",\"name\":\"Kapitalis\",\"description\":\"L&#039;actualit\u00e9 en Tunisie et dans le monde\",\"publisher\":{\"@id\":\"https:\/\/kapitalis.com\/tunisie\/#organization\"},\"potentialAction\":[{\"@type\":\"SearchAction\",\"target\":{\"@type\":\"EntryPoint\",\"urlTemplate\":\"https:\/\/kapitalis.com\/tunisie\/?s={search_term_string}\"},\"query-input\":{\"@type\":\"PropertyValueSpecification\",\"valueRequired\":true,\"valueName\":\"search_term_string\"}}],\"inLanguage\":\"fr-FR\"},{\"@type\":\"Organization\",\"@id\":\"https:\/\/kapitalis.com\/tunisie\/#organization\",\"name\":\"Kapitalis\",\"url\":\"https:\/\/kapitalis.com\/tunisie\/\",\"logo\":{\"@type\":\"ImageObject\",\"inLanguage\":\"fr-FR\",\"@id\":\"https:\/\/kapitalis.com\/tunisie\/#\/schema\/logo\/image\/\",\"url\":\"https:\/\/kapitalis.com\/tunisie\/wp-content\/uploads\/2022\/05\/Kapitalis-big-size.png\",\"contentUrl\":\"https:\/\/kapitalis.com\/tunisie\/wp-content\/uploads\/2022\/05\/Kapitalis-big-size.png\",\"width\":5000,\"height\":1500,\"caption\":\"Kapitalis\"},\"image\":{\"@id\":\"https:\/\/kapitalis.com\/tunisie\/#\/schema\/logo\/image\/\"},\"sameAs\":[\"https:\/\/www.facebook.com\/KapitalisInfo\/\",\"https:\/\/x.com\/KapitalisInfo\",\"https:\/\/www.youtube.com\/channel\/UC-yDYrHyfFBWWZaOw3FPg9Q\"]},{\"@type\":\"Person\",\"@id\":\"https:\/\/kapitalis.com\/tunisie\/#\/schema\/person\/74bbde0154d49d790a92aaeac5bc01d5\",\"name\":\"Yusra NY\",\"url\":\"https:\/\/kapitalis.com\/tunisie\/author\/yuza_adam\/\"}]}<\/script>\n<!-- \/ Yoast SEO plugin. -->","yoast_head_json":{"title":"Arrestation d'un individu impliqu\u00e9 dans l'agression du Dr Adnen Nagi, aux urgences de Tozeur - Kapitalis","robots":{"index":"index","follow":"follow","max-snippet":"max-snippet:-1","max-image-preview":"max-image-preview:large","max-video-preview":"max-video-preview:-1"},"canonical":"https:\/\/kapitalis.com\/tunisie\/2021\/10\/13\/arrestation-dun-individu-implique-dans-lagression-du-dr-adnen-nagi-aux-urgences-de-tozeur\/","og_locale":"fr_FR","og_type":"article","og_title":"Arrestation d'un individu impliqu\u00e9 dans l'agression du Dr Adnen Nagi, aux urgences de Tozeur - Kapitalis","og_description":"La police a arr\u00eat\u00e9, ce mercredi 13 octobre 2021, l&rsquo;un des individus impliqu\u00e9 dans l&rsquo;agression, avant-hier, du Dr Adnen Nagi \u00e0 l&rsquo;h\u00f4pital r\u00e9gional de Tozeur.","og_url":"https:\/\/kapitalis.com\/tunisie\/2021\/10\/13\/arrestation-dun-individu-implique-dans-lagression-du-dr-adnen-nagi-aux-urgences-de-tozeur\/","og_site_name":"Kapitalis","article_publisher":"https:\/\/www.facebook.com\/KapitalisInfo\/","article_published_time":"2021-10-13T21:16:52+00:00","article_modified_time":"2021-10-13T21:35:07+00:00","og_image":[{"width":1200,"height":630,"url":"https:\/\/kapitalis.com\/tunisie\/wp-content\/uploads\/2022\/05\/kapitalis-logo-fb.png","type":"image\/png"}],"author":"Yusra NY","twitter_card":"summary_large_image","twitter_creator":"@KapitalisInfo","twitter_site":"@KapitalisInfo","twitter_misc":{"\u00c9crit par":"Yusra NY","Dur\u00e9e de lecture estim\u00e9e":"1 minute"},"schema":{"@context":"https:\/\/schema.org","@graph":[{"@type":"Article","@id":"https:\/\/kapitalis.com\/tunisie\/2021\/10\/13\/arrestation-dun-individu-implique-dans-lagression-du-dr-adnen-nagi-aux-urgences-de-tozeur\/#article","isPartOf":{"@id":"https:\/\/kapitalis.com\/tunisie\/2021\/10\/13\/arrestation-dun-individu-implique-dans-lagression-du-dr-adnen-nagi-aux-urgences-de-tozeur\/"},"author":{"name":"Yusra NY","@id":"https:\/\/kapitalis.com\/tunisie\/#\/schema\/person\/74bbde0154d49d790a92aaeac5bc01d5"},"headline":"Arrestation d&rsquo;un individu impliqu\u00e9 dans l&rsquo;agression du Dr Adnen Nagi, aux urgences de Tozeur","datePublished":"2021-10-13T21:16:52+00:00","dateModified":"2021-10-13T21:35:07+00:00","mainEntityOfPage":{"@id":"https:\/\/kapitalis.com\/tunisie\/2021\/10\/13\/arrestation-dun-individu-implique-dans-lagression-du-dr-adnen-nagi-aux-urgences-de-tozeur\/"},"wordCount":149,"commentCount":1,"publisher":{"@id":"https:\/\/kapitalis.com\/tunisie\/#organization"},"image":{"@id":"https:\/\/kapitalis.com\/tunisie\/2021\/10\/13\/arrestation-dun-individu-implique-dans-lagression-du-dr-adnen-nagi-aux-urgences-de-tozeur\/#primaryimage"},"thumbnailUrl":"","keywords":["Adnen Nagi","agression","m\u00e9decins","urgences"],"articleSection":["SOCIETE","Tunisie"],"inLanguage":"fr-FR","potentialAction":[{"@type":"CommentAction","name":"Comment","target":["https:\/\/kapitalis.com\/tunisie\/2021\/10\/13\/arrestation-dun-individu-implique-dans-lagression-du-dr-adnen-nagi-aux-urgences-de-tozeur\/#respond"]}]},{"@type":"WebPage","@id":"https:\/\/kapitalis.com\/tunisie\/2021\/10\/13\/arrestation-dun-individu-implique-dans-lagression-du-dr-adnen-nagi-aux-urgences-de-tozeur\/","url":"https:\/\/kapitalis.com\/tunisie\/2021\/10\/13\/arrestation-dun-individu-implique-dans-lagression-du-dr-adnen-nagi-aux-urgences-de-tozeur\/","name":"Arrestation d'un individu impliqu\u00e9 dans l'agression du Dr Adnen Nagi, aux urgences de Tozeur - Kapitalis","isPartOf":{"@id":"https:\/\/kapitalis.com\/tunisie\/#website"},"primaryImageOfPage":{"@id":"https:\/\/kapitalis.com\/tunisie\/2021\/10\/13\/arrestation-dun-individu-implique-dans-lagression-du-dr-adnen-nagi-aux-urgences-de-tozeur\/#primaryimage"},"image":{"@id":"https:\/\/kapitalis.com\/tunisie\/2021\/10\/13\/arrestation-dun-individu-implique-dans-lagression-du-dr-adnen-nagi-aux-urgences-de-tozeur\/#primaryimage"},"thumbnailUrl":"","datePublished":"2021-10-13T21:16:52+00:00","dateModified":"2021-10-13T21:35:07+00:00","breadcrumb":{"@id":"https:\/\/kapitalis.com\/tunisie\/2021\/10\/13\/arrestation-dun-individu-implique-dans-lagression-du-dr-adnen-nagi-aux-urgences-de-tozeur\/#breadcrumb"},"inLanguage":"fr-FR","potentialAction":[{"@type":"ReadAction","target":["https:\/\/kapitalis.com\/tunisie\/2021\/10\/13\/arrestation-dun-individu-implique-dans-lagression-du-dr-adnen-nagi-aux-urgences-de-tozeur\/"]}]},{"@type":"ImageObject","inLanguage":"fr-FR","@id":"https:\/\/kapitalis.com\/tunisie\/2021\/10\/13\/arrestation-dun-individu-implique-dans-lagression-du-dr-adnen-nagi-aux-urgences-de-tozeur\/#primaryimage","url":"","contentUrl":""},{"@type":"BreadcrumbList","@id":"https:\/\/kapitalis.com\/tunisie\/2021\/10\/13\/arrestation-dun-individu-implique-dans-lagression-du-dr-adnen-nagi-aux-urgences-de-tozeur\/#breadcrumb","itemListElement":[{"@type":"ListItem","position":1,"name":"Accueil","item":"https:\/\/kapitalis.com\/tunisie\/"},{"@type":"ListItem","position":2,"name":"Arrestation d&rsquo;un individu impliqu\u00e9 dans l&rsquo;agression du Dr Adnen Nagi, aux urgences de Tozeur"}]},{"@type":"WebSite","@id":"https:\/\/kapitalis.com\/tunisie\/#website","url":"https:\/\/kapitalis.com\/tunisie\/","name":"Kapitalis","description":"L&#039;actualit\u00e9 en Tunisie et dans le monde","publisher":{"@id":"https:\/\/kapitalis.com\/tunisie\/#organization"},"potentialAction":[{"@type":"SearchAction","target":{"@type":"EntryPoint","urlTemplate":"https:\/\/kapitalis.com\/tunisie\/?s={search_term_string}"},"query-input":{"@type":"PropertyValueSpecification","valueRequired":true,"valueName":"search_term_string"}}],"inLanguage":"fr-FR"},{"@type":"Organization","@id":"https:\/\/kapitalis.com\/tunisie\/#organization","name":"Kapitalis","url":"https:\/\/kapitalis.com\/tunisie\/","logo":{"@type":"ImageObject","inLanguage":"fr-FR","@id":"https:\/\/kapitalis.com\/tunisie\/#\/schema\/logo\/image\/","url":"https:\/\/kapitalis.com\/tunisie\/wp-content\/uploads\/2022\/05\/Kapitalis-big-size.png","contentUrl":"https:\/\/kapitalis.com\/tunisie\/wp-content\/uploads\/2022\/05\/Kapitalis-big-size.png","width":5000,"height":1500,"caption":"Kapitalis"},"image":{"@id":"https:\/\/kapitalis.com\/tunisie\/#\/schema\/logo\/image\/"},"sameAs":["https:\/\/www.facebook.com\/KapitalisInfo\/","https:\/\/x.com\/KapitalisInfo","https:\/\/www.youtube.com\/channel\/UC-yDYrHyfFBWWZaOw3FPg9Q"]},{"@type":"Person","@id":"https:\/\/kapitalis.com\/tunisie\/#\/schema\/person\/74bbde0154d49d790a92aaeac5bc01d5","name":"Yusra NY","url":"https:\/\/kapitalis.com\/tunisie\/author\/yuza_adam\/"}]}},"_links":{"self":[{"href":"https:\/\/kapitalis.com\/tunisie\/wp-json\/wp\/v2\/posts\/366119","targetHints":{"allow":["GET"]}}],"collection":[{"href":"https:\/\/kapitalis.com\/tunisie\/wp-json\/wp\/v2\/posts"}],"about":[{"href":"https:\/\/kapitalis.com\/tunisie\/wp-json\/wp\/v2\/types\/post"}],"author":[{"embeddable":true,"href":"https:\/\/kapitalis.com\/tunisie\/wp-json\/wp\/v2\/users\/6"}],"replies":[{"embeddable":true,"href":"https:\/\/kapitalis.com\/tunisie\/wp-json\/wp\/v2\/comments?post=366119"}],"version-history":[{"count":0,"href":"https:\/\/kapitalis.com\/tunisie\/wp-json\/wp\/v2\/posts\/366119\/revisions"}],"wp:featuredmedia":[{"embeddable":true,"href":"https:\/\/kapitalis.com\/tunisie\/wp-json\/wp\/v2\/media\/366121"}],"wp:attachment":[{"href":"https:\/\/kapitalis.com\/tunisie\/wp-json\/wp\/v2\/media?parent=366119"}],"wp:term":[{"taxonomy":"category","embeddable":true,"href":"https:\/\/kapitalis.com\/tunisie\/wp-json\/wp\/v2\/categories?post=366119"},{"taxonomy":"post_tag","embeddable":true,"href":"https:\/\/kapitalis.com\/tunisie\/wp-json\/wp\/v2\/tags?post=366119"}],"curies":[{"name":"wp","href":"https:\/\/api.w.org\/{rel}","templated":true}]}}