{"id":366131,"date":"2021-10-13T23:14:14","date_gmt":"2021-10-13T22:14:14","guid":{"rendered":"http:\/\/kapitalis.com\/tunisie\/?p=366131"},"modified":"2021-10-13T23:18:30","modified_gmt":"2021-10-13T22:18:30","slug":"tunisie-telecom-et-son-partenaire-social-signent-un-accord-qui-met-fin-a-la-greve","status":"publish","type":"post","link":"https:\/\/kapitalis.com\/tunisie\/2021\/10\/13\/tunisie-telecom-et-son-partenaire-social-signent-un-accord-qui-met-fin-a-la-greve\/","title":{"rendered":"Tunisie Telecom et son partenaire social signent un accord qui met fin \u00e0 la gr\u00e8ve"},"content":{"rendered":"\n<div class=\"wp-block-image\"><figure class=\"aligncenter size-full\"><img decoding=\"async\" src=\"http:\/\/kapitalis.com\/tunisie\/wp-content\/uploads\/2021\/10\/Tunisie-Telecom-accord.jpg\" alt=\"\" class=\"wp-image-366133\"\/><\/figure><\/div>\n\n\n\n<p><strong><em>Tunisie Telecom accueille positivement la signature aujourd\u2019hui 13 Octobre 2021 avec son partenaire social d\u2019un accord important qui met fin \u00e0 un mois de gr\u00e8ve.<\/em><\/strong><\/p>\n\n\n\n<!--more-->\n\n\n\n<p>En effet, apr\u00e8s plusieurs sessions de n\u00e9gociation longues et difficiles, TT et son partenaire syndical sont enfin parvenus \u00e0 se mettre d\u2019accord sur les termes d\u2019un contrat de sortie de crise \u00e9quilibr\u00e9 et b\u00e9n\u00e9fique pour tous permettant de remettre en route les services de l\u2019entreprise entrav\u00e9s jusqu\u2019alors.<\/p>\n\n\n\n<p>Les termes de l\u2019accord qui ont mis fin \u00e0 la gr\u00e8ve couvrent principalement un ajustement du programme des augmentations \u00e0 travers une enveloppe destin\u00e9e \u00e0 tous les employ\u00e9s de Tunisie Telecom.<\/p>\n\n\n\n<p>L\u2019offre propos\u00e9e par la direction g\u00e9n\u00e9rale de Tunisie Telecom et accept\u00e9e par son partenaire social montre la bonne volont\u00e9 des deux parties \u00e0 privil\u00e9gier l\u2019int\u00e9r\u00eat collectif de l\u2019entreprise ainsi que sa p\u00e9rennit\u00e9.<\/p>\n\n\n\n<p>Tunisie Telecom reste engag\u00e9e \u00e0 \u00eatre \u00e0 l\u2019\u00e9coute de ses salari\u00e9s dans le but de retrouver une paix sociale n\u00e9cessaire pour relever les d\u00e9fis qui attendent l\u2019entreprise.<\/p>\n\n\n\n<p>Tunisie Telecom esp\u00e8re que cet accord des braves scell\u00e9 amorce une nouvelle \u00e8re dans les relations sociales de l\u2019entreprise qui lui permettra d\u2019aborder les prochaines \u00e9tapes de son d\u00e9veloppement futur avec confiance et d\u00e9termination dans l\u2019unique but de hisser l\u2019entreprise au rang de champion national et r\u00e9gional qu\u2019elle m\u00e9rite.<\/p>\n\n\n\n<p>Tunisie Telecom compte sur l\u2019engagement de tous afin de permettre \u00e0 ses clients et partenaires de retrouver une disponibilit\u00e9 compl\u00e8te de ses services et s\u2019engage \u00e0 redoubler d\u2019effort et de r\u00e9activit\u00e9 pour satisfaire au mieux aux besoins de ses clients.<\/p>\n\n\n\n<p><strong><em>Communiqu\u00e9<\/em><\/strong><\/p>\n","protected":false},"excerpt":{"rendered":"<p>Tunisie Telecom accueille positivement la signature aujourd\u2019hui 13 Octobre 2021 avec son partenaire social d\u2019un accord important qui met fin \u00e0 un mois de gr\u00e8ve.<\/p>\n","protected":false},"author":6,"featured_media":366133,"comment_status":"open","ping_status":"open","sticky":false,"template":"","format":"standard","meta":{"footnotes":""},"categories":[998,2433],"tags":[24,73674,94070,84528],"class_list":["post-366131","post","type-post","status-publish","format-standard","has-post-thumbnail","hentry","category-societe","category-tunisie","tag-accord","tag-fin-greve","tag-partenaire-social","tag-tunisie-telecom-2"],"yoast_head":"<!-- This site is optimized with the Yoast SEO plugin v26.6 - https:\/\/yoast.com\/wordpress\/plugins\/seo\/ -->\n<title>Tunisie Telecom et son partenaire social signent un accord qui met fin \u00e0 la gr\u00e8ve - Kapitalis<\/title>\n<meta name=\"robots\" content=\"index, follow, max-snippet:-1, max-image-preview:large, max-video-preview:-1\" \/>\n<link rel=\"canonical\" href=\"https:\/\/kapitalis.com\/tunisie\/2021\/10\/13\/tunisie-telecom-et-son-partenaire-social-signent-un-accord-qui-met-fin-a-la-greve\/\" \/>\n<meta property=\"og:locale\" content=\"fr_FR\" \/>\n<meta property=\"og:type\" content=\"article\" \/>\n<meta property=\"og:title\" content=\"Tunisie Telecom et son partenaire social signent un accord qui met fin \u00e0 la gr\u00e8ve - Kapitalis\" \/>\n<meta property=\"og:description\" content=\"Tunisie Telecom accueille positivement la signature aujourd\u2019hui 13 Octobre 2021 avec son partenaire social d\u2019un accord important qui met fin \u00e0 un mois de gr\u00e8ve.\" \/>\n<meta property=\"og:url\" content=\"https:\/\/kapitalis.com\/tunisie\/2021\/10\/13\/tunisie-telecom-et-son-partenaire-social-signent-un-accord-qui-met-fin-a-la-greve\/\" \/>\n<meta property=\"og:site_name\" content=\"Kapitalis\" \/>\n<meta property=\"article:publisher\" content=\"https:\/\/www.facebook.com\/KapitalisInfo\/\" \/>\n<meta property=\"article:published_time\" content=\"2021-10-13T22:14:14+00:00\" \/>\n<meta property=\"article:modified_time\" content=\"2021-10-13T22:18:30+00:00\" \/>\n<meta property=\"og:image\" content=\"https:\/\/kapitalis.com\/tunisie\/wp-content\/uploads\/2022\/05\/kapitalis-logo-fb.png\" \/>\n\t<meta property=\"og:image:width\" content=\"1200\" \/>\n\t<meta property=\"og:image:height\" content=\"630\" \/>\n\t<meta property=\"og:image:type\" content=\"image\/png\" \/>\n<meta name=\"author\" content=\"Yusra NY\" \/>\n<meta name=\"twitter:card\" content=\"summary_large_image\" \/>\n<meta name=\"twitter:creator\" content=\"@KapitalisInfo\" \/>\n<meta name=\"twitter:site\" content=\"@KapitalisInfo\" \/>\n<meta name=\"twitter:label1\" content=\"\u00c9crit par\" \/>\n\t<meta name=\"twitter:data1\" content=\"Yusra NY\" \/>\n\t<meta name=\"twitter:label2\" content=\"Dur\u00e9e de lecture estim\u00e9e\" \/>\n\t<meta name=\"twitter:data2\" content=\"1 minute\" \/>\n<script type=\"application\/ld+json\" class=\"yoast-schema-graph\">{\"@context\":\"https:\/\/schema.org\",\"@graph\":[{\"@type\":\"Article\",\"@id\":\"https:\/\/kapitalis.com\/tunisie\/2021\/10\/13\/tunisie-telecom-et-son-partenaire-social-signent-un-accord-qui-met-fin-a-la-greve\/#article\",\"isPartOf\":{\"@id\":\"https:\/\/kapitalis.com\/tunisie\/2021\/10\/13\/tunisie-telecom-et-son-partenaire-social-signent-un-accord-qui-met-fin-a-la-greve\/\"},\"author\":{\"name\":\"Yusra NY\",\"@id\":\"https:\/\/kapitalis.com\/tunisie\/#\/schema\/person\/74bbde0154d49d790a92aaeac5bc01d5\"},\"headline\":\"Tunisie Telecom et son partenaire social signent un accord qui met fin \u00e0 la gr\u00e8ve\",\"datePublished\":\"2021-10-13T22:14:14+00:00\",\"dateModified\":\"2021-10-13T22:18:30+00:00\",\"mainEntityOfPage\":{\"@id\":\"https:\/\/kapitalis.com\/tunisie\/2021\/10\/13\/tunisie-telecom-et-son-partenaire-social-signent-un-accord-qui-met-fin-a-la-greve\/\"},\"wordCount\":303,\"commentCount\":1,\"publisher\":{\"@id\":\"https:\/\/kapitalis.com\/tunisie\/#organization\"},\"image\":{\"@id\":\"https:\/\/kapitalis.com\/tunisie\/2021\/10\/13\/tunisie-telecom-et-son-partenaire-social-signent-un-accord-qui-met-fin-a-la-greve\/#primaryimage\"},\"thumbnailUrl\":\"\",\"keywords\":[\"accord\",\"fin gr\u00e8ve\",\"partenaire social\",\"Tunisie t\u00e9l\u00e9com\"],\"articleSection\":[\"SOCIETE\",\"Tunisie\"],\"inLanguage\":\"fr-FR\",\"potentialAction\":[{\"@type\":\"CommentAction\",\"name\":\"Comment\",\"target\":[\"https:\/\/kapitalis.com\/tunisie\/2021\/10\/13\/tunisie-telecom-et-son-partenaire-social-signent-un-accord-qui-met-fin-a-la-greve\/#respond\"]}]},{\"@type\":\"WebPage\",\"@id\":\"https:\/\/kapitalis.com\/tunisie\/2021\/10\/13\/tunisie-telecom-et-son-partenaire-social-signent-un-accord-qui-met-fin-a-la-greve\/\",\"url\":\"https:\/\/kapitalis.com\/tunisie\/2021\/10\/13\/tunisie-telecom-et-son-partenaire-social-signent-un-accord-qui-met-fin-a-la-greve\/\",\"name\":\"Tunisie Telecom et son partenaire social signent un accord qui met fin \u00e0 la gr\u00e8ve - Kapitalis\",\"isPartOf\":{\"@id\":\"https:\/\/kapitalis.com\/tunisie\/#website\"},\"primaryImageOfPage\":{\"@id\":\"https:\/\/kapitalis.com\/tunisie\/2021\/10\/13\/tunisie-telecom-et-son-partenaire-social-signent-un-accord-qui-met-fin-a-la-greve\/#primaryimage\"},\"image\":{\"@id\":\"https:\/\/kapitalis.com\/tunisie\/2021\/10\/13\/tunisie-telecom-et-son-partenaire-social-signent-un-accord-qui-met-fin-a-la-greve\/#primaryimage\"},\"thumbnailUrl\":\"\",\"datePublished\":\"2021-10-13T22:14:14+00:00\",\"dateModified\":\"2021-10-13T22:18:30+00:00\",\"breadcrumb\":{\"@id\":\"https:\/\/kapitalis.com\/tunisie\/2021\/10\/13\/tunisie-telecom-et-son-partenaire-social-signent-un-accord-qui-met-fin-a-la-greve\/#breadcrumb\"},\"inLanguage\":\"fr-FR\",\"potentialAction\":[{\"@type\":\"ReadAction\",\"target\":[\"https:\/\/kapitalis.com\/tunisie\/2021\/10\/13\/tunisie-telecom-et-son-partenaire-social-signent-un-accord-qui-met-fin-a-la-greve\/\"]}]},{\"@type\":\"ImageObject\",\"inLanguage\":\"fr-FR\",\"@id\":\"https:\/\/kapitalis.com\/tunisie\/2021\/10\/13\/tunisie-telecom-et-son-partenaire-social-signent-un-accord-qui-met-fin-a-la-greve\/#primaryimage\",\"url\":\"\",\"contentUrl\":\"\"},{\"@type\":\"BreadcrumbList\",\"@id\":\"https:\/\/kapitalis.com\/tunisie\/2021\/10\/13\/tunisie-telecom-et-son-partenaire-social-signent-un-accord-qui-met-fin-a-la-greve\/#breadcrumb\",\"itemListElement\":[{\"@type\":\"ListItem\",\"position\":1,\"name\":\"Accueil\",\"item\":\"https:\/\/kapitalis.com\/tunisie\/\"},{\"@type\":\"ListItem\",\"position\":2,\"name\":\"Tunisie Telecom et son partenaire social signent un accord qui met fin \u00e0 la gr\u00e8ve\"}]},{\"@type\":\"WebSite\",\"@id\":\"https:\/\/kapitalis.com\/tunisie\/#website\",\"url\":\"https:\/\/kapitalis.com\/tunisie\/\",\"name\":\"Kapitalis\",\"description\":\"L&#039;actualit\u00e9 en Tunisie et dans le monde\",\"publisher\":{\"@id\":\"https:\/\/kapitalis.com\/tunisie\/#organization\"},\"potentialAction\":[{\"@type\":\"SearchAction\",\"target\":{\"@type\":\"EntryPoint\",\"urlTemplate\":\"https:\/\/kapitalis.com\/tunisie\/?s={search_term_string}\"},\"query-input\":{\"@type\":\"PropertyValueSpecification\",\"valueRequired\":true,\"valueName\":\"search_term_string\"}}],\"inLanguage\":\"fr-FR\"},{\"@type\":\"Organization\",\"@id\":\"https:\/\/kapitalis.com\/tunisie\/#organization\",\"name\":\"Kapitalis\",\"url\":\"https:\/\/kapitalis.com\/tunisie\/\",\"logo\":{\"@type\":\"ImageObject\",\"inLanguage\":\"fr-FR\",\"@id\":\"https:\/\/kapitalis.com\/tunisie\/#\/schema\/logo\/image\/\",\"url\":\"https:\/\/kapitalis.com\/tunisie\/wp-content\/uploads\/2022\/05\/Kapitalis-big-size.png\",\"contentUrl\":\"https:\/\/kapitalis.com\/tunisie\/wp-content\/uploads\/2022\/05\/Kapitalis-big-size.png\",\"width\":5000,\"height\":1500,\"caption\":\"Kapitalis\"},\"image\":{\"@id\":\"https:\/\/kapitalis.com\/tunisie\/#\/schema\/logo\/image\/\"},\"sameAs\":[\"https:\/\/www.facebook.com\/KapitalisInfo\/\",\"https:\/\/x.com\/KapitalisInfo\",\"https:\/\/www.youtube.com\/channel\/UC-yDYrHyfFBWWZaOw3FPg9Q\"]},{\"@type\":\"Person\",\"@id\":\"https:\/\/kapitalis.com\/tunisie\/#\/schema\/person\/74bbde0154d49d790a92aaeac5bc01d5\",\"name\":\"Yusra NY\",\"url\":\"https:\/\/kapitalis.com\/tunisie\/author\/yuza_adam\/\"}]}<\/script>\n<!-- \/ Yoast SEO plugin. -->","yoast_head_json":{"title":"Tunisie Telecom et son partenaire social signent un accord qui met fin \u00e0 la gr\u00e8ve - Kapitalis","robots":{"index":"index","follow":"follow","max-snippet":"max-snippet:-1","max-image-preview":"max-image-preview:large","max-video-preview":"max-video-preview:-1"},"canonical":"https:\/\/kapitalis.com\/tunisie\/2021\/10\/13\/tunisie-telecom-et-son-partenaire-social-signent-un-accord-qui-met-fin-a-la-greve\/","og_locale":"fr_FR","og_type":"article","og_title":"Tunisie Telecom et son partenaire social signent un accord qui met fin \u00e0 la gr\u00e8ve - Kapitalis","og_description":"Tunisie Telecom accueille positivement la signature aujourd\u2019hui 13 Octobre 2021 avec son partenaire social d\u2019un accord important qui met fin \u00e0 un mois de gr\u00e8ve.","og_url":"https:\/\/kapitalis.com\/tunisie\/2021\/10\/13\/tunisie-telecom-et-son-partenaire-social-signent-un-accord-qui-met-fin-a-la-greve\/","og_site_name":"Kapitalis","article_publisher":"https:\/\/www.facebook.com\/KapitalisInfo\/","article_published_time":"2021-10-13T22:14:14+00:00","article_modified_time":"2021-10-13T22:18:30+00:00","og_image":[{"width":1200,"height":630,"url":"https:\/\/kapitalis.com\/tunisie\/wp-content\/uploads\/2022\/05\/kapitalis-logo-fb.png","type":"image\/png"}],"author":"Yusra NY","twitter_card":"summary_large_image","twitter_creator":"@KapitalisInfo","twitter_site":"@KapitalisInfo","twitter_misc":{"\u00c9crit par":"Yusra NY","Dur\u00e9e de lecture estim\u00e9e":"1 minute"},"schema":{"@context":"https:\/\/schema.org","@graph":[{"@type":"Article","@id":"https:\/\/kapitalis.com\/tunisie\/2021\/10\/13\/tunisie-telecom-et-son-partenaire-social-signent-un-accord-qui-met-fin-a-la-greve\/#article","isPartOf":{"@id":"https:\/\/kapitalis.com\/tunisie\/2021\/10\/13\/tunisie-telecom-et-son-partenaire-social-signent-un-accord-qui-met-fin-a-la-greve\/"},"author":{"name":"Yusra NY","@id":"https:\/\/kapitalis.com\/tunisie\/#\/schema\/person\/74bbde0154d49d790a92aaeac5bc01d5"},"headline":"Tunisie Telecom et son partenaire social signent un accord qui met fin \u00e0 la gr\u00e8ve","datePublished":"2021-10-13T22:14:14+00:00","dateModified":"2021-10-13T22:18:30+00:00","mainEntityOfPage":{"@id":"https:\/\/kapitalis.com\/tunisie\/2021\/10\/13\/tunisie-telecom-et-son-partenaire-social-signent-un-accord-qui-met-fin-a-la-greve\/"},"wordCount":303,"commentCount":1,"publisher":{"@id":"https:\/\/kapitalis.com\/tunisie\/#organization"},"image":{"@id":"https:\/\/kapitalis.com\/tunisie\/2021\/10\/13\/tunisie-telecom-et-son-partenaire-social-signent-un-accord-qui-met-fin-a-la-greve\/#primaryimage"},"thumbnailUrl":"","keywords":["accord","fin gr\u00e8ve","partenaire social","Tunisie t\u00e9l\u00e9com"],"articleSection":["SOCIETE","Tunisie"],"inLanguage":"fr-FR","potentialAction":[{"@type":"CommentAction","name":"Comment","target":["https:\/\/kapitalis.com\/tunisie\/2021\/10\/13\/tunisie-telecom-et-son-partenaire-social-signent-un-accord-qui-met-fin-a-la-greve\/#respond"]}]},{"@type":"WebPage","@id":"https:\/\/kapitalis.com\/tunisie\/2021\/10\/13\/tunisie-telecom-et-son-partenaire-social-signent-un-accord-qui-met-fin-a-la-greve\/","url":"https:\/\/kapitalis.com\/tunisie\/2021\/10\/13\/tunisie-telecom-et-son-partenaire-social-signent-un-accord-qui-met-fin-a-la-greve\/","name":"Tunisie Telecom et son partenaire social signent un accord qui met fin \u00e0 la gr\u00e8ve - Kapitalis","isPartOf":{"@id":"https:\/\/kapitalis.com\/tunisie\/#website"},"primaryImageOfPage":{"@id":"https:\/\/kapitalis.com\/tunisie\/2021\/10\/13\/tunisie-telecom-et-son-partenaire-social-signent-un-accord-qui-met-fin-a-la-greve\/#primaryimage"},"image":{"@id":"https:\/\/kapitalis.com\/tunisie\/2021\/10\/13\/tunisie-telecom-et-son-partenaire-social-signent-un-accord-qui-met-fin-a-la-greve\/#primaryimage"},"thumbnailUrl":"","datePublished":"2021-10-13T22:14:14+00:00","dateModified":"2021-10-13T22:18:30+00:00","breadcrumb":{"@id":"https:\/\/kapitalis.com\/tunisie\/2021\/10\/13\/tunisie-telecom-et-son-partenaire-social-signent-un-accord-qui-met-fin-a-la-greve\/#breadcrumb"},"inLanguage":"fr-FR","potentialAction":[{"@type":"ReadAction","target":["https:\/\/kapitalis.com\/tunisie\/2021\/10\/13\/tunisie-telecom-et-son-partenaire-social-signent-un-accord-qui-met-fin-a-la-greve\/"]}]},{"@type":"ImageObject","inLanguage":"fr-FR","@id":"https:\/\/kapitalis.com\/tunisie\/2021\/10\/13\/tunisie-telecom-et-son-partenaire-social-signent-un-accord-qui-met-fin-a-la-greve\/#primaryimage","url":"","contentUrl":""},{"@type":"BreadcrumbList","@id":"https:\/\/kapitalis.com\/tunisie\/2021\/10\/13\/tunisie-telecom-et-son-partenaire-social-signent-un-accord-qui-met-fin-a-la-greve\/#breadcrumb","itemListElement":[{"@type":"ListItem","position":1,"name":"Accueil","item":"https:\/\/kapitalis.com\/tunisie\/"},{"@type":"ListItem","position":2,"name":"Tunisie Telecom et son partenaire social signent un accord qui met fin \u00e0 la gr\u00e8ve"}]},{"@type":"WebSite","@id":"https:\/\/kapitalis.com\/tunisie\/#website","url":"https:\/\/kapitalis.com\/tunisie\/","name":"Kapitalis","description":"L&#039;actualit\u00e9 en Tunisie et dans le monde","publisher":{"@id":"https:\/\/kapitalis.com\/tunisie\/#organization"},"potentialAction":[{"@type":"SearchAction","target":{"@type":"EntryPoint","urlTemplate":"https:\/\/kapitalis.com\/tunisie\/?s={search_term_string}"},"query-input":{"@type":"PropertyValueSpecification","valueRequired":true,"valueName":"search_term_string"}}],"inLanguage":"fr-FR"},{"@type":"Organization","@id":"https:\/\/kapitalis.com\/tunisie\/#organization","name":"Kapitalis","url":"https:\/\/kapitalis.com\/tunisie\/","logo":{"@type":"ImageObject","inLanguage":"fr-FR","@id":"https:\/\/kapitalis.com\/tunisie\/#\/schema\/logo\/image\/","url":"https:\/\/kapitalis.com\/tunisie\/wp-content\/uploads\/2022\/05\/Kapitalis-big-size.png","contentUrl":"https:\/\/kapitalis.com\/tunisie\/wp-content\/uploads\/2022\/05\/Kapitalis-big-size.png","width":5000,"height":1500,"caption":"Kapitalis"},"image":{"@id":"https:\/\/kapitalis.com\/tunisie\/#\/schema\/logo\/image\/"},"sameAs":["https:\/\/www.facebook.com\/KapitalisInfo\/","https:\/\/x.com\/KapitalisInfo","https:\/\/www.youtube.com\/channel\/UC-yDYrHyfFBWWZaOw3FPg9Q"]},{"@type":"Person","@id":"https:\/\/kapitalis.com\/tunisie\/#\/schema\/person\/74bbde0154d49d790a92aaeac5bc01d5","name":"Yusra NY","url":"https:\/\/kapitalis.com\/tunisie\/author\/yuza_adam\/"}]}},"_links":{"self":[{"href":"https:\/\/kapitalis.com\/tunisie\/wp-json\/wp\/v2\/posts\/366131","targetHints":{"allow":["GET"]}}],"collection":[{"href":"https:\/\/kapitalis.com\/tunisie\/wp-json\/wp\/v2\/posts"}],"about":[{"href":"https:\/\/kapitalis.com\/tunisie\/wp-json\/wp\/v2\/types\/post"}],"author":[{"embeddable":true,"href":"https:\/\/kapitalis.com\/tunisie\/wp-json\/wp\/v2\/users\/6"}],"replies":[{"embeddable":true,"href":"https:\/\/kapitalis.com\/tunisie\/wp-json\/wp\/v2\/comments?post=366131"}],"version-history":[{"count":0,"href":"https:\/\/kapitalis.com\/tunisie\/wp-json\/wp\/v2\/posts\/366131\/revisions"}],"wp:featuredmedia":[{"embeddable":true,"href":"https:\/\/kapitalis.com\/tunisie\/wp-json\/wp\/v2\/media\/366133"}],"wp:attachment":[{"href":"https:\/\/kapitalis.com\/tunisie\/wp-json\/wp\/v2\/media?parent=366131"}],"wp:term":[{"taxonomy":"category","embeddable":true,"href":"https:\/\/kapitalis.com\/tunisie\/wp-json\/wp\/v2\/categories?post=366131"},{"taxonomy":"post_tag","embeddable":true,"href":"https:\/\/kapitalis.com\/tunisie\/wp-json\/wp\/v2\/tags?post=366131"}],"curies":[{"name":"wp","href":"https:\/\/api.w.org\/{rel}","templated":true}]}}