{"id":366278,"date":"2021-10-15T09:10:21","date_gmt":"2021-10-15T08:10:21","guid":{"rendered":"http:\/\/kapitalis.com\/tunisie\/?p=366278"},"modified":"2021-10-15T11:34:47","modified_gmt":"2021-10-15T10:34:47","slug":"tunisie-les-sbayhia-font-de-la-resistance","status":"publish","type":"post","link":"https:\/\/kapitalis.com\/tunisie\/2021\/10\/15\/tunisie-les-sbayhia-font-de-la-resistance\/","title":{"rendered":"Tunisie : Les \u00absbayhia\u00bb font de la r\u00e9sistance"},"content":{"rendered":"\n<div class=\"wp-block-image\"><figure class=\"aligncenter size-full\"><img decoding=\"async\" src=\"http:\/\/kapitalis.com\/tunisie\/wp-content\/uploads\/2021\/10\/Sbayhia.jpg\" alt=\"\" class=\"wp-image-366280\"\/><figcaption><em>Rached Ghannouchi, Moncef Marzouki, Nejib Chebbi, Hamma Hammami, Sidem Bensedrine, Ridha Belhadj et les autres&#8230; <\/em><\/figcaption><\/figure><\/div>\n\n\n\n<p><strong><em>L&rsquo;actualit\u00e9 hier, jeudi 14 octobre 2021, en Tunisie, a \u00e9t\u00e9 tr\u00e8s fournie, mais particuli\u00e8rement marqu\u00e9e par l&rsquo;activisme naus\u00e9abond des \u00absbayhia\u00bb, les vendus de la r\u00e9publique, traitres par vocation et par habitude, qui jubilent lorsque leur pays se trouve dans une mauvaise passe ou sous des pressions ext\u00e9rieures particuli\u00e8rement virulentes, pressions que du reste ils se sont employ\u00e9s, des mois durant, \u00e0 alimenter en amont pour s&rsquo;en f\u00e9liciter en aval. Ces traitres sont d\u00e9j\u00e0, pour la majorit\u00e9 d&rsquo;entre eux, des zombies politiques, d\u00e9masqu\u00e9s par leurs compatriotes qu&rsquo;ils ont toujours trahis, lesquels ont d\u00e9couvert leurs pratiques abjectes et les ont d\u00e9finitivement vomis. Qu&rsquo;ils pavoisent et qu&rsquo;ils jubilent des difficult\u00e9s de leurs pays, ils sont d\u00e9j\u00e0 dans la poubelle de l&rsquo;histoire.<\/em><\/strong><\/p>\n\n\n\n<p>Par <strong>Ridha K\u00e9fi<\/strong><\/p>\n\n\n\n<!--more-->\n\n\n\n<div class=\"wp-block-image\"><figure class=\"alignleft size-full\"><img decoding=\"async\" src=\"http:\/\/kapitalis.com\/tunisie\/wp-content\/uploads\/2019\/03\/Ridha-Kefi.jpg\" alt=\"\" class=\"wp-image-203122\"\/><\/figure><\/div>\n\n\n\n<p>Qu&rsquo;ils s&rsquo;appellent Rached Ghannouchi, Moncef Marzouki, Nejib Chebbi, Hamma Hammami, Sihem Bensedrine, Ridha Belhadj et autres minus de la r\u00e9publique, v\u00e9ritables girouettes devant l&rsquo;\u00c9ternel, dont le peuple tunisien, qui les a vus \u00e0 l&rsquo;\u0153uvre au cours des dix derni\u00e8res ann\u00e9es, qui sont les pires de son histoire contemporaine, a eu largement le temps de d\u00e9couvrir leur nocivit\u00e9 &#8211; comme on dit de la cigarette qu&rsquo;elle est nocive pour la sant\u00e9 &#8211; et ne leur m\u00e9nage plus sa cordiale d\u00e9testation et son m\u00e9pris total, et pas seulement dans des commentaires saillants dans les r\u00e9seaux sociaux.<\/p>\n\n\n\n<h2 class=\"wp-block-heading\">Ils veulent voir les blind\u00e9s d&rsquo;une arm\u00e9e \u00e9trang\u00e8re dans les rues de Tunis   <\/h2>\n\n\n\n<p>Cette d\u00e9testation et ce m\u00e9pris, ces <em>\u00absbayhia\u00bb<\/em> y ont souvent droit aussi de la part des badauds qu&rsquo;ils croisent dans la rue, lors des rares fois o\u00f9 ils osent mettre le pied dehors ou se pavaner dans l&rsquo;avenue Bourguiba, \u00e0 Tunis, pour manifester contre la soi-disant <em>\u00abdictature de Ka\u00efs Sa\u00efed\u00bb. <\/em>Certains d&rsquo;entre eux, habitu\u00e9s aux lamentations dans les couloirs des chancelleries et les r\u00e9dactions des m\u00e9dias internationaux, auraient peut-\u00eatre aim\u00e9 voir les blind\u00e9s de quelque puissance \u00e9trang\u00e8re traverser les art\u00e8res de Tunis et de Carthage pour aller d\u00e9loger un pr\u00e9sident de la r\u00e9publique \u00e9lu par plus de 72% des suffrages exprim\u00e9s, alors que ceux d&rsquo;entre eux qui s&rsquo;\u00e9taient pr\u00e9sent\u00e9s contre lui n&rsquo;ont recueillis que des <em>\u00abz\u00e9ro virgule\u00bb<\/em>, comme ne cessent de les railler les Tunisiens dans des commentaires sous leurs postes dans les r\u00e9seaux sociaux, lorsque ces <em>\u00abd\u00e9mocrates\u00bb<\/em> ne verrouillent pas la discussion pour emp\u00eacher d&rsquo;\u00eatre contredits.<\/p>\n\n\n\n<p>Lorsque Ka\u00efs Sa\u00efed demande au ministre des Affaires \u00e9trang\u00e8res Othman Jerandi de prendre les mesures n\u00e9cessaires pour retirer \u00e0 Moncef Marzouki son passeport diplomatique, comme il l&rsquo;a fait hier, lors du premier conseil des ministres du gouvernement Najla Bouden, pr\u00e9sid\u00e9 par lui, non seulement il est dans son droit et dans son r\u00f4le de chef de l&rsquo;Etat et de gardien de sa p\u00e9rennit\u00e9, mais ce sont des millions de Tunisiens qui le lui demandent avec insistance depuis plusieurs semaines, lass\u00e9s par les trahisons successives devenues insupportables de cet ancien pr\u00e9sident <em>\u00abprovisoire\u00bb<\/em> &#8211; faut-il le rappeler, car non \u00e9lu mais adoub\u00e9 et impos\u00e9 par le parti islamiste Ennahdha &#8211; qui a vendu son \u00e2me et sa conscience au Qatar, \u00e0 la Turquie et \u00e0 l&rsquo;Organisation internationale des Fr\u00e8res musulmans et qui ne rate aucune occasion pour insulter ses compatriotes, pas assez <em>\u00abd\u00e9mocrates\u00bb<\/em> \u00e0 son go\u00fbt.  <\/p>\n\n\n\n<h2 class=\"wp-block-heading\">Les vrais responsables du d\u00e9sastre actuel en Tunisie <\/h2>\n\n\n\n<p>Certains Tunisiens vont m\u00eame plus loin en insistant aupr\u00e8s du pr\u00e9sident de la r\u00e9publique pour qu&rsquo;il intervienne aupr\u00e8s des instances concern\u00e9es pour faire cesser le paiement du salaire de pr\u00e9sident de la r\u00e9publique (ce que M. Marzouki n&rsquo;a jamais vraiment \u00e9t\u00e9) qui lui est servi depuis qu&rsquo;il a mis les pieds au palais de Carthage, en janvier 2012, et qui continue de lui \u00eatre servi \u00e0 vie. D&rsquo;autres exigent m\u00eame de traduire ce f\u00e9lon devant la justice pour r\u00e9pondre de l&rsquo;accusation de haute trahison (les preuves ne manquent pas, tant il est bavard et charrie contre son pays dans les m\u00e9dias \u00e9trangers) et de le d\u00e9pouiller de sa nationalit\u00e9 tunisienne, car non seulement il met rarement les pieds en Tunisie (il vit entre Paris et Doha depuis 1990, apr\u00e8s avoir pass\u00e9 le premier tiers de sa vie \u00e0 Rabat), mais il ne cesse de carr\u00e9ment cracher sur ses compatriotes parce qu&rsquo;ils le rejettent en masse, lui et ses employeurs islamistes.    <\/p>\n\n\n\n<p>Sans aller jusqu&rsquo;\u00e0 ces extr\u00e9mit\u00e9s, on peut tout de m\u00eame d\u00e9plorer que des personnalit\u00e9s politiques de premier plan qui ont assum\u00e9 des responsabilit\u00e9s importantes au sein de l&rsquo;Etat soient \u00e0 ce point ingrats vis-\u00e0-vis de leur peuple et aussi <em>\u00abvaches\u00bb<\/em>, pour employer un terme trivial, \u00e0 l&rsquo;\u00e9gard de leur pays. Au point de quasiment jubiler parce que l&rsquo;agence de notation Moody&rsquo;s a annonc\u00e9, hier, la r\u00e9vision de la note souveraine de<a href=\"http:\/\/kapitalis.com\/tunisie\/2021\/10\/14\/moodys-abaisse-la-note-de-la-tunisie-a-caa1\/\" target=\"_blank\" rel=\"noreferrer noopener\"> la Tunisie pour la d\u00e9gringoler \u00e0 Caa 1<\/a> en maintenant la perspective n\u00e9gative, ce qui va rendre hypoth\u00e9tique la sortie de l&rsquo;Etat tunisien sur le march\u00e9 financier international et rench\u00e9rir les co\u00fbts \u00e0 l&rsquo;international pour les entreprises tunisiennes, ou parce que <em>\u00abla situation en Tunisie\u00bb <\/em>(sic!) ait \u00e9t\u00e9 \u00e0 l&rsquo;ordre du jour d&rsquo;une s\u00e9ance du Congr\u00e8s am\u00e9ricain, comme l&rsquo;a d\u00e9plor\u00e9, \u00e0 juste titre (c&rsquo;est le moins que l&rsquo;on puisse attendre du chef d&rsquo;un Etat souverain), le pr\u00e9sident Sa\u00efed, en recevant hier au palais de Carthage <a href=\"http:\/\/kapitalis.com\/tunisie\/2021\/10\/14\/tunisie-saied-fait-part-de-son-mecontentement-a-lambassadeur-americain\/\" target=\"_blank\" rel=\"noreferrer noopener\">l&rsquo;ambassadeur des Etats-Unis Donald Blome<\/a>.<\/p>\n\n\n\n<p>Ces pseudos d\u00e9fenseurs de la d\u00e9mocratie sont, en r\u00e9alit\u00e9, des assoiff\u00e9s de pouvoir frustr\u00e9s, qui ont eu plusieurs fois l&rsquo;occasion, au cours des dix derni\u00e8res ann\u00e9es, de prouver leurs m\u00e9rites mais ils ont prouv\u00e9 \u00e0 chaque fois qu&rsquo;ils n&rsquo;en ont aucun au point de mener le pays, par leur incomp\u00e9tence et leur gabegie, tout droit dans la crise o\u00f9 il se morfond aujourd&rsquo;hui. <\/p>\n\n\n\n<h2 class=\"wp-block-heading\">Ces puissances qui veulent le bonheur des peuples <\/h2>\n\n\n\n<p>Cette crise, qui broie douze millions de Tunisiens, ne doit rien \u00e0 Kais Sa\u00efed, au pouvoir depuis fin 2019, mais elle doit tout aux manigances <em>\u00abpolitichiennes\u00bb<\/em> de ces jojos dans les coulisses d&rsquo;un Etat qu&rsquo;il ont ouvert \u00e0 tous les vents et mis \u00e0 genou. Ils jubilent aujourd&rsquo;hui en voyant les r\u00e9sultats de leurs errements pass\u00e9s qu&rsquo;ils cherchent vainement \u00e0 faire endosser \u00e0 un homme, patriote et int\u00e8gre, qui a d\u00e9couvert l&rsquo;ampleur du d\u00e9sastre qu&rsquo;ils ont commis et tente, depuis l&rsquo;annonce des <em>\u00abmesures exceptionnelles\u00bb<\/em>, le 25 juillet dernier, de sauver ce qui pourrait encore l&rsquo;\u00eatre dans un pays qui va \u00e0 vau l&rsquo;eau. Et les Tunisiens ne s&rsquo;y ont pas tromp\u00e9 qui sont aujourd&rsquo;hui, selon tous les sondages d&rsquo;opinion, plus de 90% \u00e0 le soutenir, contre vents et mar\u00e9es, et surtout contre les tentatives de pressions \u00e9trang\u00e8res men\u00e9es par les Etats-Unis, l&rsquo;Union europ\u00e9enne et le club du G7, qui tardent vraiment \u00e0 comprendre cette satan\u00e9e <em>\u00absituation en Tunisie\u00bb<\/em>, dont l&rsquo;extr\u00eame simplicit\u00e9 semble totalement \u00e9chapper \u00e0 leur si complexe intelligence. <\/p>\n\n\n\n<p>Cette intelligence, rappelons-le, nous a d\u00e9j\u00e0 valu de nombreux drames, suite \u00e0 l&rsquo;intervention violente et injuste de ces puissances, au Chili (o\u00f9 ils ont fait tuer un pr\u00e9sident d\u00e9mocratiquement \u00e9lu et populaire, Salvador Allende, et install\u00e9 un atroce dictateur, Augusto Pinochet), en Afghanistan, en Libye, en Irak et en Syrie (o\u00f9 ils ont install\u00e9 durablement des groupes terroristes et l&rsquo;anarchie et la corruption et qui vont avec), pour ne citer que ces quelques exemples qui nous parlent et qui illustrent, par le feu et le sang, la sinc\u00e9rit\u00e9 de l&rsquo;engagement de ces puissances en faveur du bonheur des peuples&#8230; <\/p>\n\n\n\n<p>De ce bonheur l\u00e0, les Tunisiens ne veulent pas, quitte \u00e0 devoir faire encore des sacrifices pour s&rsquo;en sortir tous seuls. <\/p>\n\n\n\n<h4 class=\"wp-block-heading\"><em>Articles du m\u00eame auteur dans Kapitalis : <\/em><\/h4>\n\n\n\n<p><blockquote class=\"wp-embedded-content\" data-secret=\"fcPuktt8pu\"><a href=\"https:\/\/kapitalis.com\/tunisie\/2021\/09\/29\/saied-nomme-najla-bouden-a-la-kasbah-treve-de-politique-pensons-un-peu-a-leconomie\/\">Sa\u00efed nomme Najla Bouden \u00e0 la Kasbah : Tr\u00eave de politique, pensons un peu \u00e0 l&rsquo;\u00e9conomie !<\/a><\/blockquote><iframe loading=\"lazy\" class=\"wp-embedded-content\" sandbox=\"allow-scripts\" security=\"restricted\" style=\"position: absolute; clip: rect(1px, 1px, 1px, 1px);\" title=\"\u00ab\u00a0Sa\u00efed nomme Najla Bouden \u00e0 la Kasbah : Tr\u00eave de politique, pensons un peu \u00e0 l&rsquo;\u00e9conomie !\u00a0\u00bb &#8212; Kapitalis\" src=\"https:\/\/kapitalis.com\/tunisie\/2021\/09\/29\/saied-nomme-najla-bouden-a-la-kasbah-treve-de-politique-pensons-un-peu-a-leconomie\/embed\/#?secret=CwFQt9OUGn#?secret=fcPuktt8pu\" data-secret=\"fcPuktt8pu\" width=\"600\" height=\"338\" frameborder=\"0\" marginwidth=\"0\" marginheight=\"0\" scrolling=\"no\"><\/iframe><\/p>\n\n\n\n<p><blockquote class=\"wp-embedded-content\" data-secret=\"P4BwhK8V5W\"><a href=\"https:\/\/kapitalis.com\/tunisie\/2021\/09\/24\/des-particules-nuisibles-a-lassaut-de-kais-saied\/\">Des \u00abparticules\u00bb nuisibles \u00e0 l&rsquo;assaut de Ka\u00efs Sa\u00efed<\/a><\/blockquote><iframe loading=\"lazy\" class=\"wp-embedded-content\" sandbox=\"allow-scripts\" security=\"restricted\" style=\"position: absolute; clip: rect(1px, 1px, 1px, 1px);\" title=\"\u00ab\u00a0Des \u00abparticules\u00bb nuisibles \u00e0 l&rsquo;assaut de Ka\u00efs Sa\u00efed\u00a0\u00bb &#8212; Kapitalis\" src=\"https:\/\/kapitalis.com\/tunisie\/2021\/09\/24\/des-particules-nuisibles-a-lassaut-de-kais-saied\/embed\/#?secret=nm3upXahIf#?secret=P4BwhK8V5W\" data-secret=\"P4BwhK8V5W\" width=\"600\" height=\"338\" frameborder=\"0\" marginwidth=\"0\" marginheight=\"0\" scrolling=\"no\"><\/iframe><\/p>\n\n\n\n<p><blockquote class=\"wp-embedded-content\" data-secret=\"twK3SqoJwv\"><a href=\"https:\/\/kapitalis.com\/tunisie\/2021\/09\/23\/tunisie-le-nouveau-coup-de-poker-de-kais-saied\/\">Tunisie : Le nouveau coup de poker de Ka\u00efs Sa\u00efed<\/a><\/blockquote><iframe loading=\"lazy\" class=\"wp-embedded-content\" sandbox=\"allow-scripts\" security=\"restricted\" style=\"position: absolute; clip: rect(1px, 1px, 1px, 1px);\" title=\"\u00ab\u00a0Tunisie : Le nouveau coup de poker de Ka\u00efs Sa\u00efed\u00a0\u00bb &#8212; Kapitalis\" src=\"https:\/\/kapitalis.com\/tunisie\/2021\/09\/23\/tunisie-le-nouveau-coup-de-poker-de-kais-saied\/embed\/#?secret=R9wILjJEaq#?secret=twK3SqoJwv\" data-secret=\"twK3SqoJwv\" width=\"600\" height=\"338\" frameborder=\"0\" marginwidth=\"0\" marginheight=\"0\" scrolling=\"no\"><\/iframe><\/p>\n\n\n\n<p>   <\/p>\n\n\n\n<p>     <\/p>\n","protected":false},"excerpt":{"rendered":"<p>L&rsquo;actualit\u00e9 hier, jeudi 14 octobre 2021, en Tunisie, a \u00e9t\u00e9 tr\u00e8s fournie, mais particuli\u00e8rement marqu\u00e9e par l&rsquo;activisme naus\u00e9abond des \u00absbayhia\u00bb, les vendus de la r\u00e9publique, traitres par vocation et par habitude, qui jubilent lorsque leur pays se trouve dans une mauvaise passe ou sous des pressions ext\u00e9rieures particuli\u00e8rement virulentes, pressions que du reste ils se&#8230;<\/p>\n","protected":false},"author":8,"featured_media":366280,"comment_status":"open","ping_status":"open","sticky":false,"template":"","format":"standard","meta":{"footnotes":""},"categories":[992,997,2433],"tags":[65491,349,437,12235,634,635,4759,758,1793,62643],"class_list":["post-366278","post","type-post","status-publish","format-standard","has-post-thumbnail","hentry","category-a-la-une","category-politique","category-tunisie","tag-donald-blome","tag-etats-unis","tag-hamma-hammami","tag-kais-saied","tag-moncef-marzouki","tag-moodys","tag-nejib-chebbi","tag-rached-ghannouchi","tag-sihem-bensedrine","tag-tunisie"],"yoast_head":"<!-- This site is optimized with the Yoast SEO plugin v26.6 - https:\/\/yoast.com\/wordpress\/plugins\/seo\/ -->\n<title>Tunisie : Les \u00absbayhia\u00bb font de la r\u00e9sistance - Kapitalis<\/title>\n<meta name=\"robots\" content=\"index, follow, max-snippet:-1, max-image-preview:large, max-video-preview:-1\" \/>\n<link rel=\"canonical\" href=\"https:\/\/kapitalis.com\/tunisie\/2021\/10\/15\/tunisie-les-sbayhia-font-de-la-resistance\/\" \/>\n<meta property=\"og:locale\" content=\"fr_FR\" \/>\n<meta property=\"og:type\" content=\"article\" \/>\n<meta property=\"og:title\" content=\"Tunisie : Les \u00absbayhia\u00bb font de la r\u00e9sistance - Kapitalis\" \/>\n<meta property=\"og:description\" content=\"L&rsquo;actualit\u00e9 hier, jeudi 14 octobre 2021, en Tunisie, a \u00e9t\u00e9 tr\u00e8s fournie, mais particuli\u00e8rement marqu\u00e9e par l&rsquo;activisme naus\u00e9abond des \u00absbayhia\u00bb, les vendus de la r\u00e9publique, traitres par vocation et par habitude, qui jubilent lorsque leur pays se trouve dans une mauvaise passe ou sous des pressions ext\u00e9rieures particuli\u00e8rement virulentes, pressions que du reste ils se...\" \/>\n<meta property=\"og:url\" content=\"https:\/\/kapitalis.com\/tunisie\/2021\/10\/15\/tunisie-les-sbayhia-font-de-la-resistance\/\" \/>\n<meta property=\"og:site_name\" content=\"Kapitalis\" \/>\n<meta property=\"article:publisher\" content=\"https:\/\/www.facebook.com\/KapitalisInfo\/\" \/>\n<meta property=\"article:published_time\" content=\"2021-10-15T08:10:21+00:00\" \/>\n<meta property=\"article:modified_time\" content=\"2021-10-15T10:34:47+00:00\" \/>\n<meta property=\"og:image\" content=\"https:\/\/kapitalis.com\/tunisie\/wp-content\/uploads\/2022\/05\/kapitalis-logo-fb.png\" \/>\n\t<meta property=\"og:image:width\" content=\"1200\" \/>\n\t<meta property=\"og:image:height\" content=\"630\" \/>\n\t<meta property=\"og:image:type\" content=\"image\/png\" \/>\n<meta name=\"author\" content=\"webmaster kapitalis\" \/>\n<meta name=\"twitter:card\" content=\"summary_large_image\" \/>\n<meta name=\"twitter:creator\" content=\"@KapitalisInfo\" \/>\n<meta name=\"twitter:site\" content=\"@KapitalisInfo\" \/>\n<meta name=\"twitter:label1\" content=\"\u00c9crit par\" \/>\n\t<meta name=\"twitter:data1\" content=\"webmaster kapitalis\" \/>\n\t<meta name=\"twitter:label2\" content=\"Dur\u00e9e de lecture estim\u00e9e\" \/>\n\t<meta name=\"twitter:data2\" content=\"7 minutes\" \/>\n<script type=\"application\/ld+json\" class=\"yoast-schema-graph\">{\"@context\":\"https:\/\/schema.org\",\"@graph\":[{\"@type\":\"Article\",\"@id\":\"https:\/\/kapitalis.com\/tunisie\/2021\/10\/15\/tunisie-les-sbayhia-font-de-la-resistance\/#article\",\"isPartOf\":{\"@id\":\"https:\/\/kapitalis.com\/tunisie\/2021\/10\/15\/tunisie-les-sbayhia-font-de-la-resistance\/\"},\"author\":{\"name\":\"webmaster kapitalis\",\"@id\":\"https:\/\/kapitalis.com\/tunisie\/#\/schema\/person\/d71f33a9ca44f7bad4698210b480c8e9\"},\"headline\":\"Tunisie : Les \u00absbayhia\u00bb font de la r\u00e9sistance\",\"datePublished\":\"2021-10-15T08:10:21+00:00\",\"dateModified\":\"2021-10-15T10:34:47+00:00\",\"mainEntityOfPage\":{\"@id\":\"https:\/\/kapitalis.com\/tunisie\/2021\/10\/15\/tunisie-les-sbayhia-font-de-la-resistance\/\"},\"wordCount\":1345,\"commentCount\":18,\"publisher\":{\"@id\":\"https:\/\/kapitalis.com\/tunisie\/#organization\"},\"image\":{\"@id\":\"https:\/\/kapitalis.com\/tunisie\/2021\/10\/15\/tunisie-les-sbayhia-font-de-la-resistance\/#primaryimage\"},\"thumbnailUrl\":\"\",\"keywords\":[\"Donald Blome\",\"Etats Unis\",\"Hamma Hammami\",\"Ka\u00efs Saied\",\"Moncef Marzouki\",\"Moody's\",\"N\u00e9jib Chebbi\",\"Rached Ghannouchi\",\"Sihem Bensedrine\",\"Tunisie\"],\"articleSection\":[\"A LA UNE\",\"POLITIQUE\",\"Tunisie\"],\"inLanguage\":\"fr-FR\",\"potentialAction\":[{\"@type\":\"CommentAction\",\"name\":\"Comment\",\"target\":[\"https:\/\/kapitalis.com\/tunisie\/2021\/10\/15\/tunisie-les-sbayhia-font-de-la-resistance\/#respond\"]}]},{\"@type\":\"WebPage\",\"@id\":\"https:\/\/kapitalis.com\/tunisie\/2021\/10\/15\/tunisie-les-sbayhia-font-de-la-resistance\/\",\"url\":\"https:\/\/kapitalis.com\/tunisie\/2021\/10\/15\/tunisie-les-sbayhia-font-de-la-resistance\/\",\"name\":\"Tunisie : Les \u00absbayhia\u00bb font de la r\u00e9sistance - Kapitalis\",\"isPartOf\":{\"@id\":\"https:\/\/kapitalis.com\/tunisie\/#website\"},\"primaryImageOfPage\":{\"@id\":\"https:\/\/kapitalis.com\/tunisie\/2021\/10\/15\/tunisie-les-sbayhia-font-de-la-resistance\/#primaryimage\"},\"image\":{\"@id\":\"https:\/\/kapitalis.com\/tunisie\/2021\/10\/15\/tunisie-les-sbayhia-font-de-la-resistance\/#primaryimage\"},\"thumbnailUrl\":\"\",\"datePublished\":\"2021-10-15T08:10:21+00:00\",\"dateModified\":\"2021-10-15T10:34:47+00:00\",\"breadcrumb\":{\"@id\":\"https:\/\/kapitalis.com\/tunisie\/2021\/10\/15\/tunisie-les-sbayhia-font-de-la-resistance\/#breadcrumb\"},\"inLanguage\":\"fr-FR\",\"potentialAction\":[{\"@type\":\"ReadAction\",\"target\":[\"https:\/\/kapitalis.com\/tunisie\/2021\/10\/15\/tunisie-les-sbayhia-font-de-la-resistance\/\"]}]},{\"@type\":\"ImageObject\",\"inLanguage\":\"fr-FR\",\"@id\":\"https:\/\/kapitalis.com\/tunisie\/2021\/10\/15\/tunisie-les-sbayhia-font-de-la-resistance\/#primaryimage\",\"url\":\"\",\"contentUrl\":\"\"},{\"@type\":\"BreadcrumbList\",\"@id\":\"https:\/\/kapitalis.com\/tunisie\/2021\/10\/15\/tunisie-les-sbayhia-font-de-la-resistance\/#breadcrumb\",\"itemListElement\":[{\"@type\":\"ListItem\",\"position\":1,\"name\":\"Accueil\",\"item\":\"https:\/\/kapitalis.com\/tunisie\/\"},{\"@type\":\"ListItem\",\"position\":2,\"name\":\"Tunisie : Les \u00absbayhia\u00bb font de la r\u00e9sistance\"}]},{\"@type\":\"WebSite\",\"@id\":\"https:\/\/kapitalis.com\/tunisie\/#website\",\"url\":\"https:\/\/kapitalis.com\/tunisie\/\",\"name\":\"Kapitalis\",\"description\":\"L&#039;actualit\u00e9 en Tunisie et dans le monde\",\"publisher\":{\"@id\":\"https:\/\/kapitalis.com\/tunisie\/#organization\"},\"potentialAction\":[{\"@type\":\"SearchAction\",\"target\":{\"@type\":\"EntryPoint\",\"urlTemplate\":\"https:\/\/kapitalis.com\/tunisie\/?s={search_term_string}\"},\"query-input\":{\"@type\":\"PropertyValueSpecification\",\"valueRequired\":true,\"valueName\":\"search_term_string\"}}],\"inLanguage\":\"fr-FR\"},{\"@type\":\"Organization\",\"@id\":\"https:\/\/kapitalis.com\/tunisie\/#organization\",\"name\":\"Kapitalis\",\"url\":\"https:\/\/kapitalis.com\/tunisie\/\",\"logo\":{\"@type\":\"ImageObject\",\"inLanguage\":\"fr-FR\",\"@id\":\"https:\/\/kapitalis.com\/tunisie\/#\/schema\/logo\/image\/\",\"url\":\"https:\/\/kapitalis.com\/tunisie\/wp-content\/uploads\/2022\/05\/Kapitalis-big-size.png\",\"contentUrl\":\"https:\/\/kapitalis.com\/tunisie\/wp-content\/uploads\/2022\/05\/Kapitalis-big-size.png\",\"width\":5000,\"height\":1500,\"caption\":\"Kapitalis\"},\"image\":{\"@id\":\"https:\/\/kapitalis.com\/tunisie\/#\/schema\/logo\/image\/\"},\"sameAs\":[\"https:\/\/www.facebook.com\/KapitalisInfo\/\",\"https:\/\/x.com\/KapitalisInfo\",\"https:\/\/www.youtube.com\/channel\/UC-yDYrHyfFBWWZaOw3FPg9Q\"]},{\"@type\":\"Person\",\"@id\":\"https:\/\/kapitalis.com\/tunisie\/#\/schema\/person\/d71f33a9ca44f7bad4698210b480c8e9\",\"name\":\"webmaster kapitalis\",\"url\":\"https:\/\/kapitalis.com\/tunisie\/author\/webmaster-kapitalis\/\"}]}<\/script>\n<!-- \/ Yoast SEO plugin. -->","yoast_head_json":{"title":"Tunisie : Les \u00absbayhia\u00bb font de la r\u00e9sistance - Kapitalis","robots":{"index":"index","follow":"follow","max-snippet":"max-snippet:-1","max-image-preview":"max-image-preview:large","max-video-preview":"max-video-preview:-1"},"canonical":"https:\/\/kapitalis.com\/tunisie\/2021\/10\/15\/tunisie-les-sbayhia-font-de-la-resistance\/","og_locale":"fr_FR","og_type":"article","og_title":"Tunisie : Les \u00absbayhia\u00bb font de la r\u00e9sistance - Kapitalis","og_description":"L&rsquo;actualit\u00e9 hier, jeudi 14 octobre 2021, en Tunisie, a \u00e9t\u00e9 tr\u00e8s fournie, mais particuli\u00e8rement marqu\u00e9e par l&rsquo;activisme naus\u00e9abond des \u00absbayhia\u00bb, les vendus de la r\u00e9publique, traitres par vocation et par habitude, qui jubilent lorsque leur pays se trouve dans une mauvaise passe ou sous des pressions ext\u00e9rieures particuli\u00e8rement virulentes, pressions que du reste ils se...","og_url":"https:\/\/kapitalis.com\/tunisie\/2021\/10\/15\/tunisie-les-sbayhia-font-de-la-resistance\/","og_site_name":"Kapitalis","article_publisher":"https:\/\/www.facebook.com\/KapitalisInfo\/","article_published_time":"2021-10-15T08:10:21+00:00","article_modified_time":"2021-10-15T10:34:47+00:00","og_image":[{"width":1200,"height":630,"url":"https:\/\/kapitalis.com\/tunisie\/wp-content\/uploads\/2022\/05\/kapitalis-logo-fb.png","type":"image\/png"}],"author":"webmaster kapitalis","twitter_card":"summary_large_image","twitter_creator":"@KapitalisInfo","twitter_site":"@KapitalisInfo","twitter_misc":{"\u00c9crit par":"webmaster kapitalis","Dur\u00e9e de lecture estim\u00e9e":"7 minutes"},"schema":{"@context":"https:\/\/schema.org","@graph":[{"@type":"Article","@id":"https:\/\/kapitalis.com\/tunisie\/2021\/10\/15\/tunisie-les-sbayhia-font-de-la-resistance\/#article","isPartOf":{"@id":"https:\/\/kapitalis.com\/tunisie\/2021\/10\/15\/tunisie-les-sbayhia-font-de-la-resistance\/"},"author":{"name":"webmaster kapitalis","@id":"https:\/\/kapitalis.com\/tunisie\/#\/schema\/person\/d71f33a9ca44f7bad4698210b480c8e9"},"headline":"Tunisie : Les \u00absbayhia\u00bb font de la r\u00e9sistance","datePublished":"2021-10-15T08:10:21+00:00","dateModified":"2021-10-15T10:34:47+00:00","mainEntityOfPage":{"@id":"https:\/\/kapitalis.com\/tunisie\/2021\/10\/15\/tunisie-les-sbayhia-font-de-la-resistance\/"},"wordCount":1345,"commentCount":18,"publisher":{"@id":"https:\/\/kapitalis.com\/tunisie\/#organization"},"image":{"@id":"https:\/\/kapitalis.com\/tunisie\/2021\/10\/15\/tunisie-les-sbayhia-font-de-la-resistance\/#primaryimage"},"thumbnailUrl":"","keywords":["Donald Blome","Etats Unis","Hamma Hammami","Ka\u00efs Saied","Moncef Marzouki","Moody's","N\u00e9jib Chebbi","Rached Ghannouchi","Sihem Bensedrine","Tunisie"],"articleSection":["A LA UNE","POLITIQUE","Tunisie"],"inLanguage":"fr-FR","potentialAction":[{"@type":"CommentAction","name":"Comment","target":["https:\/\/kapitalis.com\/tunisie\/2021\/10\/15\/tunisie-les-sbayhia-font-de-la-resistance\/#respond"]}]},{"@type":"WebPage","@id":"https:\/\/kapitalis.com\/tunisie\/2021\/10\/15\/tunisie-les-sbayhia-font-de-la-resistance\/","url":"https:\/\/kapitalis.com\/tunisie\/2021\/10\/15\/tunisie-les-sbayhia-font-de-la-resistance\/","name":"Tunisie : Les \u00absbayhia\u00bb font de la r\u00e9sistance - Kapitalis","isPartOf":{"@id":"https:\/\/kapitalis.com\/tunisie\/#website"},"primaryImageOfPage":{"@id":"https:\/\/kapitalis.com\/tunisie\/2021\/10\/15\/tunisie-les-sbayhia-font-de-la-resistance\/#primaryimage"},"image":{"@id":"https:\/\/kapitalis.com\/tunisie\/2021\/10\/15\/tunisie-les-sbayhia-font-de-la-resistance\/#primaryimage"},"thumbnailUrl":"","datePublished":"2021-10-15T08:10:21+00:00","dateModified":"2021-10-15T10:34:47+00:00","breadcrumb":{"@id":"https:\/\/kapitalis.com\/tunisie\/2021\/10\/15\/tunisie-les-sbayhia-font-de-la-resistance\/#breadcrumb"},"inLanguage":"fr-FR","potentialAction":[{"@type":"ReadAction","target":["https:\/\/kapitalis.com\/tunisie\/2021\/10\/15\/tunisie-les-sbayhia-font-de-la-resistance\/"]}]},{"@type":"ImageObject","inLanguage":"fr-FR","@id":"https:\/\/kapitalis.com\/tunisie\/2021\/10\/15\/tunisie-les-sbayhia-font-de-la-resistance\/#primaryimage","url":"","contentUrl":""},{"@type":"BreadcrumbList","@id":"https:\/\/kapitalis.com\/tunisie\/2021\/10\/15\/tunisie-les-sbayhia-font-de-la-resistance\/#breadcrumb","itemListElement":[{"@type":"ListItem","position":1,"name":"Accueil","item":"https:\/\/kapitalis.com\/tunisie\/"},{"@type":"ListItem","position":2,"name":"Tunisie : Les \u00absbayhia\u00bb font de la r\u00e9sistance"}]},{"@type":"WebSite","@id":"https:\/\/kapitalis.com\/tunisie\/#website","url":"https:\/\/kapitalis.com\/tunisie\/","name":"Kapitalis","description":"L&#039;actualit\u00e9 en Tunisie et dans le monde","publisher":{"@id":"https:\/\/kapitalis.com\/tunisie\/#organization"},"potentialAction":[{"@type":"SearchAction","target":{"@type":"EntryPoint","urlTemplate":"https:\/\/kapitalis.com\/tunisie\/?s={search_term_string}"},"query-input":{"@type":"PropertyValueSpecification","valueRequired":true,"valueName":"search_term_string"}}],"inLanguage":"fr-FR"},{"@type":"Organization","@id":"https:\/\/kapitalis.com\/tunisie\/#organization","name":"Kapitalis","url":"https:\/\/kapitalis.com\/tunisie\/","logo":{"@type":"ImageObject","inLanguage":"fr-FR","@id":"https:\/\/kapitalis.com\/tunisie\/#\/schema\/logo\/image\/","url":"https:\/\/kapitalis.com\/tunisie\/wp-content\/uploads\/2022\/05\/Kapitalis-big-size.png","contentUrl":"https:\/\/kapitalis.com\/tunisie\/wp-content\/uploads\/2022\/05\/Kapitalis-big-size.png","width":5000,"height":1500,"caption":"Kapitalis"},"image":{"@id":"https:\/\/kapitalis.com\/tunisie\/#\/schema\/logo\/image\/"},"sameAs":["https:\/\/www.facebook.com\/KapitalisInfo\/","https:\/\/x.com\/KapitalisInfo","https:\/\/www.youtube.com\/channel\/UC-yDYrHyfFBWWZaOw3FPg9Q"]},{"@type":"Person","@id":"https:\/\/kapitalis.com\/tunisie\/#\/schema\/person\/d71f33a9ca44f7bad4698210b480c8e9","name":"webmaster kapitalis","url":"https:\/\/kapitalis.com\/tunisie\/author\/webmaster-kapitalis\/"}]}},"_links":{"self":[{"href":"https:\/\/kapitalis.com\/tunisie\/wp-json\/wp\/v2\/posts\/366278","targetHints":{"allow":["GET"]}}],"collection":[{"href":"https:\/\/kapitalis.com\/tunisie\/wp-json\/wp\/v2\/posts"}],"about":[{"href":"https:\/\/kapitalis.com\/tunisie\/wp-json\/wp\/v2\/types\/post"}],"author":[{"embeddable":true,"href":"https:\/\/kapitalis.com\/tunisie\/wp-json\/wp\/v2\/users\/8"}],"replies":[{"embeddable":true,"href":"https:\/\/kapitalis.com\/tunisie\/wp-json\/wp\/v2\/comments?post=366278"}],"version-history":[{"count":0,"href":"https:\/\/kapitalis.com\/tunisie\/wp-json\/wp\/v2\/posts\/366278\/revisions"}],"wp:featuredmedia":[{"embeddable":true,"href":"https:\/\/kapitalis.com\/tunisie\/wp-json\/wp\/v2\/media\/366280"}],"wp:attachment":[{"href":"https:\/\/kapitalis.com\/tunisie\/wp-json\/wp\/v2\/media?parent=366278"}],"wp:term":[{"taxonomy":"category","embeddable":true,"href":"https:\/\/kapitalis.com\/tunisie\/wp-json\/wp\/v2\/categories?post=366278"},{"taxonomy":"post_tag","embeddable":true,"href":"https:\/\/kapitalis.com\/tunisie\/wp-json\/wp\/v2\/tags?post=366278"}],"curies":[{"name":"wp","href":"https:\/\/api.w.org\/{rel}","templated":true}]}}