{"id":366584,"date":"2021-10-18T19:39:00","date_gmt":"2021-10-18T18:39:00","guid":{"rendered":"http:\/\/kapitalis.com\/tunisie\/?p=366584"},"modified":"2021-10-18T19:42:18","modified_gmt":"2021-10-18T18:42:18","slug":"tunisie-me-harrath-reagit-a-la-rumeur-sur-le-transfert-de-makhlouf-a-lhopital","status":"publish","type":"post","link":"https:\/\/kapitalis.com\/tunisie\/2021\/10\/18\/tunisie-me-harrath-reagit-a-la-rumeur-sur-le-transfert-de-makhlouf-a-lhopital\/","title":{"rendered":"Tunisie : Me Harrath r\u00e9agit \u00e0 la rumeur sur le transfert de Makhlouf \u00e0 l&rsquo;h\u00f4pital"},"content":{"rendered":"\n<div class=\"wp-block-image\"><figure class=\"aligncenter size-full\"><img decoding=\"async\" src=\"http:\/\/kapitalis.com\/tunisie\/wp-content\/uploads\/2020\/10\/Makhlouf.jpg\" alt=\"\" class=\"wp-image-320091\"\/><\/figure><\/div>\n\n\n\n<p><strong><em>L&rsquo;avocate Ines Harrath, membre du comit\u00e9 de d\u00e9fense du d\u00e9put\u00e9 (gel\u00e9) Al-Karama Seifeddine Makhlouf a publi\u00e9 un post, ce lundi 18 octobre 2021,  sur son compte Facebook pour commenter la rumeur relative au transfert de son client \u00e0 l&rsquo;h\u00f4pital.<\/em><\/strong><\/p>\n\n\n\n<!--more-->\n\n\n\n<p>Incarc\u00e9r\u00e9 depuis le 21 septembre dernier, Seifeddine Makhlouf a annonc\u00e9, jeudi dernier, via un communiqu\u00e9 publi\u00e9 par la coalition islamiste, \u00eatre entr\u00e9 en gr\u00e8ve de la faim, pour contester contre son incarc\u00e9ration et sa comparution devant un tribunal militaire.<\/p>\n\n\n\n<p>Des rumeurs ont alors circul\u00e9 sur les r\u00e9seaux sociaux, ce lundi, via une capture d&rsquo;\u00e9cran mont\u00e9e et attribu\u00e9e \u00e0 la t\u00e9l\u00e9vision nationale, rumeurs que l&rsquo;avocate d\u00e9ment cat\u00e9goriquement : \u00ab<em>C&rsquo;est de l&rsquo;intox, en plus la prison ne transf\u00e8re pas les d\u00e9tenus \u00e0 l&rsquo;h\u00f4pital militaire<\/em>\u00bb, a-t-elle \u00e9crit.<\/p>\n\n\n\n<p>L&rsquo;avocate a par ailleurs qualifi\u00e9 d&rsquo;immoral, celui qui a fabriqu\u00e9 et r\u00e9pandu la rumeur en \u00ab<em>effrayant la famille, les amis et les proches de Makhlouf, en esp\u00e9rant qu&rsquo;il obtienne ce qu&rsquo;il m\u00e9rite\u00bb<\/em>, dit-elle.<\/p>\n\n\n\n<p>Rappelons que le d\u00e9put\u00e9 est poursuivi dans deux affaires : celle dite de l\u2019a\u00e9roport,et qui remonte \u00e0 mars dernier, lorsque des \u00e9lus de la coalition Al-Karama se sont rendu l\u2019a\u00e9roport Tunis-Carthage pour tenter de faire voyager de force une femme fich\u00e9e S-17, ainsi qu&rsquo;une autre, datant du 21 septembre, pour menaces \u00e0 un juge au Tribunal militaire permanent de premi\u00e8re instance de Tunis.<\/p>\n\n\n\n<p>Seifeddine Makhlouf st \u00e9galement recherch\u00e9 dans une affaire de trafic de fausse monnaie en bande organis\u00e9e \u00e0 Kaassrine et il a \u00e9galement \u00e9t\u00e9 condamn\u00e9 par contumace, en d\u00e9cembre 2019, \u00e0 20 mois de prison ferme, suite \u00e0 une plainte d\u00e9pos\u00e9e \u00e0 son encontre par le procureur en charge de l\u2019affaire du Centre coranique de Regueb (\u00e9cole o\u00f9 des enfants \u00e9taient coup\u00e9 du monde pour apprendre les lois de l\u2019islam, m\u00e9lang\u00e9s avec des adultes, dont deux condamn\u00e9s pour viols et abus sexuels). Il avait fait, \u00e0 l&rsquo;\u00e9poque, appel de cette d\u00e9cision de justice\u2026<\/p>\n\n\n\n<p>Il sera probablement bient\u00f4t entendu dans une nouvelle affaire, apr\u00e8s la plainte d\u00e9pos\u00e9e, la semaine derni\u00e8re, par la d\u00e9put\u00e9e et pr\u00e9sidente du Parti destourien libre (PDL) Abir Moussi, qu&rsquo;il a physiquement agress\u00e9e, il y a quelques mois au sein de l&rsquo;Assembl\u00e9e.<\/p>\n\n\n\n<p class=\"has-text-align-right\"><strong>Y. N.<\/strong><\/p>\n","protected":false},"excerpt":{"rendered":"<p>L&rsquo;avocate Ines Harrath, membre du comit\u00e9 de d\u00e9fense du d\u00e9put\u00e9 (gel\u00e9) Al-Karama Seifeddine Makhlouf a publi\u00e9 un post, ce lundi 18 octobre 2021, sur son compte Facebook pour commenter la rumeur relative au transfert de son client \u00e0 l&rsquo;h\u00f4pital.<\/p>\n","protected":false},"author":6,"featured_media":366587,"comment_status":"open","ping_status":"open","sticky":false,"template":"","format":"standard","meta":{"footnotes":""},"categories":[997,2433],"tags":[76464,92480,94177,1314,62643],"class_list":["post-366584","post","type-post","status-publish","format-standard","has-post-thumbnail","hentry","category-politique","category-tunisie","tag-al-karama-2","tag-depute-gele","tag-harrath","tag-prison","tag-tunisie"],"yoast_head":"<!-- This site is optimized with the Yoast SEO plugin v26.6 - https:\/\/yoast.com\/wordpress\/plugins\/seo\/ -->\n<title>Tunisie : Me Harrath r\u00e9agit \u00e0 la rumeur sur le transfert de Makhlouf \u00e0 l&#039;h\u00f4pital - Kapitalis<\/title>\n<meta name=\"robots\" content=\"index, follow, max-snippet:-1, max-image-preview:large, max-video-preview:-1\" \/>\n<link rel=\"canonical\" href=\"https:\/\/kapitalis.com\/tunisie\/2021\/10\/18\/tunisie-me-harrath-reagit-a-la-rumeur-sur-le-transfert-de-makhlouf-a-lhopital\/\" \/>\n<meta property=\"og:locale\" content=\"fr_FR\" \/>\n<meta property=\"og:type\" content=\"article\" \/>\n<meta property=\"og:title\" content=\"Tunisie : Me Harrath r\u00e9agit \u00e0 la rumeur sur le transfert de Makhlouf \u00e0 l&#039;h\u00f4pital - Kapitalis\" \/>\n<meta property=\"og:description\" content=\"L&rsquo;avocate Ines Harrath, membre du comit\u00e9 de d\u00e9fense du d\u00e9put\u00e9 (gel\u00e9) Al-Karama Seifeddine Makhlouf a publi\u00e9 un post, ce lundi 18 octobre 2021, sur son compte Facebook pour commenter la rumeur relative au transfert de son client \u00e0 l&rsquo;h\u00f4pital.\" \/>\n<meta property=\"og:url\" content=\"https:\/\/kapitalis.com\/tunisie\/2021\/10\/18\/tunisie-me-harrath-reagit-a-la-rumeur-sur-le-transfert-de-makhlouf-a-lhopital\/\" \/>\n<meta property=\"og:site_name\" content=\"Kapitalis\" \/>\n<meta property=\"article:publisher\" content=\"https:\/\/www.facebook.com\/KapitalisInfo\/\" \/>\n<meta property=\"article:published_time\" content=\"2021-10-18T18:39:00+00:00\" \/>\n<meta property=\"article:modified_time\" content=\"2021-10-18T18:42:18+00:00\" \/>\n<meta property=\"og:image\" content=\"https:\/\/kapitalis.com\/tunisie\/wp-content\/uploads\/2022\/05\/kapitalis-logo-fb.png\" \/>\n\t<meta property=\"og:image:width\" content=\"1200\" \/>\n\t<meta property=\"og:image:height\" content=\"630\" \/>\n\t<meta property=\"og:image:type\" content=\"image\/png\" \/>\n<meta name=\"author\" content=\"Yusra NY\" \/>\n<meta name=\"twitter:card\" content=\"summary_large_image\" \/>\n<meta name=\"twitter:creator\" content=\"@KapitalisInfo\" \/>\n<meta name=\"twitter:site\" content=\"@KapitalisInfo\" \/>\n<meta name=\"twitter:label1\" content=\"\u00c9crit par\" \/>\n\t<meta name=\"twitter:data1\" content=\"Yusra NY\" \/>\n\t<meta name=\"twitter:label2\" content=\"Dur\u00e9e de lecture estim\u00e9e\" \/>\n\t<meta name=\"twitter:data2\" content=\"2 minutes\" \/>\n<script type=\"application\/ld+json\" class=\"yoast-schema-graph\">{\"@context\":\"https:\/\/schema.org\",\"@graph\":[{\"@type\":\"Article\",\"@id\":\"https:\/\/kapitalis.com\/tunisie\/2021\/10\/18\/tunisie-me-harrath-reagit-a-la-rumeur-sur-le-transfert-de-makhlouf-a-lhopital\/#article\",\"isPartOf\":{\"@id\":\"https:\/\/kapitalis.com\/tunisie\/2021\/10\/18\/tunisie-me-harrath-reagit-a-la-rumeur-sur-le-transfert-de-makhlouf-a-lhopital\/\"},\"author\":{\"name\":\"Yusra NY\",\"@id\":\"https:\/\/kapitalis.com\/tunisie\/#\/schema\/person\/74bbde0154d49d790a92aaeac5bc01d5\"},\"headline\":\"Tunisie : Me Harrath r\u00e9agit \u00e0 la rumeur sur le transfert de Makhlouf \u00e0 l&rsquo;h\u00f4pital\",\"datePublished\":\"2021-10-18T18:39:00+00:00\",\"dateModified\":\"2021-10-18T18:42:18+00:00\",\"mainEntityOfPage\":{\"@id\":\"https:\/\/kapitalis.com\/tunisie\/2021\/10\/18\/tunisie-me-harrath-reagit-a-la-rumeur-sur-le-transfert-de-makhlouf-a-lhopital\/\"},\"wordCount\":399,\"commentCount\":5,\"publisher\":{\"@id\":\"https:\/\/kapitalis.com\/tunisie\/#organization\"},\"image\":{\"@id\":\"https:\/\/kapitalis.com\/tunisie\/2021\/10\/18\/tunisie-me-harrath-reagit-a-la-rumeur-sur-le-transfert-de-makhlouf-a-lhopital\/#primaryimage\"},\"thumbnailUrl\":\"\",\"keywords\":[\"Al-Karama\",\"d\u00e9put\u00e9 gel\u00e9\",\"Harrath\",\"prison\",\"Tunisie\"],\"articleSection\":[\"POLITIQUE\",\"Tunisie\"],\"inLanguage\":\"fr-FR\",\"potentialAction\":[{\"@type\":\"CommentAction\",\"name\":\"Comment\",\"target\":[\"https:\/\/kapitalis.com\/tunisie\/2021\/10\/18\/tunisie-me-harrath-reagit-a-la-rumeur-sur-le-transfert-de-makhlouf-a-lhopital\/#respond\"]}]},{\"@type\":\"WebPage\",\"@id\":\"https:\/\/kapitalis.com\/tunisie\/2021\/10\/18\/tunisie-me-harrath-reagit-a-la-rumeur-sur-le-transfert-de-makhlouf-a-lhopital\/\",\"url\":\"https:\/\/kapitalis.com\/tunisie\/2021\/10\/18\/tunisie-me-harrath-reagit-a-la-rumeur-sur-le-transfert-de-makhlouf-a-lhopital\/\",\"name\":\"Tunisie : Me Harrath r\u00e9agit \u00e0 la rumeur sur le transfert de Makhlouf \u00e0 l'h\u00f4pital - Kapitalis\",\"isPartOf\":{\"@id\":\"https:\/\/kapitalis.com\/tunisie\/#website\"},\"primaryImageOfPage\":{\"@id\":\"https:\/\/kapitalis.com\/tunisie\/2021\/10\/18\/tunisie-me-harrath-reagit-a-la-rumeur-sur-le-transfert-de-makhlouf-a-lhopital\/#primaryimage\"},\"image\":{\"@id\":\"https:\/\/kapitalis.com\/tunisie\/2021\/10\/18\/tunisie-me-harrath-reagit-a-la-rumeur-sur-le-transfert-de-makhlouf-a-lhopital\/#primaryimage\"},\"thumbnailUrl\":\"\",\"datePublished\":\"2021-10-18T18:39:00+00:00\",\"dateModified\":\"2021-10-18T18:42:18+00:00\",\"breadcrumb\":{\"@id\":\"https:\/\/kapitalis.com\/tunisie\/2021\/10\/18\/tunisie-me-harrath-reagit-a-la-rumeur-sur-le-transfert-de-makhlouf-a-lhopital\/#breadcrumb\"},\"inLanguage\":\"fr-FR\",\"potentialAction\":[{\"@type\":\"ReadAction\",\"target\":[\"https:\/\/kapitalis.com\/tunisie\/2021\/10\/18\/tunisie-me-harrath-reagit-a-la-rumeur-sur-le-transfert-de-makhlouf-a-lhopital\/\"]}]},{\"@type\":\"ImageObject\",\"inLanguage\":\"fr-FR\",\"@id\":\"https:\/\/kapitalis.com\/tunisie\/2021\/10\/18\/tunisie-me-harrath-reagit-a-la-rumeur-sur-le-transfert-de-makhlouf-a-lhopital\/#primaryimage\",\"url\":\"\",\"contentUrl\":\"\"},{\"@type\":\"BreadcrumbList\",\"@id\":\"https:\/\/kapitalis.com\/tunisie\/2021\/10\/18\/tunisie-me-harrath-reagit-a-la-rumeur-sur-le-transfert-de-makhlouf-a-lhopital\/#breadcrumb\",\"itemListElement\":[{\"@type\":\"ListItem\",\"position\":1,\"name\":\"Accueil\",\"item\":\"https:\/\/kapitalis.com\/tunisie\/\"},{\"@type\":\"ListItem\",\"position\":2,\"name\":\"Tunisie : Me Harrath r\u00e9agit \u00e0 la rumeur sur le transfert de Makhlouf \u00e0 l&rsquo;h\u00f4pital\"}]},{\"@type\":\"WebSite\",\"@id\":\"https:\/\/kapitalis.com\/tunisie\/#website\",\"url\":\"https:\/\/kapitalis.com\/tunisie\/\",\"name\":\"Kapitalis\",\"description\":\"L&#039;actualit\u00e9 en Tunisie et dans le monde\",\"publisher\":{\"@id\":\"https:\/\/kapitalis.com\/tunisie\/#organization\"},\"potentialAction\":[{\"@type\":\"SearchAction\",\"target\":{\"@type\":\"EntryPoint\",\"urlTemplate\":\"https:\/\/kapitalis.com\/tunisie\/?s={search_term_string}\"},\"query-input\":{\"@type\":\"PropertyValueSpecification\",\"valueRequired\":true,\"valueName\":\"search_term_string\"}}],\"inLanguage\":\"fr-FR\"},{\"@type\":\"Organization\",\"@id\":\"https:\/\/kapitalis.com\/tunisie\/#organization\",\"name\":\"Kapitalis\",\"url\":\"https:\/\/kapitalis.com\/tunisie\/\",\"logo\":{\"@type\":\"ImageObject\",\"inLanguage\":\"fr-FR\",\"@id\":\"https:\/\/kapitalis.com\/tunisie\/#\/schema\/logo\/image\/\",\"url\":\"https:\/\/kapitalis.com\/tunisie\/wp-content\/uploads\/2022\/05\/Kapitalis-big-size.png\",\"contentUrl\":\"https:\/\/kapitalis.com\/tunisie\/wp-content\/uploads\/2022\/05\/Kapitalis-big-size.png\",\"width\":5000,\"height\":1500,\"caption\":\"Kapitalis\"},\"image\":{\"@id\":\"https:\/\/kapitalis.com\/tunisie\/#\/schema\/logo\/image\/\"},\"sameAs\":[\"https:\/\/www.facebook.com\/KapitalisInfo\/\",\"https:\/\/x.com\/KapitalisInfo\",\"https:\/\/www.youtube.com\/channel\/UC-yDYrHyfFBWWZaOw3FPg9Q\"]},{\"@type\":\"Person\",\"@id\":\"https:\/\/kapitalis.com\/tunisie\/#\/schema\/person\/74bbde0154d49d790a92aaeac5bc01d5\",\"name\":\"Yusra NY\",\"url\":\"https:\/\/kapitalis.com\/tunisie\/author\/yuza_adam\/\"}]}<\/script>\n<!-- \/ Yoast SEO plugin. -->","yoast_head_json":{"title":"Tunisie : Me Harrath r\u00e9agit \u00e0 la rumeur sur le transfert de Makhlouf \u00e0 l'h\u00f4pital - Kapitalis","robots":{"index":"index","follow":"follow","max-snippet":"max-snippet:-1","max-image-preview":"max-image-preview:large","max-video-preview":"max-video-preview:-1"},"canonical":"https:\/\/kapitalis.com\/tunisie\/2021\/10\/18\/tunisie-me-harrath-reagit-a-la-rumeur-sur-le-transfert-de-makhlouf-a-lhopital\/","og_locale":"fr_FR","og_type":"article","og_title":"Tunisie : Me Harrath r\u00e9agit \u00e0 la rumeur sur le transfert de Makhlouf \u00e0 l'h\u00f4pital - Kapitalis","og_description":"L&rsquo;avocate Ines Harrath, membre du comit\u00e9 de d\u00e9fense du d\u00e9put\u00e9 (gel\u00e9) Al-Karama Seifeddine Makhlouf a publi\u00e9 un post, ce lundi 18 octobre 2021, sur son compte Facebook pour commenter la rumeur relative au transfert de son client \u00e0 l&rsquo;h\u00f4pital.","og_url":"https:\/\/kapitalis.com\/tunisie\/2021\/10\/18\/tunisie-me-harrath-reagit-a-la-rumeur-sur-le-transfert-de-makhlouf-a-lhopital\/","og_site_name":"Kapitalis","article_publisher":"https:\/\/www.facebook.com\/KapitalisInfo\/","article_published_time":"2021-10-18T18:39:00+00:00","article_modified_time":"2021-10-18T18:42:18+00:00","og_image":[{"width":1200,"height":630,"url":"https:\/\/kapitalis.com\/tunisie\/wp-content\/uploads\/2022\/05\/kapitalis-logo-fb.png","type":"image\/png"}],"author":"Yusra NY","twitter_card":"summary_large_image","twitter_creator":"@KapitalisInfo","twitter_site":"@KapitalisInfo","twitter_misc":{"\u00c9crit par":"Yusra NY","Dur\u00e9e de lecture estim\u00e9e":"2 minutes"},"schema":{"@context":"https:\/\/schema.org","@graph":[{"@type":"Article","@id":"https:\/\/kapitalis.com\/tunisie\/2021\/10\/18\/tunisie-me-harrath-reagit-a-la-rumeur-sur-le-transfert-de-makhlouf-a-lhopital\/#article","isPartOf":{"@id":"https:\/\/kapitalis.com\/tunisie\/2021\/10\/18\/tunisie-me-harrath-reagit-a-la-rumeur-sur-le-transfert-de-makhlouf-a-lhopital\/"},"author":{"name":"Yusra NY","@id":"https:\/\/kapitalis.com\/tunisie\/#\/schema\/person\/74bbde0154d49d790a92aaeac5bc01d5"},"headline":"Tunisie : Me Harrath r\u00e9agit \u00e0 la rumeur sur le transfert de Makhlouf \u00e0 l&rsquo;h\u00f4pital","datePublished":"2021-10-18T18:39:00+00:00","dateModified":"2021-10-18T18:42:18+00:00","mainEntityOfPage":{"@id":"https:\/\/kapitalis.com\/tunisie\/2021\/10\/18\/tunisie-me-harrath-reagit-a-la-rumeur-sur-le-transfert-de-makhlouf-a-lhopital\/"},"wordCount":399,"commentCount":5,"publisher":{"@id":"https:\/\/kapitalis.com\/tunisie\/#organization"},"image":{"@id":"https:\/\/kapitalis.com\/tunisie\/2021\/10\/18\/tunisie-me-harrath-reagit-a-la-rumeur-sur-le-transfert-de-makhlouf-a-lhopital\/#primaryimage"},"thumbnailUrl":"","keywords":["Al-Karama","d\u00e9put\u00e9 gel\u00e9","Harrath","prison","Tunisie"],"articleSection":["POLITIQUE","Tunisie"],"inLanguage":"fr-FR","potentialAction":[{"@type":"CommentAction","name":"Comment","target":["https:\/\/kapitalis.com\/tunisie\/2021\/10\/18\/tunisie-me-harrath-reagit-a-la-rumeur-sur-le-transfert-de-makhlouf-a-lhopital\/#respond"]}]},{"@type":"WebPage","@id":"https:\/\/kapitalis.com\/tunisie\/2021\/10\/18\/tunisie-me-harrath-reagit-a-la-rumeur-sur-le-transfert-de-makhlouf-a-lhopital\/","url":"https:\/\/kapitalis.com\/tunisie\/2021\/10\/18\/tunisie-me-harrath-reagit-a-la-rumeur-sur-le-transfert-de-makhlouf-a-lhopital\/","name":"Tunisie : Me Harrath r\u00e9agit \u00e0 la rumeur sur le transfert de Makhlouf \u00e0 l'h\u00f4pital - Kapitalis","isPartOf":{"@id":"https:\/\/kapitalis.com\/tunisie\/#website"},"primaryImageOfPage":{"@id":"https:\/\/kapitalis.com\/tunisie\/2021\/10\/18\/tunisie-me-harrath-reagit-a-la-rumeur-sur-le-transfert-de-makhlouf-a-lhopital\/#primaryimage"},"image":{"@id":"https:\/\/kapitalis.com\/tunisie\/2021\/10\/18\/tunisie-me-harrath-reagit-a-la-rumeur-sur-le-transfert-de-makhlouf-a-lhopital\/#primaryimage"},"thumbnailUrl":"","datePublished":"2021-10-18T18:39:00+00:00","dateModified":"2021-10-18T18:42:18+00:00","breadcrumb":{"@id":"https:\/\/kapitalis.com\/tunisie\/2021\/10\/18\/tunisie-me-harrath-reagit-a-la-rumeur-sur-le-transfert-de-makhlouf-a-lhopital\/#breadcrumb"},"inLanguage":"fr-FR","potentialAction":[{"@type":"ReadAction","target":["https:\/\/kapitalis.com\/tunisie\/2021\/10\/18\/tunisie-me-harrath-reagit-a-la-rumeur-sur-le-transfert-de-makhlouf-a-lhopital\/"]}]},{"@type":"ImageObject","inLanguage":"fr-FR","@id":"https:\/\/kapitalis.com\/tunisie\/2021\/10\/18\/tunisie-me-harrath-reagit-a-la-rumeur-sur-le-transfert-de-makhlouf-a-lhopital\/#primaryimage","url":"","contentUrl":""},{"@type":"BreadcrumbList","@id":"https:\/\/kapitalis.com\/tunisie\/2021\/10\/18\/tunisie-me-harrath-reagit-a-la-rumeur-sur-le-transfert-de-makhlouf-a-lhopital\/#breadcrumb","itemListElement":[{"@type":"ListItem","position":1,"name":"Accueil","item":"https:\/\/kapitalis.com\/tunisie\/"},{"@type":"ListItem","position":2,"name":"Tunisie : Me Harrath r\u00e9agit \u00e0 la rumeur sur le transfert de Makhlouf \u00e0 l&rsquo;h\u00f4pital"}]},{"@type":"WebSite","@id":"https:\/\/kapitalis.com\/tunisie\/#website","url":"https:\/\/kapitalis.com\/tunisie\/","name":"Kapitalis","description":"L&#039;actualit\u00e9 en Tunisie et dans le monde","publisher":{"@id":"https:\/\/kapitalis.com\/tunisie\/#organization"},"potentialAction":[{"@type":"SearchAction","target":{"@type":"EntryPoint","urlTemplate":"https:\/\/kapitalis.com\/tunisie\/?s={search_term_string}"},"query-input":{"@type":"PropertyValueSpecification","valueRequired":true,"valueName":"search_term_string"}}],"inLanguage":"fr-FR"},{"@type":"Organization","@id":"https:\/\/kapitalis.com\/tunisie\/#organization","name":"Kapitalis","url":"https:\/\/kapitalis.com\/tunisie\/","logo":{"@type":"ImageObject","inLanguage":"fr-FR","@id":"https:\/\/kapitalis.com\/tunisie\/#\/schema\/logo\/image\/","url":"https:\/\/kapitalis.com\/tunisie\/wp-content\/uploads\/2022\/05\/Kapitalis-big-size.png","contentUrl":"https:\/\/kapitalis.com\/tunisie\/wp-content\/uploads\/2022\/05\/Kapitalis-big-size.png","width":5000,"height":1500,"caption":"Kapitalis"},"image":{"@id":"https:\/\/kapitalis.com\/tunisie\/#\/schema\/logo\/image\/"},"sameAs":["https:\/\/www.facebook.com\/KapitalisInfo\/","https:\/\/x.com\/KapitalisInfo","https:\/\/www.youtube.com\/channel\/UC-yDYrHyfFBWWZaOw3FPg9Q"]},{"@type":"Person","@id":"https:\/\/kapitalis.com\/tunisie\/#\/schema\/person\/74bbde0154d49d790a92aaeac5bc01d5","name":"Yusra NY","url":"https:\/\/kapitalis.com\/tunisie\/author\/yuza_adam\/"}]}},"_links":{"self":[{"href":"https:\/\/kapitalis.com\/tunisie\/wp-json\/wp\/v2\/posts\/366584","targetHints":{"allow":["GET"]}}],"collection":[{"href":"https:\/\/kapitalis.com\/tunisie\/wp-json\/wp\/v2\/posts"}],"about":[{"href":"https:\/\/kapitalis.com\/tunisie\/wp-json\/wp\/v2\/types\/post"}],"author":[{"embeddable":true,"href":"https:\/\/kapitalis.com\/tunisie\/wp-json\/wp\/v2\/users\/6"}],"replies":[{"embeddable":true,"href":"https:\/\/kapitalis.com\/tunisie\/wp-json\/wp\/v2\/comments?post=366584"}],"version-history":[{"count":0,"href":"https:\/\/kapitalis.com\/tunisie\/wp-json\/wp\/v2\/posts\/366584\/revisions"}],"wp:featuredmedia":[{"embeddable":true,"href":"https:\/\/kapitalis.com\/tunisie\/wp-json\/wp\/v2\/media\/366587"}],"wp:attachment":[{"href":"https:\/\/kapitalis.com\/tunisie\/wp-json\/wp\/v2\/media?parent=366584"}],"wp:term":[{"taxonomy":"category","embeddable":true,"href":"https:\/\/kapitalis.com\/tunisie\/wp-json\/wp\/v2\/categories?post=366584"},{"taxonomy":"post_tag","embeddable":true,"href":"https:\/\/kapitalis.com\/tunisie\/wp-json\/wp\/v2\/tags?post=366584"}],"curies":[{"name":"wp","href":"https:\/\/api.w.org\/{rel}","templated":true}]}}