{"id":366988,"date":"2021-10-21T16:38:24","date_gmt":"2021-10-21T15:38:24","guid":{"rendered":"http:\/\/kapitalis.com\/tunisie\/?p=366988"},"modified":"2021-10-21T16:42:53","modified_gmt":"2021-10-21T15:42:53","slug":"tunisie-libye-a-propos-de-lentretien-telephonique-entre-najla-bouden-et-abdelhamid-dbeibah","status":"publish","type":"post","link":"https:\/\/kapitalis.com\/tunisie\/2021\/10\/21\/tunisie-libye-a-propos-de-lentretien-telephonique-entre-najla-bouden-et-abdelhamid-dbeibah\/","title":{"rendered":"Tunisie-Libye : A propos de l&rsquo;entretien t\u00e9l\u00e9phonique entre Najla Bouden et Abdelhamid Dbeibah"},"content":{"rendered":"\n<div class=\"wp-block-image\"><figure class=\"aligncenter size-full\"><img decoding=\"async\" src=\"http:\/\/kapitalis.com\/tunisie\/wp-content\/uploads\/2021\/10\/Najla-Bouden-et-Abdelhamid-Dbeibah.jpg\" alt=\"\" class=\"wp-image-366994\"\/><\/figure><\/div>\n\n\n\n<p><strong><em>La cheffe du gouvernement Najla Bouden s&rsquo;est entretenue, hier, au t\u00e9l\u00e9phone avec le chef du gouvernement d&rsquo;union nationale libyenne Abdelhamid Dbeibah. Les deux responsables ont notamment discut\u00e9 de la situation en Tunisie et en Libye, ainsi que de la solidarit\u00e9 et du d\u00e9veloppement des partenariats entre les deux pays.<\/em><\/strong><\/p>\n\n\n\n<!--more-->\n\n\n\n<p>Dans un communiqu\u00e9 publi\u00e9 aujourd&rsquo;hui, jeudi 21 octobre 2021, la pr\u00e9sidence du gouvernement a pr\u00e9cis\u00e9 que Najla Bouden a r\u00e9affirm\u00e9 la disposition de <em>\u00abla Tunisie de mobiliser toute forme de soutien aux autorit\u00e9s libyennes, afin d&rsquo;aider la Libye \u00e0 atteindre les objectifs qu\u2019elle s\u2019\u00e9tait fix\u00e9e, et particuli\u00e8rement l\u2019organisation d\u2019\u00e9lections au cours du mois de d\u00e9cembre prochain\u00bb<\/em>.<\/p>\n\n\n\n<p>La cheffe du gouvernement a \u00e9galement soulign\u00e9 le niveau des relations unissant les deux pays, esp\u00e9rant les voir \u00ab<em>se hisser au niveau d\u2019un partenariat strat\u00e9gique pour le bien et au service des deux peuples et leurs int\u00e9r\u00eats communs<\/em>\u00bb, lit-on encore dans le communiqu\u00e9.<\/p>\n\n\n\n<p>De son c\u00f4t\u00e9, Abdelhamid Dbeibah a f\u00e9licit\u00e9 Najla Bouden pour sa nomination et pour la formation du nouveau gouvernement, en lui souhaitant beaucoup de succ\u00e8s, tout en affirmant que son pays \u00ab<em>se tiendra toujours du c\u00f4t\u00e9 de la Tunisie\u00bb<\/em>, et en rappelant<em> \u00ables fortes des relations qui ne datent pas d&rsquo;hier et qui unissent la Libye et la Tunisie<\/em>\u00bb.<\/p>\n\n\n\n<p class=\"has-text-align-right\"><strong>Y. N.<\/strong><\/p>\n","protected":false},"excerpt":{"rendered":"<p>La cheffe du gouvernement Najla Bouden s&rsquo;est entretenue, hier, au t\u00e9l\u00e9phone avec le chef du gouvernement d&rsquo;union nationale libyenne Abdelhamid Dbeibah. Les deux responsables ont notamment discut\u00e9 de la situation en Tunisie et en Libye, ainsi que de la solidarit\u00e9 et du d\u00e9veloppement des partenariats entre les deux pays.<\/p>\n","protected":false},"author":6,"featured_media":366994,"comment_status":"open","ping_status":"open","sticky":false,"template":"","format":"standard","meta":{"footnotes":""},"categories":[997,2433],"tags":[88369,544,93702,62643],"class_list":["post-366988","post","type-post","status-publish","format-standard","has-post-thumbnail","hentry","category-politique","category-tunisie","tag-abdelhamid-dbeibah","tag-libye","tag-najla-bouden","tag-tunisie"],"yoast_head":"<!-- This site is optimized with the Yoast SEO plugin v26.6 - https:\/\/yoast.com\/wordpress\/plugins\/seo\/ -->\n<title>Tunisie-Libye : A propos de l&#039;entretien t\u00e9l\u00e9phonique entre Najla Bouden et Abdelhamid Dbeibah - Kapitalis<\/title>\n<meta name=\"robots\" content=\"index, follow, max-snippet:-1, max-image-preview:large, max-video-preview:-1\" \/>\n<link rel=\"canonical\" href=\"https:\/\/kapitalis.com\/tunisie\/2021\/10\/21\/tunisie-libye-a-propos-de-lentretien-telephonique-entre-najla-bouden-et-abdelhamid-dbeibah\/\" \/>\n<meta property=\"og:locale\" content=\"fr_FR\" \/>\n<meta property=\"og:type\" content=\"article\" \/>\n<meta property=\"og:title\" content=\"Tunisie-Libye : A propos de l&#039;entretien t\u00e9l\u00e9phonique entre Najla Bouden et Abdelhamid Dbeibah - Kapitalis\" \/>\n<meta property=\"og:description\" content=\"La cheffe du gouvernement Najla Bouden s&rsquo;est entretenue, hier, au t\u00e9l\u00e9phone avec le chef du gouvernement d&rsquo;union nationale libyenne Abdelhamid Dbeibah. Les deux responsables ont notamment discut\u00e9 de la situation en Tunisie et en Libye, ainsi que de la solidarit\u00e9 et du d\u00e9veloppement des partenariats entre les deux pays.\" \/>\n<meta property=\"og:url\" content=\"https:\/\/kapitalis.com\/tunisie\/2021\/10\/21\/tunisie-libye-a-propos-de-lentretien-telephonique-entre-najla-bouden-et-abdelhamid-dbeibah\/\" \/>\n<meta property=\"og:site_name\" content=\"Kapitalis\" \/>\n<meta property=\"article:publisher\" content=\"https:\/\/www.facebook.com\/KapitalisInfo\/\" \/>\n<meta property=\"article:published_time\" content=\"2021-10-21T15:38:24+00:00\" \/>\n<meta property=\"article:modified_time\" content=\"2021-10-21T15:42:53+00:00\" \/>\n<meta property=\"og:image\" content=\"https:\/\/kapitalis.com\/tunisie\/wp-content\/uploads\/2022\/05\/kapitalis-logo-fb.png\" \/>\n\t<meta property=\"og:image:width\" content=\"1200\" \/>\n\t<meta property=\"og:image:height\" content=\"630\" \/>\n\t<meta property=\"og:image:type\" content=\"image\/png\" \/>\n<meta name=\"author\" content=\"Yusra NY\" \/>\n<meta name=\"twitter:card\" content=\"summary_large_image\" \/>\n<meta name=\"twitter:creator\" content=\"@KapitalisInfo\" \/>\n<meta name=\"twitter:site\" content=\"@KapitalisInfo\" \/>\n<meta name=\"twitter:label1\" content=\"\u00c9crit par\" \/>\n\t<meta name=\"twitter:data1\" content=\"Yusra NY\" \/>\n\t<meta name=\"twitter:label2\" content=\"Dur\u00e9e de lecture estim\u00e9e\" \/>\n\t<meta name=\"twitter:data2\" content=\"1 minute\" \/>\n<script type=\"application\/ld+json\" class=\"yoast-schema-graph\">{\"@context\":\"https:\/\/schema.org\",\"@graph\":[{\"@type\":\"Article\",\"@id\":\"https:\/\/kapitalis.com\/tunisie\/2021\/10\/21\/tunisie-libye-a-propos-de-lentretien-telephonique-entre-najla-bouden-et-abdelhamid-dbeibah\/#article\",\"isPartOf\":{\"@id\":\"https:\/\/kapitalis.com\/tunisie\/2021\/10\/21\/tunisie-libye-a-propos-de-lentretien-telephonique-entre-najla-bouden-et-abdelhamid-dbeibah\/\"},\"author\":{\"name\":\"Yusra NY\",\"@id\":\"https:\/\/kapitalis.com\/tunisie\/#\/schema\/person\/74bbde0154d49d790a92aaeac5bc01d5\"},\"headline\":\"Tunisie-Libye : A propos de l&rsquo;entretien t\u00e9l\u00e9phonique entre Najla Bouden et Abdelhamid Dbeibah\",\"datePublished\":\"2021-10-21T15:38:24+00:00\",\"dateModified\":\"2021-10-21T15:42:53+00:00\",\"mainEntityOfPage\":{\"@id\":\"https:\/\/kapitalis.com\/tunisie\/2021\/10\/21\/tunisie-libye-a-propos-de-lentretien-telephonique-entre-najla-bouden-et-abdelhamid-dbeibah\/\"},\"wordCount\":243,\"commentCount\":0,\"publisher\":{\"@id\":\"https:\/\/kapitalis.com\/tunisie\/#organization\"},\"image\":{\"@id\":\"https:\/\/kapitalis.com\/tunisie\/2021\/10\/21\/tunisie-libye-a-propos-de-lentretien-telephonique-entre-najla-bouden-et-abdelhamid-dbeibah\/#primaryimage\"},\"thumbnailUrl\":\"\",\"keywords\":[\"Abdelhamid Dbeibah\",\"Libye\",\"Najla Bouden\",\"Tunisie\"],\"articleSection\":[\"POLITIQUE\",\"Tunisie\"],\"inLanguage\":\"fr-FR\",\"potentialAction\":[{\"@type\":\"CommentAction\",\"name\":\"Comment\",\"target\":[\"https:\/\/kapitalis.com\/tunisie\/2021\/10\/21\/tunisie-libye-a-propos-de-lentretien-telephonique-entre-najla-bouden-et-abdelhamid-dbeibah\/#respond\"]}]},{\"@type\":\"WebPage\",\"@id\":\"https:\/\/kapitalis.com\/tunisie\/2021\/10\/21\/tunisie-libye-a-propos-de-lentretien-telephonique-entre-najla-bouden-et-abdelhamid-dbeibah\/\",\"url\":\"https:\/\/kapitalis.com\/tunisie\/2021\/10\/21\/tunisie-libye-a-propos-de-lentretien-telephonique-entre-najla-bouden-et-abdelhamid-dbeibah\/\",\"name\":\"Tunisie-Libye : A propos de l'entretien t\u00e9l\u00e9phonique entre Najla Bouden et Abdelhamid Dbeibah - Kapitalis\",\"isPartOf\":{\"@id\":\"https:\/\/kapitalis.com\/tunisie\/#website\"},\"primaryImageOfPage\":{\"@id\":\"https:\/\/kapitalis.com\/tunisie\/2021\/10\/21\/tunisie-libye-a-propos-de-lentretien-telephonique-entre-najla-bouden-et-abdelhamid-dbeibah\/#primaryimage\"},\"image\":{\"@id\":\"https:\/\/kapitalis.com\/tunisie\/2021\/10\/21\/tunisie-libye-a-propos-de-lentretien-telephonique-entre-najla-bouden-et-abdelhamid-dbeibah\/#primaryimage\"},\"thumbnailUrl\":\"\",\"datePublished\":\"2021-10-21T15:38:24+00:00\",\"dateModified\":\"2021-10-21T15:42:53+00:00\",\"breadcrumb\":{\"@id\":\"https:\/\/kapitalis.com\/tunisie\/2021\/10\/21\/tunisie-libye-a-propos-de-lentretien-telephonique-entre-najla-bouden-et-abdelhamid-dbeibah\/#breadcrumb\"},\"inLanguage\":\"fr-FR\",\"potentialAction\":[{\"@type\":\"ReadAction\",\"target\":[\"https:\/\/kapitalis.com\/tunisie\/2021\/10\/21\/tunisie-libye-a-propos-de-lentretien-telephonique-entre-najla-bouden-et-abdelhamid-dbeibah\/\"]}]},{\"@type\":\"ImageObject\",\"inLanguage\":\"fr-FR\",\"@id\":\"https:\/\/kapitalis.com\/tunisie\/2021\/10\/21\/tunisie-libye-a-propos-de-lentretien-telephonique-entre-najla-bouden-et-abdelhamid-dbeibah\/#primaryimage\",\"url\":\"\",\"contentUrl\":\"\"},{\"@type\":\"BreadcrumbList\",\"@id\":\"https:\/\/kapitalis.com\/tunisie\/2021\/10\/21\/tunisie-libye-a-propos-de-lentretien-telephonique-entre-najla-bouden-et-abdelhamid-dbeibah\/#breadcrumb\",\"itemListElement\":[{\"@type\":\"ListItem\",\"position\":1,\"name\":\"Accueil\",\"item\":\"https:\/\/kapitalis.com\/tunisie\/\"},{\"@type\":\"ListItem\",\"position\":2,\"name\":\"Tunisie-Libye : A propos de l&rsquo;entretien t\u00e9l\u00e9phonique entre Najla Bouden et Abdelhamid Dbeibah\"}]},{\"@type\":\"WebSite\",\"@id\":\"https:\/\/kapitalis.com\/tunisie\/#website\",\"url\":\"https:\/\/kapitalis.com\/tunisie\/\",\"name\":\"Kapitalis\",\"description\":\"L&#039;actualit\u00e9 en Tunisie et dans le monde\",\"publisher\":{\"@id\":\"https:\/\/kapitalis.com\/tunisie\/#organization\"},\"potentialAction\":[{\"@type\":\"SearchAction\",\"target\":{\"@type\":\"EntryPoint\",\"urlTemplate\":\"https:\/\/kapitalis.com\/tunisie\/?s={search_term_string}\"},\"query-input\":{\"@type\":\"PropertyValueSpecification\",\"valueRequired\":true,\"valueName\":\"search_term_string\"}}],\"inLanguage\":\"fr-FR\"},{\"@type\":\"Organization\",\"@id\":\"https:\/\/kapitalis.com\/tunisie\/#organization\",\"name\":\"Kapitalis\",\"url\":\"https:\/\/kapitalis.com\/tunisie\/\",\"logo\":{\"@type\":\"ImageObject\",\"inLanguage\":\"fr-FR\",\"@id\":\"https:\/\/kapitalis.com\/tunisie\/#\/schema\/logo\/image\/\",\"url\":\"https:\/\/kapitalis.com\/tunisie\/wp-content\/uploads\/2022\/05\/Kapitalis-big-size.png\",\"contentUrl\":\"https:\/\/kapitalis.com\/tunisie\/wp-content\/uploads\/2022\/05\/Kapitalis-big-size.png\",\"width\":5000,\"height\":1500,\"caption\":\"Kapitalis\"},\"image\":{\"@id\":\"https:\/\/kapitalis.com\/tunisie\/#\/schema\/logo\/image\/\"},\"sameAs\":[\"https:\/\/www.facebook.com\/KapitalisInfo\/\",\"https:\/\/x.com\/KapitalisInfo\",\"https:\/\/www.youtube.com\/channel\/UC-yDYrHyfFBWWZaOw3FPg9Q\"]},{\"@type\":\"Person\",\"@id\":\"https:\/\/kapitalis.com\/tunisie\/#\/schema\/person\/74bbde0154d49d790a92aaeac5bc01d5\",\"name\":\"Yusra NY\",\"url\":\"https:\/\/kapitalis.com\/tunisie\/author\/yuza_adam\/\"}]}<\/script>\n<!-- \/ Yoast SEO plugin. -->","yoast_head_json":{"title":"Tunisie-Libye : A propos de l'entretien t\u00e9l\u00e9phonique entre Najla Bouden et Abdelhamid Dbeibah - Kapitalis","robots":{"index":"index","follow":"follow","max-snippet":"max-snippet:-1","max-image-preview":"max-image-preview:large","max-video-preview":"max-video-preview:-1"},"canonical":"https:\/\/kapitalis.com\/tunisie\/2021\/10\/21\/tunisie-libye-a-propos-de-lentretien-telephonique-entre-najla-bouden-et-abdelhamid-dbeibah\/","og_locale":"fr_FR","og_type":"article","og_title":"Tunisie-Libye : A propos de l'entretien t\u00e9l\u00e9phonique entre Najla Bouden et Abdelhamid Dbeibah - Kapitalis","og_description":"La cheffe du gouvernement Najla Bouden s&rsquo;est entretenue, hier, au t\u00e9l\u00e9phone avec le chef du gouvernement d&rsquo;union nationale libyenne Abdelhamid Dbeibah. Les deux responsables ont notamment discut\u00e9 de la situation en Tunisie et en Libye, ainsi que de la solidarit\u00e9 et du d\u00e9veloppement des partenariats entre les deux pays.","og_url":"https:\/\/kapitalis.com\/tunisie\/2021\/10\/21\/tunisie-libye-a-propos-de-lentretien-telephonique-entre-najla-bouden-et-abdelhamid-dbeibah\/","og_site_name":"Kapitalis","article_publisher":"https:\/\/www.facebook.com\/KapitalisInfo\/","article_published_time":"2021-10-21T15:38:24+00:00","article_modified_time":"2021-10-21T15:42:53+00:00","og_image":[{"width":1200,"height":630,"url":"https:\/\/kapitalis.com\/tunisie\/wp-content\/uploads\/2022\/05\/kapitalis-logo-fb.png","type":"image\/png"}],"author":"Yusra NY","twitter_card":"summary_large_image","twitter_creator":"@KapitalisInfo","twitter_site":"@KapitalisInfo","twitter_misc":{"\u00c9crit par":"Yusra NY","Dur\u00e9e de lecture estim\u00e9e":"1 minute"},"schema":{"@context":"https:\/\/schema.org","@graph":[{"@type":"Article","@id":"https:\/\/kapitalis.com\/tunisie\/2021\/10\/21\/tunisie-libye-a-propos-de-lentretien-telephonique-entre-najla-bouden-et-abdelhamid-dbeibah\/#article","isPartOf":{"@id":"https:\/\/kapitalis.com\/tunisie\/2021\/10\/21\/tunisie-libye-a-propos-de-lentretien-telephonique-entre-najla-bouden-et-abdelhamid-dbeibah\/"},"author":{"name":"Yusra NY","@id":"https:\/\/kapitalis.com\/tunisie\/#\/schema\/person\/74bbde0154d49d790a92aaeac5bc01d5"},"headline":"Tunisie-Libye : A propos de l&rsquo;entretien t\u00e9l\u00e9phonique entre Najla Bouden et Abdelhamid Dbeibah","datePublished":"2021-10-21T15:38:24+00:00","dateModified":"2021-10-21T15:42:53+00:00","mainEntityOfPage":{"@id":"https:\/\/kapitalis.com\/tunisie\/2021\/10\/21\/tunisie-libye-a-propos-de-lentretien-telephonique-entre-najla-bouden-et-abdelhamid-dbeibah\/"},"wordCount":243,"commentCount":0,"publisher":{"@id":"https:\/\/kapitalis.com\/tunisie\/#organization"},"image":{"@id":"https:\/\/kapitalis.com\/tunisie\/2021\/10\/21\/tunisie-libye-a-propos-de-lentretien-telephonique-entre-najla-bouden-et-abdelhamid-dbeibah\/#primaryimage"},"thumbnailUrl":"","keywords":["Abdelhamid Dbeibah","Libye","Najla Bouden","Tunisie"],"articleSection":["POLITIQUE","Tunisie"],"inLanguage":"fr-FR","potentialAction":[{"@type":"CommentAction","name":"Comment","target":["https:\/\/kapitalis.com\/tunisie\/2021\/10\/21\/tunisie-libye-a-propos-de-lentretien-telephonique-entre-najla-bouden-et-abdelhamid-dbeibah\/#respond"]}]},{"@type":"WebPage","@id":"https:\/\/kapitalis.com\/tunisie\/2021\/10\/21\/tunisie-libye-a-propos-de-lentretien-telephonique-entre-najla-bouden-et-abdelhamid-dbeibah\/","url":"https:\/\/kapitalis.com\/tunisie\/2021\/10\/21\/tunisie-libye-a-propos-de-lentretien-telephonique-entre-najla-bouden-et-abdelhamid-dbeibah\/","name":"Tunisie-Libye : A propos de l'entretien t\u00e9l\u00e9phonique entre Najla Bouden et Abdelhamid Dbeibah - Kapitalis","isPartOf":{"@id":"https:\/\/kapitalis.com\/tunisie\/#website"},"primaryImageOfPage":{"@id":"https:\/\/kapitalis.com\/tunisie\/2021\/10\/21\/tunisie-libye-a-propos-de-lentretien-telephonique-entre-najla-bouden-et-abdelhamid-dbeibah\/#primaryimage"},"image":{"@id":"https:\/\/kapitalis.com\/tunisie\/2021\/10\/21\/tunisie-libye-a-propos-de-lentretien-telephonique-entre-najla-bouden-et-abdelhamid-dbeibah\/#primaryimage"},"thumbnailUrl":"","datePublished":"2021-10-21T15:38:24+00:00","dateModified":"2021-10-21T15:42:53+00:00","breadcrumb":{"@id":"https:\/\/kapitalis.com\/tunisie\/2021\/10\/21\/tunisie-libye-a-propos-de-lentretien-telephonique-entre-najla-bouden-et-abdelhamid-dbeibah\/#breadcrumb"},"inLanguage":"fr-FR","potentialAction":[{"@type":"ReadAction","target":["https:\/\/kapitalis.com\/tunisie\/2021\/10\/21\/tunisie-libye-a-propos-de-lentretien-telephonique-entre-najla-bouden-et-abdelhamid-dbeibah\/"]}]},{"@type":"ImageObject","inLanguage":"fr-FR","@id":"https:\/\/kapitalis.com\/tunisie\/2021\/10\/21\/tunisie-libye-a-propos-de-lentretien-telephonique-entre-najla-bouden-et-abdelhamid-dbeibah\/#primaryimage","url":"","contentUrl":""},{"@type":"BreadcrumbList","@id":"https:\/\/kapitalis.com\/tunisie\/2021\/10\/21\/tunisie-libye-a-propos-de-lentretien-telephonique-entre-najla-bouden-et-abdelhamid-dbeibah\/#breadcrumb","itemListElement":[{"@type":"ListItem","position":1,"name":"Accueil","item":"https:\/\/kapitalis.com\/tunisie\/"},{"@type":"ListItem","position":2,"name":"Tunisie-Libye : A propos de l&rsquo;entretien t\u00e9l\u00e9phonique entre Najla Bouden et Abdelhamid Dbeibah"}]},{"@type":"WebSite","@id":"https:\/\/kapitalis.com\/tunisie\/#website","url":"https:\/\/kapitalis.com\/tunisie\/","name":"Kapitalis","description":"L&#039;actualit\u00e9 en Tunisie et dans le monde","publisher":{"@id":"https:\/\/kapitalis.com\/tunisie\/#organization"},"potentialAction":[{"@type":"SearchAction","target":{"@type":"EntryPoint","urlTemplate":"https:\/\/kapitalis.com\/tunisie\/?s={search_term_string}"},"query-input":{"@type":"PropertyValueSpecification","valueRequired":true,"valueName":"search_term_string"}}],"inLanguage":"fr-FR"},{"@type":"Organization","@id":"https:\/\/kapitalis.com\/tunisie\/#organization","name":"Kapitalis","url":"https:\/\/kapitalis.com\/tunisie\/","logo":{"@type":"ImageObject","inLanguage":"fr-FR","@id":"https:\/\/kapitalis.com\/tunisie\/#\/schema\/logo\/image\/","url":"https:\/\/kapitalis.com\/tunisie\/wp-content\/uploads\/2022\/05\/Kapitalis-big-size.png","contentUrl":"https:\/\/kapitalis.com\/tunisie\/wp-content\/uploads\/2022\/05\/Kapitalis-big-size.png","width":5000,"height":1500,"caption":"Kapitalis"},"image":{"@id":"https:\/\/kapitalis.com\/tunisie\/#\/schema\/logo\/image\/"},"sameAs":["https:\/\/www.facebook.com\/KapitalisInfo\/","https:\/\/x.com\/KapitalisInfo","https:\/\/www.youtube.com\/channel\/UC-yDYrHyfFBWWZaOw3FPg9Q"]},{"@type":"Person","@id":"https:\/\/kapitalis.com\/tunisie\/#\/schema\/person\/74bbde0154d49d790a92aaeac5bc01d5","name":"Yusra NY","url":"https:\/\/kapitalis.com\/tunisie\/author\/yuza_adam\/"}]}},"_links":{"self":[{"href":"https:\/\/kapitalis.com\/tunisie\/wp-json\/wp\/v2\/posts\/366988","targetHints":{"allow":["GET"]}}],"collection":[{"href":"https:\/\/kapitalis.com\/tunisie\/wp-json\/wp\/v2\/posts"}],"about":[{"href":"https:\/\/kapitalis.com\/tunisie\/wp-json\/wp\/v2\/types\/post"}],"author":[{"embeddable":true,"href":"https:\/\/kapitalis.com\/tunisie\/wp-json\/wp\/v2\/users\/6"}],"replies":[{"embeddable":true,"href":"https:\/\/kapitalis.com\/tunisie\/wp-json\/wp\/v2\/comments?post=366988"}],"version-history":[{"count":0,"href":"https:\/\/kapitalis.com\/tunisie\/wp-json\/wp\/v2\/posts\/366988\/revisions"}],"wp:featuredmedia":[{"embeddable":true,"href":"https:\/\/kapitalis.com\/tunisie\/wp-json\/wp\/v2\/media\/366994"}],"wp:attachment":[{"href":"https:\/\/kapitalis.com\/tunisie\/wp-json\/wp\/v2\/media?parent=366988"}],"wp:term":[{"taxonomy":"category","embeddable":true,"href":"https:\/\/kapitalis.com\/tunisie\/wp-json\/wp\/v2\/categories?post=366988"},{"taxonomy":"post_tag","embeddable":true,"href":"https:\/\/kapitalis.com\/tunisie\/wp-json\/wp\/v2\/tags?post=366988"}],"curies":[{"name":"wp","href":"https:\/\/api.w.org\/{rel}","templated":true}]}}