{"id":36714,"date":"2016-01-26T13:50:41","date_gmt":"2016-01-26T12:50:41","guid":{"rendered":"http:\/\/kapitalis.com\/tunisie\/?p=36714"},"modified":"2016-01-26T13:50:41","modified_gmt":"2016-01-26T12:50:41","slug":"un-programme-europeen-pour-la-mise-a-niveau-des-services-en-tunisie","status":"publish","type":"post","link":"https:\/\/kapitalis.com\/tunisie\/2016\/01\/26\/un-programme-europeen-pour-la-mise-a-niveau-des-services-en-tunisie\/","title":{"rendered":"Un programme europ\u00e9en pour la mise \u00e0 niveau des services en Tunisie"},"content":{"rendered":"<p><img loading=\"lazy\" decoding=\"async\" class=\"alignnone size-full wp-image-19231 aligncenter\" src=\"http:\/\/kapitalis.com\/tunisie\/wp-content\/uploads\/2015\/10\/Tunisie-Union-europeenne.jpg\" alt=\"Tunisie-Union-europeenne\" width=\"626\" height=\"380\" \/><\/p>\n<p><em><strong>Le s\u00e9minaire de lancement du Programme d&rsquo;appui \u00e0 la comp\u00e9titivit\u00e9 des services a \u00e9t\u00e9 ouvert, aujourd\u2019hui, mardi 26 janvier 2016, \u00e0 l&rsquo;h\u00f4tel Sheraton, \u00e0 Tunis.<\/strong><\/em><\/p>\n<p><!--more--><\/p>\n<p>Ce s\u00e9minaire a \u00e9t\u00e9 ouvert en pr\u00e9sence de Mohsen Hassen, ministre du Commerce, Sa\u00efd Aidi, ministre de la Sant\u00e9, Laura Baeza, ambassadeur de l&rsquo;Union europ\u00e9enne en Tunisie, et Marie-Alexandra Veilleux, chef de bureau de la Banque europ\u00e9enne de reconstruction et le d\u00e9veloppement (Berd) en Tunisie.<\/p>\n<p>Le champ d\u2019intervention du programme, financ\u00e9 par l\u2019Union europ\u00e9enne (UE) avec un don de 20 millions d\u2019euros, va permettre aux secteurs des services d&rsquo;initier sa mise \u00e0 niveau \u00e0 l&rsquo;instar du secteur de l&rsquo;industrie.<\/p>\n<p>Ce projet ambitieux vise \u00e0 mobiliser et \u00e0 appuyer les op\u00e9rateurs \u00e9conomiques des secteurs de la sant\u00e9, transport, logistique, TIC, services professionnels et tourisme-artisanat afin de les outiller pour mieux r\u00e9pondre aux d\u00e9fis sectoriels et faire de sorte que la Tunisie se positionne de fa\u00e7on avantageuse sur le march\u00e9 mondial avec des niches d&rsquo;excellence.<\/p>\n<p>En Tunisie, le secteur des services repr\u00e9sente 62,3% du PIB et 23% des exportations (y compris le tourisme). Ainsi, le PACS se veut un vrai projet pilote multisectoriel de mise \u00e0 niveau des services. Il offre aux op\u00e9rateurs du secteur un incitant de plus avec l&rsquo;appui de l&rsquo;UE et il contribue \u00e0 l\u2019effort de d\u00e9veloppement r\u00e9gional \u00e0 travers un meilleur ciblage des entreprises de services implant\u00e9es dans les gouvernorats dans le but d\u2019am\u00e9liorer le tissu entrepreneurial dans les r\u00e9gions.<\/p>\n<p><em>\u00abCe programme permettra surtout d&rsquo;aider les acteurs \u00e9conomiques \u00e0 relever certains d\u00e9fis, notamment \u00e0 l&rsquo;innovation, la formation, la qualit\u00e9 des services, la comp\u00e9titivit\u00e9 de leurs produits, autant de leviers pour apporter le d\u00e9veloppement et l&#8217;emploi dans les r\u00e9gions\u00bb,<\/em> a d\u00e9clar\u00e9 Laura Baeza.<\/p>\n<p>Le programme s&rsquo;articule autour de 3 axes majeurs: 1. appui au minist\u00e8re du Commerce dans son r\u00f4le de veille strat\u00e9gique dans le secteur et de gestion des programmes de mise \u00e0 niveau, en vue de promouvoir le climat des affaires et des entreprises; 2. assistance technique directe \u00e0 quelques 500 entreprises et aux organisations interm\u00e9diaires gr\u00e2ce au r\u00e9seau d&rsquo;expertise de la Berd ; 3. appui pour la mise en place d\u2019un syst\u00e8me d\u2019assurance qualit\u00e9 pour 30 h\u00f4pitaux publics et priv\u00e9s, en vue de leur accr\u00e9ditation par l&rsquo;INASant\u00e9.<\/p>\n<p><em>\u00abLes instruments d&rsquo;appui mis en place dans le cadre du PACS permettront de d\u00e9velopper les niches \u00e0 forte valeur ajout\u00e9e pour le pays, susceptibles d&rsquo;absorber les dipl\u00f4m\u00e9s de l&rsquo;enseignement sup\u00e9rieur et d\u2019assurer une croissance \u00e9conomique inclusive et soutenable\u00bb,<\/em> a \u00e9galement soulign\u00e9 l&rsquo;ambassadeur de l&rsquo;Union europ\u00e9enne en Tunisie.<\/p>\n<p><em><strong>Source<\/strong><\/em> : communiqu\u00e9.<\/p>\n","protected":false},"excerpt":{"rendered":"<p>Le s\u00e9minaire de lancement du Programme d&rsquo;appui \u00e0 la comp\u00e9titivit\u00e9 des services a \u00e9t\u00e9 ouvert, aujourd\u2019hui, mardi 26 janvier 2016, \u00e0 l&rsquo;h\u00f4tel Sheraton, \u00e0 Tunis.<\/p>\n","protected":false},"author":8,"featured_media":0,"comment_status":"open","ping_status":"open","sticky":false,"template":"","format":"standard","meta":{"footnotes":""},"categories":[995,2433],"tags":[3297,2543,3315,2012,821,908],"class_list":["post-36714","post","type-post","status-publish","format-standard","hentry","category-economie","category-tunisie","tag-competitivite","tag-laura-baeza","tag-mohsen-hassen","tag-said-aidi","tag-services","tag-tourisme"],"yoast_head":"<!-- This site is optimized with the Yoast SEO plugin v26.6 - https:\/\/yoast.com\/wordpress\/plugins\/seo\/ -->\n<title>Un programme europ\u00e9en pour la mise \u00e0 niveau des services en Tunisie - Kapitalis<\/title>\n<meta name=\"robots\" content=\"index, follow, max-snippet:-1, max-image-preview:large, max-video-preview:-1\" \/>\n<link rel=\"canonical\" href=\"https:\/\/kapitalis.com\/tunisie\/2016\/01\/26\/un-programme-europeen-pour-la-mise-a-niveau-des-services-en-tunisie\/\" \/>\n<meta property=\"og:locale\" content=\"fr_FR\" \/>\n<meta property=\"og:type\" content=\"article\" \/>\n<meta property=\"og:title\" content=\"Un programme europ\u00e9en pour la mise \u00e0 niveau des services en Tunisie - Kapitalis\" \/>\n<meta property=\"og:description\" content=\"Le s\u00e9minaire de lancement du Programme d&rsquo;appui \u00e0 la comp\u00e9titivit\u00e9 des services a \u00e9t\u00e9 ouvert, aujourd\u2019hui, mardi 26 janvier 2016, \u00e0 l&rsquo;h\u00f4tel Sheraton, \u00e0 Tunis.\" \/>\n<meta property=\"og:url\" content=\"https:\/\/kapitalis.com\/tunisie\/2016\/01\/26\/un-programme-europeen-pour-la-mise-a-niveau-des-services-en-tunisie\/\" \/>\n<meta property=\"og:site_name\" content=\"Kapitalis\" \/>\n<meta property=\"article:publisher\" content=\"https:\/\/www.facebook.com\/KapitalisInfo\/\" \/>\n<meta property=\"article:published_time\" content=\"2016-01-26T12:50:41+00:00\" \/>\n<meta property=\"og:image\" content=\"http:\/\/kapitalis.com\/tunisie\/wp-content\/uploads\/2015\/10\/Tunisie-Union-europeenne.jpg\" \/>\n<meta name=\"author\" content=\"webmaster kapitalis\" \/>\n<meta name=\"twitter:card\" content=\"summary_large_image\" \/>\n<meta name=\"twitter:creator\" content=\"@KapitalisInfo\" \/>\n<meta name=\"twitter:site\" content=\"@KapitalisInfo\" \/>\n<meta name=\"twitter:label1\" content=\"\u00c9crit par\" \/>\n\t<meta name=\"twitter:data1\" content=\"webmaster kapitalis\" \/>\n\t<meta name=\"twitter:label2\" content=\"Dur\u00e9e de lecture estim\u00e9e\" \/>\n\t<meta name=\"twitter:data2\" content=\"2 minutes\" \/>\n<script type=\"application\/ld+json\" class=\"yoast-schema-graph\">{\"@context\":\"https:\/\/schema.org\",\"@graph\":[{\"@type\":\"Article\",\"@id\":\"https:\/\/kapitalis.com\/tunisie\/2016\/01\/26\/un-programme-europeen-pour-la-mise-a-niveau-des-services-en-tunisie\/#article\",\"isPartOf\":{\"@id\":\"https:\/\/kapitalis.com\/tunisie\/2016\/01\/26\/un-programme-europeen-pour-la-mise-a-niveau-des-services-en-tunisie\/\"},\"author\":{\"name\":\"webmaster kapitalis\",\"@id\":\"https:\/\/kapitalis.com\/tunisie\/#\/schema\/person\/d71f33a9ca44f7bad4698210b480c8e9\"},\"headline\":\"Un programme europ\u00e9en pour la mise \u00e0 niveau des services en Tunisie\",\"datePublished\":\"2016-01-26T12:50:41+00:00\",\"mainEntityOfPage\":{\"@id\":\"https:\/\/kapitalis.com\/tunisie\/2016\/01\/26\/un-programme-europeen-pour-la-mise-a-niveau-des-services-en-tunisie\/\"},\"wordCount\":451,\"commentCount\":4,\"publisher\":{\"@id\":\"https:\/\/kapitalis.com\/tunisie\/#organization\"},\"image\":{\"@id\":\"https:\/\/kapitalis.com\/tunisie\/2016\/01\/26\/un-programme-europeen-pour-la-mise-a-niveau-des-services-en-tunisie\/#primaryimage\"},\"thumbnailUrl\":\"http:\/\/kapitalis.com\/tunisie\/wp-content\/uploads\/2015\/10\/Tunisie-Union-europeenne.jpg\",\"keywords\":[\"comp\u00e9titivit\u00e9\",\"Laura Baeza\",\"Mohsen Hassen\",\"Sa\u00efd A\u00efdi\",\"services\",\"tourisme\"],\"articleSection\":[\"ECONOMIE\",\"Tunisie\"],\"inLanguage\":\"fr-FR\",\"potentialAction\":[{\"@type\":\"CommentAction\",\"name\":\"Comment\",\"target\":[\"https:\/\/kapitalis.com\/tunisie\/2016\/01\/26\/un-programme-europeen-pour-la-mise-a-niveau-des-services-en-tunisie\/#respond\"]}]},{\"@type\":\"WebPage\",\"@id\":\"https:\/\/kapitalis.com\/tunisie\/2016\/01\/26\/un-programme-europeen-pour-la-mise-a-niveau-des-services-en-tunisie\/\",\"url\":\"https:\/\/kapitalis.com\/tunisie\/2016\/01\/26\/un-programme-europeen-pour-la-mise-a-niveau-des-services-en-tunisie\/\",\"name\":\"Un programme europ\u00e9en pour la mise \u00e0 niveau des services en Tunisie - Kapitalis\",\"isPartOf\":{\"@id\":\"https:\/\/kapitalis.com\/tunisie\/#website\"},\"primaryImageOfPage\":{\"@id\":\"https:\/\/kapitalis.com\/tunisie\/2016\/01\/26\/un-programme-europeen-pour-la-mise-a-niveau-des-services-en-tunisie\/#primaryimage\"},\"image\":{\"@id\":\"https:\/\/kapitalis.com\/tunisie\/2016\/01\/26\/un-programme-europeen-pour-la-mise-a-niveau-des-services-en-tunisie\/#primaryimage\"},\"thumbnailUrl\":\"http:\/\/kapitalis.com\/tunisie\/wp-content\/uploads\/2015\/10\/Tunisie-Union-europeenne.jpg\",\"datePublished\":\"2016-01-26T12:50:41+00:00\",\"breadcrumb\":{\"@id\":\"https:\/\/kapitalis.com\/tunisie\/2016\/01\/26\/un-programme-europeen-pour-la-mise-a-niveau-des-services-en-tunisie\/#breadcrumb\"},\"inLanguage\":\"fr-FR\",\"potentialAction\":[{\"@type\":\"ReadAction\",\"target\":[\"https:\/\/kapitalis.com\/tunisie\/2016\/01\/26\/un-programme-europeen-pour-la-mise-a-niveau-des-services-en-tunisie\/\"]}]},{\"@type\":\"ImageObject\",\"inLanguage\":\"fr-FR\",\"@id\":\"https:\/\/kapitalis.com\/tunisie\/2016\/01\/26\/un-programme-europeen-pour-la-mise-a-niveau-des-services-en-tunisie\/#primaryimage\",\"url\":\"http:\/\/kapitalis.com\/tunisie\/wp-content\/uploads\/2015\/10\/Tunisie-Union-europeenne.jpg\",\"contentUrl\":\"http:\/\/kapitalis.com\/tunisie\/wp-content\/uploads\/2015\/10\/Tunisie-Union-europeenne.jpg\"},{\"@type\":\"BreadcrumbList\",\"@id\":\"https:\/\/kapitalis.com\/tunisie\/2016\/01\/26\/un-programme-europeen-pour-la-mise-a-niveau-des-services-en-tunisie\/#breadcrumb\",\"itemListElement\":[{\"@type\":\"ListItem\",\"position\":1,\"name\":\"Accueil\",\"item\":\"https:\/\/kapitalis.com\/tunisie\/\"},{\"@type\":\"ListItem\",\"position\":2,\"name\":\"Un programme europ\u00e9en pour la mise \u00e0 niveau des services en Tunisie\"}]},{\"@type\":\"WebSite\",\"@id\":\"https:\/\/kapitalis.com\/tunisie\/#website\",\"url\":\"https:\/\/kapitalis.com\/tunisie\/\",\"name\":\"Kapitalis\",\"description\":\"L&#039;actualit\u00e9 en Tunisie et dans le monde\",\"publisher\":{\"@id\":\"https:\/\/kapitalis.com\/tunisie\/#organization\"},\"potentialAction\":[{\"@type\":\"SearchAction\",\"target\":{\"@type\":\"EntryPoint\",\"urlTemplate\":\"https:\/\/kapitalis.com\/tunisie\/?s={search_term_string}\"},\"query-input\":{\"@type\":\"PropertyValueSpecification\",\"valueRequired\":true,\"valueName\":\"search_term_string\"}}],\"inLanguage\":\"fr-FR\"},{\"@type\":\"Organization\",\"@id\":\"https:\/\/kapitalis.com\/tunisie\/#organization\",\"name\":\"Kapitalis\",\"url\":\"https:\/\/kapitalis.com\/tunisie\/\",\"logo\":{\"@type\":\"ImageObject\",\"inLanguage\":\"fr-FR\",\"@id\":\"https:\/\/kapitalis.com\/tunisie\/#\/schema\/logo\/image\/\",\"url\":\"https:\/\/kapitalis.com\/tunisie\/wp-content\/uploads\/2022\/05\/Kapitalis-big-size.png\",\"contentUrl\":\"https:\/\/kapitalis.com\/tunisie\/wp-content\/uploads\/2022\/05\/Kapitalis-big-size.png\",\"width\":5000,\"height\":1500,\"caption\":\"Kapitalis\"},\"image\":{\"@id\":\"https:\/\/kapitalis.com\/tunisie\/#\/schema\/logo\/image\/\"},\"sameAs\":[\"https:\/\/www.facebook.com\/KapitalisInfo\/\",\"https:\/\/x.com\/KapitalisInfo\",\"https:\/\/www.youtube.com\/channel\/UC-yDYrHyfFBWWZaOw3FPg9Q\"]},{\"@type\":\"Person\",\"@id\":\"https:\/\/kapitalis.com\/tunisie\/#\/schema\/person\/d71f33a9ca44f7bad4698210b480c8e9\",\"name\":\"webmaster kapitalis\",\"url\":\"https:\/\/kapitalis.com\/tunisie\/author\/webmaster-kapitalis\/\"}]}<\/script>\n<!-- \/ Yoast SEO plugin. -->","yoast_head_json":{"title":"Un programme europ\u00e9en pour la mise \u00e0 niveau des services en Tunisie - Kapitalis","robots":{"index":"index","follow":"follow","max-snippet":"max-snippet:-1","max-image-preview":"max-image-preview:large","max-video-preview":"max-video-preview:-1"},"canonical":"https:\/\/kapitalis.com\/tunisie\/2016\/01\/26\/un-programme-europeen-pour-la-mise-a-niveau-des-services-en-tunisie\/","og_locale":"fr_FR","og_type":"article","og_title":"Un programme europ\u00e9en pour la mise \u00e0 niveau des services en Tunisie - Kapitalis","og_description":"Le s\u00e9minaire de lancement du Programme d&rsquo;appui \u00e0 la comp\u00e9titivit\u00e9 des services a \u00e9t\u00e9 ouvert, aujourd\u2019hui, mardi 26 janvier 2016, \u00e0 l&rsquo;h\u00f4tel Sheraton, \u00e0 Tunis.","og_url":"https:\/\/kapitalis.com\/tunisie\/2016\/01\/26\/un-programme-europeen-pour-la-mise-a-niveau-des-services-en-tunisie\/","og_site_name":"Kapitalis","article_publisher":"https:\/\/www.facebook.com\/KapitalisInfo\/","article_published_time":"2016-01-26T12:50:41+00:00","og_image":[{"url":"http:\/\/kapitalis.com\/tunisie\/wp-content\/uploads\/2015\/10\/Tunisie-Union-europeenne.jpg","type":"","width":"","height":""}],"author":"webmaster kapitalis","twitter_card":"summary_large_image","twitter_creator":"@KapitalisInfo","twitter_site":"@KapitalisInfo","twitter_misc":{"\u00c9crit par":"webmaster kapitalis","Dur\u00e9e de lecture estim\u00e9e":"2 minutes"},"schema":{"@context":"https:\/\/schema.org","@graph":[{"@type":"Article","@id":"https:\/\/kapitalis.com\/tunisie\/2016\/01\/26\/un-programme-europeen-pour-la-mise-a-niveau-des-services-en-tunisie\/#article","isPartOf":{"@id":"https:\/\/kapitalis.com\/tunisie\/2016\/01\/26\/un-programme-europeen-pour-la-mise-a-niveau-des-services-en-tunisie\/"},"author":{"name":"webmaster kapitalis","@id":"https:\/\/kapitalis.com\/tunisie\/#\/schema\/person\/d71f33a9ca44f7bad4698210b480c8e9"},"headline":"Un programme europ\u00e9en pour la mise \u00e0 niveau des services en Tunisie","datePublished":"2016-01-26T12:50:41+00:00","mainEntityOfPage":{"@id":"https:\/\/kapitalis.com\/tunisie\/2016\/01\/26\/un-programme-europeen-pour-la-mise-a-niveau-des-services-en-tunisie\/"},"wordCount":451,"commentCount":4,"publisher":{"@id":"https:\/\/kapitalis.com\/tunisie\/#organization"},"image":{"@id":"https:\/\/kapitalis.com\/tunisie\/2016\/01\/26\/un-programme-europeen-pour-la-mise-a-niveau-des-services-en-tunisie\/#primaryimage"},"thumbnailUrl":"http:\/\/kapitalis.com\/tunisie\/wp-content\/uploads\/2015\/10\/Tunisie-Union-europeenne.jpg","keywords":["comp\u00e9titivit\u00e9","Laura Baeza","Mohsen Hassen","Sa\u00efd A\u00efdi","services","tourisme"],"articleSection":["ECONOMIE","Tunisie"],"inLanguage":"fr-FR","potentialAction":[{"@type":"CommentAction","name":"Comment","target":["https:\/\/kapitalis.com\/tunisie\/2016\/01\/26\/un-programme-europeen-pour-la-mise-a-niveau-des-services-en-tunisie\/#respond"]}]},{"@type":"WebPage","@id":"https:\/\/kapitalis.com\/tunisie\/2016\/01\/26\/un-programme-europeen-pour-la-mise-a-niveau-des-services-en-tunisie\/","url":"https:\/\/kapitalis.com\/tunisie\/2016\/01\/26\/un-programme-europeen-pour-la-mise-a-niveau-des-services-en-tunisie\/","name":"Un programme europ\u00e9en pour la mise \u00e0 niveau des services en Tunisie - Kapitalis","isPartOf":{"@id":"https:\/\/kapitalis.com\/tunisie\/#website"},"primaryImageOfPage":{"@id":"https:\/\/kapitalis.com\/tunisie\/2016\/01\/26\/un-programme-europeen-pour-la-mise-a-niveau-des-services-en-tunisie\/#primaryimage"},"image":{"@id":"https:\/\/kapitalis.com\/tunisie\/2016\/01\/26\/un-programme-europeen-pour-la-mise-a-niveau-des-services-en-tunisie\/#primaryimage"},"thumbnailUrl":"http:\/\/kapitalis.com\/tunisie\/wp-content\/uploads\/2015\/10\/Tunisie-Union-europeenne.jpg","datePublished":"2016-01-26T12:50:41+00:00","breadcrumb":{"@id":"https:\/\/kapitalis.com\/tunisie\/2016\/01\/26\/un-programme-europeen-pour-la-mise-a-niveau-des-services-en-tunisie\/#breadcrumb"},"inLanguage":"fr-FR","potentialAction":[{"@type":"ReadAction","target":["https:\/\/kapitalis.com\/tunisie\/2016\/01\/26\/un-programme-europeen-pour-la-mise-a-niveau-des-services-en-tunisie\/"]}]},{"@type":"ImageObject","inLanguage":"fr-FR","@id":"https:\/\/kapitalis.com\/tunisie\/2016\/01\/26\/un-programme-europeen-pour-la-mise-a-niveau-des-services-en-tunisie\/#primaryimage","url":"http:\/\/kapitalis.com\/tunisie\/wp-content\/uploads\/2015\/10\/Tunisie-Union-europeenne.jpg","contentUrl":"http:\/\/kapitalis.com\/tunisie\/wp-content\/uploads\/2015\/10\/Tunisie-Union-europeenne.jpg"},{"@type":"BreadcrumbList","@id":"https:\/\/kapitalis.com\/tunisie\/2016\/01\/26\/un-programme-europeen-pour-la-mise-a-niveau-des-services-en-tunisie\/#breadcrumb","itemListElement":[{"@type":"ListItem","position":1,"name":"Accueil","item":"https:\/\/kapitalis.com\/tunisie\/"},{"@type":"ListItem","position":2,"name":"Un programme europ\u00e9en pour la mise \u00e0 niveau des services en Tunisie"}]},{"@type":"WebSite","@id":"https:\/\/kapitalis.com\/tunisie\/#website","url":"https:\/\/kapitalis.com\/tunisie\/","name":"Kapitalis","description":"L&#039;actualit\u00e9 en Tunisie et dans le monde","publisher":{"@id":"https:\/\/kapitalis.com\/tunisie\/#organization"},"potentialAction":[{"@type":"SearchAction","target":{"@type":"EntryPoint","urlTemplate":"https:\/\/kapitalis.com\/tunisie\/?s={search_term_string}"},"query-input":{"@type":"PropertyValueSpecification","valueRequired":true,"valueName":"search_term_string"}}],"inLanguage":"fr-FR"},{"@type":"Organization","@id":"https:\/\/kapitalis.com\/tunisie\/#organization","name":"Kapitalis","url":"https:\/\/kapitalis.com\/tunisie\/","logo":{"@type":"ImageObject","inLanguage":"fr-FR","@id":"https:\/\/kapitalis.com\/tunisie\/#\/schema\/logo\/image\/","url":"https:\/\/kapitalis.com\/tunisie\/wp-content\/uploads\/2022\/05\/Kapitalis-big-size.png","contentUrl":"https:\/\/kapitalis.com\/tunisie\/wp-content\/uploads\/2022\/05\/Kapitalis-big-size.png","width":5000,"height":1500,"caption":"Kapitalis"},"image":{"@id":"https:\/\/kapitalis.com\/tunisie\/#\/schema\/logo\/image\/"},"sameAs":["https:\/\/www.facebook.com\/KapitalisInfo\/","https:\/\/x.com\/KapitalisInfo","https:\/\/www.youtube.com\/channel\/UC-yDYrHyfFBWWZaOw3FPg9Q"]},{"@type":"Person","@id":"https:\/\/kapitalis.com\/tunisie\/#\/schema\/person\/d71f33a9ca44f7bad4698210b480c8e9","name":"webmaster kapitalis","url":"https:\/\/kapitalis.com\/tunisie\/author\/webmaster-kapitalis\/"}]}},"_links":{"self":[{"href":"https:\/\/kapitalis.com\/tunisie\/wp-json\/wp\/v2\/posts\/36714","targetHints":{"allow":["GET"]}}],"collection":[{"href":"https:\/\/kapitalis.com\/tunisie\/wp-json\/wp\/v2\/posts"}],"about":[{"href":"https:\/\/kapitalis.com\/tunisie\/wp-json\/wp\/v2\/types\/post"}],"author":[{"embeddable":true,"href":"https:\/\/kapitalis.com\/tunisie\/wp-json\/wp\/v2\/users\/8"}],"replies":[{"embeddable":true,"href":"https:\/\/kapitalis.com\/tunisie\/wp-json\/wp\/v2\/comments?post=36714"}],"version-history":[{"count":0,"href":"https:\/\/kapitalis.com\/tunisie\/wp-json\/wp\/v2\/posts\/36714\/revisions"}],"wp:attachment":[{"href":"https:\/\/kapitalis.com\/tunisie\/wp-json\/wp\/v2\/media?parent=36714"}],"wp:term":[{"taxonomy":"category","embeddable":true,"href":"https:\/\/kapitalis.com\/tunisie\/wp-json\/wp\/v2\/categories?post=36714"},{"taxonomy":"post_tag","embeddable":true,"href":"https:\/\/kapitalis.com\/tunisie\/wp-json\/wp\/v2\/tags?post=36714"}],"curies":[{"name":"wp","href":"https:\/\/api.w.org\/{rel}","templated":true}]}}