{"id":36715,"date":"2016-01-26T14:37:34","date_gmt":"2016-01-26T13:37:34","guid":{"rendered":"http:\/\/kapitalis.com\/tunisie\/?p=36715"},"modified":"2016-01-26T14:40:37","modified_gmt":"2016-01-26T13:40:37","slug":"les-charges-de-la-communication-publique-se-rebiffent","status":"publish","type":"post","link":"https:\/\/kapitalis.com\/tunisie\/2016\/01\/26\/les-charges-de-la-communication-publique-se-rebiffent\/","title":{"rendered":"Les charg\u00e9s de la communication publique se rebiffent"},"content":{"rendered":"<p><img loading=\"lazy\" decoding=\"async\" class=\"aligncenter size-full wp-image-36717\" src=\"http:\/\/kapitalis.com\/tunisie\/wp-content\/uploads\/2016\/01\/media_temp-10.jpg\" alt=\"media_temp 10\" width=\"626\" height=\"380\" \/><\/p>\n<p><em><strong>Les charg\u00e9s de l\u2019information et de la communication publiques s\u2019\u00e9l\u00e8vent contre ce qu\u2019ils consid\u00e8rent comme une campagne orchestr\u00e9e contre eux.<\/strong><\/em><\/p>\n<p><!--more--><\/p>\n<p>Le Syndicat national des charg\u00e9s de l\u2019information et de la communication publique a rendu public, ce mardi 26 janvier 2016, un communiqu\u00e9 dans lequel il d\u00e9nonce la campagne men\u00e9e par ce qu\u2019il qualifie d&rsquo;<em>\u00abintrus \u00e9trangers \u00e0 la profession de journaliste et de communicateur et qui s\u2019arrogent le droit de participer \u00e0 des plateaux radiot\u00e9l\u00e9vis\u00e9s tendancieux pour d\u00e9nigrer les charg\u00e9s de l\u2019information et de la communication publiques<\/em>\u00bb.<\/p>\n<p>Le Syndicat assure que les institutions de l\u2019Etat font appel \u00e0 de hautes comp\u00e9tences parmi les professionnels pour diriger les services d&rsquo;information et de communication des trois pr\u00e9sidences (de l&rsquo;Assembl\u00e9e, de la r\u00e9publique et du gouvernement), des diff\u00e9rents minist\u00e8res et de toutes les structures de l\u2019Etat, qu&rsquo;elles soient nationales ou r\u00e9gionales.<\/p>\n<p>Ce communiqu\u00e9 est une r\u00e9action aux critiques adress\u00e9es aux responsables de la communication gouvernementale, dont les approximations et les h\u00e9sitations ont suscit\u00e9, la semaine \u00e9coul\u00e9e, des malentendus et une incompr\u00e9hension parmi les ch\u00f4meurs dans les r\u00e9gions int\u00e9rieures et attis\u00e9 les manifestations de col\u00e8re contre l&rsquo;Etat.<\/p>\n<p style=\"text-align: right;\"><strong>N. H.<\/strong><\/p>\n","protected":false},"excerpt":{"rendered":"<p>Les charg\u00e9s de l\u2019information et de la communication publiques s\u2019\u00e9l\u00e8vent contre ce qu\u2019ils consid\u00e8rent comme une campagne orchestr\u00e9e contre eux.<\/p>\n","protected":false},"author":12,"featured_media":36717,"comment_status":"open","ping_status":"open","sticky":false,"template":"","format":"standard","meta":{"footnotes":""},"categories":[998,2433],"tags":[180,1282,219,6458,2439],"class_list":["post-36715","post","type-post","status-publish","format-standard","has-post-thumbnail","hentry","category-societe","category-tunisie","tag-campagne","tag-charges","tag-communication","tag-competences","tag-information"],"yoast_head":"<!-- This site is optimized with the Yoast SEO plugin v26.6 - https:\/\/yoast.com\/wordpress\/plugins\/seo\/ -->\n<title>Les charg\u00e9s de la communication publique se rebiffent - Kapitalis<\/title>\n<meta name=\"robots\" content=\"index, follow, max-snippet:-1, max-image-preview:large, max-video-preview:-1\" \/>\n<link rel=\"canonical\" href=\"https:\/\/kapitalis.com\/tunisie\/2016\/01\/26\/les-charges-de-la-communication-publique-se-rebiffent\/\" \/>\n<meta property=\"og:locale\" content=\"fr_FR\" \/>\n<meta property=\"og:type\" content=\"article\" \/>\n<meta property=\"og:title\" content=\"Les charg\u00e9s de la communication publique se rebiffent - Kapitalis\" \/>\n<meta property=\"og:description\" content=\"Les charg\u00e9s de l\u2019information et de la communication publiques s\u2019\u00e9l\u00e8vent contre ce qu\u2019ils consid\u00e8rent comme une campagne orchestr\u00e9e contre eux.\" \/>\n<meta property=\"og:url\" content=\"https:\/\/kapitalis.com\/tunisie\/2016\/01\/26\/les-charges-de-la-communication-publique-se-rebiffent\/\" \/>\n<meta property=\"og:site_name\" content=\"Kapitalis\" \/>\n<meta property=\"article:publisher\" content=\"https:\/\/www.facebook.com\/KapitalisInfo\/\" \/>\n<meta property=\"article:published_time\" content=\"2016-01-26T13:37:34+00:00\" \/>\n<meta property=\"article:modified_time\" content=\"2016-01-26T13:40:37+00:00\" \/>\n<meta property=\"og:image\" content=\"https:\/\/kapitalis.com\/tunisie\/wp-content\/uploads\/2022\/05\/kapitalis-logo-fb.png\" \/>\n\t<meta property=\"og:image:width\" content=\"1200\" \/>\n\t<meta property=\"og:image:height\" content=\"630\" \/>\n\t<meta property=\"og:image:type\" content=\"image\/png\" \/>\n<meta name=\"author\" content=\"Noureddine Hlaoui\" \/>\n<meta name=\"twitter:card\" content=\"summary_large_image\" \/>\n<meta name=\"twitter:creator\" content=\"@KapitalisInfo\" \/>\n<meta name=\"twitter:site\" content=\"@KapitalisInfo\" \/>\n<meta name=\"twitter:label1\" content=\"\u00c9crit par\" \/>\n\t<meta name=\"twitter:data1\" content=\"Noureddine Hlaoui\" \/>\n\t<meta name=\"twitter:label2\" content=\"Dur\u00e9e de lecture estim\u00e9e\" \/>\n\t<meta name=\"twitter:data2\" content=\"1 minute\" \/>\n<script type=\"application\/ld+json\" class=\"yoast-schema-graph\">{\"@context\":\"https:\/\/schema.org\",\"@graph\":[{\"@type\":\"Article\",\"@id\":\"https:\/\/kapitalis.com\/tunisie\/2016\/01\/26\/les-charges-de-la-communication-publique-se-rebiffent\/#article\",\"isPartOf\":{\"@id\":\"https:\/\/kapitalis.com\/tunisie\/2016\/01\/26\/les-charges-de-la-communication-publique-se-rebiffent\/\"},\"author\":{\"name\":\"Noureddine Hlaoui\",\"@id\":\"https:\/\/kapitalis.com\/tunisie\/#\/schema\/person\/e49e6dd6ed3f0512aef25da8b3483abf\"},\"headline\":\"Les charg\u00e9s de la communication publique se rebiffent\",\"datePublished\":\"2016-01-26T13:37:34+00:00\",\"dateModified\":\"2016-01-26T13:40:37+00:00\",\"mainEntityOfPage\":{\"@id\":\"https:\/\/kapitalis.com\/tunisie\/2016\/01\/26\/les-charges-de-la-communication-publique-se-rebiffent\/\"},\"wordCount\":226,\"commentCount\":0,\"publisher\":{\"@id\":\"https:\/\/kapitalis.com\/tunisie\/#organization\"},\"image\":{\"@id\":\"https:\/\/kapitalis.com\/tunisie\/2016\/01\/26\/les-charges-de-la-communication-publique-se-rebiffent\/#primaryimage\"},\"thumbnailUrl\":\"\",\"keywords\":[\"campagne\",\"charges\",\"communication\",\"comp\u00e9tences\",\"information\"],\"articleSection\":[\"SOCIETE\",\"Tunisie\"],\"inLanguage\":\"fr-FR\",\"potentialAction\":[{\"@type\":\"CommentAction\",\"name\":\"Comment\",\"target\":[\"https:\/\/kapitalis.com\/tunisie\/2016\/01\/26\/les-charges-de-la-communication-publique-se-rebiffent\/#respond\"]}]},{\"@type\":\"WebPage\",\"@id\":\"https:\/\/kapitalis.com\/tunisie\/2016\/01\/26\/les-charges-de-la-communication-publique-se-rebiffent\/\",\"url\":\"https:\/\/kapitalis.com\/tunisie\/2016\/01\/26\/les-charges-de-la-communication-publique-se-rebiffent\/\",\"name\":\"Les charg\u00e9s de la communication publique se rebiffent - Kapitalis\",\"isPartOf\":{\"@id\":\"https:\/\/kapitalis.com\/tunisie\/#website\"},\"primaryImageOfPage\":{\"@id\":\"https:\/\/kapitalis.com\/tunisie\/2016\/01\/26\/les-charges-de-la-communication-publique-se-rebiffent\/#primaryimage\"},\"image\":{\"@id\":\"https:\/\/kapitalis.com\/tunisie\/2016\/01\/26\/les-charges-de-la-communication-publique-se-rebiffent\/#primaryimage\"},\"thumbnailUrl\":\"\",\"datePublished\":\"2016-01-26T13:37:34+00:00\",\"dateModified\":\"2016-01-26T13:40:37+00:00\",\"breadcrumb\":{\"@id\":\"https:\/\/kapitalis.com\/tunisie\/2016\/01\/26\/les-charges-de-la-communication-publique-se-rebiffent\/#breadcrumb\"},\"inLanguage\":\"fr-FR\",\"potentialAction\":[{\"@type\":\"ReadAction\",\"target\":[\"https:\/\/kapitalis.com\/tunisie\/2016\/01\/26\/les-charges-de-la-communication-publique-se-rebiffent\/\"]}]},{\"@type\":\"ImageObject\",\"inLanguage\":\"fr-FR\",\"@id\":\"https:\/\/kapitalis.com\/tunisie\/2016\/01\/26\/les-charges-de-la-communication-publique-se-rebiffent\/#primaryimage\",\"url\":\"\",\"contentUrl\":\"\"},{\"@type\":\"BreadcrumbList\",\"@id\":\"https:\/\/kapitalis.com\/tunisie\/2016\/01\/26\/les-charges-de-la-communication-publique-se-rebiffent\/#breadcrumb\",\"itemListElement\":[{\"@type\":\"ListItem\",\"position\":1,\"name\":\"Accueil\",\"item\":\"https:\/\/kapitalis.com\/tunisie\/\"},{\"@type\":\"ListItem\",\"position\":2,\"name\":\"Les charg\u00e9s de la communication publique se rebiffent\"}]},{\"@type\":\"WebSite\",\"@id\":\"https:\/\/kapitalis.com\/tunisie\/#website\",\"url\":\"https:\/\/kapitalis.com\/tunisie\/\",\"name\":\"Kapitalis\",\"description\":\"L&#039;actualit\u00e9 en Tunisie et dans le monde\",\"publisher\":{\"@id\":\"https:\/\/kapitalis.com\/tunisie\/#organization\"},\"potentialAction\":[{\"@type\":\"SearchAction\",\"target\":{\"@type\":\"EntryPoint\",\"urlTemplate\":\"https:\/\/kapitalis.com\/tunisie\/?s={search_term_string}\"},\"query-input\":{\"@type\":\"PropertyValueSpecification\",\"valueRequired\":true,\"valueName\":\"search_term_string\"}}],\"inLanguage\":\"fr-FR\"},{\"@type\":\"Organization\",\"@id\":\"https:\/\/kapitalis.com\/tunisie\/#organization\",\"name\":\"Kapitalis\",\"url\":\"https:\/\/kapitalis.com\/tunisie\/\",\"logo\":{\"@type\":\"ImageObject\",\"inLanguage\":\"fr-FR\",\"@id\":\"https:\/\/kapitalis.com\/tunisie\/#\/schema\/logo\/image\/\",\"url\":\"https:\/\/kapitalis.com\/tunisie\/wp-content\/uploads\/2022\/05\/Kapitalis-big-size.png\",\"contentUrl\":\"https:\/\/kapitalis.com\/tunisie\/wp-content\/uploads\/2022\/05\/Kapitalis-big-size.png\",\"width\":5000,\"height\":1500,\"caption\":\"Kapitalis\"},\"image\":{\"@id\":\"https:\/\/kapitalis.com\/tunisie\/#\/schema\/logo\/image\/\"},\"sameAs\":[\"https:\/\/www.facebook.com\/KapitalisInfo\/\",\"https:\/\/x.com\/KapitalisInfo\",\"https:\/\/www.youtube.com\/channel\/UC-yDYrHyfFBWWZaOw3FPg9Q\"]},{\"@type\":\"Person\",\"@id\":\"https:\/\/kapitalis.com\/tunisie\/#\/schema\/person\/e49e6dd6ed3f0512aef25da8b3483abf\",\"name\":\"Noureddine Hlaoui\",\"url\":\"https:\/\/kapitalis.com\/tunisie\/author\/noureddine-hlaoui\/\"}]}<\/script>\n<!-- \/ Yoast SEO plugin. -->","yoast_head_json":{"title":"Les charg\u00e9s de la communication publique se rebiffent - Kapitalis","robots":{"index":"index","follow":"follow","max-snippet":"max-snippet:-1","max-image-preview":"max-image-preview:large","max-video-preview":"max-video-preview:-1"},"canonical":"https:\/\/kapitalis.com\/tunisie\/2016\/01\/26\/les-charges-de-la-communication-publique-se-rebiffent\/","og_locale":"fr_FR","og_type":"article","og_title":"Les charg\u00e9s de la communication publique se rebiffent - Kapitalis","og_description":"Les charg\u00e9s de l\u2019information et de la communication publiques s\u2019\u00e9l\u00e8vent contre ce qu\u2019ils consid\u00e8rent comme une campagne orchestr\u00e9e contre eux.","og_url":"https:\/\/kapitalis.com\/tunisie\/2016\/01\/26\/les-charges-de-la-communication-publique-se-rebiffent\/","og_site_name":"Kapitalis","article_publisher":"https:\/\/www.facebook.com\/KapitalisInfo\/","article_published_time":"2016-01-26T13:37:34+00:00","article_modified_time":"2016-01-26T13:40:37+00:00","og_image":[{"width":1200,"height":630,"url":"https:\/\/kapitalis.com\/tunisie\/wp-content\/uploads\/2022\/05\/kapitalis-logo-fb.png","type":"image\/png"}],"author":"Noureddine Hlaoui","twitter_card":"summary_large_image","twitter_creator":"@KapitalisInfo","twitter_site":"@KapitalisInfo","twitter_misc":{"\u00c9crit par":"Noureddine Hlaoui","Dur\u00e9e de lecture estim\u00e9e":"1 minute"},"schema":{"@context":"https:\/\/schema.org","@graph":[{"@type":"Article","@id":"https:\/\/kapitalis.com\/tunisie\/2016\/01\/26\/les-charges-de-la-communication-publique-se-rebiffent\/#article","isPartOf":{"@id":"https:\/\/kapitalis.com\/tunisie\/2016\/01\/26\/les-charges-de-la-communication-publique-se-rebiffent\/"},"author":{"name":"Noureddine Hlaoui","@id":"https:\/\/kapitalis.com\/tunisie\/#\/schema\/person\/e49e6dd6ed3f0512aef25da8b3483abf"},"headline":"Les charg\u00e9s de la communication publique se rebiffent","datePublished":"2016-01-26T13:37:34+00:00","dateModified":"2016-01-26T13:40:37+00:00","mainEntityOfPage":{"@id":"https:\/\/kapitalis.com\/tunisie\/2016\/01\/26\/les-charges-de-la-communication-publique-se-rebiffent\/"},"wordCount":226,"commentCount":0,"publisher":{"@id":"https:\/\/kapitalis.com\/tunisie\/#organization"},"image":{"@id":"https:\/\/kapitalis.com\/tunisie\/2016\/01\/26\/les-charges-de-la-communication-publique-se-rebiffent\/#primaryimage"},"thumbnailUrl":"","keywords":["campagne","charges","communication","comp\u00e9tences","information"],"articleSection":["SOCIETE","Tunisie"],"inLanguage":"fr-FR","potentialAction":[{"@type":"CommentAction","name":"Comment","target":["https:\/\/kapitalis.com\/tunisie\/2016\/01\/26\/les-charges-de-la-communication-publique-se-rebiffent\/#respond"]}]},{"@type":"WebPage","@id":"https:\/\/kapitalis.com\/tunisie\/2016\/01\/26\/les-charges-de-la-communication-publique-se-rebiffent\/","url":"https:\/\/kapitalis.com\/tunisie\/2016\/01\/26\/les-charges-de-la-communication-publique-se-rebiffent\/","name":"Les charg\u00e9s de la communication publique se rebiffent - Kapitalis","isPartOf":{"@id":"https:\/\/kapitalis.com\/tunisie\/#website"},"primaryImageOfPage":{"@id":"https:\/\/kapitalis.com\/tunisie\/2016\/01\/26\/les-charges-de-la-communication-publique-se-rebiffent\/#primaryimage"},"image":{"@id":"https:\/\/kapitalis.com\/tunisie\/2016\/01\/26\/les-charges-de-la-communication-publique-se-rebiffent\/#primaryimage"},"thumbnailUrl":"","datePublished":"2016-01-26T13:37:34+00:00","dateModified":"2016-01-26T13:40:37+00:00","breadcrumb":{"@id":"https:\/\/kapitalis.com\/tunisie\/2016\/01\/26\/les-charges-de-la-communication-publique-se-rebiffent\/#breadcrumb"},"inLanguage":"fr-FR","potentialAction":[{"@type":"ReadAction","target":["https:\/\/kapitalis.com\/tunisie\/2016\/01\/26\/les-charges-de-la-communication-publique-se-rebiffent\/"]}]},{"@type":"ImageObject","inLanguage":"fr-FR","@id":"https:\/\/kapitalis.com\/tunisie\/2016\/01\/26\/les-charges-de-la-communication-publique-se-rebiffent\/#primaryimage","url":"","contentUrl":""},{"@type":"BreadcrumbList","@id":"https:\/\/kapitalis.com\/tunisie\/2016\/01\/26\/les-charges-de-la-communication-publique-se-rebiffent\/#breadcrumb","itemListElement":[{"@type":"ListItem","position":1,"name":"Accueil","item":"https:\/\/kapitalis.com\/tunisie\/"},{"@type":"ListItem","position":2,"name":"Les charg\u00e9s de la communication publique se rebiffent"}]},{"@type":"WebSite","@id":"https:\/\/kapitalis.com\/tunisie\/#website","url":"https:\/\/kapitalis.com\/tunisie\/","name":"Kapitalis","description":"L&#039;actualit\u00e9 en Tunisie et dans le monde","publisher":{"@id":"https:\/\/kapitalis.com\/tunisie\/#organization"},"potentialAction":[{"@type":"SearchAction","target":{"@type":"EntryPoint","urlTemplate":"https:\/\/kapitalis.com\/tunisie\/?s={search_term_string}"},"query-input":{"@type":"PropertyValueSpecification","valueRequired":true,"valueName":"search_term_string"}}],"inLanguage":"fr-FR"},{"@type":"Organization","@id":"https:\/\/kapitalis.com\/tunisie\/#organization","name":"Kapitalis","url":"https:\/\/kapitalis.com\/tunisie\/","logo":{"@type":"ImageObject","inLanguage":"fr-FR","@id":"https:\/\/kapitalis.com\/tunisie\/#\/schema\/logo\/image\/","url":"https:\/\/kapitalis.com\/tunisie\/wp-content\/uploads\/2022\/05\/Kapitalis-big-size.png","contentUrl":"https:\/\/kapitalis.com\/tunisie\/wp-content\/uploads\/2022\/05\/Kapitalis-big-size.png","width":5000,"height":1500,"caption":"Kapitalis"},"image":{"@id":"https:\/\/kapitalis.com\/tunisie\/#\/schema\/logo\/image\/"},"sameAs":["https:\/\/www.facebook.com\/KapitalisInfo\/","https:\/\/x.com\/KapitalisInfo","https:\/\/www.youtube.com\/channel\/UC-yDYrHyfFBWWZaOw3FPg9Q"]},{"@type":"Person","@id":"https:\/\/kapitalis.com\/tunisie\/#\/schema\/person\/e49e6dd6ed3f0512aef25da8b3483abf","name":"Noureddine Hlaoui","url":"https:\/\/kapitalis.com\/tunisie\/author\/noureddine-hlaoui\/"}]}},"_links":{"self":[{"href":"https:\/\/kapitalis.com\/tunisie\/wp-json\/wp\/v2\/posts\/36715","targetHints":{"allow":["GET"]}}],"collection":[{"href":"https:\/\/kapitalis.com\/tunisie\/wp-json\/wp\/v2\/posts"}],"about":[{"href":"https:\/\/kapitalis.com\/tunisie\/wp-json\/wp\/v2\/types\/post"}],"author":[{"embeddable":true,"href":"https:\/\/kapitalis.com\/tunisie\/wp-json\/wp\/v2\/users\/12"}],"replies":[{"embeddable":true,"href":"https:\/\/kapitalis.com\/tunisie\/wp-json\/wp\/v2\/comments?post=36715"}],"version-history":[{"count":0,"href":"https:\/\/kapitalis.com\/tunisie\/wp-json\/wp\/v2\/posts\/36715\/revisions"}],"wp:featuredmedia":[{"embeddable":true,"href":"https:\/\/kapitalis.com\/tunisie\/wp-json\/wp\/v2\/media\/36717"}],"wp:attachment":[{"href":"https:\/\/kapitalis.com\/tunisie\/wp-json\/wp\/v2\/media?parent=36715"}],"wp:term":[{"taxonomy":"category","embeddable":true,"href":"https:\/\/kapitalis.com\/tunisie\/wp-json\/wp\/v2\/categories?post=36715"},{"taxonomy":"post_tag","embeddable":true,"href":"https:\/\/kapitalis.com\/tunisie\/wp-json\/wp\/v2\/tags?post=36715"}],"curies":[{"name":"wp","href":"https:\/\/api.w.org\/{rel}","templated":true}]}}