{"id":367177,"date":"2021-10-23T17:18:55","date_gmt":"2021-10-23T16:18:55","guid":{"rendered":"http:\/\/kapitalis.com\/tunisie\/?p=367177"},"modified":"2021-10-23T17:23:06","modified_gmt":"2021-10-23T16:23:06","slug":"tunisie-la-ftf-solidaire-avec-maher-karoui-president-de-letoile-du-sahel-agresse-par-des-policiers","status":"publish","type":"post","link":"https:\/\/kapitalis.com\/tunisie\/2021\/10\/23\/tunisie-la-ftf-solidaire-avec-maher-karoui-president-de-letoile-du-sahel-agresse-par-des-policiers\/","title":{"rendered":"Tunisie : La FTF solidaire avec Maher Karoui, pr\u00e9sident de l\u2019\u00c9toile du Sahel, agress\u00e9 par des policiers"},"content":{"rendered":"\n<div class=\"wp-block-image\"><figure class=\"aligncenter size-full\"><img decoding=\"async\" src=\"http:\/\/kapitalis.com\/tunisie\/wp-content\/uploads\/2021\/10\/FTT-Karoui.jpg\" alt=\"\" class=\"wp-image-367180\"\/><\/figure><\/div>\n\n\n\n<p><strong><em>La F\u00e9d\u00e9ration tunisienne de football (FTF) a exprim\u00e9 sa totale solidarit\u00e9 avec le pr\u00e9sident de l&rsquo;Etoile sportive du Sahel (ESS), Maher Karoui, agress\u00e9, cet apr\u00e8s-midi, samedi 23 octobre 2021, par des policiers devant le stade Mustapha Ben Jennet, \u00e0 Monastir.<\/em><\/strong><\/p>\n\n\n\n<!--more-->\n\n\n\n<p>La FTF a fermement d\u00e9nonc\u00e9 cette \u00ab<em>agression \u00e9trange, inexplicable et d\u00e9mesur\u00e9e\u00bb<\/em>, en appelant les parties responsables \u00e0 prendre les mesures n\u00e9cessaires contre les parties ayant agress\u00e9 le pr\u00e9sident de l&rsquo;ESS, \u00ab<em>membre de la famille \u00e9largie de la famille footballistique tunisienne\u00bb.<\/em><\/p>\n\n\n\n<p>Rappelons que des supporteurs en possession de badges, avaient \u00e9t\u00e9 emp\u00each\u00e9s d&rsquo;acc\u00e9der au stade, o\u00f9 se jouait (\u00e0 huis-clos)  le match opposant l&rsquo;ESS \u00e0 l&rsquo;\u00e9quipe rwandaise, l&rsquo;APR FC, dans le cadre de la phase des poules de la Ligue des Champions africaine. Rencontre finalement remport\u00e9e par l&rsquo;\u00e9quipe tunisienne sur le score de 4 \u00e0 0.<\/p>\n\n\n\n<p>Selon des responsables de l&rsquo;Etoile, des supporteurs qui n&rsquo;avaient pas de badge ont pu inexplicablement acc\u00e9der au stade alors que ceux qui en d\u00e9tenaient et qui \u00e9taient sur la liste autoris\u00e9e ont \u00e9t\u00e9 emp\u00each\u00e9s d&rsquo;entrer, ce qui a pouss\u00e9 le pr\u00e9sident du club, officiellement \u00e9lu \u00e0 ce poste depuis le 9 octobre, \u00e0 sortir pour avoir des explications&#8230; avant de se faire agresser par des agents de police.<\/p>\n\n\n\n<p class=\"has-text-align-right\"><strong>Y. N.<\/strong><\/p>\n","protected":false},"excerpt":{"rendered":"<p>La F\u00e9d\u00e9ration tunisienne de football (FTF) a exprim\u00e9 sa totale solidarit\u00e9 avec le pr\u00e9sident de l&rsquo;Etoile sportive du Sahel (ESS), Maher Karoui, agress\u00e9, cet apr\u00e8s-midi, samedi 23 octobre 2021, par des policiers devant le stade Mustapha Ben Jennet, \u00e0 Monastir.<\/p>\n","protected":false},"author":6,"featured_media":367180,"comment_status":"open","ping_status":"open","sticky":false,"template":"","format":"standard","meta":{"footnotes":""},"categories":[999,2433],"tags":[64581,93987,62643],"class_list":["post-367177","post","type-post","status-publish","format-standard","has-post-thumbnail","hentry","category-sport","category-tunisie","tag-etoile-sportive-du-sahel","tag-maher-karoui","tag-tunisie"],"yoast_head":"<!-- This site is optimized with the Yoast SEO plugin v26.6 - https:\/\/yoast.com\/wordpress\/plugins\/seo\/ -->\n<title>Tunisie : La FTF solidaire avec Maher Karoui, pr\u00e9sident de l\u2019\u00c9toile du Sahel, agress\u00e9 par des policiers - Kapitalis<\/title>\n<meta name=\"robots\" content=\"index, follow, max-snippet:-1, max-image-preview:large, max-video-preview:-1\" \/>\n<link rel=\"canonical\" href=\"https:\/\/kapitalis.com\/tunisie\/2021\/10\/23\/tunisie-la-ftf-solidaire-avec-maher-karoui-president-de-letoile-du-sahel-agresse-par-des-policiers\/\" \/>\n<meta property=\"og:locale\" content=\"fr_FR\" \/>\n<meta property=\"og:type\" content=\"article\" \/>\n<meta property=\"og:title\" content=\"Tunisie : La FTF solidaire avec Maher Karoui, pr\u00e9sident de l\u2019\u00c9toile du Sahel, agress\u00e9 par des policiers - Kapitalis\" \/>\n<meta property=\"og:description\" content=\"La F\u00e9d\u00e9ration tunisienne de football (FTF) a exprim\u00e9 sa totale solidarit\u00e9 avec le pr\u00e9sident de l&rsquo;Etoile sportive du Sahel (ESS), Maher Karoui, agress\u00e9, cet apr\u00e8s-midi, samedi 23 octobre 2021, par des policiers devant le stade Mustapha Ben Jennet, \u00e0 Monastir.\" \/>\n<meta property=\"og:url\" content=\"https:\/\/kapitalis.com\/tunisie\/2021\/10\/23\/tunisie-la-ftf-solidaire-avec-maher-karoui-president-de-letoile-du-sahel-agresse-par-des-policiers\/\" \/>\n<meta property=\"og:site_name\" content=\"Kapitalis\" \/>\n<meta property=\"article:publisher\" content=\"https:\/\/www.facebook.com\/KapitalisInfo\/\" \/>\n<meta property=\"article:published_time\" content=\"2021-10-23T16:18:55+00:00\" \/>\n<meta property=\"article:modified_time\" content=\"2021-10-23T16:23:06+00:00\" \/>\n<meta property=\"og:image\" content=\"https:\/\/kapitalis.com\/tunisie\/wp-content\/uploads\/2022\/05\/kapitalis-logo-fb.png\" \/>\n\t<meta property=\"og:image:width\" content=\"1200\" \/>\n\t<meta property=\"og:image:height\" content=\"630\" \/>\n\t<meta property=\"og:image:type\" content=\"image\/png\" \/>\n<meta name=\"author\" content=\"Yusra NY\" \/>\n<meta name=\"twitter:card\" content=\"summary_large_image\" \/>\n<meta name=\"twitter:creator\" content=\"@KapitalisInfo\" \/>\n<meta name=\"twitter:site\" content=\"@KapitalisInfo\" \/>\n<meta name=\"twitter:label1\" content=\"\u00c9crit par\" \/>\n\t<meta name=\"twitter:data1\" content=\"Yusra NY\" \/>\n\t<meta name=\"twitter:label2\" content=\"Dur\u00e9e de lecture estim\u00e9e\" \/>\n\t<meta name=\"twitter:data2\" content=\"1 minute\" \/>\n<script type=\"application\/ld+json\" class=\"yoast-schema-graph\">{\"@context\":\"https:\/\/schema.org\",\"@graph\":[{\"@type\":\"Article\",\"@id\":\"https:\/\/kapitalis.com\/tunisie\/2021\/10\/23\/tunisie-la-ftf-solidaire-avec-maher-karoui-president-de-letoile-du-sahel-agresse-par-des-policiers\/#article\",\"isPartOf\":{\"@id\":\"https:\/\/kapitalis.com\/tunisie\/2021\/10\/23\/tunisie-la-ftf-solidaire-avec-maher-karoui-president-de-letoile-du-sahel-agresse-par-des-policiers\/\"},\"author\":{\"name\":\"Yusra NY\",\"@id\":\"https:\/\/kapitalis.com\/tunisie\/#\/schema\/person\/74bbde0154d49d790a92aaeac5bc01d5\"},\"headline\":\"Tunisie : La FTF solidaire avec Maher Karoui, pr\u00e9sident de l\u2019\u00c9toile du Sahel, agress\u00e9 par des policiers\",\"datePublished\":\"2021-10-23T16:18:55+00:00\",\"dateModified\":\"2021-10-23T16:23:06+00:00\",\"mainEntityOfPage\":{\"@id\":\"https:\/\/kapitalis.com\/tunisie\/2021\/10\/23\/tunisie-la-ftf-solidaire-avec-maher-karoui-president-de-letoile-du-sahel-agresse-par-des-policiers\/\"},\"wordCount\":232,\"commentCount\":0,\"publisher\":{\"@id\":\"https:\/\/kapitalis.com\/tunisie\/#organization\"},\"image\":{\"@id\":\"https:\/\/kapitalis.com\/tunisie\/2021\/10\/23\/tunisie-la-ftf-solidaire-avec-maher-karoui-president-de-letoile-du-sahel-agresse-par-des-policiers\/#primaryimage\"},\"thumbnailUrl\":\"\",\"keywords\":[\"Etoile sportive du Sahel\",\"Maher Karoui\",\"Tunisie\"],\"articleSection\":[\"SPORT\",\"Tunisie\"],\"inLanguage\":\"fr-FR\",\"potentialAction\":[{\"@type\":\"CommentAction\",\"name\":\"Comment\",\"target\":[\"https:\/\/kapitalis.com\/tunisie\/2021\/10\/23\/tunisie-la-ftf-solidaire-avec-maher-karoui-president-de-letoile-du-sahel-agresse-par-des-policiers\/#respond\"]}]},{\"@type\":\"WebPage\",\"@id\":\"https:\/\/kapitalis.com\/tunisie\/2021\/10\/23\/tunisie-la-ftf-solidaire-avec-maher-karoui-president-de-letoile-du-sahel-agresse-par-des-policiers\/\",\"url\":\"https:\/\/kapitalis.com\/tunisie\/2021\/10\/23\/tunisie-la-ftf-solidaire-avec-maher-karoui-president-de-letoile-du-sahel-agresse-par-des-policiers\/\",\"name\":\"Tunisie : La FTF solidaire avec Maher Karoui, pr\u00e9sident de l\u2019\u00c9toile du Sahel, agress\u00e9 par des policiers - Kapitalis\",\"isPartOf\":{\"@id\":\"https:\/\/kapitalis.com\/tunisie\/#website\"},\"primaryImageOfPage\":{\"@id\":\"https:\/\/kapitalis.com\/tunisie\/2021\/10\/23\/tunisie-la-ftf-solidaire-avec-maher-karoui-president-de-letoile-du-sahel-agresse-par-des-policiers\/#primaryimage\"},\"image\":{\"@id\":\"https:\/\/kapitalis.com\/tunisie\/2021\/10\/23\/tunisie-la-ftf-solidaire-avec-maher-karoui-president-de-letoile-du-sahel-agresse-par-des-policiers\/#primaryimage\"},\"thumbnailUrl\":\"\",\"datePublished\":\"2021-10-23T16:18:55+00:00\",\"dateModified\":\"2021-10-23T16:23:06+00:00\",\"breadcrumb\":{\"@id\":\"https:\/\/kapitalis.com\/tunisie\/2021\/10\/23\/tunisie-la-ftf-solidaire-avec-maher-karoui-president-de-letoile-du-sahel-agresse-par-des-policiers\/#breadcrumb\"},\"inLanguage\":\"fr-FR\",\"potentialAction\":[{\"@type\":\"ReadAction\",\"target\":[\"https:\/\/kapitalis.com\/tunisie\/2021\/10\/23\/tunisie-la-ftf-solidaire-avec-maher-karoui-president-de-letoile-du-sahel-agresse-par-des-policiers\/\"]}]},{\"@type\":\"ImageObject\",\"inLanguage\":\"fr-FR\",\"@id\":\"https:\/\/kapitalis.com\/tunisie\/2021\/10\/23\/tunisie-la-ftf-solidaire-avec-maher-karoui-president-de-letoile-du-sahel-agresse-par-des-policiers\/#primaryimage\",\"url\":\"\",\"contentUrl\":\"\"},{\"@type\":\"BreadcrumbList\",\"@id\":\"https:\/\/kapitalis.com\/tunisie\/2021\/10\/23\/tunisie-la-ftf-solidaire-avec-maher-karoui-president-de-letoile-du-sahel-agresse-par-des-policiers\/#breadcrumb\",\"itemListElement\":[{\"@type\":\"ListItem\",\"position\":1,\"name\":\"Accueil\",\"item\":\"https:\/\/kapitalis.com\/tunisie\/\"},{\"@type\":\"ListItem\",\"position\":2,\"name\":\"Tunisie : La FTF solidaire avec Maher Karoui, pr\u00e9sident de l\u2019\u00c9toile du Sahel, agress\u00e9 par des policiers\"}]},{\"@type\":\"WebSite\",\"@id\":\"https:\/\/kapitalis.com\/tunisie\/#website\",\"url\":\"https:\/\/kapitalis.com\/tunisie\/\",\"name\":\"Kapitalis\",\"description\":\"L&#039;actualit\u00e9 en Tunisie et dans le monde\",\"publisher\":{\"@id\":\"https:\/\/kapitalis.com\/tunisie\/#organization\"},\"potentialAction\":[{\"@type\":\"SearchAction\",\"target\":{\"@type\":\"EntryPoint\",\"urlTemplate\":\"https:\/\/kapitalis.com\/tunisie\/?s={search_term_string}\"},\"query-input\":{\"@type\":\"PropertyValueSpecification\",\"valueRequired\":true,\"valueName\":\"search_term_string\"}}],\"inLanguage\":\"fr-FR\"},{\"@type\":\"Organization\",\"@id\":\"https:\/\/kapitalis.com\/tunisie\/#organization\",\"name\":\"Kapitalis\",\"url\":\"https:\/\/kapitalis.com\/tunisie\/\",\"logo\":{\"@type\":\"ImageObject\",\"inLanguage\":\"fr-FR\",\"@id\":\"https:\/\/kapitalis.com\/tunisie\/#\/schema\/logo\/image\/\",\"url\":\"https:\/\/kapitalis.com\/tunisie\/wp-content\/uploads\/2022\/05\/Kapitalis-big-size.png\",\"contentUrl\":\"https:\/\/kapitalis.com\/tunisie\/wp-content\/uploads\/2022\/05\/Kapitalis-big-size.png\",\"width\":5000,\"height\":1500,\"caption\":\"Kapitalis\"},\"image\":{\"@id\":\"https:\/\/kapitalis.com\/tunisie\/#\/schema\/logo\/image\/\"},\"sameAs\":[\"https:\/\/www.facebook.com\/KapitalisInfo\/\",\"https:\/\/x.com\/KapitalisInfo\",\"https:\/\/www.youtube.com\/channel\/UC-yDYrHyfFBWWZaOw3FPg9Q\"]},{\"@type\":\"Person\",\"@id\":\"https:\/\/kapitalis.com\/tunisie\/#\/schema\/person\/74bbde0154d49d790a92aaeac5bc01d5\",\"name\":\"Yusra NY\",\"url\":\"https:\/\/kapitalis.com\/tunisie\/author\/yuza_adam\/\"}]}<\/script>\n<!-- \/ Yoast SEO plugin. -->","yoast_head_json":{"title":"Tunisie : La FTF solidaire avec Maher Karoui, pr\u00e9sident de l\u2019\u00c9toile du Sahel, agress\u00e9 par des policiers - Kapitalis","robots":{"index":"index","follow":"follow","max-snippet":"max-snippet:-1","max-image-preview":"max-image-preview:large","max-video-preview":"max-video-preview:-1"},"canonical":"https:\/\/kapitalis.com\/tunisie\/2021\/10\/23\/tunisie-la-ftf-solidaire-avec-maher-karoui-president-de-letoile-du-sahel-agresse-par-des-policiers\/","og_locale":"fr_FR","og_type":"article","og_title":"Tunisie : La FTF solidaire avec Maher Karoui, pr\u00e9sident de l\u2019\u00c9toile du Sahel, agress\u00e9 par des policiers - Kapitalis","og_description":"La F\u00e9d\u00e9ration tunisienne de football (FTF) a exprim\u00e9 sa totale solidarit\u00e9 avec le pr\u00e9sident de l&rsquo;Etoile sportive du Sahel (ESS), Maher Karoui, agress\u00e9, cet apr\u00e8s-midi, samedi 23 octobre 2021, par des policiers devant le stade Mustapha Ben Jennet, \u00e0 Monastir.","og_url":"https:\/\/kapitalis.com\/tunisie\/2021\/10\/23\/tunisie-la-ftf-solidaire-avec-maher-karoui-president-de-letoile-du-sahel-agresse-par-des-policiers\/","og_site_name":"Kapitalis","article_publisher":"https:\/\/www.facebook.com\/KapitalisInfo\/","article_published_time":"2021-10-23T16:18:55+00:00","article_modified_time":"2021-10-23T16:23:06+00:00","og_image":[{"width":1200,"height":630,"url":"https:\/\/kapitalis.com\/tunisie\/wp-content\/uploads\/2022\/05\/kapitalis-logo-fb.png","type":"image\/png"}],"author":"Yusra NY","twitter_card":"summary_large_image","twitter_creator":"@KapitalisInfo","twitter_site":"@KapitalisInfo","twitter_misc":{"\u00c9crit par":"Yusra NY","Dur\u00e9e de lecture estim\u00e9e":"1 minute"},"schema":{"@context":"https:\/\/schema.org","@graph":[{"@type":"Article","@id":"https:\/\/kapitalis.com\/tunisie\/2021\/10\/23\/tunisie-la-ftf-solidaire-avec-maher-karoui-president-de-letoile-du-sahel-agresse-par-des-policiers\/#article","isPartOf":{"@id":"https:\/\/kapitalis.com\/tunisie\/2021\/10\/23\/tunisie-la-ftf-solidaire-avec-maher-karoui-president-de-letoile-du-sahel-agresse-par-des-policiers\/"},"author":{"name":"Yusra NY","@id":"https:\/\/kapitalis.com\/tunisie\/#\/schema\/person\/74bbde0154d49d790a92aaeac5bc01d5"},"headline":"Tunisie : La FTF solidaire avec Maher Karoui, pr\u00e9sident de l\u2019\u00c9toile du Sahel, agress\u00e9 par des policiers","datePublished":"2021-10-23T16:18:55+00:00","dateModified":"2021-10-23T16:23:06+00:00","mainEntityOfPage":{"@id":"https:\/\/kapitalis.com\/tunisie\/2021\/10\/23\/tunisie-la-ftf-solidaire-avec-maher-karoui-president-de-letoile-du-sahel-agresse-par-des-policiers\/"},"wordCount":232,"commentCount":0,"publisher":{"@id":"https:\/\/kapitalis.com\/tunisie\/#organization"},"image":{"@id":"https:\/\/kapitalis.com\/tunisie\/2021\/10\/23\/tunisie-la-ftf-solidaire-avec-maher-karoui-president-de-letoile-du-sahel-agresse-par-des-policiers\/#primaryimage"},"thumbnailUrl":"","keywords":["Etoile sportive du Sahel","Maher Karoui","Tunisie"],"articleSection":["SPORT","Tunisie"],"inLanguage":"fr-FR","potentialAction":[{"@type":"CommentAction","name":"Comment","target":["https:\/\/kapitalis.com\/tunisie\/2021\/10\/23\/tunisie-la-ftf-solidaire-avec-maher-karoui-president-de-letoile-du-sahel-agresse-par-des-policiers\/#respond"]}]},{"@type":"WebPage","@id":"https:\/\/kapitalis.com\/tunisie\/2021\/10\/23\/tunisie-la-ftf-solidaire-avec-maher-karoui-president-de-letoile-du-sahel-agresse-par-des-policiers\/","url":"https:\/\/kapitalis.com\/tunisie\/2021\/10\/23\/tunisie-la-ftf-solidaire-avec-maher-karoui-president-de-letoile-du-sahel-agresse-par-des-policiers\/","name":"Tunisie : La FTF solidaire avec Maher Karoui, pr\u00e9sident de l\u2019\u00c9toile du Sahel, agress\u00e9 par des policiers - Kapitalis","isPartOf":{"@id":"https:\/\/kapitalis.com\/tunisie\/#website"},"primaryImageOfPage":{"@id":"https:\/\/kapitalis.com\/tunisie\/2021\/10\/23\/tunisie-la-ftf-solidaire-avec-maher-karoui-president-de-letoile-du-sahel-agresse-par-des-policiers\/#primaryimage"},"image":{"@id":"https:\/\/kapitalis.com\/tunisie\/2021\/10\/23\/tunisie-la-ftf-solidaire-avec-maher-karoui-president-de-letoile-du-sahel-agresse-par-des-policiers\/#primaryimage"},"thumbnailUrl":"","datePublished":"2021-10-23T16:18:55+00:00","dateModified":"2021-10-23T16:23:06+00:00","breadcrumb":{"@id":"https:\/\/kapitalis.com\/tunisie\/2021\/10\/23\/tunisie-la-ftf-solidaire-avec-maher-karoui-president-de-letoile-du-sahel-agresse-par-des-policiers\/#breadcrumb"},"inLanguage":"fr-FR","potentialAction":[{"@type":"ReadAction","target":["https:\/\/kapitalis.com\/tunisie\/2021\/10\/23\/tunisie-la-ftf-solidaire-avec-maher-karoui-president-de-letoile-du-sahel-agresse-par-des-policiers\/"]}]},{"@type":"ImageObject","inLanguage":"fr-FR","@id":"https:\/\/kapitalis.com\/tunisie\/2021\/10\/23\/tunisie-la-ftf-solidaire-avec-maher-karoui-president-de-letoile-du-sahel-agresse-par-des-policiers\/#primaryimage","url":"","contentUrl":""},{"@type":"BreadcrumbList","@id":"https:\/\/kapitalis.com\/tunisie\/2021\/10\/23\/tunisie-la-ftf-solidaire-avec-maher-karoui-president-de-letoile-du-sahel-agresse-par-des-policiers\/#breadcrumb","itemListElement":[{"@type":"ListItem","position":1,"name":"Accueil","item":"https:\/\/kapitalis.com\/tunisie\/"},{"@type":"ListItem","position":2,"name":"Tunisie : La FTF solidaire avec Maher Karoui, pr\u00e9sident de l\u2019\u00c9toile du Sahel, agress\u00e9 par des policiers"}]},{"@type":"WebSite","@id":"https:\/\/kapitalis.com\/tunisie\/#website","url":"https:\/\/kapitalis.com\/tunisie\/","name":"Kapitalis","description":"L&#039;actualit\u00e9 en Tunisie et dans le monde","publisher":{"@id":"https:\/\/kapitalis.com\/tunisie\/#organization"},"potentialAction":[{"@type":"SearchAction","target":{"@type":"EntryPoint","urlTemplate":"https:\/\/kapitalis.com\/tunisie\/?s={search_term_string}"},"query-input":{"@type":"PropertyValueSpecification","valueRequired":true,"valueName":"search_term_string"}}],"inLanguage":"fr-FR"},{"@type":"Organization","@id":"https:\/\/kapitalis.com\/tunisie\/#organization","name":"Kapitalis","url":"https:\/\/kapitalis.com\/tunisie\/","logo":{"@type":"ImageObject","inLanguage":"fr-FR","@id":"https:\/\/kapitalis.com\/tunisie\/#\/schema\/logo\/image\/","url":"https:\/\/kapitalis.com\/tunisie\/wp-content\/uploads\/2022\/05\/Kapitalis-big-size.png","contentUrl":"https:\/\/kapitalis.com\/tunisie\/wp-content\/uploads\/2022\/05\/Kapitalis-big-size.png","width":5000,"height":1500,"caption":"Kapitalis"},"image":{"@id":"https:\/\/kapitalis.com\/tunisie\/#\/schema\/logo\/image\/"},"sameAs":["https:\/\/www.facebook.com\/KapitalisInfo\/","https:\/\/x.com\/KapitalisInfo","https:\/\/www.youtube.com\/channel\/UC-yDYrHyfFBWWZaOw3FPg9Q"]},{"@type":"Person","@id":"https:\/\/kapitalis.com\/tunisie\/#\/schema\/person\/74bbde0154d49d790a92aaeac5bc01d5","name":"Yusra NY","url":"https:\/\/kapitalis.com\/tunisie\/author\/yuza_adam\/"}]}},"_links":{"self":[{"href":"https:\/\/kapitalis.com\/tunisie\/wp-json\/wp\/v2\/posts\/367177","targetHints":{"allow":["GET"]}}],"collection":[{"href":"https:\/\/kapitalis.com\/tunisie\/wp-json\/wp\/v2\/posts"}],"about":[{"href":"https:\/\/kapitalis.com\/tunisie\/wp-json\/wp\/v2\/types\/post"}],"author":[{"embeddable":true,"href":"https:\/\/kapitalis.com\/tunisie\/wp-json\/wp\/v2\/users\/6"}],"replies":[{"embeddable":true,"href":"https:\/\/kapitalis.com\/tunisie\/wp-json\/wp\/v2\/comments?post=367177"}],"version-history":[{"count":0,"href":"https:\/\/kapitalis.com\/tunisie\/wp-json\/wp\/v2\/posts\/367177\/revisions"}],"wp:featuredmedia":[{"embeddable":true,"href":"https:\/\/kapitalis.com\/tunisie\/wp-json\/wp\/v2\/media\/367180"}],"wp:attachment":[{"href":"https:\/\/kapitalis.com\/tunisie\/wp-json\/wp\/v2\/media?parent=367177"}],"wp:term":[{"taxonomy":"category","embeddable":true,"href":"https:\/\/kapitalis.com\/tunisie\/wp-json\/wp\/v2\/categories?post=367177"},{"taxonomy":"post_tag","embeddable":true,"href":"https:\/\/kapitalis.com\/tunisie\/wp-json\/wp\/v2\/tags?post=367177"}],"curies":[{"name":"wp","href":"https:\/\/api.w.org\/{rel}","templated":true}]}}