{"id":36719,"date":"2016-01-26T14:22:56","date_gmt":"2016-01-26T13:22:56","guid":{"rendered":"http:\/\/kapitalis.com\/tunisie\/?p=36719"},"modified":"2016-01-26T14:25:47","modified_gmt":"2016-01-26T13:25:47","slug":"festival-de-lart-de-vivre-et-du-patrimoine","status":"publish","type":"post","link":"https:\/\/kapitalis.com\/tunisie\/2016\/01\/26\/festival-de-lart-de-vivre-et-du-patrimoine\/","title":{"rendered":"Festival de l\u2019art de vivre et du patrimoine"},"content":{"rendered":"<p><img loading=\"lazy\" decoding=\"async\" class=\"alignnone size-full wp-image-36720 aligncenter\" src=\"http:\/\/kapitalis.com\/tunisie\/wp-content\/uploads\/2016\/01\/Festival-Art-de-vivre.jpg\" alt=\"Festival-Art-de-vivre\" width=\"626\" height=\"380\" \/><\/p>\n<p><em><strong>La 2e \u00e9dition du Festival de l\u2019art de vivre et du patrimoine s\u2019est tenue du 20 au 24 janvier 2016, au parc des expositions du Kram, au nord de Tunis.<\/strong> <\/em><\/p>\n<p>Par<strong> Wajdi Msaed<\/strong><\/p>\n<p><!--more--><\/p>\n<p><em>\u00abLa Tunisie demeure toujours un carrefour de civilisations et de cultures o\u00f9 l\u2019artisanat a jou\u00e9 un grand r\u00f4le dans le rapprochement des peuples et l\u2019interactivit\u00e9 entre les cultures\u00bb<\/em>, a d\u00e9clar\u00e9 Sonia Ben Mrad fondatrice et directrice de ce festival, qui, a-t-elle ajout\u00e9, \u00ab<em>a constitu\u00e9 une occasion propice pour les artistes, les hommes de culture, les architectes, les designers et tous ceux qui touchent de pr\u00e8s ou de loin au patrimoine sous toutes ses formes, de se rencontrer et d\u2019\u00e9changer leurs exp\u00e9riences en vue d\u2019enrichir leur savoir-faire dans la pr\u00e9servation du patrimoine et de d\u00e9velopper de nouveaux proc\u00e9d\u00e9s artistiques et techniques\u00bb.<\/em><\/p>\n<p><strong>Richesse du patrimoine, importance de l\u2019artisanat <\/strong><\/p>\n<p>Tout en rappelant la richesse du patrimoine de la Tunisie, trois fois mill\u00e9naire, la ministre du Tourisme et de l\u2019Artisanat, Selma Elloumi-Rekik, a soulign\u00e9 le grand apport de l\u2019artisanat sur les plans \u00e9conomique et social.<\/p>\n<p><em>\u00abL\u2019artisanat, qui participe \u00e0 concurrence de 3% du PIB, joue un r\u00f4le crucial dans le d\u00e9veloppement r\u00e9gional et sur le march\u00e9 de l\u2019emploi\u00bb,<\/em> a pr\u00e9cis\u00e9 Mme Elloumi-Rekik, en rappelant que 70% des effectifs op\u00e9rant dans ce secteur sont des femmes. Raison pour laquelle, l\u2019artisanat demeure au c\u0153ur de la strat\u00e9gie de d\u00e9veloppement adopt\u00e9e par le gouvernement, a-t-elle ajout\u00e9.<\/p>\n<p>Plusieurs m\u00e9canismes ont ainsi \u00e9t\u00e9 mis en place pour soutenir les initiatives dans ce domaine, comme l\u2019octroi de micro-cr\u00e9dits aux artisan(e)s ou l\u2019aide \u00e0 la participation aux expositions de promotion dans le pays et \u00e0 l\u2019\u00e9tranger, a encore soulign\u00e9 la ministre.<\/p>\n<p style=\"text-align: center;\"><img loading=\"lazy\" decoding=\"async\" class=\"alignnone size-full wp-image-36722\" src=\"http:\/\/kapitalis.com\/tunisie\/wp-content\/uploads\/2016\/01\/Selma-Elloumi-et-Francois-Gouyette.jpg\" alt=\"Selma-Elloumi-et-Francois-Gouyette\" width=\"500\" height=\"300\" \/><\/p>\n<p style=\"text-align: center;\"><em>Selma Elloumi-Rekik et l&rsquo;ambassadeur de France \u00e0 Tunis, Fran\u00e7ois Gouyette.<\/em><\/p>\n<p><strong>Le cr\u00e9neau du commerce solidaire<\/strong><\/p>\n<p>Pour sa part, Martine Pinville, secr\u00e9taire d\u2019Etat fran\u00e7aise charg\u00e9e du Commerce, de l\u2019Artisanat, de la Consommation et de l\u2019Economie sociale et solidaire, s\u2019est f\u00e9licit\u00e9 de la qualit\u00e9 des relations de coop\u00e9ration entre la France et la Tunisie dans les domaines du commerce et de l\u2019artisanat, tout en appelant \u00e0 conjuguer davantage les efforts en vue de donner plus d\u2019\u00e9clat aux activit\u00e9s artisanales \u00e0 travers le d\u00e9veloppement du commerce solidaire.<\/p>\n<p>Outre l\u2019exposition des produits artisanaux, des chefs-d\u2019\u0153uvre du patrimoine et des projets d\u2019ornement v\u00e9g\u00e9tal et \u00e0 base de c\u00e9ramique, r\u00e9alis\u00e9s en Tunisie et dans plusieurs autres pays, un troph\u00e9e a \u00e9t\u00e9 remis, \u00e0 cette occasion, \u00e0 plusieurs participants, notamment Martine Pinville, Nawel Rayenne, directrice de la chaine alg\u00e9rienne Benna, Leila Araghian, architecte\u00a0 du fameux pont v\u00e9g\u00e9tal Tabiat Bridge en Iran, Quentin Danset, responsable de la gastronomie \u00e0 Kimpinski Palace \u00e0 Istanboul (Turquie).<\/p>\n","protected":false},"excerpt":{"rendered":"<p>La 2e \u00e9dition du Festival de l\u2019art de vivre et du patrimoine s\u2019est tenue du 20 au 24 janvier 2016, au parc des expositions du Kram, au nord de Tunis. Par Wajdi Msaed<\/p>\n","protected":false},"author":8,"featured_media":36720,"comment_status":"open","ping_status":"open","sticky":false,"template":"","format":"standard","meta":{"footnotes":""},"categories":[992,994,2433],"tags":[89,397,697,819],"class_list":["post-36719","post","type-post","status-publish","format-standard","has-post-thumbnail","hentry","category-a-la-une","category-culture","category-tunisie","tag-artisanat","tag-francois-gouyette","tag-patrimoine","tag-selma-elloumi-rekik"],"yoast_head":"<!-- This site is optimized with the Yoast SEO plugin v26.6 - https:\/\/yoast.com\/wordpress\/plugins\/seo\/ -->\n<title>Festival de l\u2019art de vivre et du patrimoine - Kapitalis<\/title>\n<meta name=\"robots\" content=\"index, follow, max-snippet:-1, max-image-preview:large, max-video-preview:-1\" \/>\n<link rel=\"canonical\" href=\"https:\/\/kapitalis.com\/tunisie\/2016\/01\/26\/festival-de-lart-de-vivre-et-du-patrimoine\/\" \/>\n<meta property=\"og:locale\" content=\"fr_FR\" \/>\n<meta property=\"og:type\" content=\"article\" \/>\n<meta property=\"og:title\" content=\"Festival de l\u2019art de vivre et du patrimoine - Kapitalis\" \/>\n<meta property=\"og:description\" content=\"La 2e \u00e9dition du Festival de l\u2019art de vivre et du patrimoine s\u2019est tenue du 20 au 24 janvier 2016, au parc des expositions du Kram, au nord de Tunis. Par Wajdi Msaed\" \/>\n<meta property=\"og:url\" content=\"https:\/\/kapitalis.com\/tunisie\/2016\/01\/26\/festival-de-lart-de-vivre-et-du-patrimoine\/\" \/>\n<meta property=\"og:site_name\" content=\"Kapitalis\" \/>\n<meta property=\"article:publisher\" content=\"https:\/\/www.facebook.com\/KapitalisInfo\/\" \/>\n<meta property=\"article:published_time\" content=\"2016-01-26T13:22:56+00:00\" \/>\n<meta property=\"article:modified_time\" content=\"2016-01-26T13:25:47+00:00\" \/>\n<meta property=\"og:image\" content=\"https:\/\/kapitalis.com\/tunisie\/wp-content\/uploads\/2022\/05\/kapitalis-logo-fb.png\" \/>\n\t<meta property=\"og:image:width\" content=\"1200\" \/>\n\t<meta property=\"og:image:height\" content=\"630\" \/>\n\t<meta property=\"og:image:type\" content=\"image\/png\" \/>\n<meta name=\"author\" content=\"webmaster kapitalis\" \/>\n<meta name=\"twitter:card\" content=\"summary_large_image\" \/>\n<meta name=\"twitter:creator\" content=\"@KapitalisInfo\" \/>\n<meta name=\"twitter:site\" content=\"@KapitalisInfo\" \/>\n<meta name=\"twitter:label1\" content=\"\u00c9crit par\" \/>\n\t<meta name=\"twitter:data1\" content=\"webmaster kapitalis\" \/>\n\t<meta name=\"twitter:label2\" content=\"Dur\u00e9e de lecture estim\u00e9e\" \/>\n\t<meta name=\"twitter:data2\" content=\"2 minutes\" \/>\n<script type=\"application\/ld+json\" class=\"yoast-schema-graph\">{\"@context\":\"https:\/\/schema.org\",\"@graph\":[{\"@type\":\"Article\",\"@id\":\"https:\/\/kapitalis.com\/tunisie\/2016\/01\/26\/festival-de-lart-de-vivre-et-du-patrimoine\/#article\",\"isPartOf\":{\"@id\":\"https:\/\/kapitalis.com\/tunisie\/2016\/01\/26\/festival-de-lart-de-vivre-et-du-patrimoine\/\"},\"author\":{\"name\":\"webmaster kapitalis\",\"@id\":\"https:\/\/kapitalis.com\/tunisie\/#\/schema\/person\/d71f33a9ca44f7bad4698210b480c8e9\"},\"headline\":\"Festival de l\u2019art de vivre et du patrimoine\",\"datePublished\":\"2016-01-26T13:22:56+00:00\",\"dateModified\":\"2016-01-26T13:25:47+00:00\",\"mainEntityOfPage\":{\"@id\":\"https:\/\/kapitalis.com\/tunisie\/2016\/01\/26\/festival-de-lart-de-vivre-et-du-patrimoine\/\"},\"wordCount\":486,\"commentCount\":0,\"publisher\":{\"@id\":\"https:\/\/kapitalis.com\/tunisie\/#organization\"},\"image\":{\"@id\":\"https:\/\/kapitalis.com\/tunisie\/2016\/01\/26\/festival-de-lart-de-vivre-et-du-patrimoine\/#primaryimage\"},\"thumbnailUrl\":\"\",\"keywords\":[\"artisanat\",\"Fran\u00e7ois Gouyette\",\"patrimoine\",\"Selma Elloumi Rekik\"],\"articleSection\":[\"A LA UNE\",\"CULTURE\",\"Tunisie\"],\"inLanguage\":\"fr-FR\",\"potentialAction\":[{\"@type\":\"CommentAction\",\"name\":\"Comment\",\"target\":[\"https:\/\/kapitalis.com\/tunisie\/2016\/01\/26\/festival-de-lart-de-vivre-et-du-patrimoine\/#respond\"]}]},{\"@type\":\"WebPage\",\"@id\":\"https:\/\/kapitalis.com\/tunisie\/2016\/01\/26\/festival-de-lart-de-vivre-et-du-patrimoine\/\",\"url\":\"https:\/\/kapitalis.com\/tunisie\/2016\/01\/26\/festival-de-lart-de-vivre-et-du-patrimoine\/\",\"name\":\"Festival de l\u2019art de vivre et du patrimoine - Kapitalis\",\"isPartOf\":{\"@id\":\"https:\/\/kapitalis.com\/tunisie\/#website\"},\"primaryImageOfPage\":{\"@id\":\"https:\/\/kapitalis.com\/tunisie\/2016\/01\/26\/festival-de-lart-de-vivre-et-du-patrimoine\/#primaryimage\"},\"image\":{\"@id\":\"https:\/\/kapitalis.com\/tunisie\/2016\/01\/26\/festival-de-lart-de-vivre-et-du-patrimoine\/#primaryimage\"},\"thumbnailUrl\":\"\",\"datePublished\":\"2016-01-26T13:22:56+00:00\",\"dateModified\":\"2016-01-26T13:25:47+00:00\",\"breadcrumb\":{\"@id\":\"https:\/\/kapitalis.com\/tunisie\/2016\/01\/26\/festival-de-lart-de-vivre-et-du-patrimoine\/#breadcrumb\"},\"inLanguage\":\"fr-FR\",\"potentialAction\":[{\"@type\":\"ReadAction\",\"target\":[\"https:\/\/kapitalis.com\/tunisie\/2016\/01\/26\/festival-de-lart-de-vivre-et-du-patrimoine\/\"]}]},{\"@type\":\"ImageObject\",\"inLanguage\":\"fr-FR\",\"@id\":\"https:\/\/kapitalis.com\/tunisie\/2016\/01\/26\/festival-de-lart-de-vivre-et-du-patrimoine\/#primaryimage\",\"url\":\"\",\"contentUrl\":\"\"},{\"@type\":\"BreadcrumbList\",\"@id\":\"https:\/\/kapitalis.com\/tunisie\/2016\/01\/26\/festival-de-lart-de-vivre-et-du-patrimoine\/#breadcrumb\",\"itemListElement\":[{\"@type\":\"ListItem\",\"position\":1,\"name\":\"Accueil\",\"item\":\"https:\/\/kapitalis.com\/tunisie\/\"},{\"@type\":\"ListItem\",\"position\":2,\"name\":\"Festival de l\u2019art de vivre et du patrimoine\"}]},{\"@type\":\"WebSite\",\"@id\":\"https:\/\/kapitalis.com\/tunisie\/#website\",\"url\":\"https:\/\/kapitalis.com\/tunisie\/\",\"name\":\"Kapitalis\",\"description\":\"L&#039;actualit\u00e9 en Tunisie et dans le monde\",\"publisher\":{\"@id\":\"https:\/\/kapitalis.com\/tunisie\/#organization\"},\"potentialAction\":[{\"@type\":\"SearchAction\",\"target\":{\"@type\":\"EntryPoint\",\"urlTemplate\":\"https:\/\/kapitalis.com\/tunisie\/?s={search_term_string}\"},\"query-input\":{\"@type\":\"PropertyValueSpecification\",\"valueRequired\":true,\"valueName\":\"search_term_string\"}}],\"inLanguage\":\"fr-FR\"},{\"@type\":\"Organization\",\"@id\":\"https:\/\/kapitalis.com\/tunisie\/#organization\",\"name\":\"Kapitalis\",\"url\":\"https:\/\/kapitalis.com\/tunisie\/\",\"logo\":{\"@type\":\"ImageObject\",\"inLanguage\":\"fr-FR\",\"@id\":\"https:\/\/kapitalis.com\/tunisie\/#\/schema\/logo\/image\/\",\"url\":\"https:\/\/kapitalis.com\/tunisie\/wp-content\/uploads\/2022\/05\/Kapitalis-big-size.png\",\"contentUrl\":\"https:\/\/kapitalis.com\/tunisie\/wp-content\/uploads\/2022\/05\/Kapitalis-big-size.png\",\"width\":5000,\"height\":1500,\"caption\":\"Kapitalis\"},\"image\":{\"@id\":\"https:\/\/kapitalis.com\/tunisie\/#\/schema\/logo\/image\/\"},\"sameAs\":[\"https:\/\/www.facebook.com\/KapitalisInfo\/\",\"https:\/\/x.com\/KapitalisInfo\",\"https:\/\/www.youtube.com\/channel\/UC-yDYrHyfFBWWZaOw3FPg9Q\"]},{\"@type\":\"Person\",\"@id\":\"https:\/\/kapitalis.com\/tunisie\/#\/schema\/person\/d71f33a9ca44f7bad4698210b480c8e9\",\"name\":\"webmaster kapitalis\",\"url\":\"https:\/\/kapitalis.com\/tunisie\/author\/webmaster-kapitalis\/\"}]}<\/script>\n<!-- \/ Yoast SEO plugin. -->","yoast_head_json":{"title":"Festival de l\u2019art de vivre et du patrimoine - Kapitalis","robots":{"index":"index","follow":"follow","max-snippet":"max-snippet:-1","max-image-preview":"max-image-preview:large","max-video-preview":"max-video-preview:-1"},"canonical":"https:\/\/kapitalis.com\/tunisie\/2016\/01\/26\/festival-de-lart-de-vivre-et-du-patrimoine\/","og_locale":"fr_FR","og_type":"article","og_title":"Festival de l\u2019art de vivre et du patrimoine - Kapitalis","og_description":"La 2e \u00e9dition du Festival de l\u2019art de vivre et du patrimoine s\u2019est tenue du 20 au 24 janvier 2016, au parc des expositions du Kram, au nord de Tunis. Par Wajdi Msaed","og_url":"https:\/\/kapitalis.com\/tunisie\/2016\/01\/26\/festival-de-lart-de-vivre-et-du-patrimoine\/","og_site_name":"Kapitalis","article_publisher":"https:\/\/www.facebook.com\/KapitalisInfo\/","article_published_time":"2016-01-26T13:22:56+00:00","article_modified_time":"2016-01-26T13:25:47+00:00","og_image":[{"width":1200,"height":630,"url":"https:\/\/kapitalis.com\/tunisie\/wp-content\/uploads\/2022\/05\/kapitalis-logo-fb.png","type":"image\/png"}],"author":"webmaster kapitalis","twitter_card":"summary_large_image","twitter_creator":"@KapitalisInfo","twitter_site":"@KapitalisInfo","twitter_misc":{"\u00c9crit par":"webmaster kapitalis","Dur\u00e9e de lecture estim\u00e9e":"2 minutes"},"schema":{"@context":"https:\/\/schema.org","@graph":[{"@type":"Article","@id":"https:\/\/kapitalis.com\/tunisie\/2016\/01\/26\/festival-de-lart-de-vivre-et-du-patrimoine\/#article","isPartOf":{"@id":"https:\/\/kapitalis.com\/tunisie\/2016\/01\/26\/festival-de-lart-de-vivre-et-du-patrimoine\/"},"author":{"name":"webmaster kapitalis","@id":"https:\/\/kapitalis.com\/tunisie\/#\/schema\/person\/d71f33a9ca44f7bad4698210b480c8e9"},"headline":"Festival de l\u2019art de vivre et du patrimoine","datePublished":"2016-01-26T13:22:56+00:00","dateModified":"2016-01-26T13:25:47+00:00","mainEntityOfPage":{"@id":"https:\/\/kapitalis.com\/tunisie\/2016\/01\/26\/festival-de-lart-de-vivre-et-du-patrimoine\/"},"wordCount":486,"commentCount":0,"publisher":{"@id":"https:\/\/kapitalis.com\/tunisie\/#organization"},"image":{"@id":"https:\/\/kapitalis.com\/tunisie\/2016\/01\/26\/festival-de-lart-de-vivre-et-du-patrimoine\/#primaryimage"},"thumbnailUrl":"","keywords":["artisanat","Fran\u00e7ois Gouyette","patrimoine","Selma Elloumi Rekik"],"articleSection":["A LA UNE","CULTURE","Tunisie"],"inLanguage":"fr-FR","potentialAction":[{"@type":"CommentAction","name":"Comment","target":["https:\/\/kapitalis.com\/tunisie\/2016\/01\/26\/festival-de-lart-de-vivre-et-du-patrimoine\/#respond"]}]},{"@type":"WebPage","@id":"https:\/\/kapitalis.com\/tunisie\/2016\/01\/26\/festival-de-lart-de-vivre-et-du-patrimoine\/","url":"https:\/\/kapitalis.com\/tunisie\/2016\/01\/26\/festival-de-lart-de-vivre-et-du-patrimoine\/","name":"Festival de l\u2019art de vivre et du patrimoine - Kapitalis","isPartOf":{"@id":"https:\/\/kapitalis.com\/tunisie\/#website"},"primaryImageOfPage":{"@id":"https:\/\/kapitalis.com\/tunisie\/2016\/01\/26\/festival-de-lart-de-vivre-et-du-patrimoine\/#primaryimage"},"image":{"@id":"https:\/\/kapitalis.com\/tunisie\/2016\/01\/26\/festival-de-lart-de-vivre-et-du-patrimoine\/#primaryimage"},"thumbnailUrl":"","datePublished":"2016-01-26T13:22:56+00:00","dateModified":"2016-01-26T13:25:47+00:00","breadcrumb":{"@id":"https:\/\/kapitalis.com\/tunisie\/2016\/01\/26\/festival-de-lart-de-vivre-et-du-patrimoine\/#breadcrumb"},"inLanguage":"fr-FR","potentialAction":[{"@type":"ReadAction","target":["https:\/\/kapitalis.com\/tunisie\/2016\/01\/26\/festival-de-lart-de-vivre-et-du-patrimoine\/"]}]},{"@type":"ImageObject","inLanguage":"fr-FR","@id":"https:\/\/kapitalis.com\/tunisie\/2016\/01\/26\/festival-de-lart-de-vivre-et-du-patrimoine\/#primaryimage","url":"","contentUrl":""},{"@type":"BreadcrumbList","@id":"https:\/\/kapitalis.com\/tunisie\/2016\/01\/26\/festival-de-lart-de-vivre-et-du-patrimoine\/#breadcrumb","itemListElement":[{"@type":"ListItem","position":1,"name":"Accueil","item":"https:\/\/kapitalis.com\/tunisie\/"},{"@type":"ListItem","position":2,"name":"Festival de l\u2019art de vivre et du patrimoine"}]},{"@type":"WebSite","@id":"https:\/\/kapitalis.com\/tunisie\/#website","url":"https:\/\/kapitalis.com\/tunisie\/","name":"Kapitalis","description":"L&#039;actualit\u00e9 en Tunisie et dans le monde","publisher":{"@id":"https:\/\/kapitalis.com\/tunisie\/#organization"},"potentialAction":[{"@type":"SearchAction","target":{"@type":"EntryPoint","urlTemplate":"https:\/\/kapitalis.com\/tunisie\/?s={search_term_string}"},"query-input":{"@type":"PropertyValueSpecification","valueRequired":true,"valueName":"search_term_string"}}],"inLanguage":"fr-FR"},{"@type":"Organization","@id":"https:\/\/kapitalis.com\/tunisie\/#organization","name":"Kapitalis","url":"https:\/\/kapitalis.com\/tunisie\/","logo":{"@type":"ImageObject","inLanguage":"fr-FR","@id":"https:\/\/kapitalis.com\/tunisie\/#\/schema\/logo\/image\/","url":"https:\/\/kapitalis.com\/tunisie\/wp-content\/uploads\/2022\/05\/Kapitalis-big-size.png","contentUrl":"https:\/\/kapitalis.com\/tunisie\/wp-content\/uploads\/2022\/05\/Kapitalis-big-size.png","width":5000,"height":1500,"caption":"Kapitalis"},"image":{"@id":"https:\/\/kapitalis.com\/tunisie\/#\/schema\/logo\/image\/"},"sameAs":["https:\/\/www.facebook.com\/KapitalisInfo\/","https:\/\/x.com\/KapitalisInfo","https:\/\/www.youtube.com\/channel\/UC-yDYrHyfFBWWZaOw3FPg9Q"]},{"@type":"Person","@id":"https:\/\/kapitalis.com\/tunisie\/#\/schema\/person\/d71f33a9ca44f7bad4698210b480c8e9","name":"webmaster kapitalis","url":"https:\/\/kapitalis.com\/tunisie\/author\/webmaster-kapitalis\/"}]}},"_links":{"self":[{"href":"https:\/\/kapitalis.com\/tunisie\/wp-json\/wp\/v2\/posts\/36719","targetHints":{"allow":["GET"]}}],"collection":[{"href":"https:\/\/kapitalis.com\/tunisie\/wp-json\/wp\/v2\/posts"}],"about":[{"href":"https:\/\/kapitalis.com\/tunisie\/wp-json\/wp\/v2\/types\/post"}],"author":[{"embeddable":true,"href":"https:\/\/kapitalis.com\/tunisie\/wp-json\/wp\/v2\/users\/8"}],"replies":[{"embeddable":true,"href":"https:\/\/kapitalis.com\/tunisie\/wp-json\/wp\/v2\/comments?post=36719"}],"version-history":[{"count":0,"href":"https:\/\/kapitalis.com\/tunisie\/wp-json\/wp\/v2\/posts\/36719\/revisions"}],"wp:featuredmedia":[{"embeddable":true,"href":"https:\/\/kapitalis.com\/tunisie\/wp-json\/wp\/v2\/media\/36720"}],"wp:attachment":[{"href":"https:\/\/kapitalis.com\/tunisie\/wp-json\/wp\/v2\/media?parent=36719"}],"wp:term":[{"taxonomy":"category","embeddable":true,"href":"https:\/\/kapitalis.com\/tunisie\/wp-json\/wp\/v2\/categories?post=36719"},{"taxonomy":"post_tag","embeddable":true,"href":"https:\/\/kapitalis.com\/tunisie\/wp-json\/wp\/v2\/tags?post=36719"}],"curies":[{"name":"wp","href":"https:\/\/api.w.org\/{rel}","templated":true}]}}