{"id":367326,"date":"2021-10-25T11:02:49","date_gmt":"2021-10-25T10:02:49","guid":{"rendered":"http:\/\/kapitalis.com\/tunisie\/?p=367326"},"modified":"2021-10-25T11:06:31","modified_gmt":"2021-10-25T10:06:31","slug":"tunisie-le-nouveau-prix-des-oeufs-rejete-par-lutap","status":"publish","type":"post","link":"https:\/\/kapitalis.com\/tunisie\/2021\/10\/25\/tunisie-le-nouveau-prix-des-oeufs-rejete-par-lutap\/","title":{"rendered":"Tunisie : Le nouveau prix des \u0153ufs rejet\u00e9 par l&rsquo;Utap"},"content":{"rendered":"\n<div class=\"wp-block-image\"><figure class=\"aligncenter size-full\"><img decoding=\"async\" src=\"http:\/\/kapitalis.com\/tunisie\/wp-content\/uploads\/2021\/10\/utap-oeufs.jpg\" alt=\"\" class=\"wp-image-367331\"\/><\/figure><\/div>\n\n\n\n<p><em><strong>L\u2019Union tunisienne de l\u2019agriculture et de la p\u00eache (Utap) rejette le nouveau prix des \u0153ufs fix\u00e9 par le minist\u00e8re du Commerce et du D\u00e9veloppement des exportations. C&rsquo;est ce qu&rsquo;a assur\u00e9, ce lundi 25 octobre 2021, Abdelmajid Zaar, chef de l&rsquo;organisation syndicale.<\/strong><\/em><\/p>\n\n\n\n<!--more-->\n\n\n\n<p>Intervenu sur Shems FM, Zaar a expliqu\u00e9 que le nouveau prix de l&rsquo;\u0153uf, qui est de 210 millimes, est inf\u00e9rieur \u00e0 son co\u00fbt de production, qui est, selon lui, de 225 millimes. \u00ab<em>Les prix tels qu&rsquo;annonc\u00e9s condamnent les producteurs \u00e0 perdre 15% de leurs b\u00e9n\u00e9fices<\/em>\u00bb, a-t-il ajout\u00e9.<\/p>\n\n\n\n<p>Le syndicaliste a \u00e9galement soulign\u00e9 que le d\u00e9partement du Commerce a fix\u00e9 une marge b\u00e9n\u00e9ficiaire de 10 millimes pour la vente au d\u00e9tail et de 5 millimes pour la vente en gros, alors qu\u2019il n\u2019a rien pr\u00e9cis\u00e9 concernant la marge b\u00e9n\u00e9ficiaire du producteur.<\/p>\n\n\n\n<p>M. Zaar a, d&rsquo;autre part regrett\u00e9 le fait que l&rsquo;Utap n&rsquo;a pas \u00e9t\u00e9 consult\u00e9 ni impliqu\u00e9 dans cette d\u00e9cision, assurant que la maitrise des prix est importante mais qu\u2019il ne faut pas le faire en an\u00e9antissant tout le secteur. <\/p>\n\n\n\n<p> \u00ab<em>La maitrise des prix doit se baser sur celle des co\u00fbts<\/em> [&#8230;] <em>Ce n\u2019est pas ainsi qu\u2019on va cr\u00e9er des emplois, on va fixer des prix \u00e0 tort et \u00e0 travers et apr\u00e8s on va casser la production pour faire quoi\u00a0? Importer des \u0153ufs\u00a0?<\/em> [&#8230;] <em>Un agriculteur n\u2019est pas une caisse d\u2019indemnisation. Si on continue comme \u00e7a, le peu d&rsquo;agriculteurs qui travaillent encore seront amen\u00e9s \u00e0 abandonner. Il ne faut pas qu\u2019un seul maillon de la chaine soit perdant !<\/em>\u00bb, a-t-il encore regrett\u00e9.<\/p>\n\n\n\n<p class=\"has-text-align-right\"><strong>C. B. Y.<\/strong><\/p>\n","protected":false},"excerpt":{"rendered":"<p>L\u2019Union tunisienne de l\u2019agriculture et de la p\u00eache (Utap) rejette le nouveau prix des \u0153ufs fix\u00e9 par le minist\u00e8re du Commerce et du D\u00e9veloppement des exportations. C&rsquo;est ce qu&rsquo;a assur\u00e9, ce lundi 25 octobre 2021, Abdelmajid Zaar, chef de l&rsquo;organisation syndicale.<\/p>\n","protected":false},"author":24,"featured_media":367331,"comment_status":"open","ping_status":"open","sticky":false,"template":"","format":"standard","meta":{"footnotes":""},"categories":[998,2433],"tags":[94361,615,94360,3614],"class_list":["post-367326","post","type-post","status-publish","format-standard","has-post-thumbnail","hentry","category-societe","category-tunisie","tag-abdelmajid-zaar","tag-ministere-du-commerce","tag-prix-des-oeufs","tag-utap"],"yoast_head":"<!-- This site is optimized with the Yoast SEO plugin v26.6 - https:\/\/yoast.com\/wordpress\/plugins\/seo\/ -->\n<title>Tunisie : Le nouveau prix des \u0153ufs rejet\u00e9 par l&#039;Utap - Kapitalis<\/title>\n<meta name=\"robots\" content=\"index, follow, max-snippet:-1, max-image-preview:large, max-video-preview:-1\" \/>\n<link rel=\"canonical\" href=\"https:\/\/kapitalis.com\/tunisie\/2021\/10\/25\/tunisie-le-nouveau-prix-des-oeufs-rejete-par-lutap\/\" \/>\n<meta property=\"og:locale\" content=\"fr_FR\" \/>\n<meta property=\"og:type\" content=\"article\" \/>\n<meta property=\"og:title\" content=\"Tunisie : Le nouveau prix des \u0153ufs rejet\u00e9 par l&#039;Utap - Kapitalis\" \/>\n<meta property=\"og:description\" content=\"L\u2019Union tunisienne de l\u2019agriculture et de la p\u00eache (Utap) rejette le nouveau prix des \u0153ufs fix\u00e9 par le minist\u00e8re du Commerce et du D\u00e9veloppement des exportations. C&rsquo;est ce qu&rsquo;a assur\u00e9, ce lundi 25 octobre 2021, Abdelmajid Zaar, chef de l&rsquo;organisation syndicale.\" \/>\n<meta property=\"og:url\" content=\"https:\/\/kapitalis.com\/tunisie\/2021\/10\/25\/tunisie-le-nouveau-prix-des-oeufs-rejete-par-lutap\/\" \/>\n<meta property=\"og:site_name\" content=\"Kapitalis\" \/>\n<meta property=\"article:publisher\" content=\"https:\/\/www.facebook.com\/KapitalisInfo\/\" \/>\n<meta property=\"article:published_time\" content=\"2021-10-25T10:02:49+00:00\" \/>\n<meta property=\"article:modified_time\" content=\"2021-10-25T10:06:31+00:00\" \/>\n<meta property=\"og:image\" content=\"https:\/\/kapitalis.com\/tunisie\/wp-content\/uploads\/2022\/05\/kapitalis-logo-fb.png\" \/>\n\t<meta property=\"og:image:width\" content=\"1200\" \/>\n\t<meta property=\"og:image:height\" content=\"630\" \/>\n\t<meta property=\"og:image:type\" content=\"image\/png\" \/>\n<meta name=\"author\" content=\"Cherif Benyounes\" \/>\n<meta name=\"twitter:card\" content=\"summary_large_image\" \/>\n<meta name=\"twitter:creator\" content=\"@KapitalisInfo\" \/>\n<meta name=\"twitter:site\" content=\"@KapitalisInfo\" \/>\n<meta name=\"twitter:label1\" content=\"\u00c9crit par\" \/>\n\t<meta name=\"twitter:data1\" content=\"Cherif Benyounes\" \/>\n\t<meta name=\"twitter:label2\" content=\"Dur\u00e9e de lecture estim\u00e9e\" \/>\n\t<meta name=\"twitter:data2\" content=\"1 minute\" \/>\n<script type=\"application\/ld+json\" class=\"yoast-schema-graph\">{\"@context\":\"https:\/\/schema.org\",\"@graph\":[{\"@type\":\"Article\",\"@id\":\"https:\/\/kapitalis.com\/tunisie\/2021\/10\/25\/tunisie-le-nouveau-prix-des-oeufs-rejete-par-lutap\/#article\",\"isPartOf\":{\"@id\":\"https:\/\/kapitalis.com\/tunisie\/2021\/10\/25\/tunisie-le-nouveau-prix-des-oeufs-rejete-par-lutap\/\"},\"author\":{\"name\":\"Cherif Benyounes\",\"@id\":\"https:\/\/kapitalis.com\/tunisie\/#\/schema\/person\/b35b8d631961131107263178aeb8019e\"},\"headline\":\"Tunisie : Le nouveau prix des \u0153ufs rejet\u00e9 par l&rsquo;Utap\",\"datePublished\":\"2021-10-25T10:02:49+00:00\",\"dateModified\":\"2021-10-25T10:06:31+00:00\",\"mainEntityOfPage\":{\"@id\":\"https:\/\/kapitalis.com\/tunisie\/2021\/10\/25\/tunisie-le-nouveau-prix-des-oeufs-rejete-par-lutap\/\"},\"wordCount\":282,\"commentCount\":1,\"publisher\":{\"@id\":\"https:\/\/kapitalis.com\/tunisie\/#organization\"},\"image\":{\"@id\":\"https:\/\/kapitalis.com\/tunisie\/2021\/10\/25\/tunisie-le-nouveau-prix-des-oeufs-rejete-par-lutap\/#primaryimage\"},\"thumbnailUrl\":\"\",\"keywords\":[\"Abdelmajid Zaar\",\"minist\u00e8re du Commerce\",\"prix des \u0153ufs\",\"Utap\"],\"articleSection\":[\"SOCIETE\",\"Tunisie\"],\"inLanguage\":\"fr-FR\",\"potentialAction\":[{\"@type\":\"CommentAction\",\"name\":\"Comment\",\"target\":[\"https:\/\/kapitalis.com\/tunisie\/2021\/10\/25\/tunisie-le-nouveau-prix-des-oeufs-rejete-par-lutap\/#respond\"]}]},{\"@type\":\"WebPage\",\"@id\":\"https:\/\/kapitalis.com\/tunisie\/2021\/10\/25\/tunisie-le-nouveau-prix-des-oeufs-rejete-par-lutap\/\",\"url\":\"https:\/\/kapitalis.com\/tunisie\/2021\/10\/25\/tunisie-le-nouveau-prix-des-oeufs-rejete-par-lutap\/\",\"name\":\"Tunisie : Le nouveau prix des \u0153ufs rejet\u00e9 par l'Utap - Kapitalis\",\"isPartOf\":{\"@id\":\"https:\/\/kapitalis.com\/tunisie\/#website\"},\"primaryImageOfPage\":{\"@id\":\"https:\/\/kapitalis.com\/tunisie\/2021\/10\/25\/tunisie-le-nouveau-prix-des-oeufs-rejete-par-lutap\/#primaryimage\"},\"image\":{\"@id\":\"https:\/\/kapitalis.com\/tunisie\/2021\/10\/25\/tunisie-le-nouveau-prix-des-oeufs-rejete-par-lutap\/#primaryimage\"},\"thumbnailUrl\":\"\",\"datePublished\":\"2021-10-25T10:02:49+00:00\",\"dateModified\":\"2021-10-25T10:06:31+00:00\",\"breadcrumb\":{\"@id\":\"https:\/\/kapitalis.com\/tunisie\/2021\/10\/25\/tunisie-le-nouveau-prix-des-oeufs-rejete-par-lutap\/#breadcrumb\"},\"inLanguage\":\"fr-FR\",\"potentialAction\":[{\"@type\":\"ReadAction\",\"target\":[\"https:\/\/kapitalis.com\/tunisie\/2021\/10\/25\/tunisie-le-nouveau-prix-des-oeufs-rejete-par-lutap\/\"]}]},{\"@type\":\"ImageObject\",\"inLanguage\":\"fr-FR\",\"@id\":\"https:\/\/kapitalis.com\/tunisie\/2021\/10\/25\/tunisie-le-nouveau-prix-des-oeufs-rejete-par-lutap\/#primaryimage\",\"url\":\"\",\"contentUrl\":\"\"},{\"@type\":\"BreadcrumbList\",\"@id\":\"https:\/\/kapitalis.com\/tunisie\/2021\/10\/25\/tunisie-le-nouveau-prix-des-oeufs-rejete-par-lutap\/#breadcrumb\",\"itemListElement\":[{\"@type\":\"ListItem\",\"position\":1,\"name\":\"Accueil\",\"item\":\"https:\/\/kapitalis.com\/tunisie\/\"},{\"@type\":\"ListItem\",\"position\":2,\"name\":\"Tunisie : Le nouveau prix des \u0153ufs rejet\u00e9 par l&rsquo;Utap\"}]},{\"@type\":\"WebSite\",\"@id\":\"https:\/\/kapitalis.com\/tunisie\/#website\",\"url\":\"https:\/\/kapitalis.com\/tunisie\/\",\"name\":\"Kapitalis\",\"description\":\"L&#039;actualit\u00e9 en Tunisie et dans le monde\",\"publisher\":{\"@id\":\"https:\/\/kapitalis.com\/tunisie\/#organization\"},\"potentialAction\":[{\"@type\":\"SearchAction\",\"target\":{\"@type\":\"EntryPoint\",\"urlTemplate\":\"https:\/\/kapitalis.com\/tunisie\/?s={search_term_string}\"},\"query-input\":{\"@type\":\"PropertyValueSpecification\",\"valueRequired\":true,\"valueName\":\"search_term_string\"}}],\"inLanguage\":\"fr-FR\"},{\"@type\":\"Organization\",\"@id\":\"https:\/\/kapitalis.com\/tunisie\/#organization\",\"name\":\"Kapitalis\",\"url\":\"https:\/\/kapitalis.com\/tunisie\/\",\"logo\":{\"@type\":\"ImageObject\",\"inLanguage\":\"fr-FR\",\"@id\":\"https:\/\/kapitalis.com\/tunisie\/#\/schema\/logo\/image\/\",\"url\":\"https:\/\/kapitalis.com\/tunisie\/wp-content\/uploads\/2022\/05\/Kapitalis-big-size.png\",\"contentUrl\":\"https:\/\/kapitalis.com\/tunisie\/wp-content\/uploads\/2022\/05\/Kapitalis-big-size.png\",\"width\":5000,\"height\":1500,\"caption\":\"Kapitalis\"},\"image\":{\"@id\":\"https:\/\/kapitalis.com\/tunisie\/#\/schema\/logo\/image\/\"},\"sameAs\":[\"https:\/\/www.facebook.com\/KapitalisInfo\/\",\"https:\/\/x.com\/KapitalisInfo\",\"https:\/\/www.youtube.com\/channel\/UC-yDYrHyfFBWWZaOw3FPg9Q\"]},{\"@type\":\"Person\",\"@id\":\"https:\/\/kapitalis.com\/tunisie\/#\/schema\/person\/b35b8d631961131107263178aeb8019e\",\"name\":\"Cherif Benyounes\",\"url\":\"https:\/\/kapitalis.com\/tunisie\/author\/cherif\/\"}]}<\/script>\n<!-- \/ Yoast SEO plugin. -->","yoast_head_json":{"title":"Tunisie : Le nouveau prix des \u0153ufs rejet\u00e9 par l'Utap - Kapitalis","robots":{"index":"index","follow":"follow","max-snippet":"max-snippet:-1","max-image-preview":"max-image-preview:large","max-video-preview":"max-video-preview:-1"},"canonical":"https:\/\/kapitalis.com\/tunisie\/2021\/10\/25\/tunisie-le-nouveau-prix-des-oeufs-rejete-par-lutap\/","og_locale":"fr_FR","og_type":"article","og_title":"Tunisie : Le nouveau prix des \u0153ufs rejet\u00e9 par l'Utap - Kapitalis","og_description":"L\u2019Union tunisienne de l\u2019agriculture et de la p\u00eache (Utap) rejette le nouveau prix des \u0153ufs fix\u00e9 par le minist\u00e8re du Commerce et du D\u00e9veloppement des exportations. C&rsquo;est ce qu&rsquo;a assur\u00e9, ce lundi 25 octobre 2021, Abdelmajid Zaar, chef de l&rsquo;organisation syndicale.","og_url":"https:\/\/kapitalis.com\/tunisie\/2021\/10\/25\/tunisie-le-nouveau-prix-des-oeufs-rejete-par-lutap\/","og_site_name":"Kapitalis","article_publisher":"https:\/\/www.facebook.com\/KapitalisInfo\/","article_published_time":"2021-10-25T10:02:49+00:00","article_modified_time":"2021-10-25T10:06:31+00:00","og_image":[{"width":1200,"height":630,"url":"https:\/\/kapitalis.com\/tunisie\/wp-content\/uploads\/2022\/05\/kapitalis-logo-fb.png","type":"image\/png"}],"author":"Cherif Benyounes","twitter_card":"summary_large_image","twitter_creator":"@KapitalisInfo","twitter_site":"@KapitalisInfo","twitter_misc":{"\u00c9crit par":"Cherif Benyounes","Dur\u00e9e de lecture estim\u00e9e":"1 minute"},"schema":{"@context":"https:\/\/schema.org","@graph":[{"@type":"Article","@id":"https:\/\/kapitalis.com\/tunisie\/2021\/10\/25\/tunisie-le-nouveau-prix-des-oeufs-rejete-par-lutap\/#article","isPartOf":{"@id":"https:\/\/kapitalis.com\/tunisie\/2021\/10\/25\/tunisie-le-nouveau-prix-des-oeufs-rejete-par-lutap\/"},"author":{"name":"Cherif Benyounes","@id":"https:\/\/kapitalis.com\/tunisie\/#\/schema\/person\/b35b8d631961131107263178aeb8019e"},"headline":"Tunisie : Le nouveau prix des \u0153ufs rejet\u00e9 par l&rsquo;Utap","datePublished":"2021-10-25T10:02:49+00:00","dateModified":"2021-10-25T10:06:31+00:00","mainEntityOfPage":{"@id":"https:\/\/kapitalis.com\/tunisie\/2021\/10\/25\/tunisie-le-nouveau-prix-des-oeufs-rejete-par-lutap\/"},"wordCount":282,"commentCount":1,"publisher":{"@id":"https:\/\/kapitalis.com\/tunisie\/#organization"},"image":{"@id":"https:\/\/kapitalis.com\/tunisie\/2021\/10\/25\/tunisie-le-nouveau-prix-des-oeufs-rejete-par-lutap\/#primaryimage"},"thumbnailUrl":"","keywords":["Abdelmajid Zaar","minist\u00e8re du Commerce","prix des \u0153ufs","Utap"],"articleSection":["SOCIETE","Tunisie"],"inLanguage":"fr-FR","potentialAction":[{"@type":"CommentAction","name":"Comment","target":["https:\/\/kapitalis.com\/tunisie\/2021\/10\/25\/tunisie-le-nouveau-prix-des-oeufs-rejete-par-lutap\/#respond"]}]},{"@type":"WebPage","@id":"https:\/\/kapitalis.com\/tunisie\/2021\/10\/25\/tunisie-le-nouveau-prix-des-oeufs-rejete-par-lutap\/","url":"https:\/\/kapitalis.com\/tunisie\/2021\/10\/25\/tunisie-le-nouveau-prix-des-oeufs-rejete-par-lutap\/","name":"Tunisie : Le nouveau prix des \u0153ufs rejet\u00e9 par l'Utap - Kapitalis","isPartOf":{"@id":"https:\/\/kapitalis.com\/tunisie\/#website"},"primaryImageOfPage":{"@id":"https:\/\/kapitalis.com\/tunisie\/2021\/10\/25\/tunisie-le-nouveau-prix-des-oeufs-rejete-par-lutap\/#primaryimage"},"image":{"@id":"https:\/\/kapitalis.com\/tunisie\/2021\/10\/25\/tunisie-le-nouveau-prix-des-oeufs-rejete-par-lutap\/#primaryimage"},"thumbnailUrl":"","datePublished":"2021-10-25T10:02:49+00:00","dateModified":"2021-10-25T10:06:31+00:00","breadcrumb":{"@id":"https:\/\/kapitalis.com\/tunisie\/2021\/10\/25\/tunisie-le-nouveau-prix-des-oeufs-rejete-par-lutap\/#breadcrumb"},"inLanguage":"fr-FR","potentialAction":[{"@type":"ReadAction","target":["https:\/\/kapitalis.com\/tunisie\/2021\/10\/25\/tunisie-le-nouveau-prix-des-oeufs-rejete-par-lutap\/"]}]},{"@type":"ImageObject","inLanguage":"fr-FR","@id":"https:\/\/kapitalis.com\/tunisie\/2021\/10\/25\/tunisie-le-nouveau-prix-des-oeufs-rejete-par-lutap\/#primaryimage","url":"","contentUrl":""},{"@type":"BreadcrumbList","@id":"https:\/\/kapitalis.com\/tunisie\/2021\/10\/25\/tunisie-le-nouveau-prix-des-oeufs-rejete-par-lutap\/#breadcrumb","itemListElement":[{"@type":"ListItem","position":1,"name":"Accueil","item":"https:\/\/kapitalis.com\/tunisie\/"},{"@type":"ListItem","position":2,"name":"Tunisie : Le nouveau prix des \u0153ufs rejet\u00e9 par l&rsquo;Utap"}]},{"@type":"WebSite","@id":"https:\/\/kapitalis.com\/tunisie\/#website","url":"https:\/\/kapitalis.com\/tunisie\/","name":"Kapitalis","description":"L&#039;actualit\u00e9 en Tunisie et dans le monde","publisher":{"@id":"https:\/\/kapitalis.com\/tunisie\/#organization"},"potentialAction":[{"@type":"SearchAction","target":{"@type":"EntryPoint","urlTemplate":"https:\/\/kapitalis.com\/tunisie\/?s={search_term_string}"},"query-input":{"@type":"PropertyValueSpecification","valueRequired":true,"valueName":"search_term_string"}}],"inLanguage":"fr-FR"},{"@type":"Organization","@id":"https:\/\/kapitalis.com\/tunisie\/#organization","name":"Kapitalis","url":"https:\/\/kapitalis.com\/tunisie\/","logo":{"@type":"ImageObject","inLanguage":"fr-FR","@id":"https:\/\/kapitalis.com\/tunisie\/#\/schema\/logo\/image\/","url":"https:\/\/kapitalis.com\/tunisie\/wp-content\/uploads\/2022\/05\/Kapitalis-big-size.png","contentUrl":"https:\/\/kapitalis.com\/tunisie\/wp-content\/uploads\/2022\/05\/Kapitalis-big-size.png","width":5000,"height":1500,"caption":"Kapitalis"},"image":{"@id":"https:\/\/kapitalis.com\/tunisie\/#\/schema\/logo\/image\/"},"sameAs":["https:\/\/www.facebook.com\/KapitalisInfo\/","https:\/\/x.com\/KapitalisInfo","https:\/\/www.youtube.com\/channel\/UC-yDYrHyfFBWWZaOw3FPg9Q"]},{"@type":"Person","@id":"https:\/\/kapitalis.com\/tunisie\/#\/schema\/person\/b35b8d631961131107263178aeb8019e","name":"Cherif Benyounes","url":"https:\/\/kapitalis.com\/tunisie\/author\/cherif\/"}]}},"_links":{"self":[{"href":"https:\/\/kapitalis.com\/tunisie\/wp-json\/wp\/v2\/posts\/367326","targetHints":{"allow":["GET"]}}],"collection":[{"href":"https:\/\/kapitalis.com\/tunisie\/wp-json\/wp\/v2\/posts"}],"about":[{"href":"https:\/\/kapitalis.com\/tunisie\/wp-json\/wp\/v2\/types\/post"}],"author":[{"embeddable":true,"href":"https:\/\/kapitalis.com\/tunisie\/wp-json\/wp\/v2\/users\/24"}],"replies":[{"embeddable":true,"href":"https:\/\/kapitalis.com\/tunisie\/wp-json\/wp\/v2\/comments?post=367326"}],"version-history":[{"count":0,"href":"https:\/\/kapitalis.com\/tunisie\/wp-json\/wp\/v2\/posts\/367326\/revisions"}],"wp:featuredmedia":[{"embeddable":true,"href":"https:\/\/kapitalis.com\/tunisie\/wp-json\/wp\/v2\/media\/367331"}],"wp:attachment":[{"href":"https:\/\/kapitalis.com\/tunisie\/wp-json\/wp\/v2\/media?parent=367326"}],"wp:term":[{"taxonomy":"category","embeddable":true,"href":"https:\/\/kapitalis.com\/tunisie\/wp-json\/wp\/v2\/categories?post=367326"},{"taxonomy":"post_tag","embeddable":true,"href":"https:\/\/kapitalis.com\/tunisie\/wp-json\/wp\/v2\/tags?post=367326"}],"curies":[{"name":"wp","href":"https:\/\/api.w.org\/{rel}","templated":true}]}}