{"id":367356,"date":"2021-10-25T13:37:40","date_gmt":"2021-10-25T12:37:40","guid":{"rendered":"http:\/\/kapitalis.com\/tunisie\/?p=367356"},"modified":"2021-10-25T13:39:12","modified_gmt":"2021-10-25T12:39:12","slug":"afrique-assistance-celebre-ses-30-ans","status":"publish","type":"post","link":"https:\/\/kapitalis.com\/tunisie\/2021\/10\/25\/afrique-assistance-celebre-ses-30-ans\/","title":{"rendered":"Afrique Assistance c\u00e9l\u00e8bre ses 30 ans"},"content":{"rendered":"\n<div class=\"wp-block-image\"><figure class=\"aligncenter size-full\"><img decoding=\"async\" src=\"http:\/\/kapitalis.com\/tunisie\/wp-content\/uploads\/2021\/10\/Afrique-Assistance-30e-anniversaire.jpg\" alt=\"\" class=\"wp-image-367357\"\/><\/figure><\/div>\n\n\n\n<p><strong><em>Afrique Assistance, entreprise leader de l\u2019assistance aux personnes, en voyage et de l\u2019automobile sur le march\u00e9 tunisien et filiale du groupe espagnol d\u2019assurance Mapfre, f\u00eate cette ann\u00e9e les 30 ans de sa cr\u00e9ation.<\/em><\/strong><\/p>\n\n\n\n<!--more-->\n\n\n\n<p>Lors d\u2019une c\u00e9r\u00e9monie organis\u00e9e le 21 octobre 2021 \u00e0 l\u2019occasion de cet anniversaire, en pr\u00e9sence des compagnies d\u2019assurance tunisiennes, des concessionnaires automobiles, des repr\u00e9sentants du secteur bancaire ainsi que de la Chambre tuniso-espagnole de commerce et d\u2019industrie, Souheil Ben Halima, directeur g\u00e9n\u00e9ral de l\u2019entreprise, a indiqu\u00e9 qu\u2019Afrique Assistance a totalis\u00e9 plus 2,3 millions de services \u00e0 ses clients depuis sa cr\u00e9ation, avec un taux de satisfaction d\u00e9passant les 94%.<\/p>\n\n\n\n<p>La c\u00e9l\u00e9bration du 30<sup>e<\/sup> anniversaire de l\u2019entreprise a \u00e9galement \u00e9t\u00e9 marqu\u00e9e par la pr\u00e9sence de Felix Mansilla, pr\u00e9sident du conseil d\u2019administration d\u2019Afrique Assistance et repr\u00e9sentant de Mapfre, qui a fait sp\u00e9cialement le d\u00e9placement \u00e0 Tunis.<\/p>\n\n\n\n<p>Le responsable espagnol s\u2019est f\u00e9licit\u00e9 de la rentabilit\u00e9 de l\u2019entreprise et de l\u2019innovation qui la caract\u00e9rise, soulignant sa position de&nbsp;r\u00e9f\u00e9rence sur le march\u00e9 tunisien de l\u2019assistance.<\/p>\n\n\n\n<p>Slim Maaoui, administrateur d\u2019Afrique Assistance, a rappel\u00e9 pour sa part l\u2019impact de l\u2019entreprise sur les assur\u00e9s, lesquels sont finalement les plus grands b\u00e9n\u00e9ficiaires des services propos\u00e9s dans plusieurs domaines.<\/p>\n\n\n\n<p>Le catalogue d\u2019Afrique Assistance compte en effet pas moins de 76 produits diff\u00e9rents, essentiellement dans l\u2019automobile, telle que&nbsp;les garages conventionn\u00e9s, la r\u00e9paration et le remplacement de parebrises et les v\u00e9hicules de remplacement.<\/p>\n\n\n\n<p>Afrique Assistance offre \u00e9galement d\u2019autres services telles que l\u2019assistance en voyage, l\u2019assistance domiciliaire, l\u2019extension de garantie, ou encore la garantie casse accidentelle du t\u00e9l\u00e9phone mobile.<\/p>\n\n\n\n<p>L\u2019innovation chez Afrique Assistance se traduit aujourd\u2019hui par une flotte de remorquage g\u00e9o-localis\u00e9e, avec des tablettes dont sont \u00e9quip\u00e9s les chauffeurs ou encore des services de communication par WhatsApp permettant l\u2019instantan\u00e9it\u00e9 de la mise en relation avec l\u2019automobiliste.<\/p>\n\n\n\n<p>Depuis sa fondation en 1991, l\u2019entreprise, certifi\u00e9e ISO 9001-2015, a particip\u00e9 \u00e0 la cr\u00e9ation d\u2019un millier d\u2019emplois directs et indirects, et notamment par le soutien \u00e0 la cr\u00e9ation de soci\u00e9t\u00e9s de remorquage, de d\u00e9pannage et de services m\u00e9dicaux aux personnes. Elle compte pr\u00e8s de 80 salari\u00e9s.<\/p>\n\n\n\n<p>La c\u00e9l\u00e9bration du 30<sup>e<\/sup> anniversaire a \u00e9t\u00e9 une occasion de rendre hommage aux p\u00e8res fondateurs, Manuel Ocon de Mapfre Asistencia c\u00f4t\u00e9 espagnol et, c\u00f4t\u00e9 tunisien, tout d\u2019abord feu Moncef Maaoui (Maghrebia), Mohamed Salah Bouaziz (Star), Hassine Doghri (Assurances Carte), Salah Garouia (MAE), Slaheddine Ferchiou (CTAMA) et feu Romdhane Safraoui (Comar).<\/p>\n","protected":false},"excerpt":{"rendered":"<p>Afrique Assistance, entreprise leader de l\u2019assistance aux personnes, en voyage et de l\u2019automobile sur le march\u00e9 tunisien et filiale du groupe espagnol d\u2019assurance Mapfre, f\u00eate cette ann\u00e9e les 30 ans de sa cr\u00e9ation.<\/p>\n","protected":false},"author":8,"featured_media":367357,"comment_status":"open","ping_status":"open","sticky":false,"template":"","format":"standard","meta":{"footnotes":""},"categories":[995,2433],"tags":[94370,94371,16204,94373,94374,94376,94375,94372,92288,62643],"class_list":["post-367356","post","type-post","status-publish","format-standard","has-post-thumbnail","hentry","category-economie","category-tunisie","tag-afrique-assistance","tag-felix-mansilla","tag-hassine-doghri","tag-manuel-ocon","tag-mapfre-asistencia","tag-mohamed-salah-bouaziz","tag-moncef-maaoui","tag-slim-maaoui","tag-souheil-ben-halima","tag-tunisie"],"yoast_head":"<!-- This site is optimized with the Yoast SEO plugin v26.6 - https:\/\/yoast.com\/wordpress\/plugins\/seo\/ -->\n<title>Afrique Assistance c\u00e9l\u00e8bre ses 30 ans - Kapitalis<\/title>\n<meta name=\"robots\" content=\"index, follow, max-snippet:-1, max-image-preview:large, max-video-preview:-1\" \/>\n<link rel=\"canonical\" href=\"https:\/\/kapitalis.com\/tunisie\/2021\/10\/25\/afrique-assistance-celebre-ses-30-ans\/\" \/>\n<meta property=\"og:locale\" content=\"fr_FR\" \/>\n<meta property=\"og:type\" content=\"article\" \/>\n<meta property=\"og:title\" content=\"Afrique Assistance c\u00e9l\u00e8bre ses 30 ans - Kapitalis\" \/>\n<meta property=\"og:description\" content=\"Afrique Assistance, entreprise leader de l\u2019assistance aux personnes, en voyage et de l\u2019automobile sur le march\u00e9 tunisien et filiale du groupe espagnol d\u2019assurance Mapfre, f\u00eate cette ann\u00e9e les 30 ans de sa cr\u00e9ation.\" \/>\n<meta property=\"og:url\" content=\"https:\/\/kapitalis.com\/tunisie\/2021\/10\/25\/afrique-assistance-celebre-ses-30-ans\/\" \/>\n<meta property=\"og:site_name\" content=\"Kapitalis\" \/>\n<meta property=\"article:publisher\" content=\"https:\/\/www.facebook.com\/KapitalisInfo\/\" \/>\n<meta property=\"article:published_time\" content=\"2021-10-25T12:37:40+00:00\" \/>\n<meta property=\"article:modified_time\" content=\"2021-10-25T12:39:12+00:00\" \/>\n<meta property=\"og:image\" content=\"https:\/\/kapitalis.com\/tunisie\/wp-content\/uploads\/2022\/05\/kapitalis-logo-fb.png\" \/>\n\t<meta property=\"og:image:width\" content=\"1200\" \/>\n\t<meta property=\"og:image:height\" content=\"630\" \/>\n\t<meta property=\"og:image:type\" content=\"image\/png\" \/>\n<meta name=\"author\" content=\"webmaster kapitalis\" \/>\n<meta name=\"twitter:card\" content=\"summary_large_image\" \/>\n<meta name=\"twitter:creator\" content=\"@KapitalisInfo\" \/>\n<meta name=\"twitter:site\" content=\"@KapitalisInfo\" \/>\n<meta name=\"twitter:label1\" content=\"\u00c9crit par\" \/>\n\t<meta name=\"twitter:data1\" content=\"webmaster kapitalis\" \/>\n\t<meta name=\"twitter:label2\" content=\"Dur\u00e9e de lecture estim\u00e9e\" \/>\n\t<meta name=\"twitter:data2\" content=\"2 minutes\" \/>\n<script type=\"application\/ld+json\" class=\"yoast-schema-graph\">{\"@context\":\"https:\/\/schema.org\",\"@graph\":[{\"@type\":\"Article\",\"@id\":\"https:\/\/kapitalis.com\/tunisie\/2021\/10\/25\/afrique-assistance-celebre-ses-30-ans\/#article\",\"isPartOf\":{\"@id\":\"https:\/\/kapitalis.com\/tunisie\/2021\/10\/25\/afrique-assistance-celebre-ses-30-ans\/\"},\"author\":{\"name\":\"webmaster kapitalis\",\"@id\":\"https:\/\/kapitalis.com\/tunisie\/#\/schema\/person\/d71f33a9ca44f7bad4698210b480c8e9\"},\"headline\":\"Afrique Assistance c\u00e9l\u00e8bre ses 30 ans\",\"datePublished\":\"2021-10-25T12:37:40+00:00\",\"dateModified\":\"2021-10-25T12:39:12+00:00\",\"mainEntityOfPage\":{\"@id\":\"https:\/\/kapitalis.com\/tunisie\/2021\/10\/25\/afrique-assistance-celebre-ses-30-ans\/\"},\"wordCount\":466,\"commentCount\":1,\"publisher\":{\"@id\":\"https:\/\/kapitalis.com\/tunisie\/#organization\"},\"image\":{\"@id\":\"https:\/\/kapitalis.com\/tunisie\/2021\/10\/25\/afrique-assistance-celebre-ses-30-ans\/#primaryimage\"},\"thumbnailUrl\":\"\",\"keywords\":[\"Afrique Assistance\",\"Felix Mansilla\",\"Hassine Doghri\",\"Manuel Ocon\",\"Mapfre Asistencia\",\"Mohamed Salah Bouaziz\",\"Moncef Maaoui\",\"Slim Maaoui\",\"Souheil Ben Halima\",\"Tunisie\"],\"articleSection\":[\"ECONOMIE\",\"Tunisie\"],\"inLanguage\":\"fr-FR\",\"potentialAction\":[{\"@type\":\"CommentAction\",\"name\":\"Comment\",\"target\":[\"https:\/\/kapitalis.com\/tunisie\/2021\/10\/25\/afrique-assistance-celebre-ses-30-ans\/#respond\"]}]},{\"@type\":\"WebPage\",\"@id\":\"https:\/\/kapitalis.com\/tunisie\/2021\/10\/25\/afrique-assistance-celebre-ses-30-ans\/\",\"url\":\"https:\/\/kapitalis.com\/tunisie\/2021\/10\/25\/afrique-assistance-celebre-ses-30-ans\/\",\"name\":\"Afrique Assistance c\u00e9l\u00e8bre ses 30 ans - Kapitalis\",\"isPartOf\":{\"@id\":\"https:\/\/kapitalis.com\/tunisie\/#website\"},\"primaryImageOfPage\":{\"@id\":\"https:\/\/kapitalis.com\/tunisie\/2021\/10\/25\/afrique-assistance-celebre-ses-30-ans\/#primaryimage\"},\"image\":{\"@id\":\"https:\/\/kapitalis.com\/tunisie\/2021\/10\/25\/afrique-assistance-celebre-ses-30-ans\/#primaryimage\"},\"thumbnailUrl\":\"\",\"datePublished\":\"2021-10-25T12:37:40+00:00\",\"dateModified\":\"2021-10-25T12:39:12+00:00\",\"breadcrumb\":{\"@id\":\"https:\/\/kapitalis.com\/tunisie\/2021\/10\/25\/afrique-assistance-celebre-ses-30-ans\/#breadcrumb\"},\"inLanguage\":\"fr-FR\",\"potentialAction\":[{\"@type\":\"ReadAction\",\"target\":[\"https:\/\/kapitalis.com\/tunisie\/2021\/10\/25\/afrique-assistance-celebre-ses-30-ans\/\"]}]},{\"@type\":\"ImageObject\",\"inLanguage\":\"fr-FR\",\"@id\":\"https:\/\/kapitalis.com\/tunisie\/2021\/10\/25\/afrique-assistance-celebre-ses-30-ans\/#primaryimage\",\"url\":\"\",\"contentUrl\":\"\"},{\"@type\":\"BreadcrumbList\",\"@id\":\"https:\/\/kapitalis.com\/tunisie\/2021\/10\/25\/afrique-assistance-celebre-ses-30-ans\/#breadcrumb\",\"itemListElement\":[{\"@type\":\"ListItem\",\"position\":1,\"name\":\"Accueil\",\"item\":\"https:\/\/kapitalis.com\/tunisie\/\"},{\"@type\":\"ListItem\",\"position\":2,\"name\":\"Afrique Assistance c\u00e9l\u00e8bre ses 30 ans\"}]},{\"@type\":\"WebSite\",\"@id\":\"https:\/\/kapitalis.com\/tunisie\/#website\",\"url\":\"https:\/\/kapitalis.com\/tunisie\/\",\"name\":\"Kapitalis\",\"description\":\"L&#039;actualit\u00e9 en Tunisie et dans le monde\",\"publisher\":{\"@id\":\"https:\/\/kapitalis.com\/tunisie\/#organization\"},\"potentialAction\":[{\"@type\":\"SearchAction\",\"target\":{\"@type\":\"EntryPoint\",\"urlTemplate\":\"https:\/\/kapitalis.com\/tunisie\/?s={search_term_string}\"},\"query-input\":{\"@type\":\"PropertyValueSpecification\",\"valueRequired\":true,\"valueName\":\"search_term_string\"}}],\"inLanguage\":\"fr-FR\"},{\"@type\":\"Organization\",\"@id\":\"https:\/\/kapitalis.com\/tunisie\/#organization\",\"name\":\"Kapitalis\",\"url\":\"https:\/\/kapitalis.com\/tunisie\/\",\"logo\":{\"@type\":\"ImageObject\",\"inLanguage\":\"fr-FR\",\"@id\":\"https:\/\/kapitalis.com\/tunisie\/#\/schema\/logo\/image\/\",\"url\":\"https:\/\/kapitalis.com\/tunisie\/wp-content\/uploads\/2022\/05\/Kapitalis-big-size.png\",\"contentUrl\":\"https:\/\/kapitalis.com\/tunisie\/wp-content\/uploads\/2022\/05\/Kapitalis-big-size.png\",\"width\":5000,\"height\":1500,\"caption\":\"Kapitalis\"},\"image\":{\"@id\":\"https:\/\/kapitalis.com\/tunisie\/#\/schema\/logo\/image\/\"},\"sameAs\":[\"https:\/\/www.facebook.com\/KapitalisInfo\/\",\"https:\/\/x.com\/KapitalisInfo\",\"https:\/\/www.youtube.com\/channel\/UC-yDYrHyfFBWWZaOw3FPg9Q\"]},{\"@type\":\"Person\",\"@id\":\"https:\/\/kapitalis.com\/tunisie\/#\/schema\/person\/d71f33a9ca44f7bad4698210b480c8e9\",\"name\":\"webmaster kapitalis\",\"url\":\"https:\/\/kapitalis.com\/tunisie\/author\/webmaster-kapitalis\/\"}]}<\/script>\n<!-- \/ Yoast SEO plugin. -->","yoast_head_json":{"title":"Afrique Assistance c\u00e9l\u00e8bre ses 30 ans - Kapitalis","robots":{"index":"index","follow":"follow","max-snippet":"max-snippet:-1","max-image-preview":"max-image-preview:large","max-video-preview":"max-video-preview:-1"},"canonical":"https:\/\/kapitalis.com\/tunisie\/2021\/10\/25\/afrique-assistance-celebre-ses-30-ans\/","og_locale":"fr_FR","og_type":"article","og_title":"Afrique Assistance c\u00e9l\u00e8bre ses 30 ans - Kapitalis","og_description":"Afrique Assistance, entreprise leader de l\u2019assistance aux personnes, en voyage et de l\u2019automobile sur le march\u00e9 tunisien et filiale du groupe espagnol d\u2019assurance Mapfre, f\u00eate cette ann\u00e9e les 30 ans de sa cr\u00e9ation.","og_url":"https:\/\/kapitalis.com\/tunisie\/2021\/10\/25\/afrique-assistance-celebre-ses-30-ans\/","og_site_name":"Kapitalis","article_publisher":"https:\/\/www.facebook.com\/KapitalisInfo\/","article_published_time":"2021-10-25T12:37:40+00:00","article_modified_time":"2021-10-25T12:39:12+00:00","og_image":[{"width":1200,"height":630,"url":"https:\/\/kapitalis.com\/tunisie\/wp-content\/uploads\/2022\/05\/kapitalis-logo-fb.png","type":"image\/png"}],"author":"webmaster kapitalis","twitter_card":"summary_large_image","twitter_creator":"@KapitalisInfo","twitter_site":"@KapitalisInfo","twitter_misc":{"\u00c9crit par":"webmaster kapitalis","Dur\u00e9e de lecture estim\u00e9e":"2 minutes"},"schema":{"@context":"https:\/\/schema.org","@graph":[{"@type":"Article","@id":"https:\/\/kapitalis.com\/tunisie\/2021\/10\/25\/afrique-assistance-celebre-ses-30-ans\/#article","isPartOf":{"@id":"https:\/\/kapitalis.com\/tunisie\/2021\/10\/25\/afrique-assistance-celebre-ses-30-ans\/"},"author":{"name":"webmaster kapitalis","@id":"https:\/\/kapitalis.com\/tunisie\/#\/schema\/person\/d71f33a9ca44f7bad4698210b480c8e9"},"headline":"Afrique Assistance c\u00e9l\u00e8bre ses 30 ans","datePublished":"2021-10-25T12:37:40+00:00","dateModified":"2021-10-25T12:39:12+00:00","mainEntityOfPage":{"@id":"https:\/\/kapitalis.com\/tunisie\/2021\/10\/25\/afrique-assistance-celebre-ses-30-ans\/"},"wordCount":466,"commentCount":1,"publisher":{"@id":"https:\/\/kapitalis.com\/tunisie\/#organization"},"image":{"@id":"https:\/\/kapitalis.com\/tunisie\/2021\/10\/25\/afrique-assistance-celebre-ses-30-ans\/#primaryimage"},"thumbnailUrl":"","keywords":["Afrique Assistance","Felix Mansilla","Hassine Doghri","Manuel Ocon","Mapfre Asistencia","Mohamed Salah Bouaziz","Moncef Maaoui","Slim Maaoui","Souheil Ben Halima","Tunisie"],"articleSection":["ECONOMIE","Tunisie"],"inLanguage":"fr-FR","potentialAction":[{"@type":"CommentAction","name":"Comment","target":["https:\/\/kapitalis.com\/tunisie\/2021\/10\/25\/afrique-assistance-celebre-ses-30-ans\/#respond"]}]},{"@type":"WebPage","@id":"https:\/\/kapitalis.com\/tunisie\/2021\/10\/25\/afrique-assistance-celebre-ses-30-ans\/","url":"https:\/\/kapitalis.com\/tunisie\/2021\/10\/25\/afrique-assistance-celebre-ses-30-ans\/","name":"Afrique Assistance c\u00e9l\u00e8bre ses 30 ans - Kapitalis","isPartOf":{"@id":"https:\/\/kapitalis.com\/tunisie\/#website"},"primaryImageOfPage":{"@id":"https:\/\/kapitalis.com\/tunisie\/2021\/10\/25\/afrique-assistance-celebre-ses-30-ans\/#primaryimage"},"image":{"@id":"https:\/\/kapitalis.com\/tunisie\/2021\/10\/25\/afrique-assistance-celebre-ses-30-ans\/#primaryimage"},"thumbnailUrl":"","datePublished":"2021-10-25T12:37:40+00:00","dateModified":"2021-10-25T12:39:12+00:00","breadcrumb":{"@id":"https:\/\/kapitalis.com\/tunisie\/2021\/10\/25\/afrique-assistance-celebre-ses-30-ans\/#breadcrumb"},"inLanguage":"fr-FR","potentialAction":[{"@type":"ReadAction","target":["https:\/\/kapitalis.com\/tunisie\/2021\/10\/25\/afrique-assistance-celebre-ses-30-ans\/"]}]},{"@type":"ImageObject","inLanguage":"fr-FR","@id":"https:\/\/kapitalis.com\/tunisie\/2021\/10\/25\/afrique-assistance-celebre-ses-30-ans\/#primaryimage","url":"","contentUrl":""},{"@type":"BreadcrumbList","@id":"https:\/\/kapitalis.com\/tunisie\/2021\/10\/25\/afrique-assistance-celebre-ses-30-ans\/#breadcrumb","itemListElement":[{"@type":"ListItem","position":1,"name":"Accueil","item":"https:\/\/kapitalis.com\/tunisie\/"},{"@type":"ListItem","position":2,"name":"Afrique Assistance c\u00e9l\u00e8bre ses 30 ans"}]},{"@type":"WebSite","@id":"https:\/\/kapitalis.com\/tunisie\/#website","url":"https:\/\/kapitalis.com\/tunisie\/","name":"Kapitalis","description":"L&#039;actualit\u00e9 en Tunisie et dans le monde","publisher":{"@id":"https:\/\/kapitalis.com\/tunisie\/#organization"},"potentialAction":[{"@type":"SearchAction","target":{"@type":"EntryPoint","urlTemplate":"https:\/\/kapitalis.com\/tunisie\/?s={search_term_string}"},"query-input":{"@type":"PropertyValueSpecification","valueRequired":true,"valueName":"search_term_string"}}],"inLanguage":"fr-FR"},{"@type":"Organization","@id":"https:\/\/kapitalis.com\/tunisie\/#organization","name":"Kapitalis","url":"https:\/\/kapitalis.com\/tunisie\/","logo":{"@type":"ImageObject","inLanguage":"fr-FR","@id":"https:\/\/kapitalis.com\/tunisie\/#\/schema\/logo\/image\/","url":"https:\/\/kapitalis.com\/tunisie\/wp-content\/uploads\/2022\/05\/Kapitalis-big-size.png","contentUrl":"https:\/\/kapitalis.com\/tunisie\/wp-content\/uploads\/2022\/05\/Kapitalis-big-size.png","width":5000,"height":1500,"caption":"Kapitalis"},"image":{"@id":"https:\/\/kapitalis.com\/tunisie\/#\/schema\/logo\/image\/"},"sameAs":["https:\/\/www.facebook.com\/KapitalisInfo\/","https:\/\/x.com\/KapitalisInfo","https:\/\/www.youtube.com\/channel\/UC-yDYrHyfFBWWZaOw3FPg9Q"]},{"@type":"Person","@id":"https:\/\/kapitalis.com\/tunisie\/#\/schema\/person\/d71f33a9ca44f7bad4698210b480c8e9","name":"webmaster kapitalis","url":"https:\/\/kapitalis.com\/tunisie\/author\/webmaster-kapitalis\/"}]}},"_links":{"self":[{"href":"https:\/\/kapitalis.com\/tunisie\/wp-json\/wp\/v2\/posts\/367356","targetHints":{"allow":["GET"]}}],"collection":[{"href":"https:\/\/kapitalis.com\/tunisie\/wp-json\/wp\/v2\/posts"}],"about":[{"href":"https:\/\/kapitalis.com\/tunisie\/wp-json\/wp\/v2\/types\/post"}],"author":[{"embeddable":true,"href":"https:\/\/kapitalis.com\/tunisie\/wp-json\/wp\/v2\/users\/8"}],"replies":[{"embeddable":true,"href":"https:\/\/kapitalis.com\/tunisie\/wp-json\/wp\/v2\/comments?post=367356"}],"version-history":[{"count":0,"href":"https:\/\/kapitalis.com\/tunisie\/wp-json\/wp\/v2\/posts\/367356\/revisions"}],"wp:featuredmedia":[{"embeddable":true,"href":"https:\/\/kapitalis.com\/tunisie\/wp-json\/wp\/v2\/media\/367357"}],"wp:attachment":[{"href":"https:\/\/kapitalis.com\/tunisie\/wp-json\/wp\/v2\/media?parent=367356"}],"wp:term":[{"taxonomy":"category","embeddable":true,"href":"https:\/\/kapitalis.com\/tunisie\/wp-json\/wp\/v2\/categories?post=367356"},{"taxonomy":"post_tag","embeddable":true,"href":"https:\/\/kapitalis.com\/tunisie\/wp-json\/wp\/v2\/tags?post=367356"}],"curies":[{"name":"wp","href":"https:\/\/api.w.org\/{rel}","templated":true}]}}