{"id":367644,"date":"2021-10-27T18:52:02","date_gmt":"2021-10-27T17:52:02","guid":{"rendered":"http:\/\/kapitalis.com\/tunisie\/?p=367644"},"modified":"2021-10-27T19:24:47","modified_gmt":"2021-10-27T18:24:47","slug":"alerte-meteo-les-regions-concernees-par-les-pluies-cette-nuit-et-demain","status":"publish","type":"post","link":"https:\/\/kapitalis.com\/tunisie\/2021\/10\/27\/alerte-meteo-les-regions-concernees-par-les-pluies-cette-nuit-et-demain\/","title":{"rendered":"Alerte m\u00e9t\u00e9o : Les r\u00e9gions concern\u00e9es par les pluies cette nuit et demain"},"content":{"rendered":"\n<div class=\"wp-block-image\"><figure class=\"aligncenter size-full\"><img decoding=\"async\" src=\"http:\/\/kapitalis.com\/tunisie\/wp-content\/uploads\/2018\/11\/M\u00e9t\u00e9o-Tunisie-pluies.jpg\" alt=\"\" class=\"wp-image-181992\"\/><\/figure><\/div>\n\n\n\n<p><strong><em>Des pluies orageuses seront attendues, dans la soir\u00e9e de ce mercredi 27 octobre 2021, dans plusieurs r\u00e9gions du pays, et se poursuivront demain, annonce l&rsquo;Institut national de la m\u00e9t\u00e9orologie dans une alerte m\u00e9t\u00e9o, appelant \u00e0 la vigilance.<\/em><\/strong><\/p>\n\n\n\n<!--more-->\n\n\n\n<p>Selon l&rsquo;INM, ces pluies orageuses seront enregistr\u00e9es en particulier dans les r\u00e9gions du Cap Bon o\u00f9 les quantit\u00e9s varieront entre 80 et 100 millim\u00e8tres, notamment dans les d\u00e9l\u00e9gations de Hammam Ghezaz et El-Haouria et int\u00e9resseront \u00e9galement les villes du nord du pays.<\/p>\n\n\n\n<p>Elles sont \u00e9galement attendues progressivement au Sahel, notamment Sousse, Monastir et Mahdia; avec des chutes de gr\u00eale et des coups de foudre par endroits.<\/p>\n\n\n\n<p>Lors de l\u2019apparition des cellules orageuses, le vent soufflera fort, d\u00e9passant localement 70km\/h, pr\u00e9vient l&rsquo;INM, en pr\u00e9cisant que le littoral c\u00f4tier sera particuli\u00e8rement touch\u00e9 par ces vents forts et que la mer sera tr\u00e8s agit\u00e9e, appelant de ce fait, les p\u00eacheurs \u00e0 faire preuve de vigilance.<\/p>\n\n\n\n<p>Ce temps capricieux se poursuivra demain et le ciel sera d\u00e9gag\u00e9 \u00e0 partir de vendredi prochain, indique la m\u00eame source.<\/p>\n\n\n\n<p class=\"has-text-align-right\"><strong>Y. N.<\/strong><\/p>\n\n\n\n<p><\/p>\n","protected":false},"excerpt":{"rendered":"<p>Des pluies orageuses seront attendues, dans la soir\u00e9e de ce mercredi 27 octobre 2021, dans plusieurs r\u00e9gions du pays, et se poursuivront demain, annonce l&rsquo;Institut national de la m\u00e9t\u00e9orologie dans une alerte m\u00e9t\u00e9o, appelant \u00e0 la vigilance.<\/p>\n","protected":false},"author":6,"featured_media":0,"comment_status":"open","ping_status":"open","sticky":false,"template":"","format":"standard","meta":{"footnotes":""},"categories":[998,2433],"tags":[603,1664,62643],"class_list":["post-367644","post","type-post","status-publish","format-standard","hentry","category-societe","category-tunisie","tag-meteo","tag-pluies","tag-tunisie"],"yoast_head":"<!-- This site is optimized with the Yoast SEO plugin v26.6 - https:\/\/yoast.com\/wordpress\/plugins\/seo\/ -->\n<title>Alerte m\u00e9t\u00e9o : Les r\u00e9gions concern\u00e9es par les pluies cette nuit et demain - Kapitalis<\/title>\n<meta name=\"robots\" content=\"index, follow, max-snippet:-1, max-image-preview:large, max-video-preview:-1\" \/>\n<link rel=\"canonical\" href=\"https:\/\/kapitalis.com\/tunisie\/2021\/10\/27\/alerte-meteo-les-regions-concernees-par-les-pluies-cette-nuit-et-demain\/\" \/>\n<meta property=\"og:locale\" content=\"fr_FR\" \/>\n<meta property=\"og:type\" content=\"article\" \/>\n<meta property=\"og:title\" content=\"Alerte m\u00e9t\u00e9o : Les r\u00e9gions concern\u00e9es par les pluies cette nuit et demain - Kapitalis\" \/>\n<meta property=\"og:description\" content=\"Des pluies orageuses seront attendues, dans la soir\u00e9e de ce mercredi 27 octobre 2021, dans plusieurs r\u00e9gions du pays, et se poursuivront demain, annonce l&rsquo;Institut national de la m\u00e9t\u00e9orologie dans une alerte m\u00e9t\u00e9o, appelant \u00e0 la vigilance.\" \/>\n<meta property=\"og:url\" content=\"https:\/\/kapitalis.com\/tunisie\/2021\/10\/27\/alerte-meteo-les-regions-concernees-par-les-pluies-cette-nuit-et-demain\/\" \/>\n<meta property=\"og:site_name\" content=\"Kapitalis\" \/>\n<meta property=\"article:publisher\" content=\"https:\/\/www.facebook.com\/KapitalisInfo\/\" \/>\n<meta property=\"article:published_time\" content=\"2021-10-27T17:52:02+00:00\" \/>\n<meta property=\"article:modified_time\" content=\"2021-10-27T18:24:47+00:00\" \/>\n<meta property=\"og:image\" content=\"https:\/\/kapitalis.com\/tunisie\/wp-content\/uploads\/2022\/05\/kapitalis-logo-fb.png\" \/>\n\t<meta property=\"og:image:width\" content=\"1200\" \/>\n\t<meta property=\"og:image:height\" content=\"630\" \/>\n\t<meta property=\"og:image:type\" content=\"image\/png\" \/>\n<meta name=\"author\" content=\"Yusra NY\" \/>\n<meta name=\"twitter:card\" content=\"summary_large_image\" \/>\n<meta name=\"twitter:creator\" content=\"@KapitalisInfo\" \/>\n<meta name=\"twitter:site\" content=\"@KapitalisInfo\" \/>\n<meta name=\"twitter:label1\" content=\"\u00c9crit par\" \/>\n\t<meta name=\"twitter:data1\" content=\"Yusra NY\" \/>\n\t<meta name=\"twitter:label2\" content=\"Dur\u00e9e de lecture estim\u00e9e\" \/>\n\t<meta name=\"twitter:data2\" content=\"1 minute\" \/>\n<script type=\"application\/ld+json\" class=\"yoast-schema-graph\">{\"@context\":\"https:\/\/schema.org\",\"@graph\":[{\"@type\":\"Article\",\"@id\":\"https:\/\/kapitalis.com\/tunisie\/2021\/10\/27\/alerte-meteo-les-regions-concernees-par-les-pluies-cette-nuit-et-demain\/#article\",\"isPartOf\":{\"@id\":\"https:\/\/kapitalis.com\/tunisie\/2021\/10\/27\/alerte-meteo-les-regions-concernees-par-les-pluies-cette-nuit-et-demain\/\"},\"author\":{\"name\":\"Yusra NY\",\"@id\":\"https:\/\/kapitalis.com\/tunisie\/#\/schema\/person\/74bbde0154d49d790a92aaeac5bc01d5\"},\"headline\":\"Alerte m\u00e9t\u00e9o : Les r\u00e9gions concern\u00e9es par les pluies cette nuit et demain\",\"datePublished\":\"2021-10-27T17:52:02+00:00\",\"dateModified\":\"2021-10-27T18:24:47+00:00\",\"mainEntityOfPage\":{\"@id\":\"https:\/\/kapitalis.com\/tunisie\/2021\/10\/27\/alerte-meteo-les-regions-concernees-par-les-pluies-cette-nuit-et-demain\/\"},\"wordCount\":206,\"commentCount\":0,\"publisher\":{\"@id\":\"https:\/\/kapitalis.com\/tunisie\/#organization\"},\"keywords\":[\"m\u00e9t\u00e9o\",\"pluies\",\"Tunisie\"],\"articleSection\":[\"SOCIETE\",\"Tunisie\"],\"inLanguage\":\"fr-FR\",\"potentialAction\":[{\"@type\":\"CommentAction\",\"name\":\"Comment\",\"target\":[\"https:\/\/kapitalis.com\/tunisie\/2021\/10\/27\/alerte-meteo-les-regions-concernees-par-les-pluies-cette-nuit-et-demain\/#respond\"]}]},{\"@type\":\"WebPage\",\"@id\":\"https:\/\/kapitalis.com\/tunisie\/2021\/10\/27\/alerte-meteo-les-regions-concernees-par-les-pluies-cette-nuit-et-demain\/\",\"url\":\"https:\/\/kapitalis.com\/tunisie\/2021\/10\/27\/alerte-meteo-les-regions-concernees-par-les-pluies-cette-nuit-et-demain\/\",\"name\":\"Alerte m\u00e9t\u00e9o : Les r\u00e9gions concern\u00e9es par les pluies cette nuit et demain - Kapitalis\",\"isPartOf\":{\"@id\":\"https:\/\/kapitalis.com\/tunisie\/#website\"},\"datePublished\":\"2021-10-27T17:52:02+00:00\",\"dateModified\":\"2021-10-27T18:24:47+00:00\",\"breadcrumb\":{\"@id\":\"https:\/\/kapitalis.com\/tunisie\/2021\/10\/27\/alerte-meteo-les-regions-concernees-par-les-pluies-cette-nuit-et-demain\/#breadcrumb\"},\"inLanguage\":\"fr-FR\",\"potentialAction\":[{\"@type\":\"ReadAction\",\"target\":[\"https:\/\/kapitalis.com\/tunisie\/2021\/10\/27\/alerte-meteo-les-regions-concernees-par-les-pluies-cette-nuit-et-demain\/\"]}]},{\"@type\":\"BreadcrumbList\",\"@id\":\"https:\/\/kapitalis.com\/tunisie\/2021\/10\/27\/alerte-meteo-les-regions-concernees-par-les-pluies-cette-nuit-et-demain\/#breadcrumb\",\"itemListElement\":[{\"@type\":\"ListItem\",\"position\":1,\"name\":\"Accueil\",\"item\":\"https:\/\/kapitalis.com\/tunisie\/\"},{\"@type\":\"ListItem\",\"position\":2,\"name\":\"Alerte m\u00e9t\u00e9o : Les r\u00e9gions concern\u00e9es par les pluies cette nuit et demain\"}]},{\"@type\":\"WebSite\",\"@id\":\"https:\/\/kapitalis.com\/tunisie\/#website\",\"url\":\"https:\/\/kapitalis.com\/tunisie\/\",\"name\":\"Kapitalis\",\"description\":\"L&#039;actualit\u00e9 en Tunisie et dans le monde\",\"publisher\":{\"@id\":\"https:\/\/kapitalis.com\/tunisie\/#organization\"},\"potentialAction\":[{\"@type\":\"SearchAction\",\"target\":{\"@type\":\"EntryPoint\",\"urlTemplate\":\"https:\/\/kapitalis.com\/tunisie\/?s={search_term_string}\"},\"query-input\":{\"@type\":\"PropertyValueSpecification\",\"valueRequired\":true,\"valueName\":\"search_term_string\"}}],\"inLanguage\":\"fr-FR\"},{\"@type\":\"Organization\",\"@id\":\"https:\/\/kapitalis.com\/tunisie\/#organization\",\"name\":\"Kapitalis\",\"url\":\"https:\/\/kapitalis.com\/tunisie\/\",\"logo\":{\"@type\":\"ImageObject\",\"inLanguage\":\"fr-FR\",\"@id\":\"https:\/\/kapitalis.com\/tunisie\/#\/schema\/logo\/image\/\",\"url\":\"https:\/\/kapitalis.com\/tunisie\/wp-content\/uploads\/2022\/05\/Kapitalis-big-size.png\",\"contentUrl\":\"https:\/\/kapitalis.com\/tunisie\/wp-content\/uploads\/2022\/05\/Kapitalis-big-size.png\",\"width\":5000,\"height\":1500,\"caption\":\"Kapitalis\"},\"image\":{\"@id\":\"https:\/\/kapitalis.com\/tunisie\/#\/schema\/logo\/image\/\"},\"sameAs\":[\"https:\/\/www.facebook.com\/KapitalisInfo\/\",\"https:\/\/x.com\/KapitalisInfo\",\"https:\/\/www.youtube.com\/channel\/UC-yDYrHyfFBWWZaOw3FPg9Q\"]},{\"@type\":\"Person\",\"@id\":\"https:\/\/kapitalis.com\/tunisie\/#\/schema\/person\/74bbde0154d49d790a92aaeac5bc01d5\",\"name\":\"Yusra NY\",\"url\":\"https:\/\/kapitalis.com\/tunisie\/author\/yuza_adam\/\"}]}<\/script>\n<!-- \/ Yoast SEO plugin. -->","yoast_head_json":{"title":"Alerte m\u00e9t\u00e9o : Les r\u00e9gions concern\u00e9es par les pluies cette nuit et demain - Kapitalis","robots":{"index":"index","follow":"follow","max-snippet":"max-snippet:-1","max-image-preview":"max-image-preview:large","max-video-preview":"max-video-preview:-1"},"canonical":"https:\/\/kapitalis.com\/tunisie\/2021\/10\/27\/alerte-meteo-les-regions-concernees-par-les-pluies-cette-nuit-et-demain\/","og_locale":"fr_FR","og_type":"article","og_title":"Alerte m\u00e9t\u00e9o : Les r\u00e9gions concern\u00e9es par les pluies cette nuit et demain - Kapitalis","og_description":"Des pluies orageuses seront attendues, dans la soir\u00e9e de ce mercredi 27 octobre 2021, dans plusieurs r\u00e9gions du pays, et se poursuivront demain, annonce l&rsquo;Institut national de la m\u00e9t\u00e9orologie dans une alerte m\u00e9t\u00e9o, appelant \u00e0 la vigilance.","og_url":"https:\/\/kapitalis.com\/tunisie\/2021\/10\/27\/alerte-meteo-les-regions-concernees-par-les-pluies-cette-nuit-et-demain\/","og_site_name":"Kapitalis","article_publisher":"https:\/\/www.facebook.com\/KapitalisInfo\/","article_published_time":"2021-10-27T17:52:02+00:00","article_modified_time":"2021-10-27T18:24:47+00:00","og_image":[{"width":1200,"height":630,"url":"https:\/\/kapitalis.com\/tunisie\/wp-content\/uploads\/2022\/05\/kapitalis-logo-fb.png","type":"image\/png"}],"author":"Yusra NY","twitter_card":"summary_large_image","twitter_creator":"@KapitalisInfo","twitter_site":"@KapitalisInfo","twitter_misc":{"\u00c9crit par":"Yusra NY","Dur\u00e9e de lecture estim\u00e9e":"1 minute"},"schema":{"@context":"https:\/\/schema.org","@graph":[{"@type":"Article","@id":"https:\/\/kapitalis.com\/tunisie\/2021\/10\/27\/alerte-meteo-les-regions-concernees-par-les-pluies-cette-nuit-et-demain\/#article","isPartOf":{"@id":"https:\/\/kapitalis.com\/tunisie\/2021\/10\/27\/alerte-meteo-les-regions-concernees-par-les-pluies-cette-nuit-et-demain\/"},"author":{"name":"Yusra NY","@id":"https:\/\/kapitalis.com\/tunisie\/#\/schema\/person\/74bbde0154d49d790a92aaeac5bc01d5"},"headline":"Alerte m\u00e9t\u00e9o : Les r\u00e9gions concern\u00e9es par les pluies cette nuit et demain","datePublished":"2021-10-27T17:52:02+00:00","dateModified":"2021-10-27T18:24:47+00:00","mainEntityOfPage":{"@id":"https:\/\/kapitalis.com\/tunisie\/2021\/10\/27\/alerte-meteo-les-regions-concernees-par-les-pluies-cette-nuit-et-demain\/"},"wordCount":206,"commentCount":0,"publisher":{"@id":"https:\/\/kapitalis.com\/tunisie\/#organization"},"keywords":["m\u00e9t\u00e9o","pluies","Tunisie"],"articleSection":["SOCIETE","Tunisie"],"inLanguage":"fr-FR","potentialAction":[{"@type":"CommentAction","name":"Comment","target":["https:\/\/kapitalis.com\/tunisie\/2021\/10\/27\/alerte-meteo-les-regions-concernees-par-les-pluies-cette-nuit-et-demain\/#respond"]}]},{"@type":"WebPage","@id":"https:\/\/kapitalis.com\/tunisie\/2021\/10\/27\/alerte-meteo-les-regions-concernees-par-les-pluies-cette-nuit-et-demain\/","url":"https:\/\/kapitalis.com\/tunisie\/2021\/10\/27\/alerte-meteo-les-regions-concernees-par-les-pluies-cette-nuit-et-demain\/","name":"Alerte m\u00e9t\u00e9o : Les r\u00e9gions concern\u00e9es par les pluies cette nuit et demain - Kapitalis","isPartOf":{"@id":"https:\/\/kapitalis.com\/tunisie\/#website"},"datePublished":"2021-10-27T17:52:02+00:00","dateModified":"2021-10-27T18:24:47+00:00","breadcrumb":{"@id":"https:\/\/kapitalis.com\/tunisie\/2021\/10\/27\/alerte-meteo-les-regions-concernees-par-les-pluies-cette-nuit-et-demain\/#breadcrumb"},"inLanguage":"fr-FR","potentialAction":[{"@type":"ReadAction","target":["https:\/\/kapitalis.com\/tunisie\/2021\/10\/27\/alerte-meteo-les-regions-concernees-par-les-pluies-cette-nuit-et-demain\/"]}]},{"@type":"BreadcrumbList","@id":"https:\/\/kapitalis.com\/tunisie\/2021\/10\/27\/alerte-meteo-les-regions-concernees-par-les-pluies-cette-nuit-et-demain\/#breadcrumb","itemListElement":[{"@type":"ListItem","position":1,"name":"Accueil","item":"https:\/\/kapitalis.com\/tunisie\/"},{"@type":"ListItem","position":2,"name":"Alerte m\u00e9t\u00e9o : Les r\u00e9gions concern\u00e9es par les pluies cette nuit et demain"}]},{"@type":"WebSite","@id":"https:\/\/kapitalis.com\/tunisie\/#website","url":"https:\/\/kapitalis.com\/tunisie\/","name":"Kapitalis","description":"L&#039;actualit\u00e9 en Tunisie et dans le monde","publisher":{"@id":"https:\/\/kapitalis.com\/tunisie\/#organization"},"potentialAction":[{"@type":"SearchAction","target":{"@type":"EntryPoint","urlTemplate":"https:\/\/kapitalis.com\/tunisie\/?s={search_term_string}"},"query-input":{"@type":"PropertyValueSpecification","valueRequired":true,"valueName":"search_term_string"}}],"inLanguage":"fr-FR"},{"@type":"Organization","@id":"https:\/\/kapitalis.com\/tunisie\/#organization","name":"Kapitalis","url":"https:\/\/kapitalis.com\/tunisie\/","logo":{"@type":"ImageObject","inLanguage":"fr-FR","@id":"https:\/\/kapitalis.com\/tunisie\/#\/schema\/logo\/image\/","url":"https:\/\/kapitalis.com\/tunisie\/wp-content\/uploads\/2022\/05\/Kapitalis-big-size.png","contentUrl":"https:\/\/kapitalis.com\/tunisie\/wp-content\/uploads\/2022\/05\/Kapitalis-big-size.png","width":5000,"height":1500,"caption":"Kapitalis"},"image":{"@id":"https:\/\/kapitalis.com\/tunisie\/#\/schema\/logo\/image\/"},"sameAs":["https:\/\/www.facebook.com\/KapitalisInfo\/","https:\/\/x.com\/KapitalisInfo","https:\/\/www.youtube.com\/channel\/UC-yDYrHyfFBWWZaOw3FPg9Q"]},{"@type":"Person","@id":"https:\/\/kapitalis.com\/tunisie\/#\/schema\/person\/74bbde0154d49d790a92aaeac5bc01d5","name":"Yusra NY","url":"https:\/\/kapitalis.com\/tunisie\/author\/yuza_adam\/"}]}},"_links":{"self":[{"href":"https:\/\/kapitalis.com\/tunisie\/wp-json\/wp\/v2\/posts\/367644","targetHints":{"allow":["GET"]}}],"collection":[{"href":"https:\/\/kapitalis.com\/tunisie\/wp-json\/wp\/v2\/posts"}],"about":[{"href":"https:\/\/kapitalis.com\/tunisie\/wp-json\/wp\/v2\/types\/post"}],"author":[{"embeddable":true,"href":"https:\/\/kapitalis.com\/tunisie\/wp-json\/wp\/v2\/users\/6"}],"replies":[{"embeddable":true,"href":"https:\/\/kapitalis.com\/tunisie\/wp-json\/wp\/v2\/comments?post=367644"}],"version-history":[{"count":0,"href":"https:\/\/kapitalis.com\/tunisie\/wp-json\/wp\/v2\/posts\/367644\/revisions"}],"wp:attachment":[{"href":"https:\/\/kapitalis.com\/tunisie\/wp-json\/wp\/v2\/media?parent=367644"}],"wp:term":[{"taxonomy":"category","embeddable":true,"href":"https:\/\/kapitalis.com\/tunisie\/wp-json\/wp\/v2\/categories?post=367644"},{"taxonomy":"post_tag","embeddable":true,"href":"https:\/\/kapitalis.com\/tunisie\/wp-json\/wp\/v2\/tags?post=367644"}],"curies":[{"name":"wp","href":"https:\/\/api.w.org\/{rel}","templated":true}]}}