{"id":367730,"date":"2021-10-28T12:43:04","date_gmt":"2021-10-28T11:43:04","guid":{"rendered":"http:\/\/kapitalis.com\/tunisie\/?p=367730"},"modified":"2021-10-28T12:45:21","modified_gmt":"2021-10-28T11:45:21","slug":"tunisie-coup-de-chaleur-sur-le-front-social","status":"publish","type":"post","link":"https:\/\/kapitalis.com\/tunisie\/2021\/10\/28\/tunisie-coup-de-chaleur-sur-le-front-social\/","title":{"rendered":"Tunisie : Coup de chaleur sur le front social"},"content":{"rendered":"\n<div class=\"wp-block-image\"><figure class=\"aligncenter size-full\"><img decoding=\"async\" src=\"http:\/\/kapitalis.com\/tunisie\/wp-content\/uploads\/2021\/10\/UGTT-Sfax.jpg\" alt=\"\" class=\"wp-image-367731\"\/><figcaption><em>Photo d&rsquo;archives. <\/em><\/figcaption><\/figure><\/div>\n\n\n\n<p><strong><em>La gr\u00e8ve g\u00e9n\u00e9rale observ\u00e9e aujourd&rsquo;hui, jeudi 28 octobre 2021, par les employ\u00e9s de 174 entreprises priv\u00e9es \u00e0 Sfax, selon les chiffres avanc\u00e9s par l&rsquo;Union g\u00e9n\u00e9rale tunisienne du travail (UGTT), pour revendiquer, comme souvent, des hausses salariales, est un simple tour de chauffe. C&rsquo;est une mani\u00e8re de la part de la centrale syndicale de montrer de quel bois elle se chauffe en perspective de prochaines confrontations, sans doute d\u00e9j\u00e0 programm\u00e9es, avec les autorit\u00e9s publiques et le patronat priv\u00e9 sur le m\u00eame th\u00e8me des hausses salariales.<\/em><\/strong><\/p>\n\n\n\n<p>Par <strong>Imed Bahri<\/strong><\/p>\n\n\n\n<!--more-->\n\n\n\n<p>Lors de sa premi\u00e8re rencontre hier, mercredi 27 octobre, avec le secr\u00e9taire g\u00e9n\u00e9ral de l&rsquo;UGTT, Noureddine Taboubi, qui, dit-on, a dur\u00e9 plusieurs heures et dont peu de chose a filtr\u00e9, la cheffe de gouvernement Najla Bouden a vainement insist\u00e9 sur la n\u00e9cessit\u00e9 de tenir compte de la situation difficile que traverse la Tunisie, au sortir d&rsquo;une crise pand\u00e9mique qui a aggrav\u00e9 la crise \u00e9conomique, fragilis\u00e9 la plupart des entreprises et caus\u00e9 la faillite de dizaines de milliers d&rsquo;entre elles, la r\u00e9ponse n&rsquo;a pas tard\u00e9 \u00e0 venir et la gr\u00e8ve d&rsquo;aujourd&rsquo;hui, observ\u00e9e dans un important bassin d&#8217;emploi, est une sorte d&rsquo;avertissement, de tour de chauffe ou de mise en bouche\u00a0: le pire est, \u00e0 n&rsquo;en pas douter, \u00e0 venir.<\/p>\n\n\n\n<p>Si la crise a affect\u00e9 le pouvoir d&rsquo;achat de tous les salari\u00e9s et r\u00e9duit au ch\u00f4mage beaucoup d&rsquo;entre eux, elle n&rsquo;en a pas moins aggrav\u00e9 les difficult\u00e9s des entreprises priv\u00e9es et r\u00e9duit la marge de man\u0153uvre financi\u00e8re de l\u2019\u00c9tat, au moment o\u00f9 la Tunisie sollicite l&rsquo;aide du Fonds mon\u00e9taire international (FMI) et d&rsquo;autres bailleurs de fonds qui, tous, insistent pour que l\u2019\u00c9tat mette fin \u00e0 ses largesses en mati\u00e8re de recrutements et d&rsquo;augmentations salariales dans le secteur public. Dire que la marge de man\u0153uvre du gouvernement Bouden est tr\u00e8s \u00e9triqu\u00e9e est un euph\u00e9misme, alors qu&rsquo;en face, les dirigeants syndicaux menacent de sonner la mobilisation g\u00e9n\u00e9rale pour exiger de nouvelles augmentations salariales.<\/p>\n\n\n\n<h2 class=\"wp-block-heading\">Une marge de man\u0153uvre tr\u00e8s \u00e9triqu\u00e9e<\/h2>\n\n\n\n<p>C&rsquo;est \u00e0 cette s\u00e9quence d&rsquo;exacerbation des revendications sociales que nous risquons d&rsquo;assister dans les prochaines semaines, alors que le mois de janvier, souvent propice aux grandes joutes syndicales, approche \u00e0 grand pas et que le gouvernement, \u00e9trangement silencieux, semble \u00e0 court de solutions pour relancer l&rsquo;\u00e9conomie et graisser une machine de production gripp\u00e9e depuis plusieurs mois.<\/p>\n\n\n\n<p>Dans la situation \u00e0 laquelle tous les op\u00e9rateurs \u00e9conomiques sont actuellement soumis, avec une hausse des cours des mati\u00e8res premi\u00e8res, une exacerbation des prix des intrants, une augmentation des cours de l&rsquo;\u00e9nergie, une stagnation des recettes et une rar\u00e9faction des ressources, on voit mal les entreprises accepter d&rsquo;\u00e9ventuelles augmentations salariales. L&rsquo;Union tunisienne de l&rsquo;industrie, du commerce et de l&rsquo;artisanat (Utica) a d\u00e9plor\u00e9 dans un communiqu\u00e9 publi\u00e9, hier, 27 octobre, le maintien de la gr\u00e8ve pr\u00e9vue pour aujourd&rsquo;hui par la centrale syndicale , qui, selon ses termes, <em>\u00abne tient pas compte de la situation g\u00e9n\u00e9rale dans le pays\u00bb. <\/em>La centrale patronale, qui soup\u00e7onne des raisons politiques derri\u00e8re cette brusque mont\u00e9e au cr\u00e9neau des syndicats, affirme par ailleurs qu&rsquo;elle fera face \u00e0 <em>\u00abtoute menace contre la p\u00e9rennit\u00e9 et la stabilit\u00e9 des entreprises \u00e9conomiques\u00bb.<\/em><\/p>\n\n\n\n<p><em>\u00abLes gr\u00e8ves non justifi\u00e9es et non raisonnables au moment o\u00f9 le pays traverse une crise \u00e9touffante poussera toutes les parties au bord du gouffre, provoquera davantage de licenciements d&rsquo;ouvriers et de fermetures d&rsquo;entreprises, portera atteinte \u00e0 l&rsquo;investissement national et \u00e0 l&rsquo;investissement \u00e9tranger dont notre pays a vivement besoin\u00bb<\/em>, avertit la centrale patronale<em>, <\/em>qui craint la multiplication des arr\u00eats du travail, qui, de toute fa\u00e7on, ne r\u00e9soudront aucun probl\u00e8me et aggraveront une situation d\u00e9j\u00e0 largement compromise. Et pas seulement \u00e0 Sfax&#8230;<\/p>\n\n\n\n<h2 class=\"wp-block-heading\">Partage des sacrifices et des gains<\/h2>\n\n\n\n<p>Face aux nuages qui s&rsquo;amoncellent dans le ciel et qui alourdissent l&rsquo;atmosph\u00e8re g\u00e9n\u00e9rale dans le pays, dont tous les indicateurs \u00e9conomiques sont au rouge, qui plus est, sur un fond de crise politique, sociale et sanitaire, il n&rsquo;y a pas trente-six mille solutions\u00a0: il va falloir que toutes les parties-prenantes mettent de l&rsquo;eau dans leur vin, r\u00e9duisent leurs ambitions initiales, c\u00e8dent sur certains points pour sauver l&rsquo;essentiel et tentent de partager aussi bien les sacrifices \u00e0 faire que les gains esp\u00e9r\u00e9s, dans une logique de sauvetage de l&rsquo;\u00e9conomie nationale. Et dans cette optique, c&rsquo;est la pr\u00e9sidence de la r\u00e9publique qui doit assumer le r\u00f4le de locomotive. Car la cheffe de gouvernement, nouvellement nomm\u00e9e, n&rsquo;est pas encore en mesure de faire les arbitrages n\u00e9cessaires avec toute l&rsquo;autorit\u00e9 requise, d&rsquo;autant que son autorit\u00e9 est tr\u00e8s limit\u00e9e, si elle n&rsquo;est pas contest\u00e9e par certaines parties, qui ne voient en elle qu&rsquo;une simple ex\u00e9cutante des instructions du pr\u00e9sident de la r\u00e9publique, lequel accapare, depuis l&rsquo;annonce des <em>\u00abmesures exceptionnelles\u00bb<\/em>, le 25 juillet dernier, tous les pouvoirs au sein de l\u2019\u00c9tat.<\/p>\n\n\n\n<p>C&rsquo;est donc \u00e0 M. Sa\u00efed de sortir de son isolement actuel, de tendre la main aux acteurs sociaux, quitte \u00e0 rompre avec sa rigidit\u00e9 habituelle pour ne pas ajouter aux crispations des uns et des autres. Si ce n&rsquo;est pas trop lui demander&#8230;<\/p>\n","protected":false},"excerpt":{"rendered":"<p>La gr\u00e8ve g\u00e9n\u00e9rale observ\u00e9e aujourd&rsquo;hui, jeudi 28 octobre 2021, par les employ\u00e9s de 174 entreprises priv\u00e9es \u00e0 Sfax, selon les chiffres avanc\u00e9s par l&rsquo;Union g\u00e9n\u00e9rale tunisienne du travail (UGTT), pour revendiquer, comme souvent, des hausses salariales, est un simple tour de chauffe. C&rsquo;est une mani\u00e8re de la part de la centrale syndicale de montrer de&#8230;<\/p>\n","protected":false},"author":8,"featured_media":367731,"comment_status":"open","ping_status":"open","sticky":false,"template":"","format":"standard","meta":{"footnotes":""},"categories":[992,995,997,2433],"tags":[6947,70520,93702,21897,823,62643,936],"class_list":["post-367730","post","type-post","status-publish","format-standard","has-post-thumbnail","hentry","category-a-la-une","category-economie","category-politique","category-tunisie","tag-greve-generale","tag-kais-saied-3","tag-najla-bouden","tag-noureddine-taboubi","tag-sfax","tag-tunisie","tag-ugtt"],"yoast_head":"<!-- This site is optimized with the Yoast SEO plugin v26.6 - https:\/\/yoast.com\/wordpress\/plugins\/seo\/ -->\n<title>Tunisie : Coup de chaleur sur le front social - Kapitalis<\/title>\n<meta name=\"robots\" content=\"index, follow, max-snippet:-1, max-image-preview:large, max-video-preview:-1\" \/>\n<link rel=\"canonical\" href=\"https:\/\/kapitalis.com\/tunisie\/2021\/10\/28\/tunisie-coup-de-chaleur-sur-le-front-social\/\" \/>\n<meta property=\"og:locale\" content=\"fr_FR\" \/>\n<meta property=\"og:type\" content=\"article\" \/>\n<meta property=\"og:title\" content=\"Tunisie : Coup de chaleur sur le front social - Kapitalis\" \/>\n<meta property=\"og:description\" content=\"La gr\u00e8ve g\u00e9n\u00e9rale observ\u00e9e aujourd&rsquo;hui, jeudi 28 octobre 2021, par les employ\u00e9s de 174 entreprises priv\u00e9es \u00e0 Sfax, selon les chiffres avanc\u00e9s par l&rsquo;Union g\u00e9n\u00e9rale tunisienne du travail (UGTT), pour revendiquer, comme souvent, des hausses salariales, est un simple tour de chauffe. C&rsquo;est une mani\u00e8re de la part de la centrale syndicale de montrer de...\" \/>\n<meta property=\"og:url\" content=\"https:\/\/kapitalis.com\/tunisie\/2021\/10\/28\/tunisie-coup-de-chaleur-sur-le-front-social\/\" \/>\n<meta property=\"og:site_name\" content=\"Kapitalis\" \/>\n<meta property=\"article:publisher\" content=\"https:\/\/www.facebook.com\/KapitalisInfo\/\" \/>\n<meta property=\"article:published_time\" content=\"2021-10-28T11:43:04+00:00\" \/>\n<meta property=\"article:modified_time\" content=\"2021-10-28T11:45:21+00:00\" \/>\n<meta property=\"og:image\" content=\"https:\/\/kapitalis.com\/tunisie\/wp-content\/uploads\/2022\/05\/kapitalis-logo-fb.png\" \/>\n\t<meta property=\"og:image:width\" content=\"1200\" \/>\n\t<meta property=\"og:image:height\" content=\"630\" \/>\n\t<meta property=\"og:image:type\" content=\"image\/png\" \/>\n<meta name=\"author\" content=\"webmaster kapitalis\" \/>\n<meta name=\"twitter:card\" content=\"summary_large_image\" \/>\n<meta name=\"twitter:creator\" content=\"@KapitalisInfo\" \/>\n<meta name=\"twitter:site\" content=\"@KapitalisInfo\" \/>\n<meta name=\"twitter:label1\" content=\"\u00c9crit par\" \/>\n\t<meta name=\"twitter:data1\" content=\"webmaster kapitalis\" \/>\n\t<meta name=\"twitter:label2\" content=\"Dur\u00e9e de lecture estim\u00e9e\" \/>\n\t<meta name=\"twitter:data2\" content=\"4 minutes\" \/>\n<script type=\"application\/ld+json\" class=\"yoast-schema-graph\">{\"@context\":\"https:\/\/schema.org\",\"@graph\":[{\"@type\":\"Article\",\"@id\":\"https:\/\/kapitalis.com\/tunisie\/2021\/10\/28\/tunisie-coup-de-chaleur-sur-le-front-social\/#article\",\"isPartOf\":{\"@id\":\"https:\/\/kapitalis.com\/tunisie\/2021\/10\/28\/tunisie-coup-de-chaleur-sur-le-front-social\/\"},\"author\":{\"name\":\"webmaster kapitalis\",\"@id\":\"https:\/\/kapitalis.com\/tunisie\/#\/schema\/person\/d71f33a9ca44f7bad4698210b480c8e9\"},\"headline\":\"Tunisie : Coup de chaleur sur le front social\",\"datePublished\":\"2021-10-28T11:43:04+00:00\",\"dateModified\":\"2021-10-28T11:45:21+00:00\",\"mainEntityOfPage\":{\"@id\":\"https:\/\/kapitalis.com\/tunisie\/2021\/10\/28\/tunisie-coup-de-chaleur-sur-le-front-social\/\"},\"wordCount\":892,\"commentCount\":2,\"publisher\":{\"@id\":\"https:\/\/kapitalis.com\/tunisie\/#organization\"},\"image\":{\"@id\":\"https:\/\/kapitalis.com\/tunisie\/2021\/10\/28\/tunisie-coup-de-chaleur-sur-le-front-social\/#primaryimage\"},\"thumbnailUrl\":\"\",\"keywords\":[\"gr\u00e8ve g\u00e9n\u00e9rale\",\"Kais Saied\",\"Najla Bouden\",\"Noureddine Taboubi\",\"Sfax\",\"Tunisie\",\"UGTT\"],\"articleSection\":[\"A LA UNE\",\"ECONOMIE\",\"POLITIQUE\",\"Tunisie\"],\"inLanguage\":\"fr-FR\",\"potentialAction\":[{\"@type\":\"CommentAction\",\"name\":\"Comment\",\"target\":[\"https:\/\/kapitalis.com\/tunisie\/2021\/10\/28\/tunisie-coup-de-chaleur-sur-le-front-social\/#respond\"]}]},{\"@type\":\"WebPage\",\"@id\":\"https:\/\/kapitalis.com\/tunisie\/2021\/10\/28\/tunisie-coup-de-chaleur-sur-le-front-social\/\",\"url\":\"https:\/\/kapitalis.com\/tunisie\/2021\/10\/28\/tunisie-coup-de-chaleur-sur-le-front-social\/\",\"name\":\"Tunisie : Coup de chaleur sur le front social - Kapitalis\",\"isPartOf\":{\"@id\":\"https:\/\/kapitalis.com\/tunisie\/#website\"},\"primaryImageOfPage\":{\"@id\":\"https:\/\/kapitalis.com\/tunisie\/2021\/10\/28\/tunisie-coup-de-chaleur-sur-le-front-social\/#primaryimage\"},\"image\":{\"@id\":\"https:\/\/kapitalis.com\/tunisie\/2021\/10\/28\/tunisie-coup-de-chaleur-sur-le-front-social\/#primaryimage\"},\"thumbnailUrl\":\"\",\"datePublished\":\"2021-10-28T11:43:04+00:00\",\"dateModified\":\"2021-10-28T11:45:21+00:00\",\"breadcrumb\":{\"@id\":\"https:\/\/kapitalis.com\/tunisie\/2021\/10\/28\/tunisie-coup-de-chaleur-sur-le-front-social\/#breadcrumb\"},\"inLanguage\":\"fr-FR\",\"potentialAction\":[{\"@type\":\"ReadAction\",\"target\":[\"https:\/\/kapitalis.com\/tunisie\/2021\/10\/28\/tunisie-coup-de-chaleur-sur-le-front-social\/\"]}]},{\"@type\":\"ImageObject\",\"inLanguage\":\"fr-FR\",\"@id\":\"https:\/\/kapitalis.com\/tunisie\/2021\/10\/28\/tunisie-coup-de-chaleur-sur-le-front-social\/#primaryimage\",\"url\":\"\",\"contentUrl\":\"\"},{\"@type\":\"BreadcrumbList\",\"@id\":\"https:\/\/kapitalis.com\/tunisie\/2021\/10\/28\/tunisie-coup-de-chaleur-sur-le-front-social\/#breadcrumb\",\"itemListElement\":[{\"@type\":\"ListItem\",\"position\":1,\"name\":\"Accueil\",\"item\":\"https:\/\/kapitalis.com\/tunisie\/\"},{\"@type\":\"ListItem\",\"position\":2,\"name\":\"Tunisie : Coup de chaleur sur le front social\"}]},{\"@type\":\"WebSite\",\"@id\":\"https:\/\/kapitalis.com\/tunisie\/#website\",\"url\":\"https:\/\/kapitalis.com\/tunisie\/\",\"name\":\"Kapitalis\",\"description\":\"L&#039;actualit\u00e9 en Tunisie et dans le monde\",\"publisher\":{\"@id\":\"https:\/\/kapitalis.com\/tunisie\/#organization\"},\"potentialAction\":[{\"@type\":\"SearchAction\",\"target\":{\"@type\":\"EntryPoint\",\"urlTemplate\":\"https:\/\/kapitalis.com\/tunisie\/?s={search_term_string}\"},\"query-input\":{\"@type\":\"PropertyValueSpecification\",\"valueRequired\":true,\"valueName\":\"search_term_string\"}}],\"inLanguage\":\"fr-FR\"},{\"@type\":\"Organization\",\"@id\":\"https:\/\/kapitalis.com\/tunisie\/#organization\",\"name\":\"Kapitalis\",\"url\":\"https:\/\/kapitalis.com\/tunisie\/\",\"logo\":{\"@type\":\"ImageObject\",\"inLanguage\":\"fr-FR\",\"@id\":\"https:\/\/kapitalis.com\/tunisie\/#\/schema\/logo\/image\/\",\"url\":\"https:\/\/kapitalis.com\/tunisie\/wp-content\/uploads\/2022\/05\/Kapitalis-big-size.png\",\"contentUrl\":\"https:\/\/kapitalis.com\/tunisie\/wp-content\/uploads\/2022\/05\/Kapitalis-big-size.png\",\"width\":5000,\"height\":1500,\"caption\":\"Kapitalis\"},\"image\":{\"@id\":\"https:\/\/kapitalis.com\/tunisie\/#\/schema\/logo\/image\/\"},\"sameAs\":[\"https:\/\/www.facebook.com\/KapitalisInfo\/\",\"https:\/\/x.com\/KapitalisInfo\",\"https:\/\/www.youtube.com\/channel\/UC-yDYrHyfFBWWZaOw3FPg9Q\"]},{\"@type\":\"Person\",\"@id\":\"https:\/\/kapitalis.com\/tunisie\/#\/schema\/person\/d71f33a9ca44f7bad4698210b480c8e9\",\"name\":\"webmaster kapitalis\",\"url\":\"https:\/\/kapitalis.com\/tunisie\/author\/webmaster-kapitalis\/\"}]}<\/script>\n<!-- \/ Yoast SEO plugin. -->","yoast_head_json":{"title":"Tunisie : Coup de chaleur sur le front social - Kapitalis","robots":{"index":"index","follow":"follow","max-snippet":"max-snippet:-1","max-image-preview":"max-image-preview:large","max-video-preview":"max-video-preview:-1"},"canonical":"https:\/\/kapitalis.com\/tunisie\/2021\/10\/28\/tunisie-coup-de-chaleur-sur-le-front-social\/","og_locale":"fr_FR","og_type":"article","og_title":"Tunisie : Coup de chaleur sur le front social - Kapitalis","og_description":"La gr\u00e8ve g\u00e9n\u00e9rale observ\u00e9e aujourd&rsquo;hui, jeudi 28 octobre 2021, par les employ\u00e9s de 174 entreprises priv\u00e9es \u00e0 Sfax, selon les chiffres avanc\u00e9s par l&rsquo;Union g\u00e9n\u00e9rale tunisienne du travail (UGTT), pour revendiquer, comme souvent, des hausses salariales, est un simple tour de chauffe. C&rsquo;est une mani\u00e8re de la part de la centrale syndicale de montrer de...","og_url":"https:\/\/kapitalis.com\/tunisie\/2021\/10\/28\/tunisie-coup-de-chaleur-sur-le-front-social\/","og_site_name":"Kapitalis","article_publisher":"https:\/\/www.facebook.com\/KapitalisInfo\/","article_published_time":"2021-10-28T11:43:04+00:00","article_modified_time":"2021-10-28T11:45:21+00:00","og_image":[{"width":1200,"height":630,"url":"https:\/\/kapitalis.com\/tunisie\/wp-content\/uploads\/2022\/05\/kapitalis-logo-fb.png","type":"image\/png"}],"author":"webmaster kapitalis","twitter_card":"summary_large_image","twitter_creator":"@KapitalisInfo","twitter_site":"@KapitalisInfo","twitter_misc":{"\u00c9crit par":"webmaster kapitalis","Dur\u00e9e de lecture estim\u00e9e":"4 minutes"},"schema":{"@context":"https:\/\/schema.org","@graph":[{"@type":"Article","@id":"https:\/\/kapitalis.com\/tunisie\/2021\/10\/28\/tunisie-coup-de-chaleur-sur-le-front-social\/#article","isPartOf":{"@id":"https:\/\/kapitalis.com\/tunisie\/2021\/10\/28\/tunisie-coup-de-chaleur-sur-le-front-social\/"},"author":{"name":"webmaster kapitalis","@id":"https:\/\/kapitalis.com\/tunisie\/#\/schema\/person\/d71f33a9ca44f7bad4698210b480c8e9"},"headline":"Tunisie : Coup de chaleur sur le front social","datePublished":"2021-10-28T11:43:04+00:00","dateModified":"2021-10-28T11:45:21+00:00","mainEntityOfPage":{"@id":"https:\/\/kapitalis.com\/tunisie\/2021\/10\/28\/tunisie-coup-de-chaleur-sur-le-front-social\/"},"wordCount":892,"commentCount":2,"publisher":{"@id":"https:\/\/kapitalis.com\/tunisie\/#organization"},"image":{"@id":"https:\/\/kapitalis.com\/tunisie\/2021\/10\/28\/tunisie-coup-de-chaleur-sur-le-front-social\/#primaryimage"},"thumbnailUrl":"","keywords":["gr\u00e8ve g\u00e9n\u00e9rale","Kais Saied","Najla Bouden","Noureddine Taboubi","Sfax","Tunisie","UGTT"],"articleSection":["A LA UNE","ECONOMIE","POLITIQUE","Tunisie"],"inLanguage":"fr-FR","potentialAction":[{"@type":"CommentAction","name":"Comment","target":["https:\/\/kapitalis.com\/tunisie\/2021\/10\/28\/tunisie-coup-de-chaleur-sur-le-front-social\/#respond"]}]},{"@type":"WebPage","@id":"https:\/\/kapitalis.com\/tunisie\/2021\/10\/28\/tunisie-coup-de-chaleur-sur-le-front-social\/","url":"https:\/\/kapitalis.com\/tunisie\/2021\/10\/28\/tunisie-coup-de-chaleur-sur-le-front-social\/","name":"Tunisie : Coup de chaleur sur le front social - Kapitalis","isPartOf":{"@id":"https:\/\/kapitalis.com\/tunisie\/#website"},"primaryImageOfPage":{"@id":"https:\/\/kapitalis.com\/tunisie\/2021\/10\/28\/tunisie-coup-de-chaleur-sur-le-front-social\/#primaryimage"},"image":{"@id":"https:\/\/kapitalis.com\/tunisie\/2021\/10\/28\/tunisie-coup-de-chaleur-sur-le-front-social\/#primaryimage"},"thumbnailUrl":"","datePublished":"2021-10-28T11:43:04+00:00","dateModified":"2021-10-28T11:45:21+00:00","breadcrumb":{"@id":"https:\/\/kapitalis.com\/tunisie\/2021\/10\/28\/tunisie-coup-de-chaleur-sur-le-front-social\/#breadcrumb"},"inLanguage":"fr-FR","potentialAction":[{"@type":"ReadAction","target":["https:\/\/kapitalis.com\/tunisie\/2021\/10\/28\/tunisie-coup-de-chaleur-sur-le-front-social\/"]}]},{"@type":"ImageObject","inLanguage":"fr-FR","@id":"https:\/\/kapitalis.com\/tunisie\/2021\/10\/28\/tunisie-coup-de-chaleur-sur-le-front-social\/#primaryimage","url":"","contentUrl":""},{"@type":"BreadcrumbList","@id":"https:\/\/kapitalis.com\/tunisie\/2021\/10\/28\/tunisie-coup-de-chaleur-sur-le-front-social\/#breadcrumb","itemListElement":[{"@type":"ListItem","position":1,"name":"Accueil","item":"https:\/\/kapitalis.com\/tunisie\/"},{"@type":"ListItem","position":2,"name":"Tunisie : Coup de chaleur sur le front social"}]},{"@type":"WebSite","@id":"https:\/\/kapitalis.com\/tunisie\/#website","url":"https:\/\/kapitalis.com\/tunisie\/","name":"Kapitalis","description":"L&#039;actualit\u00e9 en Tunisie et dans le monde","publisher":{"@id":"https:\/\/kapitalis.com\/tunisie\/#organization"},"potentialAction":[{"@type":"SearchAction","target":{"@type":"EntryPoint","urlTemplate":"https:\/\/kapitalis.com\/tunisie\/?s={search_term_string}"},"query-input":{"@type":"PropertyValueSpecification","valueRequired":true,"valueName":"search_term_string"}}],"inLanguage":"fr-FR"},{"@type":"Organization","@id":"https:\/\/kapitalis.com\/tunisie\/#organization","name":"Kapitalis","url":"https:\/\/kapitalis.com\/tunisie\/","logo":{"@type":"ImageObject","inLanguage":"fr-FR","@id":"https:\/\/kapitalis.com\/tunisie\/#\/schema\/logo\/image\/","url":"https:\/\/kapitalis.com\/tunisie\/wp-content\/uploads\/2022\/05\/Kapitalis-big-size.png","contentUrl":"https:\/\/kapitalis.com\/tunisie\/wp-content\/uploads\/2022\/05\/Kapitalis-big-size.png","width":5000,"height":1500,"caption":"Kapitalis"},"image":{"@id":"https:\/\/kapitalis.com\/tunisie\/#\/schema\/logo\/image\/"},"sameAs":["https:\/\/www.facebook.com\/KapitalisInfo\/","https:\/\/x.com\/KapitalisInfo","https:\/\/www.youtube.com\/channel\/UC-yDYrHyfFBWWZaOw3FPg9Q"]},{"@type":"Person","@id":"https:\/\/kapitalis.com\/tunisie\/#\/schema\/person\/d71f33a9ca44f7bad4698210b480c8e9","name":"webmaster kapitalis","url":"https:\/\/kapitalis.com\/tunisie\/author\/webmaster-kapitalis\/"}]}},"_links":{"self":[{"href":"https:\/\/kapitalis.com\/tunisie\/wp-json\/wp\/v2\/posts\/367730","targetHints":{"allow":["GET"]}}],"collection":[{"href":"https:\/\/kapitalis.com\/tunisie\/wp-json\/wp\/v2\/posts"}],"about":[{"href":"https:\/\/kapitalis.com\/tunisie\/wp-json\/wp\/v2\/types\/post"}],"author":[{"embeddable":true,"href":"https:\/\/kapitalis.com\/tunisie\/wp-json\/wp\/v2\/users\/8"}],"replies":[{"embeddable":true,"href":"https:\/\/kapitalis.com\/tunisie\/wp-json\/wp\/v2\/comments?post=367730"}],"version-history":[{"count":0,"href":"https:\/\/kapitalis.com\/tunisie\/wp-json\/wp\/v2\/posts\/367730\/revisions"}],"wp:featuredmedia":[{"embeddable":true,"href":"https:\/\/kapitalis.com\/tunisie\/wp-json\/wp\/v2\/media\/367731"}],"wp:attachment":[{"href":"https:\/\/kapitalis.com\/tunisie\/wp-json\/wp\/v2\/media?parent=367730"}],"wp:term":[{"taxonomy":"category","embeddable":true,"href":"https:\/\/kapitalis.com\/tunisie\/wp-json\/wp\/v2\/categories?post=367730"},{"taxonomy":"post_tag","embeddable":true,"href":"https:\/\/kapitalis.com\/tunisie\/wp-json\/wp\/v2\/tags?post=367730"}],"curies":[{"name":"wp","href":"https:\/\/api.w.org\/{rel}","templated":true}]}}