{"id":367913,"date":"2021-10-29T19:09:39","date_gmt":"2021-10-29T18:09:39","guid":{"rendered":"http:\/\/kapitalis.com\/tunisie\/?p=367913"},"modified":"2021-10-29T19:14:27","modified_gmt":"2021-10-29T18:14:27","slug":"tunisie-imed-dghij-condamne-a-4-mois-de-prison-dans-laffaire-qui-loppose-a-fathi-layouni","status":"publish","type":"post","link":"https:\/\/kapitalis.com\/tunisie\/2021\/10\/29\/tunisie-imed-dghij-condamne-a-4-mois-de-prison-dans-laffaire-qui-loppose-a-fathi-layouni\/","title":{"rendered":"Tunisie : Imed Dghij condamn\u00e9 \u00e0 4 mois de prison dans l\u2019affaire qui l\u2019oppose \u00e0 Fathi Layouni"},"content":{"rendered":"\n<div class=\"wp-block-image\"><figure class=\"aligncenter size-full\"><img decoding=\"async\" src=\"http:\/\/kapitalis.com\/tunisie\/wp-content\/uploads\/2021\/10\/Dghij.jpg\" alt=\"\" class=\"wp-image-367914\"\/><\/figure><\/div>\n\n\n\n<p><strong><em>La Cour d&rsquo;Appel de Tunis a condamn\u00e9 Imed Dghij, \u00e0 4 mois de prison ferme, dans le cadre de l&rsquo;affaire l&rsquo;opposant \u00e0 Fathi Layouni, maire du Kram, qui avait port\u00e9 plainte l&rsquo;ann\u00e9e derni\u00e8re, pour insultes et menaces de mort.<\/em><\/strong><\/p>\n\n\n\n<!--more-->\n\n\n\n<p>C&rsquo;est ce qu&rsquo;a affirm\u00e9 le d\u00e9put\u00e9 (gel\u00e9) de la coalition islamiste Al-Krama, Habib Ben Sidhom, avocat de son \u00e9tat, dans un post publi\u00e9 sur sa page Facebook cet apr\u00e8s-midi, vendredi 29 octobre 2021.<\/p>\n\n\n\n<p>On notera qu&rsquo;en premi\u00e8re instance, Imed Dghij, avait \u00e9t\u00e9 condamn\u00e9, le 4 juin 2020, \u00e0 6 mois de prison ferme; sa peine a donc \u00e9t\u00e9 r\u00e9duite en appel, sachant que l&rsquo;affaire a \u00e9clat\u00e9 apr\u00e8s que le maire islamiste Fathi Layouni ait annonc\u00e9 que le stade municipal du Kram sera rebaptis\u00e9 au nom de B\u00e9ji Ca\u00efd Essebsi, \u00e0 la m\u00e9moire de l&rsquo;ancien pr\u00e9sident de la r\u00e9publique, d\u00e9c\u00e9d\u00e9 le 25 juillet 2019.<\/p>\n\n\n\n<p>Ce qui avait fortement d\u00e9plu \u00e0 Dghij, ancien membre de la Ligue de protection de la r\u00e9volution (LPR- milice violente au service du parti islamiste Ennahdha, dissoute par d\u00e9cision de justice en 2014), qui a ensuite rejoint la coalition islamiste Al-Karama, (dont il dit ne plus \u00eatre membre officiel) et qui avait alors affirm\u00e9 que tous les habitants du Kram s&rsquo;opposent \u00e0 cette d\u00e9cision du maire.<\/p>\n\n\n\n<p>Fathi Layouni avait affirm\u00e9, de son c\u00f4t\u00e9, que Imed Dghij l&rsquo;a insult\u00e9 et l&rsquo;a m\u00eame menac\u00e9, d\u00e9cidant de ce fait de saisir la justice\u2026<\/p>\n\n\n\n<p class=\"has-text-align-right\"><strong>Y. N.<\/strong><\/p>\n\n\n\n<figure class=\"wp-block-embed is-type-wp-embed is-provider-kapitalis wp-block-embed-kapitalis\"><div class=\"wp-block-embed__wrapper\">\n<blockquote class=\"wp-embedded-content\" data-secret=\"gOCuSulMTm\"><a href=\"https:\/\/kapitalis.com\/tunisie\/2020\/06\/03\/imed-dghij-al-karama-condamne-a-6-mois-de-prison-ferme-dans-laffaire-qui-loppose-a-fathi-layouni\/\">Imed Dghij (Al-Karama) condamn\u00e9 \u00e0 6 mois de prison ferme dans l&rsquo;affaire qui l&rsquo;oppose \u00e0 Fathi Layouni<\/a><\/blockquote><iframe loading=\"lazy\" class=\"wp-embedded-content\" sandbox=\"allow-scripts\" security=\"restricted\" style=\"position: absolute; clip: rect(1px, 1px, 1px, 1px);\" title=\"\u00ab\u00a0Imed Dghij (Al-Karama) condamn\u00e9 \u00e0 6 mois de prison ferme dans l&rsquo;affaire qui l&rsquo;oppose \u00e0 Fathi Layouni\u00a0\u00bb &#8212; Kapitalis\" src=\"https:\/\/kapitalis.com\/tunisie\/2020\/06\/03\/imed-dghij-al-karama-condamne-a-6-mois-de-prison-ferme-dans-laffaire-qui-loppose-a-fathi-layouni\/embed\/#?secret=fTgCRs5A0G#?secret=gOCuSulMTm\" data-secret=\"gOCuSulMTm\" width=\"600\" height=\"338\" frameborder=\"0\" marginwidth=\"0\" marginheight=\"0\" scrolling=\"no\"><\/iframe>\n<\/div><\/figure>\n","protected":false},"excerpt":{"rendered":"<p>La Cour d&rsquo;Appel de Tunis a condamn\u00e9 Imed Dghij, \u00e0 4 mois de prison ferme, dans le cadre de l&rsquo;affaire l&rsquo;opposant \u00e0 Fathi Layouni, maire du Kram, qui avait port\u00e9 plainte l&rsquo;ann\u00e9e derni\u00e8re, pour insultes et menaces de mort.<\/p>\n","protected":false},"author":6,"featured_media":367914,"comment_status":"open","ping_status":"open","sticky":false,"template":"","format":"standard","meta":{"footnotes":""},"categories":[998,2433],"tags":[94506,49629,464,64355,79484,94505,62643],"class_list":["post-367913","post","type-post","status-publish","format-standard","has-post-thumbnail","hentry","category-societe","category-tunisie","tag-caied-essebsi","tag-fathi-layouni","tag-imed-dghij","tag-justice","tag-maire-kram","tag-stade-kram","tag-tunisie"],"yoast_head":"<!-- This site is optimized with the Yoast SEO plugin v26.6 - https:\/\/yoast.com\/wordpress\/plugins\/seo\/ -->\n<title>Tunisie : Imed Dghij condamn\u00e9 \u00e0 4 mois de prison dans l\u2019affaire qui l\u2019oppose \u00e0 Fathi Layouni - Kapitalis<\/title>\n<meta name=\"robots\" content=\"index, follow, max-snippet:-1, max-image-preview:large, max-video-preview:-1\" \/>\n<link rel=\"canonical\" href=\"https:\/\/kapitalis.com\/tunisie\/2021\/10\/29\/tunisie-imed-dghij-condamne-a-4-mois-de-prison-dans-laffaire-qui-loppose-a-fathi-layouni\/\" \/>\n<meta property=\"og:locale\" content=\"fr_FR\" \/>\n<meta property=\"og:type\" content=\"article\" \/>\n<meta property=\"og:title\" content=\"Tunisie : Imed Dghij condamn\u00e9 \u00e0 4 mois de prison dans l\u2019affaire qui l\u2019oppose \u00e0 Fathi Layouni - Kapitalis\" \/>\n<meta property=\"og:description\" content=\"La Cour d&rsquo;Appel de Tunis a condamn\u00e9 Imed Dghij, \u00e0 4 mois de prison ferme, dans le cadre de l&rsquo;affaire l&rsquo;opposant \u00e0 Fathi Layouni, maire du Kram, qui avait port\u00e9 plainte l&rsquo;ann\u00e9e derni\u00e8re, pour insultes et menaces de mort.\" \/>\n<meta property=\"og:url\" content=\"https:\/\/kapitalis.com\/tunisie\/2021\/10\/29\/tunisie-imed-dghij-condamne-a-4-mois-de-prison-dans-laffaire-qui-loppose-a-fathi-layouni\/\" \/>\n<meta property=\"og:site_name\" content=\"Kapitalis\" \/>\n<meta property=\"article:publisher\" content=\"https:\/\/www.facebook.com\/KapitalisInfo\/\" \/>\n<meta property=\"article:published_time\" content=\"2021-10-29T18:09:39+00:00\" \/>\n<meta property=\"article:modified_time\" content=\"2021-10-29T18:14:27+00:00\" \/>\n<meta property=\"og:image\" content=\"https:\/\/kapitalis.com\/tunisie\/wp-content\/uploads\/2022\/05\/kapitalis-logo-fb.png\" \/>\n\t<meta property=\"og:image:width\" content=\"1200\" \/>\n\t<meta property=\"og:image:height\" content=\"630\" \/>\n\t<meta property=\"og:image:type\" content=\"image\/png\" \/>\n<meta name=\"author\" content=\"Yusra NY\" \/>\n<meta name=\"twitter:card\" content=\"summary_large_image\" \/>\n<meta name=\"twitter:creator\" content=\"@KapitalisInfo\" \/>\n<meta name=\"twitter:site\" content=\"@KapitalisInfo\" \/>\n<meta name=\"twitter:label1\" content=\"\u00c9crit par\" \/>\n\t<meta name=\"twitter:data1\" content=\"Yusra NY\" \/>\n\t<meta name=\"twitter:label2\" content=\"Dur\u00e9e de lecture estim\u00e9e\" \/>\n\t<meta name=\"twitter:data2\" content=\"1 minute\" \/>\n<script type=\"application\/ld+json\" class=\"yoast-schema-graph\">{\"@context\":\"https:\/\/schema.org\",\"@graph\":[{\"@type\":\"Article\",\"@id\":\"https:\/\/kapitalis.com\/tunisie\/2021\/10\/29\/tunisie-imed-dghij-condamne-a-4-mois-de-prison-dans-laffaire-qui-loppose-a-fathi-layouni\/#article\",\"isPartOf\":{\"@id\":\"https:\/\/kapitalis.com\/tunisie\/2021\/10\/29\/tunisie-imed-dghij-condamne-a-4-mois-de-prison-dans-laffaire-qui-loppose-a-fathi-layouni\/\"},\"author\":{\"name\":\"Yusra NY\",\"@id\":\"https:\/\/kapitalis.com\/tunisie\/#\/schema\/person\/74bbde0154d49d790a92aaeac5bc01d5\"},\"headline\":\"Tunisie : Imed Dghij condamn\u00e9 \u00e0 4 mois de prison dans l\u2019affaire qui l\u2019oppose \u00e0 Fathi Layouni\",\"datePublished\":\"2021-10-29T18:09:39+00:00\",\"dateModified\":\"2021-10-29T18:14:27+00:00\",\"mainEntityOfPage\":{\"@id\":\"https:\/\/kapitalis.com\/tunisie\/2021\/10\/29\/tunisie-imed-dghij-condamne-a-4-mois-de-prison-dans-laffaire-qui-loppose-a-fathi-layouni\/\"},\"wordCount\":261,\"commentCount\":1,\"publisher\":{\"@id\":\"https:\/\/kapitalis.com\/tunisie\/#organization\"},\"image\":{\"@id\":\"https:\/\/kapitalis.com\/tunisie\/2021\/10\/29\/tunisie-imed-dghij-condamne-a-4-mois-de-prison-dans-laffaire-qui-loppose-a-fathi-layouni\/#primaryimage\"},\"thumbnailUrl\":\"\",\"keywords\":[\"Ca\u00efed Essebsi\",\"Fathi Layouni\",\"Imed Dghij\",\"justice\",\"maire Kram\",\"stade Kram\",\"Tunisie\"],\"articleSection\":[\"SOCIETE\",\"Tunisie\"],\"inLanguage\":\"fr-FR\",\"potentialAction\":[{\"@type\":\"CommentAction\",\"name\":\"Comment\",\"target\":[\"https:\/\/kapitalis.com\/tunisie\/2021\/10\/29\/tunisie-imed-dghij-condamne-a-4-mois-de-prison-dans-laffaire-qui-loppose-a-fathi-layouni\/#respond\"]}]},{\"@type\":\"WebPage\",\"@id\":\"https:\/\/kapitalis.com\/tunisie\/2021\/10\/29\/tunisie-imed-dghij-condamne-a-4-mois-de-prison-dans-laffaire-qui-loppose-a-fathi-layouni\/\",\"url\":\"https:\/\/kapitalis.com\/tunisie\/2021\/10\/29\/tunisie-imed-dghij-condamne-a-4-mois-de-prison-dans-laffaire-qui-loppose-a-fathi-layouni\/\",\"name\":\"Tunisie : Imed Dghij condamn\u00e9 \u00e0 4 mois de prison dans l\u2019affaire qui l\u2019oppose \u00e0 Fathi Layouni - Kapitalis\",\"isPartOf\":{\"@id\":\"https:\/\/kapitalis.com\/tunisie\/#website\"},\"primaryImageOfPage\":{\"@id\":\"https:\/\/kapitalis.com\/tunisie\/2021\/10\/29\/tunisie-imed-dghij-condamne-a-4-mois-de-prison-dans-laffaire-qui-loppose-a-fathi-layouni\/#primaryimage\"},\"image\":{\"@id\":\"https:\/\/kapitalis.com\/tunisie\/2021\/10\/29\/tunisie-imed-dghij-condamne-a-4-mois-de-prison-dans-laffaire-qui-loppose-a-fathi-layouni\/#primaryimage\"},\"thumbnailUrl\":\"\",\"datePublished\":\"2021-10-29T18:09:39+00:00\",\"dateModified\":\"2021-10-29T18:14:27+00:00\",\"breadcrumb\":{\"@id\":\"https:\/\/kapitalis.com\/tunisie\/2021\/10\/29\/tunisie-imed-dghij-condamne-a-4-mois-de-prison-dans-laffaire-qui-loppose-a-fathi-layouni\/#breadcrumb\"},\"inLanguage\":\"fr-FR\",\"potentialAction\":[{\"@type\":\"ReadAction\",\"target\":[\"https:\/\/kapitalis.com\/tunisie\/2021\/10\/29\/tunisie-imed-dghij-condamne-a-4-mois-de-prison-dans-laffaire-qui-loppose-a-fathi-layouni\/\"]}]},{\"@type\":\"ImageObject\",\"inLanguage\":\"fr-FR\",\"@id\":\"https:\/\/kapitalis.com\/tunisie\/2021\/10\/29\/tunisie-imed-dghij-condamne-a-4-mois-de-prison-dans-laffaire-qui-loppose-a-fathi-layouni\/#primaryimage\",\"url\":\"\",\"contentUrl\":\"\"},{\"@type\":\"BreadcrumbList\",\"@id\":\"https:\/\/kapitalis.com\/tunisie\/2021\/10\/29\/tunisie-imed-dghij-condamne-a-4-mois-de-prison-dans-laffaire-qui-loppose-a-fathi-layouni\/#breadcrumb\",\"itemListElement\":[{\"@type\":\"ListItem\",\"position\":1,\"name\":\"Accueil\",\"item\":\"https:\/\/kapitalis.com\/tunisie\/\"},{\"@type\":\"ListItem\",\"position\":2,\"name\":\"Tunisie : Imed Dghij condamn\u00e9 \u00e0 4 mois de prison dans l\u2019affaire qui l\u2019oppose \u00e0 Fathi Layouni\"}]},{\"@type\":\"WebSite\",\"@id\":\"https:\/\/kapitalis.com\/tunisie\/#website\",\"url\":\"https:\/\/kapitalis.com\/tunisie\/\",\"name\":\"Kapitalis\",\"description\":\"L&#039;actualit\u00e9 en Tunisie et dans le monde\",\"publisher\":{\"@id\":\"https:\/\/kapitalis.com\/tunisie\/#organization\"},\"potentialAction\":[{\"@type\":\"SearchAction\",\"target\":{\"@type\":\"EntryPoint\",\"urlTemplate\":\"https:\/\/kapitalis.com\/tunisie\/?s={search_term_string}\"},\"query-input\":{\"@type\":\"PropertyValueSpecification\",\"valueRequired\":true,\"valueName\":\"search_term_string\"}}],\"inLanguage\":\"fr-FR\"},{\"@type\":\"Organization\",\"@id\":\"https:\/\/kapitalis.com\/tunisie\/#organization\",\"name\":\"Kapitalis\",\"url\":\"https:\/\/kapitalis.com\/tunisie\/\",\"logo\":{\"@type\":\"ImageObject\",\"inLanguage\":\"fr-FR\",\"@id\":\"https:\/\/kapitalis.com\/tunisie\/#\/schema\/logo\/image\/\",\"url\":\"https:\/\/kapitalis.com\/tunisie\/wp-content\/uploads\/2022\/05\/Kapitalis-big-size.png\",\"contentUrl\":\"https:\/\/kapitalis.com\/tunisie\/wp-content\/uploads\/2022\/05\/Kapitalis-big-size.png\",\"width\":5000,\"height\":1500,\"caption\":\"Kapitalis\"},\"image\":{\"@id\":\"https:\/\/kapitalis.com\/tunisie\/#\/schema\/logo\/image\/\"},\"sameAs\":[\"https:\/\/www.facebook.com\/KapitalisInfo\/\",\"https:\/\/x.com\/KapitalisInfo\",\"https:\/\/www.youtube.com\/channel\/UC-yDYrHyfFBWWZaOw3FPg9Q\"]},{\"@type\":\"Person\",\"@id\":\"https:\/\/kapitalis.com\/tunisie\/#\/schema\/person\/74bbde0154d49d790a92aaeac5bc01d5\",\"name\":\"Yusra NY\",\"url\":\"https:\/\/kapitalis.com\/tunisie\/author\/yuza_adam\/\"}]}<\/script>\n<!-- \/ Yoast SEO plugin. -->","yoast_head_json":{"title":"Tunisie : Imed Dghij condamn\u00e9 \u00e0 4 mois de prison dans l\u2019affaire qui l\u2019oppose \u00e0 Fathi Layouni - Kapitalis","robots":{"index":"index","follow":"follow","max-snippet":"max-snippet:-1","max-image-preview":"max-image-preview:large","max-video-preview":"max-video-preview:-1"},"canonical":"https:\/\/kapitalis.com\/tunisie\/2021\/10\/29\/tunisie-imed-dghij-condamne-a-4-mois-de-prison-dans-laffaire-qui-loppose-a-fathi-layouni\/","og_locale":"fr_FR","og_type":"article","og_title":"Tunisie : Imed Dghij condamn\u00e9 \u00e0 4 mois de prison dans l\u2019affaire qui l\u2019oppose \u00e0 Fathi Layouni - Kapitalis","og_description":"La Cour d&rsquo;Appel de Tunis a condamn\u00e9 Imed Dghij, \u00e0 4 mois de prison ferme, dans le cadre de l&rsquo;affaire l&rsquo;opposant \u00e0 Fathi Layouni, maire du Kram, qui avait port\u00e9 plainte l&rsquo;ann\u00e9e derni\u00e8re, pour insultes et menaces de mort.","og_url":"https:\/\/kapitalis.com\/tunisie\/2021\/10\/29\/tunisie-imed-dghij-condamne-a-4-mois-de-prison-dans-laffaire-qui-loppose-a-fathi-layouni\/","og_site_name":"Kapitalis","article_publisher":"https:\/\/www.facebook.com\/KapitalisInfo\/","article_published_time":"2021-10-29T18:09:39+00:00","article_modified_time":"2021-10-29T18:14:27+00:00","og_image":[{"width":1200,"height":630,"url":"https:\/\/kapitalis.com\/tunisie\/wp-content\/uploads\/2022\/05\/kapitalis-logo-fb.png","type":"image\/png"}],"author":"Yusra NY","twitter_card":"summary_large_image","twitter_creator":"@KapitalisInfo","twitter_site":"@KapitalisInfo","twitter_misc":{"\u00c9crit par":"Yusra NY","Dur\u00e9e de lecture estim\u00e9e":"1 minute"},"schema":{"@context":"https:\/\/schema.org","@graph":[{"@type":"Article","@id":"https:\/\/kapitalis.com\/tunisie\/2021\/10\/29\/tunisie-imed-dghij-condamne-a-4-mois-de-prison-dans-laffaire-qui-loppose-a-fathi-layouni\/#article","isPartOf":{"@id":"https:\/\/kapitalis.com\/tunisie\/2021\/10\/29\/tunisie-imed-dghij-condamne-a-4-mois-de-prison-dans-laffaire-qui-loppose-a-fathi-layouni\/"},"author":{"name":"Yusra NY","@id":"https:\/\/kapitalis.com\/tunisie\/#\/schema\/person\/74bbde0154d49d790a92aaeac5bc01d5"},"headline":"Tunisie : Imed Dghij condamn\u00e9 \u00e0 4 mois de prison dans l\u2019affaire qui l\u2019oppose \u00e0 Fathi Layouni","datePublished":"2021-10-29T18:09:39+00:00","dateModified":"2021-10-29T18:14:27+00:00","mainEntityOfPage":{"@id":"https:\/\/kapitalis.com\/tunisie\/2021\/10\/29\/tunisie-imed-dghij-condamne-a-4-mois-de-prison-dans-laffaire-qui-loppose-a-fathi-layouni\/"},"wordCount":261,"commentCount":1,"publisher":{"@id":"https:\/\/kapitalis.com\/tunisie\/#organization"},"image":{"@id":"https:\/\/kapitalis.com\/tunisie\/2021\/10\/29\/tunisie-imed-dghij-condamne-a-4-mois-de-prison-dans-laffaire-qui-loppose-a-fathi-layouni\/#primaryimage"},"thumbnailUrl":"","keywords":["Ca\u00efed Essebsi","Fathi Layouni","Imed Dghij","justice","maire Kram","stade Kram","Tunisie"],"articleSection":["SOCIETE","Tunisie"],"inLanguage":"fr-FR","potentialAction":[{"@type":"CommentAction","name":"Comment","target":["https:\/\/kapitalis.com\/tunisie\/2021\/10\/29\/tunisie-imed-dghij-condamne-a-4-mois-de-prison-dans-laffaire-qui-loppose-a-fathi-layouni\/#respond"]}]},{"@type":"WebPage","@id":"https:\/\/kapitalis.com\/tunisie\/2021\/10\/29\/tunisie-imed-dghij-condamne-a-4-mois-de-prison-dans-laffaire-qui-loppose-a-fathi-layouni\/","url":"https:\/\/kapitalis.com\/tunisie\/2021\/10\/29\/tunisie-imed-dghij-condamne-a-4-mois-de-prison-dans-laffaire-qui-loppose-a-fathi-layouni\/","name":"Tunisie : Imed Dghij condamn\u00e9 \u00e0 4 mois de prison dans l\u2019affaire qui l\u2019oppose \u00e0 Fathi Layouni - Kapitalis","isPartOf":{"@id":"https:\/\/kapitalis.com\/tunisie\/#website"},"primaryImageOfPage":{"@id":"https:\/\/kapitalis.com\/tunisie\/2021\/10\/29\/tunisie-imed-dghij-condamne-a-4-mois-de-prison-dans-laffaire-qui-loppose-a-fathi-layouni\/#primaryimage"},"image":{"@id":"https:\/\/kapitalis.com\/tunisie\/2021\/10\/29\/tunisie-imed-dghij-condamne-a-4-mois-de-prison-dans-laffaire-qui-loppose-a-fathi-layouni\/#primaryimage"},"thumbnailUrl":"","datePublished":"2021-10-29T18:09:39+00:00","dateModified":"2021-10-29T18:14:27+00:00","breadcrumb":{"@id":"https:\/\/kapitalis.com\/tunisie\/2021\/10\/29\/tunisie-imed-dghij-condamne-a-4-mois-de-prison-dans-laffaire-qui-loppose-a-fathi-layouni\/#breadcrumb"},"inLanguage":"fr-FR","potentialAction":[{"@type":"ReadAction","target":["https:\/\/kapitalis.com\/tunisie\/2021\/10\/29\/tunisie-imed-dghij-condamne-a-4-mois-de-prison-dans-laffaire-qui-loppose-a-fathi-layouni\/"]}]},{"@type":"ImageObject","inLanguage":"fr-FR","@id":"https:\/\/kapitalis.com\/tunisie\/2021\/10\/29\/tunisie-imed-dghij-condamne-a-4-mois-de-prison-dans-laffaire-qui-loppose-a-fathi-layouni\/#primaryimage","url":"","contentUrl":""},{"@type":"BreadcrumbList","@id":"https:\/\/kapitalis.com\/tunisie\/2021\/10\/29\/tunisie-imed-dghij-condamne-a-4-mois-de-prison-dans-laffaire-qui-loppose-a-fathi-layouni\/#breadcrumb","itemListElement":[{"@type":"ListItem","position":1,"name":"Accueil","item":"https:\/\/kapitalis.com\/tunisie\/"},{"@type":"ListItem","position":2,"name":"Tunisie : Imed Dghij condamn\u00e9 \u00e0 4 mois de prison dans l\u2019affaire qui l\u2019oppose \u00e0 Fathi Layouni"}]},{"@type":"WebSite","@id":"https:\/\/kapitalis.com\/tunisie\/#website","url":"https:\/\/kapitalis.com\/tunisie\/","name":"Kapitalis","description":"L&#039;actualit\u00e9 en Tunisie et dans le monde","publisher":{"@id":"https:\/\/kapitalis.com\/tunisie\/#organization"},"potentialAction":[{"@type":"SearchAction","target":{"@type":"EntryPoint","urlTemplate":"https:\/\/kapitalis.com\/tunisie\/?s={search_term_string}"},"query-input":{"@type":"PropertyValueSpecification","valueRequired":true,"valueName":"search_term_string"}}],"inLanguage":"fr-FR"},{"@type":"Organization","@id":"https:\/\/kapitalis.com\/tunisie\/#organization","name":"Kapitalis","url":"https:\/\/kapitalis.com\/tunisie\/","logo":{"@type":"ImageObject","inLanguage":"fr-FR","@id":"https:\/\/kapitalis.com\/tunisie\/#\/schema\/logo\/image\/","url":"https:\/\/kapitalis.com\/tunisie\/wp-content\/uploads\/2022\/05\/Kapitalis-big-size.png","contentUrl":"https:\/\/kapitalis.com\/tunisie\/wp-content\/uploads\/2022\/05\/Kapitalis-big-size.png","width":5000,"height":1500,"caption":"Kapitalis"},"image":{"@id":"https:\/\/kapitalis.com\/tunisie\/#\/schema\/logo\/image\/"},"sameAs":["https:\/\/www.facebook.com\/KapitalisInfo\/","https:\/\/x.com\/KapitalisInfo","https:\/\/www.youtube.com\/channel\/UC-yDYrHyfFBWWZaOw3FPg9Q"]},{"@type":"Person","@id":"https:\/\/kapitalis.com\/tunisie\/#\/schema\/person\/74bbde0154d49d790a92aaeac5bc01d5","name":"Yusra NY","url":"https:\/\/kapitalis.com\/tunisie\/author\/yuza_adam\/"}]}},"_links":{"self":[{"href":"https:\/\/kapitalis.com\/tunisie\/wp-json\/wp\/v2\/posts\/367913","targetHints":{"allow":["GET"]}}],"collection":[{"href":"https:\/\/kapitalis.com\/tunisie\/wp-json\/wp\/v2\/posts"}],"about":[{"href":"https:\/\/kapitalis.com\/tunisie\/wp-json\/wp\/v2\/types\/post"}],"author":[{"embeddable":true,"href":"https:\/\/kapitalis.com\/tunisie\/wp-json\/wp\/v2\/users\/6"}],"replies":[{"embeddable":true,"href":"https:\/\/kapitalis.com\/tunisie\/wp-json\/wp\/v2\/comments?post=367913"}],"version-history":[{"count":0,"href":"https:\/\/kapitalis.com\/tunisie\/wp-json\/wp\/v2\/posts\/367913\/revisions"}],"wp:featuredmedia":[{"embeddable":true,"href":"https:\/\/kapitalis.com\/tunisie\/wp-json\/wp\/v2\/media\/367914"}],"wp:attachment":[{"href":"https:\/\/kapitalis.com\/tunisie\/wp-json\/wp\/v2\/media?parent=367913"}],"wp:term":[{"taxonomy":"category","embeddable":true,"href":"https:\/\/kapitalis.com\/tunisie\/wp-json\/wp\/v2\/categories?post=367913"},{"taxonomy":"post_tag","embeddable":true,"href":"https:\/\/kapitalis.com\/tunisie\/wp-json\/wp\/v2\/tags?post=367913"}],"curies":[{"name":"wp","href":"https:\/\/api.w.org\/{rel}","templated":true}]}}