{"id":368148,"date":"2021-11-01T11:40:43","date_gmt":"2021-11-01T10:40:43","guid":{"rendered":"http:\/\/kapitalis.com\/tunisie\/?p=368148"},"modified":"2021-11-01T11:43:52","modified_gmt":"2021-11-01T10:43:52","slug":"la-coree-du-sud-partage-avec-la-tunisie-son-experience-de-gestion-des-technoparks","status":"publish","type":"post","link":"https:\/\/kapitalis.com\/tunisie\/2021\/11\/01\/la-coree-du-sud-partage-avec-la-tunisie-son-experience-de-gestion-des-technoparks\/","title":{"rendered":"La Cor\u00e9e du Sud partage avec la Tunisie son exp\u00e9rience de gestion des technoparks"},"content":{"rendered":"\n<div class=\"wp-block-image\"><figure class=\"aligncenter size-full\"><img decoding=\"async\" src=\"http:\/\/kapitalis.com\/tunisie\/wp-content\/uploads\/2021\/11\/Seminaire-gestion-technoparks-Ban.jpg\" alt=\"\" class=\"wp-image-368150\"\/><\/figure><\/div>\n\n\n\n<p><strong><em>Une session de formation en ligne a \u00e9t\u00e9 organis\u00e9e du 1er au 14 octobre 2021 par l\u2019Agence cor\u00e9enne de coop\u00e9ration internationale (Koika), au b\u00e9n\u00e9fice des cadres du minist\u00e8re tunisien de l\u2019Industrie, de l&rsquo;Energie et des Mines. Elle a port\u00e9 sur la gestions des p\u00f4les technologiques ou technoparks.<\/em><\/strong><\/p>\n\n\n\n<!--more-->\n\n\n\n<p>Le savoir-faire sud-cor\u00e9en en mati\u00e8re de gestion, de d\u00e9veloppement et d\u2019innovation des technoparks a pu ainsi \u00eatre partag\u00e9 par des responsables et cadres cadres tunisiens en charge des tecknoparks.<\/p>\n\n\n\n<p>Cette formation visait le renforcement des capacit\u00e9s de ces agents de l\u2019\u00c9tat en mati\u00e8re de gestion et planification pour les tecknoparks. \u00c0 cet effet, les 18 participants ont \u00e9t\u00e9 \u00e9difi\u00e9s sur le mod\u00e8le cor\u00e9en de d\u00e9veloppement des institutions de recherches en lien avec le monde de l&rsquo;entreprise.<\/p>\n\n\n\n<p>Pour le directeur pays adjoint de Koika, Hanvit Kim, cette formation vise \u00e0 renforcer les comp\u00e9tences de planification et d\u2019\u00e9laboration des strat\u00e9gies des technoparks des pays partenaires tels que la Tunisie, et que le gouvernement cor\u00e9en, \u00e0 travers la Koika, continuera son soutien au gouvernement tunisien \u00e0 travers la mise en place de plusieurs programmes de coop\u00e9ration dans divers secteurs: la bonne gouvernance, les changements climatiques et l\u2019environnement, l\u2019emploi des jeunes et le renforcement des capacit\u00e9s des partenaires tunisiens.<\/p>\n\n\n\n<div class=\"wp-block-image\"><figure class=\"aligncenter size-full is-resized\"><img decoding=\"async\" src=\"http:\/\/kapitalis.com\/tunisie\/wp-content\/uploads\/2021\/11\/Seminaire-gestion-technoparks.jpg\" alt=\"\" class=\"wp-image-368151\" width=\"500\"\/><figcaption><em> Nehla Ghedira.<\/em><\/figcaption><\/figure><\/div>\n\n\n\n<p>Nehla Ghedira, responsable de la recherche et de la formation au Technopole de Sousse, qui a particip\u00e9 \u00e0 cette formation, a d\u00e9clar\u00e9 que les \u00e9changes \u00e9taient tr\u00e8s riches durant toutes les sessions, et que l\u2019exp\u00e9rience cor\u00e9enne dans la gestion et le d\u00e9veloppement des technopoles est \u00e0 l&rsquo;avant-garde dans ce domaine et on peut s&rsquo;en inspirer voire l&rsquo;adopter en Tunisie.<\/p>\n","protected":false},"excerpt":{"rendered":"<p>Une session de formation en ligne a \u00e9t\u00e9 organis\u00e9e du 1er au 14 octobre 2021 par l\u2019Agence cor\u00e9enne de coop\u00e9ration internationale (Koika), au b\u00e9n\u00e9fice des cadres du minist\u00e8re tunisien de l\u2019Industrie, de l&rsquo;Energie et des Mines. Elle a port\u00e9 sur la gestions des p\u00f4les technologiques ou technoparks.<\/p>\n","protected":false},"author":8,"featured_media":368150,"comment_status":"open","ping_status":"open","sticky":false,"template":"","format":"standard","meta":{"footnotes":""},"categories":[995,2433],"tags":[7633,94564,94566,20886,94567,94565,94568,62643],"class_list":["post-368148","post","type-post","status-publish","format-standard","has-post-thumbnail","hentry","category-economie","category-tunisie","tag-coree-du-sud","tag-gestion-des-technoparks","tag-hanvit-kim","tag-koika","tag-nehla-ghedira","tag-poles-technologiques","tag-technopole-de-sousse","tag-tunisie"],"yoast_head":"<!-- This site is optimized with the Yoast SEO plugin v26.6 - https:\/\/yoast.com\/wordpress\/plugins\/seo\/ -->\n<title>La Cor\u00e9e du Sud partage avec la Tunisie son exp\u00e9rience de gestion des technoparks - Kapitalis<\/title>\n<meta name=\"robots\" content=\"index, follow, max-snippet:-1, max-image-preview:large, max-video-preview:-1\" \/>\n<link rel=\"canonical\" href=\"https:\/\/kapitalis.com\/tunisie\/2021\/11\/01\/la-coree-du-sud-partage-avec-la-tunisie-son-experience-de-gestion-des-technoparks\/\" \/>\n<meta property=\"og:locale\" content=\"fr_FR\" \/>\n<meta property=\"og:type\" content=\"article\" \/>\n<meta property=\"og:title\" content=\"La Cor\u00e9e du Sud partage avec la Tunisie son exp\u00e9rience de gestion des technoparks - Kapitalis\" \/>\n<meta property=\"og:description\" content=\"Une session de formation en ligne a \u00e9t\u00e9 organis\u00e9e du 1er au 14 octobre 2021 par l\u2019Agence cor\u00e9enne de coop\u00e9ration internationale (Koika), au b\u00e9n\u00e9fice des cadres du minist\u00e8re tunisien de l\u2019Industrie, de l&rsquo;Energie et des Mines. Elle a port\u00e9 sur la gestions des p\u00f4les technologiques ou technoparks.\" \/>\n<meta property=\"og:url\" content=\"https:\/\/kapitalis.com\/tunisie\/2021\/11\/01\/la-coree-du-sud-partage-avec-la-tunisie-son-experience-de-gestion-des-technoparks\/\" \/>\n<meta property=\"og:site_name\" content=\"Kapitalis\" \/>\n<meta property=\"article:publisher\" content=\"https:\/\/www.facebook.com\/KapitalisInfo\/\" \/>\n<meta property=\"article:published_time\" content=\"2021-11-01T10:40:43+00:00\" \/>\n<meta property=\"article:modified_time\" content=\"2021-11-01T10:43:52+00:00\" \/>\n<meta property=\"og:image\" content=\"https:\/\/kapitalis.com\/tunisie\/wp-content\/uploads\/2022\/05\/kapitalis-logo-fb.png\" \/>\n\t<meta property=\"og:image:width\" content=\"1200\" \/>\n\t<meta property=\"og:image:height\" content=\"630\" \/>\n\t<meta property=\"og:image:type\" content=\"image\/png\" \/>\n<meta name=\"author\" content=\"webmaster kapitalis\" \/>\n<meta name=\"twitter:card\" content=\"summary_large_image\" \/>\n<meta name=\"twitter:creator\" content=\"@KapitalisInfo\" \/>\n<meta name=\"twitter:site\" content=\"@KapitalisInfo\" \/>\n<meta name=\"twitter:label1\" content=\"\u00c9crit par\" \/>\n\t<meta name=\"twitter:data1\" content=\"webmaster kapitalis\" \/>\n\t<meta name=\"twitter:label2\" content=\"Dur\u00e9e de lecture estim\u00e9e\" \/>\n\t<meta name=\"twitter:data2\" content=\"1 minute\" \/>\n<script type=\"application\/ld+json\" class=\"yoast-schema-graph\">{\"@context\":\"https:\/\/schema.org\",\"@graph\":[{\"@type\":\"Article\",\"@id\":\"https:\/\/kapitalis.com\/tunisie\/2021\/11\/01\/la-coree-du-sud-partage-avec-la-tunisie-son-experience-de-gestion-des-technoparks\/#article\",\"isPartOf\":{\"@id\":\"https:\/\/kapitalis.com\/tunisie\/2021\/11\/01\/la-coree-du-sud-partage-avec-la-tunisie-son-experience-de-gestion-des-technoparks\/\"},\"author\":{\"name\":\"webmaster kapitalis\",\"@id\":\"https:\/\/kapitalis.com\/tunisie\/#\/schema\/person\/d71f33a9ca44f7bad4698210b480c8e9\"},\"headline\":\"La Cor\u00e9e du Sud partage avec la Tunisie son exp\u00e9rience de gestion des technoparks\",\"datePublished\":\"2021-11-01T10:40:43+00:00\",\"dateModified\":\"2021-11-01T10:43:52+00:00\",\"mainEntityOfPage\":{\"@id\":\"https:\/\/kapitalis.com\/tunisie\/2021\/11\/01\/la-coree-du-sud-partage-avec-la-tunisie-son-experience-de-gestion-des-technoparks\/\"},\"wordCount\":304,\"commentCount\":0,\"publisher\":{\"@id\":\"https:\/\/kapitalis.com\/tunisie\/#organization\"},\"image\":{\"@id\":\"https:\/\/kapitalis.com\/tunisie\/2021\/11\/01\/la-coree-du-sud-partage-avec-la-tunisie-son-experience-de-gestion-des-technoparks\/#primaryimage\"},\"thumbnailUrl\":\"\",\"keywords\":[\"Cor\u00e9e du Sud\",\"gestion des technoparks\",\"Hanvit Kim\",\"Koika\",\"Nehla Ghedira\",\"p\u00f4les technologiques\",\"Technopole de Sousse\",\"Tunisie\"],\"articleSection\":[\"ECONOMIE\",\"Tunisie\"],\"inLanguage\":\"fr-FR\",\"potentialAction\":[{\"@type\":\"CommentAction\",\"name\":\"Comment\",\"target\":[\"https:\/\/kapitalis.com\/tunisie\/2021\/11\/01\/la-coree-du-sud-partage-avec-la-tunisie-son-experience-de-gestion-des-technoparks\/#respond\"]}]},{\"@type\":\"WebPage\",\"@id\":\"https:\/\/kapitalis.com\/tunisie\/2021\/11\/01\/la-coree-du-sud-partage-avec-la-tunisie-son-experience-de-gestion-des-technoparks\/\",\"url\":\"https:\/\/kapitalis.com\/tunisie\/2021\/11\/01\/la-coree-du-sud-partage-avec-la-tunisie-son-experience-de-gestion-des-technoparks\/\",\"name\":\"La Cor\u00e9e du Sud partage avec la Tunisie son exp\u00e9rience de gestion des technoparks - Kapitalis\",\"isPartOf\":{\"@id\":\"https:\/\/kapitalis.com\/tunisie\/#website\"},\"primaryImageOfPage\":{\"@id\":\"https:\/\/kapitalis.com\/tunisie\/2021\/11\/01\/la-coree-du-sud-partage-avec-la-tunisie-son-experience-de-gestion-des-technoparks\/#primaryimage\"},\"image\":{\"@id\":\"https:\/\/kapitalis.com\/tunisie\/2021\/11\/01\/la-coree-du-sud-partage-avec-la-tunisie-son-experience-de-gestion-des-technoparks\/#primaryimage\"},\"thumbnailUrl\":\"\",\"datePublished\":\"2021-11-01T10:40:43+00:00\",\"dateModified\":\"2021-11-01T10:43:52+00:00\",\"breadcrumb\":{\"@id\":\"https:\/\/kapitalis.com\/tunisie\/2021\/11\/01\/la-coree-du-sud-partage-avec-la-tunisie-son-experience-de-gestion-des-technoparks\/#breadcrumb\"},\"inLanguage\":\"fr-FR\",\"potentialAction\":[{\"@type\":\"ReadAction\",\"target\":[\"https:\/\/kapitalis.com\/tunisie\/2021\/11\/01\/la-coree-du-sud-partage-avec-la-tunisie-son-experience-de-gestion-des-technoparks\/\"]}]},{\"@type\":\"ImageObject\",\"inLanguage\":\"fr-FR\",\"@id\":\"https:\/\/kapitalis.com\/tunisie\/2021\/11\/01\/la-coree-du-sud-partage-avec-la-tunisie-son-experience-de-gestion-des-technoparks\/#primaryimage\",\"url\":\"\",\"contentUrl\":\"\"},{\"@type\":\"BreadcrumbList\",\"@id\":\"https:\/\/kapitalis.com\/tunisie\/2021\/11\/01\/la-coree-du-sud-partage-avec-la-tunisie-son-experience-de-gestion-des-technoparks\/#breadcrumb\",\"itemListElement\":[{\"@type\":\"ListItem\",\"position\":1,\"name\":\"Accueil\",\"item\":\"https:\/\/kapitalis.com\/tunisie\/\"},{\"@type\":\"ListItem\",\"position\":2,\"name\":\"La Cor\u00e9e du Sud partage avec la Tunisie son exp\u00e9rience de gestion des technoparks\"}]},{\"@type\":\"WebSite\",\"@id\":\"https:\/\/kapitalis.com\/tunisie\/#website\",\"url\":\"https:\/\/kapitalis.com\/tunisie\/\",\"name\":\"Kapitalis\",\"description\":\"L&#039;actualit\u00e9 en Tunisie et dans le monde\",\"publisher\":{\"@id\":\"https:\/\/kapitalis.com\/tunisie\/#organization\"},\"potentialAction\":[{\"@type\":\"SearchAction\",\"target\":{\"@type\":\"EntryPoint\",\"urlTemplate\":\"https:\/\/kapitalis.com\/tunisie\/?s={search_term_string}\"},\"query-input\":{\"@type\":\"PropertyValueSpecification\",\"valueRequired\":true,\"valueName\":\"search_term_string\"}}],\"inLanguage\":\"fr-FR\"},{\"@type\":\"Organization\",\"@id\":\"https:\/\/kapitalis.com\/tunisie\/#organization\",\"name\":\"Kapitalis\",\"url\":\"https:\/\/kapitalis.com\/tunisie\/\",\"logo\":{\"@type\":\"ImageObject\",\"inLanguage\":\"fr-FR\",\"@id\":\"https:\/\/kapitalis.com\/tunisie\/#\/schema\/logo\/image\/\",\"url\":\"https:\/\/kapitalis.com\/tunisie\/wp-content\/uploads\/2022\/05\/Kapitalis-big-size.png\",\"contentUrl\":\"https:\/\/kapitalis.com\/tunisie\/wp-content\/uploads\/2022\/05\/Kapitalis-big-size.png\",\"width\":5000,\"height\":1500,\"caption\":\"Kapitalis\"},\"image\":{\"@id\":\"https:\/\/kapitalis.com\/tunisie\/#\/schema\/logo\/image\/\"},\"sameAs\":[\"https:\/\/www.facebook.com\/KapitalisInfo\/\",\"https:\/\/x.com\/KapitalisInfo\",\"https:\/\/www.youtube.com\/channel\/UC-yDYrHyfFBWWZaOw3FPg9Q\"]},{\"@type\":\"Person\",\"@id\":\"https:\/\/kapitalis.com\/tunisie\/#\/schema\/person\/d71f33a9ca44f7bad4698210b480c8e9\",\"name\":\"webmaster kapitalis\",\"url\":\"https:\/\/kapitalis.com\/tunisie\/author\/webmaster-kapitalis\/\"}]}<\/script>\n<!-- \/ Yoast SEO plugin. -->","yoast_head_json":{"title":"La Cor\u00e9e du Sud partage avec la Tunisie son exp\u00e9rience de gestion des technoparks - Kapitalis","robots":{"index":"index","follow":"follow","max-snippet":"max-snippet:-1","max-image-preview":"max-image-preview:large","max-video-preview":"max-video-preview:-1"},"canonical":"https:\/\/kapitalis.com\/tunisie\/2021\/11\/01\/la-coree-du-sud-partage-avec-la-tunisie-son-experience-de-gestion-des-technoparks\/","og_locale":"fr_FR","og_type":"article","og_title":"La Cor\u00e9e du Sud partage avec la Tunisie son exp\u00e9rience de gestion des technoparks - Kapitalis","og_description":"Une session de formation en ligne a \u00e9t\u00e9 organis\u00e9e du 1er au 14 octobre 2021 par l\u2019Agence cor\u00e9enne de coop\u00e9ration internationale (Koika), au b\u00e9n\u00e9fice des cadres du minist\u00e8re tunisien de l\u2019Industrie, de l&rsquo;Energie et des Mines. Elle a port\u00e9 sur la gestions des p\u00f4les technologiques ou technoparks.","og_url":"https:\/\/kapitalis.com\/tunisie\/2021\/11\/01\/la-coree-du-sud-partage-avec-la-tunisie-son-experience-de-gestion-des-technoparks\/","og_site_name":"Kapitalis","article_publisher":"https:\/\/www.facebook.com\/KapitalisInfo\/","article_published_time":"2021-11-01T10:40:43+00:00","article_modified_time":"2021-11-01T10:43:52+00:00","og_image":[{"width":1200,"height":630,"url":"https:\/\/kapitalis.com\/tunisie\/wp-content\/uploads\/2022\/05\/kapitalis-logo-fb.png","type":"image\/png"}],"author":"webmaster kapitalis","twitter_card":"summary_large_image","twitter_creator":"@KapitalisInfo","twitter_site":"@KapitalisInfo","twitter_misc":{"\u00c9crit par":"webmaster kapitalis","Dur\u00e9e de lecture estim\u00e9e":"1 minute"},"schema":{"@context":"https:\/\/schema.org","@graph":[{"@type":"Article","@id":"https:\/\/kapitalis.com\/tunisie\/2021\/11\/01\/la-coree-du-sud-partage-avec-la-tunisie-son-experience-de-gestion-des-technoparks\/#article","isPartOf":{"@id":"https:\/\/kapitalis.com\/tunisie\/2021\/11\/01\/la-coree-du-sud-partage-avec-la-tunisie-son-experience-de-gestion-des-technoparks\/"},"author":{"name":"webmaster kapitalis","@id":"https:\/\/kapitalis.com\/tunisie\/#\/schema\/person\/d71f33a9ca44f7bad4698210b480c8e9"},"headline":"La Cor\u00e9e du Sud partage avec la Tunisie son exp\u00e9rience de gestion des technoparks","datePublished":"2021-11-01T10:40:43+00:00","dateModified":"2021-11-01T10:43:52+00:00","mainEntityOfPage":{"@id":"https:\/\/kapitalis.com\/tunisie\/2021\/11\/01\/la-coree-du-sud-partage-avec-la-tunisie-son-experience-de-gestion-des-technoparks\/"},"wordCount":304,"commentCount":0,"publisher":{"@id":"https:\/\/kapitalis.com\/tunisie\/#organization"},"image":{"@id":"https:\/\/kapitalis.com\/tunisie\/2021\/11\/01\/la-coree-du-sud-partage-avec-la-tunisie-son-experience-de-gestion-des-technoparks\/#primaryimage"},"thumbnailUrl":"","keywords":["Cor\u00e9e du Sud","gestion des technoparks","Hanvit Kim","Koika","Nehla Ghedira","p\u00f4les technologiques","Technopole de Sousse","Tunisie"],"articleSection":["ECONOMIE","Tunisie"],"inLanguage":"fr-FR","potentialAction":[{"@type":"CommentAction","name":"Comment","target":["https:\/\/kapitalis.com\/tunisie\/2021\/11\/01\/la-coree-du-sud-partage-avec-la-tunisie-son-experience-de-gestion-des-technoparks\/#respond"]}]},{"@type":"WebPage","@id":"https:\/\/kapitalis.com\/tunisie\/2021\/11\/01\/la-coree-du-sud-partage-avec-la-tunisie-son-experience-de-gestion-des-technoparks\/","url":"https:\/\/kapitalis.com\/tunisie\/2021\/11\/01\/la-coree-du-sud-partage-avec-la-tunisie-son-experience-de-gestion-des-technoparks\/","name":"La Cor\u00e9e du Sud partage avec la Tunisie son exp\u00e9rience de gestion des technoparks - Kapitalis","isPartOf":{"@id":"https:\/\/kapitalis.com\/tunisie\/#website"},"primaryImageOfPage":{"@id":"https:\/\/kapitalis.com\/tunisie\/2021\/11\/01\/la-coree-du-sud-partage-avec-la-tunisie-son-experience-de-gestion-des-technoparks\/#primaryimage"},"image":{"@id":"https:\/\/kapitalis.com\/tunisie\/2021\/11\/01\/la-coree-du-sud-partage-avec-la-tunisie-son-experience-de-gestion-des-technoparks\/#primaryimage"},"thumbnailUrl":"","datePublished":"2021-11-01T10:40:43+00:00","dateModified":"2021-11-01T10:43:52+00:00","breadcrumb":{"@id":"https:\/\/kapitalis.com\/tunisie\/2021\/11\/01\/la-coree-du-sud-partage-avec-la-tunisie-son-experience-de-gestion-des-technoparks\/#breadcrumb"},"inLanguage":"fr-FR","potentialAction":[{"@type":"ReadAction","target":["https:\/\/kapitalis.com\/tunisie\/2021\/11\/01\/la-coree-du-sud-partage-avec-la-tunisie-son-experience-de-gestion-des-technoparks\/"]}]},{"@type":"ImageObject","inLanguage":"fr-FR","@id":"https:\/\/kapitalis.com\/tunisie\/2021\/11\/01\/la-coree-du-sud-partage-avec-la-tunisie-son-experience-de-gestion-des-technoparks\/#primaryimage","url":"","contentUrl":""},{"@type":"BreadcrumbList","@id":"https:\/\/kapitalis.com\/tunisie\/2021\/11\/01\/la-coree-du-sud-partage-avec-la-tunisie-son-experience-de-gestion-des-technoparks\/#breadcrumb","itemListElement":[{"@type":"ListItem","position":1,"name":"Accueil","item":"https:\/\/kapitalis.com\/tunisie\/"},{"@type":"ListItem","position":2,"name":"La Cor\u00e9e du Sud partage avec la Tunisie son exp\u00e9rience de gestion des technoparks"}]},{"@type":"WebSite","@id":"https:\/\/kapitalis.com\/tunisie\/#website","url":"https:\/\/kapitalis.com\/tunisie\/","name":"Kapitalis","description":"L&#039;actualit\u00e9 en Tunisie et dans le monde","publisher":{"@id":"https:\/\/kapitalis.com\/tunisie\/#organization"},"potentialAction":[{"@type":"SearchAction","target":{"@type":"EntryPoint","urlTemplate":"https:\/\/kapitalis.com\/tunisie\/?s={search_term_string}"},"query-input":{"@type":"PropertyValueSpecification","valueRequired":true,"valueName":"search_term_string"}}],"inLanguage":"fr-FR"},{"@type":"Organization","@id":"https:\/\/kapitalis.com\/tunisie\/#organization","name":"Kapitalis","url":"https:\/\/kapitalis.com\/tunisie\/","logo":{"@type":"ImageObject","inLanguage":"fr-FR","@id":"https:\/\/kapitalis.com\/tunisie\/#\/schema\/logo\/image\/","url":"https:\/\/kapitalis.com\/tunisie\/wp-content\/uploads\/2022\/05\/Kapitalis-big-size.png","contentUrl":"https:\/\/kapitalis.com\/tunisie\/wp-content\/uploads\/2022\/05\/Kapitalis-big-size.png","width":5000,"height":1500,"caption":"Kapitalis"},"image":{"@id":"https:\/\/kapitalis.com\/tunisie\/#\/schema\/logo\/image\/"},"sameAs":["https:\/\/www.facebook.com\/KapitalisInfo\/","https:\/\/x.com\/KapitalisInfo","https:\/\/www.youtube.com\/channel\/UC-yDYrHyfFBWWZaOw3FPg9Q"]},{"@type":"Person","@id":"https:\/\/kapitalis.com\/tunisie\/#\/schema\/person\/d71f33a9ca44f7bad4698210b480c8e9","name":"webmaster kapitalis","url":"https:\/\/kapitalis.com\/tunisie\/author\/webmaster-kapitalis\/"}]}},"_links":{"self":[{"href":"https:\/\/kapitalis.com\/tunisie\/wp-json\/wp\/v2\/posts\/368148","targetHints":{"allow":["GET"]}}],"collection":[{"href":"https:\/\/kapitalis.com\/tunisie\/wp-json\/wp\/v2\/posts"}],"about":[{"href":"https:\/\/kapitalis.com\/tunisie\/wp-json\/wp\/v2\/types\/post"}],"author":[{"embeddable":true,"href":"https:\/\/kapitalis.com\/tunisie\/wp-json\/wp\/v2\/users\/8"}],"replies":[{"embeddable":true,"href":"https:\/\/kapitalis.com\/tunisie\/wp-json\/wp\/v2\/comments?post=368148"}],"version-history":[{"count":0,"href":"https:\/\/kapitalis.com\/tunisie\/wp-json\/wp\/v2\/posts\/368148\/revisions"}],"wp:featuredmedia":[{"embeddable":true,"href":"https:\/\/kapitalis.com\/tunisie\/wp-json\/wp\/v2\/media\/368150"}],"wp:attachment":[{"href":"https:\/\/kapitalis.com\/tunisie\/wp-json\/wp\/v2\/media?parent=368148"}],"wp:term":[{"taxonomy":"category","embeddable":true,"href":"https:\/\/kapitalis.com\/tunisie\/wp-json\/wp\/v2\/categories?post=368148"},{"taxonomy":"post_tag","embeddable":true,"href":"https:\/\/kapitalis.com\/tunisie\/wp-json\/wp\/v2\/tags?post=368148"}],"curies":[{"name":"wp","href":"https:\/\/api.w.org\/{rel}","templated":true}]}}