{"id":368578,"date":"2021-11-03T19:50:12","date_gmt":"2021-11-03T18:50:12","guid":{"rendered":"http:\/\/kapitalis.com\/tunisie\/?p=368578"},"modified":"2021-11-03T19:59:43","modified_gmt":"2021-11-03T18:59:43","slug":"le-president-saied-commente-la-decouverte-dun-tunnel-a-proximite-de-la-residence-de-lambassadeur-de-france-a-la-marsa-video","status":"publish","type":"post","link":"https:\/\/kapitalis.com\/tunisie\/2021\/11\/03\/le-president-saied-commente-la-decouverte-dun-tunnel-a-proximite-de-la-residence-de-lambassadeur-de-france-a-la-marsa-video\/","title":{"rendered":"Le pr\u00e9sident Sa\u00efed commente la d\u00e9couverte d&rsquo;un tunnel \u00e0 proximit\u00e9 de la r\u00e9sidence de l&rsquo;ambassadeur de France \u00e0 la Marsa (Vid\u00e9o)"},"content":{"rendered":"\n<div class=\"wp-block-image\"><figure class=\"aligncenter size-full\"><img decoding=\"async\" src=\"http:\/\/kapitalis.com\/tunisie\/wp-content\/uploads\/2021\/11\/Tunnel-Saied-Marsa.jpg\" alt=\"\" class=\"wp-image-368581\"\/><\/figure><\/div>\n\n\n\n<p><strong><em>Le pr\u00e9sident de la r\u00e9publique Ka\u00efs Sa\u00efed a comment\u00e9, ce mercredi 3 novembre 2021, la d\u00e9couverte d&rsquo;un tunnel creus\u00e9 dans une maison situ\u00e9e aux alentours de la r\u00e9sidence de l&rsquo;ambassadeur de France \u00e0 la Marsa.<\/em><\/strong><\/p>\n\n\n\n<!--more-->\n\n\n\n<p>Dans une vid\u00e9o partag\u00e9e sur la page de la pr\u00e9sidence, le chef de l\u2019\u00c9tat qui a re\u00e7u le ministre de l&rsquo;Int\u00e9rieur Taoufik Charfeddine a rappel\u00e9 que l&rsquo;enqu\u00eate est en cours, que les services de s\u00e9curit\u00e9 vont faire la lumi\u00e8re sur cette affaire, et que la justice prendra les mesures n\u00e9cessaires.<\/p>\n\n\n\n<p>Sa\u00efed qui s&rsquo;\u00e9tait rendu sur place hier soir, avec M. Charfeddine ainsi que la cheffe du gouvernement Najla Bouden, avait \u00e9chang\u00e9 avec les services s\u00e9curitaires, qui ont affirm\u00e9 que le domicile concern\u00e9 est vis\u00e9 par un avis d\u2019expulsion, et qu&rsquo;il est occup\u00e9 par des individus suspects, sachant que le minist\u00e8re de l&rsquo;int\u00e9rieur avait annonc\u00e9 ce matin, que l&rsquo;un des individus habitant cet endroit est connu pour son extr\u00e9misme.<\/p>\n\n\n\n<p>\u00ab<em>J&rsquo;ai voulu constater de moi m\u00eame les faits et voir ce tunnel d\u00e9couvert, hier\u2026 Et malgr\u00e9 les rumeurs et les tentatives de tromper l&rsquo;opinion publique notamment en publiant des photos qui n&rsquo;ont aucun lien avec cet endroit. La v\u00e9rit\u00e9 sera r\u00e9v\u00e9l\u00e9e apr\u00e8s l&rsquo;enqu\u00eate\u00bb<\/em>, a-t-il encore dit.<\/p>\n\n\n\n<p>Tout en remerciant les forces s\u00e9curitaires pour leurs efforts, le pr\u00e9sident Sa\u00efed a tenu \u00e0 rassurer les Tunisiennes et les Tunisiens ainsi que les pays en relation avec la Tunisie, sur la s\u00e9curit\u00e9 dans le pays, en lan\u00e7ant : \u00ab<em>La Tunisie demeurera un pays s\u00fbr et fera face \u00e0 toutes les tentatives visant \u00e0 toucher aux institutions de l\u2019\u00c9tat, aux int\u00e9r\u00eats du pays et aux relations avec les pays fr\u00e8res et amis\u00bb.<\/em><\/p>\n\n\n\n<p>Voir la <a href=\"https:\/\/www.facebook.com\/Presidence.tn\/videos\/1255673801575634\" target=\"_blank\" rel=\"noreferrer noopener\">vid\u00e9o<\/a><\/p>\n\n\n\n<p class=\"has-text-align-right\"><strong>Y. N.<\/strong><\/p>\n","protected":false},"excerpt":{"rendered":"<p>Le pr\u00e9sident de la r\u00e9publique Ka\u00efs Sa\u00efed a comment\u00e9, ce mercredi 3 novembre 2021, la d\u00e9couverte d&rsquo;un tunnel creus\u00e9 dans une maison situ\u00e9e aux alentours de la r\u00e9sidence de l&rsquo;ambassadeur de France \u00e0 la Marsa.<\/p>\n","protected":false},"author":6,"featured_media":368581,"comment_status":"open","ping_status":"open","sticky":false,"template":"","format":"standard","meta":{"footnotes":""},"categories":[997,2433,4806],"tags":[19259,2991,1158,87935,62643,76058],"class_list":["post-368578","post","type-post","status-publish","format-standard","has-post-thumbnail","hentry","category-politique","category-tunisie","category-videos","tag-ambassadeur-de-france","tag-la-marsa","tag-presidence","tag-saied-2","tag-tunisie","tag-tunnel"],"yoast_head":"<!-- This site is optimized with the Yoast SEO plugin v26.6 - https:\/\/yoast.com\/wordpress\/plugins\/seo\/ -->\n<title>Le pr\u00e9sident Sa\u00efed commente la d\u00e9couverte d&#039;un tunnel \u00e0 proximit\u00e9 de la r\u00e9sidence de l&#039;ambassadeur de France \u00e0 la Marsa (Vid\u00e9o) - Kapitalis<\/title>\n<meta name=\"robots\" content=\"index, follow, max-snippet:-1, max-image-preview:large, max-video-preview:-1\" \/>\n<link rel=\"canonical\" href=\"https:\/\/kapitalis.com\/tunisie\/2021\/11\/03\/le-president-saied-commente-la-decouverte-dun-tunnel-a-proximite-de-la-residence-de-lambassadeur-de-france-a-la-marsa-video\/\" \/>\n<meta property=\"og:locale\" content=\"fr_FR\" \/>\n<meta property=\"og:type\" content=\"article\" \/>\n<meta property=\"og:title\" content=\"Le pr\u00e9sident Sa\u00efed commente la d\u00e9couverte d&#039;un tunnel \u00e0 proximit\u00e9 de la r\u00e9sidence de l&#039;ambassadeur de France \u00e0 la Marsa (Vid\u00e9o) - Kapitalis\" \/>\n<meta property=\"og:description\" content=\"Le pr\u00e9sident de la r\u00e9publique Ka\u00efs Sa\u00efed a comment\u00e9, ce mercredi 3 novembre 2021, la d\u00e9couverte d&rsquo;un tunnel creus\u00e9 dans une maison situ\u00e9e aux alentours de la r\u00e9sidence de l&rsquo;ambassadeur de France \u00e0 la Marsa.\" \/>\n<meta property=\"og:url\" content=\"https:\/\/kapitalis.com\/tunisie\/2021\/11\/03\/le-president-saied-commente-la-decouverte-dun-tunnel-a-proximite-de-la-residence-de-lambassadeur-de-france-a-la-marsa-video\/\" \/>\n<meta property=\"og:site_name\" content=\"Kapitalis\" \/>\n<meta property=\"article:publisher\" content=\"https:\/\/www.facebook.com\/KapitalisInfo\/\" \/>\n<meta property=\"article:published_time\" content=\"2021-11-03T18:50:12+00:00\" \/>\n<meta property=\"article:modified_time\" content=\"2021-11-03T18:59:43+00:00\" \/>\n<meta property=\"og:image\" content=\"https:\/\/kapitalis.com\/tunisie\/wp-content\/uploads\/2022\/05\/kapitalis-logo-fb.png\" \/>\n\t<meta property=\"og:image:width\" content=\"1200\" \/>\n\t<meta property=\"og:image:height\" content=\"630\" \/>\n\t<meta property=\"og:image:type\" content=\"image\/png\" \/>\n<meta name=\"author\" content=\"Yusra NY\" \/>\n<meta name=\"twitter:card\" content=\"summary_large_image\" \/>\n<meta name=\"twitter:creator\" content=\"@KapitalisInfo\" \/>\n<meta name=\"twitter:site\" content=\"@KapitalisInfo\" \/>\n<meta name=\"twitter:label1\" content=\"\u00c9crit par\" \/>\n\t<meta name=\"twitter:data1\" content=\"Yusra NY\" \/>\n\t<meta name=\"twitter:label2\" content=\"Dur\u00e9e de lecture estim\u00e9e\" \/>\n\t<meta name=\"twitter:data2\" content=\"2 minutes\" \/>\n<script type=\"application\/ld+json\" class=\"yoast-schema-graph\">{\"@context\":\"https:\/\/schema.org\",\"@graph\":[{\"@type\":\"Article\",\"@id\":\"https:\/\/kapitalis.com\/tunisie\/2021\/11\/03\/le-president-saied-commente-la-decouverte-dun-tunnel-a-proximite-de-la-residence-de-lambassadeur-de-france-a-la-marsa-video\/#article\",\"isPartOf\":{\"@id\":\"https:\/\/kapitalis.com\/tunisie\/2021\/11\/03\/le-president-saied-commente-la-decouverte-dun-tunnel-a-proximite-de-la-residence-de-lambassadeur-de-france-a-la-marsa-video\/\"},\"author\":{\"name\":\"Yusra NY\",\"@id\":\"https:\/\/kapitalis.com\/tunisie\/#\/schema\/person\/74bbde0154d49d790a92aaeac5bc01d5\"},\"headline\":\"Le pr\u00e9sident Sa\u00efed commente la d\u00e9couverte d&rsquo;un tunnel \u00e0 proximit\u00e9 de la r\u00e9sidence de l&rsquo;ambassadeur de France \u00e0 la Marsa (Vid\u00e9o)\",\"datePublished\":\"2021-11-03T18:50:12+00:00\",\"dateModified\":\"2021-11-03T18:59:43+00:00\",\"mainEntityOfPage\":{\"@id\":\"https:\/\/kapitalis.com\/tunisie\/2021\/11\/03\/le-president-saied-commente-la-decouverte-dun-tunnel-a-proximite-de-la-residence-de-lambassadeur-de-france-a-la-marsa-video\/\"},\"wordCount\":336,\"commentCount\":3,\"publisher\":{\"@id\":\"https:\/\/kapitalis.com\/tunisie\/#organization\"},\"image\":{\"@id\":\"https:\/\/kapitalis.com\/tunisie\/2021\/11\/03\/le-president-saied-commente-la-decouverte-dun-tunnel-a-proximite-de-la-residence-de-lambassadeur-de-france-a-la-marsa-video\/#primaryimage\"},\"thumbnailUrl\":\"\",\"keywords\":[\"ambassadeur de France\",\"La Marsa\",\"pr\u00e9sidence\",\"Sa\u00efed\",\"Tunisie\",\"tunnel\"],\"articleSection\":[\"POLITIQUE\",\"Tunisie\",\"VIDEOS\"],\"inLanguage\":\"fr-FR\",\"potentialAction\":[{\"@type\":\"CommentAction\",\"name\":\"Comment\",\"target\":[\"https:\/\/kapitalis.com\/tunisie\/2021\/11\/03\/le-president-saied-commente-la-decouverte-dun-tunnel-a-proximite-de-la-residence-de-lambassadeur-de-france-a-la-marsa-video\/#respond\"]}]},{\"@type\":\"WebPage\",\"@id\":\"https:\/\/kapitalis.com\/tunisie\/2021\/11\/03\/le-president-saied-commente-la-decouverte-dun-tunnel-a-proximite-de-la-residence-de-lambassadeur-de-france-a-la-marsa-video\/\",\"url\":\"https:\/\/kapitalis.com\/tunisie\/2021\/11\/03\/le-president-saied-commente-la-decouverte-dun-tunnel-a-proximite-de-la-residence-de-lambassadeur-de-france-a-la-marsa-video\/\",\"name\":\"Le pr\u00e9sident Sa\u00efed commente la d\u00e9couverte d'un tunnel \u00e0 proximit\u00e9 de la r\u00e9sidence de l'ambassadeur de France \u00e0 la Marsa (Vid\u00e9o) - Kapitalis\",\"isPartOf\":{\"@id\":\"https:\/\/kapitalis.com\/tunisie\/#website\"},\"primaryImageOfPage\":{\"@id\":\"https:\/\/kapitalis.com\/tunisie\/2021\/11\/03\/le-president-saied-commente-la-decouverte-dun-tunnel-a-proximite-de-la-residence-de-lambassadeur-de-france-a-la-marsa-video\/#primaryimage\"},\"image\":{\"@id\":\"https:\/\/kapitalis.com\/tunisie\/2021\/11\/03\/le-president-saied-commente-la-decouverte-dun-tunnel-a-proximite-de-la-residence-de-lambassadeur-de-france-a-la-marsa-video\/#primaryimage\"},\"thumbnailUrl\":\"\",\"datePublished\":\"2021-11-03T18:50:12+00:00\",\"dateModified\":\"2021-11-03T18:59:43+00:00\",\"breadcrumb\":{\"@id\":\"https:\/\/kapitalis.com\/tunisie\/2021\/11\/03\/le-president-saied-commente-la-decouverte-dun-tunnel-a-proximite-de-la-residence-de-lambassadeur-de-france-a-la-marsa-video\/#breadcrumb\"},\"inLanguage\":\"fr-FR\",\"potentialAction\":[{\"@type\":\"ReadAction\",\"target\":[\"https:\/\/kapitalis.com\/tunisie\/2021\/11\/03\/le-president-saied-commente-la-decouverte-dun-tunnel-a-proximite-de-la-residence-de-lambassadeur-de-france-a-la-marsa-video\/\"]}]},{\"@type\":\"ImageObject\",\"inLanguage\":\"fr-FR\",\"@id\":\"https:\/\/kapitalis.com\/tunisie\/2021\/11\/03\/le-president-saied-commente-la-decouverte-dun-tunnel-a-proximite-de-la-residence-de-lambassadeur-de-france-a-la-marsa-video\/#primaryimage\",\"url\":\"\",\"contentUrl\":\"\"},{\"@type\":\"BreadcrumbList\",\"@id\":\"https:\/\/kapitalis.com\/tunisie\/2021\/11\/03\/le-president-saied-commente-la-decouverte-dun-tunnel-a-proximite-de-la-residence-de-lambassadeur-de-france-a-la-marsa-video\/#breadcrumb\",\"itemListElement\":[{\"@type\":\"ListItem\",\"position\":1,\"name\":\"Accueil\",\"item\":\"https:\/\/kapitalis.com\/tunisie\/\"},{\"@type\":\"ListItem\",\"position\":2,\"name\":\"Le pr\u00e9sident Sa\u00efed commente la d\u00e9couverte d&rsquo;un tunnel \u00e0 proximit\u00e9 de la r\u00e9sidence de l&rsquo;ambassadeur de France \u00e0 la Marsa (Vid\u00e9o)\"}]},{\"@type\":\"WebSite\",\"@id\":\"https:\/\/kapitalis.com\/tunisie\/#website\",\"url\":\"https:\/\/kapitalis.com\/tunisie\/\",\"name\":\"Kapitalis\",\"description\":\"L&#039;actualit\u00e9 en Tunisie et dans le monde\",\"publisher\":{\"@id\":\"https:\/\/kapitalis.com\/tunisie\/#organization\"},\"potentialAction\":[{\"@type\":\"SearchAction\",\"target\":{\"@type\":\"EntryPoint\",\"urlTemplate\":\"https:\/\/kapitalis.com\/tunisie\/?s={search_term_string}\"},\"query-input\":{\"@type\":\"PropertyValueSpecification\",\"valueRequired\":true,\"valueName\":\"search_term_string\"}}],\"inLanguage\":\"fr-FR\"},{\"@type\":\"Organization\",\"@id\":\"https:\/\/kapitalis.com\/tunisie\/#organization\",\"name\":\"Kapitalis\",\"url\":\"https:\/\/kapitalis.com\/tunisie\/\",\"logo\":{\"@type\":\"ImageObject\",\"inLanguage\":\"fr-FR\",\"@id\":\"https:\/\/kapitalis.com\/tunisie\/#\/schema\/logo\/image\/\",\"url\":\"https:\/\/kapitalis.com\/tunisie\/wp-content\/uploads\/2022\/05\/Kapitalis-big-size.png\",\"contentUrl\":\"https:\/\/kapitalis.com\/tunisie\/wp-content\/uploads\/2022\/05\/Kapitalis-big-size.png\",\"width\":5000,\"height\":1500,\"caption\":\"Kapitalis\"},\"image\":{\"@id\":\"https:\/\/kapitalis.com\/tunisie\/#\/schema\/logo\/image\/\"},\"sameAs\":[\"https:\/\/www.facebook.com\/KapitalisInfo\/\",\"https:\/\/x.com\/KapitalisInfo\",\"https:\/\/www.youtube.com\/channel\/UC-yDYrHyfFBWWZaOw3FPg9Q\"]},{\"@type\":\"Person\",\"@id\":\"https:\/\/kapitalis.com\/tunisie\/#\/schema\/person\/74bbde0154d49d790a92aaeac5bc01d5\",\"name\":\"Yusra NY\",\"url\":\"https:\/\/kapitalis.com\/tunisie\/author\/yuza_adam\/\"}]}<\/script>\n<!-- \/ Yoast SEO plugin. -->","yoast_head_json":{"title":"Le pr\u00e9sident Sa\u00efed commente la d\u00e9couverte d'un tunnel \u00e0 proximit\u00e9 de la r\u00e9sidence de l'ambassadeur de France \u00e0 la Marsa (Vid\u00e9o) - Kapitalis","robots":{"index":"index","follow":"follow","max-snippet":"max-snippet:-1","max-image-preview":"max-image-preview:large","max-video-preview":"max-video-preview:-1"},"canonical":"https:\/\/kapitalis.com\/tunisie\/2021\/11\/03\/le-president-saied-commente-la-decouverte-dun-tunnel-a-proximite-de-la-residence-de-lambassadeur-de-france-a-la-marsa-video\/","og_locale":"fr_FR","og_type":"article","og_title":"Le pr\u00e9sident Sa\u00efed commente la d\u00e9couverte d'un tunnel \u00e0 proximit\u00e9 de la r\u00e9sidence de l'ambassadeur de France \u00e0 la Marsa (Vid\u00e9o) - Kapitalis","og_description":"Le pr\u00e9sident de la r\u00e9publique Ka\u00efs Sa\u00efed a comment\u00e9, ce mercredi 3 novembre 2021, la d\u00e9couverte d&rsquo;un tunnel creus\u00e9 dans une maison situ\u00e9e aux alentours de la r\u00e9sidence de l&rsquo;ambassadeur de France \u00e0 la Marsa.","og_url":"https:\/\/kapitalis.com\/tunisie\/2021\/11\/03\/le-president-saied-commente-la-decouverte-dun-tunnel-a-proximite-de-la-residence-de-lambassadeur-de-france-a-la-marsa-video\/","og_site_name":"Kapitalis","article_publisher":"https:\/\/www.facebook.com\/KapitalisInfo\/","article_published_time":"2021-11-03T18:50:12+00:00","article_modified_time":"2021-11-03T18:59:43+00:00","og_image":[{"width":1200,"height":630,"url":"https:\/\/kapitalis.com\/tunisie\/wp-content\/uploads\/2022\/05\/kapitalis-logo-fb.png","type":"image\/png"}],"author":"Yusra NY","twitter_card":"summary_large_image","twitter_creator":"@KapitalisInfo","twitter_site":"@KapitalisInfo","twitter_misc":{"\u00c9crit par":"Yusra NY","Dur\u00e9e de lecture estim\u00e9e":"2 minutes"},"schema":{"@context":"https:\/\/schema.org","@graph":[{"@type":"Article","@id":"https:\/\/kapitalis.com\/tunisie\/2021\/11\/03\/le-president-saied-commente-la-decouverte-dun-tunnel-a-proximite-de-la-residence-de-lambassadeur-de-france-a-la-marsa-video\/#article","isPartOf":{"@id":"https:\/\/kapitalis.com\/tunisie\/2021\/11\/03\/le-president-saied-commente-la-decouverte-dun-tunnel-a-proximite-de-la-residence-de-lambassadeur-de-france-a-la-marsa-video\/"},"author":{"name":"Yusra NY","@id":"https:\/\/kapitalis.com\/tunisie\/#\/schema\/person\/74bbde0154d49d790a92aaeac5bc01d5"},"headline":"Le pr\u00e9sident Sa\u00efed commente la d\u00e9couverte d&rsquo;un tunnel \u00e0 proximit\u00e9 de la r\u00e9sidence de l&rsquo;ambassadeur de France \u00e0 la Marsa (Vid\u00e9o)","datePublished":"2021-11-03T18:50:12+00:00","dateModified":"2021-11-03T18:59:43+00:00","mainEntityOfPage":{"@id":"https:\/\/kapitalis.com\/tunisie\/2021\/11\/03\/le-president-saied-commente-la-decouverte-dun-tunnel-a-proximite-de-la-residence-de-lambassadeur-de-france-a-la-marsa-video\/"},"wordCount":336,"commentCount":3,"publisher":{"@id":"https:\/\/kapitalis.com\/tunisie\/#organization"},"image":{"@id":"https:\/\/kapitalis.com\/tunisie\/2021\/11\/03\/le-president-saied-commente-la-decouverte-dun-tunnel-a-proximite-de-la-residence-de-lambassadeur-de-france-a-la-marsa-video\/#primaryimage"},"thumbnailUrl":"","keywords":["ambassadeur de France","La Marsa","pr\u00e9sidence","Sa\u00efed","Tunisie","tunnel"],"articleSection":["POLITIQUE","Tunisie","VIDEOS"],"inLanguage":"fr-FR","potentialAction":[{"@type":"CommentAction","name":"Comment","target":["https:\/\/kapitalis.com\/tunisie\/2021\/11\/03\/le-president-saied-commente-la-decouverte-dun-tunnel-a-proximite-de-la-residence-de-lambassadeur-de-france-a-la-marsa-video\/#respond"]}]},{"@type":"WebPage","@id":"https:\/\/kapitalis.com\/tunisie\/2021\/11\/03\/le-president-saied-commente-la-decouverte-dun-tunnel-a-proximite-de-la-residence-de-lambassadeur-de-france-a-la-marsa-video\/","url":"https:\/\/kapitalis.com\/tunisie\/2021\/11\/03\/le-president-saied-commente-la-decouverte-dun-tunnel-a-proximite-de-la-residence-de-lambassadeur-de-france-a-la-marsa-video\/","name":"Le pr\u00e9sident Sa\u00efed commente la d\u00e9couverte d'un tunnel \u00e0 proximit\u00e9 de la r\u00e9sidence de l'ambassadeur de France \u00e0 la Marsa (Vid\u00e9o) - Kapitalis","isPartOf":{"@id":"https:\/\/kapitalis.com\/tunisie\/#website"},"primaryImageOfPage":{"@id":"https:\/\/kapitalis.com\/tunisie\/2021\/11\/03\/le-president-saied-commente-la-decouverte-dun-tunnel-a-proximite-de-la-residence-de-lambassadeur-de-france-a-la-marsa-video\/#primaryimage"},"image":{"@id":"https:\/\/kapitalis.com\/tunisie\/2021\/11\/03\/le-president-saied-commente-la-decouverte-dun-tunnel-a-proximite-de-la-residence-de-lambassadeur-de-france-a-la-marsa-video\/#primaryimage"},"thumbnailUrl":"","datePublished":"2021-11-03T18:50:12+00:00","dateModified":"2021-11-03T18:59:43+00:00","breadcrumb":{"@id":"https:\/\/kapitalis.com\/tunisie\/2021\/11\/03\/le-president-saied-commente-la-decouverte-dun-tunnel-a-proximite-de-la-residence-de-lambassadeur-de-france-a-la-marsa-video\/#breadcrumb"},"inLanguage":"fr-FR","potentialAction":[{"@type":"ReadAction","target":["https:\/\/kapitalis.com\/tunisie\/2021\/11\/03\/le-president-saied-commente-la-decouverte-dun-tunnel-a-proximite-de-la-residence-de-lambassadeur-de-france-a-la-marsa-video\/"]}]},{"@type":"ImageObject","inLanguage":"fr-FR","@id":"https:\/\/kapitalis.com\/tunisie\/2021\/11\/03\/le-president-saied-commente-la-decouverte-dun-tunnel-a-proximite-de-la-residence-de-lambassadeur-de-france-a-la-marsa-video\/#primaryimage","url":"","contentUrl":""},{"@type":"BreadcrumbList","@id":"https:\/\/kapitalis.com\/tunisie\/2021\/11\/03\/le-president-saied-commente-la-decouverte-dun-tunnel-a-proximite-de-la-residence-de-lambassadeur-de-france-a-la-marsa-video\/#breadcrumb","itemListElement":[{"@type":"ListItem","position":1,"name":"Accueil","item":"https:\/\/kapitalis.com\/tunisie\/"},{"@type":"ListItem","position":2,"name":"Le pr\u00e9sident Sa\u00efed commente la d\u00e9couverte d&rsquo;un tunnel \u00e0 proximit\u00e9 de la r\u00e9sidence de l&rsquo;ambassadeur de France \u00e0 la Marsa (Vid\u00e9o)"}]},{"@type":"WebSite","@id":"https:\/\/kapitalis.com\/tunisie\/#website","url":"https:\/\/kapitalis.com\/tunisie\/","name":"Kapitalis","description":"L&#039;actualit\u00e9 en Tunisie et dans le monde","publisher":{"@id":"https:\/\/kapitalis.com\/tunisie\/#organization"},"potentialAction":[{"@type":"SearchAction","target":{"@type":"EntryPoint","urlTemplate":"https:\/\/kapitalis.com\/tunisie\/?s={search_term_string}"},"query-input":{"@type":"PropertyValueSpecification","valueRequired":true,"valueName":"search_term_string"}}],"inLanguage":"fr-FR"},{"@type":"Organization","@id":"https:\/\/kapitalis.com\/tunisie\/#organization","name":"Kapitalis","url":"https:\/\/kapitalis.com\/tunisie\/","logo":{"@type":"ImageObject","inLanguage":"fr-FR","@id":"https:\/\/kapitalis.com\/tunisie\/#\/schema\/logo\/image\/","url":"https:\/\/kapitalis.com\/tunisie\/wp-content\/uploads\/2022\/05\/Kapitalis-big-size.png","contentUrl":"https:\/\/kapitalis.com\/tunisie\/wp-content\/uploads\/2022\/05\/Kapitalis-big-size.png","width":5000,"height":1500,"caption":"Kapitalis"},"image":{"@id":"https:\/\/kapitalis.com\/tunisie\/#\/schema\/logo\/image\/"},"sameAs":["https:\/\/www.facebook.com\/KapitalisInfo\/","https:\/\/x.com\/KapitalisInfo","https:\/\/www.youtube.com\/channel\/UC-yDYrHyfFBWWZaOw3FPg9Q"]},{"@type":"Person","@id":"https:\/\/kapitalis.com\/tunisie\/#\/schema\/person\/74bbde0154d49d790a92aaeac5bc01d5","name":"Yusra NY","url":"https:\/\/kapitalis.com\/tunisie\/author\/yuza_adam\/"}]}},"_links":{"self":[{"href":"https:\/\/kapitalis.com\/tunisie\/wp-json\/wp\/v2\/posts\/368578","targetHints":{"allow":["GET"]}}],"collection":[{"href":"https:\/\/kapitalis.com\/tunisie\/wp-json\/wp\/v2\/posts"}],"about":[{"href":"https:\/\/kapitalis.com\/tunisie\/wp-json\/wp\/v2\/types\/post"}],"author":[{"embeddable":true,"href":"https:\/\/kapitalis.com\/tunisie\/wp-json\/wp\/v2\/users\/6"}],"replies":[{"embeddable":true,"href":"https:\/\/kapitalis.com\/tunisie\/wp-json\/wp\/v2\/comments?post=368578"}],"version-history":[{"count":0,"href":"https:\/\/kapitalis.com\/tunisie\/wp-json\/wp\/v2\/posts\/368578\/revisions"}],"wp:featuredmedia":[{"embeddable":true,"href":"https:\/\/kapitalis.com\/tunisie\/wp-json\/wp\/v2\/media\/368581"}],"wp:attachment":[{"href":"https:\/\/kapitalis.com\/tunisie\/wp-json\/wp\/v2\/media?parent=368578"}],"wp:term":[{"taxonomy":"category","embeddable":true,"href":"https:\/\/kapitalis.com\/tunisie\/wp-json\/wp\/v2\/categories?post=368578"},{"taxonomy":"post_tag","embeddable":true,"href":"https:\/\/kapitalis.com\/tunisie\/wp-json\/wp\/v2\/tags?post=368578"}],"curies":[{"name":"wp","href":"https:\/\/api.w.org\/{rel}","templated":true}]}}