{"id":36877,"date":"2016-01-27T12:39:35","date_gmt":"2016-01-27T11:39:35","guid":{"rendered":"http:\/\/kapitalis.com\/tunisie\/?p=36877"},"modified":"2016-01-27T14:03:02","modified_gmt":"2016-01-27T13:03:02","slug":"le-saccage-du-memorial-belmufti-et-le-mutisme-des-camarades","status":"publish","type":"post","link":"https:\/\/kapitalis.com\/tunisie\/2016\/01\/27\/le-saccage-du-memorial-belmufti-et-le-mutisme-des-camarades\/","title":{"rendered":"Le saccage du m\u00e9morial Belmufti et le mutisme des \u00abcamarades\u00bb"},"content":{"rendered":"<p style=\"text-align: center;\"><img loading=\"lazy\" decoding=\"async\" class=\"alignnone size-full wp-image-36881\" src=\"http:\/\/kapitalis.com\/tunisie\/wp-content\/uploads\/2016\/01\/Memorial-Belmufti.jpg\" alt=\"Memorial Belmufti\" width=\"626\" height=\"380\" \/><\/p>\n<p><strong><em>La veuve de Mohamed Belmufti a d\u00e9nonc\u00e9 le silence des autorit\u00e9s et des \u00abcamarades\u00bb apr\u00e8s le saccage de son m\u00e9morial \u00e0 la place du martyr \u00e0 Gafsa.<\/em><\/strong><\/p>\n<p><!--more--><\/p>\n<p>Des d\u00e9linquants ont d\u00e9truit, jeudi 21 janvier 2016, le m\u00e9morial du martyr Mohamed Belmufti, militant de gauche tu\u00e9 lors des manifestations \u00e0 Gafsa, au lendemain de l\u2019assassinat de Mohamed Brahmi (Front populaire), le 25 juillet 2013.<\/p>\n<p>La Fondation Mohamed Belmufti a d\u00e9nonc\u00e9 cet acte de vandalisme et pr\u00e9cis\u00e9 que des d\u00e9linquants recourent \u00e0 la violence pour discr\u00e9diter les protestations pacifiques pour revendiquer l\u2019emploi et l\u2019\u00e9galit\u00e9 sociale.<\/p>\n<p style=\"text-align: right;\"><img loading=\"lazy\" decoding=\"async\" class=\"size-full wp-image-36885 aligncenter\" src=\"http:\/\/kapitalis.com\/tunisie\/wp-content\/uploads\/2016\/01\/Islem-et-Mohamed-Belmufti.jpg\" alt=\"Islem et Mohamed Belmufti\" width=\"500\" height=\"300\" \/><\/p>\n<p style=\"text-align: center;\"><em>Islem et son d\u00e9funt mari.<\/em><\/p>\n<p>Les camarades du martyr et activistes de la soci\u00e9t\u00e9 civile ne se sont pas exprim\u00e9s \u00e0 ce sujet et peu de m\u00e9dias en ont parl\u00e9. Ce qui a irrit\u00e9 Islem Ezzahi Belmufti, la veuve du martyr, qui a d\u00e9clar\u00e9 : \u00ab<em>Le silence sur cet acte de vandalisme est surprenant. Personne n\u2019a appel\u00e9 la famille ni ne lui a rendu visite. Personne n\u2019en a parl\u00e9. Pourtant des d\u00e9put\u00e9s, dont celui de Gafsa, \u00e9tait sur un plateau t\u00e9l\u00e9vis\u00e9 et auraient pu en dire un mot<\/em>\u00bb. Islem a confi\u00e9 \u00e0 kapitalis qu&rsquo;elle fait allusion <span data-ft=\"{&quot;tn&quot;:&quot;K&quot;}\"><span class=\"UFICommentBody\">aux d\u00e9put\u00e9s du Front Popoulaire, sachant que Belmufti \u00e9tait un des fondateurs de la coordination r\u00e9gionale du FP de Gafsa.<\/span><\/span><\/p>\n<p><img loading=\"lazy\" decoding=\"async\" class=\"size-full wp-image-36884 aligncenter\" src=\"http:\/\/kapitalis.com\/tunisie\/wp-content\/uploads\/2016\/01\/Med-Belmufti-et-AdnenHajji.jpg\" alt=\"Med Belmufti et AdnenHajji\" width=\"500\" height=\"300\" \/><\/p>\n<p style=\"text-align: center;\"><em>Feu Mohamed Belmufti et Adnen Hajji.<\/em><\/p>\n<p>\u00ab<em>Toutes mes excuses Mohamed, mais tu n\u2019es pas seul, nous sommes l\u00e0, tes enfants et moi, et tous les tiens poursuivront le chemin et ne t\u2019oublieront jamais<\/em>\u00bb, a-t-elle conclu.<\/p>\n<p style=\"text-align: right;\"><strong>Y. N.<\/strong><\/p>\n","protected":false},"excerpt":{"rendered":"<p>La veuve de Mohamed Belmufti a d\u00e9nonc\u00e9 le silence des autorit\u00e9s et des \u00abcamarades\u00bb apr\u00e8s le saccage de son m\u00e9morial \u00e0 la place du martyr \u00e0 Gafsa.<\/p>\n","protected":false},"author":6,"featured_media":36881,"comment_status":"open","ping_status":"open","sticky":false,"template":"","format":"standard","meta":{"footnotes":""},"categories":[998,2433],"tags":[1347,399,407,581,1699],"class_list":["post-36877","post","type-post","status-publish","format-standard","has-post-thumbnail","hentry","category-societe","category-tunisie","tag-depute","tag-front-populaire","tag-gafsa","tag-martyr","tag-vandalisme"],"yoast_head":"<!-- This site is optimized with the Yoast SEO plugin v26.6 - https:\/\/yoast.com\/wordpress\/plugins\/seo\/ -->\n<title>Le saccage du m\u00e9morial Belmufti et le mutisme des \u00abcamarades\u00bb - Kapitalis<\/title>\n<meta name=\"robots\" content=\"index, follow, max-snippet:-1, max-image-preview:large, max-video-preview:-1\" \/>\n<link rel=\"canonical\" href=\"https:\/\/kapitalis.com\/tunisie\/2016\/01\/27\/le-saccage-du-memorial-belmufti-et-le-mutisme-des-camarades\/\" \/>\n<meta property=\"og:locale\" content=\"fr_FR\" \/>\n<meta property=\"og:type\" content=\"article\" \/>\n<meta property=\"og:title\" content=\"Le saccage du m\u00e9morial Belmufti et le mutisme des \u00abcamarades\u00bb - Kapitalis\" \/>\n<meta property=\"og:description\" content=\"La veuve de Mohamed Belmufti a d\u00e9nonc\u00e9 le silence des autorit\u00e9s et des \u00abcamarades\u00bb apr\u00e8s le saccage de son m\u00e9morial \u00e0 la place du martyr \u00e0 Gafsa.\" \/>\n<meta property=\"og:url\" content=\"https:\/\/kapitalis.com\/tunisie\/2016\/01\/27\/le-saccage-du-memorial-belmufti-et-le-mutisme-des-camarades\/\" \/>\n<meta property=\"og:site_name\" content=\"Kapitalis\" \/>\n<meta property=\"article:publisher\" content=\"https:\/\/www.facebook.com\/KapitalisInfo\/\" \/>\n<meta property=\"article:published_time\" content=\"2016-01-27T11:39:35+00:00\" \/>\n<meta property=\"article:modified_time\" content=\"2016-01-27T13:03:02+00:00\" \/>\n<meta property=\"og:image\" content=\"https:\/\/kapitalis.com\/tunisie\/wp-content\/uploads\/2022\/05\/kapitalis-logo-fb.png\" \/>\n\t<meta property=\"og:image:width\" content=\"1200\" \/>\n\t<meta property=\"og:image:height\" content=\"630\" \/>\n\t<meta property=\"og:image:type\" content=\"image\/png\" \/>\n<meta name=\"author\" content=\"Yusra NY\" \/>\n<meta name=\"twitter:card\" content=\"summary_large_image\" \/>\n<meta name=\"twitter:creator\" content=\"@KapitalisInfo\" \/>\n<meta name=\"twitter:site\" content=\"@KapitalisInfo\" \/>\n<meta name=\"twitter:label1\" content=\"\u00c9crit par\" \/>\n\t<meta name=\"twitter:data1\" content=\"Yusra NY\" \/>\n\t<meta name=\"twitter:label2\" content=\"Dur\u00e9e de lecture estim\u00e9e\" \/>\n\t<meta name=\"twitter:data2\" content=\"1 minute\" \/>\n<script type=\"application\/ld+json\" class=\"yoast-schema-graph\">{\"@context\":\"https:\/\/schema.org\",\"@graph\":[{\"@type\":\"Article\",\"@id\":\"https:\/\/kapitalis.com\/tunisie\/2016\/01\/27\/le-saccage-du-memorial-belmufti-et-le-mutisme-des-camarades\/#article\",\"isPartOf\":{\"@id\":\"https:\/\/kapitalis.com\/tunisie\/2016\/01\/27\/le-saccage-du-memorial-belmufti-et-le-mutisme-des-camarades\/\"},\"author\":{\"name\":\"Yusra NY\",\"@id\":\"https:\/\/kapitalis.com\/tunisie\/#\/schema\/person\/74bbde0154d49d790a92aaeac5bc01d5\"},\"headline\":\"Le saccage du m\u00e9morial Belmufti et le mutisme des \u00abcamarades\u00bb\",\"datePublished\":\"2016-01-27T11:39:35+00:00\",\"dateModified\":\"2016-01-27T13:03:02+00:00\",\"mainEntityOfPage\":{\"@id\":\"https:\/\/kapitalis.com\/tunisie\/2016\/01\/27\/le-saccage-du-memorial-belmufti-et-le-mutisme-des-camarades\/\"},\"wordCount\":276,\"commentCount\":0,\"publisher\":{\"@id\":\"https:\/\/kapitalis.com\/tunisie\/#organization\"},\"image\":{\"@id\":\"https:\/\/kapitalis.com\/tunisie\/2016\/01\/27\/le-saccage-du-memorial-belmufti-et-le-mutisme-des-camarades\/#primaryimage\"},\"thumbnailUrl\":\"\",\"keywords\":[\"d\u00e9put\u00e9\",\"Front populaire\",\"Gafsa\",\"martyr\",\"vandalisme\"],\"articleSection\":[\"SOCIETE\",\"Tunisie\"],\"inLanguage\":\"fr-FR\",\"potentialAction\":[{\"@type\":\"CommentAction\",\"name\":\"Comment\",\"target\":[\"https:\/\/kapitalis.com\/tunisie\/2016\/01\/27\/le-saccage-du-memorial-belmufti-et-le-mutisme-des-camarades\/#respond\"]}]},{\"@type\":\"WebPage\",\"@id\":\"https:\/\/kapitalis.com\/tunisie\/2016\/01\/27\/le-saccage-du-memorial-belmufti-et-le-mutisme-des-camarades\/\",\"url\":\"https:\/\/kapitalis.com\/tunisie\/2016\/01\/27\/le-saccage-du-memorial-belmufti-et-le-mutisme-des-camarades\/\",\"name\":\"Le saccage du m\u00e9morial Belmufti et le mutisme des \u00abcamarades\u00bb - Kapitalis\",\"isPartOf\":{\"@id\":\"https:\/\/kapitalis.com\/tunisie\/#website\"},\"primaryImageOfPage\":{\"@id\":\"https:\/\/kapitalis.com\/tunisie\/2016\/01\/27\/le-saccage-du-memorial-belmufti-et-le-mutisme-des-camarades\/#primaryimage\"},\"image\":{\"@id\":\"https:\/\/kapitalis.com\/tunisie\/2016\/01\/27\/le-saccage-du-memorial-belmufti-et-le-mutisme-des-camarades\/#primaryimage\"},\"thumbnailUrl\":\"\",\"datePublished\":\"2016-01-27T11:39:35+00:00\",\"dateModified\":\"2016-01-27T13:03:02+00:00\",\"breadcrumb\":{\"@id\":\"https:\/\/kapitalis.com\/tunisie\/2016\/01\/27\/le-saccage-du-memorial-belmufti-et-le-mutisme-des-camarades\/#breadcrumb\"},\"inLanguage\":\"fr-FR\",\"potentialAction\":[{\"@type\":\"ReadAction\",\"target\":[\"https:\/\/kapitalis.com\/tunisie\/2016\/01\/27\/le-saccage-du-memorial-belmufti-et-le-mutisme-des-camarades\/\"]}]},{\"@type\":\"ImageObject\",\"inLanguage\":\"fr-FR\",\"@id\":\"https:\/\/kapitalis.com\/tunisie\/2016\/01\/27\/le-saccage-du-memorial-belmufti-et-le-mutisme-des-camarades\/#primaryimage\",\"url\":\"\",\"contentUrl\":\"\"},{\"@type\":\"BreadcrumbList\",\"@id\":\"https:\/\/kapitalis.com\/tunisie\/2016\/01\/27\/le-saccage-du-memorial-belmufti-et-le-mutisme-des-camarades\/#breadcrumb\",\"itemListElement\":[{\"@type\":\"ListItem\",\"position\":1,\"name\":\"Accueil\",\"item\":\"https:\/\/kapitalis.com\/tunisie\/\"},{\"@type\":\"ListItem\",\"position\":2,\"name\":\"Le saccage du m\u00e9morial Belmufti et le mutisme des \u00abcamarades\u00bb\"}]},{\"@type\":\"WebSite\",\"@id\":\"https:\/\/kapitalis.com\/tunisie\/#website\",\"url\":\"https:\/\/kapitalis.com\/tunisie\/\",\"name\":\"Kapitalis\",\"description\":\"L&#039;actualit\u00e9 en Tunisie et dans le monde\",\"publisher\":{\"@id\":\"https:\/\/kapitalis.com\/tunisie\/#organization\"},\"potentialAction\":[{\"@type\":\"SearchAction\",\"target\":{\"@type\":\"EntryPoint\",\"urlTemplate\":\"https:\/\/kapitalis.com\/tunisie\/?s={search_term_string}\"},\"query-input\":{\"@type\":\"PropertyValueSpecification\",\"valueRequired\":true,\"valueName\":\"search_term_string\"}}],\"inLanguage\":\"fr-FR\"},{\"@type\":\"Organization\",\"@id\":\"https:\/\/kapitalis.com\/tunisie\/#organization\",\"name\":\"Kapitalis\",\"url\":\"https:\/\/kapitalis.com\/tunisie\/\",\"logo\":{\"@type\":\"ImageObject\",\"inLanguage\":\"fr-FR\",\"@id\":\"https:\/\/kapitalis.com\/tunisie\/#\/schema\/logo\/image\/\",\"url\":\"https:\/\/kapitalis.com\/tunisie\/wp-content\/uploads\/2022\/05\/Kapitalis-big-size.png\",\"contentUrl\":\"https:\/\/kapitalis.com\/tunisie\/wp-content\/uploads\/2022\/05\/Kapitalis-big-size.png\",\"width\":5000,\"height\":1500,\"caption\":\"Kapitalis\"},\"image\":{\"@id\":\"https:\/\/kapitalis.com\/tunisie\/#\/schema\/logo\/image\/\"},\"sameAs\":[\"https:\/\/www.facebook.com\/KapitalisInfo\/\",\"https:\/\/x.com\/KapitalisInfo\",\"https:\/\/www.youtube.com\/channel\/UC-yDYrHyfFBWWZaOw3FPg9Q\"]},{\"@type\":\"Person\",\"@id\":\"https:\/\/kapitalis.com\/tunisie\/#\/schema\/person\/74bbde0154d49d790a92aaeac5bc01d5\",\"name\":\"Yusra NY\",\"url\":\"https:\/\/kapitalis.com\/tunisie\/author\/yuza_adam\/\"}]}<\/script>\n<!-- \/ Yoast SEO plugin. -->","yoast_head_json":{"title":"Le saccage du m\u00e9morial Belmufti et le mutisme des \u00abcamarades\u00bb - Kapitalis","robots":{"index":"index","follow":"follow","max-snippet":"max-snippet:-1","max-image-preview":"max-image-preview:large","max-video-preview":"max-video-preview:-1"},"canonical":"https:\/\/kapitalis.com\/tunisie\/2016\/01\/27\/le-saccage-du-memorial-belmufti-et-le-mutisme-des-camarades\/","og_locale":"fr_FR","og_type":"article","og_title":"Le saccage du m\u00e9morial Belmufti et le mutisme des \u00abcamarades\u00bb - Kapitalis","og_description":"La veuve de Mohamed Belmufti a d\u00e9nonc\u00e9 le silence des autorit\u00e9s et des \u00abcamarades\u00bb apr\u00e8s le saccage de son m\u00e9morial \u00e0 la place du martyr \u00e0 Gafsa.","og_url":"https:\/\/kapitalis.com\/tunisie\/2016\/01\/27\/le-saccage-du-memorial-belmufti-et-le-mutisme-des-camarades\/","og_site_name":"Kapitalis","article_publisher":"https:\/\/www.facebook.com\/KapitalisInfo\/","article_published_time":"2016-01-27T11:39:35+00:00","article_modified_time":"2016-01-27T13:03:02+00:00","og_image":[{"width":1200,"height":630,"url":"https:\/\/kapitalis.com\/tunisie\/wp-content\/uploads\/2022\/05\/kapitalis-logo-fb.png","type":"image\/png"}],"author":"Yusra NY","twitter_card":"summary_large_image","twitter_creator":"@KapitalisInfo","twitter_site":"@KapitalisInfo","twitter_misc":{"\u00c9crit par":"Yusra NY","Dur\u00e9e de lecture estim\u00e9e":"1 minute"},"schema":{"@context":"https:\/\/schema.org","@graph":[{"@type":"Article","@id":"https:\/\/kapitalis.com\/tunisie\/2016\/01\/27\/le-saccage-du-memorial-belmufti-et-le-mutisme-des-camarades\/#article","isPartOf":{"@id":"https:\/\/kapitalis.com\/tunisie\/2016\/01\/27\/le-saccage-du-memorial-belmufti-et-le-mutisme-des-camarades\/"},"author":{"name":"Yusra NY","@id":"https:\/\/kapitalis.com\/tunisie\/#\/schema\/person\/74bbde0154d49d790a92aaeac5bc01d5"},"headline":"Le saccage du m\u00e9morial Belmufti et le mutisme des \u00abcamarades\u00bb","datePublished":"2016-01-27T11:39:35+00:00","dateModified":"2016-01-27T13:03:02+00:00","mainEntityOfPage":{"@id":"https:\/\/kapitalis.com\/tunisie\/2016\/01\/27\/le-saccage-du-memorial-belmufti-et-le-mutisme-des-camarades\/"},"wordCount":276,"commentCount":0,"publisher":{"@id":"https:\/\/kapitalis.com\/tunisie\/#organization"},"image":{"@id":"https:\/\/kapitalis.com\/tunisie\/2016\/01\/27\/le-saccage-du-memorial-belmufti-et-le-mutisme-des-camarades\/#primaryimage"},"thumbnailUrl":"","keywords":["d\u00e9put\u00e9","Front populaire","Gafsa","martyr","vandalisme"],"articleSection":["SOCIETE","Tunisie"],"inLanguage":"fr-FR","potentialAction":[{"@type":"CommentAction","name":"Comment","target":["https:\/\/kapitalis.com\/tunisie\/2016\/01\/27\/le-saccage-du-memorial-belmufti-et-le-mutisme-des-camarades\/#respond"]}]},{"@type":"WebPage","@id":"https:\/\/kapitalis.com\/tunisie\/2016\/01\/27\/le-saccage-du-memorial-belmufti-et-le-mutisme-des-camarades\/","url":"https:\/\/kapitalis.com\/tunisie\/2016\/01\/27\/le-saccage-du-memorial-belmufti-et-le-mutisme-des-camarades\/","name":"Le saccage du m\u00e9morial Belmufti et le mutisme des \u00abcamarades\u00bb - Kapitalis","isPartOf":{"@id":"https:\/\/kapitalis.com\/tunisie\/#website"},"primaryImageOfPage":{"@id":"https:\/\/kapitalis.com\/tunisie\/2016\/01\/27\/le-saccage-du-memorial-belmufti-et-le-mutisme-des-camarades\/#primaryimage"},"image":{"@id":"https:\/\/kapitalis.com\/tunisie\/2016\/01\/27\/le-saccage-du-memorial-belmufti-et-le-mutisme-des-camarades\/#primaryimage"},"thumbnailUrl":"","datePublished":"2016-01-27T11:39:35+00:00","dateModified":"2016-01-27T13:03:02+00:00","breadcrumb":{"@id":"https:\/\/kapitalis.com\/tunisie\/2016\/01\/27\/le-saccage-du-memorial-belmufti-et-le-mutisme-des-camarades\/#breadcrumb"},"inLanguage":"fr-FR","potentialAction":[{"@type":"ReadAction","target":["https:\/\/kapitalis.com\/tunisie\/2016\/01\/27\/le-saccage-du-memorial-belmufti-et-le-mutisme-des-camarades\/"]}]},{"@type":"ImageObject","inLanguage":"fr-FR","@id":"https:\/\/kapitalis.com\/tunisie\/2016\/01\/27\/le-saccage-du-memorial-belmufti-et-le-mutisme-des-camarades\/#primaryimage","url":"","contentUrl":""},{"@type":"BreadcrumbList","@id":"https:\/\/kapitalis.com\/tunisie\/2016\/01\/27\/le-saccage-du-memorial-belmufti-et-le-mutisme-des-camarades\/#breadcrumb","itemListElement":[{"@type":"ListItem","position":1,"name":"Accueil","item":"https:\/\/kapitalis.com\/tunisie\/"},{"@type":"ListItem","position":2,"name":"Le saccage du m\u00e9morial Belmufti et le mutisme des \u00abcamarades\u00bb"}]},{"@type":"WebSite","@id":"https:\/\/kapitalis.com\/tunisie\/#website","url":"https:\/\/kapitalis.com\/tunisie\/","name":"Kapitalis","description":"L&#039;actualit\u00e9 en Tunisie et dans le monde","publisher":{"@id":"https:\/\/kapitalis.com\/tunisie\/#organization"},"potentialAction":[{"@type":"SearchAction","target":{"@type":"EntryPoint","urlTemplate":"https:\/\/kapitalis.com\/tunisie\/?s={search_term_string}"},"query-input":{"@type":"PropertyValueSpecification","valueRequired":true,"valueName":"search_term_string"}}],"inLanguage":"fr-FR"},{"@type":"Organization","@id":"https:\/\/kapitalis.com\/tunisie\/#organization","name":"Kapitalis","url":"https:\/\/kapitalis.com\/tunisie\/","logo":{"@type":"ImageObject","inLanguage":"fr-FR","@id":"https:\/\/kapitalis.com\/tunisie\/#\/schema\/logo\/image\/","url":"https:\/\/kapitalis.com\/tunisie\/wp-content\/uploads\/2022\/05\/Kapitalis-big-size.png","contentUrl":"https:\/\/kapitalis.com\/tunisie\/wp-content\/uploads\/2022\/05\/Kapitalis-big-size.png","width":5000,"height":1500,"caption":"Kapitalis"},"image":{"@id":"https:\/\/kapitalis.com\/tunisie\/#\/schema\/logo\/image\/"},"sameAs":["https:\/\/www.facebook.com\/KapitalisInfo\/","https:\/\/x.com\/KapitalisInfo","https:\/\/www.youtube.com\/channel\/UC-yDYrHyfFBWWZaOw3FPg9Q"]},{"@type":"Person","@id":"https:\/\/kapitalis.com\/tunisie\/#\/schema\/person\/74bbde0154d49d790a92aaeac5bc01d5","name":"Yusra NY","url":"https:\/\/kapitalis.com\/tunisie\/author\/yuza_adam\/"}]}},"_links":{"self":[{"href":"https:\/\/kapitalis.com\/tunisie\/wp-json\/wp\/v2\/posts\/36877","targetHints":{"allow":["GET"]}}],"collection":[{"href":"https:\/\/kapitalis.com\/tunisie\/wp-json\/wp\/v2\/posts"}],"about":[{"href":"https:\/\/kapitalis.com\/tunisie\/wp-json\/wp\/v2\/types\/post"}],"author":[{"embeddable":true,"href":"https:\/\/kapitalis.com\/tunisie\/wp-json\/wp\/v2\/users\/6"}],"replies":[{"embeddable":true,"href":"https:\/\/kapitalis.com\/tunisie\/wp-json\/wp\/v2\/comments?post=36877"}],"version-history":[{"count":0,"href":"https:\/\/kapitalis.com\/tunisie\/wp-json\/wp\/v2\/posts\/36877\/revisions"}],"wp:featuredmedia":[{"embeddable":true,"href":"https:\/\/kapitalis.com\/tunisie\/wp-json\/wp\/v2\/media\/36881"}],"wp:attachment":[{"href":"https:\/\/kapitalis.com\/tunisie\/wp-json\/wp\/v2\/media?parent=36877"}],"wp:term":[{"taxonomy":"category","embeddable":true,"href":"https:\/\/kapitalis.com\/tunisie\/wp-json\/wp\/v2\/categories?post=36877"},{"taxonomy":"post_tag","embeddable":true,"href":"https:\/\/kapitalis.com\/tunisie\/wp-json\/wp\/v2\/tags?post=36877"}],"curies":[{"name":"wp","href":"https:\/\/api.w.org\/{rel}","templated":true}]}}