{"id":368782,"date":"2021-11-05T08:21:14","date_gmt":"2021-11-05T07:21:14","guid":{"rendered":"http:\/\/kapitalis.com\/tunisie\/?p=368782"},"modified":"2021-11-05T08:23:31","modified_gmt":"2021-11-05T07:23:31","slug":"vers-un-nouvel-ordre-de-la-sante-publique-en-afrique-au-21e-siecle","status":"publish","type":"post","link":"https:\/\/kapitalis.com\/tunisie\/2021\/11\/05\/vers-un-nouvel-ordre-de-la-sante-publique-en-afrique-au-21e-siecle\/","title":{"rendered":"Vers un nouvel ordre de la sant\u00e9 publique en Afrique au 21e si\u00e8cle"},"content":{"rendered":"\n<div class=\"wp-block-image\"><figure class=\"aligncenter size-full\"><img decoding=\"async\" src=\"http:\/\/kapitalis.com\/tunisie\/wp-content\/uploads\/2021\/11\/Africa-CDC-2021.jpg\" alt=\"\" class=\"wp-image-368783\"\/><\/figure><\/div>\n\n\n\n<p><strong><em>Les Centres de contr\u00f4le et de pr\u00e9vention des maladies de l\u2019Afrique (<a href=\"http:\/\/www.africacdc.org\" target=\"_blank\" rel=\"noreferrer noopener\">Africa CDC<\/a>) et l\u2019Observatoire tunisien des maladies nouvelles et \u00e9mergentes (OMNE), repr\u00e9sent\u00e9 par sa directrice Pr. Nissaf Ben Alaya, organisent la\u00a0premi\u00e8re Conf\u00e9rence internationale sur la sant\u00e9 publique en Afrique (<a href=\"https:\/\/cphia2021.com\/fr\/\" target=\"_blank\" rel=\"noreferrer noopener\">CPHIA 2021<\/a>) qui se tiendra virtuellement du 14 au 16 d\u00e9cembre 2021, sur le th\u00e8me\u00a0: \u00abUn nouvel ordre de la sant\u00e9 publique au 21e si\u00e8cle.\u00bb<\/em><\/strong><\/p>\n\n\n\n<!--more-->\n\n\n\n<p>La conf\u00e9rence offrira une plate-forme aux experts et aux chercheurs pour partager leurs \u00e9tudes et innovations. Mais plus important encore, elle sera un moment crucial pour les d\u00e9cideurs et les dirigeants politiques de tout le continent d\u2019accomplir une \u00e9tape importante vers le renforcement de la collaboration vers des syst\u00e8mes de sant\u00e9 r\u00e9silients. Pour assister \u00e0\u00a0la CPHIA\u00a02021, les int\u00e9ress\u00e9s peuvent s&rsquo;inscrire sur\u00a0le <strong><a href=\"https:\/\/cphia2021.com\/fr\/\" target=\"_blank\" rel=\"noreferrer noopener\">site web d\u00e9di\u00e9<\/a><\/strong>.<\/p>\n\n\n\n<p>La Tunisie, \u00e0 l\u2019instar de ses voisins africains a \u00e9t\u00e9 confront\u00e9e \u00e0 un nombre important de cas de Covid-19 et \u00e0 un acc\u00e8s limit\u00e9 aux vaccins. La pand\u00e9mie a renforc\u00e9 l&rsquo;urgence de faire progresser l&rsquo;innovation et de mettre en place des syst\u00e8mes de sant\u00e9 r\u00e9silients capables de faire face \u00e0 de multiples menaces pour la sant\u00e9 simultan\u00e9ment.<\/p>\n\n\n\n<p><em>\u00abSi l&rsquo;Afrique travaille dans l&rsquo;unit\u00e9, nous pouvons renforcer les syst\u00e8mes de sant\u00e9 et les capacit\u00e9s de fabrication pour r\u00e9pondre efficacement aux multiples menaces pour la sant\u00e9\u00bb<\/em>, a d\u00e9clar\u00e9 Dr John Nkengasong, directeur des Africa CDC.<\/p>\n\n\n\n<p>Avec 7 millions d&rsquo;infections et pr\u00e8s de 175 000 vies perdues \u00e0 travers le continent africain, l&rsquo;impact du Covid-19 a d\u00e9j\u00e0 \u00e9t\u00e9 s\u00e9v\u00e8re, entra\u00eenant des perturbations \u00e9conomiques et sociales qui ont menac\u00e9 davantage de vies et de moyens de subsistance, mettant des ann\u00e9es de progr\u00e8s du d\u00e9veloppement humain en danger.<\/p>\n\n\n\n<p>La premi\u00e8re CPHIA sera ax\u00e9e sur le d\u00e9ploiement du vaccin Covid-19, le renforcement des syst\u00e8mes de sant\u00e9 et les le\u00e7ons apprises de la lutte contre la Covid-19<\/p>\n\n\n\n<p>Pr. Ben Alaya, membre du comit\u00e9 organisateur de la CPHIA et directrice de l&rsquo;ONMNE, a d\u00e9clar\u00e9 : <em>\u00abLes 18 derniers mois ont \u00e9t\u00e9 remplis d&rsquo;incertitudes et de difficult\u00e9s en Tunisie comme dans le reste du continent africain. Nous avons toujours eu un pass\u00e9 commun et notre avenir est aussi \u00e9troitement reli\u00e9. Il est temps de construire ensemble un avenir plus sain et plus \u00e9quitable pour tous les Africains, nous avons besoin d&rsquo;un leadership africain et de solutions dirig\u00e9es vers une couverture sanitaire universelle pour tous.\u00bb<\/em><\/p>\n\n\n\n<p>La CPHIA inclura des panels, des s\u00e9ances pl\u00e9ni\u00e8res et des sessions participatives avec un accent particulier sur le renforcement des comp\u00e9tences des professionnels en d\u00e9but de carri\u00e8re. <em>\u00abJ\u2019appelle tous mes jeunes coll\u00e8gues \u00e0 s\u2019inscrire \u00e0 cette conf\u00e9rence pour pouvoir b\u00e9n\u00e9ficier du savoir-faire des sommit\u00e9s scientifiques qui participeront \u00e0 cette conf\u00e9rence\u00bb<\/em>, ajoute Pr. Ben Alaya.<\/p>\n\n\n\n<p><em>\u00abL\u2019Afrique a une opportunit\u00e9 historique de construire un nouvel ordre de sant\u00e9 publique qui fasse de la sant\u00e9 pour tous une r\u00e9alit\u00e9 sur tout le continent\u00bb<\/em>, ajoute, pour sa part, Dr. Nkengasong.<\/p>\n\n\n\n<p>La conf\u00e9rence virtuelle CPHIA fournira une plate-forme unique pour les chercheurs africains, les d\u00e9cideurs et les parties prenantes \u00e0 travers le monde pour partager les perspectives et les r\u00e9sultats de la recherche sur la sant\u00e9 publique.<\/p>\n\n\n\n<p>L&rsquo;inscription \u00e0 la conf\u00e9rence est maintenant ouverte sur ce <strong><a href=\"http:\/\/www.cphia2021.com\/fr\" target=\"_blank\" rel=\"noreferrer noopener\">site web.<\/a><\/strong> <\/p>\n","protected":false},"excerpt":{"rendered":"<p>Les Centres de contr\u00f4le et de pr\u00e9vention des maladies de l\u2019Afrique (Africa CDC) et l\u2019Observatoire tunisien des maladies nouvelles et \u00e9mergentes (OMNE), repr\u00e9sent\u00e9 par sa directrice Pr. Nissaf Ben Alaya, organisent la\u00a0premi\u00e8re Conf\u00e9rence internationale sur la sant\u00e9 publique en Afrique (CPHIA 2021) qui se tiendra virtuellement du 14 au 16 d\u00e9cembre 2021, sur le th\u00e8me\u00a0:&#8230;<\/p>\n","protected":false},"author":8,"featured_media":368783,"comment_status":"open","ping_status":"open","sticky":false,"template":"","format":"standard","meta":{"footnotes":""},"categories":[998,2433],"tags":[94694,94692,94693,94695,81309,91212,62643],"class_list":["post-368782","post","type-post","status-publish","format-standard","has-post-thumbnail","hentry","category-societe","category-tunisie","tag-africa-cdc","tag-conference-internationale-sur-la-sante-publique-en-afrique","tag-cphia-2021","tag-dr-john-nkengasong","tag-omne","tag-pr-nissaf-ben-alaya-2","tag-tunisie"],"yoast_head":"<!-- This site is optimized with the Yoast SEO plugin v26.6 - https:\/\/yoast.com\/wordpress\/plugins\/seo\/ -->\n<title>Vers un nouvel ordre de la sant\u00e9 publique en Afrique au 21e si\u00e8cle - Kapitalis<\/title>\n<meta name=\"robots\" content=\"index, follow, max-snippet:-1, max-image-preview:large, max-video-preview:-1\" \/>\n<link rel=\"canonical\" href=\"https:\/\/kapitalis.com\/tunisie\/2021\/11\/05\/vers-un-nouvel-ordre-de-la-sante-publique-en-afrique-au-21e-siecle\/\" \/>\n<meta property=\"og:locale\" content=\"fr_FR\" \/>\n<meta property=\"og:type\" content=\"article\" \/>\n<meta property=\"og:title\" content=\"Vers un nouvel ordre de la sant\u00e9 publique en Afrique au 21e si\u00e8cle - Kapitalis\" \/>\n<meta property=\"og:description\" content=\"Les Centres de contr\u00f4le et de pr\u00e9vention des maladies de l\u2019Afrique (Africa CDC) et l\u2019Observatoire tunisien des maladies nouvelles et \u00e9mergentes (OMNE), repr\u00e9sent\u00e9 par sa directrice Pr. Nissaf Ben Alaya, organisent la\u00a0premi\u00e8re Conf\u00e9rence internationale sur la sant\u00e9 publique en Afrique (CPHIA 2021) qui se tiendra virtuellement du 14 au 16 d\u00e9cembre 2021, sur le th\u00e8me\u00a0:...\" \/>\n<meta property=\"og:url\" content=\"https:\/\/kapitalis.com\/tunisie\/2021\/11\/05\/vers-un-nouvel-ordre-de-la-sante-publique-en-afrique-au-21e-siecle\/\" \/>\n<meta property=\"og:site_name\" content=\"Kapitalis\" \/>\n<meta property=\"article:publisher\" content=\"https:\/\/www.facebook.com\/KapitalisInfo\/\" \/>\n<meta property=\"article:published_time\" content=\"2021-11-05T07:21:14+00:00\" \/>\n<meta property=\"article:modified_time\" content=\"2021-11-05T07:23:31+00:00\" \/>\n<meta property=\"og:image\" content=\"https:\/\/kapitalis.com\/tunisie\/wp-content\/uploads\/2022\/05\/kapitalis-logo-fb.png\" \/>\n\t<meta property=\"og:image:width\" content=\"1200\" \/>\n\t<meta property=\"og:image:height\" content=\"630\" \/>\n\t<meta property=\"og:image:type\" content=\"image\/png\" \/>\n<meta name=\"author\" content=\"webmaster kapitalis\" \/>\n<meta name=\"twitter:card\" content=\"summary_large_image\" \/>\n<meta name=\"twitter:creator\" content=\"@KapitalisInfo\" \/>\n<meta name=\"twitter:site\" content=\"@KapitalisInfo\" \/>\n<meta name=\"twitter:label1\" content=\"\u00c9crit par\" \/>\n\t<meta name=\"twitter:data1\" content=\"webmaster kapitalis\" \/>\n\t<meta name=\"twitter:label2\" content=\"Dur\u00e9e de lecture estim\u00e9e\" \/>\n\t<meta name=\"twitter:data2\" content=\"3 minutes\" \/>\n<script type=\"application\/ld+json\" class=\"yoast-schema-graph\">{\"@context\":\"https:\/\/schema.org\",\"@graph\":[{\"@type\":\"Article\",\"@id\":\"https:\/\/kapitalis.com\/tunisie\/2021\/11\/05\/vers-un-nouvel-ordre-de-la-sante-publique-en-afrique-au-21e-siecle\/#article\",\"isPartOf\":{\"@id\":\"https:\/\/kapitalis.com\/tunisie\/2021\/11\/05\/vers-un-nouvel-ordre-de-la-sante-publique-en-afrique-au-21e-siecle\/\"},\"author\":{\"name\":\"webmaster kapitalis\",\"@id\":\"https:\/\/kapitalis.com\/tunisie\/#\/schema\/person\/d71f33a9ca44f7bad4698210b480c8e9\"},\"headline\":\"Vers un nouvel ordre de la sant\u00e9 publique en Afrique au 21e si\u00e8cle\",\"datePublished\":\"2021-11-05T07:21:14+00:00\",\"dateModified\":\"2021-11-05T07:23:31+00:00\",\"mainEntityOfPage\":{\"@id\":\"https:\/\/kapitalis.com\/tunisie\/2021\/11\/05\/vers-un-nouvel-ordre-de-la-sante-publique-en-afrique-au-21e-siecle\/\"},\"wordCount\":578,\"commentCount\":0,\"publisher\":{\"@id\":\"https:\/\/kapitalis.com\/tunisie\/#organization\"},\"image\":{\"@id\":\"https:\/\/kapitalis.com\/tunisie\/2021\/11\/05\/vers-un-nouvel-ordre-de-la-sante-publique-en-afrique-au-21e-siecle\/#primaryimage\"},\"thumbnailUrl\":\"\",\"keywords\":[\"Africa CDC\",\"Conf\u00e9rence internationale sur la sant\u00e9 publique en Afrique\",\"CPHIA 2021\",\"Dr John Nkengasong\",\"OMNE\",\"Pr. Nissaf Ben Alaya\",\"Tunisie\"],\"articleSection\":[\"SOCIETE\",\"Tunisie\"],\"inLanguage\":\"fr-FR\",\"potentialAction\":[{\"@type\":\"CommentAction\",\"name\":\"Comment\",\"target\":[\"https:\/\/kapitalis.com\/tunisie\/2021\/11\/05\/vers-un-nouvel-ordre-de-la-sante-publique-en-afrique-au-21e-siecle\/#respond\"]}]},{\"@type\":\"WebPage\",\"@id\":\"https:\/\/kapitalis.com\/tunisie\/2021\/11\/05\/vers-un-nouvel-ordre-de-la-sante-publique-en-afrique-au-21e-siecle\/\",\"url\":\"https:\/\/kapitalis.com\/tunisie\/2021\/11\/05\/vers-un-nouvel-ordre-de-la-sante-publique-en-afrique-au-21e-siecle\/\",\"name\":\"Vers un nouvel ordre de la sant\u00e9 publique en Afrique au 21e si\u00e8cle - Kapitalis\",\"isPartOf\":{\"@id\":\"https:\/\/kapitalis.com\/tunisie\/#website\"},\"primaryImageOfPage\":{\"@id\":\"https:\/\/kapitalis.com\/tunisie\/2021\/11\/05\/vers-un-nouvel-ordre-de-la-sante-publique-en-afrique-au-21e-siecle\/#primaryimage\"},\"image\":{\"@id\":\"https:\/\/kapitalis.com\/tunisie\/2021\/11\/05\/vers-un-nouvel-ordre-de-la-sante-publique-en-afrique-au-21e-siecle\/#primaryimage\"},\"thumbnailUrl\":\"\",\"datePublished\":\"2021-11-05T07:21:14+00:00\",\"dateModified\":\"2021-11-05T07:23:31+00:00\",\"breadcrumb\":{\"@id\":\"https:\/\/kapitalis.com\/tunisie\/2021\/11\/05\/vers-un-nouvel-ordre-de-la-sante-publique-en-afrique-au-21e-siecle\/#breadcrumb\"},\"inLanguage\":\"fr-FR\",\"potentialAction\":[{\"@type\":\"ReadAction\",\"target\":[\"https:\/\/kapitalis.com\/tunisie\/2021\/11\/05\/vers-un-nouvel-ordre-de-la-sante-publique-en-afrique-au-21e-siecle\/\"]}]},{\"@type\":\"ImageObject\",\"inLanguage\":\"fr-FR\",\"@id\":\"https:\/\/kapitalis.com\/tunisie\/2021\/11\/05\/vers-un-nouvel-ordre-de-la-sante-publique-en-afrique-au-21e-siecle\/#primaryimage\",\"url\":\"\",\"contentUrl\":\"\"},{\"@type\":\"BreadcrumbList\",\"@id\":\"https:\/\/kapitalis.com\/tunisie\/2021\/11\/05\/vers-un-nouvel-ordre-de-la-sante-publique-en-afrique-au-21e-siecle\/#breadcrumb\",\"itemListElement\":[{\"@type\":\"ListItem\",\"position\":1,\"name\":\"Accueil\",\"item\":\"https:\/\/kapitalis.com\/tunisie\/\"},{\"@type\":\"ListItem\",\"position\":2,\"name\":\"Vers un nouvel ordre de la sant\u00e9 publique en Afrique au 21e si\u00e8cle\"}]},{\"@type\":\"WebSite\",\"@id\":\"https:\/\/kapitalis.com\/tunisie\/#website\",\"url\":\"https:\/\/kapitalis.com\/tunisie\/\",\"name\":\"Kapitalis\",\"description\":\"L&#039;actualit\u00e9 en Tunisie et dans le monde\",\"publisher\":{\"@id\":\"https:\/\/kapitalis.com\/tunisie\/#organization\"},\"potentialAction\":[{\"@type\":\"SearchAction\",\"target\":{\"@type\":\"EntryPoint\",\"urlTemplate\":\"https:\/\/kapitalis.com\/tunisie\/?s={search_term_string}\"},\"query-input\":{\"@type\":\"PropertyValueSpecification\",\"valueRequired\":true,\"valueName\":\"search_term_string\"}}],\"inLanguage\":\"fr-FR\"},{\"@type\":\"Organization\",\"@id\":\"https:\/\/kapitalis.com\/tunisie\/#organization\",\"name\":\"Kapitalis\",\"url\":\"https:\/\/kapitalis.com\/tunisie\/\",\"logo\":{\"@type\":\"ImageObject\",\"inLanguage\":\"fr-FR\",\"@id\":\"https:\/\/kapitalis.com\/tunisie\/#\/schema\/logo\/image\/\",\"url\":\"https:\/\/kapitalis.com\/tunisie\/wp-content\/uploads\/2022\/05\/Kapitalis-big-size.png\",\"contentUrl\":\"https:\/\/kapitalis.com\/tunisie\/wp-content\/uploads\/2022\/05\/Kapitalis-big-size.png\",\"width\":5000,\"height\":1500,\"caption\":\"Kapitalis\"},\"image\":{\"@id\":\"https:\/\/kapitalis.com\/tunisie\/#\/schema\/logo\/image\/\"},\"sameAs\":[\"https:\/\/www.facebook.com\/KapitalisInfo\/\",\"https:\/\/x.com\/KapitalisInfo\",\"https:\/\/www.youtube.com\/channel\/UC-yDYrHyfFBWWZaOw3FPg9Q\"]},{\"@type\":\"Person\",\"@id\":\"https:\/\/kapitalis.com\/tunisie\/#\/schema\/person\/d71f33a9ca44f7bad4698210b480c8e9\",\"name\":\"webmaster kapitalis\",\"url\":\"https:\/\/kapitalis.com\/tunisie\/author\/webmaster-kapitalis\/\"}]}<\/script>\n<!-- \/ Yoast SEO plugin. -->","yoast_head_json":{"title":"Vers un nouvel ordre de la sant\u00e9 publique en Afrique au 21e si\u00e8cle - Kapitalis","robots":{"index":"index","follow":"follow","max-snippet":"max-snippet:-1","max-image-preview":"max-image-preview:large","max-video-preview":"max-video-preview:-1"},"canonical":"https:\/\/kapitalis.com\/tunisie\/2021\/11\/05\/vers-un-nouvel-ordre-de-la-sante-publique-en-afrique-au-21e-siecle\/","og_locale":"fr_FR","og_type":"article","og_title":"Vers un nouvel ordre de la sant\u00e9 publique en Afrique au 21e si\u00e8cle - Kapitalis","og_description":"Les Centres de contr\u00f4le et de pr\u00e9vention des maladies de l\u2019Afrique (Africa CDC) et l\u2019Observatoire tunisien des maladies nouvelles et \u00e9mergentes (OMNE), repr\u00e9sent\u00e9 par sa directrice Pr. Nissaf Ben Alaya, organisent la\u00a0premi\u00e8re Conf\u00e9rence internationale sur la sant\u00e9 publique en Afrique (CPHIA 2021) qui se tiendra virtuellement du 14 au 16 d\u00e9cembre 2021, sur le th\u00e8me\u00a0:...","og_url":"https:\/\/kapitalis.com\/tunisie\/2021\/11\/05\/vers-un-nouvel-ordre-de-la-sante-publique-en-afrique-au-21e-siecle\/","og_site_name":"Kapitalis","article_publisher":"https:\/\/www.facebook.com\/KapitalisInfo\/","article_published_time":"2021-11-05T07:21:14+00:00","article_modified_time":"2021-11-05T07:23:31+00:00","og_image":[{"width":1200,"height":630,"url":"https:\/\/kapitalis.com\/tunisie\/wp-content\/uploads\/2022\/05\/kapitalis-logo-fb.png","type":"image\/png"}],"author":"webmaster kapitalis","twitter_card":"summary_large_image","twitter_creator":"@KapitalisInfo","twitter_site":"@KapitalisInfo","twitter_misc":{"\u00c9crit par":"webmaster kapitalis","Dur\u00e9e de lecture estim\u00e9e":"3 minutes"},"schema":{"@context":"https:\/\/schema.org","@graph":[{"@type":"Article","@id":"https:\/\/kapitalis.com\/tunisie\/2021\/11\/05\/vers-un-nouvel-ordre-de-la-sante-publique-en-afrique-au-21e-siecle\/#article","isPartOf":{"@id":"https:\/\/kapitalis.com\/tunisie\/2021\/11\/05\/vers-un-nouvel-ordre-de-la-sante-publique-en-afrique-au-21e-siecle\/"},"author":{"name":"webmaster kapitalis","@id":"https:\/\/kapitalis.com\/tunisie\/#\/schema\/person\/d71f33a9ca44f7bad4698210b480c8e9"},"headline":"Vers un nouvel ordre de la sant\u00e9 publique en Afrique au 21e si\u00e8cle","datePublished":"2021-11-05T07:21:14+00:00","dateModified":"2021-11-05T07:23:31+00:00","mainEntityOfPage":{"@id":"https:\/\/kapitalis.com\/tunisie\/2021\/11\/05\/vers-un-nouvel-ordre-de-la-sante-publique-en-afrique-au-21e-siecle\/"},"wordCount":578,"commentCount":0,"publisher":{"@id":"https:\/\/kapitalis.com\/tunisie\/#organization"},"image":{"@id":"https:\/\/kapitalis.com\/tunisie\/2021\/11\/05\/vers-un-nouvel-ordre-de-la-sante-publique-en-afrique-au-21e-siecle\/#primaryimage"},"thumbnailUrl":"","keywords":["Africa CDC","Conf\u00e9rence internationale sur la sant\u00e9 publique en Afrique","CPHIA 2021","Dr John Nkengasong","OMNE","Pr. Nissaf Ben Alaya","Tunisie"],"articleSection":["SOCIETE","Tunisie"],"inLanguage":"fr-FR","potentialAction":[{"@type":"CommentAction","name":"Comment","target":["https:\/\/kapitalis.com\/tunisie\/2021\/11\/05\/vers-un-nouvel-ordre-de-la-sante-publique-en-afrique-au-21e-siecle\/#respond"]}]},{"@type":"WebPage","@id":"https:\/\/kapitalis.com\/tunisie\/2021\/11\/05\/vers-un-nouvel-ordre-de-la-sante-publique-en-afrique-au-21e-siecle\/","url":"https:\/\/kapitalis.com\/tunisie\/2021\/11\/05\/vers-un-nouvel-ordre-de-la-sante-publique-en-afrique-au-21e-siecle\/","name":"Vers un nouvel ordre de la sant\u00e9 publique en Afrique au 21e si\u00e8cle - Kapitalis","isPartOf":{"@id":"https:\/\/kapitalis.com\/tunisie\/#website"},"primaryImageOfPage":{"@id":"https:\/\/kapitalis.com\/tunisie\/2021\/11\/05\/vers-un-nouvel-ordre-de-la-sante-publique-en-afrique-au-21e-siecle\/#primaryimage"},"image":{"@id":"https:\/\/kapitalis.com\/tunisie\/2021\/11\/05\/vers-un-nouvel-ordre-de-la-sante-publique-en-afrique-au-21e-siecle\/#primaryimage"},"thumbnailUrl":"","datePublished":"2021-11-05T07:21:14+00:00","dateModified":"2021-11-05T07:23:31+00:00","breadcrumb":{"@id":"https:\/\/kapitalis.com\/tunisie\/2021\/11\/05\/vers-un-nouvel-ordre-de-la-sante-publique-en-afrique-au-21e-siecle\/#breadcrumb"},"inLanguage":"fr-FR","potentialAction":[{"@type":"ReadAction","target":["https:\/\/kapitalis.com\/tunisie\/2021\/11\/05\/vers-un-nouvel-ordre-de-la-sante-publique-en-afrique-au-21e-siecle\/"]}]},{"@type":"ImageObject","inLanguage":"fr-FR","@id":"https:\/\/kapitalis.com\/tunisie\/2021\/11\/05\/vers-un-nouvel-ordre-de-la-sante-publique-en-afrique-au-21e-siecle\/#primaryimage","url":"","contentUrl":""},{"@type":"BreadcrumbList","@id":"https:\/\/kapitalis.com\/tunisie\/2021\/11\/05\/vers-un-nouvel-ordre-de-la-sante-publique-en-afrique-au-21e-siecle\/#breadcrumb","itemListElement":[{"@type":"ListItem","position":1,"name":"Accueil","item":"https:\/\/kapitalis.com\/tunisie\/"},{"@type":"ListItem","position":2,"name":"Vers un nouvel ordre de la sant\u00e9 publique en Afrique au 21e si\u00e8cle"}]},{"@type":"WebSite","@id":"https:\/\/kapitalis.com\/tunisie\/#website","url":"https:\/\/kapitalis.com\/tunisie\/","name":"Kapitalis","description":"L&#039;actualit\u00e9 en Tunisie et dans le monde","publisher":{"@id":"https:\/\/kapitalis.com\/tunisie\/#organization"},"potentialAction":[{"@type":"SearchAction","target":{"@type":"EntryPoint","urlTemplate":"https:\/\/kapitalis.com\/tunisie\/?s={search_term_string}"},"query-input":{"@type":"PropertyValueSpecification","valueRequired":true,"valueName":"search_term_string"}}],"inLanguage":"fr-FR"},{"@type":"Organization","@id":"https:\/\/kapitalis.com\/tunisie\/#organization","name":"Kapitalis","url":"https:\/\/kapitalis.com\/tunisie\/","logo":{"@type":"ImageObject","inLanguage":"fr-FR","@id":"https:\/\/kapitalis.com\/tunisie\/#\/schema\/logo\/image\/","url":"https:\/\/kapitalis.com\/tunisie\/wp-content\/uploads\/2022\/05\/Kapitalis-big-size.png","contentUrl":"https:\/\/kapitalis.com\/tunisie\/wp-content\/uploads\/2022\/05\/Kapitalis-big-size.png","width":5000,"height":1500,"caption":"Kapitalis"},"image":{"@id":"https:\/\/kapitalis.com\/tunisie\/#\/schema\/logo\/image\/"},"sameAs":["https:\/\/www.facebook.com\/KapitalisInfo\/","https:\/\/x.com\/KapitalisInfo","https:\/\/www.youtube.com\/channel\/UC-yDYrHyfFBWWZaOw3FPg9Q"]},{"@type":"Person","@id":"https:\/\/kapitalis.com\/tunisie\/#\/schema\/person\/d71f33a9ca44f7bad4698210b480c8e9","name":"webmaster kapitalis","url":"https:\/\/kapitalis.com\/tunisie\/author\/webmaster-kapitalis\/"}]}},"_links":{"self":[{"href":"https:\/\/kapitalis.com\/tunisie\/wp-json\/wp\/v2\/posts\/368782","targetHints":{"allow":["GET"]}}],"collection":[{"href":"https:\/\/kapitalis.com\/tunisie\/wp-json\/wp\/v2\/posts"}],"about":[{"href":"https:\/\/kapitalis.com\/tunisie\/wp-json\/wp\/v2\/types\/post"}],"author":[{"embeddable":true,"href":"https:\/\/kapitalis.com\/tunisie\/wp-json\/wp\/v2\/users\/8"}],"replies":[{"embeddable":true,"href":"https:\/\/kapitalis.com\/tunisie\/wp-json\/wp\/v2\/comments?post=368782"}],"version-history":[{"count":0,"href":"https:\/\/kapitalis.com\/tunisie\/wp-json\/wp\/v2\/posts\/368782\/revisions"}],"wp:featuredmedia":[{"embeddable":true,"href":"https:\/\/kapitalis.com\/tunisie\/wp-json\/wp\/v2\/media\/368783"}],"wp:attachment":[{"href":"https:\/\/kapitalis.com\/tunisie\/wp-json\/wp\/v2\/media?parent=368782"}],"wp:term":[{"taxonomy":"category","embeddable":true,"href":"https:\/\/kapitalis.com\/tunisie\/wp-json\/wp\/v2\/categories?post=368782"},{"taxonomy":"post_tag","embeddable":true,"href":"https:\/\/kapitalis.com\/tunisie\/wp-json\/wp\/v2\/tags?post=368782"}],"curies":[{"name":"wp","href":"https:\/\/api.w.org\/{rel}","templated":true}]}}