{"id":368899,"date":"2021-11-06T07:30:09","date_gmt":"2021-11-06T06:30:09","guid":{"rendered":"http:\/\/kapitalis.com\/tunisie\/?p=368899"},"modified":"2021-11-06T07:31:56","modified_gmt":"2021-11-06T06:31:56","slug":"tunisie-face-a-la-crise-patrons-et-salaries-condamnes-a-sentendre","status":"publish","type":"post","link":"https:\/\/kapitalis.com\/tunisie\/2021\/11\/06\/tunisie-face-a-la-crise-patrons-et-salaries-condamnes-a-sentendre\/","title":{"rendered":"Tunisie : face \u00e0 la crise, patrons et salari\u00e9s condamn\u00e9s \u00e0 s&rsquo;entendre"},"content":{"rendered":"\n<div class=\"wp-block-image\"><figure class=\"aligncenter size-full\"><img decoding=\"async\" src=\"http:\/\/kapitalis.com\/tunisie\/wp-content\/uploads\/2021\/11\/Utica-UGTT-Majoul-Taboubi.jpg\" alt=\"\" class=\"wp-image-368900\"\/><\/figure><\/div>\n\n\n\n<p><strong><em>L&rsquo;UGTT et l&rsquo;Utica, les deux plus anciennes et plus importantes organisations nationales en Tunisie, savent qu&rsquo;elles peuvent avoir, de temps en temps, des sautes d&rsquo;humour voire de s\u00e9rieux clashs mais les nuages finissent toujours par se dissiper car, comme dans un vieux couple, elles sont condamn\u00e9es \u00e0 vivre ensemble.<\/em><\/strong><\/p>\n\n\n\n<p>Par <strong>Imed Bahri<\/strong><\/p>\n\n\n\n<!--more-->\n\n\n\n<p>Le dernier clash en date eut lieu lors de la derni\u00e8re gr\u00e8ve d\u00e9cr\u00e9t\u00e9e par l&rsquo;Union r\u00e9gionale du travail de Sfax, le 28 octobre, dans le secteur priv\u00e9 pour revendiquer de nouvelles hausses salariales. Ce mouvement a eu lieu au moment o\u00f9 la plupart des entreprises passent par des moments difficiles, si elles n&rsquo;ont pas carr\u00e9ment ferm\u00e9 leurs portes, condamnant au ch\u00f4mage des dizaines de milliers de salari\u00e9s, en raison de la crise s\u00e9vissant dans le pays depuis 2011, qui a \u00e9t\u00e9 aggrav\u00e9e par les cons\u00e9quences de la pand\u00e9mie de Covid-19 et dont on ne voit m\u00eame pas encore l&rsquo;issue.<\/p>\n\n\n\n<p>Des communiqu\u00e9s incendiaires et des d\u00e9clarations emport\u00e9es des deux c\u00f4t\u00e9s ont failli jeter de l&rsquo;huile sur le feu, mais les passions se sont tr\u00e8s vite calm\u00e9es et les dirigeants des deux organisations ont repris langue, sachant que la situation g\u00e9n\u00e9rale dans le pays, explosive \u00e0 plus d&rsquo;un titre, ne saurait supporter une gu\u00e9guerre o\u00f9 les deux parties auraient beaucoup \u00e0 perdre.<\/p>\n\n\n\n<p>La rupture redout\u00e9e a donc finalement \u00e9t\u00e9 \u00e9vit\u00e9 de justesse et les retrouvailles ont enfin \u00e9t\u00e9 scell\u00e9es vendredi 5 novembre, lors d&rsquo;une r\u00e9union entre le pr\u00e9sident de l&rsquo;Union tunisienne de l&rsquo;industrie, du commerce et de l&rsquo;artisanat (Utica), Samir Majoul, et le secr\u00e9taire g\u00e9n\u00e9ral de l&rsquo;Union g\u00e9n\u00e9rale tunisienne du travail (UGTT), Nourredine Taboubi, au si\u00e8ge de l&rsquo;organisation patronale, pour souligner d&rsquo;une m\u00eame voix \u00abla n\u00e9cessit\u00e9 de travailler ensemble \u00e0 l&rsquo;ach\u00e8vement des n\u00e9gociations salariales dans le secteur priv\u00e9 dans les plus brefs d\u00e9lais, afin de cr\u00e9er un climat social sain\u00bb.<br>Si les dirigeants syndicaux ont fait valoir l&rsquo;argument de la hausse de l&rsquo;inflation et de la baisse du pouvoir d&rsquo;achat des salari\u00e9s pour faire admettre, par le patronat, la n\u00e9cessit\u00e9 d&rsquo;une nouvelle augmentation salariale, qui sera discut\u00e9e secteur par secteur, la crise n&rsquo;ayant pas affect\u00e9 tous les secteurs avec la m\u00eame ampleur, la direction patronale a fait valoir ses revendications relatives \u00e0 l&rsquo;am\u00e9lioration du climat de l&rsquo;investissement et \u00e0 la pr\u00e9servation de la p\u00e9rennit\u00e9 des entreprises et des emplois.<\/p>\n\n\n\n<p><em>\u00abLa hausse des salaires aurait un sens si les revenus de l&rsquo;entreprise s&rsquo;am\u00e9lioraient, et cela est tributaire de la reprise \u00e9conomique et de l&rsquo;augmentation de la productivit\u00e9\u00bb<\/em>, d\u00e9clare \u00e0 ce propos, un homme d&rsquo;affaires, qui souligne l&rsquo;urgence de mettre en \u0153uvre les r\u00e9formes structurelles dont l&rsquo;\u00e9conomie tunisienne, en fin de cycle et \u00e0 bout de souffle, a vivement besoin et qui ne sauraient \u00eatre retard\u00e9es davantage.<br><\/p>\n\n\n\n<p><\/p>\n","protected":false},"excerpt":{"rendered":"<p>L&rsquo;UGTT et l&rsquo;Utica, les deux plus anciennes et plus importantes organisations nationales en Tunisie, savent qu&rsquo;elles peuvent avoir, de temps en temps, des sautes d&rsquo;humour voire de s\u00e9rieux clashs mais les nuages finissent toujours par se dissiper car, comme dans un vieux couple, elles sont condamn\u00e9es \u00e0 vivre ensemble. Par Imed Bahri<\/p>\n","protected":false},"author":8,"featured_media":368900,"comment_status":"open","ping_status":"open","sticky":false,"template":"","format":"standard","meta":{"footnotes":""},"categories":[992,995,997,2433],"tags":[6947,21897,24287,823,62643,936,940],"class_list":["post-368899","post","type-post","status-publish","format-standard","has-post-thumbnail","hentry","category-a-la-une","category-economie","category-politique","category-tunisie","tag-greve-generale","tag-noureddine-taboubi","tag-samir-majoul","tag-sfax","tag-tunisie","tag-ugtt","tag-utica"],"yoast_head":"<!-- This site is optimized with the Yoast SEO plugin v26.6 - https:\/\/yoast.com\/wordpress\/plugins\/seo\/ -->\n<title>Tunisie : face \u00e0 la crise, patrons et salari\u00e9s condamn\u00e9s \u00e0 s&#039;entendre - Kapitalis<\/title>\n<meta name=\"robots\" content=\"index, follow, max-snippet:-1, max-image-preview:large, max-video-preview:-1\" \/>\n<link rel=\"canonical\" href=\"https:\/\/kapitalis.com\/tunisie\/2021\/11\/06\/tunisie-face-a-la-crise-patrons-et-salaries-condamnes-a-sentendre\/\" \/>\n<meta property=\"og:locale\" content=\"fr_FR\" \/>\n<meta property=\"og:type\" content=\"article\" \/>\n<meta property=\"og:title\" content=\"Tunisie : face \u00e0 la crise, patrons et salari\u00e9s condamn\u00e9s \u00e0 s&#039;entendre - Kapitalis\" \/>\n<meta property=\"og:description\" content=\"L&rsquo;UGTT et l&rsquo;Utica, les deux plus anciennes et plus importantes organisations nationales en Tunisie, savent qu&rsquo;elles peuvent avoir, de temps en temps, des sautes d&rsquo;humour voire de s\u00e9rieux clashs mais les nuages finissent toujours par se dissiper car, comme dans un vieux couple, elles sont condamn\u00e9es \u00e0 vivre ensemble. Par Imed Bahri\" \/>\n<meta property=\"og:url\" content=\"https:\/\/kapitalis.com\/tunisie\/2021\/11\/06\/tunisie-face-a-la-crise-patrons-et-salaries-condamnes-a-sentendre\/\" \/>\n<meta property=\"og:site_name\" content=\"Kapitalis\" \/>\n<meta property=\"article:publisher\" content=\"https:\/\/www.facebook.com\/KapitalisInfo\/\" \/>\n<meta property=\"article:published_time\" content=\"2021-11-06T06:30:09+00:00\" \/>\n<meta property=\"article:modified_time\" content=\"2021-11-06T06:31:56+00:00\" \/>\n<meta property=\"og:image\" content=\"https:\/\/kapitalis.com\/tunisie\/wp-content\/uploads\/2022\/05\/kapitalis-logo-fb.png\" \/>\n\t<meta property=\"og:image:width\" content=\"1200\" \/>\n\t<meta property=\"og:image:height\" content=\"630\" \/>\n\t<meta property=\"og:image:type\" content=\"image\/png\" \/>\n<meta name=\"author\" content=\"webmaster kapitalis\" \/>\n<meta name=\"twitter:card\" content=\"summary_large_image\" \/>\n<meta name=\"twitter:creator\" content=\"@KapitalisInfo\" \/>\n<meta name=\"twitter:site\" content=\"@KapitalisInfo\" \/>\n<meta name=\"twitter:label1\" content=\"\u00c9crit par\" \/>\n\t<meta name=\"twitter:data1\" content=\"webmaster kapitalis\" \/>\n\t<meta name=\"twitter:label2\" content=\"Dur\u00e9e de lecture estim\u00e9e\" \/>\n\t<meta name=\"twitter:data2\" content=\"2 minutes\" \/>\n<script type=\"application\/ld+json\" class=\"yoast-schema-graph\">{\"@context\":\"https:\/\/schema.org\",\"@graph\":[{\"@type\":\"Article\",\"@id\":\"https:\/\/kapitalis.com\/tunisie\/2021\/11\/06\/tunisie-face-a-la-crise-patrons-et-salaries-condamnes-a-sentendre\/#article\",\"isPartOf\":{\"@id\":\"https:\/\/kapitalis.com\/tunisie\/2021\/11\/06\/tunisie-face-a-la-crise-patrons-et-salaries-condamnes-a-sentendre\/\"},\"author\":{\"name\":\"webmaster kapitalis\",\"@id\":\"https:\/\/kapitalis.com\/tunisie\/#\/schema\/person\/d71f33a9ca44f7bad4698210b480c8e9\"},\"headline\":\"Tunisie : face \u00e0 la crise, patrons et salari\u00e9s condamn\u00e9s \u00e0 s&rsquo;entendre\",\"datePublished\":\"2021-11-06T06:30:09+00:00\",\"dateModified\":\"2021-11-06T06:31:56+00:00\",\"mainEntityOfPage\":{\"@id\":\"https:\/\/kapitalis.com\/tunisie\/2021\/11\/06\/tunisie-face-a-la-crise-patrons-et-salaries-condamnes-a-sentendre\/\"},\"wordCount\":499,\"commentCount\":3,\"publisher\":{\"@id\":\"https:\/\/kapitalis.com\/tunisie\/#organization\"},\"image\":{\"@id\":\"https:\/\/kapitalis.com\/tunisie\/2021\/11\/06\/tunisie-face-a-la-crise-patrons-et-salaries-condamnes-a-sentendre\/#primaryimage\"},\"thumbnailUrl\":\"\",\"keywords\":[\"gr\u00e8ve g\u00e9n\u00e9rale\",\"Noureddine Taboubi\",\"Samir Majoul\",\"Sfax\",\"Tunisie\",\"UGTT\",\"Utica\"],\"articleSection\":[\"A LA UNE\",\"ECONOMIE\",\"POLITIQUE\",\"Tunisie\"],\"inLanguage\":\"fr-FR\",\"potentialAction\":[{\"@type\":\"CommentAction\",\"name\":\"Comment\",\"target\":[\"https:\/\/kapitalis.com\/tunisie\/2021\/11\/06\/tunisie-face-a-la-crise-patrons-et-salaries-condamnes-a-sentendre\/#respond\"]}]},{\"@type\":\"WebPage\",\"@id\":\"https:\/\/kapitalis.com\/tunisie\/2021\/11\/06\/tunisie-face-a-la-crise-patrons-et-salaries-condamnes-a-sentendre\/\",\"url\":\"https:\/\/kapitalis.com\/tunisie\/2021\/11\/06\/tunisie-face-a-la-crise-patrons-et-salaries-condamnes-a-sentendre\/\",\"name\":\"Tunisie : face \u00e0 la crise, patrons et salari\u00e9s condamn\u00e9s \u00e0 s'entendre - Kapitalis\",\"isPartOf\":{\"@id\":\"https:\/\/kapitalis.com\/tunisie\/#website\"},\"primaryImageOfPage\":{\"@id\":\"https:\/\/kapitalis.com\/tunisie\/2021\/11\/06\/tunisie-face-a-la-crise-patrons-et-salaries-condamnes-a-sentendre\/#primaryimage\"},\"image\":{\"@id\":\"https:\/\/kapitalis.com\/tunisie\/2021\/11\/06\/tunisie-face-a-la-crise-patrons-et-salaries-condamnes-a-sentendre\/#primaryimage\"},\"thumbnailUrl\":\"\",\"datePublished\":\"2021-11-06T06:30:09+00:00\",\"dateModified\":\"2021-11-06T06:31:56+00:00\",\"breadcrumb\":{\"@id\":\"https:\/\/kapitalis.com\/tunisie\/2021\/11\/06\/tunisie-face-a-la-crise-patrons-et-salaries-condamnes-a-sentendre\/#breadcrumb\"},\"inLanguage\":\"fr-FR\",\"potentialAction\":[{\"@type\":\"ReadAction\",\"target\":[\"https:\/\/kapitalis.com\/tunisie\/2021\/11\/06\/tunisie-face-a-la-crise-patrons-et-salaries-condamnes-a-sentendre\/\"]}]},{\"@type\":\"ImageObject\",\"inLanguage\":\"fr-FR\",\"@id\":\"https:\/\/kapitalis.com\/tunisie\/2021\/11\/06\/tunisie-face-a-la-crise-patrons-et-salaries-condamnes-a-sentendre\/#primaryimage\",\"url\":\"\",\"contentUrl\":\"\"},{\"@type\":\"BreadcrumbList\",\"@id\":\"https:\/\/kapitalis.com\/tunisie\/2021\/11\/06\/tunisie-face-a-la-crise-patrons-et-salaries-condamnes-a-sentendre\/#breadcrumb\",\"itemListElement\":[{\"@type\":\"ListItem\",\"position\":1,\"name\":\"Accueil\",\"item\":\"https:\/\/kapitalis.com\/tunisie\/\"},{\"@type\":\"ListItem\",\"position\":2,\"name\":\"Tunisie : face \u00e0 la crise, patrons et salari\u00e9s condamn\u00e9s \u00e0 s&rsquo;entendre\"}]},{\"@type\":\"WebSite\",\"@id\":\"https:\/\/kapitalis.com\/tunisie\/#website\",\"url\":\"https:\/\/kapitalis.com\/tunisie\/\",\"name\":\"Kapitalis\",\"description\":\"L&#039;actualit\u00e9 en Tunisie et dans le monde\",\"publisher\":{\"@id\":\"https:\/\/kapitalis.com\/tunisie\/#organization\"},\"potentialAction\":[{\"@type\":\"SearchAction\",\"target\":{\"@type\":\"EntryPoint\",\"urlTemplate\":\"https:\/\/kapitalis.com\/tunisie\/?s={search_term_string}\"},\"query-input\":{\"@type\":\"PropertyValueSpecification\",\"valueRequired\":true,\"valueName\":\"search_term_string\"}}],\"inLanguage\":\"fr-FR\"},{\"@type\":\"Organization\",\"@id\":\"https:\/\/kapitalis.com\/tunisie\/#organization\",\"name\":\"Kapitalis\",\"url\":\"https:\/\/kapitalis.com\/tunisie\/\",\"logo\":{\"@type\":\"ImageObject\",\"inLanguage\":\"fr-FR\",\"@id\":\"https:\/\/kapitalis.com\/tunisie\/#\/schema\/logo\/image\/\",\"url\":\"https:\/\/kapitalis.com\/tunisie\/wp-content\/uploads\/2022\/05\/Kapitalis-big-size.png\",\"contentUrl\":\"https:\/\/kapitalis.com\/tunisie\/wp-content\/uploads\/2022\/05\/Kapitalis-big-size.png\",\"width\":5000,\"height\":1500,\"caption\":\"Kapitalis\"},\"image\":{\"@id\":\"https:\/\/kapitalis.com\/tunisie\/#\/schema\/logo\/image\/\"},\"sameAs\":[\"https:\/\/www.facebook.com\/KapitalisInfo\/\",\"https:\/\/x.com\/KapitalisInfo\",\"https:\/\/www.youtube.com\/channel\/UC-yDYrHyfFBWWZaOw3FPg9Q\"]},{\"@type\":\"Person\",\"@id\":\"https:\/\/kapitalis.com\/tunisie\/#\/schema\/person\/d71f33a9ca44f7bad4698210b480c8e9\",\"name\":\"webmaster kapitalis\",\"url\":\"https:\/\/kapitalis.com\/tunisie\/author\/webmaster-kapitalis\/\"}]}<\/script>\n<!-- \/ Yoast SEO plugin. -->","yoast_head_json":{"title":"Tunisie : face \u00e0 la crise, patrons et salari\u00e9s condamn\u00e9s \u00e0 s'entendre - Kapitalis","robots":{"index":"index","follow":"follow","max-snippet":"max-snippet:-1","max-image-preview":"max-image-preview:large","max-video-preview":"max-video-preview:-1"},"canonical":"https:\/\/kapitalis.com\/tunisie\/2021\/11\/06\/tunisie-face-a-la-crise-patrons-et-salaries-condamnes-a-sentendre\/","og_locale":"fr_FR","og_type":"article","og_title":"Tunisie : face \u00e0 la crise, patrons et salari\u00e9s condamn\u00e9s \u00e0 s'entendre - Kapitalis","og_description":"L&rsquo;UGTT et l&rsquo;Utica, les deux plus anciennes et plus importantes organisations nationales en Tunisie, savent qu&rsquo;elles peuvent avoir, de temps en temps, des sautes d&rsquo;humour voire de s\u00e9rieux clashs mais les nuages finissent toujours par se dissiper car, comme dans un vieux couple, elles sont condamn\u00e9es \u00e0 vivre ensemble. Par Imed Bahri","og_url":"https:\/\/kapitalis.com\/tunisie\/2021\/11\/06\/tunisie-face-a-la-crise-patrons-et-salaries-condamnes-a-sentendre\/","og_site_name":"Kapitalis","article_publisher":"https:\/\/www.facebook.com\/KapitalisInfo\/","article_published_time":"2021-11-06T06:30:09+00:00","article_modified_time":"2021-11-06T06:31:56+00:00","og_image":[{"width":1200,"height":630,"url":"https:\/\/kapitalis.com\/tunisie\/wp-content\/uploads\/2022\/05\/kapitalis-logo-fb.png","type":"image\/png"}],"author":"webmaster kapitalis","twitter_card":"summary_large_image","twitter_creator":"@KapitalisInfo","twitter_site":"@KapitalisInfo","twitter_misc":{"\u00c9crit par":"webmaster kapitalis","Dur\u00e9e de lecture estim\u00e9e":"2 minutes"},"schema":{"@context":"https:\/\/schema.org","@graph":[{"@type":"Article","@id":"https:\/\/kapitalis.com\/tunisie\/2021\/11\/06\/tunisie-face-a-la-crise-patrons-et-salaries-condamnes-a-sentendre\/#article","isPartOf":{"@id":"https:\/\/kapitalis.com\/tunisie\/2021\/11\/06\/tunisie-face-a-la-crise-patrons-et-salaries-condamnes-a-sentendre\/"},"author":{"name":"webmaster kapitalis","@id":"https:\/\/kapitalis.com\/tunisie\/#\/schema\/person\/d71f33a9ca44f7bad4698210b480c8e9"},"headline":"Tunisie : face \u00e0 la crise, patrons et salari\u00e9s condamn\u00e9s \u00e0 s&rsquo;entendre","datePublished":"2021-11-06T06:30:09+00:00","dateModified":"2021-11-06T06:31:56+00:00","mainEntityOfPage":{"@id":"https:\/\/kapitalis.com\/tunisie\/2021\/11\/06\/tunisie-face-a-la-crise-patrons-et-salaries-condamnes-a-sentendre\/"},"wordCount":499,"commentCount":3,"publisher":{"@id":"https:\/\/kapitalis.com\/tunisie\/#organization"},"image":{"@id":"https:\/\/kapitalis.com\/tunisie\/2021\/11\/06\/tunisie-face-a-la-crise-patrons-et-salaries-condamnes-a-sentendre\/#primaryimage"},"thumbnailUrl":"","keywords":["gr\u00e8ve g\u00e9n\u00e9rale","Noureddine Taboubi","Samir Majoul","Sfax","Tunisie","UGTT","Utica"],"articleSection":["A LA UNE","ECONOMIE","POLITIQUE","Tunisie"],"inLanguage":"fr-FR","potentialAction":[{"@type":"CommentAction","name":"Comment","target":["https:\/\/kapitalis.com\/tunisie\/2021\/11\/06\/tunisie-face-a-la-crise-patrons-et-salaries-condamnes-a-sentendre\/#respond"]}]},{"@type":"WebPage","@id":"https:\/\/kapitalis.com\/tunisie\/2021\/11\/06\/tunisie-face-a-la-crise-patrons-et-salaries-condamnes-a-sentendre\/","url":"https:\/\/kapitalis.com\/tunisie\/2021\/11\/06\/tunisie-face-a-la-crise-patrons-et-salaries-condamnes-a-sentendre\/","name":"Tunisie : face \u00e0 la crise, patrons et salari\u00e9s condamn\u00e9s \u00e0 s'entendre - Kapitalis","isPartOf":{"@id":"https:\/\/kapitalis.com\/tunisie\/#website"},"primaryImageOfPage":{"@id":"https:\/\/kapitalis.com\/tunisie\/2021\/11\/06\/tunisie-face-a-la-crise-patrons-et-salaries-condamnes-a-sentendre\/#primaryimage"},"image":{"@id":"https:\/\/kapitalis.com\/tunisie\/2021\/11\/06\/tunisie-face-a-la-crise-patrons-et-salaries-condamnes-a-sentendre\/#primaryimage"},"thumbnailUrl":"","datePublished":"2021-11-06T06:30:09+00:00","dateModified":"2021-11-06T06:31:56+00:00","breadcrumb":{"@id":"https:\/\/kapitalis.com\/tunisie\/2021\/11\/06\/tunisie-face-a-la-crise-patrons-et-salaries-condamnes-a-sentendre\/#breadcrumb"},"inLanguage":"fr-FR","potentialAction":[{"@type":"ReadAction","target":["https:\/\/kapitalis.com\/tunisie\/2021\/11\/06\/tunisie-face-a-la-crise-patrons-et-salaries-condamnes-a-sentendre\/"]}]},{"@type":"ImageObject","inLanguage":"fr-FR","@id":"https:\/\/kapitalis.com\/tunisie\/2021\/11\/06\/tunisie-face-a-la-crise-patrons-et-salaries-condamnes-a-sentendre\/#primaryimage","url":"","contentUrl":""},{"@type":"BreadcrumbList","@id":"https:\/\/kapitalis.com\/tunisie\/2021\/11\/06\/tunisie-face-a-la-crise-patrons-et-salaries-condamnes-a-sentendre\/#breadcrumb","itemListElement":[{"@type":"ListItem","position":1,"name":"Accueil","item":"https:\/\/kapitalis.com\/tunisie\/"},{"@type":"ListItem","position":2,"name":"Tunisie : face \u00e0 la crise, patrons et salari\u00e9s condamn\u00e9s \u00e0 s&rsquo;entendre"}]},{"@type":"WebSite","@id":"https:\/\/kapitalis.com\/tunisie\/#website","url":"https:\/\/kapitalis.com\/tunisie\/","name":"Kapitalis","description":"L&#039;actualit\u00e9 en Tunisie et dans le monde","publisher":{"@id":"https:\/\/kapitalis.com\/tunisie\/#organization"},"potentialAction":[{"@type":"SearchAction","target":{"@type":"EntryPoint","urlTemplate":"https:\/\/kapitalis.com\/tunisie\/?s={search_term_string}"},"query-input":{"@type":"PropertyValueSpecification","valueRequired":true,"valueName":"search_term_string"}}],"inLanguage":"fr-FR"},{"@type":"Organization","@id":"https:\/\/kapitalis.com\/tunisie\/#organization","name":"Kapitalis","url":"https:\/\/kapitalis.com\/tunisie\/","logo":{"@type":"ImageObject","inLanguage":"fr-FR","@id":"https:\/\/kapitalis.com\/tunisie\/#\/schema\/logo\/image\/","url":"https:\/\/kapitalis.com\/tunisie\/wp-content\/uploads\/2022\/05\/Kapitalis-big-size.png","contentUrl":"https:\/\/kapitalis.com\/tunisie\/wp-content\/uploads\/2022\/05\/Kapitalis-big-size.png","width":5000,"height":1500,"caption":"Kapitalis"},"image":{"@id":"https:\/\/kapitalis.com\/tunisie\/#\/schema\/logo\/image\/"},"sameAs":["https:\/\/www.facebook.com\/KapitalisInfo\/","https:\/\/x.com\/KapitalisInfo","https:\/\/www.youtube.com\/channel\/UC-yDYrHyfFBWWZaOw3FPg9Q"]},{"@type":"Person","@id":"https:\/\/kapitalis.com\/tunisie\/#\/schema\/person\/d71f33a9ca44f7bad4698210b480c8e9","name":"webmaster kapitalis","url":"https:\/\/kapitalis.com\/tunisie\/author\/webmaster-kapitalis\/"}]}},"_links":{"self":[{"href":"https:\/\/kapitalis.com\/tunisie\/wp-json\/wp\/v2\/posts\/368899","targetHints":{"allow":["GET"]}}],"collection":[{"href":"https:\/\/kapitalis.com\/tunisie\/wp-json\/wp\/v2\/posts"}],"about":[{"href":"https:\/\/kapitalis.com\/tunisie\/wp-json\/wp\/v2\/types\/post"}],"author":[{"embeddable":true,"href":"https:\/\/kapitalis.com\/tunisie\/wp-json\/wp\/v2\/users\/8"}],"replies":[{"embeddable":true,"href":"https:\/\/kapitalis.com\/tunisie\/wp-json\/wp\/v2\/comments?post=368899"}],"version-history":[{"count":0,"href":"https:\/\/kapitalis.com\/tunisie\/wp-json\/wp\/v2\/posts\/368899\/revisions"}],"wp:featuredmedia":[{"embeddable":true,"href":"https:\/\/kapitalis.com\/tunisie\/wp-json\/wp\/v2\/media\/368900"}],"wp:attachment":[{"href":"https:\/\/kapitalis.com\/tunisie\/wp-json\/wp\/v2\/media?parent=368899"}],"wp:term":[{"taxonomy":"category","embeddable":true,"href":"https:\/\/kapitalis.com\/tunisie\/wp-json\/wp\/v2\/categories?post=368899"},{"taxonomy":"post_tag","embeddable":true,"href":"https:\/\/kapitalis.com\/tunisie\/wp-json\/wp\/v2\/tags?post=368899"}],"curies":[{"name":"wp","href":"https:\/\/api.w.org\/{rel}","templated":true}]}}