{"id":36894,"date":"2016-01-27T13:22:44","date_gmt":"2016-01-27T12:22:44","guid":{"rendered":"http:\/\/kapitalis.com\/tunisie\/?p=36894"},"modified":"2016-01-27T13:23:41","modified_gmt":"2016-01-27T12:23:41","slug":"arp-suspension-de-la-pleniere-a-cause-dun-differend-sur-lordre-du-jour","status":"publish","type":"post","link":"https:\/\/kapitalis.com\/tunisie\/2016\/01\/27\/arp-suspension-de-la-pleniere-a-cause-dun-differend-sur-lordre-du-jour\/","title":{"rendered":"ARP : Suspension de la pl\u00e9ni\u00e8re \u00e0 cause d\u2019un diff\u00e9rend sur l\u2019ordre du jour"},"content":{"rendered":"<p><img loading=\"lazy\" decoding=\"async\" class=\"alignnone size-full wp-image-29595 aligncenter\" src=\"http:\/\/kapitalis.com\/tunisie\/wp-content\/uploads\/2015\/12\/Assemblee-absenteisme.jpg\" alt=\"Assemblee-absenteisme\" width=\"626\" height=\"380\" \/><\/p>\n<p><em><strong>La pl\u00e9ni\u00e8re de l\u2019Assembl\u00e9e des repr\u00e9sentants du peuple (ARP), ce mercredi 27 janvier 2016, a \u00e9t\u00e9 suspendue au bout de 70 minutes pour consultation.<\/strong><\/em><\/p>\n<p><!--more--><\/p>\n<p>La suspension a \u00e9t\u00e9 d\u00e9cid\u00e9e \u00e0 la demande du d\u00e9put\u00e9 Ahmed Seddik, le pr\u00e9sident du groupe parlementaire du Front populaire, pour permettre des consultations entre les diff\u00e9rents groupes en vue de trouver un accord sur l\u2019ordre du jour.<\/p>\n<p>En r\u00e9ponse \u00e0 l\u2019annonce par Mohamed Ennaceur, pr\u00e9sident de l\u2019ARP, en d\u00e9but de s\u00e9ance, que le dialogue avec le chef du gouvernement Habib Essid allait porter principalement sur la note d\u2019orientation du plan de d\u00e9veloppement 2016-2020, les d\u00e9put\u00e9s de l\u2019opposition ont exig\u00e9 la s\u00e9ance de dialogue soit consacr\u00e9e exclusivement, comme annonc\u00e9 initialement, \u00e0 la recherche de r\u00e9ponses aux mouvements de protestation sociale dont le pays a \u00e9t\u00e9 le th\u00e9\u00e2tre la semaine derni\u00e8re.<\/p>\n<p style=\"text-align: right;\"><strong>Nabil Ben Ameur<\/strong><\/p>\n","protected":false},"excerpt":{"rendered":"<p>La pl\u00e9ni\u00e8re de l\u2019Assembl\u00e9e des repr\u00e9sentants du peuple (ARP), ce mercredi 27 janvier 2016, a \u00e9t\u00e9 suspendue au bout de 70 minutes pour consultation.<\/p>\n","protected":false},"author":8,"featured_media":0,"comment_status":"open","ping_status":"open","sticky":false,"template":"","format":"standard","meta":{"footnotes":""},"categories":[997,2433],"tags":[1346,4638,435,1710,8257],"class_list":["post-36894","post","type-post","status-publish","format-standard","hentry","category-politique","category-tunisie","tag-ahmed-seddik","tag-assemblee-des-representants-du-peuple","tag-habib-essid","tag-mohamed-ennaceur","tag-seance-pleniere"],"yoast_head":"<!-- This site is optimized with the Yoast SEO plugin v26.6 - https:\/\/yoast.com\/wordpress\/plugins\/seo\/ -->\n<title>ARP : Suspension de la pl\u00e9ni\u00e8re \u00e0 cause d\u2019un diff\u00e9rend sur l\u2019ordre du jour - Kapitalis<\/title>\n<meta name=\"robots\" content=\"index, follow, max-snippet:-1, max-image-preview:large, max-video-preview:-1\" \/>\n<link rel=\"canonical\" href=\"https:\/\/kapitalis.com\/tunisie\/2016\/01\/27\/arp-suspension-de-la-pleniere-a-cause-dun-differend-sur-lordre-du-jour\/\" \/>\n<meta property=\"og:locale\" content=\"fr_FR\" \/>\n<meta property=\"og:type\" content=\"article\" \/>\n<meta property=\"og:title\" content=\"ARP : Suspension de la pl\u00e9ni\u00e8re \u00e0 cause d\u2019un diff\u00e9rend sur l\u2019ordre du jour - Kapitalis\" \/>\n<meta property=\"og:description\" content=\"La pl\u00e9ni\u00e8re de l\u2019Assembl\u00e9e des repr\u00e9sentants du peuple (ARP), ce mercredi 27 janvier 2016, a \u00e9t\u00e9 suspendue au bout de 70 minutes pour consultation.\" \/>\n<meta property=\"og:url\" content=\"https:\/\/kapitalis.com\/tunisie\/2016\/01\/27\/arp-suspension-de-la-pleniere-a-cause-dun-differend-sur-lordre-du-jour\/\" \/>\n<meta property=\"og:site_name\" content=\"Kapitalis\" \/>\n<meta property=\"article:publisher\" content=\"https:\/\/www.facebook.com\/KapitalisInfo\/\" \/>\n<meta property=\"article:published_time\" content=\"2016-01-27T12:22:44+00:00\" \/>\n<meta property=\"article:modified_time\" content=\"2016-01-27T12:23:41+00:00\" \/>\n<meta property=\"og:image\" content=\"http:\/\/kapitalis.com\/tunisie\/wp-content\/uploads\/2015\/12\/Assemblee-absenteisme.jpg\" \/>\n<meta name=\"author\" content=\"webmaster kapitalis\" \/>\n<meta name=\"twitter:card\" content=\"summary_large_image\" \/>\n<meta name=\"twitter:creator\" content=\"@KapitalisInfo\" \/>\n<meta name=\"twitter:site\" content=\"@KapitalisInfo\" \/>\n<meta name=\"twitter:label1\" content=\"\u00c9crit par\" \/>\n\t<meta name=\"twitter:data1\" content=\"webmaster kapitalis\" \/>\n\t<meta name=\"twitter:label2\" content=\"Dur\u00e9e de lecture estim\u00e9e\" \/>\n\t<meta name=\"twitter:data2\" content=\"1 minute\" \/>\n<script type=\"application\/ld+json\" class=\"yoast-schema-graph\">{\"@context\":\"https:\/\/schema.org\",\"@graph\":[{\"@type\":\"Article\",\"@id\":\"https:\/\/kapitalis.com\/tunisie\/2016\/01\/27\/arp-suspension-de-la-pleniere-a-cause-dun-differend-sur-lordre-du-jour\/#article\",\"isPartOf\":{\"@id\":\"https:\/\/kapitalis.com\/tunisie\/2016\/01\/27\/arp-suspension-de-la-pleniere-a-cause-dun-differend-sur-lordre-du-jour\/\"},\"author\":{\"name\":\"webmaster kapitalis\",\"@id\":\"https:\/\/kapitalis.com\/tunisie\/#\/schema\/person\/d71f33a9ca44f7bad4698210b480c8e9\"},\"headline\":\"ARP : Suspension de la pl\u00e9ni\u00e8re \u00e0 cause d\u2019un diff\u00e9rend sur l\u2019ordre du jour\",\"datePublished\":\"2016-01-27T12:22:44+00:00\",\"dateModified\":\"2016-01-27T12:23:41+00:00\",\"mainEntityOfPage\":{\"@id\":\"https:\/\/kapitalis.com\/tunisie\/2016\/01\/27\/arp-suspension-de-la-pleniere-a-cause-dun-differend-sur-lordre-du-jour\/\"},\"wordCount\":175,\"commentCount\":0,\"publisher\":{\"@id\":\"https:\/\/kapitalis.com\/tunisie\/#organization\"},\"image\":{\"@id\":\"https:\/\/kapitalis.com\/tunisie\/2016\/01\/27\/arp-suspension-de-la-pleniere-a-cause-dun-differend-sur-lordre-du-jour\/#primaryimage\"},\"thumbnailUrl\":\"http:\/\/kapitalis.com\/tunisie\/wp-content\/uploads\/2015\/12\/Assemblee-absenteisme.jpg\",\"keywords\":[\"Ahmed Seddik\",\"Assembl\u00e9e des repr\u00e9sentants du peuple\",\"Habib Essid\",\"Mohamed Ennaceur\",\"s\u00e9ance pl\u00e9ni\u00e8re\"],\"articleSection\":[\"POLITIQUE\",\"Tunisie\"],\"inLanguage\":\"fr-FR\",\"potentialAction\":[{\"@type\":\"CommentAction\",\"name\":\"Comment\",\"target\":[\"https:\/\/kapitalis.com\/tunisie\/2016\/01\/27\/arp-suspension-de-la-pleniere-a-cause-dun-differend-sur-lordre-du-jour\/#respond\"]}]},{\"@type\":\"WebPage\",\"@id\":\"https:\/\/kapitalis.com\/tunisie\/2016\/01\/27\/arp-suspension-de-la-pleniere-a-cause-dun-differend-sur-lordre-du-jour\/\",\"url\":\"https:\/\/kapitalis.com\/tunisie\/2016\/01\/27\/arp-suspension-de-la-pleniere-a-cause-dun-differend-sur-lordre-du-jour\/\",\"name\":\"ARP : Suspension de la pl\u00e9ni\u00e8re \u00e0 cause d\u2019un diff\u00e9rend sur l\u2019ordre du jour - Kapitalis\",\"isPartOf\":{\"@id\":\"https:\/\/kapitalis.com\/tunisie\/#website\"},\"primaryImageOfPage\":{\"@id\":\"https:\/\/kapitalis.com\/tunisie\/2016\/01\/27\/arp-suspension-de-la-pleniere-a-cause-dun-differend-sur-lordre-du-jour\/#primaryimage\"},\"image\":{\"@id\":\"https:\/\/kapitalis.com\/tunisie\/2016\/01\/27\/arp-suspension-de-la-pleniere-a-cause-dun-differend-sur-lordre-du-jour\/#primaryimage\"},\"thumbnailUrl\":\"http:\/\/kapitalis.com\/tunisie\/wp-content\/uploads\/2015\/12\/Assemblee-absenteisme.jpg\",\"datePublished\":\"2016-01-27T12:22:44+00:00\",\"dateModified\":\"2016-01-27T12:23:41+00:00\",\"breadcrumb\":{\"@id\":\"https:\/\/kapitalis.com\/tunisie\/2016\/01\/27\/arp-suspension-de-la-pleniere-a-cause-dun-differend-sur-lordre-du-jour\/#breadcrumb\"},\"inLanguage\":\"fr-FR\",\"potentialAction\":[{\"@type\":\"ReadAction\",\"target\":[\"https:\/\/kapitalis.com\/tunisie\/2016\/01\/27\/arp-suspension-de-la-pleniere-a-cause-dun-differend-sur-lordre-du-jour\/\"]}]},{\"@type\":\"ImageObject\",\"inLanguage\":\"fr-FR\",\"@id\":\"https:\/\/kapitalis.com\/tunisie\/2016\/01\/27\/arp-suspension-de-la-pleniere-a-cause-dun-differend-sur-lordre-du-jour\/#primaryimage\",\"url\":\"http:\/\/kapitalis.com\/tunisie\/wp-content\/uploads\/2015\/12\/Assemblee-absenteisme.jpg\",\"contentUrl\":\"http:\/\/kapitalis.com\/tunisie\/wp-content\/uploads\/2015\/12\/Assemblee-absenteisme.jpg\"},{\"@type\":\"BreadcrumbList\",\"@id\":\"https:\/\/kapitalis.com\/tunisie\/2016\/01\/27\/arp-suspension-de-la-pleniere-a-cause-dun-differend-sur-lordre-du-jour\/#breadcrumb\",\"itemListElement\":[{\"@type\":\"ListItem\",\"position\":1,\"name\":\"Accueil\",\"item\":\"https:\/\/kapitalis.com\/tunisie\/\"},{\"@type\":\"ListItem\",\"position\":2,\"name\":\"ARP : Suspension de la pl\u00e9ni\u00e8re \u00e0 cause d\u2019un diff\u00e9rend sur l\u2019ordre du jour\"}]},{\"@type\":\"WebSite\",\"@id\":\"https:\/\/kapitalis.com\/tunisie\/#website\",\"url\":\"https:\/\/kapitalis.com\/tunisie\/\",\"name\":\"Kapitalis\",\"description\":\"L&#039;actualit\u00e9 en Tunisie et dans le monde\",\"publisher\":{\"@id\":\"https:\/\/kapitalis.com\/tunisie\/#organization\"},\"potentialAction\":[{\"@type\":\"SearchAction\",\"target\":{\"@type\":\"EntryPoint\",\"urlTemplate\":\"https:\/\/kapitalis.com\/tunisie\/?s={search_term_string}\"},\"query-input\":{\"@type\":\"PropertyValueSpecification\",\"valueRequired\":true,\"valueName\":\"search_term_string\"}}],\"inLanguage\":\"fr-FR\"},{\"@type\":\"Organization\",\"@id\":\"https:\/\/kapitalis.com\/tunisie\/#organization\",\"name\":\"Kapitalis\",\"url\":\"https:\/\/kapitalis.com\/tunisie\/\",\"logo\":{\"@type\":\"ImageObject\",\"inLanguage\":\"fr-FR\",\"@id\":\"https:\/\/kapitalis.com\/tunisie\/#\/schema\/logo\/image\/\",\"url\":\"https:\/\/kapitalis.com\/tunisie\/wp-content\/uploads\/2022\/05\/Kapitalis-big-size.png\",\"contentUrl\":\"https:\/\/kapitalis.com\/tunisie\/wp-content\/uploads\/2022\/05\/Kapitalis-big-size.png\",\"width\":5000,\"height\":1500,\"caption\":\"Kapitalis\"},\"image\":{\"@id\":\"https:\/\/kapitalis.com\/tunisie\/#\/schema\/logo\/image\/\"},\"sameAs\":[\"https:\/\/www.facebook.com\/KapitalisInfo\/\",\"https:\/\/x.com\/KapitalisInfo\",\"https:\/\/www.youtube.com\/channel\/UC-yDYrHyfFBWWZaOw3FPg9Q\"]},{\"@type\":\"Person\",\"@id\":\"https:\/\/kapitalis.com\/tunisie\/#\/schema\/person\/d71f33a9ca44f7bad4698210b480c8e9\",\"name\":\"webmaster kapitalis\",\"url\":\"https:\/\/kapitalis.com\/tunisie\/author\/webmaster-kapitalis\/\"}]}<\/script>\n<!-- \/ Yoast SEO plugin. -->","yoast_head_json":{"title":"ARP : Suspension de la pl\u00e9ni\u00e8re \u00e0 cause d\u2019un diff\u00e9rend sur l\u2019ordre du jour - Kapitalis","robots":{"index":"index","follow":"follow","max-snippet":"max-snippet:-1","max-image-preview":"max-image-preview:large","max-video-preview":"max-video-preview:-1"},"canonical":"https:\/\/kapitalis.com\/tunisie\/2016\/01\/27\/arp-suspension-de-la-pleniere-a-cause-dun-differend-sur-lordre-du-jour\/","og_locale":"fr_FR","og_type":"article","og_title":"ARP : Suspension de la pl\u00e9ni\u00e8re \u00e0 cause d\u2019un diff\u00e9rend sur l\u2019ordre du jour - Kapitalis","og_description":"La pl\u00e9ni\u00e8re de l\u2019Assembl\u00e9e des repr\u00e9sentants du peuple (ARP), ce mercredi 27 janvier 2016, a \u00e9t\u00e9 suspendue au bout de 70 minutes pour consultation.","og_url":"https:\/\/kapitalis.com\/tunisie\/2016\/01\/27\/arp-suspension-de-la-pleniere-a-cause-dun-differend-sur-lordre-du-jour\/","og_site_name":"Kapitalis","article_publisher":"https:\/\/www.facebook.com\/KapitalisInfo\/","article_published_time":"2016-01-27T12:22:44+00:00","article_modified_time":"2016-01-27T12:23:41+00:00","og_image":[{"url":"http:\/\/kapitalis.com\/tunisie\/wp-content\/uploads\/2015\/12\/Assemblee-absenteisme.jpg","type":"","width":"","height":""}],"author":"webmaster kapitalis","twitter_card":"summary_large_image","twitter_creator":"@KapitalisInfo","twitter_site":"@KapitalisInfo","twitter_misc":{"\u00c9crit par":"webmaster kapitalis","Dur\u00e9e de lecture estim\u00e9e":"1 minute"},"schema":{"@context":"https:\/\/schema.org","@graph":[{"@type":"Article","@id":"https:\/\/kapitalis.com\/tunisie\/2016\/01\/27\/arp-suspension-de-la-pleniere-a-cause-dun-differend-sur-lordre-du-jour\/#article","isPartOf":{"@id":"https:\/\/kapitalis.com\/tunisie\/2016\/01\/27\/arp-suspension-de-la-pleniere-a-cause-dun-differend-sur-lordre-du-jour\/"},"author":{"name":"webmaster kapitalis","@id":"https:\/\/kapitalis.com\/tunisie\/#\/schema\/person\/d71f33a9ca44f7bad4698210b480c8e9"},"headline":"ARP : Suspension de la pl\u00e9ni\u00e8re \u00e0 cause d\u2019un diff\u00e9rend sur l\u2019ordre du jour","datePublished":"2016-01-27T12:22:44+00:00","dateModified":"2016-01-27T12:23:41+00:00","mainEntityOfPage":{"@id":"https:\/\/kapitalis.com\/tunisie\/2016\/01\/27\/arp-suspension-de-la-pleniere-a-cause-dun-differend-sur-lordre-du-jour\/"},"wordCount":175,"commentCount":0,"publisher":{"@id":"https:\/\/kapitalis.com\/tunisie\/#organization"},"image":{"@id":"https:\/\/kapitalis.com\/tunisie\/2016\/01\/27\/arp-suspension-de-la-pleniere-a-cause-dun-differend-sur-lordre-du-jour\/#primaryimage"},"thumbnailUrl":"http:\/\/kapitalis.com\/tunisie\/wp-content\/uploads\/2015\/12\/Assemblee-absenteisme.jpg","keywords":["Ahmed Seddik","Assembl\u00e9e des repr\u00e9sentants du peuple","Habib Essid","Mohamed Ennaceur","s\u00e9ance pl\u00e9ni\u00e8re"],"articleSection":["POLITIQUE","Tunisie"],"inLanguage":"fr-FR","potentialAction":[{"@type":"CommentAction","name":"Comment","target":["https:\/\/kapitalis.com\/tunisie\/2016\/01\/27\/arp-suspension-de-la-pleniere-a-cause-dun-differend-sur-lordre-du-jour\/#respond"]}]},{"@type":"WebPage","@id":"https:\/\/kapitalis.com\/tunisie\/2016\/01\/27\/arp-suspension-de-la-pleniere-a-cause-dun-differend-sur-lordre-du-jour\/","url":"https:\/\/kapitalis.com\/tunisie\/2016\/01\/27\/arp-suspension-de-la-pleniere-a-cause-dun-differend-sur-lordre-du-jour\/","name":"ARP : Suspension de la pl\u00e9ni\u00e8re \u00e0 cause d\u2019un diff\u00e9rend sur l\u2019ordre du jour - Kapitalis","isPartOf":{"@id":"https:\/\/kapitalis.com\/tunisie\/#website"},"primaryImageOfPage":{"@id":"https:\/\/kapitalis.com\/tunisie\/2016\/01\/27\/arp-suspension-de-la-pleniere-a-cause-dun-differend-sur-lordre-du-jour\/#primaryimage"},"image":{"@id":"https:\/\/kapitalis.com\/tunisie\/2016\/01\/27\/arp-suspension-de-la-pleniere-a-cause-dun-differend-sur-lordre-du-jour\/#primaryimage"},"thumbnailUrl":"http:\/\/kapitalis.com\/tunisie\/wp-content\/uploads\/2015\/12\/Assemblee-absenteisme.jpg","datePublished":"2016-01-27T12:22:44+00:00","dateModified":"2016-01-27T12:23:41+00:00","breadcrumb":{"@id":"https:\/\/kapitalis.com\/tunisie\/2016\/01\/27\/arp-suspension-de-la-pleniere-a-cause-dun-differend-sur-lordre-du-jour\/#breadcrumb"},"inLanguage":"fr-FR","potentialAction":[{"@type":"ReadAction","target":["https:\/\/kapitalis.com\/tunisie\/2016\/01\/27\/arp-suspension-de-la-pleniere-a-cause-dun-differend-sur-lordre-du-jour\/"]}]},{"@type":"ImageObject","inLanguage":"fr-FR","@id":"https:\/\/kapitalis.com\/tunisie\/2016\/01\/27\/arp-suspension-de-la-pleniere-a-cause-dun-differend-sur-lordre-du-jour\/#primaryimage","url":"http:\/\/kapitalis.com\/tunisie\/wp-content\/uploads\/2015\/12\/Assemblee-absenteisme.jpg","contentUrl":"http:\/\/kapitalis.com\/tunisie\/wp-content\/uploads\/2015\/12\/Assemblee-absenteisme.jpg"},{"@type":"BreadcrumbList","@id":"https:\/\/kapitalis.com\/tunisie\/2016\/01\/27\/arp-suspension-de-la-pleniere-a-cause-dun-differend-sur-lordre-du-jour\/#breadcrumb","itemListElement":[{"@type":"ListItem","position":1,"name":"Accueil","item":"https:\/\/kapitalis.com\/tunisie\/"},{"@type":"ListItem","position":2,"name":"ARP : Suspension de la pl\u00e9ni\u00e8re \u00e0 cause d\u2019un diff\u00e9rend sur l\u2019ordre du jour"}]},{"@type":"WebSite","@id":"https:\/\/kapitalis.com\/tunisie\/#website","url":"https:\/\/kapitalis.com\/tunisie\/","name":"Kapitalis","description":"L&#039;actualit\u00e9 en Tunisie et dans le monde","publisher":{"@id":"https:\/\/kapitalis.com\/tunisie\/#organization"},"potentialAction":[{"@type":"SearchAction","target":{"@type":"EntryPoint","urlTemplate":"https:\/\/kapitalis.com\/tunisie\/?s={search_term_string}"},"query-input":{"@type":"PropertyValueSpecification","valueRequired":true,"valueName":"search_term_string"}}],"inLanguage":"fr-FR"},{"@type":"Organization","@id":"https:\/\/kapitalis.com\/tunisie\/#organization","name":"Kapitalis","url":"https:\/\/kapitalis.com\/tunisie\/","logo":{"@type":"ImageObject","inLanguage":"fr-FR","@id":"https:\/\/kapitalis.com\/tunisie\/#\/schema\/logo\/image\/","url":"https:\/\/kapitalis.com\/tunisie\/wp-content\/uploads\/2022\/05\/Kapitalis-big-size.png","contentUrl":"https:\/\/kapitalis.com\/tunisie\/wp-content\/uploads\/2022\/05\/Kapitalis-big-size.png","width":5000,"height":1500,"caption":"Kapitalis"},"image":{"@id":"https:\/\/kapitalis.com\/tunisie\/#\/schema\/logo\/image\/"},"sameAs":["https:\/\/www.facebook.com\/KapitalisInfo\/","https:\/\/x.com\/KapitalisInfo","https:\/\/www.youtube.com\/channel\/UC-yDYrHyfFBWWZaOw3FPg9Q"]},{"@type":"Person","@id":"https:\/\/kapitalis.com\/tunisie\/#\/schema\/person\/d71f33a9ca44f7bad4698210b480c8e9","name":"webmaster kapitalis","url":"https:\/\/kapitalis.com\/tunisie\/author\/webmaster-kapitalis\/"}]}},"_links":{"self":[{"href":"https:\/\/kapitalis.com\/tunisie\/wp-json\/wp\/v2\/posts\/36894","targetHints":{"allow":["GET"]}}],"collection":[{"href":"https:\/\/kapitalis.com\/tunisie\/wp-json\/wp\/v2\/posts"}],"about":[{"href":"https:\/\/kapitalis.com\/tunisie\/wp-json\/wp\/v2\/types\/post"}],"author":[{"embeddable":true,"href":"https:\/\/kapitalis.com\/tunisie\/wp-json\/wp\/v2\/users\/8"}],"replies":[{"embeddable":true,"href":"https:\/\/kapitalis.com\/tunisie\/wp-json\/wp\/v2\/comments?post=36894"}],"version-history":[{"count":0,"href":"https:\/\/kapitalis.com\/tunisie\/wp-json\/wp\/v2\/posts\/36894\/revisions"}],"wp:attachment":[{"href":"https:\/\/kapitalis.com\/tunisie\/wp-json\/wp\/v2\/media?parent=36894"}],"wp:term":[{"taxonomy":"category","embeddable":true,"href":"https:\/\/kapitalis.com\/tunisie\/wp-json\/wp\/v2\/categories?post=36894"},{"taxonomy":"post_tag","embeddable":true,"href":"https:\/\/kapitalis.com\/tunisie\/wp-json\/wp\/v2\/tags?post=36894"}],"curies":[{"name":"wp","href":"https:\/\/api.w.org\/{rel}","templated":true}]}}