{"id":369006,"date":"2021-11-07T10:38:47","date_gmt":"2021-11-07T09:38:47","guid":{"rendered":"http:\/\/kapitalis.com\/tunisie\/?p=369006"},"modified":"2021-11-07T13:45:37","modified_gmt":"2021-11-07T12:45:37","slug":"a-propos-de-la-mysterieuse-liberation-des-freres-nabil-et-ghazi-karoui","status":"publish","type":"post","link":"https:\/\/kapitalis.com\/tunisie\/2021\/11\/07\/a-propos-de-la-mysterieuse-liberation-des-freres-nabil-et-ghazi-karoui\/","title":{"rendered":"A propos de la myst\u00e9rieuse \u00ablib\u00e9ration\u00bb des fr\u00e8res Nabil et Ghazi Karoui"},"content":{"rendered":"\n<div class=\"wp-block-image\"><figure class=\"aligncenter size-full\"><img decoding=\"async\" src=\"http:\/\/kapitalis.com\/tunisie\/wp-content\/uploads\/2021\/11\/Barcelone-Nabil-Ghazi-Karoui.jpg\" alt=\"\" class=\"wp-image-368951\"\/><\/figure><\/div>\n\n\n\n<p><em><strong>La <a href=\"http:\/\/kapitalis.com\/tunisie\/2021\/11\/06\/espagne-un-tunisien-affirme-avoir-vu-les-freres-karoui-a-barcelone-et-publie-une-video\/\" target=\"_blank\" rel=\"noreferrer noopener\">r\u00e9apparition inattendue des fr\u00e8res Nabil et Ghazi Karoui<\/a> dans une vid\u00e9o diffus\u00e9e hier, samedi 6 novembre 2021, via les r\u00e9seaux sociaux et largement relay\u00e9e par les m\u00e9dias, pose de nombreuses questions et interpelle plusieurs parties. Car les deux hommes, poursuivis en justice en Tunisie pour \u00e9vasion fiscale, corruption financi\u00e8re et blanchiment d&rsquo;argent, et cens\u00e9s \u00eatre incarc\u00e9r\u00e9s en Alg\u00e9rie, o\u00f9 ils sont poursuivis pour entr\u00e9e ill\u00e9gale sur le territoire, ne devaient normalement pas se trouver \u00e0 Barcelone, en Espagne, o\u00f9 ils auraient \u00e9t\u00e9 vus hier. <\/strong><\/em><\/p>\n\n\n\n<p>Par<strong> Imed Bahri<\/strong><\/p>\n\n\n\n<!--more-->\n\n\n\n<p>D&rsquo;abord, les faits : un Tunisien a post\u00e9, hier soir, une vid\u00e9o, o\u00f9 l&rsquo;on voit les deux sulfureux hommes d&rsquo;affaires  se promener dans les rues de Barcelone. Il n&rsquo;y a aucun doute possible sur leur identit\u00e9 et il ne faut pas \u00eatre un grand physionomiste pour les reconna\u00eetre, d&rsquo;autant que les images, tourn\u00e9es \u00e0 leur insu, \u00e9taient tr\u00e8s claires. Et m\u00eame le doute sur la date de la prise de vue est vite balay\u00e9 par le fait que des badauds montr\u00e9s par la m\u00eame vid\u00e9o portaient des masques de protection contre la Covid-19, or les deux patrons de Nessma TV \u00e9taient interdits de voyage en Tunisie depuis 2019, date du d\u00e9marrage des poursuites judiciaires lanc\u00e9es contre eux et ils n&rsquo;auraient pas pu quitter la Tunisie, qui plus est ensemble, avant leur fuite du pays fin juillet dernier, avec l&rsquo;aide de passeurs, \u00e0 travers la fronti\u00e8re tuniso-alg\u00e9rienne. <\/p>\n\n\n\n<h2 class=\"wp-block-heading\">Deux fuyards, deux&nbsp;\u00abjustices\u00bb et un m\u00eame myst\u00e8re   <\/h2>\n\n\n\n<p>Arr\u00eat\u00e9s en Alg\u00e9rie, incarc\u00e9r\u00e9s et poursuivis en justice pour entr\u00e9e ill\u00e9gale sur le territoire, on a annonc\u00e9 leur lib\u00e9ration, fin octobre, avant que cette information \u00e9manant de sources m\u00e9diatiques alg\u00e9riennes ne soit formellement d\u00e9mentie par leurs propres avocats. Que s&rsquo;est-il donc pass\u00e9, entre-temps, pour qu&rsquo;ils se retrouvent aujourd&rsquo;hui en Espagne ? Comment ont-ils rejoint ce pays ? <\/p>\n\n\n\n<p>On peut difficilement imaginer qu&rsquo;il aient pu le rejoindre les c\u00f4tes ib\u00e9riques au terme d&rsquo;une travers\u00e9e clandestine ni qu&rsquo;il aient pu passer par le Maroc, les fronti\u00e8res alg\u00e9ro-marocaines \u00e9tant ferm\u00e9es depuis longtemps. Ils ont donc d\u00fb quitter le territoire alg\u00e9rien le plus l\u00e9galement du monde et, tr\u00e8s probablement, via un vol commercial, si ce n&rsquo;est sur le jet priv\u00e9 de l&rsquo;un de leurs amis alg\u00e9riens, o\u00f9 ils disposent de relais dans le milieu des milliardaires proches des cercles du pouvoir.  <\/p>\n\n\n\n<p>Et l\u00e0 on en revient \u00e0 une autre s\u00e9rie de questions : les fr\u00e8res Karoui ont-ils \u00e9t\u00e9 relax\u00e9s par la justice alg\u00e9rienne, dont la rigueur en mati\u00e8re d&rsquo;application de la loi n&rsquo;est pas la principale qualit\u00e9. Ont-ils \u00e9t\u00e9 lib\u00e9r\u00e9s dans le cadre d&rsquo;un arrangement politique (avec les autorit\u00e9s tunisiennes ?), d&rsquo;un <em>gentleman agreement<\/em> entre les deux fuyards et les autorit\u00e9s alg\u00e9riennes ou m\u00eame d&rsquo;une transaction sonnante et tr\u00e9buchante ? L\u00e0 o\u00f9 nous en sommes, c&rsquo;est-\u00e0-dire accul\u00e9s aux supputations, les myst\u00e8res s&rsquo;accumulant autour de cette affaire, on ne peut raisonnablement \u00e9carter aucune hypoth\u00e8se.<\/p>\n\n\n\n<h2 class=\"wp-block-heading\">Une s\u00e9rie t\u00e9l\u00e9vis\u00e9e turque  <\/h2>\n\n\n\n<p>Soit, donc, mais tout en \u00e9tant contents pour la libert\u00e9 retrouv\u00e9e des fr\u00e8res Karoui et en leur souhaitant une heureuse sortie de cet imbroglio politico-judiciaire o\u00f9 ils se sont emp\u00eatr\u00e9s \u00e0 l&rsquo;insu de leur propre gr\u00e9, ce nouvel \u00e9pisode du feuilleton rocambolesque digne d&rsquo;une s\u00e9rie t\u00e9l\u00e9vis\u00e9e turque diffus\u00e9e par Nessma TV vient remuer, dans notre esprit, des interrogations ant\u00e9rieures sur les d\u00e9cisions incons\u00e9quentes, incompr\u00e9hensibles et parfois m\u00eame contradictoires de la justice tunisienne qui, dans cette affaire comme dans beaucoup d&rsquo;autres, n&rsquo;a pas brill\u00e9 par sa rigueur et sa coh\u00e9rence. <\/p>\n\n\n\n<p>Les deux hommes, rappelons-le, ont \u00e9t\u00e9 incarc\u00e9r\u00e9s puis lib\u00e9r\u00e9s puis r\u00e9incarc\u00e9r\u00e9s puis encore lib\u00e9r\u00e9s (Ghazi devait aussi l&rsquo;\u00eatre mais il a \u00e9chapp\u00e9 \u00e0 la prison par la gr\u00e2ce de son immunit\u00e9 parlementaire), interdits de voyage et leurs avoirs gel\u00e9s, puis l&rsquo;interdiction de voyage et le gel des avoirs lev\u00e9s, sans qu&rsquo;on comprenne ou qu&rsquo;on nous explique les raisons ayant justifi\u00e9, aux yeux des diff\u00e9rents juges tunisiens, ces d\u00e9cisions contradictoires que les ambigu\u00eft\u00e9s de la loi tunisienne et la trop grande libert\u00e9 d&rsquo;interpr\u00e9tation que s&rsquo;octroient les juges ne sauraient expliquer et encore moins justifier. <\/p>\n\n\n\n<h2 class=\"wp-block-heading\">La <em>\u00abjustice des couloirs\u00bb<\/em> <\/h2>\n\n\n\n<p>Ceux qui parlent aujourd&rsquo;hui de plus en plus ouvertement des <em>\u00abcouloirs&nbsp;de la justice\u00bb<\/em> ou de la <em>\u00abjustice des couloirs\u00bb<\/em>, notamment Raoudha Karafi, pr\u00e9sidente d&rsquo;honneur de l&rsquo;Association des magistrats tunisiens (AMT), \u00e0 laquelle on ne peut que faire confiance, trouvent dans la gestion chaotique de cette affaire le meilleur argument pour accuser certains juges d&rsquo;\u00eatre sous influence politique, complaisants ou carr\u00e9ment corrompus. Et on peut difficilement les d\u00e9mentir&#8230; <\/p>\n\n\n\n<p>Par ailleurs, lorsque le pr\u00e9sident Ka\u00efs Sa\u00efed interpelle les juges \u00e0 propos du laxisme que certains d&rsquo;entre eux montrent dans le traitement des affaires impliquant les gros poissons du syst\u00e8me de corruption politico-financi\u00e8re, on ne peut que lui donner raison et, par cons\u00e9quent, s&rsquo;\u00e9tonner de la moue que font les t\u00e9nors de cette corporation qui est en passe de confondre ind\u00e9pendance et impunit\u00e9.<\/p>\n\n\n\n<p>En attendant d&rsquo;en savoir un peu plus sur la suite de l&rsquo;affaire des fr\u00e8res Karoui, maintenant que les deux comp\u00e8res semblent libres de leurs mouvements et qu&rsquo;ils disposent tout aussi librement des montants d\u00e9pos\u00e9s dans leurs comptes bancaires ouverts en toute ill\u00e9galit\u00e9 \u00e0 l&rsquo;\u00e9tranger, nous en sommes r\u00e9duits \u00e0 faire part aux Tunisiens de nos indignations et de nos \u00e9c\u0153urements.       <\/p>\n\n\n\n<h4 class=\"wp-block-heading\"><em>Articles li\u00e9s: <\/em><\/h4>\n\n\n\n<p><blockquote class=\"wp-embedded-content\" data-secret=\"Mwoe42lZ9u\"><a href=\"https:\/\/kapitalis.com\/tunisie\/2021\/11\/06\/espagne-un-tunisien-affirme-avoir-vu-les-freres-karoui-a-barcelone-et-publie-une-video\/\">Espagne : Un Tunisien affirme avoir vu les fr\u00e8res Karoui \u00e0 Barcelone et publie une vid\u00e9o<\/a><\/blockquote><iframe loading=\"lazy\" class=\"wp-embedded-content\" sandbox=\"allow-scripts\" security=\"restricted\" style=\"position: absolute; clip: rect(1px, 1px, 1px, 1px);\" title=\"\u00ab\u00a0Espagne : Un Tunisien affirme avoir vu les fr\u00e8res Karoui \u00e0 Barcelone et publie une vid\u00e9o\u00a0\u00bb &#8212; Kapitalis\" src=\"https:\/\/kapitalis.com\/tunisie\/2021\/11\/06\/espagne-un-tunisien-affirme-avoir-vu-les-freres-karoui-a-barcelone-et-publie-une-video\/embed\/#?secret=Fpjiw7rPQ9#?secret=Mwoe42lZ9u\" data-secret=\"Mwoe42lZ9u\" width=\"600\" height=\"338\" frameborder=\"0\" marginwidth=\"0\" marginheight=\"0\" scrolling=\"no\"><\/iframe><\/p>\n\n\n\n<p><blockquote class=\"wp-embedded-content\" data-secret=\"R8egOQb7X4\"><a href=\"https:\/\/kapitalis.com\/tunisie\/2021\/08\/29\/nabil-karoui-aurait-ete-arrete-a-la-frontiere-tuniso-algerienne\/\">Nabil Karoui aurait \u00e9t\u00e9 arr\u00eat\u00e9 \u00e0 la fronti\u00e8re tuniso-alg\u00e9rienne<\/a><\/blockquote><iframe loading=\"lazy\" class=\"wp-embedded-content\" sandbox=\"allow-scripts\" security=\"restricted\" style=\"position: absolute; clip: rect(1px, 1px, 1px, 1px);\" title=\"\u00ab\u00a0Nabil Karoui aurait \u00e9t\u00e9 arr\u00eat\u00e9 \u00e0 la fronti\u00e8re tuniso-alg\u00e9rienne\u00a0\u00bb &#8212; Kapitalis\" src=\"https:\/\/kapitalis.com\/tunisie\/2021\/08\/29\/nabil-karoui-aurait-ete-arrete-a-la-frontiere-tuniso-algerienne\/embed\/#?secret=hZvTxULE4e#?secret=R8egOQb7X4\" data-secret=\"R8egOQb7X4\" width=\"600\" height=\"338\" frameborder=\"0\" marginwidth=\"0\" marginheight=\"0\" scrolling=\"no\"><\/iframe><\/p>\n\n\n\n<p><blockquote class=\"wp-embedded-content\" data-secret=\"9zLkCAd8Nq\"><a href=\"https:\/\/kapitalis.com\/tunisie\/2021\/06\/28\/raoudha-karafi-le-dossier-nabil-karoui-a-ete-transfere-a-un-tribunal-dont-la-decision-etait-garantie\/\">Raoudha Karafi : \u00abLe dossier Nabil Karoui a \u00e9t\u00e9 transf\u00e9r\u00e9 \u00e0 un tribunal dont la d\u00e9cision \u00e9tait garantie\u00bb<\/a><\/blockquote><iframe loading=\"lazy\" class=\"wp-embedded-content\" sandbox=\"allow-scripts\" security=\"restricted\" style=\"position: absolute; clip: rect(1px, 1px, 1px, 1px);\" title=\"\u00ab\u00a0Raoudha Karafi : \u00abLe dossier Nabil Karoui a \u00e9t\u00e9 transf\u00e9r\u00e9 \u00e0 un tribunal dont la d\u00e9cision \u00e9tait garantie\u00bb\u00a0\u00bb &#8212; Kapitalis\" src=\"https:\/\/kapitalis.com\/tunisie\/2021\/06\/28\/raoudha-karafi-le-dossier-nabil-karoui-a-ete-transfere-a-un-tribunal-dont-la-decision-etait-garantie\/embed\/#?secret=8RLCAtVaaY#?secret=9zLkCAd8Nq\" data-secret=\"9zLkCAd8Nq\" width=\"600\" height=\"338\" frameborder=\"0\" marginwidth=\"0\" marginheight=\"0\" scrolling=\"no\"><\/iframe><\/p>\n\n\n\n<p>   <\/p>\n\n\n\n<p> <\/p>\n","protected":false},"excerpt":{"rendered":"<p>La r\u00e9apparition inattendue des fr\u00e8res Nabil et Ghazi Karoui dans une vid\u00e9o diffus\u00e9e hier, samedi 6 novembre 2021, via les r\u00e9seaux sociaux et largement relay\u00e9e par les m\u00e9dias, pose de nombreuses questions et interpelle plusieurs parties. Car les deux hommes, poursuivis en justice en Tunisie pour \u00e9vasion fiscale, corruption financi\u00e8re et blanchiment d&rsquo;argent, et cens\u00e9s&#8230;<\/p>\n","protected":false},"author":8,"featured_media":0,"comment_status":"open","ping_status":"open","sticky":false,"template":"","format":"standard","meta":{"footnotes":""},"categories":[992,996,997,2433],"tags":[64,65459,72934,70520,651,657,6871,62643],"class_list":["post-369006","post","type-post","status-publish","format-standard","hentry","category-a-la-une","category-media","category-politique","category-tunisie","tag-algerie","tag-ghazi-karoui","tag-justice-tunisienne","tag-kais-saied-3","tag-nabil-karoui","tag-nessma-tv","tag-raoudha-karafi","tag-tunisie"],"yoast_head":"<!-- This site is optimized with the Yoast SEO plugin v26.6 - https:\/\/yoast.com\/wordpress\/plugins\/seo\/ -->\n<title>A propos de la myst\u00e9rieuse \u00ablib\u00e9ration\u00bb des fr\u00e8res Nabil et Ghazi Karoui - Kapitalis<\/title>\n<meta name=\"robots\" content=\"index, follow, max-snippet:-1, max-image-preview:large, max-video-preview:-1\" \/>\n<link rel=\"canonical\" href=\"https:\/\/kapitalis.com\/tunisie\/2021\/11\/07\/a-propos-de-la-mysterieuse-liberation-des-freres-nabil-et-ghazi-karoui\/\" \/>\n<meta property=\"og:locale\" content=\"fr_FR\" \/>\n<meta property=\"og:type\" content=\"article\" \/>\n<meta property=\"og:title\" content=\"A propos de la myst\u00e9rieuse \u00ablib\u00e9ration\u00bb des fr\u00e8res Nabil et Ghazi Karoui - Kapitalis\" \/>\n<meta property=\"og:description\" content=\"La r\u00e9apparition inattendue des fr\u00e8res Nabil et Ghazi Karoui dans une vid\u00e9o diffus\u00e9e hier, samedi 6 novembre 2021, via les r\u00e9seaux sociaux et largement relay\u00e9e par les m\u00e9dias, pose de nombreuses questions et interpelle plusieurs parties. Car les deux hommes, poursuivis en justice en Tunisie pour \u00e9vasion fiscale, corruption financi\u00e8re et blanchiment d&rsquo;argent, et cens\u00e9s...\" \/>\n<meta property=\"og:url\" content=\"https:\/\/kapitalis.com\/tunisie\/2021\/11\/07\/a-propos-de-la-mysterieuse-liberation-des-freres-nabil-et-ghazi-karoui\/\" \/>\n<meta property=\"og:site_name\" content=\"Kapitalis\" \/>\n<meta property=\"article:publisher\" content=\"https:\/\/www.facebook.com\/KapitalisInfo\/\" \/>\n<meta property=\"article:published_time\" content=\"2021-11-07T09:38:47+00:00\" \/>\n<meta property=\"article:modified_time\" content=\"2021-11-07T12:45:37+00:00\" \/>\n<meta property=\"og:image\" content=\"http:\/\/kapitalis.com\/tunisie\/wp-content\/uploads\/2021\/11\/Barcelone-Nabil-Ghazi-Karoui.jpg\" \/>\n<meta name=\"author\" content=\"webmaster kapitalis\" \/>\n<meta name=\"twitter:card\" content=\"summary_large_image\" \/>\n<meta name=\"twitter:creator\" content=\"@KapitalisInfo\" \/>\n<meta name=\"twitter:site\" content=\"@KapitalisInfo\" \/>\n<meta name=\"twitter:label1\" content=\"\u00c9crit par\" \/>\n\t<meta name=\"twitter:data1\" content=\"webmaster kapitalis\" \/>\n\t<meta name=\"twitter:label2\" content=\"Dur\u00e9e de lecture estim\u00e9e\" \/>\n\t<meta name=\"twitter:data2\" content=\"5 minutes\" \/>\n<script type=\"application\/ld+json\" class=\"yoast-schema-graph\">{\"@context\":\"https:\/\/schema.org\",\"@graph\":[{\"@type\":\"Article\",\"@id\":\"https:\/\/kapitalis.com\/tunisie\/2021\/11\/07\/a-propos-de-la-mysterieuse-liberation-des-freres-nabil-et-ghazi-karoui\/#article\",\"isPartOf\":{\"@id\":\"https:\/\/kapitalis.com\/tunisie\/2021\/11\/07\/a-propos-de-la-mysterieuse-liberation-des-freres-nabil-et-ghazi-karoui\/\"},\"author\":{\"name\":\"webmaster kapitalis\",\"@id\":\"https:\/\/kapitalis.com\/tunisie\/#\/schema\/person\/d71f33a9ca44f7bad4698210b480c8e9\"},\"headline\":\"A propos de la myst\u00e9rieuse \u00ablib\u00e9ration\u00bb des fr\u00e8res Nabil et Ghazi Karoui\",\"datePublished\":\"2021-11-07T09:38:47+00:00\",\"dateModified\":\"2021-11-07T12:45:37+00:00\",\"mainEntityOfPage\":{\"@id\":\"https:\/\/kapitalis.com\/tunisie\/2021\/11\/07\/a-propos-de-la-mysterieuse-liberation-des-freres-nabil-et-ghazi-karoui\/\"},\"wordCount\":991,\"commentCount\":12,\"publisher\":{\"@id\":\"https:\/\/kapitalis.com\/tunisie\/#organization\"},\"image\":{\"@id\":\"https:\/\/kapitalis.com\/tunisie\/2021\/11\/07\/a-propos-de-la-mysterieuse-liberation-des-freres-nabil-et-ghazi-karoui\/#primaryimage\"},\"thumbnailUrl\":\"http:\/\/kapitalis.com\/tunisie\/wp-content\/uploads\/2021\/11\/Barcelone-Nabil-Ghazi-Karoui.jpg\",\"keywords\":[\"Alg\u00e9rie\",\"Ghazi Karoui\",\"justice tunisienne\",\"Kais Saied\",\"Nabil Karoui\",\"Nessma TV\",\"Raoudha Karafi\",\"Tunisie\"],\"articleSection\":[\"A LA UNE\",\"MEDIA\",\"POLITIQUE\",\"Tunisie\"],\"inLanguage\":\"fr-FR\",\"potentialAction\":[{\"@type\":\"CommentAction\",\"name\":\"Comment\",\"target\":[\"https:\/\/kapitalis.com\/tunisie\/2021\/11\/07\/a-propos-de-la-mysterieuse-liberation-des-freres-nabil-et-ghazi-karoui\/#respond\"]}]},{\"@type\":\"WebPage\",\"@id\":\"https:\/\/kapitalis.com\/tunisie\/2021\/11\/07\/a-propos-de-la-mysterieuse-liberation-des-freres-nabil-et-ghazi-karoui\/\",\"url\":\"https:\/\/kapitalis.com\/tunisie\/2021\/11\/07\/a-propos-de-la-mysterieuse-liberation-des-freres-nabil-et-ghazi-karoui\/\",\"name\":\"A propos de la myst\u00e9rieuse \u00ablib\u00e9ration\u00bb des fr\u00e8res Nabil et Ghazi Karoui - Kapitalis\",\"isPartOf\":{\"@id\":\"https:\/\/kapitalis.com\/tunisie\/#website\"},\"primaryImageOfPage\":{\"@id\":\"https:\/\/kapitalis.com\/tunisie\/2021\/11\/07\/a-propos-de-la-mysterieuse-liberation-des-freres-nabil-et-ghazi-karoui\/#primaryimage\"},\"image\":{\"@id\":\"https:\/\/kapitalis.com\/tunisie\/2021\/11\/07\/a-propos-de-la-mysterieuse-liberation-des-freres-nabil-et-ghazi-karoui\/#primaryimage\"},\"thumbnailUrl\":\"http:\/\/kapitalis.com\/tunisie\/wp-content\/uploads\/2021\/11\/Barcelone-Nabil-Ghazi-Karoui.jpg\",\"datePublished\":\"2021-11-07T09:38:47+00:00\",\"dateModified\":\"2021-11-07T12:45:37+00:00\",\"breadcrumb\":{\"@id\":\"https:\/\/kapitalis.com\/tunisie\/2021\/11\/07\/a-propos-de-la-mysterieuse-liberation-des-freres-nabil-et-ghazi-karoui\/#breadcrumb\"},\"inLanguage\":\"fr-FR\",\"potentialAction\":[{\"@type\":\"ReadAction\",\"target\":[\"https:\/\/kapitalis.com\/tunisie\/2021\/11\/07\/a-propos-de-la-mysterieuse-liberation-des-freres-nabil-et-ghazi-karoui\/\"]}]},{\"@type\":\"ImageObject\",\"inLanguage\":\"fr-FR\",\"@id\":\"https:\/\/kapitalis.com\/tunisie\/2021\/11\/07\/a-propos-de-la-mysterieuse-liberation-des-freres-nabil-et-ghazi-karoui\/#primaryimage\",\"url\":\"\",\"contentUrl\":\"\"},{\"@type\":\"BreadcrumbList\",\"@id\":\"https:\/\/kapitalis.com\/tunisie\/2021\/11\/07\/a-propos-de-la-mysterieuse-liberation-des-freres-nabil-et-ghazi-karoui\/#breadcrumb\",\"itemListElement\":[{\"@type\":\"ListItem\",\"position\":1,\"name\":\"Accueil\",\"item\":\"https:\/\/kapitalis.com\/tunisie\/\"},{\"@type\":\"ListItem\",\"position\":2,\"name\":\"A propos de la myst\u00e9rieuse \u00ablib\u00e9ration\u00bb des fr\u00e8res Nabil et Ghazi Karoui\"}]},{\"@type\":\"WebSite\",\"@id\":\"https:\/\/kapitalis.com\/tunisie\/#website\",\"url\":\"https:\/\/kapitalis.com\/tunisie\/\",\"name\":\"Kapitalis\",\"description\":\"L&#039;actualit\u00e9 en Tunisie et dans le monde\",\"publisher\":{\"@id\":\"https:\/\/kapitalis.com\/tunisie\/#organization\"},\"potentialAction\":[{\"@type\":\"SearchAction\",\"target\":{\"@type\":\"EntryPoint\",\"urlTemplate\":\"https:\/\/kapitalis.com\/tunisie\/?s={search_term_string}\"},\"query-input\":{\"@type\":\"PropertyValueSpecification\",\"valueRequired\":true,\"valueName\":\"search_term_string\"}}],\"inLanguage\":\"fr-FR\"},{\"@type\":\"Organization\",\"@id\":\"https:\/\/kapitalis.com\/tunisie\/#organization\",\"name\":\"Kapitalis\",\"url\":\"https:\/\/kapitalis.com\/tunisie\/\",\"logo\":{\"@type\":\"ImageObject\",\"inLanguage\":\"fr-FR\",\"@id\":\"https:\/\/kapitalis.com\/tunisie\/#\/schema\/logo\/image\/\",\"url\":\"https:\/\/kapitalis.com\/tunisie\/wp-content\/uploads\/2022\/05\/Kapitalis-big-size.png\",\"contentUrl\":\"https:\/\/kapitalis.com\/tunisie\/wp-content\/uploads\/2022\/05\/Kapitalis-big-size.png\",\"width\":5000,\"height\":1500,\"caption\":\"Kapitalis\"},\"image\":{\"@id\":\"https:\/\/kapitalis.com\/tunisie\/#\/schema\/logo\/image\/\"},\"sameAs\":[\"https:\/\/www.facebook.com\/KapitalisInfo\/\",\"https:\/\/x.com\/KapitalisInfo\",\"https:\/\/www.youtube.com\/channel\/UC-yDYrHyfFBWWZaOw3FPg9Q\"]},{\"@type\":\"Person\",\"@id\":\"https:\/\/kapitalis.com\/tunisie\/#\/schema\/person\/d71f33a9ca44f7bad4698210b480c8e9\",\"name\":\"webmaster kapitalis\",\"url\":\"https:\/\/kapitalis.com\/tunisie\/author\/webmaster-kapitalis\/\"}]}<\/script>\n<!-- \/ Yoast SEO plugin. -->","yoast_head_json":{"title":"A propos de la myst\u00e9rieuse \u00ablib\u00e9ration\u00bb des fr\u00e8res Nabil et Ghazi Karoui - Kapitalis","robots":{"index":"index","follow":"follow","max-snippet":"max-snippet:-1","max-image-preview":"max-image-preview:large","max-video-preview":"max-video-preview:-1"},"canonical":"https:\/\/kapitalis.com\/tunisie\/2021\/11\/07\/a-propos-de-la-mysterieuse-liberation-des-freres-nabil-et-ghazi-karoui\/","og_locale":"fr_FR","og_type":"article","og_title":"A propos de la myst\u00e9rieuse \u00ablib\u00e9ration\u00bb des fr\u00e8res Nabil et Ghazi Karoui - Kapitalis","og_description":"La r\u00e9apparition inattendue des fr\u00e8res Nabil et Ghazi Karoui dans une vid\u00e9o diffus\u00e9e hier, samedi 6 novembre 2021, via les r\u00e9seaux sociaux et largement relay\u00e9e par les m\u00e9dias, pose de nombreuses questions et interpelle plusieurs parties. Car les deux hommes, poursuivis en justice en Tunisie pour \u00e9vasion fiscale, corruption financi\u00e8re et blanchiment d&rsquo;argent, et cens\u00e9s...","og_url":"https:\/\/kapitalis.com\/tunisie\/2021\/11\/07\/a-propos-de-la-mysterieuse-liberation-des-freres-nabil-et-ghazi-karoui\/","og_site_name":"Kapitalis","article_publisher":"https:\/\/www.facebook.com\/KapitalisInfo\/","article_published_time":"2021-11-07T09:38:47+00:00","article_modified_time":"2021-11-07T12:45:37+00:00","og_image":[{"url":"http:\/\/kapitalis.com\/tunisie\/wp-content\/uploads\/2021\/11\/Barcelone-Nabil-Ghazi-Karoui.jpg","type":"","width":"","height":""}],"author":"webmaster kapitalis","twitter_card":"summary_large_image","twitter_creator":"@KapitalisInfo","twitter_site":"@KapitalisInfo","twitter_misc":{"\u00c9crit par":"webmaster kapitalis","Dur\u00e9e de lecture estim\u00e9e":"5 minutes"},"schema":{"@context":"https:\/\/schema.org","@graph":[{"@type":"Article","@id":"https:\/\/kapitalis.com\/tunisie\/2021\/11\/07\/a-propos-de-la-mysterieuse-liberation-des-freres-nabil-et-ghazi-karoui\/#article","isPartOf":{"@id":"https:\/\/kapitalis.com\/tunisie\/2021\/11\/07\/a-propos-de-la-mysterieuse-liberation-des-freres-nabil-et-ghazi-karoui\/"},"author":{"name":"webmaster kapitalis","@id":"https:\/\/kapitalis.com\/tunisie\/#\/schema\/person\/d71f33a9ca44f7bad4698210b480c8e9"},"headline":"A propos de la myst\u00e9rieuse \u00ablib\u00e9ration\u00bb des fr\u00e8res Nabil et Ghazi Karoui","datePublished":"2021-11-07T09:38:47+00:00","dateModified":"2021-11-07T12:45:37+00:00","mainEntityOfPage":{"@id":"https:\/\/kapitalis.com\/tunisie\/2021\/11\/07\/a-propos-de-la-mysterieuse-liberation-des-freres-nabil-et-ghazi-karoui\/"},"wordCount":991,"commentCount":12,"publisher":{"@id":"https:\/\/kapitalis.com\/tunisie\/#organization"},"image":{"@id":"https:\/\/kapitalis.com\/tunisie\/2021\/11\/07\/a-propos-de-la-mysterieuse-liberation-des-freres-nabil-et-ghazi-karoui\/#primaryimage"},"thumbnailUrl":"http:\/\/kapitalis.com\/tunisie\/wp-content\/uploads\/2021\/11\/Barcelone-Nabil-Ghazi-Karoui.jpg","keywords":["Alg\u00e9rie","Ghazi Karoui","justice tunisienne","Kais Saied","Nabil Karoui","Nessma TV","Raoudha Karafi","Tunisie"],"articleSection":["A LA UNE","MEDIA","POLITIQUE","Tunisie"],"inLanguage":"fr-FR","potentialAction":[{"@type":"CommentAction","name":"Comment","target":["https:\/\/kapitalis.com\/tunisie\/2021\/11\/07\/a-propos-de-la-mysterieuse-liberation-des-freres-nabil-et-ghazi-karoui\/#respond"]}]},{"@type":"WebPage","@id":"https:\/\/kapitalis.com\/tunisie\/2021\/11\/07\/a-propos-de-la-mysterieuse-liberation-des-freres-nabil-et-ghazi-karoui\/","url":"https:\/\/kapitalis.com\/tunisie\/2021\/11\/07\/a-propos-de-la-mysterieuse-liberation-des-freres-nabil-et-ghazi-karoui\/","name":"A propos de la myst\u00e9rieuse \u00ablib\u00e9ration\u00bb des fr\u00e8res Nabil et Ghazi Karoui - Kapitalis","isPartOf":{"@id":"https:\/\/kapitalis.com\/tunisie\/#website"},"primaryImageOfPage":{"@id":"https:\/\/kapitalis.com\/tunisie\/2021\/11\/07\/a-propos-de-la-mysterieuse-liberation-des-freres-nabil-et-ghazi-karoui\/#primaryimage"},"image":{"@id":"https:\/\/kapitalis.com\/tunisie\/2021\/11\/07\/a-propos-de-la-mysterieuse-liberation-des-freres-nabil-et-ghazi-karoui\/#primaryimage"},"thumbnailUrl":"http:\/\/kapitalis.com\/tunisie\/wp-content\/uploads\/2021\/11\/Barcelone-Nabil-Ghazi-Karoui.jpg","datePublished":"2021-11-07T09:38:47+00:00","dateModified":"2021-11-07T12:45:37+00:00","breadcrumb":{"@id":"https:\/\/kapitalis.com\/tunisie\/2021\/11\/07\/a-propos-de-la-mysterieuse-liberation-des-freres-nabil-et-ghazi-karoui\/#breadcrumb"},"inLanguage":"fr-FR","potentialAction":[{"@type":"ReadAction","target":["https:\/\/kapitalis.com\/tunisie\/2021\/11\/07\/a-propos-de-la-mysterieuse-liberation-des-freres-nabil-et-ghazi-karoui\/"]}]},{"@type":"ImageObject","inLanguage":"fr-FR","@id":"https:\/\/kapitalis.com\/tunisie\/2021\/11\/07\/a-propos-de-la-mysterieuse-liberation-des-freres-nabil-et-ghazi-karoui\/#primaryimage","url":"","contentUrl":""},{"@type":"BreadcrumbList","@id":"https:\/\/kapitalis.com\/tunisie\/2021\/11\/07\/a-propos-de-la-mysterieuse-liberation-des-freres-nabil-et-ghazi-karoui\/#breadcrumb","itemListElement":[{"@type":"ListItem","position":1,"name":"Accueil","item":"https:\/\/kapitalis.com\/tunisie\/"},{"@type":"ListItem","position":2,"name":"A propos de la myst\u00e9rieuse \u00ablib\u00e9ration\u00bb des fr\u00e8res Nabil et Ghazi Karoui"}]},{"@type":"WebSite","@id":"https:\/\/kapitalis.com\/tunisie\/#website","url":"https:\/\/kapitalis.com\/tunisie\/","name":"Kapitalis","description":"L&#039;actualit\u00e9 en Tunisie et dans le monde","publisher":{"@id":"https:\/\/kapitalis.com\/tunisie\/#organization"},"potentialAction":[{"@type":"SearchAction","target":{"@type":"EntryPoint","urlTemplate":"https:\/\/kapitalis.com\/tunisie\/?s={search_term_string}"},"query-input":{"@type":"PropertyValueSpecification","valueRequired":true,"valueName":"search_term_string"}}],"inLanguage":"fr-FR"},{"@type":"Organization","@id":"https:\/\/kapitalis.com\/tunisie\/#organization","name":"Kapitalis","url":"https:\/\/kapitalis.com\/tunisie\/","logo":{"@type":"ImageObject","inLanguage":"fr-FR","@id":"https:\/\/kapitalis.com\/tunisie\/#\/schema\/logo\/image\/","url":"https:\/\/kapitalis.com\/tunisie\/wp-content\/uploads\/2022\/05\/Kapitalis-big-size.png","contentUrl":"https:\/\/kapitalis.com\/tunisie\/wp-content\/uploads\/2022\/05\/Kapitalis-big-size.png","width":5000,"height":1500,"caption":"Kapitalis"},"image":{"@id":"https:\/\/kapitalis.com\/tunisie\/#\/schema\/logo\/image\/"},"sameAs":["https:\/\/www.facebook.com\/KapitalisInfo\/","https:\/\/x.com\/KapitalisInfo","https:\/\/www.youtube.com\/channel\/UC-yDYrHyfFBWWZaOw3FPg9Q"]},{"@type":"Person","@id":"https:\/\/kapitalis.com\/tunisie\/#\/schema\/person\/d71f33a9ca44f7bad4698210b480c8e9","name":"webmaster kapitalis","url":"https:\/\/kapitalis.com\/tunisie\/author\/webmaster-kapitalis\/"}]}},"_links":{"self":[{"href":"https:\/\/kapitalis.com\/tunisie\/wp-json\/wp\/v2\/posts\/369006","targetHints":{"allow":["GET"]}}],"collection":[{"href":"https:\/\/kapitalis.com\/tunisie\/wp-json\/wp\/v2\/posts"}],"about":[{"href":"https:\/\/kapitalis.com\/tunisie\/wp-json\/wp\/v2\/types\/post"}],"author":[{"embeddable":true,"href":"https:\/\/kapitalis.com\/tunisie\/wp-json\/wp\/v2\/users\/8"}],"replies":[{"embeddable":true,"href":"https:\/\/kapitalis.com\/tunisie\/wp-json\/wp\/v2\/comments?post=369006"}],"version-history":[{"count":0,"href":"https:\/\/kapitalis.com\/tunisie\/wp-json\/wp\/v2\/posts\/369006\/revisions"}],"wp:attachment":[{"href":"https:\/\/kapitalis.com\/tunisie\/wp-json\/wp\/v2\/media?parent=369006"}],"wp:term":[{"taxonomy":"category","embeddable":true,"href":"https:\/\/kapitalis.com\/tunisie\/wp-json\/wp\/v2\/categories?post=369006"},{"taxonomy":"post_tag","embeddable":true,"href":"https:\/\/kapitalis.com\/tunisie\/wp-json\/wp\/v2\/tags?post=369006"}],"curies":[{"name":"wp","href":"https:\/\/api.w.org\/{rel}","templated":true}]}}