{"id":369313,"date":"2021-11-10T08:31:00","date_gmt":"2021-11-10T07:31:00","guid":{"rendered":"http:\/\/kapitalis.com\/tunisie\/?p=369313"},"modified":"2021-11-10T08:32:38","modified_gmt":"2021-11-10T07:32:38","slug":"tunisie-letat-recupere-un-terrain-domanial-agricole-a-kalaat-el-andalous","status":"publish","type":"post","link":"https:\/\/kapitalis.com\/tunisie\/2021\/11\/10\/tunisie-letat-recupere-un-terrain-domanial-agricole-a-kalaat-el-andalous\/","title":{"rendered":"Tunisie : l\u2019\u00c9tat r\u00e9cup\u00e8re un terrain domanial agricole \u00e0 Kal\u00e2at El-Andalous"},"content":{"rendered":"\n<div class=\"wp-block-image\"><figure class=\"aligncenter size-full\"><img decoding=\"async\" src=\"http:\/\/kapitalis.com\/tunisie\/wp-content\/uploads\/2021\/11\/Terrain-agricole.jpg\" alt=\"\" class=\"wp-image-369314\"\/><\/figure><\/div>\n\n\n\n<p><strong><em>Les services de la direction r\u00e9gionale des domaines de l\u2019\u00c9tat et des Affaires fonci\u00e8res du gouvernorat de<\/em><\/strong> <strong><em>l\u2019Ariana ont r\u00e9cup\u00e9r\u00e9 mardi 9 novembre 2021 un terrain domanial agricole d\u2019une superficie de 3,5 hectares, situ\u00e9 dans la r\u00e9gion d\u2019Ennahli, de la d\u00e9l\u00e9gation de Kal\u00e2at El-Andalous relevant du gouvernorat de l\u2019Ariana.<\/em><\/strong><\/p>\n\n\n\n<!--more-->\n\n\n\n<p>La restitution de ce bien domanial qui \u00e9tait exploit\u00e9 illicitement par autrui a \u00e9t\u00e9 effectu\u00e9e suite \u00e0 l&rsquo;ex\u00e9cution d&rsquo;une d\u00e9cision d&rsquo;\u00e9vacuation \u00e9mise par le gouverneur de la r\u00e9gion, en pr\u00e9sence des autorit\u00e9s locales et s\u00e9curitaires et les repr\u00e9sentants de la direction r\u00e9gionale des domaines de l\u2019\u00c9tat.<\/p>\n\n\n\n<p><a><\/a> Le terrain a \u00e9t\u00e9 pris en charge par les services de l\u2019administration r\u00e9gionale, en attendant sa r\u00e9habilitation dans les plus brefs d\u00e9lais.<\/p>\n\n\n\n<p>Il est \u00e0 noter que plus de 200 hectares ont \u00e9t\u00e9 restitu\u00e9s au cours des derniers mois dans plusieurs r\u00e9gions du gouvernorat de l\u2019Ariana. Et d&rsquo;autres centaines d&rsquo;hectares dans diff\u00e9rentes autres r\u00e9gions. C&rsquo;est \u00e0 croire que l\u2019\u00c9tat se fait piller all\u00e8grement par des citoyens peu respectueux des formes et qui se servent l\u00e0 o\u00f9 ils peuvent, profitant de l&rsquo;impuissance d&rsquo;un \u00c9tat consid\u00e9r\u00e9 comme l&rsquo;un des plus grands employeurs au monde, avec pr\u00e8s de 800.000 fonctionnaires pour 12 millions d&rsquo;habitants et dont on se demande ce qu&rsquo;ils font tous&nbsp;! Beaucoup d&rsquo;entre eux se servent aussi au passage, nous n&rsquo;en doutons pas.<\/p>\n","protected":false},"excerpt":{"rendered":"<p>Les services de la direction r\u00e9gionale des domaines de l\u2019\u00c9tat et des Affaires fonci\u00e8res du gouvernorat de l\u2019Ariana ont r\u00e9cup\u00e9r\u00e9 mardi 9 novembre 2021 un terrain domanial agricole d\u2019une superficie de 3,5 hectares, situ\u00e9 dans la r\u00e9gion d\u2019Ennahli, de la d\u00e9l\u00e9gation de Kal\u00e2at El-Andalous relevant du gouvernorat de l\u2019Ariana.<\/p>\n","protected":false},"author":8,"featured_media":369314,"comment_status":"open","ping_status":"open","sticky":false,"template":"","format":"standard","meta":{"footnotes":""},"categories":[995,2433],"tags":[79,94470,86529,77937,80144,62643],"class_list":["post-369313","post","type-post","status-publish","format-standard","has-post-thumbnail","hentry","category-economie","category-tunisie","tag-ariana","tag-domaines-de-letat-4","tag-ennahli","tag-kalaat-el-andalous","tag-terrain-domanial-agricole","tag-tunisie"],"yoast_head":"<!-- This site is optimized with the Yoast SEO plugin v26.6 - https:\/\/yoast.com\/wordpress\/plugins\/seo\/ -->\n<title>Tunisie : l\u2019\u00c9tat r\u00e9cup\u00e8re un terrain domanial agricole \u00e0 Kal\u00e2at El-Andalous - Kapitalis<\/title>\n<meta name=\"robots\" content=\"index, follow, max-snippet:-1, max-image-preview:large, max-video-preview:-1\" \/>\n<link rel=\"canonical\" href=\"https:\/\/kapitalis.com\/tunisie\/2021\/11\/10\/tunisie-letat-recupere-un-terrain-domanial-agricole-a-kalaat-el-andalous\/\" \/>\n<meta property=\"og:locale\" content=\"fr_FR\" \/>\n<meta property=\"og:type\" content=\"article\" \/>\n<meta property=\"og:title\" content=\"Tunisie : l\u2019\u00c9tat r\u00e9cup\u00e8re un terrain domanial agricole \u00e0 Kal\u00e2at El-Andalous - Kapitalis\" \/>\n<meta property=\"og:description\" content=\"Les services de la direction r\u00e9gionale des domaines de l\u2019\u00c9tat et des Affaires fonci\u00e8res du gouvernorat de l\u2019Ariana ont r\u00e9cup\u00e9r\u00e9 mardi 9 novembre 2021 un terrain domanial agricole d\u2019une superficie de 3,5 hectares, situ\u00e9 dans la r\u00e9gion d\u2019Ennahli, de la d\u00e9l\u00e9gation de Kal\u00e2at El-Andalous relevant du gouvernorat de l\u2019Ariana.\" \/>\n<meta property=\"og:url\" content=\"https:\/\/kapitalis.com\/tunisie\/2021\/11\/10\/tunisie-letat-recupere-un-terrain-domanial-agricole-a-kalaat-el-andalous\/\" \/>\n<meta property=\"og:site_name\" content=\"Kapitalis\" \/>\n<meta property=\"article:publisher\" content=\"https:\/\/www.facebook.com\/KapitalisInfo\/\" \/>\n<meta property=\"article:published_time\" content=\"2021-11-10T07:31:00+00:00\" \/>\n<meta property=\"article:modified_time\" content=\"2021-11-10T07:32:38+00:00\" \/>\n<meta property=\"og:image\" content=\"https:\/\/kapitalis.com\/tunisie\/wp-content\/uploads\/2022\/05\/kapitalis-logo-fb.png\" \/>\n\t<meta property=\"og:image:width\" content=\"1200\" \/>\n\t<meta property=\"og:image:height\" content=\"630\" \/>\n\t<meta property=\"og:image:type\" content=\"image\/png\" \/>\n<meta name=\"author\" content=\"webmaster kapitalis\" \/>\n<meta name=\"twitter:card\" content=\"summary_large_image\" \/>\n<meta name=\"twitter:creator\" content=\"@KapitalisInfo\" \/>\n<meta name=\"twitter:site\" content=\"@KapitalisInfo\" \/>\n<meta name=\"twitter:label1\" content=\"\u00c9crit par\" \/>\n\t<meta name=\"twitter:data1\" content=\"webmaster kapitalis\" \/>\n\t<meta name=\"twitter:label2\" content=\"Dur\u00e9e de lecture estim\u00e9e\" \/>\n\t<meta name=\"twitter:data2\" content=\"1 minute\" \/>\n<script type=\"application\/ld+json\" class=\"yoast-schema-graph\">{\"@context\":\"https:\/\/schema.org\",\"@graph\":[{\"@type\":\"Article\",\"@id\":\"https:\/\/kapitalis.com\/tunisie\/2021\/11\/10\/tunisie-letat-recupere-un-terrain-domanial-agricole-a-kalaat-el-andalous\/#article\",\"isPartOf\":{\"@id\":\"https:\/\/kapitalis.com\/tunisie\/2021\/11\/10\/tunisie-letat-recupere-un-terrain-domanial-agricole-a-kalaat-el-andalous\/\"},\"author\":{\"name\":\"webmaster kapitalis\",\"@id\":\"https:\/\/kapitalis.com\/tunisie\/#\/schema\/person\/d71f33a9ca44f7bad4698210b480c8e9\"},\"headline\":\"Tunisie : l\u2019\u00c9tat r\u00e9cup\u00e8re un terrain domanial agricole \u00e0 Kal\u00e2at El-Andalous\",\"datePublished\":\"2021-11-10T07:31:00+00:00\",\"dateModified\":\"2021-11-10T07:32:38+00:00\",\"mainEntityOfPage\":{\"@id\":\"https:\/\/kapitalis.com\/tunisie\/2021\/11\/10\/tunisie-letat-recupere-un-terrain-domanial-agricole-a-kalaat-el-andalous\/\"},\"wordCount\":259,\"commentCount\":2,\"publisher\":{\"@id\":\"https:\/\/kapitalis.com\/tunisie\/#organization\"},\"image\":{\"@id\":\"https:\/\/kapitalis.com\/tunisie\/2021\/11\/10\/tunisie-letat-recupere-un-terrain-domanial-agricole-a-kalaat-el-andalous\/#primaryimage\"},\"thumbnailUrl\":\"\",\"keywords\":[\"Ariana\",\"Domaines de l\u2019\u00c9tat\",\"Ennahli\",\"Kal\u00e2at El-Andalous\",\"terrain domanial agricole\",\"Tunisie\"],\"articleSection\":[\"ECONOMIE\",\"Tunisie\"],\"inLanguage\":\"fr-FR\",\"potentialAction\":[{\"@type\":\"CommentAction\",\"name\":\"Comment\",\"target\":[\"https:\/\/kapitalis.com\/tunisie\/2021\/11\/10\/tunisie-letat-recupere-un-terrain-domanial-agricole-a-kalaat-el-andalous\/#respond\"]}]},{\"@type\":\"WebPage\",\"@id\":\"https:\/\/kapitalis.com\/tunisie\/2021\/11\/10\/tunisie-letat-recupere-un-terrain-domanial-agricole-a-kalaat-el-andalous\/\",\"url\":\"https:\/\/kapitalis.com\/tunisie\/2021\/11\/10\/tunisie-letat-recupere-un-terrain-domanial-agricole-a-kalaat-el-andalous\/\",\"name\":\"Tunisie : l\u2019\u00c9tat r\u00e9cup\u00e8re un terrain domanial agricole \u00e0 Kal\u00e2at El-Andalous - Kapitalis\",\"isPartOf\":{\"@id\":\"https:\/\/kapitalis.com\/tunisie\/#website\"},\"primaryImageOfPage\":{\"@id\":\"https:\/\/kapitalis.com\/tunisie\/2021\/11\/10\/tunisie-letat-recupere-un-terrain-domanial-agricole-a-kalaat-el-andalous\/#primaryimage\"},\"image\":{\"@id\":\"https:\/\/kapitalis.com\/tunisie\/2021\/11\/10\/tunisie-letat-recupere-un-terrain-domanial-agricole-a-kalaat-el-andalous\/#primaryimage\"},\"thumbnailUrl\":\"\",\"datePublished\":\"2021-11-10T07:31:00+00:00\",\"dateModified\":\"2021-11-10T07:32:38+00:00\",\"breadcrumb\":{\"@id\":\"https:\/\/kapitalis.com\/tunisie\/2021\/11\/10\/tunisie-letat-recupere-un-terrain-domanial-agricole-a-kalaat-el-andalous\/#breadcrumb\"},\"inLanguage\":\"fr-FR\",\"potentialAction\":[{\"@type\":\"ReadAction\",\"target\":[\"https:\/\/kapitalis.com\/tunisie\/2021\/11\/10\/tunisie-letat-recupere-un-terrain-domanial-agricole-a-kalaat-el-andalous\/\"]}]},{\"@type\":\"ImageObject\",\"inLanguage\":\"fr-FR\",\"@id\":\"https:\/\/kapitalis.com\/tunisie\/2021\/11\/10\/tunisie-letat-recupere-un-terrain-domanial-agricole-a-kalaat-el-andalous\/#primaryimage\",\"url\":\"\",\"contentUrl\":\"\"},{\"@type\":\"BreadcrumbList\",\"@id\":\"https:\/\/kapitalis.com\/tunisie\/2021\/11\/10\/tunisie-letat-recupere-un-terrain-domanial-agricole-a-kalaat-el-andalous\/#breadcrumb\",\"itemListElement\":[{\"@type\":\"ListItem\",\"position\":1,\"name\":\"Accueil\",\"item\":\"https:\/\/kapitalis.com\/tunisie\/\"},{\"@type\":\"ListItem\",\"position\":2,\"name\":\"Tunisie : l\u2019\u00c9tat r\u00e9cup\u00e8re un terrain domanial agricole \u00e0 Kal\u00e2at El-Andalous\"}]},{\"@type\":\"WebSite\",\"@id\":\"https:\/\/kapitalis.com\/tunisie\/#website\",\"url\":\"https:\/\/kapitalis.com\/tunisie\/\",\"name\":\"Kapitalis\",\"description\":\"L&#039;actualit\u00e9 en Tunisie et dans le monde\",\"publisher\":{\"@id\":\"https:\/\/kapitalis.com\/tunisie\/#organization\"},\"potentialAction\":[{\"@type\":\"SearchAction\",\"target\":{\"@type\":\"EntryPoint\",\"urlTemplate\":\"https:\/\/kapitalis.com\/tunisie\/?s={search_term_string}\"},\"query-input\":{\"@type\":\"PropertyValueSpecification\",\"valueRequired\":true,\"valueName\":\"search_term_string\"}}],\"inLanguage\":\"fr-FR\"},{\"@type\":\"Organization\",\"@id\":\"https:\/\/kapitalis.com\/tunisie\/#organization\",\"name\":\"Kapitalis\",\"url\":\"https:\/\/kapitalis.com\/tunisie\/\",\"logo\":{\"@type\":\"ImageObject\",\"inLanguage\":\"fr-FR\",\"@id\":\"https:\/\/kapitalis.com\/tunisie\/#\/schema\/logo\/image\/\",\"url\":\"https:\/\/kapitalis.com\/tunisie\/wp-content\/uploads\/2022\/05\/Kapitalis-big-size.png\",\"contentUrl\":\"https:\/\/kapitalis.com\/tunisie\/wp-content\/uploads\/2022\/05\/Kapitalis-big-size.png\",\"width\":5000,\"height\":1500,\"caption\":\"Kapitalis\"},\"image\":{\"@id\":\"https:\/\/kapitalis.com\/tunisie\/#\/schema\/logo\/image\/\"},\"sameAs\":[\"https:\/\/www.facebook.com\/KapitalisInfo\/\",\"https:\/\/x.com\/KapitalisInfo\",\"https:\/\/www.youtube.com\/channel\/UC-yDYrHyfFBWWZaOw3FPg9Q\"]},{\"@type\":\"Person\",\"@id\":\"https:\/\/kapitalis.com\/tunisie\/#\/schema\/person\/d71f33a9ca44f7bad4698210b480c8e9\",\"name\":\"webmaster kapitalis\",\"url\":\"https:\/\/kapitalis.com\/tunisie\/author\/webmaster-kapitalis\/\"}]}<\/script>\n<!-- \/ Yoast SEO plugin. -->","yoast_head_json":{"title":"Tunisie : l\u2019\u00c9tat r\u00e9cup\u00e8re un terrain domanial agricole \u00e0 Kal\u00e2at El-Andalous - Kapitalis","robots":{"index":"index","follow":"follow","max-snippet":"max-snippet:-1","max-image-preview":"max-image-preview:large","max-video-preview":"max-video-preview:-1"},"canonical":"https:\/\/kapitalis.com\/tunisie\/2021\/11\/10\/tunisie-letat-recupere-un-terrain-domanial-agricole-a-kalaat-el-andalous\/","og_locale":"fr_FR","og_type":"article","og_title":"Tunisie : l\u2019\u00c9tat r\u00e9cup\u00e8re un terrain domanial agricole \u00e0 Kal\u00e2at El-Andalous - Kapitalis","og_description":"Les services de la direction r\u00e9gionale des domaines de l\u2019\u00c9tat et des Affaires fonci\u00e8res du gouvernorat de l\u2019Ariana ont r\u00e9cup\u00e9r\u00e9 mardi 9 novembre 2021 un terrain domanial agricole d\u2019une superficie de 3,5 hectares, situ\u00e9 dans la r\u00e9gion d\u2019Ennahli, de la d\u00e9l\u00e9gation de Kal\u00e2at El-Andalous relevant du gouvernorat de l\u2019Ariana.","og_url":"https:\/\/kapitalis.com\/tunisie\/2021\/11\/10\/tunisie-letat-recupere-un-terrain-domanial-agricole-a-kalaat-el-andalous\/","og_site_name":"Kapitalis","article_publisher":"https:\/\/www.facebook.com\/KapitalisInfo\/","article_published_time":"2021-11-10T07:31:00+00:00","article_modified_time":"2021-11-10T07:32:38+00:00","og_image":[{"width":1200,"height":630,"url":"https:\/\/kapitalis.com\/tunisie\/wp-content\/uploads\/2022\/05\/kapitalis-logo-fb.png","type":"image\/png"}],"author":"webmaster kapitalis","twitter_card":"summary_large_image","twitter_creator":"@KapitalisInfo","twitter_site":"@KapitalisInfo","twitter_misc":{"\u00c9crit par":"webmaster kapitalis","Dur\u00e9e de lecture estim\u00e9e":"1 minute"},"schema":{"@context":"https:\/\/schema.org","@graph":[{"@type":"Article","@id":"https:\/\/kapitalis.com\/tunisie\/2021\/11\/10\/tunisie-letat-recupere-un-terrain-domanial-agricole-a-kalaat-el-andalous\/#article","isPartOf":{"@id":"https:\/\/kapitalis.com\/tunisie\/2021\/11\/10\/tunisie-letat-recupere-un-terrain-domanial-agricole-a-kalaat-el-andalous\/"},"author":{"name":"webmaster kapitalis","@id":"https:\/\/kapitalis.com\/tunisie\/#\/schema\/person\/d71f33a9ca44f7bad4698210b480c8e9"},"headline":"Tunisie : l\u2019\u00c9tat r\u00e9cup\u00e8re un terrain domanial agricole \u00e0 Kal\u00e2at El-Andalous","datePublished":"2021-11-10T07:31:00+00:00","dateModified":"2021-11-10T07:32:38+00:00","mainEntityOfPage":{"@id":"https:\/\/kapitalis.com\/tunisie\/2021\/11\/10\/tunisie-letat-recupere-un-terrain-domanial-agricole-a-kalaat-el-andalous\/"},"wordCount":259,"commentCount":2,"publisher":{"@id":"https:\/\/kapitalis.com\/tunisie\/#organization"},"image":{"@id":"https:\/\/kapitalis.com\/tunisie\/2021\/11\/10\/tunisie-letat-recupere-un-terrain-domanial-agricole-a-kalaat-el-andalous\/#primaryimage"},"thumbnailUrl":"","keywords":["Ariana","Domaines de l\u2019\u00c9tat","Ennahli","Kal\u00e2at El-Andalous","terrain domanial agricole","Tunisie"],"articleSection":["ECONOMIE","Tunisie"],"inLanguage":"fr-FR","potentialAction":[{"@type":"CommentAction","name":"Comment","target":["https:\/\/kapitalis.com\/tunisie\/2021\/11\/10\/tunisie-letat-recupere-un-terrain-domanial-agricole-a-kalaat-el-andalous\/#respond"]}]},{"@type":"WebPage","@id":"https:\/\/kapitalis.com\/tunisie\/2021\/11\/10\/tunisie-letat-recupere-un-terrain-domanial-agricole-a-kalaat-el-andalous\/","url":"https:\/\/kapitalis.com\/tunisie\/2021\/11\/10\/tunisie-letat-recupere-un-terrain-domanial-agricole-a-kalaat-el-andalous\/","name":"Tunisie : l\u2019\u00c9tat r\u00e9cup\u00e8re un terrain domanial agricole \u00e0 Kal\u00e2at El-Andalous - Kapitalis","isPartOf":{"@id":"https:\/\/kapitalis.com\/tunisie\/#website"},"primaryImageOfPage":{"@id":"https:\/\/kapitalis.com\/tunisie\/2021\/11\/10\/tunisie-letat-recupere-un-terrain-domanial-agricole-a-kalaat-el-andalous\/#primaryimage"},"image":{"@id":"https:\/\/kapitalis.com\/tunisie\/2021\/11\/10\/tunisie-letat-recupere-un-terrain-domanial-agricole-a-kalaat-el-andalous\/#primaryimage"},"thumbnailUrl":"","datePublished":"2021-11-10T07:31:00+00:00","dateModified":"2021-11-10T07:32:38+00:00","breadcrumb":{"@id":"https:\/\/kapitalis.com\/tunisie\/2021\/11\/10\/tunisie-letat-recupere-un-terrain-domanial-agricole-a-kalaat-el-andalous\/#breadcrumb"},"inLanguage":"fr-FR","potentialAction":[{"@type":"ReadAction","target":["https:\/\/kapitalis.com\/tunisie\/2021\/11\/10\/tunisie-letat-recupere-un-terrain-domanial-agricole-a-kalaat-el-andalous\/"]}]},{"@type":"ImageObject","inLanguage":"fr-FR","@id":"https:\/\/kapitalis.com\/tunisie\/2021\/11\/10\/tunisie-letat-recupere-un-terrain-domanial-agricole-a-kalaat-el-andalous\/#primaryimage","url":"","contentUrl":""},{"@type":"BreadcrumbList","@id":"https:\/\/kapitalis.com\/tunisie\/2021\/11\/10\/tunisie-letat-recupere-un-terrain-domanial-agricole-a-kalaat-el-andalous\/#breadcrumb","itemListElement":[{"@type":"ListItem","position":1,"name":"Accueil","item":"https:\/\/kapitalis.com\/tunisie\/"},{"@type":"ListItem","position":2,"name":"Tunisie : l\u2019\u00c9tat r\u00e9cup\u00e8re un terrain domanial agricole \u00e0 Kal\u00e2at El-Andalous"}]},{"@type":"WebSite","@id":"https:\/\/kapitalis.com\/tunisie\/#website","url":"https:\/\/kapitalis.com\/tunisie\/","name":"Kapitalis","description":"L&#039;actualit\u00e9 en Tunisie et dans le monde","publisher":{"@id":"https:\/\/kapitalis.com\/tunisie\/#organization"},"potentialAction":[{"@type":"SearchAction","target":{"@type":"EntryPoint","urlTemplate":"https:\/\/kapitalis.com\/tunisie\/?s={search_term_string}"},"query-input":{"@type":"PropertyValueSpecification","valueRequired":true,"valueName":"search_term_string"}}],"inLanguage":"fr-FR"},{"@type":"Organization","@id":"https:\/\/kapitalis.com\/tunisie\/#organization","name":"Kapitalis","url":"https:\/\/kapitalis.com\/tunisie\/","logo":{"@type":"ImageObject","inLanguage":"fr-FR","@id":"https:\/\/kapitalis.com\/tunisie\/#\/schema\/logo\/image\/","url":"https:\/\/kapitalis.com\/tunisie\/wp-content\/uploads\/2022\/05\/Kapitalis-big-size.png","contentUrl":"https:\/\/kapitalis.com\/tunisie\/wp-content\/uploads\/2022\/05\/Kapitalis-big-size.png","width":5000,"height":1500,"caption":"Kapitalis"},"image":{"@id":"https:\/\/kapitalis.com\/tunisie\/#\/schema\/logo\/image\/"},"sameAs":["https:\/\/www.facebook.com\/KapitalisInfo\/","https:\/\/x.com\/KapitalisInfo","https:\/\/www.youtube.com\/channel\/UC-yDYrHyfFBWWZaOw3FPg9Q"]},{"@type":"Person","@id":"https:\/\/kapitalis.com\/tunisie\/#\/schema\/person\/d71f33a9ca44f7bad4698210b480c8e9","name":"webmaster kapitalis","url":"https:\/\/kapitalis.com\/tunisie\/author\/webmaster-kapitalis\/"}]}},"_links":{"self":[{"href":"https:\/\/kapitalis.com\/tunisie\/wp-json\/wp\/v2\/posts\/369313","targetHints":{"allow":["GET"]}}],"collection":[{"href":"https:\/\/kapitalis.com\/tunisie\/wp-json\/wp\/v2\/posts"}],"about":[{"href":"https:\/\/kapitalis.com\/tunisie\/wp-json\/wp\/v2\/types\/post"}],"author":[{"embeddable":true,"href":"https:\/\/kapitalis.com\/tunisie\/wp-json\/wp\/v2\/users\/8"}],"replies":[{"embeddable":true,"href":"https:\/\/kapitalis.com\/tunisie\/wp-json\/wp\/v2\/comments?post=369313"}],"version-history":[{"count":0,"href":"https:\/\/kapitalis.com\/tunisie\/wp-json\/wp\/v2\/posts\/369313\/revisions"}],"wp:featuredmedia":[{"embeddable":true,"href":"https:\/\/kapitalis.com\/tunisie\/wp-json\/wp\/v2\/media\/369314"}],"wp:attachment":[{"href":"https:\/\/kapitalis.com\/tunisie\/wp-json\/wp\/v2\/media?parent=369313"}],"wp:term":[{"taxonomy":"category","embeddable":true,"href":"https:\/\/kapitalis.com\/tunisie\/wp-json\/wp\/v2\/categories?post=369313"},{"taxonomy":"post_tag","embeddable":true,"href":"https:\/\/kapitalis.com\/tunisie\/wp-json\/wp\/v2\/tags?post=369313"}],"curies":[{"name":"wp","href":"https:\/\/api.w.org\/{rel}","templated":true}]}}