{"id":369358,"date":"2021-11-10T13:06:42","date_gmt":"2021-11-10T12:06:42","guid":{"rendered":"http:\/\/kapitalis.com\/tunisie\/?p=369358"},"modified":"2021-11-10T13:09:44","modified_gmt":"2021-11-10T12:09:44","slug":"la-tunisie-le-fmi-et-liran","status":"publish","type":"post","link":"https:\/\/kapitalis.com\/tunisie\/2021\/11\/10\/la-tunisie-le-fmi-et-liran\/","title":{"rendered":"La Tunisie, le FMI et l\u2019Iran\u2026"},"content":{"rendered":"\n<div class=\"wp-block-image\"><figure class=\"aligncenter size-full\"><img decoding=\"async\" src=\"http:\/\/kapitalis.com\/tunisie\/wp-content\/uploads\/2021\/11\/Tunisie-FMI-Iran.jpg\" alt=\"\" class=\"wp-image-369363\"\/><\/figure><\/div>\n\n\n\n<p><strong><em>Dans cette r\u00e9ponse \u00e0 l&rsquo;article  \u00ab<a href=\"http:\/\/kapitalis.com\/tunisie\/2021\/11\/08\/tunisie-fmi-hossein-hosseini-cet-iranien-ne-me-represente-pas\/\" target=\"_blank\" rel=\"noreferrer noopener\">Tunisie-FMI: Hossein Hosseini, cet Iranien ne me repr\u00e9sente pas\u00bb<\/a>, de Moktar Lamari publi\u00e9 dans Kapitalis le 8 novembre 2021, l&rsquo;auteur pr\u00e9cise que ledit expert iranien intervient aux c\u00f4t\u00e9s de la Tunisie au sein du FMI en sa qualit\u00e9 d&rsquo;administrateur repr\u00e9sentant de les 8 pays membres de son groupe y compris la Tunisie.<\/em><\/strong><\/p>\n\n\n\n<p>Par <strong>Samir Gharbi<\/strong> *<\/p>\n\n\n\n<!--more-->\n\n\n\n<div class=\"wp-block-image\"><figure class=\"alignleft size-full\"><img decoding=\"async\" src=\"http:\/\/kapitalis.com\/tunisie\/wp-content\/uploads\/2021\/10\/Samir-Gharbi.gif\" alt=\"\" class=\"wp-image-367130\"\/><\/figure><\/div>\n\n\n\n<p>Votre statut professionnel de Docteur (PhD), exer\u00e7ant au Qu\u00e9bec, n\u2019aurait pas d\u00fb vous permettre de dire des contre-v\u00e9rit\u00e9s. Soit vous m\u00e9connaissez le fonctionnement du FMI, soit vous voulez induire volontairement en erreur les lecteurs de Kapitalis.<\/p>\n\n\n\n<p>Le FMI est g\u00e9r\u00e9 par un Conseil d\u2019administration (Executive Board) compos\u00e9 de 24 membres, \u00e9lus, tous les huit ans, par les 190 pays membres. Sept pays (les plus gros actionnaires du FMI) d\u00e9signent, chacun, leur administrateur. Les 17 autres pays se forment en groupes (2 pays, maximum 23) pour d\u00e9signer leur administrateur respectif.<\/p>\n\n\n\n<p>La Tunisie, lors de la derni\u00e8re \u00e9lection (1<sup>er<\/sup> novembre 2016), a particip\u00e9 \u00e0 la formation d\u2019un groupe huit pays, dans l\u2019ordre alphab\u00e9tique: Afghanistan, Alg\u00e9rie, Ghana, Iran, Libye, Maroc, Pakistan et Tunisie.<\/p>\n\n\n\n<p>Vous voyez bien, Monsieur le Professeur, que la Tunisie appartient au m\u00eame groupe que l\u2019Alg\u00e9rie, le Maroc et la Libye\u2026<\/p>\n\n\n\n<p>Ce groupe a choisi, naturellement, l\u2019administrateur repr\u00e9sentant le plus important actionnaire du groupe, c\u2019est-\u00e0-dire, l\u2019Iran\u2026 L\u2019administrateur ne repr\u00e9sente pas que l\u2019Iran, mais les huit pays du groupe. Il ne repr\u00e9sente pas <em>\u00abpolitiquement\u00bb<\/em> la Tunisie, mais il d\u00e9fend les int\u00e9r\u00eats de chacun des huit pays au sein du Conseil d\u2019administration qui g\u00e8re le FMI au jour le jour\u2026<\/p>\n\n\n\n<div class=\"wp-block-image\"><figure class=\"aligncenter size-full\"><img decoding=\"async\" src=\"http:\/\/kapitalis.com\/tunisie\/wp-content\/uploads\/2021\/11\/FMI-Groupe-de-la-Tunisie.jpg\" alt=\"\" class=\"wp-image-369359\"\/><\/figure><\/div>\n\n\n\n<p><em>N.B. \u2013 L\u2019\u00c9gypte a choisi de former un groupe \u00e0 ell<\/em>e,<em> compos\u00e9 de 10 autres pays\u00a0: Bahre\u00efn, \u00c9mirats arabes unis, Irak, Jordanie, Kowe\u00eft, Liban, Maldives, Oman, Qatar, Y\u00e9men. Ce groupe dispose de 2,52% de droits de vote, dont 0,42% pour l&rsquo;\u00c9gypte.<\/em><\/p>\n\n\n\n<p>* <em>Ancien r\u00e9dacteur en chef \u00e0 Jeune Afrique.<\/em><\/p>\n\n\n\n<h4 class=\"wp-block-heading\"><em>Article du m\u00eame auteur dans Kapitalis : <\/em><\/h4>\n\n\n\n<p><blockquote class=\"wp-embedded-content\" data-secret=\"tarXcoKpBX\"><a href=\"https:\/\/kapitalis.com\/tunisie\/2021\/10\/23\/tunisie-un-symbole-de-la-siyada-el-wataniya-laisse-a-labandon\/\">Tunisie : Un symbole de la \u00absiyada el-wataniya\u00bb laiss\u00e9 \u00e0 l\u2019abandon\u2026<\/a><\/blockquote><iframe loading=\"lazy\" class=\"wp-embedded-content\" sandbox=\"allow-scripts\" security=\"restricted\" style=\"position: absolute; clip: rect(1px, 1px, 1px, 1px);\" title=\"\u00ab\u00a0Tunisie : Un symbole de la \u00absiyada el-wataniya\u00bb laiss\u00e9 \u00e0 l\u2019abandon\u2026\u00a0\u00bb &#8212; Kapitalis\" src=\"https:\/\/kapitalis.com\/tunisie\/2021\/10\/23\/tunisie-un-symbole-de-la-siyada-el-wataniya-laisse-a-labandon\/embed\/#?secret=HdetPLynNT#?secret=tarXcoKpBX\" data-secret=\"tarXcoKpBX\" width=\"600\" height=\"338\" frameborder=\"0\" marginwidth=\"0\" marginheight=\"0\" scrolling=\"no\"><\/iframe><\/p>\n","protected":false},"excerpt":{"rendered":"<p>Dans cette r\u00e9ponse \u00e0 l&rsquo;article \u00abTunisie-FMI: Hossein Hosseini, cet Iranien ne me repr\u00e9sente pas\u00bb, de Moktar Lamari publi\u00e9 dans Kapitalis le 8 novembre 2021, l&rsquo;auteur pr\u00e9cise que ledit expert iranien intervient aux c\u00f4t\u00e9s de la Tunisie au sein du FMI en sa qualit\u00e9 d&rsquo;administrateur repr\u00e9sentant de les 8 pays membres de son groupe y compris&#8230;<\/p>\n","protected":false},"author":8,"featured_media":369359,"comment_status":"open","ping_status":"open","sticky":false,"template":"","format":"standard","meta":{"footnotes":""},"categories":[992,995,1000,2433],"tags":[388,94747,497,68595,94409,62643],"class_list":["post-369358","post","type-post","status-publish","format-standard","has-post-thumbnail","hentry","category-a-la-une","category-economie","category-tribune","category-tunisie","tag-fmi","tag-hossein-hosseini","tag-iran","tag-moktar-lamari","tag-samir-gharbi","tag-tunisie"],"yoast_head":"<!-- This site is optimized with the Yoast SEO plugin v26.6 - https:\/\/yoast.com\/wordpress\/plugins\/seo\/ -->\n<title>La Tunisie, le FMI et l\u2019Iran\u2026 - Kapitalis<\/title>\n<meta name=\"robots\" content=\"index, follow, max-snippet:-1, max-image-preview:large, max-video-preview:-1\" \/>\n<link rel=\"canonical\" href=\"https:\/\/kapitalis.com\/tunisie\/2021\/11\/10\/la-tunisie-le-fmi-et-liran\/\" \/>\n<meta property=\"og:locale\" content=\"fr_FR\" \/>\n<meta property=\"og:type\" content=\"article\" \/>\n<meta property=\"og:title\" content=\"La Tunisie, le FMI et l\u2019Iran\u2026 - Kapitalis\" \/>\n<meta property=\"og:description\" content=\"Dans cette r\u00e9ponse \u00e0 l&rsquo;article \u00abTunisie-FMI: Hossein Hosseini, cet Iranien ne me repr\u00e9sente pas\u00bb, de Moktar Lamari publi\u00e9 dans Kapitalis le 8 novembre 2021, l&rsquo;auteur pr\u00e9cise que ledit expert iranien intervient aux c\u00f4t\u00e9s de la Tunisie au sein du FMI en sa qualit\u00e9 d&rsquo;administrateur repr\u00e9sentant de les 8 pays membres de son groupe y compris...\" \/>\n<meta property=\"og:url\" content=\"https:\/\/kapitalis.com\/tunisie\/2021\/11\/10\/la-tunisie-le-fmi-et-liran\/\" \/>\n<meta property=\"og:site_name\" content=\"Kapitalis\" \/>\n<meta property=\"article:publisher\" content=\"https:\/\/www.facebook.com\/KapitalisInfo\/\" \/>\n<meta property=\"article:published_time\" content=\"2021-11-10T12:06:42+00:00\" \/>\n<meta property=\"article:modified_time\" content=\"2021-11-10T12:09:44+00:00\" \/>\n<meta property=\"og:image\" content=\"https:\/\/kapitalis.com\/tunisie\/wp-content\/uploads\/2022\/05\/kapitalis-logo-fb.png\" \/>\n\t<meta property=\"og:image:width\" content=\"1200\" \/>\n\t<meta property=\"og:image:height\" content=\"630\" \/>\n\t<meta property=\"og:image:type\" content=\"image\/png\" \/>\n<meta name=\"author\" content=\"webmaster kapitalis\" \/>\n<meta name=\"twitter:card\" content=\"summary_large_image\" \/>\n<meta name=\"twitter:creator\" content=\"@KapitalisInfo\" \/>\n<meta name=\"twitter:site\" content=\"@KapitalisInfo\" \/>\n<meta name=\"twitter:label1\" content=\"\u00c9crit par\" \/>\n\t<meta name=\"twitter:data1\" content=\"webmaster kapitalis\" \/>\n\t<meta name=\"twitter:label2\" content=\"Dur\u00e9e de lecture estim\u00e9e\" \/>\n\t<meta name=\"twitter:data2\" content=\"2 minutes\" \/>\n<script type=\"application\/ld+json\" class=\"yoast-schema-graph\">{\"@context\":\"https:\/\/schema.org\",\"@graph\":[{\"@type\":\"Article\",\"@id\":\"https:\/\/kapitalis.com\/tunisie\/2021\/11\/10\/la-tunisie-le-fmi-et-liran\/#article\",\"isPartOf\":{\"@id\":\"https:\/\/kapitalis.com\/tunisie\/2021\/11\/10\/la-tunisie-le-fmi-et-liran\/\"},\"author\":{\"name\":\"webmaster kapitalis\",\"@id\":\"https:\/\/kapitalis.com\/tunisie\/#\/schema\/person\/d71f33a9ca44f7bad4698210b480c8e9\"},\"headline\":\"La Tunisie, le FMI et l\u2019Iran\u2026\",\"datePublished\":\"2021-11-10T12:06:42+00:00\",\"dateModified\":\"2021-11-10T12:09:44+00:00\",\"mainEntityOfPage\":{\"@id\":\"https:\/\/kapitalis.com\/tunisie\/2021\/11\/10\/la-tunisie-le-fmi-et-liran\/\"},\"wordCount\":352,\"commentCount\":0,\"publisher\":{\"@id\":\"https:\/\/kapitalis.com\/tunisie\/#organization\"},\"image\":{\"@id\":\"https:\/\/kapitalis.com\/tunisie\/2021\/11\/10\/la-tunisie-le-fmi-et-liran\/#primaryimage\"},\"thumbnailUrl\":\"\",\"keywords\":[\"FMI\",\"Hossein Hosseini\",\"Iran\",\"Moktar Lamari\",\"Samir Gharbi\",\"Tunisie\"],\"articleSection\":[\"A LA UNE\",\"ECONOMIE\",\"TRIBUNE\",\"Tunisie\"],\"inLanguage\":\"fr-FR\",\"potentialAction\":[{\"@type\":\"CommentAction\",\"name\":\"Comment\",\"target\":[\"https:\/\/kapitalis.com\/tunisie\/2021\/11\/10\/la-tunisie-le-fmi-et-liran\/#respond\"]}]},{\"@type\":\"WebPage\",\"@id\":\"https:\/\/kapitalis.com\/tunisie\/2021\/11\/10\/la-tunisie-le-fmi-et-liran\/\",\"url\":\"https:\/\/kapitalis.com\/tunisie\/2021\/11\/10\/la-tunisie-le-fmi-et-liran\/\",\"name\":\"La Tunisie, le FMI et l\u2019Iran\u2026 - Kapitalis\",\"isPartOf\":{\"@id\":\"https:\/\/kapitalis.com\/tunisie\/#website\"},\"primaryImageOfPage\":{\"@id\":\"https:\/\/kapitalis.com\/tunisie\/2021\/11\/10\/la-tunisie-le-fmi-et-liran\/#primaryimage\"},\"image\":{\"@id\":\"https:\/\/kapitalis.com\/tunisie\/2021\/11\/10\/la-tunisie-le-fmi-et-liran\/#primaryimage\"},\"thumbnailUrl\":\"\",\"datePublished\":\"2021-11-10T12:06:42+00:00\",\"dateModified\":\"2021-11-10T12:09:44+00:00\",\"breadcrumb\":{\"@id\":\"https:\/\/kapitalis.com\/tunisie\/2021\/11\/10\/la-tunisie-le-fmi-et-liran\/#breadcrumb\"},\"inLanguage\":\"fr-FR\",\"potentialAction\":[{\"@type\":\"ReadAction\",\"target\":[\"https:\/\/kapitalis.com\/tunisie\/2021\/11\/10\/la-tunisie-le-fmi-et-liran\/\"]}]},{\"@type\":\"ImageObject\",\"inLanguage\":\"fr-FR\",\"@id\":\"https:\/\/kapitalis.com\/tunisie\/2021\/11\/10\/la-tunisie-le-fmi-et-liran\/#primaryimage\",\"url\":\"\",\"contentUrl\":\"\"},{\"@type\":\"BreadcrumbList\",\"@id\":\"https:\/\/kapitalis.com\/tunisie\/2021\/11\/10\/la-tunisie-le-fmi-et-liran\/#breadcrumb\",\"itemListElement\":[{\"@type\":\"ListItem\",\"position\":1,\"name\":\"Accueil\",\"item\":\"https:\/\/kapitalis.com\/tunisie\/\"},{\"@type\":\"ListItem\",\"position\":2,\"name\":\"La Tunisie, le FMI et l\u2019Iran\u2026\"}]},{\"@type\":\"WebSite\",\"@id\":\"https:\/\/kapitalis.com\/tunisie\/#website\",\"url\":\"https:\/\/kapitalis.com\/tunisie\/\",\"name\":\"Kapitalis\",\"description\":\"L&#039;actualit\u00e9 en Tunisie et dans le monde\",\"publisher\":{\"@id\":\"https:\/\/kapitalis.com\/tunisie\/#organization\"},\"potentialAction\":[{\"@type\":\"SearchAction\",\"target\":{\"@type\":\"EntryPoint\",\"urlTemplate\":\"https:\/\/kapitalis.com\/tunisie\/?s={search_term_string}\"},\"query-input\":{\"@type\":\"PropertyValueSpecification\",\"valueRequired\":true,\"valueName\":\"search_term_string\"}}],\"inLanguage\":\"fr-FR\"},{\"@type\":\"Organization\",\"@id\":\"https:\/\/kapitalis.com\/tunisie\/#organization\",\"name\":\"Kapitalis\",\"url\":\"https:\/\/kapitalis.com\/tunisie\/\",\"logo\":{\"@type\":\"ImageObject\",\"inLanguage\":\"fr-FR\",\"@id\":\"https:\/\/kapitalis.com\/tunisie\/#\/schema\/logo\/image\/\",\"url\":\"https:\/\/kapitalis.com\/tunisie\/wp-content\/uploads\/2022\/05\/Kapitalis-big-size.png\",\"contentUrl\":\"https:\/\/kapitalis.com\/tunisie\/wp-content\/uploads\/2022\/05\/Kapitalis-big-size.png\",\"width\":5000,\"height\":1500,\"caption\":\"Kapitalis\"},\"image\":{\"@id\":\"https:\/\/kapitalis.com\/tunisie\/#\/schema\/logo\/image\/\"},\"sameAs\":[\"https:\/\/www.facebook.com\/KapitalisInfo\/\",\"https:\/\/x.com\/KapitalisInfo\",\"https:\/\/www.youtube.com\/channel\/UC-yDYrHyfFBWWZaOw3FPg9Q\"]},{\"@type\":\"Person\",\"@id\":\"https:\/\/kapitalis.com\/tunisie\/#\/schema\/person\/d71f33a9ca44f7bad4698210b480c8e9\",\"name\":\"webmaster kapitalis\",\"url\":\"https:\/\/kapitalis.com\/tunisie\/author\/webmaster-kapitalis\/\"}]}<\/script>\n<!-- \/ Yoast SEO plugin. -->","yoast_head_json":{"title":"La Tunisie, le FMI et l\u2019Iran\u2026 - Kapitalis","robots":{"index":"index","follow":"follow","max-snippet":"max-snippet:-1","max-image-preview":"max-image-preview:large","max-video-preview":"max-video-preview:-1"},"canonical":"https:\/\/kapitalis.com\/tunisie\/2021\/11\/10\/la-tunisie-le-fmi-et-liran\/","og_locale":"fr_FR","og_type":"article","og_title":"La Tunisie, le FMI et l\u2019Iran\u2026 - Kapitalis","og_description":"Dans cette r\u00e9ponse \u00e0 l&rsquo;article \u00abTunisie-FMI: Hossein Hosseini, cet Iranien ne me repr\u00e9sente pas\u00bb, de Moktar Lamari publi\u00e9 dans Kapitalis le 8 novembre 2021, l&rsquo;auteur pr\u00e9cise que ledit expert iranien intervient aux c\u00f4t\u00e9s de la Tunisie au sein du FMI en sa qualit\u00e9 d&rsquo;administrateur repr\u00e9sentant de les 8 pays membres de son groupe y compris...","og_url":"https:\/\/kapitalis.com\/tunisie\/2021\/11\/10\/la-tunisie-le-fmi-et-liran\/","og_site_name":"Kapitalis","article_publisher":"https:\/\/www.facebook.com\/KapitalisInfo\/","article_published_time":"2021-11-10T12:06:42+00:00","article_modified_time":"2021-11-10T12:09:44+00:00","og_image":[{"width":1200,"height":630,"url":"https:\/\/kapitalis.com\/tunisie\/wp-content\/uploads\/2022\/05\/kapitalis-logo-fb.png","type":"image\/png"}],"author":"webmaster kapitalis","twitter_card":"summary_large_image","twitter_creator":"@KapitalisInfo","twitter_site":"@KapitalisInfo","twitter_misc":{"\u00c9crit par":"webmaster kapitalis","Dur\u00e9e de lecture estim\u00e9e":"2 minutes"},"schema":{"@context":"https:\/\/schema.org","@graph":[{"@type":"Article","@id":"https:\/\/kapitalis.com\/tunisie\/2021\/11\/10\/la-tunisie-le-fmi-et-liran\/#article","isPartOf":{"@id":"https:\/\/kapitalis.com\/tunisie\/2021\/11\/10\/la-tunisie-le-fmi-et-liran\/"},"author":{"name":"webmaster kapitalis","@id":"https:\/\/kapitalis.com\/tunisie\/#\/schema\/person\/d71f33a9ca44f7bad4698210b480c8e9"},"headline":"La Tunisie, le FMI et l\u2019Iran\u2026","datePublished":"2021-11-10T12:06:42+00:00","dateModified":"2021-11-10T12:09:44+00:00","mainEntityOfPage":{"@id":"https:\/\/kapitalis.com\/tunisie\/2021\/11\/10\/la-tunisie-le-fmi-et-liran\/"},"wordCount":352,"commentCount":0,"publisher":{"@id":"https:\/\/kapitalis.com\/tunisie\/#organization"},"image":{"@id":"https:\/\/kapitalis.com\/tunisie\/2021\/11\/10\/la-tunisie-le-fmi-et-liran\/#primaryimage"},"thumbnailUrl":"","keywords":["FMI","Hossein Hosseini","Iran","Moktar Lamari","Samir Gharbi","Tunisie"],"articleSection":["A LA UNE","ECONOMIE","TRIBUNE","Tunisie"],"inLanguage":"fr-FR","potentialAction":[{"@type":"CommentAction","name":"Comment","target":["https:\/\/kapitalis.com\/tunisie\/2021\/11\/10\/la-tunisie-le-fmi-et-liran\/#respond"]}]},{"@type":"WebPage","@id":"https:\/\/kapitalis.com\/tunisie\/2021\/11\/10\/la-tunisie-le-fmi-et-liran\/","url":"https:\/\/kapitalis.com\/tunisie\/2021\/11\/10\/la-tunisie-le-fmi-et-liran\/","name":"La Tunisie, le FMI et l\u2019Iran\u2026 - Kapitalis","isPartOf":{"@id":"https:\/\/kapitalis.com\/tunisie\/#website"},"primaryImageOfPage":{"@id":"https:\/\/kapitalis.com\/tunisie\/2021\/11\/10\/la-tunisie-le-fmi-et-liran\/#primaryimage"},"image":{"@id":"https:\/\/kapitalis.com\/tunisie\/2021\/11\/10\/la-tunisie-le-fmi-et-liran\/#primaryimage"},"thumbnailUrl":"","datePublished":"2021-11-10T12:06:42+00:00","dateModified":"2021-11-10T12:09:44+00:00","breadcrumb":{"@id":"https:\/\/kapitalis.com\/tunisie\/2021\/11\/10\/la-tunisie-le-fmi-et-liran\/#breadcrumb"},"inLanguage":"fr-FR","potentialAction":[{"@type":"ReadAction","target":["https:\/\/kapitalis.com\/tunisie\/2021\/11\/10\/la-tunisie-le-fmi-et-liran\/"]}]},{"@type":"ImageObject","inLanguage":"fr-FR","@id":"https:\/\/kapitalis.com\/tunisie\/2021\/11\/10\/la-tunisie-le-fmi-et-liran\/#primaryimage","url":"","contentUrl":""},{"@type":"BreadcrumbList","@id":"https:\/\/kapitalis.com\/tunisie\/2021\/11\/10\/la-tunisie-le-fmi-et-liran\/#breadcrumb","itemListElement":[{"@type":"ListItem","position":1,"name":"Accueil","item":"https:\/\/kapitalis.com\/tunisie\/"},{"@type":"ListItem","position":2,"name":"La Tunisie, le FMI et l\u2019Iran\u2026"}]},{"@type":"WebSite","@id":"https:\/\/kapitalis.com\/tunisie\/#website","url":"https:\/\/kapitalis.com\/tunisie\/","name":"Kapitalis","description":"L&#039;actualit\u00e9 en Tunisie et dans le monde","publisher":{"@id":"https:\/\/kapitalis.com\/tunisie\/#organization"},"potentialAction":[{"@type":"SearchAction","target":{"@type":"EntryPoint","urlTemplate":"https:\/\/kapitalis.com\/tunisie\/?s={search_term_string}"},"query-input":{"@type":"PropertyValueSpecification","valueRequired":true,"valueName":"search_term_string"}}],"inLanguage":"fr-FR"},{"@type":"Organization","@id":"https:\/\/kapitalis.com\/tunisie\/#organization","name":"Kapitalis","url":"https:\/\/kapitalis.com\/tunisie\/","logo":{"@type":"ImageObject","inLanguage":"fr-FR","@id":"https:\/\/kapitalis.com\/tunisie\/#\/schema\/logo\/image\/","url":"https:\/\/kapitalis.com\/tunisie\/wp-content\/uploads\/2022\/05\/Kapitalis-big-size.png","contentUrl":"https:\/\/kapitalis.com\/tunisie\/wp-content\/uploads\/2022\/05\/Kapitalis-big-size.png","width":5000,"height":1500,"caption":"Kapitalis"},"image":{"@id":"https:\/\/kapitalis.com\/tunisie\/#\/schema\/logo\/image\/"},"sameAs":["https:\/\/www.facebook.com\/KapitalisInfo\/","https:\/\/x.com\/KapitalisInfo","https:\/\/www.youtube.com\/channel\/UC-yDYrHyfFBWWZaOw3FPg9Q"]},{"@type":"Person","@id":"https:\/\/kapitalis.com\/tunisie\/#\/schema\/person\/d71f33a9ca44f7bad4698210b480c8e9","name":"webmaster kapitalis","url":"https:\/\/kapitalis.com\/tunisie\/author\/webmaster-kapitalis\/"}]}},"_links":{"self":[{"href":"https:\/\/kapitalis.com\/tunisie\/wp-json\/wp\/v2\/posts\/369358","targetHints":{"allow":["GET"]}}],"collection":[{"href":"https:\/\/kapitalis.com\/tunisie\/wp-json\/wp\/v2\/posts"}],"about":[{"href":"https:\/\/kapitalis.com\/tunisie\/wp-json\/wp\/v2\/types\/post"}],"author":[{"embeddable":true,"href":"https:\/\/kapitalis.com\/tunisie\/wp-json\/wp\/v2\/users\/8"}],"replies":[{"embeddable":true,"href":"https:\/\/kapitalis.com\/tunisie\/wp-json\/wp\/v2\/comments?post=369358"}],"version-history":[{"count":0,"href":"https:\/\/kapitalis.com\/tunisie\/wp-json\/wp\/v2\/posts\/369358\/revisions"}],"wp:featuredmedia":[{"embeddable":true,"href":"https:\/\/kapitalis.com\/tunisie\/wp-json\/wp\/v2\/media\/369359"}],"wp:attachment":[{"href":"https:\/\/kapitalis.com\/tunisie\/wp-json\/wp\/v2\/media?parent=369358"}],"wp:term":[{"taxonomy":"category","embeddable":true,"href":"https:\/\/kapitalis.com\/tunisie\/wp-json\/wp\/v2\/categories?post=369358"},{"taxonomy":"post_tag","embeddable":true,"href":"https:\/\/kapitalis.com\/tunisie\/wp-json\/wp\/v2\/tags?post=369358"}],"curies":[{"name":"wp","href":"https:\/\/api.w.org\/{rel}","templated":true}]}}