{"id":369411,"date":"2021-11-10T17:17:15","date_gmt":"2021-11-10T16:17:15","guid":{"rendered":"http:\/\/kapitalis.com\/tunisie\/?p=369411"},"modified":"2021-11-10T17:19:46","modified_gmt":"2021-11-10T16:19:46","slug":"hopital-militaire-de-tunis-le-ministre-de-la-sante-au-chevet-de-lenseignant-sahbi-ben-slama","status":"publish","type":"post","link":"https:\/\/kapitalis.com\/tunisie\/2021\/11\/10\/hopital-militaire-de-tunis-le-ministre-de-la-sante-au-chevet-de-lenseignant-sahbi-ben-slama\/","title":{"rendered":"H\u00f4pital militaire de Tunis : Le ministre de la Sant\u00e9 au chevet de l&rsquo;enseignant Sahbi Ben Slama"},"content":{"rendered":"\n<div class=\"wp-block-image\"><figure class=\"aligncenter size-full\"><img decoding=\"async\" src=\"http:\/\/kapitalis.com\/tunisie\/wp-content\/uploads\/2021\/11\/Ensignant-Ben-Slama-Ministre-Sante-Mrabet.jpg\" alt=\"\" class=\"wp-image-369415\"\/><\/figure><\/div>\n\n\n\n<p><strong><em>Le ministre de la Sant\u00e9 Ali Mrabet s&rsquo;est rendu ce mercredi 10 novembre 2021, \u00e0 l&rsquo;h\u00f4pital militaire de Tunis pour s&rsquo;enqu\u00e9rir de l&rsquo;\u00e9tat de  Sahbi Ben Slama, l&rsquo;enseignant agress\u00e9 \u00e0 l&rsquo;arme blanche par un \u00e9l\u00e8ve, avant-hier, au lyc\u00e9e Ibn Rachik \u00e0 Ezzahra.<\/em> <\/strong><\/p>\n\n\n\n<!--more-->\n\n\n\n<p>Le minist\u00e8re de la Sant\u00e9 a exprim\u00e9 sa gratitude au staff m\u00e9dical ayant pris en charge l\u2019enseignant, dont l&rsquo;\u00e9tat s&rsquo;est am\u00e9lior\u00e9 : \u00ab<em>Sahbi Ben Slama a remerci\u00e9 \u00e0 son tour le personnel m\u00e9dical et param\u00e9dical pour leurs efforts\u00bb<\/em>, lit-on dans le communiqu\u00e9.<\/p>\n\n\n\n<p>Ali Mrabet a de nouveau exprim\u00e9 sa solidarit\u00e9 avec l\u2019enseignant, sa famille et tout le corps \u00e9ducatif, tout en soulignant<em> \u00abl\u2019importance du r\u00f4le des enseignants et en les remerciant pour tout ce qu&rsquo;ils apportent et tous les efforts qu&rsquo;ils fournissent pour assurer au mieux leurs t\u00e2ches au quotidien, dans le but de former les g\u00e9n\u00e9rations futures\u00bb<\/em>.<\/p>\n\n\n\n<p>Notons que Sahbi Ben Slama a subi plusieurs op\u00e9rations \u00e0 la clinique EL*Walid \u00e0 Ezzahra, o\u00f9 il avait \u00e9t\u00e9 transport\u00e9 en urgence, souffrant de diff\u00e9rentes blessures, \u00e0 la t\u00eate, au visage et aux bras, apr\u00e8s avoir \u00e9t\u00e9 violemment agress\u00e9 au couteau et au couperet par un de ses \u00e9l\u00e8ves, en pleine salle de classe.<\/p>\n\n\n\n<p>Quant \u00e0 l&rsquo;\u00e9l\u00e8ve, de 17 ans, il a fait l&rsquo;objet d&rsquo;un mandat de d\u00e9p\u00f4t et a \u00e9t\u00e9 plac\u00e9 en d\u00e9tention dans un centre pour mineurs.<\/p>\n\n\n\n<p class=\"has-text-align-right\"><strong>Y. N.<\/strong><\/p>\n\n\n\n<figure class=\"wp-block-embed is-type-wp-embed is-provider-kapitalis wp-block-embed-kapitalis\"><div class=\"wp-block-embed__wrapper\">\n<blockquote class=\"wp-embedded-content\" data-secret=\"odRuLFZnRy\"><a href=\"https:\/\/kapitalis.com\/tunisie\/2021\/11\/09\/le-drame-du-lycee-dezzahra-confirme-les-maux-dune-jeunesse-desorientee\/\">Le drame du lyc\u00e9e d&rsquo;Ezzahra confirme les maux d&rsquo;une jeunesse d\u00e9sorient\u00e9e<\/a><\/blockquote><iframe loading=\"lazy\" class=\"wp-embedded-content\" sandbox=\"allow-scripts\" security=\"restricted\" style=\"position: absolute; clip: rect(1px, 1px, 1px, 1px);\" title=\"\u00ab\u00a0Le drame du lyc\u00e9e d&rsquo;Ezzahra confirme les maux d&rsquo;une jeunesse d\u00e9sorient\u00e9e\u00a0\u00bb &#8212; Kapitalis\" src=\"https:\/\/kapitalis.com\/tunisie\/2021\/11\/09\/le-drame-du-lycee-dezzahra-confirme-les-maux-dune-jeunesse-desorientee\/embed\/#?secret=Z8EbOg4vRr#?secret=odRuLFZnRy\" data-secret=\"odRuLFZnRy\" width=\"600\" height=\"338\" frameborder=\"0\" marginwidth=\"0\" marginheight=\"0\" scrolling=\"no\"><\/iframe>\n<\/div><\/figure>\n\n\n\n<figure class=\"wp-block-embed is-type-wp-embed is-provider-kapitalis wp-block-embed-kapitalis\"><div class=\"wp-block-embed__wrapper\">\n<blockquote class=\"wp-embedded-content\" data-secret=\"5OCKMMwIeI\"><a href=\"https:\/\/kapitalis.com\/tunisie\/2021\/11\/08\/lycee-ibn-rachik-a-ezzahra-un-eleve-agresse-un-enseignant-a-larme-blanche\/\">Lyc\u00e9e Ibn Rachik \u00e0 Ezzahra : Un \u00e9l\u00e8ve agresse un enseignant \u00e0 l&rsquo;arme blanche !<\/a><\/blockquote><iframe loading=\"lazy\" class=\"wp-embedded-content\" sandbox=\"allow-scripts\" security=\"restricted\" style=\"position: absolute; clip: rect(1px, 1px, 1px, 1px);\" title=\"\u00ab\u00a0Lyc\u00e9e Ibn Rachik \u00e0 Ezzahra : Un \u00e9l\u00e8ve agresse un enseignant \u00e0 l&rsquo;arme blanche !\u00a0\u00bb &#8212; Kapitalis\" src=\"https:\/\/kapitalis.com\/tunisie\/2021\/11\/08\/lycee-ibn-rachik-a-ezzahra-un-eleve-agresse-un-enseignant-a-larme-blanche\/embed\/#?secret=mbQS31UxNU#?secret=5OCKMMwIeI\" data-secret=\"5OCKMMwIeI\" width=\"600\" height=\"338\" frameborder=\"0\" marginwidth=\"0\" marginheight=\"0\" scrolling=\"no\"><\/iframe>\n<\/div><\/figure>\n","protected":false},"excerpt":{"rendered":"<p>Le ministre de la Sant\u00e9 Ali Mrabet s&rsquo;est rendu ce mercredi 10 novembre 2021, \u00e0 l&rsquo;h\u00f4pital militaire de Tunis pour s&rsquo;enqu\u00e9rir de l&rsquo;\u00e9tat de Sahbi Ben Slama, l&rsquo;enseignant agress\u00e9 \u00e0 l&rsquo;arme blanche par un \u00e9l\u00e8ve, avant-hier, au lyc\u00e9e Ibn Rachik \u00e0 Ezzahra.<\/p>\n","protected":false},"author":6,"featured_media":369415,"comment_status":"open","ping_status":"open","sticky":false,"template":"","format":"standard","meta":{"footnotes":""},"categories":[998,2433],"tags":[92489,314,3526,561,618,94787,62643],"class_list":["post-369411","post","type-post","status-publish","format-standard","has-post-thumbnail","hentry","category-societe","category-tunisie","tag-ali-mrabet","tag-eleve","tag-ezzahra","tag-lycee","tag-ministere-sante","tag-sahbi-ben-slama","tag-tunisie"],"yoast_head":"<!-- This site is optimized with the Yoast SEO plugin v26.6 - https:\/\/yoast.com\/wordpress\/plugins\/seo\/ -->\n<title>H\u00f4pital militaire de Tunis : Le ministre de la Sant\u00e9 au chevet de l&#039;enseignant Sahbi Ben Slama - Kapitalis<\/title>\n<meta name=\"robots\" content=\"index, follow, max-snippet:-1, max-image-preview:large, max-video-preview:-1\" \/>\n<link rel=\"canonical\" href=\"https:\/\/kapitalis.com\/tunisie\/2021\/11\/10\/hopital-militaire-de-tunis-le-ministre-de-la-sante-au-chevet-de-lenseignant-sahbi-ben-slama\/\" \/>\n<meta property=\"og:locale\" content=\"fr_FR\" \/>\n<meta property=\"og:type\" content=\"article\" \/>\n<meta property=\"og:title\" content=\"H\u00f4pital militaire de Tunis : Le ministre de la Sant\u00e9 au chevet de l&#039;enseignant Sahbi Ben Slama - Kapitalis\" \/>\n<meta property=\"og:description\" content=\"Le ministre de la Sant\u00e9 Ali Mrabet s&rsquo;est rendu ce mercredi 10 novembre 2021, \u00e0 l&rsquo;h\u00f4pital militaire de Tunis pour s&rsquo;enqu\u00e9rir de l&rsquo;\u00e9tat de Sahbi Ben Slama, l&rsquo;enseignant agress\u00e9 \u00e0 l&rsquo;arme blanche par un \u00e9l\u00e8ve, avant-hier, au lyc\u00e9e Ibn Rachik \u00e0 Ezzahra.\" \/>\n<meta property=\"og:url\" content=\"https:\/\/kapitalis.com\/tunisie\/2021\/11\/10\/hopital-militaire-de-tunis-le-ministre-de-la-sante-au-chevet-de-lenseignant-sahbi-ben-slama\/\" \/>\n<meta property=\"og:site_name\" content=\"Kapitalis\" \/>\n<meta property=\"article:publisher\" content=\"https:\/\/www.facebook.com\/KapitalisInfo\/\" \/>\n<meta property=\"article:published_time\" content=\"2021-11-10T16:17:15+00:00\" \/>\n<meta property=\"article:modified_time\" content=\"2021-11-10T16:19:46+00:00\" \/>\n<meta property=\"og:image\" content=\"https:\/\/kapitalis.com\/tunisie\/wp-content\/uploads\/2022\/05\/kapitalis-logo-fb.png\" \/>\n\t<meta property=\"og:image:width\" content=\"1200\" \/>\n\t<meta property=\"og:image:height\" content=\"630\" \/>\n\t<meta property=\"og:image:type\" content=\"image\/png\" \/>\n<meta name=\"author\" content=\"Yusra NY\" \/>\n<meta name=\"twitter:card\" content=\"summary_large_image\" \/>\n<meta name=\"twitter:creator\" content=\"@KapitalisInfo\" \/>\n<meta name=\"twitter:site\" content=\"@KapitalisInfo\" \/>\n<meta name=\"twitter:label1\" content=\"\u00c9crit par\" \/>\n\t<meta name=\"twitter:data1\" content=\"Yusra NY\" \/>\n\t<meta name=\"twitter:label2\" content=\"Dur\u00e9e de lecture estim\u00e9e\" \/>\n\t<meta name=\"twitter:data2\" content=\"1 minute\" \/>\n<script type=\"application\/ld+json\" class=\"yoast-schema-graph\">{\"@context\":\"https:\/\/schema.org\",\"@graph\":[{\"@type\":\"Article\",\"@id\":\"https:\/\/kapitalis.com\/tunisie\/2021\/11\/10\/hopital-militaire-de-tunis-le-ministre-de-la-sante-au-chevet-de-lenseignant-sahbi-ben-slama\/#article\",\"isPartOf\":{\"@id\":\"https:\/\/kapitalis.com\/tunisie\/2021\/11\/10\/hopital-militaire-de-tunis-le-ministre-de-la-sante-au-chevet-de-lenseignant-sahbi-ben-slama\/\"},\"author\":{\"name\":\"Yusra NY\",\"@id\":\"https:\/\/kapitalis.com\/tunisie\/#\/schema\/person\/74bbde0154d49d790a92aaeac5bc01d5\"},\"headline\":\"H\u00f4pital militaire de Tunis : Le ministre de la Sant\u00e9 au chevet de l&rsquo;enseignant Sahbi Ben Slama\",\"datePublished\":\"2021-11-10T16:17:15+00:00\",\"dateModified\":\"2021-11-10T16:19:46+00:00\",\"mainEntityOfPage\":{\"@id\":\"https:\/\/kapitalis.com\/tunisie\/2021\/11\/10\/hopital-militaire-de-tunis-le-ministre-de-la-sante-au-chevet-de-lenseignant-sahbi-ben-slama\/\"},\"wordCount\":265,\"commentCount\":0,\"publisher\":{\"@id\":\"https:\/\/kapitalis.com\/tunisie\/#organization\"},\"image\":{\"@id\":\"https:\/\/kapitalis.com\/tunisie\/2021\/11\/10\/hopital-militaire-de-tunis-le-ministre-de-la-sante-au-chevet-de-lenseignant-sahbi-ben-slama\/#primaryimage\"},\"thumbnailUrl\":\"\",\"keywords\":[\"Ali Mrabet\",\"\u00e9l\u00e8ve\",\"Ezzahra\",\"lyc\u00e9e\",\"minist\u00e8re Sant\u00e9\",\"Sahbi Ben Slama\",\"Tunisie\"],\"articleSection\":[\"SOCIETE\",\"Tunisie\"],\"inLanguage\":\"fr-FR\",\"potentialAction\":[{\"@type\":\"CommentAction\",\"name\":\"Comment\",\"target\":[\"https:\/\/kapitalis.com\/tunisie\/2021\/11\/10\/hopital-militaire-de-tunis-le-ministre-de-la-sante-au-chevet-de-lenseignant-sahbi-ben-slama\/#respond\"]}]},{\"@type\":\"WebPage\",\"@id\":\"https:\/\/kapitalis.com\/tunisie\/2021\/11\/10\/hopital-militaire-de-tunis-le-ministre-de-la-sante-au-chevet-de-lenseignant-sahbi-ben-slama\/\",\"url\":\"https:\/\/kapitalis.com\/tunisie\/2021\/11\/10\/hopital-militaire-de-tunis-le-ministre-de-la-sante-au-chevet-de-lenseignant-sahbi-ben-slama\/\",\"name\":\"H\u00f4pital militaire de Tunis : Le ministre de la Sant\u00e9 au chevet de l'enseignant Sahbi Ben Slama - Kapitalis\",\"isPartOf\":{\"@id\":\"https:\/\/kapitalis.com\/tunisie\/#website\"},\"primaryImageOfPage\":{\"@id\":\"https:\/\/kapitalis.com\/tunisie\/2021\/11\/10\/hopital-militaire-de-tunis-le-ministre-de-la-sante-au-chevet-de-lenseignant-sahbi-ben-slama\/#primaryimage\"},\"image\":{\"@id\":\"https:\/\/kapitalis.com\/tunisie\/2021\/11\/10\/hopital-militaire-de-tunis-le-ministre-de-la-sante-au-chevet-de-lenseignant-sahbi-ben-slama\/#primaryimage\"},\"thumbnailUrl\":\"\",\"datePublished\":\"2021-11-10T16:17:15+00:00\",\"dateModified\":\"2021-11-10T16:19:46+00:00\",\"breadcrumb\":{\"@id\":\"https:\/\/kapitalis.com\/tunisie\/2021\/11\/10\/hopital-militaire-de-tunis-le-ministre-de-la-sante-au-chevet-de-lenseignant-sahbi-ben-slama\/#breadcrumb\"},\"inLanguage\":\"fr-FR\",\"potentialAction\":[{\"@type\":\"ReadAction\",\"target\":[\"https:\/\/kapitalis.com\/tunisie\/2021\/11\/10\/hopital-militaire-de-tunis-le-ministre-de-la-sante-au-chevet-de-lenseignant-sahbi-ben-slama\/\"]}]},{\"@type\":\"ImageObject\",\"inLanguage\":\"fr-FR\",\"@id\":\"https:\/\/kapitalis.com\/tunisie\/2021\/11\/10\/hopital-militaire-de-tunis-le-ministre-de-la-sante-au-chevet-de-lenseignant-sahbi-ben-slama\/#primaryimage\",\"url\":\"\",\"contentUrl\":\"\"},{\"@type\":\"BreadcrumbList\",\"@id\":\"https:\/\/kapitalis.com\/tunisie\/2021\/11\/10\/hopital-militaire-de-tunis-le-ministre-de-la-sante-au-chevet-de-lenseignant-sahbi-ben-slama\/#breadcrumb\",\"itemListElement\":[{\"@type\":\"ListItem\",\"position\":1,\"name\":\"Accueil\",\"item\":\"https:\/\/kapitalis.com\/tunisie\/\"},{\"@type\":\"ListItem\",\"position\":2,\"name\":\"H\u00f4pital militaire de Tunis : Le ministre de la Sant\u00e9 au chevet de l&rsquo;enseignant Sahbi Ben Slama\"}]},{\"@type\":\"WebSite\",\"@id\":\"https:\/\/kapitalis.com\/tunisie\/#website\",\"url\":\"https:\/\/kapitalis.com\/tunisie\/\",\"name\":\"Kapitalis\",\"description\":\"L&#039;actualit\u00e9 en Tunisie et dans le monde\",\"publisher\":{\"@id\":\"https:\/\/kapitalis.com\/tunisie\/#organization\"},\"potentialAction\":[{\"@type\":\"SearchAction\",\"target\":{\"@type\":\"EntryPoint\",\"urlTemplate\":\"https:\/\/kapitalis.com\/tunisie\/?s={search_term_string}\"},\"query-input\":{\"@type\":\"PropertyValueSpecification\",\"valueRequired\":true,\"valueName\":\"search_term_string\"}}],\"inLanguage\":\"fr-FR\"},{\"@type\":\"Organization\",\"@id\":\"https:\/\/kapitalis.com\/tunisie\/#organization\",\"name\":\"Kapitalis\",\"url\":\"https:\/\/kapitalis.com\/tunisie\/\",\"logo\":{\"@type\":\"ImageObject\",\"inLanguage\":\"fr-FR\",\"@id\":\"https:\/\/kapitalis.com\/tunisie\/#\/schema\/logo\/image\/\",\"url\":\"https:\/\/kapitalis.com\/tunisie\/wp-content\/uploads\/2022\/05\/Kapitalis-big-size.png\",\"contentUrl\":\"https:\/\/kapitalis.com\/tunisie\/wp-content\/uploads\/2022\/05\/Kapitalis-big-size.png\",\"width\":5000,\"height\":1500,\"caption\":\"Kapitalis\"},\"image\":{\"@id\":\"https:\/\/kapitalis.com\/tunisie\/#\/schema\/logo\/image\/\"},\"sameAs\":[\"https:\/\/www.facebook.com\/KapitalisInfo\/\",\"https:\/\/x.com\/KapitalisInfo\",\"https:\/\/www.youtube.com\/channel\/UC-yDYrHyfFBWWZaOw3FPg9Q\"]},{\"@type\":\"Person\",\"@id\":\"https:\/\/kapitalis.com\/tunisie\/#\/schema\/person\/74bbde0154d49d790a92aaeac5bc01d5\",\"name\":\"Yusra NY\",\"url\":\"https:\/\/kapitalis.com\/tunisie\/author\/yuza_adam\/\"}]}<\/script>\n<!-- \/ Yoast SEO plugin. -->","yoast_head_json":{"title":"H\u00f4pital militaire de Tunis : Le ministre de la Sant\u00e9 au chevet de l'enseignant Sahbi Ben Slama - Kapitalis","robots":{"index":"index","follow":"follow","max-snippet":"max-snippet:-1","max-image-preview":"max-image-preview:large","max-video-preview":"max-video-preview:-1"},"canonical":"https:\/\/kapitalis.com\/tunisie\/2021\/11\/10\/hopital-militaire-de-tunis-le-ministre-de-la-sante-au-chevet-de-lenseignant-sahbi-ben-slama\/","og_locale":"fr_FR","og_type":"article","og_title":"H\u00f4pital militaire de Tunis : Le ministre de la Sant\u00e9 au chevet de l'enseignant Sahbi Ben Slama - Kapitalis","og_description":"Le ministre de la Sant\u00e9 Ali Mrabet s&rsquo;est rendu ce mercredi 10 novembre 2021, \u00e0 l&rsquo;h\u00f4pital militaire de Tunis pour s&rsquo;enqu\u00e9rir de l&rsquo;\u00e9tat de Sahbi Ben Slama, l&rsquo;enseignant agress\u00e9 \u00e0 l&rsquo;arme blanche par un \u00e9l\u00e8ve, avant-hier, au lyc\u00e9e Ibn Rachik \u00e0 Ezzahra.","og_url":"https:\/\/kapitalis.com\/tunisie\/2021\/11\/10\/hopital-militaire-de-tunis-le-ministre-de-la-sante-au-chevet-de-lenseignant-sahbi-ben-slama\/","og_site_name":"Kapitalis","article_publisher":"https:\/\/www.facebook.com\/KapitalisInfo\/","article_published_time":"2021-11-10T16:17:15+00:00","article_modified_time":"2021-11-10T16:19:46+00:00","og_image":[{"width":1200,"height":630,"url":"https:\/\/kapitalis.com\/tunisie\/wp-content\/uploads\/2022\/05\/kapitalis-logo-fb.png","type":"image\/png"}],"author":"Yusra NY","twitter_card":"summary_large_image","twitter_creator":"@KapitalisInfo","twitter_site":"@KapitalisInfo","twitter_misc":{"\u00c9crit par":"Yusra NY","Dur\u00e9e de lecture estim\u00e9e":"1 minute"},"schema":{"@context":"https:\/\/schema.org","@graph":[{"@type":"Article","@id":"https:\/\/kapitalis.com\/tunisie\/2021\/11\/10\/hopital-militaire-de-tunis-le-ministre-de-la-sante-au-chevet-de-lenseignant-sahbi-ben-slama\/#article","isPartOf":{"@id":"https:\/\/kapitalis.com\/tunisie\/2021\/11\/10\/hopital-militaire-de-tunis-le-ministre-de-la-sante-au-chevet-de-lenseignant-sahbi-ben-slama\/"},"author":{"name":"Yusra NY","@id":"https:\/\/kapitalis.com\/tunisie\/#\/schema\/person\/74bbde0154d49d790a92aaeac5bc01d5"},"headline":"H\u00f4pital militaire de Tunis : Le ministre de la Sant\u00e9 au chevet de l&rsquo;enseignant Sahbi Ben Slama","datePublished":"2021-11-10T16:17:15+00:00","dateModified":"2021-11-10T16:19:46+00:00","mainEntityOfPage":{"@id":"https:\/\/kapitalis.com\/tunisie\/2021\/11\/10\/hopital-militaire-de-tunis-le-ministre-de-la-sante-au-chevet-de-lenseignant-sahbi-ben-slama\/"},"wordCount":265,"commentCount":0,"publisher":{"@id":"https:\/\/kapitalis.com\/tunisie\/#organization"},"image":{"@id":"https:\/\/kapitalis.com\/tunisie\/2021\/11\/10\/hopital-militaire-de-tunis-le-ministre-de-la-sante-au-chevet-de-lenseignant-sahbi-ben-slama\/#primaryimage"},"thumbnailUrl":"","keywords":["Ali Mrabet","\u00e9l\u00e8ve","Ezzahra","lyc\u00e9e","minist\u00e8re Sant\u00e9","Sahbi Ben Slama","Tunisie"],"articleSection":["SOCIETE","Tunisie"],"inLanguage":"fr-FR","potentialAction":[{"@type":"CommentAction","name":"Comment","target":["https:\/\/kapitalis.com\/tunisie\/2021\/11\/10\/hopital-militaire-de-tunis-le-ministre-de-la-sante-au-chevet-de-lenseignant-sahbi-ben-slama\/#respond"]}]},{"@type":"WebPage","@id":"https:\/\/kapitalis.com\/tunisie\/2021\/11\/10\/hopital-militaire-de-tunis-le-ministre-de-la-sante-au-chevet-de-lenseignant-sahbi-ben-slama\/","url":"https:\/\/kapitalis.com\/tunisie\/2021\/11\/10\/hopital-militaire-de-tunis-le-ministre-de-la-sante-au-chevet-de-lenseignant-sahbi-ben-slama\/","name":"H\u00f4pital militaire de Tunis : Le ministre de la Sant\u00e9 au chevet de l'enseignant Sahbi Ben Slama - Kapitalis","isPartOf":{"@id":"https:\/\/kapitalis.com\/tunisie\/#website"},"primaryImageOfPage":{"@id":"https:\/\/kapitalis.com\/tunisie\/2021\/11\/10\/hopital-militaire-de-tunis-le-ministre-de-la-sante-au-chevet-de-lenseignant-sahbi-ben-slama\/#primaryimage"},"image":{"@id":"https:\/\/kapitalis.com\/tunisie\/2021\/11\/10\/hopital-militaire-de-tunis-le-ministre-de-la-sante-au-chevet-de-lenseignant-sahbi-ben-slama\/#primaryimage"},"thumbnailUrl":"","datePublished":"2021-11-10T16:17:15+00:00","dateModified":"2021-11-10T16:19:46+00:00","breadcrumb":{"@id":"https:\/\/kapitalis.com\/tunisie\/2021\/11\/10\/hopital-militaire-de-tunis-le-ministre-de-la-sante-au-chevet-de-lenseignant-sahbi-ben-slama\/#breadcrumb"},"inLanguage":"fr-FR","potentialAction":[{"@type":"ReadAction","target":["https:\/\/kapitalis.com\/tunisie\/2021\/11\/10\/hopital-militaire-de-tunis-le-ministre-de-la-sante-au-chevet-de-lenseignant-sahbi-ben-slama\/"]}]},{"@type":"ImageObject","inLanguage":"fr-FR","@id":"https:\/\/kapitalis.com\/tunisie\/2021\/11\/10\/hopital-militaire-de-tunis-le-ministre-de-la-sante-au-chevet-de-lenseignant-sahbi-ben-slama\/#primaryimage","url":"","contentUrl":""},{"@type":"BreadcrumbList","@id":"https:\/\/kapitalis.com\/tunisie\/2021\/11\/10\/hopital-militaire-de-tunis-le-ministre-de-la-sante-au-chevet-de-lenseignant-sahbi-ben-slama\/#breadcrumb","itemListElement":[{"@type":"ListItem","position":1,"name":"Accueil","item":"https:\/\/kapitalis.com\/tunisie\/"},{"@type":"ListItem","position":2,"name":"H\u00f4pital militaire de Tunis : Le ministre de la Sant\u00e9 au chevet de l&rsquo;enseignant Sahbi Ben Slama"}]},{"@type":"WebSite","@id":"https:\/\/kapitalis.com\/tunisie\/#website","url":"https:\/\/kapitalis.com\/tunisie\/","name":"Kapitalis","description":"L&#039;actualit\u00e9 en Tunisie et dans le monde","publisher":{"@id":"https:\/\/kapitalis.com\/tunisie\/#organization"},"potentialAction":[{"@type":"SearchAction","target":{"@type":"EntryPoint","urlTemplate":"https:\/\/kapitalis.com\/tunisie\/?s={search_term_string}"},"query-input":{"@type":"PropertyValueSpecification","valueRequired":true,"valueName":"search_term_string"}}],"inLanguage":"fr-FR"},{"@type":"Organization","@id":"https:\/\/kapitalis.com\/tunisie\/#organization","name":"Kapitalis","url":"https:\/\/kapitalis.com\/tunisie\/","logo":{"@type":"ImageObject","inLanguage":"fr-FR","@id":"https:\/\/kapitalis.com\/tunisie\/#\/schema\/logo\/image\/","url":"https:\/\/kapitalis.com\/tunisie\/wp-content\/uploads\/2022\/05\/Kapitalis-big-size.png","contentUrl":"https:\/\/kapitalis.com\/tunisie\/wp-content\/uploads\/2022\/05\/Kapitalis-big-size.png","width":5000,"height":1500,"caption":"Kapitalis"},"image":{"@id":"https:\/\/kapitalis.com\/tunisie\/#\/schema\/logo\/image\/"},"sameAs":["https:\/\/www.facebook.com\/KapitalisInfo\/","https:\/\/x.com\/KapitalisInfo","https:\/\/www.youtube.com\/channel\/UC-yDYrHyfFBWWZaOw3FPg9Q"]},{"@type":"Person","@id":"https:\/\/kapitalis.com\/tunisie\/#\/schema\/person\/74bbde0154d49d790a92aaeac5bc01d5","name":"Yusra NY","url":"https:\/\/kapitalis.com\/tunisie\/author\/yuza_adam\/"}]}},"_links":{"self":[{"href":"https:\/\/kapitalis.com\/tunisie\/wp-json\/wp\/v2\/posts\/369411","targetHints":{"allow":["GET"]}}],"collection":[{"href":"https:\/\/kapitalis.com\/tunisie\/wp-json\/wp\/v2\/posts"}],"about":[{"href":"https:\/\/kapitalis.com\/tunisie\/wp-json\/wp\/v2\/types\/post"}],"author":[{"embeddable":true,"href":"https:\/\/kapitalis.com\/tunisie\/wp-json\/wp\/v2\/users\/6"}],"replies":[{"embeddable":true,"href":"https:\/\/kapitalis.com\/tunisie\/wp-json\/wp\/v2\/comments?post=369411"}],"version-history":[{"count":0,"href":"https:\/\/kapitalis.com\/tunisie\/wp-json\/wp\/v2\/posts\/369411\/revisions"}],"wp:featuredmedia":[{"embeddable":true,"href":"https:\/\/kapitalis.com\/tunisie\/wp-json\/wp\/v2\/media\/369415"}],"wp:attachment":[{"href":"https:\/\/kapitalis.com\/tunisie\/wp-json\/wp\/v2\/media?parent=369411"}],"wp:term":[{"taxonomy":"category","embeddable":true,"href":"https:\/\/kapitalis.com\/tunisie\/wp-json\/wp\/v2\/categories?post=369411"},{"taxonomy":"post_tag","embeddable":true,"href":"https:\/\/kapitalis.com\/tunisie\/wp-json\/wp\/v2\/tags?post=369411"}],"curies":[{"name":"wp","href":"https:\/\/api.w.org\/{rel}","templated":true}]}}