{"id":36964,"date":"2016-01-27T19:09:27","date_gmt":"2016-01-27T18:09:27","guid":{"rendered":"http:\/\/kapitalis.com\/tunisie\/?p=36964"},"modified":"2016-01-27T19:14:35","modified_gmt":"2016-01-27T18:14:35","slug":"quest-devenu-fadhel-moussa","status":"publish","type":"post","link":"https:\/\/kapitalis.com\/tunisie\/2016\/01\/27\/quest-devenu-fadhel-moussa\/","title":{"rendered":"Qu&rsquo;est devenu Fadhel Moussa ?"},"content":{"rendered":"<p style=\"text-align: center;\"><img loading=\"lazy\" decoding=\"async\" class=\"alignnone size-full wp-image-36967\" src=\"http:\/\/kapitalis.com\/tunisie\/wp-content\/uploads\/2016\/01\/Fadhel-Moussa.jpg\" alt=\"Fadhel Moussa\" width=\"626\" height=\"380\" \/><\/p>\n<p><em><strong>Fadhel Moussa, ancien membre du bureau politique d&rsquo;El-Massar, a d\u00e9cid\u00e9 de quitter la sc\u00e8ne politique et de consacrer son temps \u00e0 ce qui est plus utile pour son pays.<\/strong><\/em><\/p>\n<p><!--more--><\/p>\n<p>La d\u00e9mission de Fadhel Moussa d\u2019El-Massar remontre au lendemain des l\u00e9gislatives de novembre 2014, marqu\u00e9es par une d\u00e9faite cuisante de son ex-parti, qui n&rsquo;est plus repr\u00e9sent\u00e9 au parlement.<\/p>\n<p>Cette d\u00e9mission s\u2019\u00e9tait faite tr\u00e8s discr\u00e8tement, car il estime qu\u2019il n\u2019y avait pas de quoi en faire un \u00e9v\u00e9nement. Il en explique les raisons et les motivations \u00e0 Kapitalis.<\/p>\n<p>Fadhel Moussa a \u00e9t\u00e9, entre 2012 et 2014, l&rsquo;un des t\u00e9nors de l&rsquo;Assembl\u00e9e nationale constituante (ANC), o\u00f9 sa connaissance du droit a \u00e9t\u00e9 tr\u00e8s utile pour la r\u00e9daction de la nouvelle constitution. S&rsquo;il a d\u00e9cid\u00e9 de se retirer de la vie politique et de quitter un parti auquel il reste tr\u00e8s attach\u00e9, il a gard\u00e9 une grande amiti\u00e9 pour ses anciens camarades avec lesquels il n\u2019a jamais eu de probl\u00e8me.<\/p>\n<p>\u00ab<em>Je quitte le meilleur parti sur la sc\u00e8ne politique tunisienne. El-Massar est et restera un parti de patriotes qui font r\u00e9ellement passer l\u2019int\u00e9r\u00eat de leur pays avant ceux de leur parti<\/em>\u00bb, a-t-il indiqu\u00e9, pr\u00e9cisant que la d\u00e9faite aux l\u00e9gislatives en novembre 2014 l\u2019a pouss\u00e9 \u00e0 d\u00e9missionner, voyant qu\u2019il ne pourrait plus apporter un plus \u00e0 son pays en poursuivant son activit\u00e9 politique. \u00ab<em>Nous avons \u00e9t\u00e9 incapables d\u2019arracher un seul si\u00e8ge \u00e0 l\u2019Assembl\u00e9e et j\u2019en assume l&rsquo;enti\u00e8re responsabilit\u00e9, mais \u00e7a m\u2019a fait r\u00e9fl\u00e9chir<\/em>\u00bb, a-t-il dit.<\/p>\n<p style=\"text-align: center;\"><img loading=\"lazy\" decoding=\"async\" class=\"alignnone size-full wp-image-36968\" src=\"http:\/\/kapitalis.com\/tunisie\/wp-content\/uploads\/2016\/01\/Fadhel-moussa-Errahil-.jpg\" alt=\"Fadhel moussa-Errahil-\" width=\"500\" height=\"300\" \/><\/p>\n<p style=\"text-align: center;\"><em>Fadhel Moussa avec ses camarades aux premiers jours du sit-in Errahil au Bardo.<\/em><\/p>\n<p>Fadhel Moussa, qui est juriste, sp\u00e9cialiste de droit constitutionnel et professeur de droit public et sciences politiques &#8211; il \u00e9tait aussi doyen de la Facult\u00e9 des sciences juridiques, politiques et sociales de Tunis -, sait qu&rsquo;il peut \u00eatre plus utile pour son pays en restant dans son domaine de sp\u00e9cialisation.<\/p>\n<p>Il vient d&rsquo;ailleurs de concr\u00e9tiser, en ce mois de janvier 2016, une coop\u00e9ration entre Tunis et Florence pour soutenir le processus d\u00e9mocratique, sur les plans local et r\u00e9gional. L&rsquo;id\u00e9e de cette coop\u00e9ration a germ\u00e9 \u00e0 l&rsquo;issue de sa participation \u00e0 une conf\u00e9rence \u00e0 Florence, en Italie, entre le 5 et le 8 novembre 2015.<\/p>\n<p style=\"text-align: center;\"><img loading=\"lazy\" decoding=\"async\" class=\"alignnone size-full wp-image-36969\" src=\"http:\/\/kapitalis.com\/tunisie\/wp-content\/uploads\/2016\/01\/Fadhel-moussa-Accord.jpg\" alt=\"Fadhel moussa Accord\" width=\"500\" height=\"300\" \/><\/p>\n<p style=\"text-align: center;\"><em>Signature d&rsquo;un accord de coop\u00e9ration entre Tunis et Florence.<\/em><\/p>\n<p>Rappelons qu\u2019en janvier 2013, Fadhel Moussa s\u2019\u00e9tait vu proposer un portefeuille minist\u00e9riel par le parti islamiste Ennahdha, alors \u00e0 la d\u00e9rive, mais il avait rejet\u00e9 cette \u00ab<em>proposition int\u00e9ress\u00e9e<\/em>\u00bb et pr\u00e9f\u00e9r\u00e9 poursuivre son action dans l\u2019opposition.<\/p>\n<p style=\"text-align: right;\"><strong>Y. N.<\/strong><\/p>\n","protected":false},"excerpt":{"rendered":"<p>Fadhel Moussa, ancien membre du bureau politique d&rsquo;El-Massar, a d\u00e9cid\u00e9 de quitter la sc\u00e8ne politique et de consacrer son temps \u00e0 ce qui est plus utile pour son pays.<\/p>\n","protected":false},"author":6,"featured_media":36967,"comment_status":"open","ping_status":"open","sticky":false,"template":"","format":"standard","meta":{"footnotes":""},"categories":[997,2433],"tags":[24,13342,1347,13340,2211,12073,13339,9031,731],"class_list":["post-36964","post","type-post","status-publish","format-standard","has-post-thumbnail","hentry","category-politique","category-tunisie","tag-accord","tag-demisssion","tag-depute","tag-doyen","tag-droit","tag-el-massar","tag-fadhel-moussa","tag-legislatives","tag-politique"],"yoast_head":"<!-- This site is optimized with the Yoast SEO plugin v26.6 - https:\/\/yoast.com\/wordpress\/plugins\/seo\/ -->\n<title>Qu&#039;est devenu Fadhel Moussa ? - Kapitalis<\/title>\n<meta name=\"robots\" content=\"index, follow, max-snippet:-1, max-image-preview:large, max-video-preview:-1\" \/>\n<link rel=\"canonical\" href=\"https:\/\/kapitalis.com\/tunisie\/2016\/01\/27\/quest-devenu-fadhel-moussa\/\" \/>\n<meta property=\"og:locale\" content=\"fr_FR\" \/>\n<meta property=\"og:type\" content=\"article\" \/>\n<meta property=\"og:title\" content=\"Qu&#039;est devenu Fadhel Moussa ? - Kapitalis\" \/>\n<meta property=\"og:description\" content=\"Fadhel Moussa, ancien membre du bureau politique d&rsquo;El-Massar, a d\u00e9cid\u00e9 de quitter la sc\u00e8ne politique et de consacrer son temps \u00e0 ce qui est plus utile pour son pays.\" \/>\n<meta property=\"og:url\" content=\"https:\/\/kapitalis.com\/tunisie\/2016\/01\/27\/quest-devenu-fadhel-moussa\/\" \/>\n<meta property=\"og:site_name\" content=\"Kapitalis\" \/>\n<meta property=\"article:publisher\" content=\"https:\/\/www.facebook.com\/KapitalisInfo\/\" \/>\n<meta property=\"article:published_time\" content=\"2016-01-27T18:09:27+00:00\" \/>\n<meta property=\"article:modified_time\" content=\"2016-01-27T18:14:35+00:00\" \/>\n<meta property=\"og:image\" content=\"https:\/\/kapitalis.com\/tunisie\/wp-content\/uploads\/2022\/05\/kapitalis-logo-fb.png\" \/>\n\t<meta property=\"og:image:width\" content=\"1200\" \/>\n\t<meta property=\"og:image:height\" content=\"630\" \/>\n\t<meta property=\"og:image:type\" content=\"image\/png\" \/>\n<meta name=\"author\" content=\"Yusra NY\" \/>\n<meta name=\"twitter:card\" content=\"summary_large_image\" \/>\n<meta name=\"twitter:creator\" content=\"@KapitalisInfo\" \/>\n<meta name=\"twitter:site\" content=\"@KapitalisInfo\" \/>\n<meta name=\"twitter:label1\" content=\"\u00c9crit par\" \/>\n\t<meta name=\"twitter:data1\" content=\"Yusra NY\" \/>\n\t<meta name=\"twitter:label2\" content=\"Dur\u00e9e de lecture estim\u00e9e\" \/>\n\t<meta name=\"twitter:data2\" content=\"2 minutes\" \/>\n<script type=\"application\/ld+json\" class=\"yoast-schema-graph\">{\"@context\":\"https:\/\/schema.org\",\"@graph\":[{\"@type\":\"Article\",\"@id\":\"https:\/\/kapitalis.com\/tunisie\/2016\/01\/27\/quest-devenu-fadhel-moussa\/#article\",\"isPartOf\":{\"@id\":\"https:\/\/kapitalis.com\/tunisie\/2016\/01\/27\/quest-devenu-fadhel-moussa\/\"},\"author\":{\"name\":\"Yusra NY\",\"@id\":\"https:\/\/kapitalis.com\/tunisie\/#\/schema\/person\/74bbde0154d49d790a92aaeac5bc01d5\"},\"headline\":\"Qu&rsquo;est devenu Fadhel Moussa ?\",\"datePublished\":\"2016-01-27T18:09:27+00:00\",\"dateModified\":\"2016-01-27T18:14:35+00:00\",\"mainEntityOfPage\":{\"@id\":\"https:\/\/kapitalis.com\/tunisie\/2016\/01\/27\/quest-devenu-fadhel-moussa\/\"},\"wordCount\":451,\"commentCount\":8,\"publisher\":{\"@id\":\"https:\/\/kapitalis.com\/tunisie\/#organization\"},\"image\":{\"@id\":\"https:\/\/kapitalis.com\/tunisie\/2016\/01\/27\/quest-devenu-fadhel-moussa\/#primaryimage\"},\"thumbnailUrl\":\"\",\"keywords\":[\"accord\",\"d\u00e9misssion\",\"d\u00e9put\u00e9\",\"doyen\",\"droit\",\"El Massar\",\"Fadhel Moussa\",\"l\u00e9gislatives\",\"politique\"],\"articleSection\":[\"POLITIQUE\",\"Tunisie\"],\"inLanguage\":\"fr-FR\",\"potentialAction\":[{\"@type\":\"CommentAction\",\"name\":\"Comment\",\"target\":[\"https:\/\/kapitalis.com\/tunisie\/2016\/01\/27\/quest-devenu-fadhel-moussa\/#respond\"]}]},{\"@type\":\"WebPage\",\"@id\":\"https:\/\/kapitalis.com\/tunisie\/2016\/01\/27\/quest-devenu-fadhel-moussa\/\",\"url\":\"https:\/\/kapitalis.com\/tunisie\/2016\/01\/27\/quest-devenu-fadhel-moussa\/\",\"name\":\"Qu'est devenu Fadhel Moussa ? - Kapitalis\",\"isPartOf\":{\"@id\":\"https:\/\/kapitalis.com\/tunisie\/#website\"},\"primaryImageOfPage\":{\"@id\":\"https:\/\/kapitalis.com\/tunisie\/2016\/01\/27\/quest-devenu-fadhel-moussa\/#primaryimage\"},\"image\":{\"@id\":\"https:\/\/kapitalis.com\/tunisie\/2016\/01\/27\/quest-devenu-fadhel-moussa\/#primaryimage\"},\"thumbnailUrl\":\"\",\"datePublished\":\"2016-01-27T18:09:27+00:00\",\"dateModified\":\"2016-01-27T18:14:35+00:00\",\"breadcrumb\":{\"@id\":\"https:\/\/kapitalis.com\/tunisie\/2016\/01\/27\/quest-devenu-fadhel-moussa\/#breadcrumb\"},\"inLanguage\":\"fr-FR\",\"potentialAction\":[{\"@type\":\"ReadAction\",\"target\":[\"https:\/\/kapitalis.com\/tunisie\/2016\/01\/27\/quest-devenu-fadhel-moussa\/\"]}]},{\"@type\":\"ImageObject\",\"inLanguage\":\"fr-FR\",\"@id\":\"https:\/\/kapitalis.com\/tunisie\/2016\/01\/27\/quest-devenu-fadhel-moussa\/#primaryimage\",\"url\":\"\",\"contentUrl\":\"\"},{\"@type\":\"BreadcrumbList\",\"@id\":\"https:\/\/kapitalis.com\/tunisie\/2016\/01\/27\/quest-devenu-fadhel-moussa\/#breadcrumb\",\"itemListElement\":[{\"@type\":\"ListItem\",\"position\":1,\"name\":\"Accueil\",\"item\":\"https:\/\/kapitalis.com\/tunisie\/\"},{\"@type\":\"ListItem\",\"position\":2,\"name\":\"Qu&rsquo;est devenu Fadhel Moussa ?\"}]},{\"@type\":\"WebSite\",\"@id\":\"https:\/\/kapitalis.com\/tunisie\/#website\",\"url\":\"https:\/\/kapitalis.com\/tunisie\/\",\"name\":\"Kapitalis\",\"description\":\"L&#039;actualit\u00e9 en Tunisie et dans le monde\",\"publisher\":{\"@id\":\"https:\/\/kapitalis.com\/tunisie\/#organization\"},\"potentialAction\":[{\"@type\":\"SearchAction\",\"target\":{\"@type\":\"EntryPoint\",\"urlTemplate\":\"https:\/\/kapitalis.com\/tunisie\/?s={search_term_string}\"},\"query-input\":{\"@type\":\"PropertyValueSpecification\",\"valueRequired\":true,\"valueName\":\"search_term_string\"}}],\"inLanguage\":\"fr-FR\"},{\"@type\":\"Organization\",\"@id\":\"https:\/\/kapitalis.com\/tunisie\/#organization\",\"name\":\"Kapitalis\",\"url\":\"https:\/\/kapitalis.com\/tunisie\/\",\"logo\":{\"@type\":\"ImageObject\",\"inLanguage\":\"fr-FR\",\"@id\":\"https:\/\/kapitalis.com\/tunisie\/#\/schema\/logo\/image\/\",\"url\":\"https:\/\/kapitalis.com\/tunisie\/wp-content\/uploads\/2022\/05\/Kapitalis-big-size.png\",\"contentUrl\":\"https:\/\/kapitalis.com\/tunisie\/wp-content\/uploads\/2022\/05\/Kapitalis-big-size.png\",\"width\":5000,\"height\":1500,\"caption\":\"Kapitalis\"},\"image\":{\"@id\":\"https:\/\/kapitalis.com\/tunisie\/#\/schema\/logo\/image\/\"},\"sameAs\":[\"https:\/\/www.facebook.com\/KapitalisInfo\/\",\"https:\/\/x.com\/KapitalisInfo\",\"https:\/\/www.youtube.com\/channel\/UC-yDYrHyfFBWWZaOw3FPg9Q\"]},{\"@type\":\"Person\",\"@id\":\"https:\/\/kapitalis.com\/tunisie\/#\/schema\/person\/74bbde0154d49d790a92aaeac5bc01d5\",\"name\":\"Yusra NY\",\"url\":\"https:\/\/kapitalis.com\/tunisie\/author\/yuza_adam\/\"}]}<\/script>\n<!-- \/ Yoast SEO plugin. -->","yoast_head_json":{"title":"Qu'est devenu Fadhel Moussa ? - Kapitalis","robots":{"index":"index","follow":"follow","max-snippet":"max-snippet:-1","max-image-preview":"max-image-preview:large","max-video-preview":"max-video-preview:-1"},"canonical":"https:\/\/kapitalis.com\/tunisie\/2016\/01\/27\/quest-devenu-fadhel-moussa\/","og_locale":"fr_FR","og_type":"article","og_title":"Qu'est devenu Fadhel Moussa ? - Kapitalis","og_description":"Fadhel Moussa, ancien membre du bureau politique d&rsquo;El-Massar, a d\u00e9cid\u00e9 de quitter la sc\u00e8ne politique et de consacrer son temps \u00e0 ce qui est plus utile pour son pays.","og_url":"https:\/\/kapitalis.com\/tunisie\/2016\/01\/27\/quest-devenu-fadhel-moussa\/","og_site_name":"Kapitalis","article_publisher":"https:\/\/www.facebook.com\/KapitalisInfo\/","article_published_time":"2016-01-27T18:09:27+00:00","article_modified_time":"2016-01-27T18:14:35+00:00","og_image":[{"width":1200,"height":630,"url":"https:\/\/kapitalis.com\/tunisie\/wp-content\/uploads\/2022\/05\/kapitalis-logo-fb.png","type":"image\/png"}],"author":"Yusra NY","twitter_card":"summary_large_image","twitter_creator":"@KapitalisInfo","twitter_site":"@KapitalisInfo","twitter_misc":{"\u00c9crit par":"Yusra NY","Dur\u00e9e de lecture estim\u00e9e":"2 minutes"},"schema":{"@context":"https:\/\/schema.org","@graph":[{"@type":"Article","@id":"https:\/\/kapitalis.com\/tunisie\/2016\/01\/27\/quest-devenu-fadhel-moussa\/#article","isPartOf":{"@id":"https:\/\/kapitalis.com\/tunisie\/2016\/01\/27\/quest-devenu-fadhel-moussa\/"},"author":{"name":"Yusra NY","@id":"https:\/\/kapitalis.com\/tunisie\/#\/schema\/person\/74bbde0154d49d790a92aaeac5bc01d5"},"headline":"Qu&rsquo;est devenu Fadhel Moussa ?","datePublished":"2016-01-27T18:09:27+00:00","dateModified":"2016-01-27T18:14:35+00:00","mainEntityOfPage":{"@id":"https:\/\/kapitalis.com\/tunisie\/2016\/01\/27\/quest-devenu-fadhel-moussa\/"},"wordCount":451,"commentCount":8,"publisher":{"@id":"https:\/\/kapitalis.com\/tunisie\/#organization"},"image":{"@id":"https:\/\/kapitalis.com\/tunisie\/2016\/01\/27\/quest-devenu-fadhel-moussa\/#primaryimage"},"thumbnailUrl":"","keywords":["accord","d\u00e9misssion","d\u00e9put\u00e9","doyen","droit","El Massar","Fadhel Moussa","l\u00e9gislatives","politique"],"articleSection":["POLITIQUE","Tunisie"],"inLanguage":"fr-FR","potentialAction":[{"@type":"CommentAction","name":"Comment","target":["https:\/\/kapitalis.com\/tunisie\/2016\/01\/27\/quest-devenu-fadhel-moussa\/#respond"]}]},{"@type":"WebPage","@id":"https:\/\/kapitalis.com\/tunisie\/2016\/01\/27\/quest-devenu-fadhel-moussa\/","url":"https:\/\/kapitalis.com\/tunisie\/2016\/01\/27\/quest-devenu-fadhel-moussa\/","name":"Qu'est devenu Fadhel Moussa ? - Kapitalis","isPartOf":{"@id":"https:\/\/kapitalis.com\/tunisie\/#website"},"primaryImageOfPage":{"@id":"https:\/\/kapitalis.com\/tunisie\/2016\/01\/27\/quest-devenu-fadhel-moussa\/#primaryimage"},"image":{"@id":"https:\/\/kapitalis.com\/tunisie\/2016\/01\/27\/quest-devenu-fadhel-moussa\/#primaryimage"},"thumbnailUrl":"","datePublished":"2016-01-27T18:09:27+00:00","dateModified":"2016-01-27T18:14:35+00:00","breadcrumb":{"@id":"https:\/\/kapitalis.com\/tunisie\/2016\/01\/27\/quest-devenu-fadhel-moussa\/#breadcrumb"},"inLanguage":"fr-FR","potentialAction":[{"@type":"ReadAction","target":["https:\/\/kapitalis.com\/tunisie\/2016\/01\/27\/quest-devenu-fadhel-moussa\/"]}]},{"@type":"ImageObject","inLanguage":"fr-FR","@id":"https:\/\/kapitalis.com\/tunisie\/2016\/01\/27\/quest-devenu-fadhel-moussa\/#primaryimage","url":"","contentUrl":""},{"@type":"BreadcrumbList","@id":"https:\/\/kapitalis.com\/tunisie\/2016\/01\/27\/quest-devenu-fadhel-moussa\/#breadcrumb","itemListElement":[{"@type":"ListItem","position":1,"name":"Accueil","item":"https:\/\/kapitalis.com\/tunisie\/"},{"@type":"ListItem","position":2,"name":"Qu&rsquo;est devenu Fadhel Moussa ?"}]},{"@type":"WebSite","@id":"https:\/\/kapitalis.com\/tunisie\/#website","url":"https:\/\/kapitalis.com\/tunisie\/","name":"Kapitalis","description":"L&#039;actualit\u00e9 en Tunisie et dans le monde","publisher":{"@id":"https:\/\/kapitalis.com\/tunisie\/#organization"},"potentialAction":[{"@type":"SearchAction","target":{"@type":"EntryPoint","urlTemplate":"https:\/\/kapitalis.com\/tunisie\/?s={search_term_string}"},"query-input":{"@type":"PropertyValueSpecification","valueRequired":true,"valueName":"search_term_string"}}],"inLanguage":"fr-FR"},{"@type":"Organization","@id":"https:\/\/kapitalis.com\/tunisie\/#organization","name":"Kapitalis","url":"https:\/\/kapitalis.com\/tunisie\/","logo":{"@type":"ImageObject","inLanguage":"fr-FR","@id":"https:\/\/kapitalis.com\/tunisie\/#\/schema\/logo\/image\/","url":"https:\/\/kapitalis.com\/tunisie\/wp-content\/uploads\/2022\/05\/Kapitalis-big-size.png","contentUrl":"https:\/\/kapitalis.com\/tunisie\/wp-content\/uploads\/2022\/05\/Kapitalis-big-size.png","width":5000,"height":1500,"caption":"Kapitalis"},"image":{"@id":"https:\/\/kapitalis.com\/tunisie\/#\/schema\/logo\/image\/"},"sameAs":["https:\/\/www.facebook.com\/KapitalisInfo\/","https:\/\/x.com\/KapitalisInfo","https:\/\/www.youtube.com\/channel\/UC-yDYrHyfFBWWZaOw3FPg9Q"]},{"@type":"Person","@id":"https:\/\/kapitalis.com\/tunisie\/#\/schema\/person\/74bbde0154d49d790a92aaeac5bc01d5","name":"Yusra NY","url":"https:\/\/kapitalis.com\/tunisie\/author\/yuza_adam\/"}]}},"_links":{"self":[{"href":"https:\/\/kapitalis.com\/tunisie\/wp-json\/wp\/v2\/posts\/36964","targetHints":{"allow":["GET"]}}],"collection":[{"href":"https:\/\/kapitalis.com\/tunisie\/wp-json\/wp\/v2\/posts"}],"about":[{"href":"https:\/\/kapitalis.com\/tunisie\/wp-json\/wp\/v2\/types\/post"}],"author":[{"embeddable":true,"href":"https:\/\/kapitalis.com\/tunisie\/wp-json\/wp\/v2\/users\/6"}],"replies":[{"embeddable":true,"href":"https:\/\/kapitalis.com\/tunisie\/wp-json\/wp\/v2\/comments?post=36964"}],"version-history":[{"count":0,"href":"https:\/\/kapitalis.com\/tunisie\/wp-json\/wp\/v2\/posts\/36964\/revisions"}],"wp:featuredmedia":[{"embeddable":true,"href":"https:\/\/kapitalis.com\/tunisie\/wp-json\/wp\/v2\/media\/36967"}],"wp:attachment":[{"href":"https:\/\/kapitalis.com\/tunisie\/wp-json\/wp\/v2\/media?parent=36964"}],"wp:term":[{"taxonomy":"category","embeddable":true,"href":"https:\/\/kapitalis.com\/tunisie\/wp-json\/wp\/v2\/categories?post=36964"},{"taxonomy":"post_tag","embeddable":true,"href":"https:\/\/kapitalis.com\/tunisie\/wp-json\/wp\/v2\/tags?post=36964"}],"curies":[{"name":"wp","href":"https:\/\/api.w.org\/{rel}","templated":true}]}}