{"id":369826,"date":"2021-11-14T12:00:31","date_gmt":"2021-11-14T11:00:31","guid":{"rendered":"http:\/\/kapitalis.com\/tunisie\/?p=369826"},"modified":"2021-11-14T12:02:20","modified_gmt":"2021-11-14T11:02:20","slug":"tunisie-ces-deputes-faches-avec-la-justice","status":"publish","type":"post","link":"https:\/\/kapitalis.com\/tunisie\/2021\/11\/14\/tunisie-ces-deputes-faches-avec-la-justice\/","title":{"rendered":"Tunisie : ces d\u00e9put\u00e9s f\u00e2ch\u00e9s avec la justice"},"content":{"rendered":"\n<div class=\"wp-block-image\"><figure class=\"aligncenter size-full\"><img decoding=\"async\" src=\"http:\/\/kapitalis.com\/tunisie\/wp-content\/uploads\/2021\/11\/Seifeddine-Makhlouf-Zouhair-Makhlouf-Lotfi-Ali-Mehdi-Yassine-Ayari-Ben-Gharbia-Ghazi-Karoui.jpg\" alt=\"\" class=\"wp-image-369827\"\/><figcaption><em>Seifeddine Makhlouf\/Zouhair Makhlouf\/Lotfi Ali Mehdi\/Yassine\/Ayari Ben Gharbia\/Ghazi Karoui. <\/em><\/figcaption><\/figure><\/div>\n\n\n\n<p><strong><em>On ne compte plus le nombre de d\u00e9put\u00e9s qui ont purg\u00e9 une peine de prison, sont encore sous les verrous ou poursuivis en justice dans des affaires de droit commun. La loi a-t-elle pu \u00eatre appliqu\u00e9e \u00e0 ces \u00abprivil\u00e9gi\u00e9s de la r\u00e9publique\u00bb ou ces \u00abhors-la-loi constitutionnels\u00bb si leur immunit\u00e9 parlementaire n&rsquo;avait pas \u00e9t\u00e9 lev\u00e9e dans le cadre des \u00abmesures d&rsquo;exception\u00bb d\u00e9cr\u00e9t\u00e9es par le pr\u00e9sident de la r\u00e9publique Ka\u00efs Sa\u00efed, le 25 juillet dernier ? Non bien s\u00fbr&#8230; Ils auraient sans doute continu\u00e9 \u00e0 s\u00e9vir dans la d\u00e9mocratie d&rsquo;op\u00e9rette mise en place en Tunisie en 2011. <\/em><\/strong><\/p>\n\n\n\n<p>Par<strong> Imed Bahri<\/strong><\/p>\n\n\n\n<!--more-->\n\n\n\n<p>Hier, samedi 13 novembre, le d\u00e9put\u00e9 <em>\u00abgel\u00e9\u00bb<\/em> Zouhair Makhlouf, condamn\u00e9 la veille \u00e0 une peine d&rsquo;un an de prison dans une affaire de harc\u00e8lement sexuel port\u00e9e contre lui par une lyc\u00e9enne, a \u00e9t\u00e9 arr\u00eat\u00e9 dans une ferme \u00e0 Nabeul et conduit \u00e0 la prison de Mornaguia. <\/p>\n\n\n\n<p>L&rsquo;affaire remonte \u00e0 octobre 2019 et elle n&rsquo;a pu \u00eatre s\u00e9rieusement examin\u00e9e qu&rsquo;apr\u00e8s le 25 juillet, les juges s&rsquo;\u00e9tant arrang\u00e9s, pendant 16 mois, \u00e0 multiplier les proc\u00e9dures dilatoires pour ne pas avoir \u00e0 se prononcer sur cette affaire impliquant un d\u00e9put\u00e9 \u00e9lu sur une liste Qalb Tounes et r\u00e9put\u00e9 pour sa proximit\u00e9 avec Ennahdha, les deux partis qui contr\u00f4laient le gouvernement Hichem Mechichi, limog\u00e9 le 25 juillet.<\/p>\n\n\n\n<h2 class=\"wp-block-heading\">Des d\u00e9put\u00e9s sous les verrous<\/h2>\n\n\n\n<p>Zouhair Makhlouf a rejoint \u00e0 la prison de Mornaguia plusieurs autres d\u00e9put\u00e9s que la lev\u00e9e de leur immunit\u00e9, le 25 juillet, a \u00e9galement permis de relancer les proc\u00e8s intent\u00e9s contre eux avant leur \u00e9lection en 2019. La plupart s&rsquo;\u00e9taient d&rsquo;ailleurs pr\u00e9sent\u00e9s aux \u00e9lections pour&#8230; b\u00e9n\u00e9ficier de l&rsquo;immunit\u00e9 parlementaire et \u00e9chapper ainsi \u00e0 la justice. <\/p>\n\n\n\n<p>C&rsquo;est le cas, on l&rsquo;imagine, du d\u00e9put\u00e9 Lotfi Ali (Tahya Tounes), qui a \u00e9t\u00e9 arr\u00eat\u00e9 le 21 ao\u00fbt, apr\u00e8s une cavale de quelques semaines. Accus\u00e9 de corruption, faux et usage de faux, blanchiment d&rsquo;argent et enrichissement illicite, en lien avec la gestion du transport du phosphate, il a fait l&rsquo;objet d&rsquo;un mandat de d\u00e9p\u00f4t et \u00e9crou\u00e9 \u00e0 Mornaguia, le 31 ao\u00fbt.<\/p>\n\n\n\n<p>Le 21 septembre, le premier juge d&rsquo;instruction du tribunal militaire de Tunis a \u00e9mis un mandat de d\u00e9p\u00f4t contre le d\u00e9put\u00e9 Nidhal Saoudi dans le cadre dite <em>\u00abde l&rsquo;a\u00e9roport de Tunis-Carthage\u00bb<\/em>, tout comme son coll\u00e8gue d&rsquo;Al-Karama, Seifeddine Makhlouf\u00a0: ils s&rsquo;\u00e9taient alors attaqu\u00e9s aux agents de la police des fronti\u00e8res et voulaient faire passer par la force une voyageuse fich\u00e9e S17, c&rsquo;est-\u00e0-dire soup\u00e7onn\u00e9e de liens avec le terrorisme.<\/p>\n\n\n\n<p>Yassine Ayari a quitt\u00e9 Mornaguia le 22 septembre apr\u00e8s y avoir purg\u00e9 une peine de 2 mois de prison ferme, en ex\u00e9cution d&rsquo;un jugement prononc\u00e9 contre lui par le tribunal militaire de Tunis pour atteinte \u00e0 l&rsquo;arm\u00e9e nationale, le 6 d\u00e9cembre 2018, soit un an avant son \u00e9lection sur une liste du mouvement Amal Wa \u00c2mal, un des nombreux satellites du parti islamiste Ennahdha. Difficile de ne pas voir dans l&rsquo;attirance de cet ing\u00e9nieur pour l&rsquo;Assembl\u00e9e un int\u00e9r\u00eat particulier pour l&rsquo;immunit\u00e9 qu&rsquo;elle lui offre, sachant qu&rsquo;il reste sous le coup de plusieurs autres affaires intent\u00e9s contre lui.<\/p>\n\n\n\n<p>Seifeddine Makhlouf, d\u00e9put\u00e9 de la coalition Al-Karama, satellite d&rsquo;Ennahdha, avocat de son \u00e9tat, a \u00e9t\u00e9 plac\u00e9 en d\u00e9tention, lui aussi, le 22 septembre, apr\u00e8s avoir menac\u00e9 un juge dans une salle du tribunal militaire de Tunis. Malgr\u00e9 les demandes de lib\u00e9ration d\u00e9pos\u00e9es par ses avocats, cette grande gueule, qui s&rsquo;est longtemps cru au-dessus des lois, a \u00e9t\u00e9 maintenu en d\u00e9tention d&rsquo;autant qu&rsquo;il est sous le coup de poursuites judiciaires dans d&rsquo;autres affaires intent\u00e9s contre lui, dont celles dites <em>\u00abde l&rsquo;a\u00e9roport de Tunis-Carthage\u00bb<\/em> et de <em>\u00abtrafic de fausse monnaie en bande organis\u00e9e.<\/em><\/p>\n\n\n\n<p>Le 20 octobre, le juge d&rsquo;instruction pr\u00e8s du tribunal de premi\u00e8re instance de Sousse 1 a \u00e9mis deux mandats de d\u00e9p\u00f4t contre l&rsquo;homme d&rsquo;affaires et d\u00e9put\u00e9 \u00e9lu sur une liste Tahya Tounes, Mehdi Ben Gharbia et le g\u00e9rant de l&rsquo;une de ses soci\u00e9t\u00e9s. Les deux hommes sont accus\u00e9s de faux, usage de faux, corruption financi\u00e8re et blanchiment d&rsquo;argent. Transf\u00e9r\u00e9 au service de cardiologie de l&rsquo;h\u00f4pital Farhat Hached \u00e0 Sousse suite \u00e0 un malaise, l&rsquo;ancien pr\u00e9sident du Club sportif bizertin, quittera l&rsquo;h\u00f4pital le 25 du m\u00eame mois et sera incarc\u00e9r\u00e9 \u00e0 la prison de Massadine.<\/p>\n\n\n\n<h2 class=\"wp-block-heading\">Des d\u00e9put\u00e9s en fuite<\/h2>\n\n\n\n<p>D&rsquo;autres d\u00e9put\u00e9s, poursuivis dans des affaires de droit commun et qui, au lendemain de la lev\u00e9e de leur immunit\u00e9, le 25 juillet, ont pr\u00e9f\u00e9r\u00e9 fuir courageusement la justice\u00a0: c&rsquo;est le cas de l&rsquo;islamiste radical Rached Khiari (Al-Karama), sous le coup d&rsquo;un mandat d&rsquo;amener \u00e9mis contre lui par la justice militaire. <\/p>\n\n\n\n<p>C&rsquo;est le cas aussi de Ghazi Karoui (Qalb Tounes), qui a quitt\u00e9 ill\u00e9galement le territoire via la fronti\u00e8re alg\u00e9rienne avec son fr\u00e8re et associ\u00e9 Nabil Karoui, accus\u00e9 comme lui dans la m\u00eame affaire d&rsquo;\u00e9vasion fiscale et de blanchiment d&rsquo;argent (il ont \u00e9t\u00e9 aper\u00e7us la derni\u00e8re fois le 6 novembre \u00e0 Barcelone).<\/p>\n\n\n\n<p>Le d\u00e9put\u00e9 Ennahdha Bechr Chebbi, poursuivi par le tribunal militaire pour atteinte au moral de l&rsquo;arm\u00e9e, est en fuite \u00e0 Paris, en France, o\u00f9 il a \u00e9t\u00e9 vu la derni\u00e8re fois lors d&rsquo;une manifestation contre le pr\u00e9sident Ka\u00efs Sa\u00efed. <\/p>\n\n\n\n<p>Il y a encore Maher Zid (Al-Karama), un ancien greffier proche du parti islamiste poursuivi dans l&rsquo;affaire dite <em>\u00abde l&rsquo;a\u00e9roport de Tunisie-Carthage\u00bb<\/em>, mais aussi pour avoir subtilis\u00e9 des documents judiciaires relatifs \u00e0 des affaires terroristes et qui auraient \u00e9t\u00e9 retrouv\u00e9s chez des \u00e9l\u00e9ments terroristes arr\u00eat\u00e9s.<\/p>\n\n\n\n<p>Cette liste est loin d&rsquo;\u00eatre boucl\u00e9e et on peut raisonnablement s&rsquo;attendre \u00e0 ce que d&rsquo;autres d\u00e9put\u00e9s issus de l&rsquo;Assembl\u00e9e <em>\u00abgel\u00e9e\u00bb<\/em>, cit\u00e9s dans des enqu\u00eates judiciaires en cours, soient arr\u00eat\u00e9s et \u00e9crou\u00e9s au cours des prochaines semaines.<\/p>\n\n\n\n<h2 class=\"wp-block-heading\">La justice en mal de r\u00e9habilitation <\/h2>\n\n\n\n<p>Se sentant d\u00e9sormais lib\u00e9r\u00e9s des pressions des partis politiques et soucieux d&rsquo;\u00e9prouver et de prouver par la m\u00eame occasion leur ind\u00e9pendance et leur cr\u00e9dibilit\u00e9 mises \u00e0 rude \u00e9preuve par leurs soumissions pass\u00e9es, les juges semblent d\u00e9termin\u00e9s \u00e0 mener \u00e0 bon port les affaires en cours, afin de redorer le blason de leur corporation dont l&rsquo;apport \u00e0 la lutte contre la corruption sera d\u00e9terminant pour l&rsquo;assainissement de la vie publique et la sauvegarde du processus d\u00e9mocratique en Tunisie, comme ne cesse de l&rsquo;affirmer le pr\u00e9sident Sa\u00efed, en appelant constamment les juges \u00e0 jouer pleinement leur mission de salubrit\u00e9 publique.<\/p>\n\n\n\n<p>La chronique des d\u00e9passements, des abus et des passe-droit attribu\u00e9s aux dirigeants politiques en g\u00e9n\u00e9ral et aux d\u00e9put\u00e9s en particulier ne saurait se poursuivre sans faire douter les Tunisiens de la l\u00e9gitimit\u00e9 et de l&rsquo;utilit\u00e9 m\u00eame du processus politique en cours depuis la r\u00e9volution du 14 janvier 2011 et leur faire regretter&#8230; la dictature de Ben Ali, si ce n&rsquo;est d\u00e9j\u00e0 fait. <\/p>\n\n\n\n<p>Aussi, ceux qui veulent marcher aujourd&rsquo;hui, dimanche 14 novembre 2021, sur l&rsquo;Assembl\u00e9e au quartier du Bardo, dans l&rsquo;espoir de remettre sur pied l&rsquo;Assembl\u00e9e <em>\u00abgel\u00e9e\u00bb <\/em>et de destituer le pr\u00e9sident Sa\u00efed, sont-ils en train de mener un combat d&rsquo;arri\u00e8re-garde qui ne saurait \u00eatre soutenu par l&rsquo;\u00e9crasante majorit\u00e9 de Tunisiens qui avait lanc\u00e9 un ouf de soulagement lors de l&rsquo;annonce du gel de cette m\u00eame Assembl\u00e9e.<\/p>\n","protected":false},"excerpt":{"rendered":"<p>On ne compte plus le nombre de d\u00e9put\u00e9s qui ont purg\u00e9 une peine de prison, sont encore sous les verrous ou poursuivis en justice dans des affaires de droit commun. La loi a-t-elle pu \u00eatre appliqu\u00e9e \u00e0 ces \u00abprivil\u00e9gi\u00e9s de la r\u00e9publique\u00bb ou ces \u00abhors-la-loi constitutionnels\u00bb si leur immunit\u00e9 parlementaire n&rsquo;avait pas \u00e9t\u00e9 lev\u00e9e dans&#8230;<\/p>\n","protected":false},"author":8,"featured_media":369827,"comment_status":"open","ping_status":"open","sticky":false,"template":"","format":"standard","meta":{"footnotes":""},"categories":[992,997,2433],"tags":[92927,65459,70520,92831,3009,1168,10425,8752,62643,92939],"class_list":["post-369826","post","type-post","status-publish","format-standard","has-post-thumbnail","hentry","category-a-la-une","category-politique","category-tunisie","tag-bechr-chebbi","tag-ghazi-karoui","tag-kais-saied-3","tag-lotfi-ali","tag-maher-zid","tag-mehdi-ben-gharbia","tag-rached-khiari","tag-seifeddine-makhlouf","tag-tunisie","tag-zouhaier-makhlouf"],"yoast_head":"<!-- This site is optimized with the Yoast SEO plugin v26.6 - https:\/\/yoast.com\/wordpress\/plugins\/seo\/ -->\n<title>Tunisie : ces d\u00e9put\u00e9s f\u00e2ch\u00e9s avec la justice - Kapitalis<\/title>\n<meta name=\"robots\" content=\"index, follow, max-snippet:-1, max-image-preview:large, max-video-preview:-1\" \/>\n<link rel=\"canonical\" href=\"https:\/\/kapitalis.com\/tunisie\/2021\/11\/14\/tunisie-ces-deputes-faches-avec-la-justice\/\" \/>\n<meta property=\"og:locale\" content=\"fr_FR\" \/>\n<meta property=\"og:type\" content=\"article\" \/>\n<meta property=\"og:title\" content=\"Tunisie : ces d\u00e9put\u00e9s f\u00e2ch\u00e9s avec la justice - Kapitalis\" \/>\n<meta property=\"og:description\" content=\"On ne compte plus le nombre de d\u00e9put\u00e9s qui ont purg\u00e9 une peine de prison, sont encore sous les verrous ou poursuivis en justice dans des affaires de droit commun. La loi a-t-elle pu \u00eatre appliqu\u00e9e \u00e0 ces \u00abprivil\u00e9gi\u00e9s de la r\u00e9publique\u00bb ou ces \u00abhors-la-loi constitutionnels\u00bb si leur immunit\u00e9 parlementaire n&rsquo;avait pas \u00e9t\u00e9 lev\u00e9e dans...\" \/>\n<meta property=\"og:url\" content=\"https:\/\/kapitalis.com\/tunisie\/2021\/11\/14\/tunisie-ces-deputes-faches-avec-la-justice\/\" \/>\n<meta property=\"og:site_name\" content=\"Kapitalis\" \/>\n<meta property=\"article:publisher\" content=\"https:\/\/www.facebook.com\/KapitalisInfo\/\" \/>\n<meta property=\"article:published_time\" content=\"2021-11-14T11:00:31+00:00\" \/>\n<meta property=\"article:modified_time\" content=\"2021-11-14T11:02:20+00:00\" \/>\n<meta property=\"og:image\" content=\"https:\/\/kapitalis.com\/tunisie\/wp-content\/uploads\/2022\/05\/kapitalis-logo-fb.png\" \/>\n\t<meta property=\"og:image:width\" content=\"1200\" \/>\n\t<meta property=\"og:image:height\" content=\"630\" \/>\n\t<meta property=\"og:image:type\" content=\"image\/png\" \/>\n<meta name=\"author\" content=\"webmaster kapitalis\" \/>\n<meta name=\"twitter:card\" content=\"summary_large_image\" \/>\n<meta name=\"twitter:creator\" content=\"@KapitalisInfo\" \/>\n<meta name=\"twitter:site\" content=\"@KapitalisInfo\" \/>\n<meta name=\"twitter:label1\" content=\"\u00c9crit par\" \/>\n\t<meta name=\"twitter:data1\" content=\"webmaster kapitalis\" \/>\n\t<meta name=\"twitter:label2\" content=\"Dur\u00e9e de lecture estim\u00e9e\" \/>\n\t<meta name=\"twitter:data2\" content=\"6 minutes\" \/>\n<script type=\"application\/ld+json\" class=\"yoast-schema-graph\">{\"@context\":\"https:\/\/schema.org\",\"@graph\":[{\"@type\":\"Article\",\"@id\":\"https:\/\/kapitalis.com\/tunisie\/2021\/11\/14\/tunisie-ces-deputes-faches-avec-la-justice\/#article\",\"isPartOf\":{\"@id\":\"https:\/\/kapitalis.com\/tunisie\/2021\/11\/14\/tunisie-ces-deputes-faches-avec-la-justice\/\"},\"author\":{\"name\":\"webmaster kapitalis\",\"@id\":\"https:\/\/kapitalis.com\/tunisie\/#\/schema\/person\/d71f33a9ca44f7bad4698210b480c8e9\"},\"headline\":\"Tunisie : ces d\u00e9put\u00e9s f\u00e2ch\u00e9s avec la justice\",\"datePublished\":\"2021-11-14T11:00:31+00:00\",\"dateModified\":\"2021-11-14T11:02:20+00:00\",\"mainEntityOfPage\":{\"@id\":\"https:\/\/kapitalis.com\/tunisie\/2021\/11\/14\/tunisie-ces-deputes-faches-avec-la-justice\/\"},\"wordCount\":1277,\"commentCount\":5,\"publisher\":{\"@id\":\"https:\/\/kapitalis.com\/tunisie\/#organization\"},\"image\":{\"@id\":\"https:\/\/kapitalis.com\/tunisie\/2021\/11\/14\/tunisie-ces-deputes-faches-avec-la-justice\/#primaryimage\"},\"thumbnailUrl\":\"\",\"keywords\":[\"Bechr Chebbi\",\"Ghazi Karoui\",\"Kais Saied\",\"Lotfi Ali\",\"Maher Zid\",\"Mehdi Ben Gharbia\",\"Rached Khiari\",\"Seifeddine Makhlouf\",\"Tunisie\",\"Zouhaier Makhlouf\"],\"articleSection\":[\"A LA UNE\",\"POLITIQUE\",\"Tunisie\"],\"inLanguage\":\"fr-FR\",\"potentialAction\":[{\"@type\":\"CommentAction\",\"name\":\"Comment\",\"target\":[\"https:\/\/kapitalis.com\/tunisie\/2021\/11\/14\/tunisie-ces-deputes-faches-avec-la-justice\/#respond\"]}]},{\"@type\":\"WebPage\",\"@id\":\"https:\/\/kapitalis.com\/tunisie\/2021\/11\/14\/tunisie-ces-deputes-faches-avec-la-justice\/\",\"url\":\"https:\/\/kapitalis.com\/tunisie\/2021\/11\/14\/tunisie-ces-deputes-faches-avec-la-justice\/\",\"name\":\"Tunisie : ces d\u00e9put\u00e9s f\u00e2ch\u00e9s avec la justice - Kapitalis\",\"isPartOf\":{\"@id\":\"https:\/\/kapitalis.com\/tunisie\/#website\"},\"primaryImageOfPage\":{\"@id\":\"https:\/\/kapitalis.com\/tunisie\/2021\/11\/14\/tunisie-ces-deputes-faches-avec-la-justice\/#primaryimage\"},\"image\":{\"@id\":\"https:\/\/kapitalis.com\/tunisie\/2021\/11\/14\/tunisie-ces-deputes-faches-avec-la-justice\/#primaryimage\"},\"thumbnailUrl\":\"\",\"datePublished\":\"2021-11-14T11:00:31+00:00\",\"dateModified\":\"2021-11-14T11:02:20+00:00\",\"breadcrumb\":{\"@id\":\"https:\/\/kapitalis.com\/tunisie\/2021\/11\/14\/tunisie-ces-deputes-faches-avec-la-justice\/#breadcrumb\"},\"inLanguage\":\"fr-FR\",\"potentialAction\":[{\"@type\":\"ReadAction\",\"target\":[\"https:\/\/kapitalis.com\/tunisie\/2021\/11\/14\/tunisie-ces-deputes-faches-avec-la-justice\/\"]}]},{\"@type\":\"ImageObject\",\"inLanguage\":\"fr-FR\",\"@id\":\"https:\/\/kapitalis.com\/tunisie\/2021\/11\/14\/tunisie-ces-deputes-faches-avec-la-justice\/#primaryimage\",\"url\":\"\",\"contentUrl\":\"\"},{\"@type\":\"BreadcrumbList\",\"@id\":\"https:\/\/kapitalis.com\/tunisie\/2021\/11\/14\/tunisie-ces-deputes-faches-avec-la-justice\/#breadcrumb\",\"itemListElement\":[{\"@type\":\"ListItem\",\"position\":1,\"name\":\"Accueil\",\"item\":\"https:\/\/kapitalis.com\/tunisie\/\"},{\"@type\":\"ListItem\",\"position\":2,\"name\":\"Tunisie : ces d\u00e9put\u00e9s f\u00e2ch\u00e9s avec la justice\"}]},{\"@type\":\"WebSite\",\"@id\":\"https:\/\/kapitalis.com\/tunisie\/#website\",\"url\":\"https:\/\/kapitalis.com\/tunisie\/\",\"name\":\"Kapitalis\",\"description\":\"L&#039;actualit\u00e9 en Tunisie et dans le monde\",\"publisher\":{\"@id\":\"https:\/\/kapitalis.com\/tunisie\/#organization\"},\"potentialAction\":[{\"@type\":\"SearchAction\",\"target\":{\"@type\":\"EntryPoint\",\"urlTemplate\":\"https:\/\/kapitalis.com\/tunisie\/?s={search_term_string}\"},\"query-input\":{\"@type\":\"PropertyValueSpecification\",\"valueRequired\":true,\"valueName\":\"search_term_string\"}}],\"inLanguage\":\"fr-FR\"},{\"@type\":\"Organization\",\"@id\":\"https:\/\/kapitalis.com\/tunisie\/#organization\",\"name\":\"Kapitalis\",\"url\":\"https:\/\/kapitalis.com\/tunisie\/\",\"logo\":{\"@type\":\"ImageObject\",\"inLanguage\":\"fr-FR\",\"@id\":\"https:\/\/kapitalis.com\/tunisie\/#\/schema\/logo\/image\/\",\"url\":\"https:\/\/kapitalis.com\/tunisie\/wp-content\/uploads\/2022\/05\/Kapitalis-big-size.png\",\"contentUrl\":\"https:\/\/kapitalis.com\/tunisie\/wp-content\/uploads\/2022\/05\/Kapitalis-big-size.png\",\"width\":5000,\"height\":1500,\"caption\":\"Kapitalis\"},\"image\":{\"@id\":\"https:\/\/kapitalis.com\/tunisie\/#\/schema\/logo\/image\/\"},\"sameAs\":[\"https:\/\/www.facebook.com\/KapitalisInfo\/\",\"https:\/\/x.com\/KapitalisInfo\",\"https:\/\/www.youtube.com\/channel\/UC-yDYrHyfFBWWZaOw3FPg9Q\"]},{\"@type\":\"Person\",\"@id\":\"https:\/\/kapitalis.com\/tunisie\/#\/schema\/person\/d71f33a9ca44f7bad4698210b480c8e9\",\"name\":\"webmaster kapitalis\",\"url\":\"https:\/\/kapitalis.com\/tunisie\/author\/webmaster-kapitalis\/\"}]}<\/script>\n<!-- \/ Yoast SEO plugin. -->","yoast_head_json":{"title":"Tunisie : ces d\u00e9put\u00e9s f\u00e2ch\u00e9s avec la justice - Kapitalis","robots":{"index":"index","follow":"follow","max-snippet":"max-snippet:-1","max-image-preview":"max-image-preview:large","max-video-preview":"max-video-preview:-1"},"canonical":"https:\/\/kapitalis.com\/tunisie\/2021\/11\/14\/tunisie-ces-deputes-faches-avec-la-justice\/","og_locale":"fr_FR","og_type":"article","og_title":"Tunisie : ces d\u00e9put\u00e9s f\u00e2ch\u00e9s avec la justice - Kapitalis","og_description":"On ne compte plus le nombre de d\u00e9put\u00e9s qui ont purg\u00e9 une peine de prison, sont encore sous les verrous ou poursuivis en justice dans des affaires de droit commun. La loi a-t-elle pu \u00eatre appliqu\u00e9e \u00e0 ces \u00abprivil\u00e9gi\u00e9s de la r\u00e9publique\u00bb ou ces \u00abhors-la-loi constitutionnels\u00bb si leur immunit\u00e9 parlementaire n&rsquo;avait pas \u00e9t\u00e9 lev\u00e9e dans...","og_url":"https:\/\/kapitalis.com\/tunisie\/2021\/11\/14\/tunisie-ces-deputes-faches-avec-la-justice\/","og_site_name":"Kapitalis","article_publisher":"https:\/\/www.facebook.com\/KapitalisInfo\/","article_published_time":"2021-11-14T11:00:31+00:00","article_modified_time":"2021-11-14T11:02:20+00:00","og_image":[{"width":1200,"height":630,"url":"https:\/\/kapitalis.com\/tunisie\/wp-content\/uploads\/2022\/05\/kapitalis-logo-fb.png","type":"image\/png"}],"author":"webmaster kapitalis","twitter_card":"summary_large_image","twitter_creator":"@KapitalisInfo","twitter_site":"@KapitalisInfo","twitter_misc":{"\u00c9crit par":"webmaster kapitalis","Dur\u00e9e de lecture estim\u00e9e":"6 minutes"},"schema":{"@context":"https:\/\/schema.org","@graph":[{"@type":"Article","@id":"https:\/\/kapitalis.com\/tunisie\/2021\/11\/14\/tunisie-ces-deputes-faches-avec-la-justice\/#article","isPartOf":{"@id":"https:\/\/kapitalis.com\/tunisie\/2021\/11\/14\/tunisie-ces-deputes-faches-avec-la-justice\/"},"author":{"name":"webmaster kapitalis","@id":"https:\/\/kapitalis.com\/tunisie\/#\/schema\/person\/d71f33a9ca44f7bad4698210b480c8e9"},"headline":"Tunisie : ces d\u00e9put\u00e9s f\u00e2ch\u00e9s avec la justice","datePublished":"2021-11-14T11:00:31+00:00","dateModified":"2021-11-14T11:02:20+00:00","mainEntityOfPage":{"@id":"https:\/\/kapitalis.com\/tunisie\/2021\/11\/14\/tunisie-ces-deputes-faches-avec-la-justice\/"},"wordCount":1277,"commentCount":5,"publisher":{"@id":"https:\/\/kapitalis.com\/tunisie\/#organization"},"image":{"@id":"https:\/\/kapitalis.com\/tunisie\/2021\/11\/14\/tunisie-ces-deputes-faches-avec-la-justice\/#primaryimage"},"thumbnailUrl":"","keywords":["Bechr Chebbi","Ghazi Karoui","Kais Saied","Lotfi Ali","Maher Zid","Mehdi Ben Gharbia","Rached Khiari","Seifeddine Makhlouf","Tunisie","Zouhaier Makhlouf"],"articleSection":["A LA UNE","POLITIQUE","Tunisie"],"inLanguage":"fr-FR","potentialAction":[{"@type":"CommentAction","name":"Comment","target":["https:\/\/kapitalis.com\/tunisie\/2021\/11\/14\/tunisie-ces-deputes-faches-avec-la-justice\/#respond"]}]},{"@type":"WebPage","@id":"https:\/\/kapitalis.com\/tunisie\/2021\/11\/14\/tunisie-ces-deputes-faches-avec-la-justice\/","url":"https:\/\/kapitalis.com\/tunisie\/2021\/11\/14\/tunisie-ces-deputes-faches-avec-la-justice\/","name":"Tunisie : ces d\u00e9put\u00e9s f\u00e2ch\u00e9s avec la justice - Kapitalis","isPartOf":{"@id":"https:\/\/kapitalis.com\/tunisie\/#website"},"primaryImageOfPage":{"@id":"https:\/\/kapitalis.com\/tunisie\/2021\/11\/14\/tunisie-ces-deputes-faches-avec-la-justice\/#primaryimage"},"image":{"@id":"https:\/\/kapitalis.com\/tunisie\/2021\/11\/14\/tunisie-ces-deputes-faches-avec-la-justice\/#primaryimage"},"thumbnailUrl":"","datePublished":"2021-11-14T11:00:31+00:00","dateModified":"2021-11-14T11:02:20+00:00","breadcrumb":{"@id":"https:\/\/kapitalis.com\/tunisie\/2021\/11\/14\/tunisie-ces-deputes-faches-avec-la-justice\/#breadcrumb"},"inLanguage":"fr-FR","potentialAction":[{"@type":"ReadAction","target":["https:\/\/kapitalis.com\/tunisie\/2021\/11\/14\/tunisie-ces-deputes-faches-avec-la-justice\/"]}]},{"@type":"ImageObject","inLanguage":"fr-FR","@id":"https:\/\/kapitalis.com\/tunisie\/2021\/11\/14\/tunisie-ces-deputes-faches-avec-la-justice\/#primaryimage","url":"","contentUrl":""},{"@type":"BreadcrumbList","@id":"https:\/\/kapitalis.com\/tunisie\/2021\/11\/14\/tunisie-ces-deputes-faches-avec-la-justice\/#breadcrumb","itemListElement":[{"@type":"ListItem","position":1,"name":"Accueil","item":"https:\/\/kapitalis.com\/tunisie\/"},{"@type":"ListItem","position":2,"name":"Tunisie : ces d\u00e9put\u00e9s f\u00e2ch\u00e9s avec la justice"}]},{"@type":"WebSite","@id":"https:\/\/kapitalis.com\/tunisie\/#website","url":"https:\/\/kapitalis.com\/tunisie\/","name":"Kapitalis","description":"L&#039;actualit\u00e9 en Tunisie et dans le monde","publisher":{"@id":"https:\/\/kapitalis.com\/tunisie\/#organization"},"potentialAction":[{"@type":"SearchAction","target":{"@type":"EntryPoint","urlTemplate":"https:\/\/kapitalis.com\/tunisie\/?s={search_term_string}"},"query-input":{"@type":"PropertyValueSpecification","valueRequired":true,"valueName":"search_term_string"}}],"inLanguage":"fr-FR"},{"@type":"Organization","@id":"https:\/\/kapitalis.com\/tunisie\/#organization","name":"Kapitalis","url":"https:\/\/kapitalis.com\/tunisie\/","logo":{"@type":"ImageObject","inLanguage":"fr-FR","@id":"https:\/\/kapitalis.com\/tunisie\/#\/schema\/logo\/image\/","url":"https:\/\/kapitalis.com\/tunisie\/wp-content\/uploads\/2022\/05\/Kapitalis-big-size.png","contentUrl":"https:\/\/kapitalis.com\/tunisie\/wp-content\/uploads\/2022\/05\/Kapitalis-big-size.png","width":5000,"height":1500,"caption":"Kapitalis"},"image":{"@id":"https:\/\/kapitalis.com\/tunisie\/#\/schema\/logo\/image\/"},"sameAs":["https:\/\/www.facebook.com\/KapitalisInfo\/","https:\/\/x.com\/KapitalisInfo","https:\/\/www.youtube.com\/channel\/UC-yDYrHyfFBWWZaOw3FPg9Q"]},{"@type":"Person","@id":"https:\/\/kapitalis.com\/tunisie\/#\/schema\/person\/d71f33a9ca44f7bad4698210b480c8e9","name":"webmaster kapitalis","url":"https:\/\/kapitalis.com\/tunisie\/author\/webmaster-kapitalis\/"}]}},"_links":{"self":[{"href":"https:\/\/kapitalis.com\/tunisie\/wp-json\/wp\/v2\/posts\/369826","targetHints":{"allow":["GET"]}}],"collection":[{"href":"https:\/\/kapitalis.com\/tunisie\/wp-json\/wp\/v2\/posts"}],"about":[{"href":"https:\/\/kapitalis.com\/tunisie\/wp-json\/wp\/v2\/types\/post"}],"author":[{"embeddable":true,"href":"https:\/\/kapitalis.com\/tunisie\/wp-json\/wp\/v2\/users\/8"}],"replies":[{"embeddable":true,"href":"https:\/\/kapitalis.com\/tunisie\/wp-json\/wp\/v2\/comments?post=369826"}],"version-history":[{"count":0,"href":"https:\/\/kapitalis.com\/tunisie\/wp-json\/wp\/v2\/posts\/369826\/revisions"}],"wp:featuredmedia":[{"embeddable":true,"href":"https:\/\/kapitalis.com\/tunisie\/wp-json\/wp\/v2\/media\/369827"}],"wp:attachment":[{"href":"https:\/\/kapitalis.com\/tunisie\/wp-json\/wp\/v2\/media?parent=369826"}],"wp:term":[{"taxonomy":"category","embeddable":true,"href":"https:\/\/kapitalis.com\/tunisie\/wp-json\/wp\/v2\/categories?post=369826"},{"taxonomy":"post_tag","embeddable":true,"href":"https:\/\/kapitalis.com\/tunisie\/wp-json\/wp\/v2\/tags?post=369826"}],"curies":[{"name":"wp","href":"https:\/\/api.w.org\/{rel}","templated":true}]}}