{"id":369998,"date":"2021-11-15T22:03:10","date_gmt":"2021-11-15T21:03:10","guid":{"rendered":"http:\/\/kapitalis.com\/tunisie\/?p=369998"},"modified":"2021-11-15T22:06:30","modified_gmt":"2021-11-15T21:06:30","slug":"covid-point-sur-la-campagne-de-vaccination-en-tunisie","status":"publish","type":"post","link":"https:\/\/kapitalis.com\/tunisie\/2021\/11\/15\/covid-point-sur-la-campagne-de-vaccination-en-tunisie\/","title":{"rendered":"Covid : Point sur la campagne de vaccination en Tunisie"},"content":{"rendered":"\n<div class=\"wp-block-image\"><figure class=\"aligncenter size-full\"><img decoding=\"async\" src=\"http:\/\/kapitalis.com\/tunisie\/wp-content\/uploads\/2021\/06\/vaccin-tunisie-covid.jpg\" alt=\"\" class=\"wp-image-350936\"\/><\/figure><\/div>\n\n\n\n<p><strong><em>Le minist\u00e8re de la Sant\u00e9 a annonc\u00e9 aujourd\u2019hui, que la campagne de vaccination contre le coronavirus en Tunisie a permis jusqu\u2019au 15 novembre 2021, d\u2018administrer au total 9.896.676 doses de vaccins, sachant que 4.796.143 personnes ont termin\u00e9 leur sch\u00e9ma vaccinal.<\/em><\/strong><\/p>\n\n\n\n<!--more-->\n\n\n\n<p>A ce jour, le nombre de citoyens inscrits sur la plateforme <a href=\"https:\/\/evax.tn\/\" target=\"_blank\" rel=\"noreferrer noopener\">Evax<\/a> est de 6.896.607, ajoute le minist\u00e8re, en pr\u00e9cisant que parmi les personnes vaccin\u00e9es, on compte 272.236 ayant re\u00e7u la 3e dose.<\/p>\n\n\n\n<p>Cette campagne de vaccination pour la 3e dose du vaccin anti-Covid,  \u00e9tait destin\u00e9e \u00e0 son lancement aux plus de 75 ans, ainsi que les personnes souffrant de maladies immunitaires et chroniques, puis, dans un second temps, le personnel de la sant\u00e9 et les personnes \u00e2g\u00e9es de 60 ans et plus et concernera bient\u00f4t les plus jeunes ayant re\u00e7u la 2e dose depuis 5 mois, selon une d\u00e9claration de la conseill\u00e8re aupr\u00e8s du ministre de la sant\u00e9 In\u00e8s Gmati, qui a affirm\u00e9 que les concern\u00e9s recevront une convocation \u00e0 ce propos.<\/p>\n\n\n\n<p>On notera aussi que minist\u00e8re a entam\u00e9 depuis plus d&rsquo;une semaine la vaccination des 12-14 ans, (ils doivent \u00eatre enregistr\u00e9s par leurs parents, qui doivent donner leur accord pr\u00e9alable).<\/p>\n\n\n\n<p class=\"has-text-align-right\"><strong>Y. N.<\/strong><\/p>\n","protected":false},"excerpt":{"rendered":"<p>Le minist\u00e8re de la Sant\u00e9 a annonc\u00e9 aujourd\u2019hui, que la campagne de vaccination contre le coronavirus en Tunisie a permis jusqu\u2019au 15 novembre 2021, d\u2018administrer au total 9.896.676 doses de vaccins, sachant que 4.796.143 personnes ont termin\u00e9 leur sch\u00e9ma vaccinal.<\/p>\n","protected":false},"author":6,"featured_media":0,"comment_status":"open","ping_status":"open","sticky":false,"template":"","format":"standard","meta":{"footnotes":""},"categories":[998,2433],"tags":[73060,75291,94769,62643,8168,10035],"class_list":["post-369998","post","type-post","status-publish","format-standard","hentry","category-societe","category-tunisie","tag-coronavirus","tag-covid-19","tag-schema-vaccinal","tag-tunisie","tag-vaccin","tag-vaccination"],"yoast_head":"<!-- This site is optimized with the Yoast SEO plugin v26.6 - https:\/\/yoast.com\/wordpress\/plugins\/seo\/ -->\n<title>Covid : Point sur la campagne de vaccination en Tunisie - Kapitalis<\/title>\n<meta name=\"robots\" content=\"index, follow, max-snippet:-1, max-image-preview:large, max-video-preview:-1\" \/>\n<link rel=\"canonical\" href=\"https:\/\/kapitalis.com\/tunisie\/2021\/11\/15\/covid-point-sur-la-campagne-de-vaccination-en-tunisie\/\" \/>\n<meta property=\"og:locale\" content=\"fr_FR\" \/>\n<meta property=\"og:type\" content=\"article\" \/>\n<meta property=\"og:title\" content=\"Covid : Point sur la campagne de vaccination en Tunisie - Kapitalis\" \/>\n<meta property=\"og:description\" content=\"Le minist\u00e8re de la Sant\u00e9 a annonc\u00e9 aujourd\u2019hui, que la campagne de vaccination contre le coronavirus en Tunisie a permis jusqu\u2019au 15 novembre 2021, d\u2018administrer au total 9.896.676 doses de vaccins, sachant que 4.796.143 personnes ont termin\u00e9 leur sch\u00e9ma vaccinal.\" \/>\n<meta property=\"og:url\" content=\"https:\/\/kapitalis.com\/tunisie\/2021\/11\/15\/covid-point-sur-la-campagne-de-vaccination-en-tunisie\/\" \/>\n<meta property=\"og:site_name\" content=\"Kapitalis\" \/>\n<meta property=\"article:publisher\" content=\"https:\/\/www.facebook.com\/KapitalisInfo\/\" \/>\n<meta property=\"article:published_time\" content=\"2021-11-15T21:03:10+00:00\" \/>\n<meta property=\"article:modified_time\" content=\"2021-11-15T21:06:30+00:00\" \/>\n<meta property=\"og:image\" content=\"http:\/\/kapitalis.com\/tunisie\/wp-content\/uploads\/2021\/06\/vaccin-tunisie-covid.jpg\" \/>\n<meta name=\"author\" content=\"Yusra NY\" \/>\n<meta name=\"twitter:card\" content=\"summary_large_image\" \/>\n<meta name=\"twitter:creator\" content=\"@KapitalisInfo\" \/>\n<meta name=\"twitter:site\" content=\"@KapitalisInfo\" \/>\n<meta name=\"twitter:label1\" content=\"\u00c9crit par\" \/>\n\t<meta name=\"twitter:data1\" content=\"Yusra NY\" \/>\n\t<meta name=\"twitter:label2\" content=\"Dur\u00e9e de lecture estim\u00e9e\" \/>\n\t<meta name=\"twitter:data2\" content=\"1 minute\" \/>\n<script type=\"application\/ld+json\" class=\"yoast-schema-graph\">{\"@context\":\"https:\/\/schema.org\",\"@graph\":[{\"@type\":\"Article\",\"@id\":\"https:\/\/kapitalis.com\/tunisie\/2021\/11\/15\/covid-point-sur-la-campagne-de-vaccination-en-tunisie\/#article\",\"isPartOf\":{\"@id\":\"https:\/\/kapitalis.com\/tunisie\/2021\/11\/15\/covid-point-sur-la-campagne-de-vaccination-en-tunisie\/\"},\"author\":{\"name\":\"Yusra NY\",\"@id\":\"https:\/\/kapitalis.com\/tunisie\/#\/schema\/person\/74bbde0154d49d790a92aaeac5bc01d5\"},\"headline\":\"Covid : Point sur la campagne de vaccination en Tunisie\",\"datePublished\":\"2021-11-15T21:03:10+00:00\",\"dateModified\":\"2021-11-15T21:06:30+00:00\",\"mainEntityOfPage\":{\"@id\":\"https:\/\/kapitalis.com\/tunisie\/2021\/11\/15\/covid-point-sur-la-campagne-de-vaccination-en-tunisie\/\"},\"wordCount\":213,\"commentCount\":0,\"publisher\":{\"@id\":\"https:\/\/kapitalis.com\/tunisie\/#organization\"},\"image\":{\"@id\":\"https:\/\/kapitalis.com\/tunisie\/2021\/11\/15\/covid-point-sur-la-campagne-de-vaccination-en-tunisie\/#primaryimage\"},\"thumbnailUrl\":\"http:\/\/kapitalis.com\/tunisie\/wp-content\/uploads\/2021\/06\/vaccin-tunisie-covid.jpg\",\"keywords\":[\"Coronavirus\",\"Covid-19\",\"sch\u00e9ma vaccinal\",\"Tunisie\",\"vaccin\",\"vaccination\"],\"articleSection\":[\"SOCIETE\",\"Tunisie\"],\"inLanguage\":\"fr-FR\",\"potentialAction\":[{\"@type\":\"CommentAction\",\"name\":\"Comment\",\"target\":[\"https:\/\/kapitalis.com\/tunisie\/2021\/11\/15\/covid-point-sur-la-campagne-de-vaccination-en-tunisie\/#respond\"]}]},{\"@type\":\"WebPage\",\"@id\":\"https:\/\/kapitalis.com\/tunisie\/2021\/11\/15\/covid-point-sur-la-campagne-de-vaccination-en-tunisie\/\",\"url\":\"https:\/\/kapitalis.com\/tunisie\/2021\/11\/15\/covid-point-sur-la-campagne-de-vaccination-en-tunisie\/\",\"name\":\"Covid : Point sur la campagne de vaccination en Tunisie - Kapitalis\",\"isPartOf\":{\"@id\":\"https:\/\/kapitalis.com\/tunisie\/#website\"},\"primaryImageOfPage\":{\"@id\":\"https:\/\/kapitalis.com\/tunisie\/2021\/11\/15\/covid-point-sur-la-campagne-de-vaccination-en-tunisie\/#primaryimage\"},\"image\":{\"@id\":\"https:\/\/kapitalis.com\/tunisie\/2021\/11\/15\/covid-point-sur-la-campagne-de-vaccination-en-tunisie\/#primaryimage\"},\"thumbnailUrl\":\"http:\/\/kapitalis.com\/tunisie\/wp-content\/uploads\/2021\/06\/vaccin-tunisie-covid.jpg\",\"datePublished\":\"2021-11-15T21:03:10+00:00\",\"dateModified\":\"2021-11-15T21:06:30+00:00\",\"breadcrumb\":{\"@id\":\"https:\/\/kapitalis.com\/tunisie\/2021\/11\/15\/covid-point-sur-la-campagne-de-vaccination-en-tunisie\/#breadcrumb\"},\"inLanguage\":\"fr-FR\",\"potentialAction\":[{\"@type\":\"ReadAction\",\"target\":[\"https:\/\/kapitalis.com\/tunisie\/2021\/11\/15\/covid-point-sur-la-campagne-de-vaccination-en-tunisie\/\"]}]},{\"@type\":\"ImageObject\",\"inLanguage\":\"fr-FR\",\"@id\":\"https:\/\/kapitalis.com\/tunisie\/2021\/11\/15\/covid-point-sur-la-campagne-de-vaccination-en-tunisie\/#primaryimage\",\"url\":\"\",\"contentUrl\":\"\"},{\"@type\":\"BreadcrumbList\",\"@id\":\"https:\/\/kapitalis.com\/tunisie\/2021\/11\/15\/covid-point-sur-la-campagne-de-vaccination-en-tunisie\/#breadcrumb\",\"itemListElement\":[{\"@type\":\"ListItem\",\"position\":1,\"name\":\"Accueil\",\"item\":\"https:\/\/kapitalis.com\/tunisie\/\"},{\"@type\":\"ListItem\",\"position\":2,\"name\":\"Covid : Point sur la campagne de vaccination en Tunisie\"}]},{\"@type\":\"WebSite\",\"@id\":\"https:\/\/kapitalis.com\/tunisie\/#website\",\"url\":\"https:\/\/kapitalis.com\/tunisie\/\",\"name\":\"Kapitalis\",\"description\":\"L&#039;actualit\u00e9 en Tunisie et dans le monde\",\"publisher\":{\"@id\":\"https:\/\/kapitalis.com\/tunisie\/#organization\"},\"potentialAction\":[{\"@type\":\"SearchAction\",\"target\":{\"@type\":\"EntryPoint\",\"urlTemplate\":\"https:\/\/kapitalis.com\/tunisie\/?s={search_term_string}\"},\"query-input\":{\"@type\":\"PropertyValueSpecification\",\"valueRequired\":true,\"valueName\":\"search_term_string\"}}],\"inLanguage\":\"fr-FR\"},{\"@type\":\"Organization\",\"@id\":\"https:\/\/kapitalis.com\/tunisie\/#organization\",\"name\":\"Kapitalis\",\"url\":\"https:\/\/kapitalis.com\/tunisie\/\",\"logo\":{\"@type\":\"ImageObject\",\"inLanguage\":\"fr-FR\",\"@id\":\"https:\/\/kapitalis.com\/tunisie\/#\/schema\/logo\/image\/\",\"url\":\"https:\/\/kapitalis.com\/tunisie\/wp-content\/uploads\/2022\/05\/Kapitalis-big-size.png\",\"contentUrl\":\"https:\/\/kapitalis.com\/tunisie\/wp-content\/uploads\/2022\/05\/Kapitalis-big-size.png\",\"width\":5000,\"height\":1500,\"caption\":\"Kapitalis\"},\"image\":{\"@id\":\"https:\/\/kapitalis.com\/tunisie\/#\/schema\/logo\/image\/\"},\"sameAs\":[\"https:\/\/www.facebook.com\/KapitalisInfo\/\",\"https:\/\/x.com\/KapitalisInfo\",\"https:\/\/www.youtube.com\/channel\/UC-yDYrHyfFBWWZaOw3FPg9Q\"]},{\"@type\":\"Person\",\"@id\":\"https:\/\/kapitalis.com\/tunisie\/#\/schema\/person\/74bbde0154d49d790a92aaeac5bc01d5\",\"name\":\"Yusra NY\",\"url\":\"https:\/\/kapitalis.com\/tunisie\/author\/yuza_adam\/\"}]}<\/script>\n<!-- \/ Yoast SEO plugin. -->","yoast_head_json":{"title":"Covid : Point sur la campagne de vaccination en Tunisie - Kapitalis","robots":{"index":"index","follow":"follow","max-snippet":"max-snippet:-1","max-image-preview":"max-image-preview:large","max-video-preview":"max-video-preview:-1"},"canonical":"https:\/\/kapitalis.com\/tunisie\/2021\/11\/15\/covid-point-sur-la-campagne-de-vaccination-en-tunisie\/","og_locale":"fr_FR","og_type":"article","og_title":"Covid : Point sur la campagne de vaccination en Tunisie - Kapitalis","og_description":"Le minist\u00e8re de la Sant\u00e9 a annonc\u00e9 aujourd\u2019hui, que la campagne de vaccination contre le coronavirus en Tunisie a permis jusqu\u2019au 15 novembre 2021, d\u2018administrer au total 9.896.676 doses de vaccins, sachant que 4.796.143 personnes ont termin\u00e9 leur sch\u00e9ma vaccinal.","og_url":"https:\/\/kapitalis.com\/tunisie\/2021\/11\/15\/covid-point-sur-la-campagne-de-vaccination-en-tunisie\/","og_site_name":"Kapitalis","article_publisher":"https:\/\/www.facebook.com\/KapitalisInfo\/","article_published_time":"2021-11-15T21:03:10+00:00","article_modified_time":"2021-11-15T21:06:30+00:00","og_image":[{"url":"http:\/\/kapitalis.com\/tunisie\/wp-content\/uploads\/2021\/06\/vaccin-tunisie-covid.jpg","type":"","width":"","height":""}],"author":"Yusra NY","twitter_card":"summary_large_image","twitter_creator":"@KapitalisInfo","twitter_site":"@KapitalisInfo","twitter_misc":{"\u00c9crit par":"Yusra NY","Dur\u00e9e de lecture estim\u00e9e":"1 minute"},"schema":{"@context":"https:\/\/schema.org","@graph":[{"@type":"Article","@id":"https:\/\/kapitalis.com\/tunisie\/2021\/11\/15\/covid-point-sur-la-campagne-de-vaccination-en-tunisie\/#article","isPartOf":{"@id":"https:\/\/kapitalis.com\/tunisie\/2021\/11\/15\/covid-point-sur-la-campagne-de-vaccination-en-tunisie\/"},"author":{"name":"Yusra NY","@id":"https:\/\/kapitalis.com\/tunisie\/#\/schema\/person\/74bbde0154d49d790a92aaeac5bc01d5"},"headline":"Covid : Point sur la campagne de vaccination en Tunisie","datePublished":"2021-11-15T21:03:10+00:00","dateModified":"2021-11-15T21:06:30+00:00","mainEntityOfPage":{"@id":"https:\/\/kapitalis.com\/tunisie\/2021\/11\/15\/covid-point-sur-la-campagne-de-vaccination-en-tunisie\/"},"wordCount":213,"commentCount":0,"publisher":{"@id":"https:\/\/kapitalis.com\/tunisie\/#organization"},"image":{"@id":"https:\/\/kapitalis.com\/tunisie\/2021\/11\/15\/covid-point-sur-la-campagne-de-vaccination-en-tunisie\/#primaryimage"},"thumbnailUrl":"http:\/\/kapitalis.com\/tunisie\/wp-content\/uploads\/2021\/06\/vaccin-tunisie-covid.jpg","keywords":["Coronavirus","Covid-19","sch\u00e9ma vaccinal","Tunisie","vaccin","vaccination"],"articleSection":["SOCIETE","Tunisie"],"inLanguage":"fr-FR","potentialAction":[{"@type":"CommentAction","name":"Comment","target":["https:\/\/kapitalis.com\/tunisie\/2021\/11\/15\/covid-point-sur-la-campagne-de-vaccination-en-tunisie\/#respond"]}]},{"@type":"WebPage","@id":"https:\/\/kapitalis.com\/tunisie\/2021\/11\/15\/covid-point-sur-la-campagne-de-vaccination-en-tunisie\/","url":"https:\/\/kapitalis.com\/tunisie\/2021\/11\/15\/covid-point-sur-la-campagne-de-vaccination-en-tunisie\/","name":"Covid : Point sur la campagne de vaccination en Tunisie - Kapitalis","isPartOf":{"@id":"https:\/\/kapitalis.com\/tunisie\/#website"},"primaryImageOfPage":{"@id":"https:\/\/kapitalis.com\/tunisie\/2021\/11\/15\/covid-point-sur-la-campagne-de-vaccination-en-tunisie\/#primaryimage"},"image":{"@id":"https:\/\/kapitalis.com\/tunisie\/2021\/11\/15\/covid-point-sur-la-campagne-de-vaccination-en-tunisie\/#primaryimage"},"thumbnailUrl":"http:\/\/kapitalis.com\/tunisie\/wp-content\/uploads\/2021\/06\/vaccin-tunisie-covid.jpg","datePublished":"2021-11-15T21:03:10+00:00","dateModified":"2021-11-15T21:06:30+00:00","breadcrumb":{"@id":"https:\/\/kapitalis.com\/tunisie\/2021\/11\/15\/covid-point-sur-la-campagne-de-vaccination-en-tunisie\/#breadcrumb"},"inLanguage":"fr-FR","potentialAction":[{"@type":"ReadAction","target":["https:\/\/kapitalis.com\/tunisie\/2021\/11\/15\/covid-point-sur-la-campagne-de-vaccination-en-tunisie\/"]}]},{"@type":"ImageObject","inLanguage":"fr-FR","@id":"https:\/\/kapitalis.com\/tunisie\/2021\/11\/15\/covid-point-sur-la-campagne-de-vaccination-en-tunisie\/#primaryimage","url":"","contentUrl":""},{"@type":"BreadcrumbList","@id":"https:\/\/kapitalis.com\/tunisie\/2021\/11\/15\/covid-point-sur-la-campagne-de-vaccination-en-tunisie\/#breadcrumb","itemListElement":[{"@type":"ListItem","position":1,"name":"Accueil","item":"https:\/\/kapitalis.com\/tunisie\/"},{"@type":"ListItem","position":2,"name":"Covid : Point sur la campagne de vaccination en Tunisie"}]},{"@type":"WebSite","@id":"https:\/\/kapitalis.com\/tunisie\/#website","url":"https:\/\/kapitalis.com\/tunisie\/","name":"Kapitalis","description":"L&#039;actualit\u00e9 en Tunisie et dans le monde","publisher":{"@id":"https:\/\/kapitalis.com\/tunisie\/#organization"},"potentialAction":[{"@type":"SearchAction","target":{"@type":"EntryPoint","urlTemplate":"https:\/\/kapitalis.com\/tunisie\/?s={search_term_string}"},"query-input":{"@type":"PropertyValueSpecification","valueRequired":true,"valueName":"search_term_string"}}],"inLanguage":"fr-FR"},{"@type":"Organization","@id":"https:\/\/kapitalis.com\/tunisie\/#organization","name":"Kapitalis","url":"https:\/\/kapitalis.com\/tunisie\/","logo":{"@type":"ImageObject","inLanguage":"fr-FR","@id":"https:\/\/kapitalis.com\/tunisie\/#\/schema\/logo\/image\/","url":"https:\/\/kapitalis.com\/tunisie\/wp-content\/uploads\/2022\/05\/Kapitalis-big-size.png","contentUrl":"https:\/\/kapitalis.com\/tunisie\/wp-content\/uploads\/2022\/05\/Kapitalis-big-size.png","width":5000,"height":1500,"caption":"Kapitalis"},"image":{"@id":"https:\/\/kapitalis.com\/tunisie\/#\/schema\/logo\/image\/"},"sameAs":["https:\/\/www.facebook.com\/KapitalisInfo\/","https:\/\/x.com\/KapitalisInfo","https:\/\/www.youtube.com\/channel\/UC-yDYrHyfFBWWZaOw3FPg9Q"]},{"@type":"Person","@id":"https:\/\/kapitalis.com\/tunisie\/#\/schema\/person\/74bbde0154d49d790a92aaeac5bc01d5","name":"Yusra NY","url":"https:\/\/kapitalis.com\/tunisie\/author\/yuza_adam\/"}]}},"_links":{"self":[{"href":"https:\/\/kapitalis.com\/tunisie\/wp-json\/wp\/v2\/posts\/369998","targetHints":{"allow":["GET"]}}],"collection":[{"href":"https:\/\/kapitalis.com\/tunisie\/wp-json\/wp\/v2\/posts"}],"about":[{"href":"https:\/\/kapitalis.com\/tunisie\/wp-json\/wp\/v2\/types\/post"}],"author":[{"embeddable":true,"href":"https:\/\/kapitalis.com\/tunisie\/wp-json\/wp\/v2\/users\/6"}],"replies":[{"embeddable":true,"href":"https:\/\/kapitalis.com\/tunisie\/wp-json\/wp\/v2\/comments?post=369998"}],"version-history":[{"count":0,"href":"https:\/\/kapitalis.com\/tunisie\/wp-json\/wp\/v2\/posts\/369998\/revisions"}],"wp:attachment":[{"href":"https:\/\/kapitalis.com\/tunisie\/wp-json\/wp\/v2\/media?parent=369998"}],"wp:term":[{"taxonomy":"category","embeddable":true,"href":"https:\/\/kapitalis.com\/tunisie\/wp-json\/wp\/v2\/categories?post=369998"},{"taxonomy":"post_tag","embeddable":true,"href":"https:\/\/kapitalis.com\/tunisie\/wp-json\/wp\/v2\/tags?post=369998"}],"curies":[{"name":"wp","href":"https:\/\/api.w.org\/{rel}","templated":true}]}}