{"id":370023,"date":"2021-11-16T09:41:05","date_gmt":"2021-11-16T08:41:05","guid":{"rendered":"http:\/\/kapitalis.com\/tunisie\/?p=370023"},"modified":"2021-11-16T09:43:55","modified_gmt":"2021-11-16T08:43:55","slug":"tunisie-zambie-la-ftf-regrette-une-reponse-tardive-du-ministre-de-la-sante-concernant-la-presence-de-spectateurs","status":"publish","type":"post","link":"https:\/\/kapitalis.com\/tunisie\/2021\/11\/16\/tunisie-zambie-la-ftf-regrette-une-reponse-tardive-du-ministre-de-la-sante-concernant-la-presence-de-spectateurs\/","title":{"rendered":"Tunisie &#8211; Zambie : La FTF regrette une r\u00e9ponse \u00abtardive\u00bb du ministre de la Sant\u00e9 concernant la pr\u00e9sence de spectateurs"},"content":{"rendered":"\n<div class=\"wp-block-image\"><figure class=\"aligncenter size-full\"><img decoding=\"async\" src=\"http:\/\/kapitalis.com\/tunisie\/wp-content\/uploads\/2016\/02\/stade-Rad\u00e8s.jpg\" alt=\"\" class=\"wp-image-39490\"\/><\/figure><\/div>\n\n\n\n<p><em><strong>La F\u00e9d\u00e9ration tunisienne de football (FTF) a d\u00e9plor\u00e9, hier soir, lundi 15 novembre 2021, via un communiqu\u00e9, l&rsquo;absence de r\u00e9ponse officielle de la part du minist\u00e8re de la Sant\u00e9 \u00e0 sa requ\u00eate d&rsquo;autoriser les spectateurs \u00e0 assister au match Tunisie-Zambie, comptant pour les \u00e9liminatoires de la Coupe du monde, ce mardi. Le m\u00eame communiqu\u00e9 indique qu&rsquo;une r\u00e9ponse \u00e0 cet effet du ministre de la Sant\u00e9, Ali Mrabet, a \u00e9t\u00e9 re\u00e7ue tardivement, hier soir, \u00e0 moins de 24 heures du match, \u00e0 travers le chauffeur du d\u00e9partement gouvernemental.<\/strong><\/em><\/p>\n\n\n\n<!--more-->\n\n\n\n<p>La f\u00e9d\u00e9ration a fait savoir que le ministre a r\u00e9pondu favorablement mais a rappel\u00e9 que dans sa requ\u00eate, elle avait fix\u00e9 les d\u00e9lais de r\u00e9ponse au vendredi 12 novembre, afin qu&rsquo;elle puisse en informer la Conf\u00e9d\u00e9ration africaine de football (Caf) et obtenir son accord avant la r\u00e9union s\u00e9curitaire et technique, et afin que la pr\u00e9paration logistique n\u00e9cessaire puisse avoir lieu, notamment la impression des billets.<\/p>\n\n\n\n<p>\u00ab<em>Cette r\u00e9ponse sera envoy\u00e9e directement par courrier \u00e9lectronique \u00e0 la Conf\u00e9d\u00e9ration africaine<\/em>\u00bb, ajoute <strong><a href=\"https:\/\/www.facebook.com\/FTF.OFFICIELLE\/posts\/4733458773351526\">le communiqu\u00e9<\/a><\/strong>.<\/p>\n\n\n\n<p>Autrement dit, jusqu&rsquo;\u00e0 cette heure, on ne peut savoir s&rsquo;il y aura des spectateurs pr\u00e9sents ou au match qui se d\u00e9roulera aujourd&rsquo;hui \u00e0 20h au stade de Rad\u00e8s, sachant qu&rsquo;il s&rsquo;agit d&rsquo;une rencontre d\u00e9cisive pour rester dans la course africaine en vue de se qualifier au mondial qatarien de 2022. <\/p>\n\n\n\n<p class=\"has-text-align-right\"><strong>C. B. Y.<\/strong><\/p>\n","protected":false},"excerpt":{"rendered":"<p>La F\u00e9d\u00e9ration tunisienne de football (FTF) a d\u00e9plor\u00e9, hier soir, lundi 15 novembre 2021, via un communiqu\u00e9, l&rsquo;absence de r\u00e9ponse officielle de la part du minist\u00e8re de la Sant\u00e9 \u00e0 sa requ\u00eate d&rsquo;autoriser les spectateurs \u00e0 assister au match Tunisie-Zambie, comptant pour les \u00e9liminatoires de la Coupe du monde, ce mardi. Le m\u00eame communiqu\u00e9 indique&#8230;<\/p>\n","protected":false},"author":24,"featured_media":0,"comment_status":"open","ping_status":"open","sticky":false,"template":"","format":"standard","meta":{"footnotes":""},"categories":[999,2433],"tags":[92489,176,5208,94956,94938],"class_list":["post-370023","post","type-post","status-publish","format-standard","hentry","category-sport","category-tunisie","tag-ali-mrabet","tag-caf","tag-ftf","tag-mondial-qatarien","tag-tunisie-zambie"],"yoast_head":"<!-- This site is optimized with the Yoast SEO plugin v26.6 - https:\/\/yoast.com\/wordpress\/plugins\/seo\/ -->\n<title>Tunisie - Zambie : La FTF regrette une r\u00e9ponse \u00abtardive\u00bb du ministre de la Sant\u00e9 concernant la pr\u00e9sence de spectateurs - Kapitalis<\/title>\n<meta name=\"robots\" content=\"index, follow, max-snippet:-1, max-image-preview:large, max-video-preview:-1\" \/>\n<link rel=\"canonical\" href=\"https:\/\/kapitalis.com\/tunisie\/2021\/11\/16\/tunisie-zambie-la-ftf-regrette-une-reponse-tardive-du-ministre-de-la-sante-concernant-la-presence-de-spectateurs\/\" \/>\n<meta property=\"og:locale\" content=\"fr_FR\" \/>\n<meta property=\"og:type\" content=\"article\" \/>\n<meta property=\"og:title\" content=\"Tunisie - Zambie : La FTF regrette une r\u00e9ponse \u00abtardive\u00bb du ministre de la Sant\u00e9 concernant la pr\u00e9sence de spectateurs - Kapitalis\" \/>\n<meta property=\"og:description\" content=\"La F\u00e9d\u00e9ration tunisienne de football (FTF) a d\u00e9plor\u00e9, hier soir, lundi 15 novembre 2021, via un communiqu\u00e9, l&rsquo;absence de r\u00e9ponse officielle de la part du minist\u00e8re de la Sant\u00e9 \u00e0 sa requ\u00eate d&rsquo;autoriser les spectateurs \u00e0 assister au match Tunisie-Zambie, comptant pour les \u00e9liminatoires de la Coupe du monde, ce mardi. Le m\u00eame communiqu\u00e9 indique...\" \/>\n<meta property=\"og:url\" content=\"https:\/\/kapitalis.com\/tunisie\/2021\/11\/16\/tunisie-zambie-la-ftf-regrette-une-reponse-tardive-du-ministre-de-la-sante-concernant-la-presence-de-spectateurs\/\" \/>\n<meta property=\"og:site_name\" content=\"Kapitalis\" \/>\n<meta property=\"article:publisher\" content=\"https:\/\/www.facebook.com\/KapitalisInfo\/\" \/>\n<meta property=\"article:published_time\" content=\"2021-11-16T08:41:05+00:00\" \/>\n<meta property=\"article:modified_time\" content=\"2021-11-16T08:43:55+00:00\" \/>\n<meta property=\"og:image\" content=\"https:\/\/kapitalis.com\/tunisie\/wp-content\/uploads\/2022\/05\/kapitalis-logo-fb.png\" \/>\n\t<meta property=\"og:image:width\" content=\"1200\" \/>\n\t<meta property=\"og:image:height\" content=\"630\" \/>\n\t<meta property=\"og:image:type\" content=\"image\/png\" \/>\n<meta name=\"author\" content=\"Cherif Benyounes\" \/>\n<meta name=\"twitter:card\" content=\"summary_large_image\" \/>\n<meta name=\"twitter:creator\" content=\"@KapitalisInfo\" \/>\n<meta name=\"twitter:site\" content=\"@KapitalisInfo\" \/>\n<meta name=\"twitter:label1\" content=\"\u00c9crit par\" \/>\n\t<meta name=\"twitter:data1\" content=\"Cherif Benyounes\" \/>\n\t<meta name=\"twitter:label2\" content=\"Dur\u00e9e de lecture estim\u00e9e\" \/>\n\t<meta name=\"twitter:data2\" content=\"1 minute\" \/>\n<script type=\"application\/ld+json\" class=\"yoast-schema-graph\">{\"@context\":\"https:\/\/schema.org\",\"@graph\":[{\"@type\":\"Article\",\"@id\":\"https:\/\/kapitalis.com\/tunisie\/2021\/11\/16\/tunisie-zambie-la-ftf-regrette-une-reponse-tardive-du-ministre-de-la-sante-concernant-la-presence-de-spectateurs\/#article\",\"isPartOf\":{\"@id\":\"https:\/\/kapitalis.com\/tunisie\/2021\/11\/16\/tunisie-zambie-la-ftf-regrette-une-reponse-tardive-du-ministre-de-la-sante-concernant-la-presence-de-spectateurs\/\"},\"author\":{\"name\":\"Cherif Benyounes\",\"@id\":\"https:\/\/kapitalis.com\/tunisie\/#\/schema\/person\/b35b8d631961131107263178aeb8019e\"},\"headline\":\"Tunisie &#8211; Zambie : La FTF regrette une r\u00e9ponse \u00abtardive\u00bb du ministre de la Sant\u00e9 concernant la pr\u00e9sence de spectateurs\",\"datePublished\":\"2021-11-16T08:41:05+00:00\",\"dateModified\":\"2021-11-16T08:43:55+00:00\",\"mainEntityOfPage\":{\"@id\":\"https:\/\/kapitalis.com\/tunisie\/2021\/11\/16\/tunisie-zambie-la-ftf-regrette-une-reponse-tardive-du-ministre-de-la-sante-concernant-la-presence-de-spectateurs\/\"},\"wordCount\":259,\"commentCount\":2,\"publisher\":{\"@id\":\"https:\/\/kapitalis.com\/tunisie\/#organization\"},\"keywords\":[\"Ali Mrabet\",\"CAF\",\"FTF\",\"mondial qatarien\",\"Tunisie - Zambie\"],\"articleSection\":[\"SPORT\",\"Tunisie\"],\"inLanguage\":\"fr-FR\",\"potentialAction\":[{\"@type\":\"CommentAction\",\"name\":\"Comment\",\"target\":[\"https:\/\/kapitalis.com\/tunisie\/2021\/11\/16\/tunisie-zambie-la-ftf-regrette-une-reponse-tardive-du-ministre-de-la-sante-concernant-la-presence-de-spectateurs\/#respond\"]}]},{\"@type\":\"WebPage\",\"@id\":\"https:\/\/kapitalis.com\/tunisie\/2021\/11\/16\/tunisie-zambie-la-ftf-regrette-une-reponse-tardive-du-ministre-de-la-sante-concernant-la-presence-de-spectateurs\/\",\"url\":\"https:\/\/kapitalis.com\/tunisie\/2021\/11\/16\/tunisie-zambie-la-ftf-regrette-une-reponse-tardive-du-ministre-de-la-sante-concernant-la-presence-de-spectateurs\/\",\"name\":\"Tunisie - Zambie : La FTF regrette une r\u00e9ponse \u00abtardive\u00bb du ministre de la Sant\u00e9 concernant la pr\u00e9sence de spectateurs - Kapitalis\",\"isPartOf\":{\"@id\":\"https:\/\/kapitalis.com\/tunisie\/#website\"},\"datePublished\":\"2021-11-16T08:41:05+00:00\",\"dateModified\":\"2021-11-16T08:43:55+00:00\",\"breadcrumb\":{\"@id\":\"https:\/\/kapitalis.com\/tunisie\/2021\/11\/16\/tunisie-zambie-la-ftf-regrette-une-reponse-tardive-du-ministre-de-la-sante-concernant-la-presence-de-spectateurs\/#breadcrumb\"},\"inLanguage\":\"fr-FR\",\"potentialAction\":[{\"@type\":\"ReadAction\",\"target\":[\"https:\/\/kapitalis.com\/tunisie\/2021\/11\/16\/tunisie-zambie-la-ftf-regrette-une-reponse-tardive-du-ministre-de-la-sante-concernant-la-presence-de-spectateurs\/\"]}]},{\"@type\":\"BreadcrumbList\",\"@id\":\"https:\/\/kapitalis.com\/tunisie\/2021\/11\/16\/tunisie-zambie-la-ftf-regrette-une-reponse-tardive-du-ministre-de-la-sante-concernant-la-presence-de-spectateurs\/#breadcrumb\",\"itemListElement\":[{\"@type\":\"ListItem\",\"position\":1,\"name\":\"Accueil\",\"item\":\"https:\/\/kapitalis.com\/tunisie\/\"},{\"@type\":\"ListItem\",\"position\":2,\"name\":\"Tunisie &#8211; Zambie : La FTF regrette une r\u00e9ponse \u00abtardive\u00bb du ministre de la Sant\u00e9 concernant la pr\u00e9sence de spectateurs\"}]},{\"@type\":\"WebSite\",\"@id\":\"https:\/\/kapitalis.com\/tunisie\/#website\",\"url\":\"https:\/\/kapitalis.com\/tunisie\/\",\"name\":\"Kapitalis\",\"description\":\"L&#039;actualit\u00e9 en Tunisie et dans le monde\",\"publisher\":{\"@id\":\"https:\/\/kapitalis.com\/tunisie\/#organization\"},\"potentialAction\":[{\"@type\":\"SearchAction\",\"target\":{\"@type\":\"EntryPoint\",\"urlTemplate\":\"https:\/\/kapitalis.com\/tunisie\/?s={search_term_string}\"},\"query-input\":{\"@type\":\"PropertyValueSpecification\",\"valueRequired\":true,\"valueName\":\"search_term_string\"}}],\"inLanguage\":\"fr-FR\"},{\"@type\":\"Organization\",\"@id\":\"https:\/\/kapitalis.com\/tunisie\/#organization\",\"name\":\"Kapitalis\",\"url\":\"https:\/\/kapitalis.com\/tunisie\/\",\"logo\":{\"@type\":\"ImageObject\",\"inLanguage\":\"fr-FR\",\"@id\":\"https:\/\/kapitalis.com\/tunisie\/#\/schema\/logo\/image\/\",\"url\":\"https:\/\/kapitalis.com\/tunisie\/wp-content\/uploads\/2022\/05\/Kapitalis-big-size.png\",\"contentUrl\":\"https:\/\/kapitalis.com\/tunisie\/wp-content\/uploads\/2022\/05\/Kapitalis-big-size.png\",\"width\":5000,\"height\":1500,\"caption\":\"Kapitalis\"},\"image\":{\"@id\":\"https:\/\/kapitalis.com\/tunisie\/#\/schema\/logo\/image\/\"},\"sameAs\":[\"https:\/\/www.facebook.com\/KapitalisInfo\/\",\"https:\/\/x.com\/KapitalisInfo\",\"https:\/\/www.youtube.com\/channel\/UC-yDYrHyfFBWWZaOw3FPg9Q\"]},{\"@type\":\"Person\",\"@id\":\"https:\/\/kapitalis.com\/tunisie\/#\/schema\/person\/b35b8d631961131107263178aeb8019e\",\"name\":\"Cherif Benyounes\",\"url\":\"https:\/\/kapitalis.com\/tunisie\/author\/cherif\/\"}]}<\/script>\n<!-- \/ Yoast SEO plugin. -->","yoast_head_json":{"title":"Tunisie - Zambie : La FTF regrette une r\u00e9ponse \u00abtardive\u00bb du ministre de la Sant\u00e9 concernant la pr\u00e9sence de spectateurs - Kapitalis","robots":{"index":"index","follow":"follow","max-snippet":"max-snippet:-1","max-image-preview":"max-image-preview:large","max-video-preview":"max-video-preview:-1"},"canonical":"https:\/\/kapitalis.com\/tunisie\/2021\/11\/16\/tunisie-zambie-la-ftf-regrette-une-reponse-tardive-du-ministre-de-la-sante-concernant-la-presence-de-spectateurs\/","og_locale":"fr_FR","og_type":"article","og_title":"Tunisie - Zambie : La FTF regrette une r\u00e9ponse \u00abtardive\u00bb du ministre de la Sant\u00e9 concernant la pr\u00e9sence de spectateurs - Kapitalis","og_description":"La F\u00e9d\u00e9ration tunisienne de football (FTF) a d\u00e9plor\u00e9, hier soir, lundi 15 novembre 2021, via un communiqu\u00e9, l&rsquo;absence de r\u00e9ponse officielle de la part du minist\u00e8re de la Sant\u00e9 \u00e0 sa requ\u00eate d&rsquo;autoriser les spectateurs \u00e0 assister au match Tunisie-Zambie, comptant pour les \u00e9liminatoires de la Coupe du monde, ce mardi. Le m\u00eame communiqu\u00e9 indique...","og_url":"https:\/\/kapitalis.com\/tunisie\/2021\/11\/16\/tunisie-zambie-la-ftf-regrette-une-reponse-tardive-du-ministre-de-la-sante-concernant-la-presence-de-spectateurs\/","og_site_name":"Kapitalis","article_publisher":"https:\/\/www.facebook.com\/KapitalisInfo\/","article_published_time":"2021-11-16T08:41:05+00:00","article_modified_time":"2021-11-16T08:43:55+00:00","og_image":[{"width":1200,"height":630,"url":"https:\/\/kapitalis.com\/tunisie\/wp-content\/uploads\/2022\/05\/kapitalis-logo-fb.png","type":"image\/png"}],"author":"Cherif Benyounes","twitter_card":"summary_large_image","twitter_creator":"@KapitalisInfo","twitter_site":"@KapitalisInfo","twitter_misc":{"\u00c9crit par":"Cherif Benyounes","Dur\u00e9e de lecture estim\u00e9e":"1 minute"},"schema":{"@context":"https:\/\/schema.org","@graph":[{"@type":"Article","@id":"https:\/\/kapitalis.com\/tunisie\/2021\/11\/16\/tunisie-zambie-la-ftf-regrette-une-reponse-tardive-du-ministre-de-la-sante-concernant-la-presence-de-spectateurs\/#article","isPartOf":{"@id":"https:\/\/kapitalis.com\/tunisie\/2021\/11\/16\/tunisie-zambie-la-ftf-regrette-une-reponse-tardive-du-ministre-de-la-sante-concernant-la-presence-de-spectateurs\/"},"author":{"name":"Cherif Benyounes","@id":"https:\/\/kapitalis.com\/tunisie\/#\/schema\/person\/b35b8d631961131107263178aeb8019e"},"headline":"Tunisie &#8211; Zambie : La FTF regrette une r\u00e9ponse \u00abtardive\u00bb du ministre de la Sant\u00e9 concernant la pr\u00e9sence de spectateurs","datePublished":"2021-11-16T08:41:05+00:00","dateModified":"2021-11-16T08:43:55+00:00","mainEntityOfPage":{"@id":"https:\/\/kapitalis.com\/tunisie\/2021\/11\/16\/tunisie-zambie-la-ftf-regrette-une-reponse-tardive-du-ministre-de-la-sante-concernant-la-presence-de-spectateurs\/"},"wordCount":259,"commentCount":2,"publisher":{"@id":"https:\/\/kapitalis.com\/tunisie\/#organization"},"keywords":["Ali Mrabet","CAF","FTF","mondial qatarien","Tunisie - Zambie"],"articleSection":["SPORT","Tunisie"],"inLanguage":"fr-FR","potentialAction":[{"@type":"CommentAction","name":"Comment","target":["https:\/\/kapitalis.com\/tunisie\/2021\/11\/16\/tunisie-zambie-la-ftf-regrette-une-reponse-tardive-du-ministre-de-la-sante-concernant-la-presence-de-spectateurs\/#respond"]}]},{"@type":"WebPage","@id":"https:\/\/kapitalis.com\/tunisie\/2021\/11\/16\/tunisie-zambie-la-ftf-regrette-une-reponse-tardive-du-ministre-de-la-sante-concernant-la-presence-de-spectateurs\/","url":"https:\/\/kapitalis.com\/tunisie\/2021\/11\/16\/tunisie-zambie-la-ftf-regrette-une-reponse-tardive-du-ministre-de-la-sante-concernant-la-presence-de-spectateurs\/","name":"Tunisie - Zambie : La FTF regrette une r\u00e9ponse \u00abtardive\u00bb du ministre de la Sant\u00e9 concernant la pr\u00e9sence de spectateurs - Kapitalis","isPartOf":{"@id":"https:\/\/kapitalis.com\/tunisie\/#website"},"datePublished":"2021-11-16T08:41:05+00:00","dateModified":"2021-11-16T08:43:55+00:00","breadcrumb":{"@id":"https:\/\/kapitalis.com\/tunisie\/2021\/11\/16\/tunisie-zambie-la-ftf-regrette-une-reponse-tardive-du-ministre-de-la-sante-concernant-la-presence-de-spectateurs\/#breadcrumb"},"inLanguage":"fr-FR","potentialAction":[{"@type":"ReadAction","target":["https:\/\/kapitalis.com\/tunisie\/2021\/11\/16\/tunisie-zambie-la-ftf-regrette-une-reponse-tardive-du-ministre-de-la-sante-concernant-la-presence-de-spectateurs\/"]}]},{"@type":"BreadcrumbList","@id":"https:\/\/kapitalis.com\/tunisie\/2021\/11\/16\/tunisie-zambie-la-ftf-regrette-une-reponse-tardive-du-ministre-de-la-sante-concernant-la-presence-de-spectateurs\/#breadcrumb","itemListElement":[{"@type":"ListItem","position":1,"name":"Accueil","item":"https:\/\/kapitalis.com\/tunisie\/"},{"@type":"ListItem","position":2,"name":"Tunisie &#8211; Zambie : La FTF regrette une r\u00e9ponse \u00abtardive\u00bb du ministre de la Sant\u00e9 concernant la pr\u00e9sence de spectateurs"}]},{"@type":"WebSite","@id":"https:\/\/kapitalis.com\/tunisie\/#website","url":"https:\/\/kapitalis.com\/tunisie\/","name":"Kapitalis","description":"L&#039;actualit\u00e9 en Tunisie et dans le monde","publisher":{"@id":"https:\/\/kapitalis.com\/tunisie\/#organization"},"potentialAction":[{"@type":"SearchAction","target":{"@type":"EntryPoint","urlTemplate":"https:\/\/kapitalis.com\/tunisie\/?s={search_term_string}"},"query-input":{"@type":"PropertyValueSpecification","valueRequired":true,"valueName":"search_term_string"}}],"inLanguage":"fr-FR"},{"@type":"Organization","@id":"https:\/\/kapitalis.com\/tunisie\/#organization","name":"Kapitalis","url":"https:\/\/kapitalis.com\/tunisie\/","logo":{"@type":"ImageObject","inLanguage":"fr-FR","@id":"https:\/\/kapitalis.com\/tunisie\/#\/schema\/logo\/image\/","url":"https:\/\/kapitalis.com\/tunisie\/wp-content\/uploads\/2022\/05\/Kapitalis-big-size.png","contentUrl":"https:\/\/kapitalis.com\/tunisie\/wp-content\/uploads\/2022\/05\/Kapitalis-big-size.png","width":5000,"height":1500,"caption":"Kapitalis"},"image":{"@id":"https:\/\/kapitalis.com\/tunisie\/#\/schema\/logo\/image\/"},"sameAs":["https:\/\/www.facebook.com\/KapitalisInfo\/","https:\/\/x.com\/KapitalisInfo","https:\/\/www.youtube.com\/channel\/UC-yDYrHyfFBWWZaOw3FPg9Q"]},{"@type":"Person","@id":"https:\/\/kapitalis.com\/tunisie\/#\/schema\/person\/b35b8d631961131107263178aeb8019e","name":"Cherif Benyounes","url":"https:\/\/kapitalis.com\/tunisie\/author\/cherif\/"}]}},"_links":{"self":[{"href":"https:\/\/kapitalis.com\/tunisie\/wp-json\/wp\/v2\/posts\/370023","targetHints":{"allow":["GET"]}}],"collection":[{"href":"https:\/\/kapitalis.com\/tunisie\/wp-json\/wp\/v2\/posts"}],"about":[{"href":"https:\/\/kapitalis.com\/tunisie\/wp-json\/wp\/v2\/types\/post"}],"author":[{"embeddable":true,"href":"https:\/\/kapitalis.com\/tunisie\/wp-json\/wp\/v2\/users\/24"}],"replies":[{"embeddable":true,"href":"https:\/\/kapitalis.com\/tunisie\/wp-json\/wp\/v2\/comments?post=370023"}],"version-history":[{"count":0,"href":"https:\/\/kapitalis.com\/tunisie\/wp-json\/wp\/v2\/posts\/370023\/revisions"}],"wp:attachment":[{"href":"https:\/\/kapitalis.com\/tunisie\/wp-json\/wp\/v2\/media?parent=370023"}],"wp:term":[{"taxonomy":"category","embeddable":true,"href":"https:\/\/kapitalis.com\/tunisie\/wp-json\/wp\/v2\/categories?post=370023"},{"taxonomy":"post_tag","embeddable":true,"href":"https:\/\/kapitalis.com\/tunisie\/wp-json\/wp\/v2\/tags?post=370023"}],"curies":[{"name":"wp","href":"https:\/\/api.w.org\/{rel}","templated":true}]}}