{"id":370240,"date":"2021-11-18T10:26:38","date_gmt":"2021-11-18T09:26:38","guid":{"rendered":"http:\/\/kapitalis.com\/tunisie\/?p=370240"},"modified":"2021-11-18T10:29:05","modified_gmt":"2021-11-18T09:29:05","slug":"cinematheque-tunisienne-mounir-baaziz-temoin-privilegie-de-la-memoire-du-cinema-tunisien","status":"publish","type":"post","link":"https:\/\/kapitalis.com\/tunisie\/2021\/11\/18\/cinematheque-tunisienne-mounir-baaziz-temoin-privilegie-de-la-memoire-du-cinema-tunisien\/","title":{"rendered":"Cin\u00e9math\u00e8que Tunisienne : Mounir Baaziz, t\u00e9moin privil\u00e9gi\u00e9 de la m\u00e9moire du cin\u00e9ma tunisien"},"content":{"rendered":"\n<div class=\"wp-block-image\"><figure class=\"aligncenter size-full\"><img decoding=\"async\" src=\"http:\/\/kapitalis.com\/tunisie\/wp-content\/uploads\/2021\/11\/Untitled-1-8.jpg\" alt=\"\" class=\"wp-image-370319\"\/><\/figure><\/div>\n\n\n\n<p><em><strong>La Cin\u00e9math\u00e8que tunisienne organise un \u00e9v\u00e9nement d\u00e9di\u00e9 au parcours cin\u00e9matographique de l\u2019assistant-r\u00e9alisateur Mounir Baaziz, qui aura lieu le samedi 20 novembre. Des projections, une exposition d\u2019archives et la pr\u00e9sentation d\u2019un livre in\u00e9dit sont au programme.<\/strong><\/em><\/p>\n\n\n\n<!--more-->\n\n\n\n<p>R\u00e9alisateur, sc\u00e9nariste, directeur de production, mais aussi et surtout assistant-r\u00e9alisateur, Mounir Baaziz est \u00ab\u00a0<em>l\u2019un des gardiens de la m\u00e9moire vive<\/em>\u00a0\u00bb, comme aime l\u2019appeler le directeur de la Cin\u00e9math\u00e8que tunisienne Tarek Ben Chaabane dans l\u2019\u00e9ditorial du livre qui sortira le samedi prochain et dans lequel il nous propose un entretien in\u00e9dit avec celui qui \u00ab<em> a dig\u00e9r\u00e9 dans le silence, qui a construit dans le chuchotement et qui, aujourd\u2019hui, archive dans le murmure<\/em>\u00a0\u00bb.<\/p>\n\n\n\n<p>L\u2019\u00e9v\u00e9nement sera l\u2019occasion de d\u00e9couvrir ou de red\u00e9couvrir une s\u00e9lection de courts-m\u00e9trages r\u00e9alis\u00e9s par Mounir Baaziz qui seront projet\u00e9s les samedi et dimanche prochains, et d\u2019assister \u00e0 une exposition d\u2019archives qui se tient \u00e0 l\u2019occasion de la sortie du livre \u00ab\u00a0<em>Mounir Baaziz, Parcours cin\u00e9matographique militant<\/em>\u00a0\u00bb qui contient des photographies et des documents rares et in\u00e9dits autour du tournage de films phares dans l\u2019histoire du cin\u00e9ma tunisien sur lesquels il a travaill\u00e9, comme \u00ab\u00a0<em>Le silence des palais<\/em>\u00a0\u00bb de Moufida Tlatli, \u00ab\u00a0<em>Halfaouine<\/em>\u00a0\u00bb de F\u00e9rid Boughedir, \u00ab\u00a0<em>L\u2019homme de cendres<\/em>\u00a0\u00bb de Nouri Bouzid, \u00ab\u00a0<em>Le prince<\/em>\u00a0\u00bb de Mohamed Zran \u2026<\/p>\n\n\n\n<p class=\"has-text-align-right\"><strong>Fawz Benali<\/strong><\/p>\n","protected":false},"excerpt":{"rendered":"<p>La Cin\u00e9math\u00e8que tunisienne organise un \u00e9v\u00e9nement d\u00e9di\u00e9 au parcours cin\u00e9matographique de l\u2019assistant-r\u00e9alisateur Mounir Baaziz, qui aura lieu le samedi 20 novembre. Des projections, une exposition d\u2019archives et la pr\u00e9sentation d\u2019un livre in\u00e9dit sont au programme.<\/p>\n","protected":false},"author":26,"featured_media":370319,"comment_status":"open","ping_status":"open","sticky":false,"template":"","format":"standard","meta":{"footnotes":""},"categories":[994,2433],"tags":[9668,34406,95004,82220,62643],"class_list":["post-370240","post","type-post","status-publish","format-standard","has-post-thumbnail","hentry","category-culture","category-tunisie","tag-cinema-tunisien","tag-cinematheque-tunisienne","tag-mounir-baaziz","tag-tarek-ben-chaabane","tag-tunisie"],"yoast_head":"<!-- This site is optimized with the Yoast SEO plugin v26.6 - https:\/\/yoast.com\/wordpress\/plugins\/seo\/ -->\n<title>Cin\u00e9math\u00e8que Tunisienne : Mounir Baaziz, t\u00e9moin privil\u00e9gi\u00e9 de la m\u00e9moire du cin\u00e9ma tunisien - Kapitalis<\/title>\n<meta name=\"robots\" content=\"index, follow, max-snippet:-1, max-image-preview:large, max-video-preview:-1\" \/>\n<link rel=\"canonical\" href=\"https:\/\/kapitalis.com\/tunisie\/2021\/11\/18\/cinematheque-tunisienne-mounir-baaziz-temoin-privilegie-de-la-memoire-du-cinema-tunisien\/\" \/>\n<meta property=\"og:locale\" content=\"fr_FR\" \/>\n<meta property=\"og:type\" content=\"article\" \/>\n<meta property=\"og:title\" content=\"Cin\u00e9math\u00e8que Tunisienne : Mounir Baaziz, t\u00e9moin privil\u00e9gi\u00e9 de la m\u00e9moire du cin\u00e9ma tunisien - Kapitalis\" \/>\n<meta property=\"og:description\" content=\"La Cin\u00e9math\u00e8que tunisienne organise un \u00e9v\u00e9nement d\u00e9di\u00e9 au parcours cin\u00e9matographique de l\u2019assistant-r\u00e9alisateur Mounir Baaziz, qui aura lieu le samedi 20 novembre. Des projections, une exposition d\u2019archives et la pr\u00e9sentation d\u2019un livre in\u00e9dit sont au programme.\" \/>\n<meta property=\"og:url\" content=\"https:\/\/kapitalis.com\/tunisie\/2021\/11\/18\/cinematheque-tunisienne-mounir-baaziz-temoin-privilegie-de-la-memoire-du-cinema-tunisien\/\" \/>\n<meta property=\"og:site_name\" content=\"Kapitalis\" \/>\n<meta property=\"article:publisher\" content=\"https:\/\/www.facebook.com\/KapitalisInfo\/\" \/>\n<meta property=\"article:published_time\" content=\"2021-11-18T09:26:38+00:00\" \/>\n<meta property=\"article:modified_time\" content=\"2021-11-18T09:29:05+00:00\" \/>\n<meta property=\"og:image\" content=\"https:\/\/kapitalis.com\/tunisie\/wp-content\/uploads\/2022\/05\/kapitalis-logo-fb.png\" \/>\n\t<meta property=\"og:image:width\" content=\"1200\" \/>\n\t<meta property=\"og:image:height\" content=\"630\" \/>\n\t<meta property=\"og:image:type\" content=\"image\/png\" \/>\n<meta name=\"author\" content=\"Fawz BenAli\" \/>\n<meta name=\"twitter:card\" content=\"summary_large_image\" \/>\n<meta name=\"twitter:creator\" content=\"@KapitalisInfo\" \/>\n<meta name=\"twitter:site\" content=\"@KapitalisInfo\" \/>\n<meta name=\"twitter:label1\" content=\"\u00c9crit par\" \/>\n\t<meta name=\"twitter:data1\" content=\"Fawz BenAli\" \/>\n\t<meta name=\"twitter:label2\" content=\"Dur\u00e9e de lecture estim\u00e9e\" \/>\n\t<meta name=\"twitter:data2\" content=\"1 minute\" \/>\n<script type=\"application\/ld+json\" class=\"yoast-schema-graph\">{\"@context\":\"https:\/\/schema.org\",\"@graph\":[{\"@type\":\"Article\",\"@id\":\"https:\/\/kapitalis.com\/tunisie\/2021\/11\/18\/cinematheque-tunisienne-mounir-baaziz-temoin-privilegie-de-la-memoire-du-cinema-tunisien\/#article\",\"isPartOf\":{\"@id\":\"https:\/\/kapitalis.com\/tunisie\/2021\/11\/18\/cinematheque-tunisienne-mounir-baaziz-temoin-privilegie-de-la-memoire-du-cinema-tunisien\/\"},\"author\":{\"name\":\"Fawz BenAli\",\"@id\":\"https:\/\/kapitalis.com\/tunisie\/#\/schema\/person\/73a5ecc1f6ae540c6ed91342eadca948\"},\"headline\":\"Cin\u00e9math\u00e8que Tunisienne : Mounir Baaziz, t\u00e9moin privil\u00e9gi\u00e9 de la m\u00e9moire du cin\u00e9ma tunisien\",\"datePublished\":\"2021-11-18T09:26:38+00:00\",\"dateModified\":\"2021-11-18T09:29:05+00:00\",\"mainEntityOfPage\":{\"@id\":\"https:\/\/kapitalis.com\/tunisie\/2021\/11\/18\/cinematheque-tunisienne-mounir-baaziz-temoin-privilegie-de-la-memoire-du-cinema-tunisien\/\"},\"wordCount\":259,\"commentCount\":0,\"publisher\":{\"@id\":\"https:\/\/kapitalis.com\/tunisie\/#organization\"},\"image\":{\"@id\":\"https:\/\/kapitalis.com\/tunisie\/2021\/11\/18\/cinematheque-tunisienne-mounir-baaziz-temoin-privilegie-de-la-memoire-du-cinema-tunisien\/#primaryimage\"},\"thumbnailUrl\":\"\",\"keywords\":[\"cin\u00e9ma tunisien\",\"Cin\u00e9math\u00e8que tunisienne\",\"Mounir Baaziz\",\"Tarek Ben Chaabane\",\"Tunisie\"],\"articleSection\":[\"CULTURE\",\"Tunisie\"],\"inLanguage\":\"fr-FR\",\"potentialAction\":[{\"@type\":\"CommentAction\",\"name\":\"Comment\",\"target\":[\"https:\/\/kapitalis.com\/tunisie\/2021\/11\/18\/cinematheque-tunisienne-mounir-baaziz-temoin-privilegie-de-la-memoire-du-cinema-tunisien\/#respond\"]}]},{\"@type\":\"WebPage\",\"@id\":\"https:\/\/kapitalis.com\/tunisie\/2021\/11\/18\/cinematheque-tunisienne-mounir-baaziz-temoin-privilegie-de-la-memoire-du-cinema-tunisien\/\",\"url\":\"https:\/\/kapitalis.com\/tunisie\/2021\/11\/18\/cinematheque-tunisienne-mounir-baaziz-temoin-privilegie-de-la-memoire-du-cinema-tunisien\/\",\"name\":\"Cin\u00e9math\u00e8que Tunisienne : Mounir Baaziz, t\u00e9moin privil\u00e9gi\u00e9 de la m\u00e9moire du cin\u00e9ma tunisien - Kapitalis\",\"isPartOf\":{\"@id\":\"https:\/\/kapitalis.com\/tunisie\/#website\"},\"primaryImageOfPage\":{\"@id\":\"https:\/\/kapitalis.com\/tunisie\/2021\/11\/18\/cinematheque-tunisienne-mounir-baaziz-temoin-privilegie-de-la-memoire-du-cinema-tunisien\/#primaryimage\"},\"image\":{\"@id\":\"https:\/\/kapitalis.com\/tunisie\/2021\/11\/18\/cinematheque-tunisienne-mounir-baaziz-temoin-privilegie-de-la-memoire-du-cinema-tunisien\/#primaryimage\"},\"thumbnailUrl\":\"\",\"datePublished\":\"2021-11-18T09:26:38+00:00\",\"dateModified\":\"2021-11-18T09:29:05+00:00\",\"breadcrumb\":{\"@id\":\"https:\/\/kapitalis.com\/tunisie\/2021\/11\/18\/cinematheque-tunisienne-mounir-baaziz-temoin-privilegie-de-la-memoire-du-cinema-tunisien\/#breadcrumb\"},\"inLanguage\":\"fr-FR\",\"potentialAction\":[{\"@type\":\"ReadAction\",\"target\":[\"https:\/\/kapitalis.com\/tunisie\/2021\/11\/18\/cinematheque-tunisienne-mounir-baaziz-temoin-privilegie-de-la-memoire-du-cinema-tunisien\/\"]}]},{\"@type\":\"ImageObject\",\"inLanguage\":\"fr-FR\",\"@id\":\"https:\/\/kapitalis.com\/tunisie\/2021\/11\/18\/cinematheque-tunisienne-mounir-baaziz-temoin-privilegie-de-la-memoire-du-cinema-tunisien\/#primaryimage\",\"url\":\"\",\"contentUrl\":\"\"},{\"@type\":\"BreadcrumbList\",\"@id\":\"https:\/\/kapitalis.com\/tunisie\/2021\/11\/18\/cinematheque-tunisienne-mounir-baaziz-temoin-privilegie-de-la-memoire-du-cinema-tunisien\/#breadcrumb\",\"itemListElement\":[{\"@type\":\"ListItem\",\"position\":1,\"name\":\"Accueil\",\"item\":\"https:\/\/kapitalis.com\/tunisie\/\"},{\"@type\":\"ListItem\",\"position\":2,\"name\":\"Cin\u00e9math\u00e8que Tunisienne : Mounir Baaziz, t\u00e9moin privil\u00e9gi\u00e9 de la m\u00e9moire du cin\u00e9ma tunisien\"}]},{\"@type\":\"WebSite\",\"@id\":\"https:\/\/kapitalis.com\/tunisie\/#website\",\"url\":\"https:\/\/kapitalis.com\/tunisie\/\",\"name\":\"Kapitalis\",\"description\":\"L&#039;actualit\u00e9 en Tunisie et dans le monde\",\"publisher\":{\"@id\":\"https:\/\/kapitalis.com\/tunisie\/#organization\"},\"potentialAction\":[{\"@type\":\"SearchAction\",\"target\":{\"@type\":\"EntryPoint\",\"urlTemplate\":\"https:\/\/kapitalis.com\/tunisie\/?s={search_term_string}\"},\"query-input\":{\"@type\":\"PropertyValueSpecification\",\"valueRequired\":true,\"valueName\":\"search_term_string\"}}],\"inLanguage\":\"fr-FR\"},{\"@type\":\"Organization\",\"@id\":\"https:\/\/kapitalis.com\/tunisie\/#organization\",\"name\":\"Kapitalis\",\"url\":\"https:\/\/kapitalis.com\/tunisie\/\",\"logo\":{\"@type\":\"ImageObject\",\"inLanguage\":\"fr-FR\",\"@id\":\"https:\/\/kapitalis.com\/tunisie\/#\/schema\/logo\/image\/\",\"url\":\"https:\/\/kapitalis.com\/tunisie\/wp-content\/uploads\/2022\/05\/Kapitalis-big-size.png\",\"contentUrl\":\"https:\/\/kapitalis.com\/tunisie\/wp-content\/uploads\/2022\/05\/Kapitalis-big-size.png\",\"width\":5000,\"height\":1500,\"caption\":\"Kapitalis\"},\"image\":{\"@id\":\"https:\/\/kapitalis.com\/tunisie\/#\/schema\/logo\/image\/\"},\"sameAs\":[\"https:\/\/www.facebook.com\/KapitalisInfo\/\",\"https:\/\/x.com\/KapitalisInfo\",\"https:\/\/www.youtube.com\/channel\/UC-yDYrHyfFBWWZaOw3FPg9Q\"]},{\"@type\":\"Person\",\"@id\":\"https:\/\/kapitalis.com\/tunisie\/#\/schema\/person\/73a5ecc1f6ae540c6ed91342eadca948\",\"name\":\"Fawz BenAli\",\"url\":\"https:\/\/kapitalis.com\/tunisie\/author\/fawz\/\"}]}<\/script>\n<!-- \/ Yoast SEO plugin. -->","yoast_head_json":{"title":"Cin\u00e9math\u00e8que Tunisienne : Mounir Baaziz, t\u00e9moin privil\u00e9gi\u00e9 de la m\u00e9moire du cin\u00e9ma tunisien - Kapitalis","robots":{"index":"index","follow":"follow","max-snippet":"max-snippet:-1","max-image-preview":"max-image-preview:large","max-video-preview":"max-video-preview:-1"},"canonical":"https:\/\/kapitalis.com\/tunisie\/2021\/11\/18\/cinematheque-tunisienne-mounir-baaziz-temoin-privilegie-de-la-memoire-du-cinema-tunisien\/","og_locale":"fr_FR","og_type":"article","og_title":"Cin\u00e9math\u00e8que Tunisienne : Mounir Baaziz, t\u00e9moin privil\u00e9gi\u00e9 de la m\u00e9moire du cin\u00e9ma tunisien - Kapitalis","og_description":"La Cin\u00e9math\u00e8que tunisienne organise un \u00e9v\u00e9nement d\u00e9di\u00e9 au parcours cin\u00e9matographique de l\u2019assistant-r\u00e9alisateur Mounir Baaziz, qui aura lieu le samedi 20 novembre. Des projections, une exposition d\u2019archives et la pr\u00e9sentation d\u2019un livre in\u00e9dit sont au programme.","og_url":"https:\/\/kapitalis.com\/tunisie\/2021\/11\/18\/cinematheque-tunisienne-mounir-baaziz-temoin-privilegie-de-la-memoire-du-cinema-tunisien\/","og_site_name":"Kapitalis","article_publisher":"https:\/\/www.facebook.com\/KapitalisInfo\/","article_published_time":"2021-11-18T09:26:38+00:00","article_modified_time":"2021-11-18T09:29:05+00:00","og_image":[{"width":1200,"height":630,"url":"https:\/\/kapitalis.com\/tunisie\/wp-content\/uploads\/2022\/05\/kapitalis-logo-fb.png","type":"image\/png"}],"author":"Fawz BenAli","twitter_card":"summary_large_image","twitter_creator":"@KapitalisInfo","twitter_site":"@KapitalisInfo","twitter_misc":{"\u00c9crit par":"Fawz BenAli","Dur\u00e9e de lecture estim\u00e9e":"1 minute"},"schema":{"@context":"https:\/\/schema.org","@graph":[{"@type":"Article","@id":"https:\/\/kapitalis.com\/tunisie\/2021\/11\/18\/cinematheque-tunisienne-mounir-baaziz-temoin-privilegie-de-la-memoire-du-cinema-tunisien\/#article","isPartOf":{"@id":"https:\/\/kapitalis.com\/tunisie\/2021\/11\/18\/cinematheque-tunisienne-mounir-baaziz-temoin-privilegie-de-la-memoire-du-cinema-tunisien\/"},"author":{"name":"Fawz BenAli","@id":"https:\/\/kapitalis.com\/tunisie\/#\/schema\/person\/73a5ecc1f6ae540c6ed91342eadca948"},"headline":"Cin\u00e9math\u00e8que Tunisienne : Mounir Baaziz, t\u00e9moin privil\u00e9gi\u00e9 de la m\u00e9moire du cin\u00e9ma tunisien","datePublished":"2021-11-18T09:26:38+00:00","dateModified":"2021-11-18T09:29:05+00:00","mainEntityOfPage":{"@id":"https:\/\/kapitalis.com\/tunisie\/2021\/11\/18\/cinematheque-tunisienne-mounir-baaziz-temoin-privilegie-de-la-memoire-du-cinema-tunisien\/"},"wordCount":259,"commentCount":0,"publisher":{"@id":"https:\/\/kapitalis.com\/tunisie\/#organization"},"image":{"@id":"https:\/\/kapitalis.com\/tunisie\/2021\/11\/18\/cinematheque-tunisienne-mounir-baaziz-temoin-privilegie-de-la-memoire-du-cinema-tunisien\/#primaryimage"},"thumbnailUrl":"","keywords":["cin\u00e9ma tunisien","Cin\u00e9math\u00e8que tunisienne","Mounir Baaziz","Tarek Ben Chaabane","Tunisie"],"articleSection":["CULTURE","Tunisie"],"inLanguage":"fr-FR","potentialAction":[{"@type":"CommentAction","name":"Comment","target":["https:\/\/kapitalis.com\/tunisie\/2021\/11\/18\/cinematheque-tunisienne-mounir-baaziz-temoin-privilegie-de-la-memoire-du-cinema-tunisien\/#respond"]}]},{"@type":"WebPage","@id":"https:\/\/kapitalis.com\/tunisie\/2021\/11\/18\/cinematheque-tunisienne-mounir-baaziz-temoin-privilegie-de-la-memoire-du-cinema-tunisien\/","url":"https:\/\/kapitalis.com\/tunisie\/2021\/11\/18\/cinematheque-tunisienne-mounir-baaziz-temoin-privilegie-de-la-memoire-du-cinema-tunisien\/","name":"Cin\u00e9math\u00e8que Tunisienne : Mounir Baaziz, t\u00e9moin privil\u00e9gi\u00e9 de la m\u00e9moire du cin\u00e9ma tunisien - Kapitalis","isPartOf":{"@id":"https:\/\/kapitalis.com\/tunisie\/#website"},"primaryImageOfPage":{"@id":"https:\/\/kapitalis.com\/tunisie\/2021\/11\/18\/cinematheque-tunisienne-mounir-baaziz-temoin-privilegie-de-la-memoire-du-cinema-tunisien\/#primaryimage"},"image":{"@id":"https:\/\/kapitalis.com\/tunisie\/2021\/11\/18\/cinematheque-tunisienne-mounir-baaziz-temoin-privilegie-de-la-memoire-du-cinema-tunisien\/#primaryimage"},"thumbnailUrl":"","datePublished":"2021-11-18T09:26:38+00:00","dateModified":"2021-11-18T09:29:05+00:00","breadcrumb":{"@id":"https:\/\/kapitalis.com\/tunisie\/2021\/11\/18\/cinematheque-tunisienne-mounir-baaziz-temoin-privilegie-de-la-memoire-du-cinema-tunisien\/#breadcrumb"},"inLanguage":"fr-FR","potentialAction":[{"@type":"ReadAction","target":["https:\/\/kapitalis.com\/tunisie\/2021\/11\/18\/cinematheque-tunisienne-mounir-baaziz-temoin-privilegie-de-la-memoire-du-cinema-tunisien\/"]}]},{"@type":"ImageObject","inLanguage":"fr-FR","@id":"https:\/\/kapitalis.com\/tunisie\/2021\/11\/18\/cinematheque-tunisienne-mounir-baaziz-temoin-privilegie-de-la-memoire-du-cinema-tunisien\/#primaryimage","url":"","contentUrl":""},{"@type":"BreadcrumbList","@id":"https:\/\/kapitalis.com\/tunisie\/2021\/11\/18\/cinematheque-tunisienne-mounir-baaziz-temoin-privilegie-de-la-memoire-du-cinema-tunisien\/#breadcrumb","itemListElement":[{"@type":"ListItem","position":1,"name":"Accueil","item":"https:\/\/kapitalis.com\/tunisie\/"},{"@type":"ListItem","position":2,"name":"Cin\u00e9math\u00e8que Tunisienne : Mounir Baaziz, t\u00e9moin privil\u00e9gi\u00e9 de la m\u00e9moire du cin\u00e9ma tunisien"}]},{"@type":"WebSite","@id":"https:\/\/kapitalis.com\/tunisie\/#website","url":"https:\/\/kapitalis.com\/tunisie\/","name":"Kapitalis","description":"L&#039;actualit\u00e9 en Tunisie et dans le monde","publisher":{"@id":"https:\/\/kapitalis.com\/tunisie\/#organization"},"potentialAction":[{"@type":"SearchAction","target":{"@type":"EntryPoint","urlTemplate":"https:\/\/kapitalis.com\/tunisie\/?s={search_term_string}"},"query-input":{"@type":"PropertyValueSpecification","valueRequired":true,"valueName":"search_term_string"}}],"inLanguage":"fr-FR"},{"@type":"Organization","@id":"https:\/\/kapitalis.com\/tunisie\/#organization","name":"Kapitalis","url":"https:\/\/kapitalis.com\/tunisie\/","logo":{"@type":"ImageObject","inLanguage":"fr-FR","@id":"https:\/\/kapitalis.com\/tunisie\/#\/schema\/logo\/image\/","url":"https:\/\/kapitalis.com\/tunisie\/wp-content\/uploads\/2022\/05\/Kapitalis-big-size.png","contentUrl":"https:\/\/kapitalis.com\/tunisie\/wp-content\/uploads\/2022\/05\/Kapitalis-big-size.png","width":5000,"height":1500,"caption":"Kapitalis"},"image":{"@id":"https:\/\/kapitalis.com\/tunisie\/#\/schema\/logo\/image\/"},"sameAs":["https:\/\/www.facebook.com\/KapitalisInfo\/","https:\/\/x.com\/KapitalisInfo","https:\/\/www.youtube.com\/channel\/UC-yDYrHyfFBWWZaOw3FPg9Q"]},{"@type":"Person","@id":"https:\/\/kapitalis.com\/tunisie\/#\/schema\/person\/73a5ecc1f6ae540c6ed91342eadca948","name":"Fawz BenAli","url":"https:\/\/kapitalis.com\/tunisie\/author\/fawz\/"}]}},"_links":{"self":[{"href":"https:\/\/kapitalis.com\/tunisie\/wp-json\/wp\/v2\/posts\/370240","targetHints":{"allow":["GET"]}}],"collection":[{"href":"https:\/\/kapitalis.com\/tunisie\/wp-json\/wp\/v2\/posts"}],"about":[{"href":"https:\/\/kapitalis.com\/tunisie\/wp-json\/wp\/v2\/types\/post"}],"author":[{"embeddable":true,"href":"https:\/\/kapitalis.com\/tunisie\/wp-json\/wp\/v2\/users\/26"}],"replies":[{"embeddable":true,"href":"https:\/\/kapitalis.com\/tunisie\/wp-json\/wp\/v2\/comments?post=370240"}],"version-history":[{"count":0,"href":"https:\/\/kapitalis.com\/tunisie\/wp-json\/wp\/v2\/posts\/370240\/revisions"}],"wp:featuredmedia":[{"embeddable":true,"href":"https:\/\/kapitalis.com\/tunisie\/wp-json\/wp\/v2\/media\/370319"}],"wp:attachment":[{"href":"https:\/\/kapitalis.com\/tunisie\/wp-json\/wp\/v2\/media?parent=370240"}],"wp:term":[{"taxonomy":"category","embeddable":true,"href":"https:\/\/kapitalis.com\/tunisie\/wp-json\/wp\/v2\/categories?post=370240"},{"taxonomy":"post_tag","embeddable":true,"href":"https:\/\/kapitalis.com\/tunisie\/wp-json\/wp\/v2\/tags?post=370240"}],"curies":[{"name":"wp","href":"https:\/\/api.w.org\/{rel}","templated":true}]}}