{"id":370278,"date":"2021-11-17T19:40:27","date_gmt":"2021-11-17T18:40:27","guid":{"rendered":"http:\/\/kapitalis.com\/tunisie\/?p=370278"},"modified":"2021-11-17T19:48:34","modified_gmt":"2021-11-17T18:48:34","slug":"sousse-mehdi-ben-gharbia-transfere-a-lhopital","status":"publish","type":"post","link":"https:\/\/kapitalis.com\/tunisie\/2021\/11\/17\/sousse-mehdi-ben-gharbia-transfere-a-lhopital\/","title":{"rendered":"Sousse : Mehdi Ben Gharbia transf\u00e9r\u00e9 \u00e0 l\u2019h\u00f4pital"},"content":{"rendered":"\n<div class=\"wp-block-image\"><figure class=\"aligncenter size-full\"><img decoding=\"async\" src=\"http:\/\/kapitalis.com\/tunisie\/wp-content\/uploads\/2018\/07\/Mehdi-Ben-Gharbia-d\u00e9mission-.jpg\" alt=\"\" class=\"wp-image-164755\"\/><\/figure><\/div>\n\n\n\n<p><strong><em>En gr\u00e8ve de la faim depuis le 5 novembre \u00e0 la prison civile de Messadine<\/em><\/strong> <strong><em> (Sousse), o\u00f9 il est d\u00e9tenu, l&rsquo;ancien d\u00e9put\u00e9 Mehdi Ben Gharbia a \u00e9t\u00e9 transf\u00e9r\u00e9, ce mercredi 17 novembre 2021, \u00e0 l&rsquo;h\u00f4pital.<\/em><\/strong><\/p>\n\n\n\n<!--more-->\n\n\n\n<p>Mehdi Ben Gharbi a perdu connaissance lors de son interrogatoire par le juge d\u2019instruction, et a \u00e9t\u00e9 transf\u00e9r\u00e9 au urgences de l&rsquo;h\u00f4pital Farhat Hached, pr\u00e9cise Ahmed Souab, avocat de la d\u00e9fense, dans une d\u00e9claration \u00e0 Al-charaa al Magharibi, en affirmant que l&rsquo;\u00e9tat de sant\u00e9 de son client s&rsquo;est d\u00e9grad\u00e9 \u00e0 cause des pressions qu&rsquo;il subit et de la gr\u00e8ve de la faim qu&rsquo;il a entam\u00e9 depuis 12 jours.<\/p>\n\n\n\n<p>Suspect\u00e9 dans une affaire de corruption financi\u00e8re en lien avec deux de ses soci\u00e9t\u00e9s, Mehdi Ben Gharbia, qui a \u00e9t\u00e9 plac\u00e9 en d\u00e9tention le 20 octobre dernier, a entam\u00e9 en gr\u00e8ve de la faim, dans le but de r\u00e9clamer un parloir sp\u00e9cial (visite sans barri\u00e8res) r\u00e9gulier afin de voir son fils de 5 ans, dont la maman est d\u00e9c\u00e9d\u00e9e.<\/p>\n\n\n\n<p>Notons que le comit\u00e9 des prisons a affirm\u00e9 que le d\u00e9tenu a pu voir son fils le 27 octobre dernier et que le parloir sp\u00e9cial est autoris\u00e9 une fois par mois pour tous les d\u00e9tenus et ce en pr\u00e9vention \u00e0 la propagation du coronavirus.<\/p>\n\n\n\n<p>Or Mehdi Ben Gharbia a d\u00e9cid\u00e9 de ne pas renoncer \u00e0 la gr\u00e8ve de la faim, estimant que la situation psychologique de son fils est d\u00e9licate et qu&rsquo;il a besoin de cette visite sp\u00e9ciale.<\/p>\n\n\n\n<p class=\"has-text-align-right\"><strong>Y. N.<\/strong><\/p>\n\n\n\n<figure class=\"wp-block-embed is-type-wp-embed is-provider-kapitalis wp-block-embed-kapitalis\"><div class=\"wp-block-embed__wrapper\">\n<blockquote class=\"wp-embedded-content\" data-secret=\"GLMUWlCL47\"><a href=\"https:\/\/kapitalis.com\/tunisie\/2021\/11\/08\/le-comite-general-des-prisons-sexprime-sur-les-conditions-de-detention-de-mehdi-ben-gharbia\/\">Le Comit\u00e9 g\u00e9n\u00e9ral des prisons s&rsquo;exprime sur les conditions de d\u00e9tention de Mehdi Ben Gharbia<\/a><\/blockquote><iframe loading=\"lazy\" class=\"wp-embedded-content\" sandbox=\"allow-scripts\" security=\"restricted\" style=\"position: absolute; clip: rect(1px, 1px, 1px, 1px);\" title=\"\u00ab\u00a0Le Comit\u00e9 g\u00e9n\u00e9ral des prisons s&rsquo;exprime sur les conditions de d\u00e9tention de Mehdi Ben Gharbia\u00a0\u00bb &#8212; Kapitalis\" src=\"https:\/\/kapitalis.com\/tunisie\/2021\/11\/08\/le-comite-general-des-prisons-sexprime-sur-les-conditions-de-detention-de-mehdi-ben-gharbia\/embed\/#?secret=hlldp4jv72#?secret=GLMUWlCL47\" data-secret=\"GLMUWlCL47\" width=\"600\" height=\"338\" frameborder=\"0\" marginwidth=\"0\" marginheight=\"0\" scrolling=\"no\"><\/iframe>\n<\/div><\/figure>\n","protected":false},"excerpt":{"rendered":"<p>En gr\u00e8ve de la faim depuis le 5 novembre \u00e0 la prison civile de Messadine (Sousse), o\u00f9 il est d\u00e9tenu, l&rsquo;ancien d\u00e9put\u00e9 Mehdi Ben Gharbia a \u00e9t\u00e9 transf\u00e9r\u00e9, ce mercredi 17 novembre 2021, \u00e0 l&rsquo;h\u00f4pital.<\/p>\n","protected":false},"author":6,"featured_media":0,"comment_status":"open","ping_status":"open","sticky":false,"template":"","format":"standard","meta":{"footnotes":""},"categories":[997,2433],"tags":[64471,24927,451,1168,87199,62643],"class_list":["post-370278","post","type-post","status-publish","format-standard","hentry","category-politique","category-tunisie","tag-corruption","tag-greve-faim","tag-hopital","tag-mehdi-ben-gharbia","tag-prison-messadine","tag-tunisie"],"yoast_head":"<!-- This site is optimized with the Yoast SEO plugin v26.6 - https:\/\/yoast.com\/wordpress\/plugins\/seo\/ -->\n<title>Sousse : Mehdi Ben Gharbia transf\u00e9r\u00e9 \u00e0 l\u2019h\u00f4pital - Kapitalis<\/title>\n<meta name=\"robots\" content=\"index, follow, max-snippet:-1, max-image-preview:large, max-video-preview:-1\" \/>\n<link rel=\"canonical\" href=\"https:\/\/kapitalis.com\/tunisie\/2021\/11\/17\/sousse-mehdi-ben-gharbia-transfere-a-lhopital\/\" \/>\n<meta property=\"og:locale\" content=\"fr_FR\" \/>\n<meta property=\"og:type\" content=\"article\" \/>\n<meta property=\"og:title\" content=\"Sousse : Mehdi Ben Gharbia transf\u00e9r\u00e9 \u00e0 l\u2019h\u00f4pital - Kapitalis\" \/>\n<meta property=\"og:description\" content=\"En gr\u00e8ve de la faim depuis le 5 novembre \u00e0 la prison civile de Messadine (Sousse), o\u00f9 il est d\u00e9tenu, l&rsquo;ancien d\u00e9put\u00e9 Mehdi Ben Gharbia a \u00e9t\u00e9 transf\u00e9r\u00e9, ce mercredi 17 novembre 2021, \u00e0 l&rsquo;h\u00f4pital.\" \/>\n<meta property=\"og:url\" content=\"https:\/\/kapitalis.com\/tunisie\/2021\/11\/17\/sousse-mehdi-ben-gharbia-transfere-a-lhopital\/\" \/>\n<meta property=\"og:site_name\" content=\"Kapitalis\" \/>\n<meta property=\"article:publisher\" content=\"https:\/\/www.facebook.com\/KapitalisInfo\/\" \/>\n<meta property=\"article:published_time\" content=\"2021-11-17T18:40:27+00:00\" \/>\n<meta property=\"article:modified_time\" content=\"2021-11-17T18:48:34+00:00\" \/>\n<meta property=\"og:image\" content=\"https:\/\/kapitalis.com\/tunisie\/wp-content\/uploads\/2022\/05\/kapitalis-logo-fb.png\" \/>\n\t<meta property=\"og:image:width\" content=\"1200\" \/>\n\t<meta property=\"og:image:height\" content=\"630\" \/>\n\t<meta property=\"og:image:type\" content=\"image\/png\" \/>\n<meta name=\"author\" content=\"Yusra NY\" \/>\n<meta name=\"twitter:card\" content=\"summary_large_image\" \/>\n<meta name=\"twitter:creator\" content=\"@KapitalisInfo\" \/>\n<meta name=\"twitter:site\" content=\"@KapitalisInfo\" \/>\n<meta name=\"twitter:label1\" content=\"\u00c9crit par\" \/>\n\t<meta name=\"twitter:data1\" content=\"Yusra NY\" \/>\n\t<meta name=\"twitter:label2\" content=\"Dur\u00e9e de lecture estim\u00e9e\" \/>\n\t<meta name=\"twitter:data2\" content=\"1 minute\" \/>\n<script type=\"application\/ld+json\" class=\"yoast-schema-graph\">{\"@context\":\"https:\/\/schema.org\",\"@graph\":[{\"@type\":\"Article\",\"@id\":\"https:\/\/kapitalis.com\/tunisie\/2021\/11\/17\/sousse-mehdi-ben-gharbia-transfere-a-lhopital\/#article\",\"isPartOf\":{\"@id\":\"https:\/\/kapitalis.com\/tunisie\/2021\/11\/17\/sousse-mehdi-ben-gharbia-transfere-a-lhopital\/\"},\"author\":{\"name\":\"Yusra NY\",\"@id\":\"https:\/\/kapitalis.com\/tunisie\/#\/schema\/person\/74bbde0154d49d790a92aaeac5bc01d5\"},\"headline\":\"Sousse : Mehdi Ben Gharbia transf\u00e9r\u00e9 \u00e0 l\u2019h\u00f4pital\",\"datePublished\":\"2021-11-17T18:40:27+00:00\",\"dateModified\":\"2021-11-17T18:48:34+00:00\",\"mainEntityOfPage\":{\"@id\":\"https:\/\/kapitalis.com\/tunisie\/2021\/11\/17\/sousse-mehdi-ben-gharbia-transfere-a-lhopital\/\"},\"wordCount\":277,\"commentCount\":0,\"publisher\":{\"@id\":\"https:\/\/kapitalis.com\/tunisie\/#organization\"},\"keywords\":[\"corruption\",\"gr\u00e8ve faim\",\"h\u00f4pital\",\"Mehdi Ben Gharbia\",\"prison Messadine\",\"Tunisie\"],\"articleSection\":[\"POLITIQUE\",\"Tunisie\"],\"inLanguage\":\"fr-FR\",\"potentialAction\":[{\"@type\":\"CommentAction\",\"name\":\"Comment\",\"target\":[\"https:\/\/kapitalis.com\/tunisie\/2021\/11\/17\/sousse-mehdi-ben-gharbia-transfere-a-lhopital\/#respond\"]}]},{\"@type\":\"WebPage\",\"@id\":\"https:\/\/kapitalis.com\/tunisie\/2021\/11\/17\/sousse-mehdi-ben-gharbia-transfere-a-lhopital\/\",\"url\":\"https:\/\/kapitalis.com\/tunisie\/2021\/11\/17\/sousse-mehdi-ben-gharbia-transfere-a-lhopital\/\",\"name\":\"Sousse : Mehdi Ben Gharbia transf\u00e9r\u00e9 \u00e0 l\u2019h\u00f4pital - Kapitalis\",\"isPartOf\":{\"@id\":\"https:\/\/kapitalis.com\/tunisie\/#website\"},\"datePublished\":\"2021-11-17T18:40:27+00:00\",\"dateModified\":\"2021-11-17T18:48:34+00:00\",\"breadcrumb\":{\"@id\":\"https:\/\/kapitalis.com\/tunisie\/2021\/11\/17\/sousse-mehdi-ben-gharbia-transfere-a-lhopital\/#breadcrumb\"},\"inLanguage\":\"fr-FR\",\"potentialAction\":[{\"@type\":\"ReadAction\",\"target\":[\"https:\/\/kapitalis.com\/tunisie\/2021\/11\/17\/sousse-mehdi-ben-gharbia-transfere-a-lhopital\/\"]}]},{\"@type\":\"BreadcrumbList\",\"@id\":\"https:\/\/kapitalis.com\/tunisie\/2021\/11\/17\/sousse-mehdi-ben-gharbia-transfere-a-lhopital\/#breadcrumb\",\"itemListElement\":[{\"@type\":\"ListItem\",\"position\":1,\"name\":\"Accueil\",\"item\":\"https:\/\/kapitalis.com\/tunisie\/\"},{\"@type\":\"ListItem\",\"position\":2,\"name\":\"Sousse : Mehdi Ben Gharbia transf\u00e9r\u00e9 \u00e0 l\u2019h\u00f4pital\"}]},{\"@type\":\"WebSite\",\"@id\":\"https:\/\/kapitalis.com\/tunisie\/#website\",\"url\":\"https:\/\/kapitalis.com\/tunisie\/\",\"name\":\"Kapitalis\",\"description\":\"L&#039;actualit\u00e9 en Tunisie et dans le monde\",\"publisher\":{\"@id\":\"https:\/\/kapitalis.com\/tunisie\/#organization\"},\"potentialAction\":[{\"@type\":\"SearchAction\",\"target\":{\"@type\":\"EntryPoint\",\"urlTemplate\":\"https:\/\/kapitalis.com\/tunisie\/?s={search_term_string}\"},\"query-input\":{\"@type\":\"PropertyValueSpecification\",\"valueRequired\":true,\"valueName\":\"search_term_string\"}}],\"inLanguage\":\"fr-FR\"},{\"@type\":\"Organization\",\"@id\":\"https:\/\/kapitalis.com\/tunisie\/#organization\",\"name\":\"Kapitalis\",\"url\":\"https:\/\/kapitalis.com\/tunisie\/\",\"logo\":{\"@type\":\"ImageObject\",\"inLanguage\":\"fr-FR\",\"@id\":\"https:\/\/kapitalis.com\/tunisie\/#\/schema\/logo\/image\/\",\"url\":\"https:\/\/kapitalis.com\/tunisie\/wp-content\/uploads\/2022\/05\/Kapitalis-big-size.png\",\"contentUrl\":\"https:\/\/kapitalis.com\/tunisie\/wp-content\/uploads\/2022\/05\/Kapitalis-big-size.png\",\"width\":5000,\"height\":1500,\"caption\":\"Kapitalis\"},\"image\":{\"@id\":\"https:\/\/kapitalis.com\/tunisie\/#\/schema\/logo\/image\/\"},\"sameAs\":[\"https:\/\/www.facebook.com\/KapitalisInfo\/\",\"https:\/\/x.com\/KapitalisInfo\",\"https:\/\/www.youtube.com\/channel\/UC-yDYrHyfFBWWZaOw3FPg9Q\"]},{\"@type\":\"Person\",\"@id\":\"https:\/\/kapitalis.com\/tunisie\/#\/schema\/person\/74bbde0154d49d790a92aaeac5bc01d5\",\"name\":\"Yusra NY\",\"url\":\"https:\/\/kapitalis.com\/tunisie\/author\/yuza_adam\/\"}]}<\/script>\n<!-- \/ Yoast SEO plugin. -->","yoast_head_json":{"title":"Sousse : Mehdi Ben Gharbia transf\u00e9r\u00e9 \u00e0 l\u2019h\u00f4pital - Kapitalis","robots":{"index":"index","follow":"follow","max-snippet":"max-snippet:-1","max-image-preview":"max-image-preview:large","max-video-preview":"max-video-preview:-1"},"canonical":"https:\/\/kapitalis.com\/tunisie\/2021\/11\/17\/sousse-mehdi-ben-gharbia-transfere-a-lhopital\/","og_locale":"fr_FR","og_type":"article","og_title":"Sousse : Mehdi Ben Gharbia transf\u00e9r\u00e9 \u00e0 l\u2019h\u00f4pital - Kapitalis","og_description":"En gr\u00e8ve de la faim depuis le 5 novembre \u00e0 la prison civile de Messadine (Sousse), o\u00f9 il est d\u00e9tenu, l&rsquo;ancien d\u00e9put\u00e9 Mehdi Ben Gharbia a \u00e9t\u00e9 transf\u00e9r\u00e9, ce mercredi 17 novembre 2021, \u00e0 l&rsquo;h\u00f4pital.","og_url":"https:\/\/kapitalis.com\/tunisie\/2021\/11\/17\/sousse-mehdi-ben-gharbia-transfere-a-lhopital\/","og_site_name":"Kapitalis","article_publisher":"https:\/\/www.facebook.com\/KapitalisInfo\/","article_published_time":"2021-11-17T18:40:27+00:00","article_modified_time":"2021-11-17T18:48:34+00:00","og_image":[{"width":1200,"height":630,"url":"https:\/\/kapitalis.com\/tunisie\/wp-content\/uploads\/2022\/05\/kapitalis-logo-fb.png","type":"image\/png"}],"author":"Yusra NY","twitter_card":"summary_large_image","twitter_creator":"@KapitalisInfo","twitter_site":"@KapitalisInfo","twitter_misc":{"\u00c9crit par":"Yusra NY","Dur\u00e9e de lecture estim\u00e9e":"1 minute"},"schema":{"@context":"https:\/\/schema.org","@graph":[{"@type":"Article","@id":"https:\/\/kapitalis.com\/tunisie\/2021\/11\/17\/sousse-mehdi-ben-gharbia-transfere-a-lhopital\/#article","isPartOf":{"@id":"https:\/\/kapitalis.com\/tunisie\/2021\/11\/17\/sousse-mehdi-ben-gharbia-transfere-a-lhopital\/"},"author":{"name":"Yusra NY","@id":"https:\/\/kapitalis.com\/tunisie\/#\/schema\/person\/74bbde0154d49d790a92aaeac5bc01d5"},"headline":"Sousse : Mehdi Ben Gharbia transf\u00e9r\u00e9 \u00e0 l\u2019h\u00f4pital","datePublished":"2021-11-17T18:40:27+00:00","dateModified":"2021-11-17T18:48:34+00:00","mainEntityOfPage":{"@id":"https:\/\/kapitalis.com\/tunisie\/2021\/11\/17\/sousse-mehdi-ben-gharbia-transfere-a-lhopital\/"},"wordCount":277,"commentCount":0,"publisher":{"@id":"https:\/\/kapitalis.com\/tunisie\/#organization"},"keywords":["corruption","gr\u00e8ve faim","h\u00f4pital","Mehdi Ben Gharbia","prison Messadine","Tunisie"],"articleSection":["POLITIQUE","Tunisie"],"inLanguage":"fr-FR","potentialAction":[{"@type":"CommentAction","name":"Comment","target":["https:\/\/kapitalis.com\/tunisie\/2021\/11\/17\/sousse-mehdi-ben-gharbia-transfere-a-lhopital\/#respond"]}]},{"@type":"WebPage","@id":"https:\/\/kapitalis.com\/tunisie\/2021\/11\/17\/sousse-mehdi-ben-gharbia-transfere-a-lhopital\/","url":"https:\/\/kapitalis.com\/tunisie\/2021\/11\/17\/sousse-mehdi-ben-gharbia-transfere-a-lhopital\/","name":"Sousse : Mehdi Ben Gharbia transf\u00e9r\u00e9 \u00e0 l\u2019h\u00f4pital - Kapitalis","isPartOf":{"@id":"https:\/\/kapitalis.com\/tunisie\/#website"},"datePublished":"2021-11-17T18:40:27+00:00","dateModified":"2021-11-17T18:48:34+00:00","breadcrumb":{"@id":"https:\/\/kapitalis.com\/tunisie\/2021\/11\/17\/sousse-mehdi-ben-gharbia-transfere-a-lhopital\/#breadcrumb"},"inLanguage":"fr-FR","potentialAction":[{"@type":"ReadAction","target":["https:\/\/kapitalis.com\/tunisie\/2021\/11\/17\/sousse-mehdi-ben-gharbia-transfere-a-lhopital\/"]}]},{"@type":"BreadcrumbList","@id":"https:\/\/kapitalis.com\/tunisie\/2021\/11\/17\/sousse-mehdi-ben-gharbia-transfere-a-lhopital\/#breadcrumb","itemListElement":[{"@type":"ListItem","position":1,"name":"Accueil","item":"https:\/\/kapitalis.com\/tunisie\/"},{"@type":"ListItem","position":2,"name":"Sousse : Mehdi Ben Gharbia transf\u00e9r\u00e9 \u00e0 l\u2019h\u00f4pital"}]},{"@type":"WebSite","@id":"https:\/\/kapitalis.com\/tunisie\/#website","url":"https:\/\/kapitalis.com\/tunisie\/","name":"Kapitalis","description":"L&#039;actualit\u00e9 en Tunisie et dans le monde","publisher":{"@id":"https:\/\/kapitalis.com\/tunisie\/#organization"},"potentialAction":[{"@type":"SearchAction","target":{"@type":"EntryPoint","urlTemplate":"https:\/\/kapitalis.com\/tunisie\/?s={search_term_string}"},"query-input":{"@type":"PropertyValueSpecification","valueRequired":true,"valueName":"search_term_string"}}],"inLanguage":"fr-FR"},{"@type":"Organization","@id":"https:\/\/kapitalis.com\/tunisie\/#organization","name":"Kapitalis","url":"https:\/\/kapitalis.com\/tunisie\/","logo":{"@type":"ImageObject","inLanguage":"fr-FR","@id":"https:\/\/kapitalis.com\/tunisie\/#\/schema\/logo\/image\/","url":"https:\/\/kapitalis.com\/tunisie\/wp-content\/uploads\/2022\/05\/Kapitalis-big-size.png","contentUrl":"https:\/\/kapitalis.com\/tunisie\/wp-content\/uploads\/2022\/05\/Kapitalis-big-size.png","width":5000,"height":1500,"caption":"Kapitalis"},"image":{"@id":"https:\/\/kapitalis.com\/tunisie\/#\/schema\/logo\/image\/"},"sameAs":["https:\/\/www.facebook.com\/KapitalisInfo\/","https:\/\/x.com\/KapitalisInfo","https:\/\/www.youtube.com\/channel\/UC-yDYrHyfFBWWZaOw3FPg9Q"]},{"@type":"Person","@id":"https:\/\/kapitalis.com\/tunisie\/#\/schema\/person\/74bbde0154d49d790a92aaeac5bc01d5","name":"Yusra NY","url":"https:\/\/kapitalis.com\/tunisie\/author\/yuza_adam\/"}]}},"_links":{"self":[{"href":"https:\/\/kapitalis.com\/tunisie\/wp-json\/wp\/v2\/posts\/370278","targetHints":{"allow":["GET"]}}],"collection":[{"href":"https:\/\/kapitalis.com\/tunisie\/wp-json\/wp\/v2\/posts"}],"about":[{"href":"https:\/\/kapitalis.com\/tunisie\/wp-json\/wp\/v2\/types\/post"}],"author":[{"embeddable":true,"href":"https:\/\/kapitalis.com\/tunisie\/wp-json\/wp\/v2\/users\/6"}],"replies":[{"embeddable":true,"href":"https:\/\/kapitalis.com\/tunisie\/wp-json\/wp\/v2\/comments?post=370278"}],"version-history":[{"count":0,"href":"https:\/\/kapitalis.com\/tunisie\/wp-json\/wp\/v2\/posts\/370278\/revisions"}],"wp:attachment":[{"href":"https:\/\/kapitalis.com\/tunisie\/wp-json\/wp\/v2\/media?parent=370278"}],"wp:term":[{"taxonomy":"category","embeddable":true,"href":"https:\/\/kapitalis.com\/tunisie\/wp-json\/wp\/v2\/categories?post=370278"},{"taxonomy":"post_tag","embeddable":true,"href":"https:\/\/kapitalis.com\/tunisie\/wp-json\/wp\/v2\/tags?post=370278"}],"curies":[{"name":"wp","href":"https:\/\/api.w.org\/{rel}","templated":true}]}}