{"id":370478,"date":"2021-11-19T09:45:04","date_gmt":"2021-11-19T08:45:04","guid":{"rendered":"http:\/\/kapitalis.com\/tunisie\/?p=370478"},"modified":"2021-11-19T09:51:06","modified_gmt":"2021-11-19T08:51:06","slug":"appel-a-projets-pour-accompagner-des-entrepreneures-tunisiennes","status":"publish","type":"post","link":"https:\/\/kapitalis.com\/tunisie\/2021\/11\/19\/appel-a-projets-pour-accompagner-des-entrepreneures-tunisiennes\/","title":{"rendered":"Appel \u00e0 projets pour accompagner des entrepreneures tunisiennes"},"content":{"rendered":"\n<div class=\"wp-block-image\"><figure class=\"aligncenter size-full\"><img decoding=\"async\" src=\"http:\/\/kapitalis.com\/tunisie\/wp-content\/uploads\/2021\/11\/Programme-Fast-2.jpg\" alt=\"\" class=\"wp-image-370479\"\/><\/figure><\/div>\n\n\n\n<p><strong><em>Apr\u00e8s le lancement r\u00e9ussi d\u2019un premier appel \u00e0 projet consacr\u00e9 aux programmes d\u2019acc\u00e9l\u00e9ration, le programme Femmes et acc\u00e9l\u00e9ration pour les startups et TPE (Fast), lance son deuxi\u00e8me appel \u00e0 projets visant \u00e0 soutenir des programmes d\u2019incubation d\u00e9di\u00e9s aux femmes entrepreneures en r\u00e9gion.<\/em><\/strong><\/p>\n\n\n\n<!--more-->\n\n\n\n<p>Financ\u00e9 par l\u2019Agence fran\u00e7aise de d\u00e9veloppement (AFD) et mis en \u0153uvre par la Caisse des d\u00e9p\u00f4ts et consignations tunisienne (CDC) avec l&rsquo;assistance technique d\u2019Expertise France, le projet Fast contribue \u00e0 renforcer et \u00e0 p\u00e9renniser la structuration de l\u2019\u00e9cosyst\u00e8me entrepreneurial en Tunisie. Il s\u2019attache plus particuli\u00e8rement \u00e0 favoriser le d\u00e9veloppement de l\u2019entrepreneuriat f\u00e9minin et s\u2019articule autour de 3 appels \u00e0 projets : acc\u00e9l\u00e9ration, incubation des femmes entrepreneures en r\u00e9gion et relations entre grandes entreprises et startups.<\/p>\n\n\n\n<p>Le deuxi\u00e8me appel \u00e0 projet, lanc\u00e9 le 15 novembre 2021, vise \u00e0 encourager la cr\u00e9ation ou le renforcement de programmes d\u2019incubation, destin\u00e9s exclusivement \u00e0 des projets port\u00e9s par des femmes et situ\u00e9s en r\u00e9gion, hors du grand Tunis.<\/p>\n\n\n\n<p>Afin de rencontrer les acteurs de l\u2019\u00e9cosyst\u00e8me entrepreneurial tunisien et de r\u00e9pondre \u00e0 leurs questions concernant ce deuxi\u00e8me appel \u00e0 projet, une session d\u2019information a eu lieu le mercredi 17 novembre \u00e0 The DOT. D\u2019autres sessions d\u2019information seront tenues \u00e0 Beja, Sidi Bouzid, Sousse, Sfax et Djerba tout au long de la semaine du 22 novembre \u00e0 la&nbsp;p\u00e9pini\u00e8re d&rsquo;entreprises \u00ab\u00a0Beja Essor Technologique\u201d, le 22 novembre \u00e0 10h, au&nbsp;Centre d\u2019affaires de Sidi Bouzid, le 23 novembre \u00e0 10h, \u00e0&nbsp;Novation City \u00e0 Sousse, le 24 novembre \u00e0 10h, au&nbsp;Centre d\u2019affaires de Sfax, le 25 novembre \u00e0 10h, et \u00e0&nbsp;Cozi coworking space \u00e0 Djerba, le 26 novembre 2021 \u00e0 10h.<\/p>\n\n\n\n<p>Ces rencontres d&rsquo;information seront l\u2019occasion pour l\u2019\u00e9quipe Fast et les diff\u00e9rentes parties prenantes du projet de s\u2019informer sur l\u2019appel \u00e0 projet et de r\u00e9pondre aux \u00e9ventuelles interrogations des potentielles candidates.<\/p>\n\n\n\n<p><a href=\"https:\/\/www.facebook.com\/Femmes-et-Acc%C3%A9l%C3%A9ration-pour-les-Startups-et-TPE-278663933983875\" target=\"_blank\" rel=\"noreferrer noopener\">Facebook.<\/a> <\/p>\n\n\n\n<p><a href=\"https:\/\/www.instagram.com\/fast_tn\" target=\"_blank\" rel=\"noreferrer noopener\">Instagram. <\/a><\/p>\n\n\n\n<p><a href=\"https:\/\/twitter.com\/fast_tunisie\" target=\"_blank\" rel=\"noreferrer noopener\">Twitter. <\/a><\/p>\n\n\n\n<p><a href=\"https:\/\/www.linkedin.com\/company\/fast-tunisie\/\" target=\"_blank\" rel=\"noreferrer noopener\">LinkedIN<\/a>. <\/p>\n\n\n\n<figure class=\"wp-block-gallery columns-2 is-cropped wp-block-gallery-1 is-layout-flex wp-block-gallery-is-layout-flex\"><ul class=\"blocks-gallery-grid\"><li class=\"blocks-gallery-item\"><figure><img decoding=\"async\" src=\"http:\/\/kapitalis.com\/tunisie\/wp-content\/uploads\/2021\/11\/Programme-Fast-3.jpg\" alt=\"\" data-id=\"370481\" data-full-url=\"http:\/\/kapitalis.com\/tunisie\/wp-content\/uploads\/2021\/11\/Programme-Fast-3.jpg\" data-link=\"http:\/\/kapitalis.com\/tunisie\/?attachment_id=370481\" class=\"wp-image-370481\"\/><\/figure><\/li><li class=\"blocks-gallery-item\"><figure><img decoding=\"async\" src=\"http:\/\/kapitalis.com\/tunisie\/wp-content\/uploads\/2021\/11\/Programme-Fast.jpg\" alt=\"\" data-id=\"370480\" data-full-url=\"http:\/\/kapitalis.com\/tunisie\/wp-content\/uploads\/2021\/11\/Programme-Fast.jpg\" data-link=\"http:\/\/kapitalis.com\/tunisie\/?attachment_id=370480\" class=\"wp-image-370480\"\/><\/figure><\/li><\/ul><\/figure>\n","protected":false},"excerpt":{"rendered":"<p>Apr\u00e8s le lancement r\u00e9ussi d\u2019un premier appel \u00e0 projet consacr\u00e9 aux programmes d\u2019acc\u00e9l\u00e9ration, le programme Femmes et acc\u00e9l\u00e9ration pour les startups et TPE (Fast), lance son deuxi\u00e8me appel \u00e0 projets visant \u00e0 soutenir des programmes d\u2019incubation d\u00e9di\u00e9s aux femmes entrepreneures en r\u00e9gion.<\/p>\n","protected":false},"author":8,"featured_media":370479,"comment_status":"open","ping_status":"open","sticky":false,"template":"","format":"standard","meta":{"footnotes":""},"categories":[995,2433],"tags":[95045,95044,62643],"class_list":["post-370478","post","type-post","status-publish","format-standard","has-post-thumbnail","hentry","category-economie","category-tunisie","tag-entrepreneures-tunisiennes","tag-programme-fast","tag-tunisie"],"yoast_head":"<!-- This site is optimized with the Yoast SEO plugin v26.6 - https:\/\/yoast.com\/wordpress\/plugins\/seo\/ -->\n<title>Appel \u00e0 projets pour accompagner des entrepreneures tunisiennes - Kapitalis<\/title>\n<meta name=\"robots\" content=\"index, follow, max-snippet:-1, max-image-preview:large, max-video-preview:-1\" \/>\n<link rel=\"canonical\" href=\"https:\/\/kapitalis.com\/tunisie\/2021\/11\/19\/appel-a-projets-pour-accompagner-des-entrepreneures-tunisiennes\/\" \/>\n<meta property=\"og:locale\" content=\"fr_FR\" \/>\n<meta property=\"og:type\" content=\"article\" \/>\n<meta property=\"og:title\" content=\"Appel \u00e0 projets pour accompagner des entrepreneures tunisiennes - Kapitalis\" \/>\n<meta property=\"og:description\" content=\"Apr\u00e8s le lancement r\u00e9ussi d\u2019un premier appel \u00e0 projet consacr\u00e9 aux programmes d\u2019acc\u00e9l\u00e9ration, le programme Femmes et acc\u00e9l\u00e9ration pour les startups et TPE (Fast), lance son deuxi\u00e8me appel \u00e0 projets visant \u00e0 soutenir des programmes d\u2019incubation d\u00e9di\u00e9s aux femmes entrepreneures en r\u00e9gion.\" \/>\n<meta property=\"og:url\" content=\"https:\/\/kapitalis.com\/tunisie\/2021\/11\/19\/appel-a-projets-pour-accompagner-des-entrepreneures-tunisiennes\/\" \/>\n<meta property=\"og:site_name\" content=\"Kapitalis\" \/>\n<meta property=\"article:publisher\" content=\"https:\/\/www.facebook.com\/KapitalisInfo\/\" \/>\n<meta property=\"article:published_time\" content=\"2021-11-19T08:45:04+00:00\" \/>\n<meta property=\"article:modified_time\" content=\"2021-11-19T08:51:06+00:00\" \/>\n<meta property=\"og:image\" content=\"https:\/\/kapitalis.com\/tunisie\/wp-content\/uploads\/2022\/05\/kapitalis-logo-fb.png\" \/>\n\t<meta property=\"og:image:width\" content=\"1200\" \/>\n\t<meta property=\"og:image:height\" content=\"630\" \/>\n\t<meta property=\"og:image:type\" content=\"image\/png\" \/>\n<meta name=\"author\" content=\"webmaster kapitalis\" \/>\n<meta name=\"twitter:card\" content=\"summary_large_image\" \/>\n<meta name=\"twitter:creator\" content=\"@KapitalisInfo\" \/>\n<meta name=\"twitter:site\" content=\"@KapitalisInfo\" \/>\n<meta name=\"twitter:label1\" content=\"\u00c9crit par\" \/>\n\t<meta name=\"twitter:data1\" content=\"webmaster kapitalis\" \/>\n\t<meta name=\"twitter:label2\" content=\"Dur\u00e9e de lecture estim\u00e9e\" \/>\n\t<meta name=\"twitter:data2\" content=\"2 minutes\" \/>\n<script type=\"application\/ld+json\" class=\"yoast-schema-graph\">{\"@context\":\"https:\/\/schema.org\",\"@graph\":[{\"@type\":\"Article\",\"@id\":\"https:\/\/kapitalis.com\/tunisie\/2021\/11\/19\/appel-a-projets-pour-accompagner-des-entrepreneures-tunisiennes\/#article\",\"isPartOf\":{\"@id\":\"https:\/\/kapitalis.com\/tunisie\/2021\/11\/19\/appel-a-projets-pour-accompagner-des-entrepreneures-tunisiennes\/\"},\"author\":{\"name\":\"webmaster kapitalis\",\"@id\":\"https:\/\/kapitalis.com\/tunisie\/#\/schema\/person\/d71f33a9ca44f7bad4698210b480c8e9\"},\"headline\":\"Appel \u00e0 projets pour accompagner des entrepreneures tunisiennes\",\"datePublished\":\"2021-11-19T08:45:04+00:00\",\"dateModified\":\"2021-11-19T08:51:06+00:00\",\"mainEntityOfPage\":{\"@id\":\"https:\/\/kapitalis.com\/tunisie\/2021\/11\/19\/appel-a-projets-pour-accompagner-des-entrepreneures-tunisiennes\/\"},\"wordCount\":331,\"commentCount\":0,\"publisher\":{\"@id\":\"https:\/\/kapitalis.com\/tunisie\/#organization\"},\"image\":{\"@id\":\"https:\/\/kapitalis.com\/tunisie\/2021\/11\/19\/appel-a-projets-pour-accompagner-des-entrepreneures-tunisiennes\/#primaryimage\"},\"thumbnailUrl\":\"\",\"keywords\":[\"entrepreneures tunisiennes\",\"Programme Fast\",\"Tunisie\"],\"articleSection\":[\"ECONOMIE\",\"Tunisie\"],\"inLanguage\":\"fr-FR\",\"potentialAction\":[{\"@type\":\"CommentAction\",\"name\":\"Comment\",\"target\":[\"https:\/\/kapitalis.com\/tunisie\/2021\/11\/19\/appel-a-projets-pour-accompagner-des-entrepreneures-tunisiennes\/#respond\"]}]},{\"@type\":\"WebPage\",\"@id\":\"https:\/\/kapitalis.com\/tunisie\/2021\/11\/19\/appel-a-projets-pour-accompagner-des-entrepreneures-tunisiennes\/\",\"url\":\"https:\/\/kapitalis.com\/tunisie\/2021\/11\/19\/appel-a-projets-pour-accompagner-des-entrepreneures-tunisiennes\/\",\"name\":\"Appel \u00e0 projets pour accompagner des entrepreneures tunisiennes - Kapitalis\",\"isPartOf\":{\"@id\":\"https:\/\/kapitalis.com\/tunisie\/#website\"},\"primaryImageOfPage\":{\"@id\":\"https:\/\/kapitalis.com\/tunisie\/2021\/11\/19\/appel-a-projets-pour-accompagner-des-entrepreneures-tunisiennes\/#primaryimage\"},\"image\":{\"@id\":\"https:\/\/kapitalis.com\/tunisie\/2021\/11\/19\/appel-a-projets-pour-accompagner-des-entrepreneures-tunisiennes\/#primaryimage\"},\"thumbnailUrl\":\"\",\"datePublished\":\"2021-11-19T08:45:04+00:00\",\"dateModified\":\"2021-11-19T08:51:06+00:00\",\"breadcrumb\":{\"@id\":\"https:\/\/kapitalis.com\/tunisie\/2021\/11\/19\/appel-a-projets-pour-accompagner-des-entrepreneures-tunisiennes\/#breadcrumb\"},\"inLanguage\":\"fr-FR\",\"potentialAction\":[{\"@type\":\"ReadAction\",\"target\":[\"https:\/\/kapitalis.com\/tunisie\/2021\/11\/19\/appel-a-projets-pour-accompagner-des-entrepreneures-tunisiennes\/\"]}]},{\"@type\":\"ImageObject\",\"inLanguage\":\"fr-FR\",\"@id\":\"https:\/\/kapitalis.com\/tunisie\/2021\/11\/19\/appel-a-projets-pour-accompagner-des-entrepreneures-tunisiennes\/#primaryimage\",\"url\":\"\",\"contentUrl\":\"\"},{\"@type\":\"BreadcrumbList\",\"@id\":\"https:\/\/kapitalis.com\/tunisie\/2021\/11\/19\/appel-a-projets-pour-accompagner-des-entrepreneures-tunisiennes\/#breadcrumb\",\"itemListElement\":[{\"@type\":\"ListItem\",\"position\":1,\"name\":\"Accueil\",\"item\":\"https:\/\/kapitalis.com\/tunisie\/\"},{\"@type\":\"ListItem\",\"position\":2,\"name\":\"Appel \u00e0 projets pour accompagner des entrepreneures tunisiennes\"}]},{\"@type\":\"WebSite\",\"@id\":\"https:\/\/kapitalis.com\/tunisie\/#website\",\"url\":\"https:\/\/kapitalis.com\/tunisie\/\",\"name\":\"Kapitalis\",\"description\":\"L&#039;actualit\u00e9 en Tunisie et dans le monde\",\"publisher\":{\"@id\":\"https:\/\/kapitalis.com\/tunisie\/#organization\"},\"potentialAction\":[{\"@type\":\"SearchAction\",\"target\":{\"@type\":\"EntryPoint\",\"urlTemplate\":\"https:\/\/kapitalis.com\/tunisie\/?s={search_term_string}\"},\"query-input\":{\"@type\":\"PropertyValueSpecification\",\"valueRequired\":true,\"valueName\":\"search_term_string\"}}],\"inLanguage\":\"fr-FR\"},{\"@type\":\"Organization\",\"@id\":\"https:\/\/kapitalis.com\/tunisie\/#organization\",\"name\":\"Kapitalis\",\"url\":\"https:\/\/kapitalis.com\/tunisie\/\",\"logo\":{\"@type\":\"ImageObject\",\"inLanguage\":\"fr-FR\",\"@id\":\"https:\/\/kapitalis.com\/tunisie\/#\/schema\/logo\/image\/\",\"url\":\"https:\/\/kapitalis.com\/tunisie\/wp-content\/uploads\/2022\/05\/Kapitalis-big-size.png\",\"contentUrl\":\"https:\/\/kapitalis.com\/tunisie\/wp-content\/uploads\/2022\/05\/Kapitalis-big-size.png\",\"width\":5000,\"height\":1500,\"caption\":\"Kapitalis\"},\"image\":{\"@id\":\"https:\/\/kapitalis.com\/tunisie\/#\/schema\/logo\/image\/\"},\"sameAs\":[\"https:\/\/www.facebook.com\/KapitalisInfo\/\",\"https:\/\/x.com\/KapitalisInfo\",\"https:\/\/www.youtube.com\/channel\/UC-yDYrHyfFBWWZaOw3FPg9Q\"]},{\"@type\":\"Person\",\"@id\":\"https:\/\/kapitalis.com\/tunisie\/#\/schema\/person\/d71f33a9ca44f7bad4698210b480c8e9\",\"name\":\"webmaster kapitalis\",\"url\":\"https:\/\/kapitalis.com\/tunisie\/author\/webmaster-kapitalis\/\"}]}<\/script>\n<!-- \/ Yoast SEO plugin. -->","yoast_head_json":{"title":"Appel \u00e0 projets pour accompagner des entrepreneures tunisiennes - Kapitalis","robots":{"index":"index","follow":"follow","max-snippet":"max-snippet:-1","max-image-preview":"max-image-preview:large","max-video-preview":"max-video-preview:-1"},"canonical":"https:\/\/kapitalis.com\/tunisie\/2021\/11\/19\/appel-a-projets-pour-accompagner-des-entrepreneures-tunisiennes\/","og_locale":"fr_FR","og_type":"article","og_title":"Appel \u00e0 projets pour accompagner des entrepreneures tunisiennes - Kapitalis","og_description":"Apr\u00e8s le lancement r\u00e9ussi d\u2019un premier appel \u00e0 projet consacr\u00e9 aux programmes d\u2019acc\u00e9l\u00e9ration, le programme Femmes et acc\u00e9l\u00e9ration pour les startups et TPE (Fast), lance son deuxi\u00e8me appel \u00e0 projets visant \u00e0 soutenir des programmes d\u2019incubation d\u00e9di\u00e9s aux femmes entrepreneures en r\u00e9gion.","og_url":"https:\/\/kapitalis.com\/tunisie\/2021\/11\/19\/appel-a-projets-pour-accompagner-des-entrepreneures-tunisiennes\/","og_site_name":"Kapitalis","article_publisher":"https:\/\/www.facebook.com\/KapitalisInfo\/","article_published_time":"2021-11-19T08:45:04+00:00","article_modified_time":"2021-11-19T08:51:06+00:00","og_image":[{"width":1200,"height":630,"url":"https:\/\/kapitalis.com\/tunisie\/wp-content\/uploads\/2022\/05\/kapitalis-logo-fb.png","type":"image\/png"}],"author":"webmaster kapitalis","twitter_card":"summary_large_image","twitter_creator":"@KapitalisInfo","twitter_site":"@KapitalisInfo","twitter_misc":{"\u00c9crit par":"webmaster kapitalis","Dur\u00e9e de lecture estim\u00e9e":"2 minutes"},"schema":{"@context":"https:\/\/schema.org","@graph":[{"@type":"Article","@id":"https:\/\/kapitalis.com\/tunisie\/2021\/11\/19\/appel-a-projets-pour-accompagner-des-entrepreneures-tunisiennes\/#article","isPartOf":{"@id":"https:\/\/kapitalis.com\/tunisie\/2021\/11\/19\/appel-a-projets-pour-accompagner-des-entrepreneures-tunisiennes\/"},"author":{"name":"webmaster kapitalis","@id":"https:\/\/kapitalis.com\/tunisie\/#\/schema\/person\/d71f33a9ca44f7bad4698210b480c8e9"},"headline":"Appel \u00e0 projets pour accompagner des entrepreneures tunisiennes","datePublished":"2021-11-19T08:45:04+00:00","dateModified":"2021-11-19T08:51:06+00:00","mainEntityOfPage":{"@id":"https:\/\/kapitalis.com\/tunisie\/2021\/11\/19\/appel-a-projets-pour-accompagner-des-entrepreneures-tunisiennes\/"},"wordCount":331,"commentCount":0,"publisher":{"@id":"https:\/\/kapitalis.com\/tunisie\/#organization"},"image":{"@id":"https:\/\/kapitalis.com\/tunisie\/2021\/11\/19\/appel-a-projets-pour-accompagner-des-entrepreneures-tunisiennes\/#primaryimage"},"thumbnailUrl":"","keywords":["entrepreneures tunisiennes","Programme Fast","Tunisie"],"articleSection":["ECONOMIE","Tunisie"],"inLanguage":"fr-FR","potentialAction":[{"@type":"CommentAction","name":"Comment","target":["https:\/\/kapitalis.com\/tunisie\/2021\/11\/19\/appel-a-projets-pour-accompagner-des-entrepreneures-tunisiennes\/#respond"]}]},{"@type":"WebPage","@id":"https:\/\/kapitalis.com\/tunisie\/2021\/11\/19\/appel-a-projets-pour-accompagner-des-entrepreneures-tunisiennes\/","url":"https:\/\/kapitalis.com\/tunisie\/2021\/11\/19\/appel-a-projets-pour-accompagner-des-entrepreneures-tunisiennes\/","name":"Appel \u00e0 projets pour accompagner des entrepreneures tunisiennes - Kapitalis","isPartOf":{"@id":"https:\/\/kapitalis.com\/tunisie\/#website"},"primaryImageOfPage":{"@id":"https:\/\/kapitalis.com\/tunisie\/2021\/11\/19\/appel-a-projets-pour-accompagner-des-entrepreneures-tunisiennes\/#primaryimage"},"image":{"@id":"https:\/\/kapitalis.com\/tunisie\/2021\/11\/19\/appel-a-projets-pour-accompagner-des-entrepreneures-tunisiennes\/#primaryimage"},"thumbnailUrl":"","datePublished":"2021-11-19T08:45:04+00:00","dateModified":"2021-11-19T08:51:06+00:00","breadcrumb":{"@id":"https:\/\/kapitalis.com\/tunisie\/2021\/11\/19\/appel-a-projets-pour-accompagner-des-entrepreneures-tunisiennes\/#breadcrumb"},"inLanguage":"fr-FR","potentialAction":[{"@type":"ReadAction","target":["https:\/\/kapitalis.com\/tunisie\/2021\/11\/19\/appel-a-projets-pour-accompagner-des-entrepreneures-tunisiennes\/"]}]},{"@type":"ImageObject","inLanguage":"fr-FR","@id":"https:\/\/kapitalis.com\/tunisie\/2021\/11\/19\/appel-a-projets-pour-accompagner-des-entrepreneures-tunisiennes\/#primaryimage","url":"","contentUrl":""},{"@type":"BreadcrumbList","@id":"https:\/\/kapitalis.com\/tunisie\/2021\/11\/19\/appel-a-projets-pour-accompagner-des-entrepreneures-tunisiennes\/#breadcrumb","itemListElement":[{"@type":"ListItem","position":1,"name":"Accueil","item":"https:\/\/kapitalis.com\/tunisie\/"},{"@type":"ListItem","position":2,"name":"Appel \u00e0 projets pour accompagner des entrepreneures tunisiennes"}]},{"@type":"WebSite","@id":"https:\/\/kapitalis.com\/tunisie\/#website","url":"https:\/\/kapitalis.com\/tunisie\/","name":"Kapitalis","description":"L&#039;actualit\u00e9 en Tunisie et dans le monde","publisher":{"@id":"https:\/\/kapitalis.com\/tunisie\/#organization"},"potentialAction":[{"@type":"SearchAction","target":{"@type":"EntryPoint","urlTemplate":"https:\/\/kapitalis.com\/tunisie\/?s={search_term_string}"},"query-input":{"@type":"PropertyValueSpecification","valueRequired":true,"valueName":"search_term_string"}}],"inLanguage":"fr-FR"},{"@type":"Organization","@id":"https:\/\/kapitalis.com\/tunisie\/#organization","name":"Kapitalis","url":"https:\/\/kapitalis.com\/tunisie\/","logo":{"@type":"ImageObject","inLanguage":"fr-FR","@id":"https:\/\/kapitalis.com\/tunisie\/#\/schema\/logo\/image\/","url":"https:\/\/kapitalis.com\/tunisie\/wp-content\/uploads\/2022\/05\/Kapitalis-big-size.png","contentUrl":"https:\/\/kapitalis.com\/tunisie\/wp-content\/uploads\/2022\/05\/Kapitalis-big-size.png","width":5000,"height":1500,"caption":"Kapitalis"},"image":{"@id":"https:\/\/kapitalis.com\/tunisie\/#\/schema\/logo\/image\/"},"sameAs":["https:\/\/www.facebook.com\/KapitalisInfo\/","https:\/\/x.com\/KapitalisInfo","https:\/\/www.youtube.com\/channel\/UC-yDYrHyfFBWWZaOw3FPg9Q"]},{"@type":"Person","@id":"https:\/\/kapitalis.com\/tunisie\/#\/schema\/person\/d71f33a9ca44f7bad4698210b480c8e9","name":"webmaster kapitalis","url":"https:\/\/kapitalis.com\/tunisie\/author\/webmaster-kapitalis\/"}]}},"_links":{"self":[{"href":"https:\/\/kapitalis.com\/tunisie\/wp-json\/wp\/v2\/posts\/370478","targetHints":{"allow":["GET"]}}],"collection":[{"href":"https:\/\/kapitalis.com\/tunisie\/wp-json\/wp\/v2\/posts"}],"about":[{"href":"https:\/\/kapitalis.com\/tunisie\/wp-json\/wp\/v2\/types\/post"}],"author":[{"embeddable":true,"href":"https:\/\/kapitalis.com\/tunisie\/wp-json\/wp\/v2\/users\/8"}],"replies":[{"embeddable":true,"href":"https:\/\/kapitalis.com\/tunisie\/wp-json\/wp\/v2\/comments?post=370478"}],"version-history":[{"count":0,"href":"https:\/\/kapitalis.com\/tunisie\/wp-json\/wp\/v2\/posts\/370478\/revisions"}],"wp:featuredmedia":[{"embeddable":true,"href":"https:\/\/kapitalis.com\/tunisie\/wp-json\/wp\/v2\/media\/370479"}],"wp:attachment":[{"href":"https:\/\/kapitalis.com\/tunisie\/wp-json\/wp\/v2\/media?parent=370478"}],"wp:term":[{"taxonomy":"category","embeddable":true,"href":"https:\/\/kapitalis.com\/tunisie\/wp-json\/wp\/v2\/categories?post=370478"},{"taxonomy":"post_tag","embeddable":true,"href":"https:\/\/kapitalis.com\/tunisie\/wp-json\/wp\/v2\/tags?post=370478"}],"curies":[{"name":"wp","href":"https:\/\/api.w.org\/{rel}","templated":true}]}}