{"id":370487,"date":"2021-11-19T11:23:05","date_gmt":"2021-11-19T10:23:05","guid":{"rendered":"http:\/\/kapitalis.com\/tunisie\/?p=370487"},"modified":"2021-11-19T11:30:54","modified_gmt":"2021-11-19T10:30:54","slug":"cinema-tunisien-manca-moro-ravive-la-memoire-des-siciliens-de-tunisie","status":"publish","type":"post","link":"https:\/\/kapitalis.com\/tunisie\/2021\/11\/19\/cinema-tunisien-manca-moro-ravive-la-memoire-des-siciliens-de-tunisie\/","title":{"rendered":"Cin\u00e9ma tunisien : \u00ab\u00a0Manca Moro\u00a0\u00bb ravive la m\u00e9moire des Siciliens de Tunisie"},"content":{"rendered":"\n<div class=\"wp-block-image\"><figure class=\"aligncenter size-full\"><img decoding=\"async\" src=\"http:\/\/kapitalis.com\/tunisie\/wp-content\/uploads\/2021\/11\/Untitled-5-3.jpg\" alt=\"\" class=\"wp-image-370489\"\/><\/figure><\/div>\n\n\n\n<p><em><strong>Apr\u00e8s avoir \u00e9t\u00e9 pr\u00e9sent\u00e9 aux JCC 2021, le documentaire \u00ab&nbsp;Manca Moro&nbsp;\u00bb de Rim Temimi sort dans les salles de cin\u00e9ma tunisiennes.<\/strong><\/em><\/p>\n\n\n\n<!--more-->\n\n\n\n<p>N\u00e9e d\u2019un p\u00e8re alg\u00e9rien et d\u2019une m\u00e8re sicilienne, Rim Temimi rend hommage \u00e0 travers \u00ab&nbsp;Manca Moro&nbsp;\u00bb \u00e0 ses origines multiples et \u00e0 sa double, voire triple identit\u00e9. \u00ab&nbsp; <em>Je suis n\u00e9e riche de ces trois cultures, en Tunisie. Cette terre m\u00e8re a vu na\u00eetre, non seulement, mes anc\u00eatres alg\u00e9riens, lorsqu\u2019elle s\u2019appelait Ifriqiya, mais aussi mes grands-parents siciliens dont les parents ont fait partie de l\u2019important flux migratoire du d\u00e9but du si\u00e8cle dernier<\/em> \u00bb, indique la r\u00e9alisatrice qui signe avec ce documentaire sa toute premi\u00e8re exp\u00e9rience cin\u00e9matographique.<\/p>\n\n\n\n<p>S\u00e9lectionn\u00e9 \u00e0 la comp\u00e9tition officielle des longs-m\u00e9trages documentaire de la 32<sup>e<\/sup> \u00e9dition des Journ\u00e9es cin\u00e9matographiques de Carthage (JCC 2021), \u00ab&nbsp;Manca Moro&nbsp;\u00bb est produit par Dora Bouchoucha. Rim Temimi qui se passionne aussi par la photographique et l\u2019Histoire, part \u00e0 la recherche de sa famille sicilienne \u00e9parpill\u00e9e depuis une soixantaine d\u2019ann\u00e9es entre l\u2019Italie et la France. A travers ce film r\u00e9alis\u00e9 sur une p\u00e9riode de cinq ans, Rim Temimi rend hommage \u00e0 ces siciliens \u00ab&nbsp;<em>qui ont fait partie de ce pays et de cette histoire, et qui ont \u00e9t\u00e9 oubli\u00e9s<\/em>&nbsp;\u00bb, souligne la r\u00e9alisatrice.<\/p>\n\n\n\n<p class=\"has-text-align-right\"><strong>Fawz Benali<\/strong><\/p>\n","protected":false},"excerpt":{"rendered":"<p>Apr\u00e8s avoir \u00e9t\u00e9 pr\u00e9sent\u00e9 aux JCC 2021, le documentaire \u00ab&nbsp;Manca Moro&nbsp;\u00bb de Rim Temimi sort dans les salles de cin\u00e9ma tunisiennes.<\/p>\n","protected":false},"author":26,"featured_media":370489,"comment_status":"open","ping_status":"open","sticky":false,"template":"","format":"standard","meta":{"footnotes":""},"categories":[994,2433],"tags":[6394,92845,92846,95046,62643],"class_list":["post-370487","post","type-post","status-publish","format-standard","has-post-thumbnail","hentry","category-culture","category-tunisie","tag-documentaire","tag-manca-moro","tag-rim-temimi","tag-sicilens-de-tunisie","tag-tunisie"],"yoast_head":"<!-- This site is optimized with the Yoast SEO plugin v26.6 - https:\/\/yoast.com\/wordpress\/plugins\/seo\/ -->\n<title>Cin\u00e9ma tunisien : &quot;Manca Moro&quot; ravive la m\u00e9moire des Siciliens de Tunisie - Kapitalis<\/title>\n<meta name=\"robots\" content=\"index, follow, max-snippet:-1, max-image-preview:large, max-video-preview:-1\" \/>\n<link rel=\"canonical\" href=\"https:\/\/kapitalis.com\/tunisie\/2021\/11\/19\/cinema-tunisien-manca-moro-ravive-la-memoire-des-siciliens-de-tunisie\/\" \/>\n<meta property=\"og:locale\" content=\"fr_FR\" \/>\n<meta property=\"og:type\" content=\"article\" \/>\n<meta property=\"og:title\" content=\"Cin\u00e9ma tunisien : &quot;Manca Moro&quot; ravive la m\u00e9moire des Siciliens de Tunisie - Kapitalis\" \/>\n<meta property=\"og:description\" content=\"Apr\u00e8s avoir \u00e9t\u00e9 pr\u00e9sent\u00e9 aux JCC 2021, le documentaire \u00ab&nbsp;Manca Moro&nbsp;\u00bb de Rim Temimi sort dans les salles de cin\u00e9ma tunisiennes.\" \/>\n<meta property=\"og:url\" content=\"https:\/\/kapitalis.com\/tunisie\/2021\/11\/19\/cinema-tunisien-manca-moro-ravive-la-memoire-des-siciliens-de-tunisie\/\" \/>\n<meta property=\"og:site_name\" content=\"Kapitalis\" \/>\n<meta property=\"article:publisher\" content=\"https:\/\/www.facebook.com\/KapitalisInfo\/\" \/>\n<meta property=\"article:published_time\" content=\"2021-11-19T10:23:05+00:00\" \/>\n<meta property=\"article:modified_time\" content=\"2021-11-19T10:30:54+00:00\" \/>\n<meta property=\"og:image\" content=\"https:\/\/kapitalis.com\/tunisie\/wp-content\/uploads\/2022\/05\/kapitalis-logo-fb.png\" \/>\n\t<meta property=\"og:image:width\" content=\"1200\" \/>\n\t<meta property=\"og:image:height\" content=\"630\" \/>\n\t<meta property=\"og:image:type\" content=\"image\/png\" \/>\n<meta name=\"author\" content=\"Fawz BenAli\" \/>\n<meta name=\"twitter:card\" content=\"summary_large_image\" \/>\n<meta name=\"twitter:creator\" content=\"@KapitalisInfo\" \/>\n<meta name=\"twitter:site\" content=\"@KapitalisInfo\" \/>\n<meta name=\"twitter:label1\" content=\"\u00c9crit par\" \/>\n\t<meta name=\"twitter:data1\" content=\"Fawz BenAli\" \/>\n\t<meta name=\"twitter:label2\" content=\"Dur\u00e9e de lecture estim\u00e9e\" \/>\n\t<meta name=\"twitter:data2\" content=\"1 minute\" \/>\n<script type=\"application\/ld+json\" class=\"yoast-schema-graph\">{\"@context\":\"https:\/\/schema.org\",\"@graph\":[{\"@type\":\"Article\",\"@id\":\"https:\/\/kapitalis.com\/tunisie\/2021\/11\/19\/cinema-tunisien-manca-moro-ravive-la-memoire-des-siciliens-de-tunisie\/#article\",\"isPartOf\":{\"@id\":\"https:\/\/kapitalis.com\/tunisie\/2021\/11\/19\/cinema-tunisien-manca-moro-ravive-la-memoire-des-siciliens-de-tunisie\/\"},\"author\":{\"name\":\"Fawz BenAli\",\"@id\":\"https:\/\/kapitalis.com\/tunisie\/#\/schema\/person\/73a5ecc1f6ae540c6ed91342eadca948\"},\"headline\":\"Cin\u00e9ma tunisien : \u00ab\u00a0Manca Moro\u00a0\u00bb ravive la m\u00e9moire des Siciliens de Tunisie\",\"datePublished\":\"2021-11-19T10:23:05+00:00\",\"dateModified\":\"2021-11-19T10:30:54+00:00\",\"mainEntityOfPage\":{\"@id\":\"https:\/\/kapitalis.com\/tunisie\/2021\/11\/19\/cinema-tunisien-manca-moro-ravive-la-memoire-des-siciliens-de-tunisie\/\"},\"wordCount\":250,\"commentCount\":0,\"publisher\":{\"@id\":\"https:\/\/kapitalis.com\/tunisie\/#organization\"},\"image\":{\"@id\":\"https:\/\/kapitalis.com\/tunisie\/2021\/11\/19\/cinema-tunisien-manca-moro-ravive-la-memoire-des-siciliens-de-tunisie\/#primaryimage\"},\"thumbnailUrl\":\"\",\"keywords\":[\"documentaire\",\"Manca Moro\",\"Rim Temimi\",\"Sicilens de Tunisie\",\"Tunisie\"],\"articleSection\":[\"CULTURE\",\"Tunisie\"],\"inLanguage\":\"fr-FR\",\"potentialAction\":[{\"@type\":\"CommentAction\",\"name\":\"Comment\",\"target\":[\"https:\/\/kapitalis.com\/tunisie\/2021\/11\/19\/cinema-tunisien-manca-moro-ravive-la-memoire-des-siciliens-de-tunisie\/#respond\"]}]},{\"@type\":\"WebPage\",\"@id\":\"https:\/\/kapitalis.com\/tunisie\/2021\/11\/19\/cinema-tunisien-manca-moro-ravive-la-memoire-des-siciliens-de-tunisie\/\",\"url\":\"https:\/\/kapitalis.com\/tunisie\/2021\/11\/19\/cinema-tunisien-manca-moro-ravive-la-memoire-des-siciliens-de-tunisie\/\",\"name\":\"Cin\u00e9ma tunisien : \\\"Manca Moro\\\" ravive la m\u00e9moire des Siciliens de Tunisie - Kapitalis\",\"isPartOf\":{\"@id\":\"https:\/\/kapitalis.com\/tunisie\/#website\"},\"primaryImageOfPage\":{\"@id\":\"https:\/\/kapitalis.com\/tunisie\/2021\/11\/19\/cinema-tunisien-manca-moro-ravive-la-memoire-des-siciliens-de-tunisie\/#primaryimage\"},\"image\":{\"@id\":\"https:\/\/kapitalis.com\/tunisie\/2021\/11\/19\/cinema-tunisien-manca-moro-ravive-la-memoire-des-siciliens-de-tunisie\/#primaryimage\"},\"thumbnailUrl\":\"\",\"datePublished\":\"2021-11-19T10:23:05+00:00\",\"dateModified\":\"2021-11-19T10:30:54+00:00\",\"breadcrumb\":{\"@id\":\"https:\/\/kapitalis.com\/tunisie\/2021\/11\/19\/cinema-tunisien-manca-moro-ravive-la-memoire-des-siciliens-de-tunisie\/#breadcrumb\"},\"inLanguage\":\"fr-FR\",\"potentialAction\":[{\"@type\":\"ReadAction\",\"target\":[\"https:\/\/kapitalis.com\/tunisie\/2021\/11\/19\/cinema-tunisien-manca-moro-ravive-la-memoire-des-siciliens-de-tunisie\/\"]}]},{\"@type\":\"ImageObject\",\"inLanguage\":\"fr-FR\",\"@id\":\"https:\/\/kapitalis.com\/tunisie\/2021\/11\/19\/cinema-tunisien-manca-moro-ravive-la-memoire-des-siciliens-de-tunisie\/#primaryimage\",\"url\":\"\",\"contentUrl\":\"\"},{\"@type\":\"BreadcrumbList\",\"@id\":\"https:\/\/kapitalis.com\/tunisie\/2021\/11\/19\/cinema-tunisien-manca-moro-ravive-la-memoire-des-siciliens-de-tunisie\/#breadcrumb\",\"itemListElement\":[{\"@type\":\"ListItem\",\"position\":1,\"name\":\"Accueil\",\"item\":\"https:\/\/kapitalis.com\/tunisie\/\"},{\"@type\":\"ListItem\",\"position\":2,\"name\":\"Cin\u00e9ma tunisien : \u00ab\u00a0Manca Moro\u00a0\u00bb ravive la m\u00e9moire des Siciliens de Tunisie\"}]},{\"@type\":\"WebSite\",\"@id\":\"https:\/\/kapitalis.com\/tunisie\/#website\",\"url\":\"https:\/\/kapitalis.com\/tunisie\/\",\"name\":\"Kapitalis\",\"description\":\"L&#039;actualit\u00e9 en Tunisie et dans le monde\",\"publisher\":{\"@id\":\"https:\/\/kapitalis.com\/tunisie\/#organization\"},\"potentialAction\":[{\"@type\":\"SearchAction\",\"target\":{\"@type\":\"EntryPoint\",\"urlTemplate\":\"https:\/\/kapitalis.com\/tunisie\/?s={search_term_string}\"},\"query-input\":{\"@type\":\"PropertyValueSpecification\",\"valueRequired\":true,\"valueName\":\"search_term_string\"}}],\"inLanguage\":\"fr-FR\"},{\"@type\":\"Organization\",\"@id\":\"https:\/\/kapitalis.com\/tunisie\/#organization\",\"name\":\"Kapitalis\",\"url\":\"https:\/\/kapitalis.com\/tunisie\/\",\"logo\":{\"@type\":\"ImageObject\",\"inLanguage\":\"fr-FR\",\"@id\":\"https:\/\/kapitalis.com\/tunisie\/#\/schema\/logo\/image\/\",\"url\":\"https:\/\/kapitalis.com\/tunisie\/wp-content\/uploads\/2022\/05\/Kapitalis-big-size.png\",\"contentUrl\":\"https:\/\/kapitalis.com\/tunisie\/wp-content\/uploads\/2022\/05\/Kapitalis-big-size.png\",\"width\":5000,\"height\":1500,\"caption\":\"Kapitalis\"},\"image\":{\"@id\":\"https:\/\/kapitalis.com\/tunisie\/#\/schema\/logo\/image\/\"},\"sameAs\":[\"https:\/\/www.facebook.com\/KapitalisInfo\/\",\"https:\/\/x.com\/KapitalisInfo\",\"https:\/\/www.youtube.com\/channel\/UC-yDYrHyfFBWWZaOw3FPg9Q\"]},{\"@type\":\"Person\",\"@id\":\"https:\/\/kapitalis.com\/tunisie\/#\/schema\/person\/73a5ecc1f6ae540c6ed91342eadca948\",\"name\":\"Fawz BenAli\",\"url\":\"https:\/\/kapitalis.com\/tunisie\/author\/fawz\/\"}]}<\/script>\n<!-- \/ Yoast SEO plugin. -->","yoast_head_json":{"title":"Cin\u00e9ma tunisien : \"Manca Moro\" ravive la m\u00e9moire des Siciliens de Tunisie - Kapitalis","robots":{"index":"index","follow":"follow","max-snippet":"max-snippet:-1","max-image-preview":"max-image-preview:large","max-video-preview":"max-video-preview:-1"},"canonical":"https:\/\/kapitalis.com\/tunisie\/2021\/11\/19\/cinema-tunisien-manca-moro-ravive-la-memoire-des-siciliens-de-tunisie\/","og_locale":"fr_FR","og_type":"article","og_title":"Cin\u00e9ma tunisien : \"Manca Moro\" ravive la m\u00e9moire des Siciliens de Tunisie - Kapitalis","og_description":"Apr\u00e8s avoir \u00e9t\u00e9 pr\u00e9sent\u00e9 aux JCC 2021, le documentaire \u00ab&nbsp;Manca Moro&nbsp;\u00bb de Rim Temimi sort dans les salles de cin\u00e9ma tunisiennes.","og_url":"https:\/\/kapitalis.com\/tunisie\/2021\/11\/19\/cinema-tunisien-manca-moro-ravive-la-memoire-des-siciliens-de-tunisie\/","og_site_name":"Kapitalis","article_publisher":"https:\/\/www.facebook.com\/KapitalisInfo\/","article_published_time":"2021-11-19T10:23:05+00:00","article_modified_time":"2021-11-19T10:30:54+00:00","og_image":[{"width":1200,"height":630,"url":"https:\/\/kapitalis.com\/tunisie\/wp-content\/uploads\/2022\/05\/kapitalis-logo-fb.png","type":"image\/png"}],"author":"Fawz BenAli","twitter_card":"summary_large_image","twitter_creator":"@KapitalisInfo","twitter_site":"@KapitalisInfo","twitter_misc":{"\u00c9crit par":"Fawz BenAli","Dur\u00e9e de lecture estim\u00e9e":"1 minute"},"schema":{"@context":"https:\/\/schema.org","@graph":[{"@type":"Article","@id":"https:\/\/kapitalis.com\/tunisie\/2021\/11\/19\/cinema-tunisien-manca-moro-ravive-la-memoire-des-siciliens-de-tunisie\/#article","isPartOf":{"@id":"https:\/\/kapitalis.com\/tunisie\/2021\/11\/19\/cinema-tunisien-manca-moro-ravive-la-memoire-des-siciliens-de-tunisie\/"},"author":{"name":"Fawz BenAli","@id":"https:\/\/kapitalis.com\/tunisie\/#\/schema\/person\/73a5ecc1f6ae540c6ed91342eadca948"},"headline":"Cin\u00e9ma tunisien : \u00ab\u00a0Manca Moro\u00a0\u00bb ravive la m\u00e9moire des Siciliens de Tunisie","datePublished":"2021-11-19T10:23:05+00:00","dateModified":"2021-11-19T10:30:54+00:00","mainEntityOfPage":{"@id":"https:\/\/kapitalis.com\/tunisie\/2021\/11\/19\/cinema-tunisien-manca-moro-ravive-la-memoire-des-siciliens-de-tunisie\/"},"wordCount":250,"commentCount":0,"publisher":{"@id":"https:\/\/kapitalis.com\/tunisie\/#organization"},"image":{"@id":"https:\/\/kapitalis.com\/tunisie\/2021\/11\/19\/cinema-tunisien-manca-moro-ravive-la-memoire-des-siciliens-de-tunisie\/#primaryimage"},"thumbnailUrl":"","keywords":["documentaire","Manca Moro","Rim Temimi","Sicilens de Tunisie","Tunisie"],"articleSection":["CULTURE","Tunisie"],"inLanguage":"fr-FR","potentialAction":[{"@type":"CommentAction","name":"Comment","target":["https:\/\/kapitalis.com\/tunisie\/2021\/11\/19\/cinema-tunisien-manca-moro-ravive-la-memoire-des-siciliens-de-tunisie\/#respond"]}]},{"@type":"WebPage","@id":"https:\/\/kapitalis.com\/tunisie\/2021\/11\/19\/cinema-tunisien-manca-moro-ravive-la-memoire-des-siciliens-de-tunisie\/","url":"https:\/\/kapitalis.com\/tunisie\/2021\/11\/19\/cinema-tunisien-manca-moro-ravive-la-memoire-des-siciliens-de-tunisie\/","name":"Cin\u00e9ma tunisien : \"Manca Moro\" ravive la m\u00e9moire des Siciliens de Tunisie - Kapitalis","isPartOf":{"@id":"https:\/\/kapitalis.com\/tunisie\/#website"},"primaryImageOfPage":{"@id":"https:\/\/kapitalis.com\/tunisie\/2021\/11\/19\/cinema-tunisien-manca-moro-ravive-la-memoire-des-siciliens-de-tunisie\/#primaryimage"},"image":{"@id":"https:\/\/kapitalis.com\/tunisie\/2021\/11\/19\/cinema-tunisien-manca-moro-ravive-la-memoire-des-siciliens-de-tunisie\/#primaryimage"},"thumbnailUrl":"","datePublished":"2021-11-19T10:23:05+00:00","dateModified":"2021-11-19T10:30:54+00:00","breadcrumb":{"@id":"https:\/\/kapitalis.com\/tunisie\/2021\/11\/19\/cinema-tunisien-manca-moro-ravive-la-memoire-des-siciliens-de-tunisie\/#breadcrumb"},"inLanguage":"fr-FR","potentialAction":[{"@type":"ReadAction","target":["https:\/\/kapitalis.com\/tunisie\/2021\/11\/19\/cinema-tunisien-manca-moro-ravive-la-memoire-des-siciliens-de-tunisie\/"]}]},{"@type":"ImageObject","inLanguage":"fr-FR","@id":"https:\/\/kapitalis.com\/tunisie\/2021\/11\/19\/cinema-tunisien-manca-moro-ravive-la-memoire-des-siciliens-de-tunisie\/#primaryimage","url":"","contentUrl":""},{"@type":"BreadcrumbList","@id":"https:\/\/kapitalis.com\/tunisie\/2021\/11\/19\/cinema-tunisien-manca-moro-ravive-la-memoire-des-siciliens-de-tunisie\/#breadcrumb","itemListElement":[{"@type":"ListItem","position":1,"name":"Accueil","item":"https:\/\/kapitalis.com\/tunisie\/"},{"@type":"ListItem","position":2,"name":"Cin\u00e9ma tunisien : \u00ab\u00a0Manca Moro\u00a0\u00bb ravive la m\u00e9moire des Siciliens de Tunisie"}]},{"@type":"WebSite","@id":"https:\/\/kapitalis.com\/tunisie\/#website","url":"https:\/\/kapitalis.com\/tunisie\/","name":"Kapitalis","description":"L&#039;actualit\u00e9 en Tunisie et dans le monde","publisher":{"@id":"https:\/\/kapitalis.com\/tunisie\/#organization"},"potentialAction":[{"@type":"SearchAction","target":{"@type":"EntryPoint","urlTemplate":"https:\/\/kapitalis.com\/tunisie\/?s={search_term_string}"},"query-input":{"@type":"PropertyValueSpecification","valueRequired":true,"valueName":"search_term_string"}}],"inLanguage":"fr-FR"},{"@type":"Organization","@id":"https:\/\/kapitalis.com\/tunisie\/#organization","name":"Kapitalis","url":"https:\/\/kapitalis.com\/tunisie\/","logo":{"@type":"ImageObject","inLanguage":"fr-FR","@id":"https:\/\/kapitalis.com\/tunisie\/#\/schema\/logo\/image\/","url":"https:\/\/kapitalis.com\/tunisie\/wp-content\/uploads\/2022\/05\/Kapitalis-big-size.png","contentUrl":"https:\/\/kapitalis.com\/tunisie\/wp-content\/uploads\/2022\/05\/Kapitalis-big-size.png","width":5000,"height":1500,"caption":"Kapitalis"},"image":{"@id":"https:\/\/kapitalis.com\/tunisie\/#\/schema\/logo\/image\/"},"sameAs":["https:\/\/www.facebook.com\/KapitalisInfo\/","https:\/\/x.com\/KapitalisInfo","https:\/\/www.youtube.com\/channel\/UC-yDYrHyfFBWWZaOw3FPg9Q"]},{"@type":"Person","@id":"https:\/\/kapitalis.com\/tunisie\/#\/schema\/person\/73a5ecc1f6ae540c6ed91342eadca948","name":"Fawz BenAli","url":"https:\/\/kapitalis.com\/tunisie\/author\/fawz\/"}]}},"_links":{"self":[{"href":"https:\/\/kapitalis.com\/tunisie\/wp-json\/wp\/v2\/posts\/370487","targetHints":{"allow":["GET"]}}],"collection":[{"href":"https:\/\/kapitalis.com\/tunisie\/wp-json\/wp\/v2\/posts"}],"about":[{"href":"https:\/\/kapitalis.com\/tunisie\/wp-json\/wp\/v2\/types\/post"}],"author":[{"embeddable":true,"href":"https:\/\/kapitalis.com\/tunisie\/wp-json\/wp\/v2\/users\/26"}],"replies":[{"embeddable":true,"href":"https:\/\/kapitalis.com\/tunisie\/wp-json\/wp\/v2\/comments?post=370487"}],"version-history":[{"count":0,"href":"https:\/\/kapitalis.com\/tunisie\/wp-json\/wp\/v2\/posts\/370487\/revisions"}],"wp:featuredmedia":[{"embeddable":true,"href":"https:\/\/kapitalis.com\/tunisie\/wp-json\/wp\/v2\/media\/370489"}],"wp:attachment":[{"href":"https:\/\/kapitalis.com\/tunisie\/wp-json\/wp\/v2\/media?parent=370487"}],"wp:term":[{"taxonomy":"category","embeddable":true,"href":"https:\/\/kapitalis.com\/tunisie\/wp-json\/wp\/v2\/categories?post=370487"},{"taxonomy":"post_tag","embeddable":true,"href":"https:\/\/kapitalis.com\/tunisie\/wp-json\/wp\/v2\/tags?post=370487"}],"curies":[{"name":"wp","href":"https:\/\/api.w.org\/{rel}","templated":true}]}}