{"id":370590,"date":"2021-11-20T16:25:18","date_gmt":"2021-11-20T15:25:18","guid":{"rendered":"http:\/\/kapitalis.com\/tunisie\/?p=370590"},"modified":"2021-11-20T16:27:56","modified_gmt":"2021-11-20T15:27:56","slug":"manifestation-du-pdl-a-la-kasbah-moussi-fustige-saied-et-affirme-quil-est-incapable-de-sortir-la-tunisie-de-la-crise","status":"publish","type":"post","link":"https:\/\/kapitalis.com\/tunisie\/2021\/11\/20\/manifestation-du-pdl-a-la-kasbah-moussi-fustige-saied-et-affirme-quil-est-incapable-de-sortir-la-tunisie-de-la-crise\/","title":{"rendered":"Manifestation du PDL \u00e0 la Kasbah : Moussi fustige Sa\u00efed et affirme qu&rsquo;il est incapable de sortir la Tunisie de la crise"},"content":{"rendered":"\n<div class=\"wp-block-image\"><figure class=\"aligncenter size-full\"><img decoding=\"async\" src=\"http:\/\/kapitalis.com\/tunisie\/wp-content\/uploads\/2021\/11\/Abir-Moussi.jpg\" alt=\"\" class=\"wp-image-370602\"\/><\/figure><\/div>\n\n\n\n<p><strong><em>Abir Moussi pr\u00e9sidente du Parti destourien libre (PDL) estime que le chef de l\u2019\u00c9tat Ka\u00efs Sa\u00efed ne pourra pas sortir la Tunisie de la crise, en affirmant qu&rsquo;il n&rsquo;a aucune vision politique ni \u00e9conomique ni aucune connaissance des probl\u00e8mes des citoyens. \u00abLe pays n&rsquo;a pas besoin de populisme mais d&rsquo;une personne sachant prendre les bonnes d\u00e9cisions en respectant la loi\u00bb, a-t-elle lanc\u00e9 lors du rassemblement organis\u00e9, ce samedi 20 novembre 2021, par son parti \u00e0 la Kasbah.<\/em><\/strong><\/p>\n\n\n\n<!--more-->\n\n\n\n<p>Pour la pr\u00e9sidente du PDL, Ka\u00efs Sa\u00efed contribue \u00e0 la d\u00e9t\u00e9rioration de la situation en Tunisie, en affirmant qu&rsquo;il n&rsquo;a aucune strat\u00e9gie et qu&rsquo;il est incapable de sortir le pays de la crise socio-\u00e9conomique et en lui reprochant de tourner le dos aux partenaires historiques de la Tunisie et en prenant des d\u00e9cisions qui ne feront qu&rsquo;approfondir cette crise.<\/p>\n\n\n\n<p>\u00ab<em>Le PDL s&rsquo;est toujours oppos\u00e9 aux Fr\u00e8res musulmans et leur a fait face non pas avec des mots mais avec des actions. Le PDL qui rassemble les patriotes, ceux qui respectent l\u2019\u00c9tat et ses institution, il conna\u00eet les rouages de l\u2019\u00c9tat et a toujours respect\u00e9 la loi\u2026 On s&rsquo;est d\u00e9barrass\u00e9 de l&rsquo;Assembl\u00e9e qui a pass\u00e9 ill\u00e9galement des lois, &#8230;on se retrouve d\u00e9sormais face \u00e0 des d\u00e9crets ill\u00e9gaux\u00bb<\/em>, a-t-elle encore lanc\u00e9.<\/p>\n\n\n\n<p>\u00ab<em>Tout le syst\u00e8me politique est responsable de cette situation, y compris le pr\u00e9sident, tout comme Ennahdha et ses alli\u00e9s ainsi que le mouvement du 25 juillet qui se pr\u00e9sente comme soutien inconditionnel au pr\u00e9sident, chose qu&rsquo;il n&rsquo;a d&rsquo;ailleurs jamais ni\u00e9e\u00bb<\/em>, a-t-elle dit, en soulignant la n\u00e9cessit\u00e9 de clarifier la vision et la date de la tenue des prochaines \u00e9lections.<\/p>\n\n\n\n<p>Commentant le changement de la loi \u00e9lectorale et du syst\u00e8me politique \u00e9voqu\u00e9 par  Sa\u00efed , la pr\u00e9sidente du PDL a indiqu\u00e9 que cela ne changera rien, tant que<em> \u00ables structures sont encore infest\u00e9es par les tentacules des islamistes et des corrompus\u00bb,<\/em> a-t-elle dit, en joutant que le pr\u00e9sident n&rsquo;a pas le droit d&rsquo;op\u00e9rer \u00e0 des changements de cet ordre, tout seul, et par la simple consultation des jeunes, pr\u00e9sent\u00e9e comme un dialogue.<\/p>\n\n\n\n<p>Puis s&rsquo;adressant \u00e0 Sa\u00efed : \u00ab<em>Vous avez adopt\u00e9 le syst\u00e8me : \u00ab\u00a0apr\u00e8s moi le d\u00e9luge\u00a0\u00bb et vous avez sign\u00e9 les lois vot\u00e9es par l&rsquo;Assembl\u00e9e, m\u00eame celles que vous critiquez aujourd&rsquo;hui, \u00e0 l&rsquo;instar de la loi 38 \u00e0 laquelle on n&rsquo;\u00e9tait justement oppos\u00e9. L&rsquo;essentiel pour vous c&rsquo;est de vous pr\u00e9sentez comme l&rsquo;homme int\u00e8gre le seul, en accusant tous les autres de corruption. Ne pr\u00e9tendez pas aujourd&rsquo;hui, \u00eatre un h\u00e9ros le seul h\u00e9ros c&rsquo;est le PDL, qui a tout compris d\u00e8s le d\u00e9but et qui a lutt\u00e9 sans rel\u00e2che\u00bb.<\/em><\/p>\n\n\n\n<p>Abir Moussi a \u00e9galement critiqu\u00e9  la lutte contre la corruption, estimant qu&rsquo;il s&rsquo;agit d&rsquo;un \u00e9cran de fum\u00e9e et de populisme et que les plus corrompus n&rsquo;ont pas \u00e9t\u00e9 touch\u00e9s, a-t-elle dit, en d\u00e9plorant que l&rsquo;organisation Al-Qaradhawi poursuive encore ses activit\u00e9s, et que les dirigeants nahdhouis ne soient toujours pas inqui\u00e9t\u00e9s, avant de s&rsquo;en prendre aussi \u00e0 Nizar Chaari, estimant que son mouvement est suspect et en le qualifiant de \u00abTantacule Karoui 2\u00bb, puis aux sondages d&rsquo;opinion, citant  notamment Hassan Zargouni, sans oublier de citer l&rsquo;UGTT pour affirmer que la centrale syndicale est une organisation historique et qui \u00ab<em>n&rsquo;est pas repr\u00e9sent\u00e9e par une ou deux personnes qui n&rsquo;y comprennent rien&#8230;\u00bb<\/em><\/p>\n\n\n\n<p class=\"has-text-align-right\"><strong>Y. N.<\/strong><\/p>\n","protected":false},"excerpt":{"rendered":"<p>Abir Moussi pr\u00e9sidente du Parti destourien libre (PDL) estime que le chef de l\u2019\u00c9tat Ka\u00efs Sa\u00efed ne pourra pas sortir la Tunisie de la crise, en affirmant qu&rsquo;il n&rsquo;a aucune vision politique ni \u00e9conomique ni aucune connaissance des probl\u00e8mes des citoyens. \u00abLe pays n&rsquo;a pas besoin de populisme mais d&rsquo;une personne sachant prendre les bonnes&#8230;<\/p>\n","protected":false},"author":6,"featured_media":370602,"comment_status":"open","ping_status":"open","sticky":false,"template":"","format":"standard","meta":{"footnotes":""},"categories":[997,2433],"tags":[15144,64471,76012,33536,62643],"class_list":["post-370590","post","type-post","status-publish","format-standard","has-post-thumbnail","hentry","category-politique","category-tunisie","tag-abir-moussi","tag-corruption","tag-kais-saied-2","tag-pdl","tag-tunisie"],"yoast_head":"<!-- This site is optimized with the Yoast SEO plugin v26.6 - https:\/\/yoast.com\/wordpress\/plugins\/seo\/ -->\n<title>Manifestation du PDL \u00e0 la Kasbah : Moussi fustige Sa\u00efed et affirme qu&#039;il est incapable de sortir la Tunisie de la crise - Kapitalis<\/title>\n<meta name=\"robots\" content=\"index, follow, max-snippet:-1, max-image-preview:large, max-video-preview:-1\" \/>\n<link rel=\"canonical\" href=\"https:\/\/kapitalis.com\/tunisie\/2021\/11\/20\/manifestation-du-pdl-a-la-kasbah-moussi-fustige-saied-et-affirme-quil-est-incapable-de-sortir-la-tunisie-de-la-crise\/\" \/>\n<meta property=\"og:locale\" content=\"fr_FR\" \/>\n<meta property=\"og:type\" content=\"article\" \/>\n<meta property=\"og:title\" content=\"Manifestation du PDL \u00e0 la Kasbah : Moussi fustige Sa\u00efed et affirme qu&#039;il est incapable de sortir la Tunisie de la crise - Kapitalis\" \/>\n<meta property=\"og:description\" content=\"Abir Moussi pr\u00e9sidente du Parti destourien libre (PDL) estime que le chef de l\u2019\u00c9tat Ka\u00efs Sa\u00efed ne pourra pas sortir la Tunisie de la crise, en affirmant qu&rsquo;il n&rsquo;a aucune vision politique ni \u00e9conomique ni aucune connaissance des probl\u00e8mes des citoyens. \u00abLe pays n&rsquo;a pas besoin de populisme mais d&rsquo;une personne sachant prendre les bonnes...\" \/>\n<meta property=\"og:url\" content=\"https:\/\/kapitalis.com\/tunisie\/2021\/11\/20\/manifestation-du-pdl-a-la-kasbah-moussi-fustige-saied-et-affirme-quil-est-incapable-de-sortir-la-tunisie-de-la-crise\/\" \/>\n<meta property=\"og:site_name\" content=\"Kapitalis\" \/>\n<meta property=\"article:publisher\" content=\"https:\/\/www.facebook.com\/KapitalisInfo\/\" \/>\n<meta property=\"article:published_time\" content=\"2021-11-20T15:25:18+00:00\" \/>\n<meta property=\"article:modified_time\" content=\"2021-11-20T15:27:56+00:00\" \/>\n<meta property=\"og:image\" content=\"https:\/\/kapitalis.com\/tunisie\/wp-content\/uploads\/2022\/05\/kapitalis-logo-fb.png\" \/>\n\t<meta property=\"og:image:width\" content=\"1200\" \/>\n\t<meta property=\"og:image:height\" content=\"630\" \/>\n\t<meta property=\"og:image:type\" content=\"image\/png\" \/>\n<meta name=\"author\" content=\"Yusra NY\" \/>\n<meta name=\"twitter:card\" content=\"summary_large_image\" \/>\n<meta name=\"twitter:creator\" content=\"@KapitalisInfo\" \/>\n<meta name=\"twitter:site\" content=\"@KapitalisInfo\" \/>\n<meta name=\"twitter:label1\" content=\"\u00c9crit par\" \/>\n\t<meta name=\"twitter:data1\" content=\"Yusra NY\" \/>\n\t<meta name=\"twitter:label2\" content=\"Dur\u00e9e de lecture estim\u00e9e\" \/>\n\t<meta name=\"twitter:data2\" content=\"3 minutes\" \/>\n<script type=\"application\/ld+json\" class=\"yoast-schema-graph\">{\"@context\":\"https:\/\/schema.org\",\"@graph\":[{\"@type\":\"Article\",\"@id\":\"https:\/\/kapitalis.com\/tunisie\/2021\/11\/20\/manifestation-du-pdl-a-la-kasbah-moussi-fustige-saied-et-affirme-quil-est-incapable-de-sortir-la-tunisie-de-la-crise\/#article\",\"isPartOf\":{\"@id\":\"https:\/\/kapitalis.com\/tunisie\/2021\/11\/20\/manifestation-du-pdl-a-la-kasbah-moussi-fustige-saied-et-affirme-quil-est-incapable-de-sortir-la-tunisie-de-la-crise\/\"},\"author\":{\"name\":\"Yusra NY\",\"@id\":\"https:\/\/kapitalis.com\/tunisie\/#\/schema\/person\/74bbde0154d49d790a92aaeac5bc01d5\"},\"headline\":\"Manifestation du PDL \u00e0 la Kasbah : Moussi fustige Sa\u00efed et affirme qu&rsquo;il est incapable de sortir la Tunisie de la crise\",\"datePublished\":\"2021-11-20T15:25:18+00:00\",\"dateModified\":\"2021-11-20T15:27:56+00:00\",\"mainEntityOfPage\":{\"@id\":\"https:\/\/kapitalis.com\/tunisie\/2021\/11\/20\/manifestation-du-pdl-a-la-kasbah-moussi-fustige-saied-et-affirme-quil-est-incapable-de-sortir-la-tunisie-de-la-crise\/\"},\"wordCount\":603,\"commentCount\":5,\"publisher\":{\"@id\":\"https:\/\/kapitalis.com\/tunisie\/#organization\"},\"image\":{\"@id\":\"https:\/\/kapitalis.com\/tunisie\/2021\/11\/20\/manifestation-du-pdl-a-la-kasbah-moussi-fustige-saied-et-affirme-quil-est-incapable-de-sortir-la-tunisie-de-la-crise\/#primaryimage\"},\"thumbnailUrl\":\"\",\"keywords\":[\"Abir Moussi\",\"corruption\",\"Ka\u00efs Sa\u00efed\",\"PDL\",\"Tunisie\"],\"articleSection\":[\"POLITIQUE\",\"Tunisie\"],\"inLanguage\":\"fr-FR\",\"potentialAction\":[{\"@type\":\"CommentAction\",\"name\":\"Comment\",\"target\":[\"https:\/\/kapitalis.com\/tunisie\/2021\/11\/20\/manifestation-du-pdl-a-la-kasbah-moussi-fustige-saied-et-affirme-quil-est-incapable-de-sortir-la-tunisie-de-la-crise\/#respond\"]}]},{\"@type\":\"WebPage\",\"@id\":\"https:\/\/kapitalis.com\/tunisie\/2021\/11\/20\/manifestation-du-pdl-a-la-kasbah-moussi-fustige-saied-et-affirme-quil-est-incapable-de-sortir-la-tunisie-de-la-crise\/\",\"url\":\"https:\/\/kapitalis.com\/tunisie\/2021\/11\/20\/manifestation-du-pdl-a-la-kasbah-moussi-fustige-saied-et-affirme-quil-est-incapable-de-sortir-la-tunisie-de-la-crise\/\",\"name\":\"Manifestation du PDL \u00e0 la Kasbah : Moussi fustige Sa\u00efed et affirme qu'il est incapable de sortir la Tunisie de la crise - Kapitalis\",\"isPartOf\":{\"@id\":\"https:\/\/kapitalis.com\/tunisie\/#website\"},\"primaryImageOfPage\":{\"@id\":\"https:\/\/kapitalis.com\/tunisie\/2021\/11\/20\/manifestation-du-pdl-a-la-kasbah-moussi-fustige-saied-et-affirme-quil-est-incapable-de-sortir-la-tunisie-de-la-crise\/#primaryimage\"},\"image\":{\"@id\":\"https:\/\/kapitalis.com\/tunisie\/2021\/11\/20\/manifestation-du-pdl-a-la-kasbah-moussi-fustige-saied-et-affirme-quil-est-incapable-de-sortir-la-tunisie-de-la-crise\/#primaryimage\"},\"thumbnailUrl\":\"\",\"datePublished\":\"2021-11-20T15:25:18+00:00\",\"dateModified\":\"2021-11-20T15:27:56+00:00\",\"breadcrumb\":{\"@id\":\"https:\/\/kapitalis.com\/tunisie\/2021\/11\/20\/manifestation-du-pdl-a-la-kasbah-moussi-fustige-saied-et-affirme-quil-est-incapable-de-sortir-la-tunisie-de-la-crise\/#breadcrumb\"},\"inLanguage\":\"fr-FR\",\"potentialAction\":[{\"@type\":\"ReadAction\",\"target\":[\"https:\/\/kapitalis.com\/tunisie\/2021\/11\/20\/manifestation-du-pdl-a-la-kasbah-moussi-fustige-saied-et-affirme-quil-est-incapable-de-sortir-la-tunisie-de-la-crise\/\"]}]},{\"@type\":\"ImageObject\",\"inLanguage\":\"fr-FR\",\"@id\":\"https:\/\/kapitalis.com\/tunisie\/2021\/11\/20\/manifestation-du-pdl-a-la-kasbah-moussi-fustige-saied-et-affirme-quil-est-incapable-de-sortir-la-tunisie-de-la-crise\/#primaryimage\",\"url\":\"\",\"contentUrl\":\"\"},{\"@type\":\"BreadcrumbList\",\"@id\":\"https:\/\/kapitalis.com\/tunisie\/2021\/11\/20\/manifestation-du-pdl-a-la-kasbah-moussi-fustige-saied-et-affirme-quil-est-incapable-de-sortir-la-tunisie-de-la-crise\/#breadcrumb\",\"itemListElement\":[{\"@type\":\"ListItem\",\"position\":1,\"name\":\"Accueil\",\"item\":\"https:\/\/kapitalis.com\/tunisie\/\"},{\"@type\":\"ListItem\",\"position\":2,\"name\":\"Manifestation du PDL \u00e0 la Kasbah : Moussi fustige Sa\u00efed et affirme qu&rsquo;il est incapable de sortir la Tunisie de la crise\"}]},{\"@type\":\"WebSite\",\"@id\":\"https:\/\/kapitalis.com\/tunisie\/#website\",\"url\":\"https:\/\/kapitalis.com\/tunisie\/\",\"name\":\"Kapitalis\",\"description\":\"L&#039;actualit\u00e9 en Tunisie et dans le monde\",\"publisher\":{\"@id\":\"https:\/\/kapitalis.com\/tunisie\/#organization\"},\"potentialAction\":[{\"@type\":\"SearchAction\",\"target\":{\"@type\":\"EntryPoint\",\"urlTemplate\":\"https:\/\/kapitalis.com\/tunisie\/?s={search_term_string}\"},\"query-input\":{\"@type\":\"PropertyValueSpecification\",\"valueRequired\":true,\"valueName\":\"search_term_string\"}}],\"inLanguage\":\"fr-FR\"},{\"@type\":\"Organization\",\"@id\":\"https:\/\/kapitalis.com\/tunisie\/#organization\",\"name\":\"Kapitalis\",\"url\":\"https:\/\/kapitalis.com\/tunisie\/\",\"logo\":{\"@type\":\"ImageObject\",\"inLanguage\":\"fr-FR\",\"@id\":\"https:\/\/kapitalis.com\/tunisie\/#\/schema\/logo\/image\/\",\"url\":\"https:\/\/kapitalis.com\/tunisie\/wp-content\/uploads\/2022\/05\/Kapitalis-big-size.png\",\"contentUrl\":\"https:\/\/kapitalis.com\/tunisie\/wp-content\/uploads\/2022\/05\/Kapitalis-big-size.png\",\"width\":5000,\"height\":1500,\"caption\":\"Kapitalis\"},\"image\":{\"@id\":\"https:\/\/kapitalis.com\/tunisie\/#\/schema\/logo\/image\/\"},\"sameAs\":[\"https:\/\/www.facebook.com\/KapitalisInfo\/\",\"https:\/\/x.com\/KapitalisInfo\",\"https:\/\/www.youtube.com\/channel\/UC-yDYrHyfFBWWZaOw3FPg9Q\"]},{\"@type\":\"Person\",\"@id\":\"https:\/\/kapitalis.com\/tunisie\/#\/schema\/person\/74bbde0154d49d790a92aaeac5bc01d5\",\"name\":\"Yusra NY\",\"url\":\"https:\/\/kapitalis.com\/tunisie\/author\/yuza_adam\/\"}]}<\/script>\n<!-- \/ Yoast SEO plugin. -->","yoast_head_json":{"title":"Manifestation du PDL \u00e0 la Kasbah : Moussi fustige Sa\u00efed et affirme qu'il est incapable de sortir la Tunisie de la crise - Kapitalis","robots":{"index":"index","follow":"follow","max-snippet":"max-snippet:-1","max-image-preview":"max-image-preview:large","max-video-preview":"max-video-preview:-1"},"canonical":"https:\/\/kapitalis.com\/tunisie\/2021\/11\/20\/manifestation-du-pdl-a-la-kasbah-moussi-fustige-saied-et-affirme-quil-est-incapable-de-sortir-la-tunisie-de-la-crise\/","og_locale":"fr_FR","og_type":"article","og_title":"Manifestation du PDL \u00e0 la Kasbah : Moussi fustige Sa\u00efed et affirme qu'il est incapable de sortir la Tunisie de la crise - Kapitalis","og_description":"Abir Moussi pr\u00e9sidente du Parti destourien libre (PDL) estime que le chef de l\u2019\u00c9tat Ka\u00efs Sa\u00efed ne pourra pas sortir la Tunisie de la crise, en affirmant qu&rsquo;il n&rsquo;a aucune vision politique ni \u00e9conomique ni aucune connaissance des probl\u00e8mes des citoyens. \u00abLe pays n&rsquo;a pas besoin de populisme mais d&rsquo;une personne sachant prendre les bonnes...","og_url":"https:\/\/kapitalis.com\/tunisie\/2021\/11\/20\/manifestation-du-pdl-a-la-kasbah-moussi-fustige-saied-et-affirme-quil-est-incapable-de-sortir-la-tunisie-de-la-crise\/","og_site_name":"Kapitalis","article_publisher":"https:\/\/www.facebook.com\/KapitalisInfo\/","article_published_time":"2021-11-20T15:25:18+00:00","article_modified_time":"2021-11-20T15:27:56+00:00","og_image":[{"width":1200,"height":630,"url":"https:\/\/kapitalis.com\/tunisie\/wp-content\/uploads\/2022\/05\/kapitalis-logo-fb.png","type":"image\/png"}],"author":"Yusra NY","twitter_card":"summary_large_image","twitter_creator":"@KapitalisInfo","twitter_site":"@KapitalisInfo","twitter_misc":{"\u00c9crit par":"Yusra NY","Dur\u00e9e de lecture estim\u00e9e":"3 minutes"},"schema":{"@context":"https:\/\/schema.org","@graph":[{"@type":"Article","@id":"https:\/\/kapitalis.com\/tunisie\/2021\/11\/20\/manifestation-du-pdl-a-la-kasbah-moussi-fustige-saied-et-affirme-quil-est-incapable-de-sortir-la-tunisie-de-la-crise\/#article","isPartOf":{"@id":"https:\/\/kapitalis.com\/tunisie\/2021\/11\/20\/manifestation-du-pdl-a-la-kasbah-moussi-fustige-saied-et-affirme-quil-est-incapable-de-sortir-la-tunisie-de-la-crise\/"},"author":{"name":"Yusra NY","@id":"https:\/\/kapitalis.com\/tunisie\/#\/schema\/person\/74bbde0154d49d790a92aaeac5bc01d5"},"headline":"Manifestation du PDL \u00e0 la Kasbah : Moussi fustige Sa\u00efed et affirme qu&rsquo;il est incapable de sortir la Tunisie de la crise","datePublished":"2021-11-20T15:25:18+00:00","dateModified":"2021-11-20T15:27:56+00:00","mainEntityOfPage":{"@id":"https:\/\/kapitalis.com\/tunisie\/2021\/11\/20\/manifestation-du-pdl-a-la-kasbah-moussi-fustige-saied-et-affirme-quil-est-incapable-de-sortir-la-tunisie-de-la-crise\/"},"wordCount":603,"commentCount":5,"publisher":{"@id":"https:\/\/kapitalis.com\/tunisie\/#organization"},"image":{"@id":"https:\/\/kapitalis.com\/tunisie\/2021\/11\/20\/manifestation-du-pdl-a-la-kasbah-moussi-fustige-saied-et-affirme-quil-est-incapable-de-sortir-la-tunisie-de-la-crise\/#primaryimage"},"thumbnailUrl":"","keywords":["Abir Moussi","corruption","Ka\u00efs Sa\u00efed","PDL","Tunisie"],"articleSection":["POLITIQUE","Tunisie"],"inLanguage":"fr-FR","potentialAction":[{"@type":"CommentAction","name":"Comment","target":["https:\/\/kapitalis.com\/tunisie\/2021\/11\/20\/manifestation-du-pdl-a-la-kasbah-moussi-fustige-saied-et-affirme-quil-est-incapable-de-sortir-la-tunisie-de-la-crise\/#respond"]}]},{"@type":"WebPage","@id":"https:\/\/kapitalis.com\/tunisie\/2021\/11\/20\/manifestation-du-pdl-a-la-kasbah-moussi-fustige-saied-et-affirme-quil-est-incapable-de-sortir-la-tunisie-de-la-crise\/","url":"https:\/\/kapitalis.com\/tunisie\/2021\/11\/20\/manifestation-du-pdl-a-la-kasbah-moussi-fustige-saied-et-affirme-quil-est-incapable-de-sortir-la-tunisie-de-la-crise\/","name":"Manifestation du PDL \u00e0 la Kasbah : Moussi fustige Sa\u00efed et affirme qu'il est incapable de sortir la Tunisie de la crise - Kapitalis","isPartOf":{"@id":"https:\/\/kapitalis.com\/tunisie\/#website"},"primaryImageOfPage":{"@id":"https:\/\/kapitalis.com\/tunisie\/2021\/11\/20\/manifestation-du-pdl-a-la-kasbah-moussi-fustige-saied-et-affirme-quil-est-incapable-de-sortir-la-tunisie-de-la-crise\/#primaryimage"},"image":{"@id":"https:\/\/kapitalis.com\/tunisie\/2021\/11\/20\/manifestation-du-pdl-a-la-kasbah-moussi-fustige-saied-et-affirme-quil-est-incapable-de-sortir-la-tunisie-de-la-crise\/#primaryimage"},"thumbnailUrl":"","datePublished":"2021-11-20T15:25:18+00:00","dateModified":"2021-11-20T15:27:56+00:00","breadcrumb":{"@id":"https:\/\/kapitalis.com\/tunisie\/2021\/11\/20\/manifestation-du-pdl-a-la-kasbah-moussi-fustige-saied-et-affirme-quil-est-incapable-de-sortir-la-tunisie-de-la-crise\/#breadcrumb"},"inLanguage":"fr-FR","potentialAction":[{"@type":"ReadAction","target":["https:\/\/kapitalis.com\/tunisie\/2021\/11\/20\/manifestation-du-pdl-a-la-kasbah-moussi-fustige-saied-et-affirme-quil-est-incapable-de-sortir-la-tunisie-de-la-crise\/"]}]},{"@type":"ImageObject","inLanguage":"fr-FR","@id":"https:\/\/kapitalis.com\/tunisie\/2021\/11\/20\/manifestation-du-pdl-a-la-kasbah-moussi-fustige-saied-et-affirme-quil-est-incapable-de-sortir-la-tunisie-de-la-crise\/#primaryimage","url":"","contentUrl":""},{"@type":"BreadcrumbList","@id":"https:\/\/kapitalis.com\/tunisie\/2021\/11\/20\/manifestation-du-pdl-a-la-kasbah-moussi-fustige-saied-et-affirme-quil-est-incapable-de-sortir-la-tunisie-de-la-crise\/#breadcrumb","itemListElement":[{"@type":"ListItem","position":1,"name":"Accueil","item":"https:\/\/kapitalis.com\/tunisie\/"},{"@type":"ListItem","position":2,"name":"Manifestation du PDL \u00e0 la Kasbah : Moussi fustige Sa\u00efed et affirme qu&rsquo;il est incapable de sortir la Tunisie de la crise"}]},{"@type":"WebSite","@id":"https:\/\/kapitalis.com\/tunisie\/#website","url":"https:\/\/kapitalis.com\/tunisie\/","name":"Kapitalis","description":"L&#039;actualit\u00e9 en Tunisie et dans le monde","publisher":{"@id":"https:\/\/kapitalis.com\/tunisie\/#organization"},"potentialAction":[{"@type":"SearchAction","target":{"@type":"EntryPoint","urlTemplate":"https:\/\/kapitalis.com\/tunisie\/?s={search_term_string}"},"query-input":{"@type":"PropertyValueSpecification","valueRequired":true,"valueName":"search_term_string"}}],"inLanguage":"fr-FR"},{"@type":"Organization","@id":"https:\/\/kapitalis.com\/tunisie\/#organization","name":"Kapitalis","url":"https:\/\/kapitalis.com\/tunisie\/","logo":{"@type":"ImageObject","inLanguage":"fr-FR","@id":"https:\/\/kapitalis.com\/tunisie\/#\/schema\/logo\/image\/","url":"https:\/\/kapitalis.com\/tunisie\/wp-content\/uploads\/2022\/05\/Kapitalis-big-size.png","contentUrl":"https:\/\/kapitalis.com\/tunisie\/wp-content\/uploads\/2022\/05\/Kapitalis-big-size.png","width":5000,"height":1500,"caption":"Kapitalis"},"image":{"@id":"https:\/\/kapitalis.com\/tunisie\/#\/schema\/logo\/image\/"},"sameAs":["https:\/\/www.facebook.com\/KapitalisInfo\/","https:\/\/x.com\/KapitalisInfo","https:\/\/www.youtube.com\/channel\/UC-yDYrHyfFBWWZaOw3FPg9Q"]},{"@type":"Person","@id":"https:\/\/kapitalis.com\/tunisie\/#\/schema\/person\/74bbde0154d49d790a92aaeac5bc01d5","name":"Yusra NY","url":"https:\/\/kapitalis.com\/tunisie\/author\/yuza_adam\/"}]}},"_links":{"self":[{"href":"https:\/\/kapitalis.com\/tunisie\/wp-json\/wp\/v2\/posts\/370590","targetHints":{"allow":["GET"]}}],"collection":[{"href":"https:\/\/kapitalis.com\/tunisie\/wp-json\/wp\/v2\/posts"}],"about":[{"href":"https:\/\/kapitalis.com\/tunisie\/wp-json\/wp\/v2\/types\/post"}],"author":[{"embeddable":true,"href":"https:\/\/kapitalis.com\/tunisie\/wp-json\/wp\/v2\/users\/6"}],"replies":[{"embeddable":true,"href":"https:\/\/kapitalis.com\/tunisie\/wp-json\/wp\/v2\/comments?post=370590"}],"version-history":[{"count":0,"href":"https:\/\/kapitalis.com\/tunisie\/wp-json\/wp\/v2\/posts\/370590\/revisions"}],"wp:featuredmedia":[{"embeddable":true,"href":"https:\/\/kapitalis.com\/tunisie\/wp-json\/wp\/v2\/media\/370602"}],"wp:attachment":[{"href":"https:\/\/kapitalis.com\/tunisie\/wp-json\/wp\/v2\/media?parent=370590"}],"wp:term":[{"taxonomy":"category","embeddable":true,"href":"https:\/\/kapitalis.com\/tunisie\/wp-json\/wp\/v2\/categories?post=370590"},{"taxonomy":"post_tag","embeddable":true,"href":"https:\/\/kapitalis.com\/tunisie\/wp-json\/wp\/v2\/tags?post=370590"}],"curies":[{"name":"wp","href":"https:\/\/api.w.org\/{rel}","templated":true}]}}