{"id":370731,"date":"2021-11-22T09:07:41","date_gmt":"2021-11-22T08:07:41","guid":{"rendered":"http:\/\/kapitalis.com\/tunisie\/?p=370731"},"modified":"2021-11-22T09:09:34","modified_gmt":"2021-11-22T08:09:34","slug":"violence-en-milieu-scolaire-etat-des-lieux-et-moyens-de-prevention","status":"publish","type":"post","link":"https:\/\/kapitalis.com\/tunisie\/2021\/11\/22\/violence-en-milieu-scolaire-etat-des-lieux-et-moyens-de-prevention\/","title":{"rendered":"Violence en milieu scolaire : \u00e9tat des lieux et moyens de pr\u00e9vention"},"content":{"rendered":"\n<div class=\"wp-block-image\"><figure class=\"aligncenter size-full\"><img decoding=\"async\" src=\"http:\/\/kapitalis.com\/tunisie\/wp-content\/uploads\/2021\/11\/Violence-scolaire.jpg\" alt=\"\" class=\"wp-image-370733\"\/><\/figure><\/div>\n\n\n\n<p><strong><em>Nous avons tous \u00e9t\u00e9 choqu\u00e9s, <strong><em>r\u00e9cemment,<\/em><\/strong> par un \u00e9v\u00e9nement in\u00e9dit : l\u2019attaque \u00e0 l\u2019arme blanche d\u2019un enseignant par son \u00e9l\u00e8ve a boulevers\u00e9 toute la population, d&rsquo;autant que ce ph\u00e9nom\u00e8ne de\u00a0la violence\u00a0en milieu\u00a0scolaire\u00a0ne cesse de s&rsquo;amplifier, et pas seulement en Tunisie, le ph\u00e9nom\u00e8ne \u00e9tant mondial.<\/em><\/strong><\/p>\n\n\n\n<p>Par <strong>Ridha Jaber<\/strong> *<\/p>\n\n\n\n<!--more-->\n\n\n\n<div class=\"wp-block-image\"><figure class=\"alignleft size-full\"><img decoding=\"async\" src=\"http:\/\/kapitalis.com\/tunisie\/wp-content\/uploads\/2020\/05\/Ridha-Jaber.jpg\" alt=\"\" class=\"wp-image-300688\"\/><\/figure><\/div>\n\n\n\n<p>Plusieurs \u00e9l\u00e8ves, mais aussi des cadres \u00e9ducatifs, commettent, en effet, des actes\u00a0de violence\u00a0sous divers pr\u00e9textes. Et des actes de violence ont \u00e9t\u00e9 constat\u00e9s \u00e0 l&rsquo;int\u00e9rieur de l&rsquo;enceinte \u00e9ducative et dans son environnement.<\/p>\n\n\n\n<p>Le harc\u00e8lement scolaire se caract\u00e9rise par&nbsp;:<\/p>\n\n\n\n<p>&#8211; la r\u00e9p\u00e9tition de&nbsp;la violence, qui est reproduite sur une longue p\u00e9riode rendant la vie de l\u2019enfant harcel\u00e9 infernale;<\/p>\n\n\n\n<p>&#8211; le rapport de domination impos\u00e9 de fa\u00e7on insistante. Il y a un abus de pouvoir, une prise de pouvoir d\u2019un enfant sur un autre. L\u2019agression se fait d\u2019un \u00e9l\u00e8ve plus <em>\u00abfort\u00bb<\/em> contre un \u00e9l\u00e8ve plus <em>\u00abfaible\u00bb<\/em> ou ayant des difficult\u00e9s \u00e0 se d\u00e9fendre dans cette situation; ou d\u2019un groupe contre un \u00e9l\u00e8ve isol\u00e9; ou encore des plus \u00e2g\u00e9s contre des plus jeunes;l\u2019intention de nuire de l\u2019agresseur m\u00eame quand il prend pr\u00e9texte d&rsquo;un jeu pour rire.<\/p>\n\n\n\n<p>Le harc\u00e8lement se manifeste de diff\u00e9rentes mani\u00e8res. Il est\u00a0physique (coups de poing, coups de pied, menaces et destruction de biens); psychologique (moqueries, insultes et menaces); relationnel\u00a0(grimaces, gestes obsc\u00e8nes, diffusion de rumeurs infond\u00e9es, exclusion du groupe); et sexuel\u00a0(commentaires sexistes, insultes, attouchements).<\/p>\n\n\n\n<p>Il y a aussi un nouveau ph\u00e9nom\u00e8ne qui monte en puissance, le cyberharc\u00e8lement. Et l\u00e0, la d\u00e9finition et la responsabilit\u00e9 du harc\u00e8lement changent. Par l\u2019interm\u00e9diaire de l\u2019internet, il est tr\u00e8s facile d\u2019humilier quelqu\u2019un de fa\u00e7on rapide et indirecte. Cette nouvelle tendance d\u00e9multiplie dangereusement les possibilit\u00e9s de harc\u00e8lement mais \u00e9galement l\u2019impact d\u00e9vastateur sur la victime.<\/p>\n\n\n\n<h2 class=\"wp-block-heading\">Les types de harceleurs et de harcel\u00e9s<\/h2>\n\n\n\n<p>Le harc\u00e8lement scolaire est souvent un ph\u00e9nom\u00e8ne de groupe car le harceleur a besoin du regard des autres, de t\u00e9moins, de rieurs, de spectateurs.<\/p>\n\n\n\n<p>Les&nbsp;victimes sont&nbsp;souvent des enfants plus petits, plus timides et surtout des enfants&nbsp;qui&nbsp;ne peuvent pas se d\u00e9fendre. Ils subissent cette violence au quotidien avec des s\u00e9quelles engendrant des cons\u00e9quences souvent irr\u00e9versibles ou difficiles \u00e0 d\u00e9passer. Elles peuvent se manifester par des difficult\u00e9s de concentration, des probl\u00e8mes de sommeil ou encore un affaiblissement de l\u2019estime de soi. Elles peuvent marquer l\u2019enfant durant longtemps.<\/p>\n\n\n\n<p>Les \u00e9l\u00e8ves victimes de&nbsp;harc\u00e8lement&nbsp;sont plus susceptibles de souffrir de d\u00e9pression et d&rsquo;anxi\u00e9t\u00e9, d&rsquo;avoir des probl\u00e8mes de sant\u00e9, de voir leurs r\u00e9sultats scolaires chuter et de pr\u00e9senter des probl\u00e8mes de comportement \u00e0 l&rsquo;\u00e9cole, notamment un taux de d\u00e9crochage \u00e9lev\u00e9.<\/p>\n\n\n\n<p>Les premi\u00e8res \u00e9tudes sur le harc\u00e8lement ont \u00e9t\u00e9 men\u00e9es par des scientifiques \u00e0 partir de 1990. L&rsquo;expression anglaise <em>\u00abschool bullying\u00bb<\/em> \u00e9tait tr\u00e8s utilis\u00e9e et a \u00e9t\u00e9 traduite en <em>\u00abharc\u00e8lement scolaire\u00bb<\/em>.<\/p>\n\n\n\n<p>Les scientifiques ont d\u00e9couvert que le harc\u00e8lement est motiv\u00e9 par&nbsp;l&rsquo;appartenance au groupe. Ce point&nbsp;est&nbsp;essentiel. Les&nbsp;harceleurs cherchent \u00e0 prouver leur valeur personnelle au clan car&nbsp;ils&nbsp;ont en r\u00e9alit\u00e9 tr\u00e8s peur d&rsquo;\u00eatre rejet\u00e9s. Il s\u2019agit r\u00e9ellement d\u2019un besoin de reconnaissance et d&rsquo;une mani\u00e8re de prouver son importance.<\/p>\n\n\n\n<p>Les \u00e9tudes renseignent sur les violences scolaires qui marquent profond\u00e9ment les enfants, souvent \u00e0 vie. Les statistiques sont stup\u00e9fiantes.&nbsp;Certes, des diff\u00e9rences existent d\u2019un pays \u00e0 l\u2019autre, mais la pr\u00e9valence des violences \u00e0 l\u2019\u00e9cole est \u00e9lev\u00e9e partout dans le monde, \u00e0 de rares exceptions. Les ch\u00e2timents corporels inflig\u00e9s par les enseignants restent \u00e9galement tr\u00e8s r\u00e9pandus, m\u00eame s\u2019il est av\u00e9r\u00e9 que cette pratique ne favorise gu\u00e8re l\u2019apprentissage.<\/p>\n\n\n\n<p>Par ailleurs, les victimes de violences scolaires sont expos\u00e9es \u00e0 toute une s\u00e9rie d\u2019effets d\u00e9l\u00e9t\u00e8res. Les risques de troubles de la sant\u00e9 sont plus \u00e9lev\u00e9s&nbsp;(sommeil agit\u00e9, maux de t\u00eate, maux de dos\u2026) tout comme les comportements \u00e0 risque (consommation de drogues et d\u2019alcool, relations sexuelles pr\u00e9coces&#8230;) Les id\u00e9es et tentatives suicidaires sont \u00e9galement plus fr\u00e9quentes chez les enfants qui subissent des violences \u00e0 l\u2019\u00e9cole. La quasi-totalit\u00e9 des variables des enqu\u00eates sur la sant\u00e9 en milieu scolaire font \u00e9tat d\u2019une corr\u00e9lation statistiquement significative entre violences et r\u00e9sultats n\u00e9gatifs.<\/p>\n\n\n\n<p>Sur la base de donn\u00e9es factuelles internationales, certaines \u00e9tudes d\u00e9montrent qu\u2019il existe un \u00e9ventail de programmes pour lutter efficacement contre les violences au sein et \u00e0 proximit\u00e9 de l\u2019\u00e9cole.&nbsp;Ces interventions, qui doivent porter sur l\u2019int\u00e9gralit\u00e9 du cycle scolaire&nbsp;(petite enfance, primaire et secondaire) sont pour la plupart b\u00e9n\u00e9fiques, et ce, \u00e0 de multiples titres.<\/p>\n\n\n\n<p>Les programmes destin\u00e9s \u00e0 stimuler les comp\u00e9tences socio-affectives am\u00e9liorent par exemple les comportements sociaux positifs et les apprentissages chez les \u00e9l\u00e8ves. Les m\u00e9thodes d\u2019apprentissage collaboratif favorisent \u00e9galement les apprentissages ainsi que les relations avec les autres et l\u2019image de soi.&nbsp;<\/p>\n\n\n\n<p>Les \u00c9tats membres de l\u2019Unesco ont d\u00e9clar\u00e9&nbsp;le premier jeudi de novembre&nbsp;Journ\u00e9e internationale contre la violence et le harc\u00e8lement en milieu scolaire, y compris le cyber-harc\u00e8lement. Cette ann\u00e9e, 2021, cette journ\u00e9e a \u00e9t\u00e9 c\u00e9l\u00e9br\u00e9e le 4 novembre sur le th\u00e8me&nbsp;<em>\u00abLutter contre le cyber-harc\u00e8lement et d\u2019autres formes de violence en ligne impliquant des enfants et des jeunes\u00bb<\/em>.<\/p>\n\n\n\n<p>Ces approches occupent une place centrale dans la nouvelle strat\u00e9gie de l\u2019initiative <em>\u00abSafe to Learn\u00bb<\/em> pr\u00e9sent\u00e9e par l\u2019Unesco avec le soutien des 14\u00a0membres de l\u2019initiative, \u00e0 laquelle la Banque mondiale a activement particip\u00e9. La Banque mondiale a d&rsquo;ailleurs fait de la s\u00e9curit\u00e9 et de l\u2019inclusion dans les \u00e9coles le quatri\u00e8me pilier de sa vision\u00a0pour l\u2019\u00e9cole de demain, rendue publique en d\u00e9cembre 2020.<\/p>\n\n\n\n<p>Mettre fin aux violences scolaires n\u2019est pas seulement une cause juste. C\u2019est aussi un excellent investissement dans le capital humain et les donn\u00e9es sont l\u00e0 pour le d\u00e9montrer et guider l\u2019action.<\/p>\n\n\n\n<h2 class=\"wp-block-heading\">La pr\u00e9vention du harc\u00e8lement \u00e0 l&rsquo;\u00e9cole<\/h2>\n\n\n\n<p>La meilleure fa\u00e7on de pr\u00e9venir le&nbsp;harc\u00e8lement&nbsp;est de communiquer fr\u00e9quemment avec les enfants. Les moments de dialogue tels que les temps d\u2019\u00e9coute en classe (TEC) que l\u2019Acad\u00e9mie du Lac et le Coll\u00e8ge du Lac, en Tunisie, ont instaur\u00e9 dans leurs \u00e9tablissements apportent une des solutions au ph\u00e9nom\u00e8ne du harc\u00e8lement. En effet, la discussion et le dialogue qui s\u2019installent dans le groupe sensibilisent les participants aux m\u00e9faits et aux cons\u00e9quences d\u00e9vastateurs de ce ph\u00e9nom\u00e8ne. L\u2019application de cette m\u00e9thode fait suite \u00e0 des formations ax\u00e9es sur la discipline positive.<\/p>\n\n\n\n<p>Un regard sur les m\u00e9canismes de construction du groupe et une pr\u00e9sence d&rsquo;aide \u00e0 son fonctionnement dynamique peuvent \u00e9viter des situations de&nbsp;harc\u00e8lement.<\/p>\n\n\n\n<p>C\u2019est, \u00e9galement et entre autres, dans ce contexte que les directions de ces deux \u00e9tablissements ont programm\u00e9 des s\u00e9ances de cours portant sur l\u2019estime de soi de l\u2019enfant. Ainsi, chaque \u00e9l\u00e8ve \u00e9tant unique et important prend conscience de sa valeur et de sa place dans le groupe.<\/p>\n\n\n\n<p>Au cours de ces s\u00e9ances mais \u00e9galement par la suite, la perception, la r\u00e9activit\u00e9 et l\u2019implication des \u00e9l\u00e8ves sont \u00e9tonnamment spectaculaires.<\/p>\n\n\n\n<p>L\u2019\u00e9ducation n\u2019est compl\u00e8te que si nous enseignons \u00e0 nos enfants non seulement la lecture et l\u2019\u00e9criture mais \u00e9galement la diff\u00e9rence entre le bien et le mal.<\/p>\n\n\n\n<p><em>* Chef d&rsquo;\u00e9tablissements scolaires.<\/em> <\/p>\n\n\n\n<h4 class=\"wp-block-heading\"><em>Articles du m\u00eame auteur dans Kapitalis : <\/em><\/h4>\n\n\n\n<p><blockquote class=\"wp-embedded-content\" data-secret=\"3955hBXOTJ\"><a href=\"https:\/\/kapitalis.com\/tunisie\/2021\/01\/13\/2021-lannee-des-optimistes\/\">2021, l\u2019ann\u00e9e des optimistes?<\/a><\/blockquote><iframe loading=\"lazy\" class=\"wp-embedded-content\" sandbox=\"allow-scripts\" security=\"restricted\" style=\"position: absolute; clip: rect(1px, 1px, 1px, 1px);\" title=\"\u00ab\u00a02021, l\u2019ann\u00e9e des optimistes?\u00a0\u00bb &#8212; Kapitalis\" src=\"https:\/\/kapitalis.com\/tunisie\/2021\/01\/13\/2021-lannee-des-optimistes\/embed\/#?secret=yVsMFbEV0o#?secret=3955hBXOTJ\" data-secret=\"3955hBXOTJ\" width=\"600\" height=\"338\" frameborder=\"0\" marginwidth=\"0\" marginheight=\"0\" scrolling=\"no\"><\/iframe><\/p>\n\n\n\n<p><blockquote class=\"wp-embedded-content\" data-secret=\"0bNmTJVvx8\"><a href=\"https:\/\/kapitalis.com\/tunisie\/2020\/12\/07\/les-ecoles-privees-generent-une-enorme-economie-a-letat\/\">Les \u00e9coles priv\u00e9es g\u00e9n\u00e8rent une \u00e9norme \u00e9conomie \u00e0 l&rsquo;Etat<\/a><\/blockquote><iframe loading=\"lazy\" class=\"wp-embedded-content\" sandbox=\"allow-scripts\" security=\"restricted\" style=\"position: absolute; clip: rect(1px, 1px, 1px, 1px);\" title=\"\u00ab\u00a0Les \u00e9coles priv\u00e9es g\u00e9n\u00e8rent une \u00e9norme \u00e9conomie \u00e0 l&rsquo;Etat\u00a0\u00bb &#8212; Kapitalis\" src=\"https:\/\/kapitalis.com\/tunisie\/2020\/12\/07\/les-ecoles-privees-generent-une-enorme-economie-a-letat\/embed\/#?secret=gzO2qsZ0TH#?secret=0bNmTJVvx8\" data-secret=\"0bNmTJVvx8\" width=\"600\" height=\"338\" frameborder=\"0\" marginwidth=\"0\" marginheight=\"0\" scrolling=\"no\"><\/iframe><\/p>\n\n\n\n<p><blockquote class=\"wp-embedded-content\" data-secret=\"mTQ1YeMp3l\"><a href=\"https:\/\/kapitalis.com\/tunisie\/2020\/10\/21\/les-dangers-des-cours-particuliers\/\">Les dangers des cours particuliers<\/a><\/blockquote><iframe loading=\"lazy\" class=\"wp-embedded-content\" sandbox=\"allow-scripts\" security=\"restricted\" style=\"position: absolute; clip: rect(1px, 1px, 1px, 1px);\" title=\"\u00ab\u00a0Les dangers des cours particuliers\u00a0\u00bb &#8212; Kapitalis\" src=\"https:\/\/kapitalis.com\/tunisie\/2020\/10\/21\/les-dangers-des-cours-particuliers\/embed\/#?secret=oxQqWn5VxH#?secret=mTQ1YeMp3l\" data-secret=\"mTQ1YeMp3l\" width=\"600\" height=\"338\" frameborder=\"0\" marginwidth=\"0\" marginheight=\"0\" scrolling=\"no\"><\/iframe><\/p>\n","protected":false},"excerpt":{"rendered":"<p>Nous avons tous \u00e9t\u00e9 choqu\u00e9s, r\u00e9cemment, par un \u00e9v\u00e9nement in\u00e9dit : l\u2019attaque \u00e0 l\u2019arme blanche d\u2019un enseignant par son \u00e9l\u00e8ve a boulevers\u00e9 toute la population, d&rsquo;autant que ce ph\u00e9nom\u00e8ne de\u00a0la violence\u00a0en milieu\u00a0scolaire\u00a0ne cesse de s&rsquo;amplifier, et pas seulement en Tunisie, le ph\u00e9nom\u00e8ne \u00e9tant mondial. Par Ridha Jaber *<\/p>\n","protected":false},"author":8,"featured_media":370733,"comment_status":"open","ping_status":"open","sticky":false,"template":"","format":"standard","meta":{"footnotes":""},"categories":[992,998,1000,2433],"tags":[79146,95100,95101,95099,84063,62643,1068,95098],"class_list":["post-370731","post","type-post","status-publish","format-standard","has-post-thumbnail","hentry","category-a-la-une","category-societe","category-tribune","category-tunisie","tag-academie-du-lac","tag-college-du-lac","tag-cyberharcelement","tag-harcelement-scolaire","tag-ridha-jaber","tag-tunisie","tag-unesco","tag-violence-scolaire"],"yoast_head":"<!-- This site is optimized with the Yoast SEO plugin v26.6 - https:\/\/yoast.com\/wordpress\/plugins\/seo\/ -->\n<title>Violence en milieu scolaire : \u00e9tat des lieux et moyens de pr\u00e9vention - Kapitalis<\/title>\n<meta name=\"robots\" content=\"index, follow, max-snippet:-1, max-image-preview:large, max-video-preview:-1\" \/>\n<link rel=\"canonical\" href=\"https:\/\/kapitalis.com\/tunisie\/2021\/11\/22\/violence-en-milieu-scolaire-etat-des-lieux-et-moyens-de-prevention\/\" \/>\n<meta property=\"og:locale\" content=\"fr_FR\" \/>\n<meta property=\"og:type\" content=\"article\" \/>\n<meta property=\"og:title\" content=\"Violence en milieu scolaire : \u00e9tat des lieux et moyens de pr\u00e9vention - Kapitalis\" \/>\n<meta property=\"og:description\" content=\"Nous avons tous \u00e9t\u00e9 choqu\u00e9s, r\u00e9cemment, par un \u00e9v\u00e9nement in\u00e9dit : l\u2019attaque \u00e0 l\u2019arme blanche d\u2019un enseignant par son \u00e9l\u00e8ve a boulevers\u00e9 toute la population, d&rsquo;autant que ce ph\u00e9nom\u00e8ne de\u00a0la violence\u00a0en milieu\u00a0scolaire\u00a0ne cesse de s&rsquo;amplifier, et pas seulement en Tunisie, le ph\u00e9nom\u00e8ne \u00e9tant mondial. Par Ridha Jaber *\" \/>\n<meta property=\"og:url\" content=\"https:\/\/kapitalis.com\/tunisie\/2021\/11\/22\/violence-en-milieu-scolaire-etat-des-lieux-et-moyens-de-prevention\/\" \/>\n<meta property=\"og:site_name\" content=\"Kapitalis\" \/>\n<meta property=\"article:publisher\" content=\"https:\/\/www.facebook.com\/KapitalisInfo\/\" \/>\n<meta property=\"article:published_time\" content=\"2021-11-22T08:07:41+00:00\" \/>\n<meta property=\"article:modified_time\" content=\"2021-11-22T08:09:34+00:00\" \/>\n<meta property=\"og:image\" content=\"https:\/\/kapitalis.com\/tunisie\/wp-content\/uploads\/2022\/05\/kapitalis-logo-fb.png\" \/>\n\t<meta property=\"og:image:width\" content=\"1200\" \/>\n\t<meta property=\"og:image:height\" content=\"630\" \/>\n\t<meta property=\"og:image:type\" content=\"image\/png\" \/>\n<meta name=\"author\" content=\"webmaster kapitalis\" \/>\n<meta name=\"twitter:card\" content=\"summary_large_image\" \/>\n<meta name=\"twitter:creator\" content=\"@KapitalisInfo\" \/>\n<meta name=\"twitter:site\" content=\"@KapitalisInfo\" \/>\n<meta name=\"twitter:label1\" content=\"\u00c9crit par\" \/>\n\t<meta name=\"twitter:data1\" content=\"webmaster kapitalis\" \/>\n\t<meta name=\"twitter:label2\" content=\"Dur\u00e9e de lecture estim\u00e9e\" \/>\n\t<meta name=\"twitter:data2\" content=\"7 minutes\" \/>\n<script type=\"application\/ld+json\" class=\"yoast-schema-graph\">{\"@context\":\"https:\/\/schema.org\",\"@graph\":[{\"@type\":\"Article\",\"@id\":\"https:\/\/kapitalis.com\/tunisie\/2021\/11\/22\/violence-en-milieu-scolaire-etat-des-lieux-et-moyens-de-prevention\/#article\",\"isPartOf\":{\"@id\":\"https:\/\/kapitalis.com\/tunisie\/2021\/11\/22\/violence-en-milieu-scolaire-etat-des-lieux-et-moyens-de-prevention\/\"},\"author\":{\"name\":\"webmaster kapitalis\",\"@id\":\"https:\/\/kapitalis.com\/tunisie\/#\/schema\/person\/d71f33a9ca44f7bad4698210b480c8e9\"},\"headline\":\"Violence en milieu scolaire : \u00e9tat des lieux et moyens de pr\u00e9vention\",\"datePublished\":\"2021-11-22T08:07:41+00:00\",\"dateModified\":\"2021-11-22T08:09:34+00:00\",\"mainEntityOfPage\":{\"@id\":\"https:\/\/kapitalis.com\/tunisie\/2021\/11\/22\/violence-en-milieu-scolaire-etat-des-lieux-et-moyens-de-prevention\/\"},\"wordCount\":1367,\"commentCount\":0,\"publisher\":{\"@id\":\"https:\/\/kapitalis.com\/tunisie\/#organization\"},\"image\":{\"@id\":\"https:\/\/kapitalis.com\/tunisie\/2021\/11\/22\/violence-en-milieu-scolaire-etat-des-lieux-et-moyens-de-prevention\/#primaryimage\"},\"thumbnailUrl\":\"\",\"keywords\":[\"Acad\u00e9mie du Lac\",\"Coll\u00e8ge du Lac\",\"cyberharc\u00e8lement\",\"harc\u00e8lement scolaire\",\"Ridha Jaber\",\"Tunisie\",\"Unesco\",\"violence scolaire\"],\"articleSection\":[\"A LA UNE\",\"SOCIETE\",\"TRIBUNE\",\"Tunisie\"],\"inLanguage\":\"fr-FR\",\"potentialAction\":[{\"@type\":\"CommentAction\",\"name\":\"Comment\",\"target\":[\"https:\/\/kapitalis.com\/tunisie\/2021\/11\/22\/violence-en-milieu-scolaire-etat-des-lieux-et-moyens-de-prevention\/#respond\"]}]},{\"@type\":\"WebPage\",\"@id\":\"https:\/\/kapitalis.com\/tunisie\/2021\/11\/22\/violence-en-milieu-scolaire-etat-des-lieux-et-moyens-de-prevention\/\",\"url\":\"https:\/\/kapitalis.com\/tunisie\/2021\/11\/22\/violence-en-milieu-scolaire-etat-des-lieux-et-moyens-de-prevention\/\",\"name\":\"Violence en milieu scolaire : \u00e9tat des lieux et moyens de pr\u00e9vention - Kapitalis\",\"isPartOf\":{\"@id\":\"https:\/\/kapitalis.com\/tunisie\/#website\"},\"primaryImageOfPage\":{\"@id\":\"https:\/\/kapitalis.com\/tunisie\/2021\/11\/22\/violence-en-milieu-scolaire-etat-des-lieux-et-moyens-de-prevention\/#primaryimage\"},\"image\":{\"@id\":\"https:\/\/kapitalis.com\/tunisie\/2021\/11\/22\/violence-en-milieu-scolaire-etat-des-lieux-et-moyens-de-prevention\/#primaryimage\"},\"thumbnailUrl\":\"\",\"datePublished\":\"2021-11-22T08:07:41+00:00\",\"dateModified\":\"2021-11-22T08:09:34+00:00\",\"breadcrumb\":{\"@id\":\"https:\/\/kapitalis.com\/tunisie\/2021\/11\/22\/violence-en-milieu-scolaire-etat-des-lieux-et-moyens-de-prevention\/#breadcrumb\"},\"inLanguage\":\"fr-FR\",\"potentialAction\":[{\"@type\":\"ReadAction\",\"target\":[\"https:\/\/kapitalis.com\/tunisie\/2021\/11\/22\/violence-en-milieu-scolaire-etat-des-lieux-et-moyens-de-prevention\/\"]}]},{\"@type\":\"ImageObject\",\"inLanguage\":\"fr-FR\",\"@id\":\"https:\/\/kapitalis.com\/tunisie\/2021\/11\/22\/violence-en-milieu-scolaire-etat-des-lieux-et-moyens-de-prevention\/#primaryimage\",\"url\":\"\",\"contentUrl\":\"\"},{\"@type\":\"BreadcrumbList\",\"@id\":\"https:\/\/kapitalis.com\/tunisie\/2021\/11\/22\/violence-en-milieu-scolaire-etat-des-lieux-et-moyens-de-prevention\/#breadcrumb\",\"itemListElement\":[{\"@type\":\"ListItem\",\"position\":1,\"name\":\"Accueil\",\"item\":\"https:\/\/kapitalis.com\/tunisie\/\"},{\"@type\":\"ListItem\",\"position\":2,\"name\":\"Violence en milieu scolaire : \u00e9tat des lieux et moyens de pr\u00e9vention\"}]},{\"@type\":\"WebSite\",\"@id\":\"https:\/\/kapitalis.com\/tunisie\/#website\",\"url\":\"https:\/\/kapitalis.com\/tunisie\/\",\"name\":\"Kapitalis\",\"description\":\"L&#039;actualit\u00e9 en Tunisie et dans le monde\",\"publisher\":{\"@id\":\"https:\/\/kapitalis.com\/tunisie\/#organization\"},\"potentialAction\":[{\"@type\":\"SearchAction\",\"target\":{\"@type\":\"EntryPoint\",\"urlTemplate\":\"https:\/\/kapitalis.com\/tunisie\/?s={search_term_string}\"},\"query-input\":{\"@type\":\"PropertyValueSpecification\",\"valueRequired\":true,\"valueName\":\"search_term_string\"}}],\"inLanguage\":\"fr-FR\"},{\"@type\":\"Organization\",\"@id\":\"https:\/\/kapitalis.com\/tunisie\/#organization\",\"name\":\"Kapitalis\",\"url\":\"https:\/\/kapitalis.com\/tunisie\/\",\"logo\":{\"@type\":\"ImageObject\",\"inLanguage\":\"fr-FR\",\"@id\":\"https:\/\/kapitalis.com\/tunisie\/#\/schema\/logo\/image\/\",\"url\":\"https:\/\/kapitalis.com\/tunisie\/wp-content\/uploads\/2022\/05\/Kapitalis-big-size.png\",\"contentUrl\":\"https:\/\/kapitalis.com\/tunisie\/wp-content\/uploads\/2022\/05\/Kapitalis-big-size.png\",\"width\":5000,\"height\":1500,\"caption\":\"Kapitalis\"},\"image\":{\"@id\":\"https:\/\/kapitalis.com\/tunisie\/#\/schema\/logo\/image\/\"},\"sameAs\":[\"https:\/\/www.facebook.com\/KapitalisInfo\/\",\"https:\/\/x.com\/KapitalisInfo\",\"https:\/\/www.youtube.com\/channel\/UC-yDYrHyfFBWWZaOw3FPg9Q\"]},{\"@type\":\"Person\",\"@id\":\"https:\/\/kapitalis.com\/tunisie\/#\/schema\/person\/d71f33a9ca44f7bad4698210b480c8e9\",\"name\":\"webmaster kapitalis\",\"url\":\"https:\/\/kapitalis.com\/tunisie\/author\/webmaster-kapitalis\/\"}]}<\/script>\n<!-- \/ Yoast SEO plugin. -->","yoast_head_json":{"title":"Violence en milieu scolaire : \u00e9tat des lieux et moyens de pr\u00e9vention - Kapitalis","robots":{"index":"index","follow":"follow","max-snippet":"max-snippet:-1","max-image-preview":"max-image-preview:large","max-video-preview":"max-video-preview:-1"},"canonical":"https:\/\/kapitalis.com\/tunisie\/2021\/11\/22\/violence-en-milieu-scolaire-etat-des-lieux-et-moyens-de-prevention\/","og_locale":"fr_FR","og_type":"article","og_title":"Violence en milieu scolaire : \u00e9tat des lieux et moyens de pr\u00e9vention - Kapitalis","og_description":"Nous avons tous \u00e9t\u00e9 choqu\u00e9s, r\u00e9cemment, par un \u00e9v\u00e9nement in\u00e9dit : l\u2019attaque \u00e0 l\u2019arme blanche d\u2019un enseignant par son \u00e9l\u00e8ve a boulevers\u00e9 toute la population, d&rsquo;autant que ce ph\u00e9nom\u00e8ne de\u00a0la violence\u00a0en milieu\u00a0scolaire\u00a0ne cesse de s&rsquo;amplifier, et pas seulement en Tunisie, le ph\u00e9nom\u00e8ne \u00e9tant mondial. Par Ridha Jaber *","og_url":"https:\/\/kapitalis.com\/tunisie\/2021\/11\/22\/violence-en-milieu-scolaire-etat-des-lieux-et-moyens-de-prevention\/","og_site_name":"Kapitalis","article_publisher":"https:\/\/www.facebook.com\/KapitalisInfo\/","article_published_time":"2021-11-22T08:07:41+00:00","article_modified_time":"2021-11-22T08:09:34+00:00","og_image":[{"width":1200,"height":630,"url":"https:\/\/kapitalis.com\/tunisie\/wp-content\/uploads\/2022\/05\/kapitalis-logo-fb.png","type":"image\/png"}],"author":"webmaster kapitalis","twitter_card":"summary_large_image","twitter_creator":"@KapitalisInfo","twitter_site":"@KapitalisInfo","twitter_misc":{"\u00c9crit par":"webmaster kapitalis","Dur\u00e9e de lecture estim\u00e9e":"7 minutes"},"schema":{"@context":"https:\/\/schema.org","@graph":[{"@type":"Article","@id":"https:\/\/kapitalis.com\/tunisie\/2021\/11\/22\/violence-en-milieu-scolaire-etat-des-lieux-et-moyens-de-prevention\/#article","isPartOf":{"@id":"https:\/\/kapitalis.com\/tunisie\/2021\/11\/22\/violence-en-milieu-scolaire-etat-des-lieux-et-moyens-de-prevention\/"},"author":{"name":"webmaster kapitalis","@id":"https:\/\/kapitalis.com\/tunisie\/#\/schema\/person\/d71f33a9ca44f7bad4698210b480c8e9"},"headline":"Violence en milieu scolaire : \u00e9tat des lieux et moyens de pr\u00e9vention","datePublished":"2021-11-22T08:07:41+00:00","dateModified":"2021-11-22T08:09:34+00:00","mainEntityOfPage":{"@id":"https:\/\/kapitalis.com\/tunisie\/2021\/11\/22\/violence-en-milieu-scolaire-etat-des-lieux-et-moyens-de-prevention\/"},"wordCount":1367,"commentCount":0,"publisher":{"@id":"https:\/\/kapitalis.com\/tunisie\/#organization"},"image":{"@id":"https:\/\/kapitalis.com\/tunisie\/2021\/11\/22\/violence-en-milieu-scolaire-etat-des-lieux-et-moyens-de-prevention\/#primaryimage"},"thumbnailUrl":"","keywords":["Acad\u00e9mie du Lac","Coll\u00e8ge du Lac","cyberharc\u00e8lement","harc\u00e8lement scolaire","Ridha Jaber","Tunisie","Unesco","violence scolaire"],"articleSection":["A LA UNE","SOCIETE","TRIBUNE","Tunisie"],"inLanguage":"fr-FR","potentialAction":[{"@type":"CommentAction","name":"Comment","target":["https:\/\/kapitalis.com\/tunisie\/2021\/11\/22\/violence-en-milieu-scolaire-etat-des-lieux-et-moyens-de-prevention\/#respond"]}]},{"@type":"WebPage","@id":"https:\/\/kapitalis.com\/tunisie\/2021\/11\/22\/violence-en-milieu-scolaire-etat-des-lieux-et-moyens-de-prevention\/","url":"https:\/\/kapitalis.com\/tunisie\/2021\/11\/22\/violence-en-milieu-scolaire-etat-des-lieux-et-moyens-de-prevention\/","name":"Violence en milieu scolaire : \u00e9tat des lieux et moyens de pr\u00e9vention - Kapitalis","isPartOf":{"@id":"https:\/\/kapitalis.com\/tunisie\/#website"},"primaryImageOfPage":{"@id":"https:\/\/kapitalis.com\/tunisie\/2021\/11\/22\/violence-en-milieu-scolaire-etat-des-lieux-et-moyens-de-prevention\/#primaryimage"},"image":{"@id":"https:\/\/kapitalis.com\/tunisie\/2021\/11\/22\/violence-en-milieu-scolaire-etat-des-lieux-et-moyens-de-prevention\/#primaryimage"},"thumbnailUrl":"","datePublished":"2021-11-22T08:07:41+00:00","dateModified":"2021-11-22T08:09:34+00:00","breadcrumb":{"@id":"https:\/\/kapitalis.com\/tunisie\/2021\/11\/22\/violence-en-milieu-scolaire-etat-des-lieux-et-moyens-de-prevention\/#breadcrumb"},"inLanguage":"fr-FR","potentialAction":[{"@type":"ReadAction","target":["https:\/\/kapitalis.com\/tunisie\/2021\/11\/22\/violence-en-milieu-scolaire-etat-des-lieux-et-moyens-de-prevention\/"]}]},{"@type":"ImageObject","inLanguage":"fr-FR","@id":"https:\/\/kapitalis.com\/tunisie\/2021\/11\/22\/violence-en-milieu-scolaire-etat-des-lieux-et-moyens-de-prevention\/#primaryimage","url":"","contentUrl":""},{"@type":"BreadcrumbList","@id":"https:\/\/kapitalis.com\/tunisie\/2021\/11\/22\/violence-en-milieu-scolaire-etat-des-lieux-et-moyens-de-prevention\/#breadcrumb","itemListElement":[{"@type":"ListItem","position":1,"name":"Accueil","item":"https:\/\/kapitalis.com\/tunisie\/"},{"@type":"ListItem","position":2,"name":"Violence en milieu scolaire : \u00e9tat des lieux et moyens de pr\u00e9vention"}]},{"@type":"WebSite","@id":"https:\/\/kapitalis.com\/tunisie\/#website","url":"https:\/\/kapitalis.com\/tunisie\/","name":"Kapitalis","description":"L&#039;actualit\u00e9 en Tunisie et dans le monde","publisher":{"@id":"https:\/\/kapitalis.com\/tunisie\/#organization"},"potentialAction":[{"@type":"SearchAction","target":{"@type":"EntryPoint","urlTemplate":"https:\/\/kapitalis.com\/tunisie\/?s={search_term_string}"},"query-input":{"@type":"PropertyValueSpecification","valueRequired":true,"valueName":"search_term_string"}}],"inLanguage":"fr-FR"},{"@type":"Organization","@id":"https:\/\/kapitalis.com\/tunisie\/#organization","name":"Kapitalis","url":"https:\/\/kapitalis.com\/tunisie\/","logo":{"@type":"ImageObject","inLanguage":"fr-FR","@id":"https:\/\/kapitalis.com\/tunisie\/#\/schema\/logo\/image\/","url":"https:\/\/kapitalis.com\/tunisie\/wp-content\/uploads\/2022\/05\/Kapitalis-big-size.png","contentUrl":"https:\/\/kapitalis.com\/tunisie\/wp-content\/uploads\/2022\/05\/Kapitalis-big-size.png","width":5000,"height":1500,"caption":"Kapitalis"},"image":{"@id":"https:\/\/kapitalis.com\/tunisie\/#\/schema\/logo\/image\/"},"sameAs":["https:\/\/www.facebook.com\/KapitalisInfo\/","https:\/\/x.com\/KapitalisInfo","https:\/\/www.youtube.com\/channel\/UC-yDYrHyfFBWWZaOw3FPg9Q"]},{"@type":"Person","@id":"https:\/\/kapitalis.com\/tunisie\/#\/schema\/person\/d71f33a9ca44f7bad4698210b480c8e9","name":"webmaster kapitalis","url":"https:\/\/kapitalis.com\/tunisie\/author\/webmaster-kapitalis\/"}]}},"_links":{"self":[{"href":"https:\/\/kapitalis.com\/tunisie\/wp-json\/wp\/v2\/posts\/370731","targetHints":{"allow":["GET"]}}],"collection":[{"href":"https:\/\/kapitalis.com\/tunisie\/wp-json\/wp\/v2\/posts"}],"about":[{"href":"https:\/\/kapitalis.com\/tunisie\/wp-json\/wp\/v2\/types\/post"}],"author":[{"embeddable":true,"href":"https:\/\/kapitalis.com\/tunisie\/wp-json\/wp\/v2\/users\/8"}],"replies":[{"embeddable":true,"href":"https:\/\/kapitalis.com\/tunisie\/wp-json\/wp\/v2\/comments?post=370731"}],"version-history":[{"count":0,"href":"https:\/\/kapitalis.com\/tunisie\/wp-json\/wp\/v2\/posts\/370731\/revisions"}],"wp:featuredmedia":[{"embeddable":true,"href":"https:\/\/kapitalis.com\/tunisie\/wp-json\/wp\/v2\/media\/370733"}],"wp:attachment":[{"href":"https:\/\/kapitalis.com\/tunisie\/wp-json\/wp\/v2\/media?parent=370731"}],"wp:term":[{"taxonomy":"category","embeddable":true,"href":"https:\/\/kapitalis.com\/tunisie\/wp-json\/wp\/v2\/categories?post=370731"},{"taxonomy":"post_tag","embeddable":true,"href":"https:\/\/kapitalis.com\/tunisie\/wp-json\/wp\/v2\/tags?post=370731"}],"curies":[{"name":"wp","href":"https:\/\/api.w.org\/{rel}","templated":true}]}}