{"id":370824,"date":"2021-11-22T18:34:56","date_gmt":"2021-11-22T17:34:56","guid":{"rendered":"http:\/\/kapitalis.com\/tunisie\/?p=370824"},"modified":"2021-11-22T18:39:07","modified_gmt":"2021-11-22T17:39:07","slug":"tunisie-ghannouchi-appelle-a-lapplication-de-la-loi-38","status":"publish","type":"post","link":"https:\/\/kapitalis.com\/tunisie\/2021\/11\/22\/tunisie-ghannouchi-appelle-a-lapplication-de-la-loi-38\/","title":{"rendered":"Tunisie : Ghannouchi appelle \u00e0 l&rsquo;application de la loi 38"},"content":{"rendered":"\n<div class=\"wp-block-image\"><figure class=\"aligncenter size-full\"><img decoding=\"async\" src=\"http:\/\/kapitalis.com\/tunisie\/wp-content\/uploads\/2021\/02\/Rached-Ghannouchi.jpg\" alt=\"\" class=\"wp-image-335653\"\/><\/figure><\/div>\n\n\n\n<p><strong><em>Le chef du parti islamiste Ennahdha, Rached Ghannouchi, a publi\u00e9 sur sa page Facebook un communiqu\u00e9 au nom de la pr\u00e9sidence de l\u2019Assembl\u00e9e, dont les travaux sont gel\u00e9s depuis le 25 juillet, pour appeler \u00e0 l&rsquo;application de la loi 38-2020, relative au recrutement, dans le secteur public, des dipl\u00f4m\u00e9s au ch\u00f4mage depuis 10 ans et plus.<\/em><\/strong><\/p>\n\n\n\n<!--more-->\n\n\n\n<p>Dans le communiqu\u00e9 publi\u00e9 dans l&rsquo;apr\u00e8s-midi du lundi 22 novembre 2021, Ghannouchi indique que la loi 38 est l\u00e9gitime : \u00ab<em>ayant \u00e9t\u00e9 adopt\u00e9e par l&rsquo;Assembl\u00e9e, paraph\u00e9e par le pr\u00e9sident de la r\u00e9publique et publi\u00e9e dans le Journal officiel de la r\u00e9publique tunisienne (Jort). L\u2019application de cette loi est donc une obligation dans la logique de la continuit\u00e9 de l\u2019\u00c9tat et du respect de ses engagements envers les citoyens\u00bb.<\/em><\/p>\n\n\n\n<p>D&rsquo;autre part, le chef du parti islamiste a d\u00e9nonc\u00e9 ce qu&rsquo;il a qualifi\u00e9 \u00ab<em>d&rsquo;incitation continue contre les d\u00e9put\u00e9s \u00e0 l&rsquo;int\u00e9rieur du pays et devant des parties \u00e9trang\u00e8res<\/em>\u00bb. Il affirme aussi que cette \u00ab<em>diffamation porte atteinte \u00e0 l&rsquo;un des piliers de la d\u00e9mocratie et des institutions de l\u2019\u00c9tat, tout en affirmant que cette politique ne d\u00e9couragera, cependant pas, les parlementaires \u00e0 d\u00e9fendre leurs droits et \u00e0 \u0153uvrer pour les faire respecter par tous les moyens pacifiques\u00bb.<\/em><\/p>\n\n\n\n<p>Rached Ghannouchi, qui a sign\u00e9 le communiqu\u00e9 au nom du<em> \u00abpr\u00e9sident de l&rsquo;Assembl\u00e9e\u00bb<\/em>, a par ailleurs r\u00e9it\u00e9r\u00e9 l&rsquo;appel \u00e0 un dialogue national <em>\u00abpour sortir le pays de cette crise \u00e9touffante, et pouvoir entamer les r\u00e9formes, et assurer ainsi un retour \u00e0 la d\u00e9mocratie pour r\u00e9pondre \u00e0 la volont\u00e9 du peuple\u00bb<\/em>, dit-il.<\/p>\n\n\n\n<p class=\"has-text-align-right\"><strong>Y. N.<\/strong><\/p>\n\n\n\n<figure class=\"wp-block-embed is-type-wp-embed is-provider-kapitalis wp-block-embed-kapitalis\"><div class=\"wp-block-embed__wrapper\">\n<blockquote class=\"wp-embedded-content\" data-secret=\"7hLwu0Jz60\"><a href=\"https:\/\/kapitalis.com\/tunisie\/2021\/11\/22\/ces-politiques-malhonnetes-qui-detruisent-la-tunisie\/\">Ces politiques malhonn\u00eates qui d\u00e9truisent la Tunisie&#8230;<\/a><\/blockquote><iframe loading=\"lazy\" class=\"wp-embedded-content\" sandbox=\"allow-scripts\" security=\"restricted\" style=\"position: absolute; clip: rect(1px, 1px, 1px, 1px);\" title=\"\u00ab\u00a0Ces politiques malhonn\u00eates qui d\u00e9truisent la Tunisie&#8230;\u00a0\u00bb &#8212; Kapitalis\" src=\"https:\/\/kapitalis.com\/tunisie\/2021\/11\/22\/ces-politiques-malhonnetes-qui-detruisent-la-tunisie\/embed\/#?secret=pp1NfKvksj#?secret=7hLwu0Jz60\" data-secret=\"7hLwu0Jz60\" width=\"600\" height=\"338\" frameborder=\"0\" marginwidth=\"0\" marginheight=\"0\" scrolling=\"no\"><\/iframe>\n<\/div><\/figure>\n\n\n\n<figure class=\"wp-block-embed is-type-wp-embed is-provider-kapitalis wp-block-embed-kapitalis\"><div class=\"wp-block-embed__wrapper\">\n<blockquote class=\"wp-embedded-content\" data-secret=\"iof0WdE6c9\"><a href=\"https:\/\/kapitalis.com\/tunisie\/2021\/11\/21\/kasserine-douze-diplomes-chomeurs-en-greve-de-la-faim\/\">Kasserine : Douze dipl\u00f4m\u00e9s ch\u00f4meurs en gr\u00e8ve de la faim<\/a><\/blockquote><iframe loading=\"lazy\" class=\"wp-embedded-content\" sandbox=\"allow-scripts\" security=\"restricted\" style=\"position: absolute; clip: rect(1px, 1px, 1px, 1px);\" title=\"\u00ab\u00a0Kasserine : Douze dipl\u00f4m\u00e9s ch\u00f4meurs en gr\u00e8ve de la faim\u00a0\u00bb &#8212; Kapitalis\" src=\"https:\/\/kapitalis.com\/tunisie\/2021\/11\/21\/kasserine-douze-diplomes-chomeurs-en-greve-de-la-faim\/embed\/#?secret=wTygwrGVq3#?secret=iof0WdE6c9\" data-secret=\"iof0WdE6c9\" width=\"600\" height=\"338\" frameborder=\"0\" marginwidth=\"0\" marginheight=\"0\" scrolling=\"no\"><\/iframe>\n<\/div><\/figure>\n","protected":false},"excerpt":{"rendered":"<p>Le chef du parti islamiste Ennahdha, Rached Ghannouchi, a publi\u00e9 sur sa page Facebook un communiqu\u00e9 au nom de la pr\u00e9sidence de l\u2019Assembl\u00e9e, dont les travaux sont gel\u00e9s depuis le 25 juillet, pour appeler \u00e0 l&rsquo;application de la loi 38-2020, relative au recrutement, dans le secteur public, des dipl\u00f4m\u00e9s au ch\u00f4mage depuis 10 ans et&#8230;<\/p>\n","protected":false},"author":6,"featured_media":0,"comment_status":"open","ping_status":"open","sticky":false,"template":"","format":"standard","meta":{"footnotes":""},"categories":[997,2433],"tags":[93,49543,95146,758,62643],"class_list":["post-370824","post","type-post","status-publish","format-standard","hentry","category-politique","category-tunisie","tag-assemblee","tag-ennahdha","tag-loi38","tag-rached-ghannouchi","tag-tunisie"],"yoast_head":"<!-- This site is optimized with the Yoast SEO plugin v26.6 - https:\/\/yoast.com\/wordpress\/plugins\/seo\/ -->\n<title>Tunisie : Ghannouchi appelle \u00e0 l&#039;application de la loi 38 - Kapitalis<\/title>\n<meta name=\"robots\" content=\"index, follow, max-snippet:-1, max-image-preview:large, max-video-preview:-1\" \/>\n<link rel=\"canonical\" href=\"https:\/\/kapitalis.com\/tunisie\/2021\/11\/22\/tunisie-ghannouchi-appelle-a-lapplication-de-la-loi-38\/\" \/>\n<meta property=\"og:locale\" content=\"fr_FR\" \/>\n<meta property=\"og:type\" content=\"article\" \/>\n<meta property=\"og:title\" content=\"Tunisie : Ghannouchi appelle \u00e0 l&#039;application de la loi 38 - Kapitalis\" \/>\n<meta property=\"og:description\" content=\"Le chef du parti islamiste Ennahdha, Rached Ghannouchi, a publi\u00e9 sur sa page Facebook un communiqu\u00e9 au nom de la pr\u00e9sidence de l\u2019Assembl\u00e9e, dont les travaux sont gel\u00e9s depuis le 25 juillet, pour appeler \u00e0 l&rsquo;application de la loi 38-2020, relative au recrutement, dans le secteur public, des dipl\u00f4m\u00e9s au ch\u00f4mage depuis 10 ans et...\" \/>\n<meta property=\"og:url\" content=\"https:\/\/kapitalis.com\/tunisie\/2021\/11\/22\/tunisie-ghannouchi-appelle-a-lapplication-de-la-loi-38\/\" \/>\n<meta property=\"og:site_name\" content=\"Kapitalis\" \/>\n<meta property=\"article:publisher\" content=\"https:\/\/www.facebook.com\/KapitalisInfo\/\" \/>\n<meta property=\"article:published_time\" content=\"2021-11-22T17:34:56+00:00\" \/>\n<meta property=\"article:modified_time\" content=\"2021-11-22T17:39:07+00:00\" \/>\n<meta property=\"og:image\" content=\"http:\/\/kapitalis.com\/tunisie\/wp-content\/uploads\/2021\/02\/Rached-Ghannouchi.jpg\" \/>\n<meta name=\"author\" content=\"Yusra NY\" \/>\n<meta name=\"twitter:card\" content=\"summary_large_image\" \/>\n<meta name=\"twitter:creator\" content=\"@KapitalisInfo\" \/>\n<meta name=\"twitter:site\" content=\"@KapitalisInfo\" \/>\n<meta name=\"twitter:label1\" content=\"\u00c9crit par\" \/>\n\t<meta name=\"twitter:data1\" content=\"Yusra NY\" \/>\n\t<meta name=\"twitter:label2\" content=\"Dur\u00e9e de lecture estim\u00e9e\" \/>\n\t<meta name=\"twitter:data2\" content=\"1 minute\" \/>\n<script type=\"application\/ld+json\" class=\"yoast-schema-graph\">{\"@context\":\"https:\/\/schema.org\",\"@graph\":[{\"@type\":\"Article\",\"@id\":\"https:\/\/kapitalis.com\/tunisie\/2021\/11\/22\/tunisie-ghannouchi-appelle-a-lapplication-de-la-loi-38\/#article\",\"isPartOf\":{\"@id\":\"https:\/\/kapitalis.com\/tunisie\/2021\/11\/22\/tunisie-ghannouchi-appelle-a-lapplication-de-la-loi-38\/\"},\"author\":{\"name\":\"Yusra NY\",\"@id\":\"https:\/\/kapitalis.com\/tunisie\/#\/schema\/person\/74bbde0154d49d790a92aaeac5bc01d5\"},\"headline\":\"Tunisie : Ghannouchi appelle \u00e0 l&rsquo;application de la loi 38\",\"datePublished\":\"2021-11-22T17:34:56+00:00\",\"dateModified\":\"2021-11-22T17:39:07+00:00\",\"mainEntityOfPage\":{\"@id\":\"https:\/\/kapitalis.com\/tunisie\/2021\/11\/22\/tunisie-ghannouchi-appelle-a-lapplication-de-la-loi-38\/\"},\"wordCount\":289,\"commentCount\":7,\"publisher\":{\"@id\":\"https:\/\/kapitalis.com\/tunisie\/#organization\"},\"image\":{\"@id\":\"https:\/\/kapitalis.com\/tunisie\/2021\/11\/22\/tunisie-ghannouchi-appelle-a-lapplication-de-la-loi-38\/#primaryimage\"},\"thumbnailUrl\":\"http:\/\/kapitalis.com\/tunisie\/wp-content\/uploads\/2021\/02\/Rached-Ghannouchi.jpg\",\"keywords\":[\"Assembl\u00e9e\",\"Ennahdha\",\"Loi38\",\"Rached Ghannouchi\",\"Tunisie\"],\"articleSection\":[\"POLITIQUE\",\"Tunisie\"],\"inLanguage\":\"fr-FR\",\"potentialAction\":[{\"@type\":\"CommentAction\",\"name\":\"Comment\",\"target\":[\"https:\/\/kapitalis.com\/tunisie\/2021\/11\/22\/tunisie-ghannouchi-appelle-a-lapplication-de-la-loi-38\/#respond\"]}]},{\"@type\":\"WebPage\",\"@id\":\"https:\/\/kapitalis.com\/tunisie\/2021\/11\/22\/tunisie-ghannouchi-appelle-a-lapplication-de-la-loi-38\/\",\"url\":\"https:\/\/kapitalis.com\/tunisie\/2021\/11\/22\/tunisie-ghannouchi-appelle-a-lapplication-de-la-loi-38\/\",\"name\":\"Tunisie : Ghannouchi appelle \u00e0 l'application de la loi 38 - Kapitalis\",\"isPartOf\":{\"@id\":\"https:\/\/kapitalis.com\/tunisie\/#website\"},\"primaryImageOfPage\":{\"@id\":\"https:\/\/kapitalis.com\/tunisie\/2021\/11\/22\/tunisie-ghannouchi-appelle-a-lapplication-de-la-loi-38\/#primaryimage\"},\"image\":{\"@id\":\"https:\/\/kapitalis.com\/tunisie\/2021\/11\/22\/tunisie-ghannouchi-appelle-a-lapplication-de-la-loi-38\/#primaryimage\"},\"thumbnailUrl\":\"http:\/\/kapitalis.com\/tunisie\/wp-content\/uploads\/2021\/02\/Rached-Ghannouchi.jpg\",\"datePublished\":\"2021-11-22T17:34:56+00:00\",\"dateModified\":\"2021-11-22T17:39:07+00:00\",\"breadcrumb\":{\"@id\":\"https:\/\/kapitalis.com\/tunisie\/2021\/11\/22\/tunisie-ghannouchi-appelle-a-lapplication-de-la-loi-38\/#breadcrumb\"},\"inLanguage\":\"fr-FR\",\"potentialAction\":[{\"@type\":\"ReadAction\",\"target\":[\"https:\/\/kapitalis.com\/tunisie\/2021\/11\/22\/tunisie-ghannouchi-appelle-a-lapplication-de-la-loi-38\/\"]}]},{\"@type\":\"ImageObject\",\"inLanguage\":\"fr-FR\",\"@id\":\"https:\/\/kapitalis.com\/tunisie\/2021\/11\/22\/tunisie-ghannouchi-appelle-a-lapplication-de-la-loi-38\/#primaryimage\",\"url\":\"\",\"contentUrl\":\"\"},{\"@type\":\"BreadcrumbList\",\"@id\":\"https:\/\/kapitalis.com\/tunisie\/2021\/11\/22\/tunisie-ghannouchi-appelle-a-lapplication-de-la-loi-38\/#breadcrumb\",\"itemListElement\":[{\"@type\":\"ListItem\",\"position\":1,\"name\":\"Accueil\",\"item\":\"https:\/\/kapitalis.com\/tunisie\/\"},{\"@type\":\"ListItem\",\"position\":2,\"name\":\"Tunisie : Ghannouchi appelle \u00e0 l&rsquo;application de la loi 38\"}]},{\"@type\":\"WebSite\",\"@id\":\"https:\/\/kapitalis.com\/tunisie\/#website\",\"url\":\"https:\/\/kapitalis.com\/tunisie\/\",\"name\":\"Kapitalis\",\"description\":\"L&#039;actualit\u00e9 en Tunisie et dans le monde\",\"publisher\":{\"@id\":\"https:\/\/kapitalis.com\/tunisie\/#organization\"},\"potentialAction\":[{\"@type\":\"SearchAction\",\"target\":{\"@type\":\"EntryPoint\",\"urlTemplate\":\"https:\/\/kapitalis.com\/tunisie\/?s={search_term_string}\"},\"query-input\":{\"@type\":\"PropertyValueSpecification\",\"valueRequired\":true,\"valueName\":\"search_term_string\"}}],\"inLanguage\":\"fr-FR\"},{\"@type\":\"Organization\",\"@id\":\"https:\/\/kapitalis.com\/tunisie\/#organization\",\"name\":\"Kapitalis\",\"url\":\"https:\/\/kapitalis.com\/tunisie\/\",\"logo\":{\"@type\":\"ImageObject\",\"inLanguage\":\"fr-FR\",\"@id\":\"https:\/\/kapitalis.com\/tunisie\/#\/schema\/logo\/image\/\",\"url\":\"https:\/\/kapitalis.com\/tunisie\/wp-content\/uploads\/2022\/05\/Kapitalis-big-size.png\",\"contentUrl\":\"https:\/\/kapitalis.com\/tunisie\/wp-content\/uploads\/2022\/05\/Kapitalis-big-size.png\",\"width\":5000,\"height\":1500,\"caption\":\"Kapitalis\"},\"image\":{\"@id\":\"https:\/\/kapitalis.com\/tunisie\/#\/schema\/logo\/image\/\"},\"sameAs\":[\"https:\/\/www.facebook.com\/KapitalisInfo\/\",\"https:\/\/x.com\/KapitalisInfo\",\"https:\/\/www.youtube.com\/channel\/UC-yDYrHyfFBWWZaOw3FPg9Q\"]},{\"@type\":\"Person\",\"@id\":\"https:\/\/kapitalis.com\/tunisie\/#\/schema\/person\/74bbde0154d49d790a92aaeac5bc01d5\",\"name\":\"Yusra NY\",\"url\":\"https:\/\/kapitalis.com\/tunisie\/author\/yuza_adam\/\"}]}<\/script>\n<!-- \/ Yoast SEO plugin. -->","yoast_head_json":{"title":"Tunisie : Ghannouchi appelle \u00e0 l'application de la loi 38 - Kapitalis","robots":{"index":"index","follow":"follow","max-snippet":"max-snippet:-1","max-image-preview":"max-image-preview:large","max-video-preview":"max-video-preview:-1"},"canonical":"https:\/\/kapitalis.com\/tunisie\/2021\/11\/22\/tunisie-ghannouchi-appelle-a-lapplication-de-la-loi-38\/","og_locale":"fr_FR","og_type":"article","og_title":"Tunisie : Ghannouchi appelle \u00e0 l'application de la loi 38 - Kapitalis","og_description":"Le chef du parti islamiste Ennahdha, Rached Ghannouchi, a publi\u00e9 sur sa page Facebook un communiqu\u00e9 au nom de la pr\u00e9sidence de l\u2019Assembl\u00e9e, dont les travaux sont gel\u00e9s depuis le 25 juillet, pour appeler \u00e0 l&rsquo;application de la loi 38-2020, relative au recrutement, dans le secteur public, des dipl\u00f4m\u00e9s au ch\u00f4mage depuis 10 ans et...","og_url":"https:\/\/kapitalis.com\/tunisie\/2021\/11\/22\/tunisie-ghannouchi-appelle-a-lapplication-de-la-loi-38\/","og_site_name":"Kapitalis","article_publisher":"https:\/\/www.facebook.com\/KapitalisInfo\/","article_published_time":"2021-11-22T17:34:56+00:00","article_modified_time":"2021-11-22T17:39:07+00:00","og_image":[{"url":"http:\/\/kapitalis.com\/tunisie\/wp-content\/uploads\/2021\/02\/Rached-Ghannouchi.jpg","type":"","width":"","height":""}],"author":"Yusra NY","twitter_card":"summary_large_image","twitter_creator":"@KapitalisInfo","twitter_site":"@KapitalisInfo","twitter_misc":{"\u00c9crit par":"Yusra NY","Dur\u00e9e de lecture estim\u00e9e":"1 minute"},"schema":{"@context":"https:\/\/schema.org","@graph":[{"@type":"Article","@id":"https:\/\/kapitalis.com\/tunisie\/2021\/11\/22\/tunisie-ghannouchi-appelle-a-lapplication-de-la-loi-38\/#article","isPartOf":{"@id":"https:\/\/kapitalis.com\/tunisie\/2021\/11\/22\/tunisie-ghannouchi-appelle-a-lapplication-de-la-loi-38\/"},"author":{"name":"Yusra NY","@id":"https:\/\/kapitalis.com\/tunisie\/#\/schema\/person\/74bbde0154d49d790a92aaeac5bc01d5"},"headline":"Tunisie : Ghannouchi appelle \u00e0 l&rsquo;application de la loi 38","datePublished":"2021-11-22T17:34:56+00:00","dateModified":"2021-11-22T17:39:07+00:00","mainEntityOfPage":{"@id":"https:\/\/kapitalis.com\/tunisie\/2021\/11\/22\/tunisie-ghannouchi-appelle-a-lapplication-de-la-loi-38\/"},"wordCount":289,"commentCount":7,"publisher":{"@id":"https:\/\/kapitalis.com\/tunisie\/#organization"},"image":{"@id":"https:\/\/kapitalis.com\/tunisie\/2021\/11\/22\/tunisie-ghannouchi-appelle-a-lapplication-de-la-loi-38\/#primaryimage"},"thumbnailUrl":"http:\/\/kapitalis.com\/tunisie\/wp-content\/uploads\/2021\/02\/Rached-Ghannouchi.jpg","keywords":["Assembl\u00e9e","Ennahdha","Loi38","Rached Ghannouchi","Tunisie"],"articleSection":["POLITIQUE","Tunisie"],"inLanguage":"fr-FR","potentialAction":[{"@type":"CommentAction","name":"Comment","target":["https:\/\/kapitalis.com\/tunisie\/2021\/11\/22\/tunisie-ghannouchi-appelle-a-lapplication-de-la-loi-38\/#respond"]}]},{"@type":"WebPage","@id":"https:\/\/kapitalis.com\/tunisie\/2021\/11\/22\/tunisie-ghannouchi-appelle-a-lapplication-de-la-loi-38\/","url":"https:\/\/kapitalis.com\/tunisie\/2021\/11\/22\/tunisie-ghannouchi-appelle-a-lapplication-de-la-loi-38\/","name":"Tunisie : Ghannouchi appelle \u00e0 l'application de la loi 38 - Kapitalis","isPartOf":{"@id":"https:\/\/kapitalis.com\/tunisie\/#website"},"primaryImageOfPage":{"@id":"https:\/\/kapitalis.com\/tunisie\/2021\/11\/22\/tunisie-ghannouchi-appelle-a-lapplication-de-la-loi-38\/#primaryimage"},"image":{"@id":"https:\/\/kapitalis.com\/tunisie\/2021\/11\/22\/tunisie-ghannouchi-appelle-a-lapplication-de-la-loi-38\/#primaryimage"},"thumbnailUrl":"http:\/\/kapitalis.com\/tunisie\/wp-content\/uploads\/2021\/02\/Rached-Ghannouchi.jpg","datePublished":"2021-11-22T17:34:56+00:00","dateModified":"2021-11-22T17:39:07+00:00","breadcrumb":{"@id":"https:\/\/kapitalis.com\/tunisie\/2021\/11\/22\/tunisie-ghannouchi-appelle-a-lapplication-de-la-loi-38\/#breadcrumb"},"inLanguage":"fr-FR","potentialAction":[{"@type":"ReadAction","target":["https:\/\/kapitalis.com\/tunisie\/2021\/11\/22\/tunisie-ghannouchi-appelle-a-lapplication-de-la-loi-38\/"]}]},{"@type":"ImageObject","inLanguage":"fr-FR","@id":"https:\/\/kapitalis.com\/tunisie\/2021\/11\/22\/tunisie-ghannouchi-appelle-a-lapplication-de-la-loi-38\/#primaryimage","url":"","contentUrl":""},{"@type":"BreadcrumbList","@id":"https:\/\/kapitalis.com\/tunisie\/2021\/11\/22\/tunisie-ghannouchi-appelle-a-lapplication-de-la-loi-38\/#breadcrumb","itemListElement":[{"@type":"ListItem","position":1,"name":"Accueil","item":"https:\/\/kapitalis.com\/tunisie\/"},{"@type":"ListItem","position":2,"name":"Tunisie : Ghannouchi appelle \u00e0 l&rsquo;application de la loi 38"}]},{"@type":"WebSite","@id":"https:\/\/kapitalis.com\/tunisie\/#website","url":"https:\/\/kapitalis.com\/tunisie\/","name":"Kapitalis","description":"L&#039;actualit\u00e9 en Tunisie et dans le monde","publisher":{"@id":"https:\/\/kapitalis.com\/tunisie\/#organization"},"potentialAction":[{"@type":"SearchAction","target":{"@type":"EntryPoint","urlTemplate":"https:\/\/kapitalis.com\/tunisie\/?s={search_term_string}"},"query-input":{"@type":"PropertyValueSpecification","valueRequired":true,"valueName":"search_term_string"}}],"inLanguage":"fr-FR"},{"@type":"Organization","@id":"https:\/\/kapitalis.com\/tunisie\/#organization","name":"Kapitalis","url":"https:\/\/kapitalis.com\/tunisie\/","logo":{"@type":"ImageObject","inLanguage":"fr-FR","@id":"https:\/\/kapitalis.com\/tunisie\/#\/schema\/logo\/image\/","url":"https:\/\/kapitalis.com\/tunisie\/wp-content\/uploads\/2022\/05\/Kapitalis-big-size.png","contentUrl":"https:\/\/kapitalis.com\/tunisie\/wp-content\/uploads\/2022\/05\/Kapitalis-big-size.png","width":5000,"height":1500,"caption":"Kapitalis"},"image":{"@id":"https:\/\/kapitalis.com\/tunisie\/#\/schema\/logo\/image\/"},"sameAs":["https:\/\/www.facebook.com\/KapitalisInfo\/","https:\/\/x.com\/KapitalisInfo","https:\/\/www.youtube.com\/channel\/UC-yDYrHyfFBWWZaOw3FPg9Q"]},{"@type":"Person","@id":"https:\/\/kapitalis.com\/tunisie\/#\/schema\/person\/74bbde0154d49d790a92aaeac5bc01d5","name":"Yusra NY","url":"https:\/\/kapitalis.com\/tunisie\/author\/yuza_adam\/"}]}},"_links":{"self":[{"href":"https:\/\/kapitalis.com\/tunisie\/wp-json\/wp\/v2\/posts\/370824","targetHints":{"allow":["GET"]}}],"collection":[{"href":"https:\/\/kapitalis.com\/tunisie\/wp-json\/wp\/v2\/posts"}],"about":[{"href":"https:\/\/kapitalis.com\/tunisie\/wp-json\/wp\/v2\/types\/post"}],"author":[{"embeddable":true,"href":"https:\/\/kapitalis.com\/tunisie\/wp-json\/wp\/v2\/users\/6"}],"replies":[{"embeddable":true,"href":"https:\/\/kapitalis.com\/tunisie\/wp-json\/wp\/v2\/comments?post=370824"}],"version-history":[{"count":0,"href":"https:\/\/kapitalis.com\/tunisie\/wp-json\/wp\/v2\/posts\/370824\/revisions"}],"wp:attachment":[{"href":"https:\/\/kapitalis.com\/tunisie\/wp-json\/wp\/v2\/media?parent=370824"}],"wp:term":[{"taxonomy":"category","embeddable":true,"href":"https:\/\/kapitalis.com\/tunisie\/wp-json\/wp\/v2\/categories?post=370824"},{"taxonomy":"post_tag","embeddable":true,"href":"https:\/\/kapitalis.com\/tunisie\/wp-json\/wp\/v2\/tags?post=370824"}],"curies":[{"name":"wp","href":"https:\/\/api.w.org\/{rel}","templated":true}]}}