{"id":37100,"date":"2016-01-28T15:41:28","date_gmt":"2016-01-28T14:41:28","guid":{"rendered":"http:\/\/kapitalis.com\/tunisie\/?p=37100"},"modified":"2016-01-28T15:41:28","modified_gmt":"2016-01-28T14:41:28","slug":"lhumoriste-dieudonne-a-tunis-le-6-fevrier","status":"publish","type":"post","link":"https:\/\/kapitalis.com\/tunisie\/2016\/01\/28\/lhumoriste-dieudonne-a-tunis-le-6-fevrier\/","title":{"rendered":"L\u2019humoriste Dieudonn\u00e9 \u00e0 Tunis le 6 f\u00e9vrier"},"content":{"rendered":"<p><img loading=\"lazy\" decoding=\"async\" class=\"alignnone size-full wp-image-37101 aligncenter\" src=\"http:\/\/kapitalis.com\/tunisie\/wp-content\/uploads\/2016\/01\/Dieudonne-en-paix.jpg\" alt=\"Dieudonne-en-paix\" width=\"626\" height=\"380\" \/><\/p>\n<p><em><strong>Dieudonn\u00e9 donne rendez-vous \u00e0 ses fans tunisiens, le samedi 6 f\u00e9vrier 2016, \u00e0 20 heures, au palais des Congr\u00e8s de Tunis.<\/strong><\/em><\/p>\n<p><!--more--><\/p>\n<p>L\u2019humoriste, qui risque l\u2019expulsion de Hong Kong, aujourd\u2019hui, 28 janvier 2016, poursuit sa tourn\u00e9e internationale avec<em> \u2018\u2018Dieudonn\u00e9 en paix\u2019\u2019,<\/em> le dernier one-man-show de sa carri\u00e8re. Il se produira \u00e0 Tunis \u00e0 l\u2019initiative de l\u2019Association tunisienne des cultures urbaines (Atcu), cr\u00e9\u00e9e il y a un an, et qui se donne pour mission de promouvoir les arts et les cultures.<\/p>\n<p>Les prix des billets sont fix\u00e9s \u00e0 50 et 70 dinars.<\/p>\n<p><em>\u00abPlusieurs autres manifestations culturelles seront organis\u00e9es tr\u00e8s prochainement en collaboration des municipalit\u00e9s dans les aires de jeux de toutes les r\u00e9gions\u00bb<\/em>, a indiqu\u00e9 la tr\u00e9sori\u00e8re de l\u2019association, Emna Gta\u00effi, jointe au t\u00e9l\u00e9phone par Kapitalis.<\/p>\n<p>L\u2019humoriste fran\u00e7ais, qui devrait donner 2 spectacles \u00e0 Hong-Kong, a \u00e9t\u00e9 retenu \u00e0 son arriv\u00e9e, aujourd\u2019hui, \u00e0 l\u2019a\u00e9roport. Selon un post qu\u2019il a publi\u00e9 sur sa page Facebook, il pourrait m\u00eame \u00eatre expuls\u00e9 par les services de l\u2019immigration.<\/p>\n<p><em>\u00abDieudonn\u00e9 et ses deux fils a\u00een\u00e9s (dont 1 mineur) sont bloqu\u00e9s au service de police \u00e0 Honk Kong depuis plus de 14 h par le consulat fran\u00e7ais. Le fils de Dieudonn\u00e9 qui a r\u00e9cemment subi une intervention chirurgicale et qui a besoin de soins se trouve dans une situation d\u00e9licate car les autorit\u00e9s lui refusent la visite d\u2019un m\u00e9decin alors que la loi les y oblige!<\/em>\u00bb, lit-on dans le post.<\/p>\n<p style=\"text-align: right;\"><strong>Z. A.<\/strong><\/p>\n","protected":false},"excerpt":{"rendered":"<p>Dieudonn\u00e9 donne rendez-vous \u00e0 ses fans tunisiens, le samedi 6 f\u00e9vrier 2016, \u00e0 20 heures, au palais des Congr\u00e8s de Tunis.<\/p>\n","protected":false},"author":8,"featured_media":37101,"comment_status":"open","ping_status":"open","sticky":false,"template":"","format":"standard","meta":{"footnotes":""},"categories":[994,2433],"tags":[13389,13392],"class_list":["post-37100","post","type-post","status-publish","format-standard","has-post-thumbnail","hentry","category-culture","category-tunisie","tag-humoriste","tag-palais-des-congres"],"yoast_head":"<!-- This site is optimized with the Yoast SEO plugin v26.6 - https:\/\/yoast.com\/wordpress\/plugins\/seo\/ -->\n<title>L\u2019humoriste Dieudonn\u00e9 \u00e0 Tunis le 6 f\u00e9vrier - Kapitalis<\/title>\n<meta name=\"robots\" content=\"index, follow, max-snippet:-1, max-image-preview:large, max-video-preview:-1\" \/>\n<link rel=\"canonical\" href=\"https:\/\/kapitalis.com\/tunisie\/2016\/01\/28\/lhumoriste-dieudonne-a-tunis-le-6-fevrier\/\" \/>\n<meta property=\"og:locale\" content=\"fr_FR\" \/>\n<meta property=\"og:type\" content=\"article\" \/>\n<meta property=\"og:title\" content=\"L\u2019humoriste Dieudonn\u00e9 \u00e0 Tunis le 6 f\u00e9vrier - Kapitalis\" \/>\n<meta property=\"og:description\" content=\"Dieudonn\u00e9 donne rendez-vous \u00e0 ses fans tunisiens, le samedi 6 f\u00e9vrier 2016, \u00e0 20 heures, au palais des Congr\u00e8s de Tunis.\" \/>\n<meta property=\"og:url\" content=\"https:\/\/kapitalis.com\/tunisie\/2016\/01\/28\/lhumoriste-dieudonne-a-tunis-le-6-fevrier\/\" \/>\n<meta property=\"og:site_name\" content=\"Kapitalis\" \/>\n<meta property=\"article:publisher\" content=\"https:\/\/www.facebook.com\/KapitalisInfo\/\" \/>\n<meta property=\"article:published_time\" content=\"2016-01-28T14:41:28+00:00\" \/>\n<meta property=\"og:image\" content=\"https:\/\/kapitalis.com\/tunisie\/wp-content\/uploads\/2022\/05\/kapitalis-logo-fb.png\" \/>\n\t<meta property=\"og:image:width\" content=\"1200\" \/>\n\t<meta property=\"og:image:height\" content=\"630\" \/>\n\t<meta property=\"og:image:type\" content=\"image\/png\" \/>\n<meta name=\"author\" content=\"webmaster kapitalis\" \/>\n<meta name=\"twitter:card\" content=\"summary_large_image\" \/>\n<meta name=\"twitter:creator\" content=\"@KapitalisInfo\" \/>\n<meta name=\"twitter:site\" content=\"@KapitalisInfo\" \/>\n<meta name=\"twitter:label1\" content=\"\u00c9crit par\" \/>\n\t<meta name=\"twitter:data1\" content=\"webmaster kapitalis\" \/>\n\t<meta name=\"twitter:label2\" content=\"Dur\u00e9e de lecture estim\u00e9e\" \/>\n\t<meta name=\"twitter:data2\" content=\"1 minute\" \/>\n<script type=\"application\/ld+json\" class=\"yoast-schema-graph\">{\"@context\":\"https:\/\/schema.org\",\"@graph\":[{\"@type\":\"Article\",\"@id\":\"https:\/\/kapitalis.com\/tunisie\/2016\/01\/28\/lhumoriste-dieudonne-a-tunis-le-6-fevrier\/#article\",\"isPartOf\":{\"@id\":\"https:\/\/kapitalis.com\/tunisie\/2016\/01\/28\/lhumoriste-dieudonne-a-tunis-le-6-fevrier\/\"},\"author\":{\"name\":\"webmaster kapitalis\",\"@id\":\"https:\/\/kapitalis.com\/tunisie\/#\/schema\/person\/d71f33a9ca44f7bad4698210b480c8e9\"},\"headline\":\"L\u2019humoriste Dieudonn\u00e9 \u00e0 Tunis le 6 f\u00e9vrier\",\"datePublished\":\"2016-01-28T14:41:28+00:00\",\"mainEntityOfPage\":{\"@id\":\"https:\/\/kapitalis.com\/tunisie\/2016\/01\/28\/lhumoriste-dieudonne-a-tunis-le-6-fevrier\/\"},\"wordCount\":261,\"commentCount\":11,\"publisher\":{\"@id\":\"https:\/\/kapitalis.com\/tunisie\/#organization\"},\"image\":{\"@id\":\"https:\/\/kapitalis.com\/tunisie\/2016\/01\/28\/lhumoriste-dieudonne-a-tunis-le-6-fevrier\/#primaryimage\"},\"thumbnailUrl\":\"\",\"keywords\":[\"humoriste\",\"Palais des congr\u00e8s\"],\"articleSection\":[\"CULTURE\",\"Tunisie\"],\"inLanguage\":\"fr-FR\",\"potentialAction\":[{\"@type\":\"CommentAction\",\"name\":\"Comment\",\"target\":[\"https:\/\/kapitalis.com\/tunisie\/2016\/01\/28\/lhumoriste-dieudonne-a-tunis-le-6-fevrier\/#respond\"]}]},{\"@type\":\"WebPage\",\"@id\":\"https:\/\/kapitalis.com\/tunisie\/2016\/01\/28\/lhumoriste-dieudonne-a-tunis-le-6-fevrier\/\",\"url\":\"https:\/\/kapitalis.com\/tunisie\/2016\/01\/28\/lhumoriste-dieudonne-a-tunis-le-6-fevrier\/\",\"name\":\"L\u2019humoriste Dieudonn\u00e9 \u00e0 Tunis le 6 f\u00e9vrier - Kapitalis\",\"isPartOf\":{\"@id\":\"https:\/\/kapitalis.com\/tunisie\/#website\"},\"primaryImageOfPage\":{\"@id\":\"https:\/\/kapitalis.com\/tunisie\/2016\/01\/28\/lhumoriste-dieudonne-a-tunis-le-6-fevrier\/#primaryimage\"},\"image\":{\"@id\":\"https:\/\/kapitalis.com\/tunisie\/2016\/01\/28\/lhumoriste-dieudonne-a-tunis-le-6-fevrier\/#primaryimage\"},\"thumbnailUrl\":\"\",\"datePublished\":\"2016-01-28T14:41:28+00:00\",\"breadcrumb\":{\"@id\":\"https:\/\/kapitalis.com\/tunisie\/2016\/01\/28\/lhumoriste-dieudonne-a-tunis-le-6-fevrier\/#breadcrumb\"},\"inLanguage\":\"fr-FR\",\"potentialAction\":[{\"@type\":\"ReadAction\",\"target\":[\"https:\/\/kapitalis.com\/tunisie\/2016\/01\/28\/lhumoriste-dieudonne-a-tunis-le-6-fevrier\/\"]}]},{\"@type\":\"ImageObject\",\"inLanguage\":\"fr-FR\",\"@id\":\"https:\/\/kapitalis.com\/tunisie\/2016\/01\/28\/lhumoriste-dieudonne-a-tunis-le-6-fevrier\/#primaryimage\",\"url\":\"\",\"contentUrl\":\"\"},{\"@type\":\"BreadcrumbList\",\"@id\":\"https:\/\/kapitalis.com\/tunisie\/2016\/01\/28\/lhumoriste-dieudonne-a-tunis-le-6-fevrier\/#breadcrumb\",\"itemListElement\":[{\"@type\":\"ListItem\",\"position\":1,\"name\":\"Accueil\",\"item\":\"https:\/\/kapitalis.com\/tunisie\/\"},{\"@type\":\"ListItem\",\"position\":2,\"name\":\"L\u2019humoriste Dieudonn\u00e9 \u00e0 Tunis le 6 f\u00e9vrier\"}]},{\"@type\":\"WebSite\",\"@id\":\"https:\/\/kapitalis.com\/tunisie\/#website\",\"url\":\"https:\/\/kapitalis.com\/tunisie\/\",\"name\":\"Kapitalis\",\"description\":\"L&#039;actualit\u00e9 en Tunisie et dans le monde\",\"publisher\":{\"@id\":\"https:\/\/kapitalis.com\/tunisie\/#organization\"},\"potentialAction\":[{\"@type\":\"SearchAction\",\"target\":{\"@type\":\"EntryPoint\",\"urlTemplate\":\"https:\/\/kapitalis.com\/tunisie\/?s={search_term_string}\"},\"query-input\":{\"@type\":\"PropertyValueSpecification\",\"valueRequired\":true,\"valueName\":\"search_term_string\"}}],\"inLanguage\":\"fr-FR\"},{\"@type\":\"Organization\",\"@id\":\"https:\/\/kapitalis.com\/tunisie\/#organization\",\"name\":\"Kapitalis\",\"url\":\"https:\/\/kapitalis.com\/tunisie\/\",\"logo\":{\"@type\":\"ImageObject\",\"inLanguage\":\"fr-FR\",\"@id\":\"https:\/\/kapitalis.com\/tunisie\/#\/schema\/logo\/image\/\",\"url\":\"https:\/\/kapitalis.com\/tunisie\/wp-content\/uploads\/2022\/05\/Kapitalis-big-size.png\",\"contentUrl\":\"https:\/\/kapitalis.com\/tunisie\/wp-content\/uploads\/2022\/05\/Kapitalis-big-size.png\",\"width\":5000,\"height\":1500,\"caption\":\"Kapitalis\"},\"image\":{\"@id\":\"https:\/\/kapitalis.com\/tunisie\/#\/schema\/logo\/image\/\"},\"sameAs\":[\"https:\/\/www.facebook.com\/KapitalisInfo\/\",\"https:\/\/x.com\/KapitalisInfo\",\"https:\/\/www.youtube.com\/channel\/UC-yDYrHyfFBWWZaOw3FPg9Q\"]},{\"@type\":\"Person\",\"@id\":\"https:\/\/kapitalis.com\/tunisie\/#\/schema\/person\/d71f33a9ca44f7bad4698210b480c8e9\",\"name\":\"webmaster kapitalis\",\"url\":\"https:\/\/kapitalis.com\/tunisie\/author\/webmaster-kapitalis\/\"}]}<\/script>\n<!-- \/ Yoast SEO plugin. -->","yoast_head_json":{"title":"L\u2019humoriste Dieudonn\u00e9 \u00e0 Tunis le 6 f\u00e9vrier - Kapitalis","robots":{"index":"index","follow":"follow","max-snippet":"max-snippet:-1","max-image-preview":"max-image-preview:large","max-video-preview":"max-video-preview:-1"},"canonical":"https:\/\/kapitalis.com\/tunisie\/2016\/01\/28\/lhumoriste-dieudonne-a-tunis-le-6-fevrier\/","og_locale":"fr_FR","og_type":"article","og_title":"L\u2019humoriste Dieudonn\u00e9 \u00e0 Tunis le 6 f\u00e9vrier - Kapitalis","og_description":"Dieudonn\u00e9 donne rendez-vous \u00e0 ses fans tunisiens, le samedi 6 f\u00e9vrier 2016, \u00e0 20 heures, au palais des Congr\u00e8s de Tunis.","og_url":"https:\/\/kapitalis.com\/tunisie\/2016\/01\/28\/lhumoriste-dieudonne-a-tunis-le-6-fevrier\/","og_site_name":"Kapitalis","article_publisher":"https:\/\/www.facebook.com\/KapitalisInfo\/","article_published_time":"2016-01-28T14:41:28+00:00","og_image":[{"width":1200,"height":630,"url":"https:\/\/kapitalis.com\/tunisie\/wp-content\/uploads\/2022\/05\/kapitalis-logo-fb.png","type":"image\/png"}],"author":"webmaster kapitalis","twitter_card":"summary_large_image","twitter_creator":"@KapitalisInfo","twitter_site":"@KapitalisInfo","twitter_misc":{"\u00c9crit par":"webmaster kapitalis","Dur\u00e9e de lecture estim\u00e9e":"1 minute"},"schema":{"@context":"https:\/\/schema.org","@graph":[{"@type":"Article","@id":"https:\/\/kapitalis.com\/tunisie\/2016\/01\/28\/lhumoriste-dieudonne-a-tunis-le-6-fevrier\/#article","isPartOf":{"@id":"https:\/\/kapitalis.com\/tunisie\/2016\/01\/28\/lhumoriste-dieudonne-a-tunis-le-6-fevrier\/"},"author":{"name":"webmaster kapitalis","@id":"https:\/\/kapitalis.com\/tunisie\/#\/schema\/person\/d71f33a9ca44f7bad4698210b480c8e9"},"headline":"L\u2019humoriste Dieudonn\u00e9 \u00e0 Tunis le 6 f\u00e9vrier","datePublished":"2016-01-28T14:41:28+00:00","mainEntityOfPage":{"@id":"https:\/\/kapitalis.com\/tunisie\/2016\/01\/28\/lhumoriste-dieudonne-a-tunis-le-6-fevrier\/"},"wordCount":261,"commentCount":11,"publisher":{"@id":"https:\/\/kapitalis.com\/tunisie\/#organization"},"image":{"@id":"https:\/\/kapitalis.com\/tunisie\/2016\/01\/28\/lhumoriste-dieudonne-a-tunis-le-6-fevrier\/#primaryimage"},"thumbnailUrl":"","keywords":["humoriste","Palais des congr\u00e8s"],"articleSection":["CULTURE","Tunisie"],"inLanguage":"fr-FR","potentialAction":[{"@type":"CommentAction","name":"Comment","target":["https:\/\/kapitalis.com\/tunisie\/2016\/01\/28\/lhumoriste-dieudonne-a-tunis-le-6-fevrier\/#respond"]}]},{"@type":"WebPage","@id":"https:\/\/kapitalis.com\/tunisie\/2016\/01\/28\/lhumoriste-dieudonne-a-tunis-le-6-fevrier\/","url":"https:\/\/kapitalis.com\/tunisie\/2016\/01\/28\/lhumoriste-dieudonne-a-tunis-le-6-fevrier\/","name":"L\u2019humoriste Dieudonn\u00e9 \u00e0 Tunis le 6 f\u00e9vrier - Kapitalis","isPartOf":{"@id":"https:\/\/kapitalis.com\/tunisie\/#website"},"primaryImageOfPage":{"@id":"https:\/\/kapitalis.com\/tunisie\/2016\/01\/28\/lhumoriste-dieudonne-a-tunis-le-6-fevrier\/#primaryimage"},"image":{"@id":"https:\/\/kapitalis.com\/tunisie\/2016\/01\/28\/lhumoriste-dieudonne-a-tunis-le-6-fevrier\/#primaryimage"},"thumbnailUrl":"","datePublished":"2016-01-28T14:41:28+00:00","breadcrumb":{"@id":"https:\/\/kapitalis.com\/tunisie\/2016\/01\/28\/lhumoriste-dieudonne-a-tunis-le-6-fevrier\/#breadcrumb"},"inLanguage":"fr-FR","potentialAction":[{"@type":"ReadAction","target":["https:\/\/kapitalis.com\/tunisie\/2016\/01\/28\/lhumoriste-dieudonne-a-tunis-le-6-fevrier\/"]}]},{"@type":"ImageObject","inLanguage":"fr-FR","@id":"https:\/\/kapitalis.com\/tunisie\/2016\/01\/28\/lhumoriste-dieudonne-a-tunis-le-6-fevrier\/#primaryimage","url":"","contentUrl":""},{"@type":"BreadcrumbList","@id":"https:\/\/kapitalis.com\/tunisie\/2016\/01\/28\/lhumoriste-dieudonne-a-tunis-le-6-fevrier\/#breadcrumb","itemListElement":[{"@type":"ListItem","position":1,"name":"Accueil","item":"https:\/\/kapitalis.com\/tunisie\/"},{"@type":"ListItem","position":2,"name":"L\u2019humoriste Dieudonn\u00e9 \u00e0 Tunis le 6 f\u00e9vrier"}]},{"@type":"WebSite","@id":"https:\/\/kapitalis.com\/tunisie\/#website","url":"https:\/\/kapitalis.com\/tunisie\/","name":"Kapitalis","description":"L&#039;actualit\u00e9 en Tunisie et dans le monde","publisher":{"@id":"https:\/\/kapitalis.com\/tunisie\/#organization"},"potentialAction":[{"@type":"SearchAction","target":{"@type":"EntryPoint","urlTemplate":"https:\/\/kapitalis.com\/tunisie\/?s={search_term_string}"},"query-input":{"@type":"PropertyValueSpecification","valueRequired":true,"valueName":"search_term_string"}}],"inLanguage":"fr-FR"},{"@type":"Organization","@id":"https:\/\/kapitalis.com\/tunisie\/#organization","name":"Kapitalis","url":"https:\/\/kapitalis.com\/tunisie\/","logo":{"@type":"ImageObject","inLanguage":"fr-FR","@id":"https:\/\/kapitalis.com\/tunisie\/#\/schema\/logo\/image\/","url":"https:\/\/kapitalis.com\/tunisie\/wp-content\/uploads\/2022\/05\/Kapitalis-big-size.png","contentUrl":"https:\/\/kapitalis.com\/tunisie\/wp-content\/uploads\/2022\/05\/Kapitalis-big-size.png","width":5000,"height":1500,"caption":"Kapitalis"},"image":{"@id":"https:\/\/kapitalis.com\/tunisie\/#\/schema\/logo\/image\/"},"sameAs":["https:\/\/www.facebook.com\/KapitalisInfo\/","https:\/\/x.com\/KapitalisInfo","https:\/\/www.youtube.com\/channel\/UC-yDYrHyfFBWWZaOw3FPg9Q"]},{"@type":"Person","@id":"https:\/\/kapitalis.com\/tunisie\/#\/schema\/person\/d71f33a9ca44f7bad4698210b480c8e9","name":"webmaster kapitalis","url":"https:\/\/kapitalis.com\/tunisie\/author\/webmaster-kapitalis\/"}]}},"_links":{"self":[{"href":"https:\/\/kapitalis.com\/tunisie\/wp-json\/wp\/v2\/posts\/37100","targetHints":{"allow":["GET"]}}],"collection":[{"href":"https:\/\/kapitalis.com\/tunisie\/wp-json\/wp\/v2\/posts"}],"about":[{"href":"https:\/\/kapitalis.com\/tunisie\/wp-json\/wp\/v2\/types\/post"}],"author":[{"embeddable":true,"href":"https:\/\/kapitalis.com\/tunisie\/wp-json\/wp\/v2\/users\/8"}],"replies":[{"embeddable":true,"href":"https:\/\/kapitalis.com\/tunisie\/wp-json\/wp\/v2\/comments?post=37100"}],"version-history":[{"count":0,"href":"https:\/\/kapitalis.com\/tunisie\/wp-json\/wp\/v2\/posts\/37100\/revisions"}],"wp:featuredmedia":[{"embeddable":true,"href":"https:\/\/kapitalis.com\/tunisie\/wp-json\/wp\/v2\/media\/37101"}],"wp:attachment":[{"href":"https:\/\/kapitalis.com\/tunisie\/wp-json\/wp\/v2\/media?parent=37100"}],"wp:term":[{"taxonomy":"category","embeddable":true,"href":"https:\/\/kapitalis.com\/tunisie\/wp-json\/wp\/v2\/categories?post=37100"},{"taxonomy":"post_tag","embeddable":true,"href":"https:\/\/kapitalis.com\/tunisie\/wp-json\/wp\/v2\/tags?post=37100"}],"curies":[{"name":"wp","href":"https:\/\/api.w.org\/{rel}","templated":true}]}}