{"id":371047,"date":"2021-11-24T09:56:57","date_gmt":"2021-11-24T08:56:57","guid":{"rendered":"http:\/\/kapitalis.com\/tunisie\/?p=371047"},"modified":"2021-11-24T09:58:31","modified_gmt":"2021-11-24T08:58:31","slug":"tunisie-renforcement-du-controle-de-la-gestion-des-carrieres-detat-domaniales-par-les-particuliers","status":"publish","type":"post","link":"https:\/\/kapitalis.com\/tunisie\/2021\/11\/24\/tunisie-renforcement-du-controle-de-la-gestion-des-carrieres-detat-domaniales-par-les-particuliers\/","title":{"rendered":"Tunisie : renforcement du contr\u00f4le de la gestion des carri\u00e8res d&rsquo;Etat domaniales par les particuliers"},"content":{"rendered":"\n<div class=\"wp-block-image\"><figure class=\"aligncenter size-full\"><img decoding=\"async\" src=\"http:\/\/kapitalis.com\/tunisie\/wp-content\/uploads\/2021\/11\/Mohamed-Rekik-carriere-domaniale-Zaghouan.jpg\" alt=\"\" class=\"wp-image-371048\"\/><\/figure><\/div>\n\n\n\n<p><strong><em>Mohamed Rekik, ministre des Domaines de l\u2019Etat et des Affaires fonci\u00e8res, a effectu\u00e9 ce mardi 23 novembre 2021, une visite de terrain sur le site de deux soci\u00e9t\u00e9s exploitant \u00e0 titre de location deux carri\u00e8res de pierre situ\u00e9es dans la r\u00e9gion de Ain Battaria, de la d\u00e9l\u00e9gation de Zriba, du gouvernorat de Zaghouan.<\/em><\/strong><\/p>\n\n\n\n<!--more-->\n\n\n\n<p>Le ministre, qui \u00e9tait accompagn\u00e9 par Abderrazek Ben Frej, secr\u00e9taire g\u00e9n\u00e9ral du minist\u00e8re et certains cadres, a soulign\u00e9 \u00e0 l\u2019occasion de cette inspection que son minist\u00e8re a proc\u00e9d\u00e9 \u00e0 l\u2019ouverture du dossier de l\u2019exploitation et de la gestion des carri\u00e8res, apr\u00e8s l\u2019annonce faite au cours de la semaine derni\u00e8re concernant le d\u00e9marrage d\u2019une campagne nationale visant le contr\u00f4le de la gestion des fermes domaniales agricoles lou\u00e9es \u00e0 des particuliers.<\/p>\n\n\n\n<p>Le ministre a insist\u00e9 sur le renforcement des op\u00e9rations de contr\u00f4le de la gestion des carri\u00e8res domaniales lou\u00e9es toutes sp\u00e9cialit\u00e9s confondues par le biais des services concern\u00e9s dans toutes les directions r\u00e9gionales, en mettant l\u2019accent surtout sur l\u2019application de la loi contre tout contrevenant, et ceux qui ne respectent pas les superficies destin\u00e9es \u00e0 l\u2019extraction, et leurs engagements financiers vis-\u00e0-vis de l\u2019Etat.<\/p>\n\n\n\n<p>Par ailleurs, le ministre a d\u00e9cid\u00e9 suite \u00e0 cette visite d\u2019adresser des avertissements \u00e0 l\u2019encontre des contrevenants afin de pallier les d\u00e9faillances contractuelles avant d\u2019appliquer la clause de mise en demeure stipul\u00e9e dans le contrat.<\/p>\n\n\n\n<p>Il reste cependant \u00e0 voir ce que les autorit\u00e9s vont prendre comme sanctions contre les parties contractuelles qui ne respectent pas leurs engagements malgr\u00e9 les avertissements et les mises en demeure officielles. Ce n&rsquo;est qu&rsquo;ainsi qu&rsquo;on mesurera le s\u00e9rieux de ces gesticulations qui s&rsquo;arr\u00eatent g\u00e9n\u00e9ralement aux effets d&rsquo;annonce.   <\/p>\n\n\n\n<p class=\"has-text-align-right\"><strong>I. B. <\/strong><\/p>\n","protected":false},"excerpt":{"rendered":"<p>Mohamed Rekik, ministre des Domaines de l\u2019Etat et des Affaires fonci\u00e8res, a effectu\u00e9 ce mardi 23 novembre 2021, une visite de terrain sur le site de deux soci\u00e9t\u00e9s exploitant \u00e0 titre de location deux carri\u00e8res de pierre situ\u00e9es dans la r\u00e9gion de Ain Battaria, de la d\u00e9l\u00e9gation de Zriba, du gouvernorat de Zaghouan.<\/p>\n","protected":false},"author":8,"featured_media":371048,"comment_status":"open","ping_status":"open","sticky":false,"template":"","format":"standard","meta":{"footnotes":""},"categories":[995,2433],"tags":[95183,95182,95184,5992,62643,2066,78575],"class_list":["post-371047","post","type-post","status-publish","format-standard","has-post-thumbnail","hentry","category-economie","category-tunisie","tag-abderrazek-ben-frej","tag-ain-battaria","tag-carrieres-domaniales","tag-mohamed-rekik","tag-tunisie","tag-zaghouan","tag-zriba"],"yoast_head":"<!-- This site is optimized with the Yoast SEO plugin v26.6 - https:\/\/yoast.com\/wordpress\/plugins\/seo\/ -->\n<title>Tunisie : renforcement du contr\u00f4le de la gestion des carri\u00e8res d&#039;Etat domaniales par les particuliers - Kapitalis<\/title>\n<meta name=\"robots\" content=\"index, follow, max-snippet:-1, max-image-preview:large, max-video-preview:-1\" \/>\n<link rel=\"canonical\" href=\"https:\/\/kapitalis.com\/tunisie\/2021\/11\/24\/tunisie-renforcement-du-controle-de-la-gestion-des-carrieres-detat-domaniales-par-les-particuliers\/\" \/>\n<meta property=\"og:locale\" content=\"fr_FR\" \/>\n<meta property=\"og:type\" content=\"article\" \/>\n<meta property=\"og:title\" content=\"Tunisie : renforcement du contr\u00f4le de la gestion des carri\u00e8res d&#039;Etat domaniales par les particuliers - Kapitalis\" \/>\n<meta property=\"og:description\" content=\"Mohamed Rekik, ministre des Domaines de l\u2019Etat et des Affaires fonci\u00e8res, a effectu\u00e9 ce mardi 23 novembre 2021, une visite de terrain sur le site de deux soci\u00e9t\u00e9s exploitant \u00e0 titre de location deux carri\u00e8res de pierre situ\u00e9es dans la r\u00e9gion de Ain Battaria, de la d\u00e9l\u00e9gation de Zriba, du gouvernorat de Zaghouan.\" \/>\n<meta property=\"og:url\" content=\"https:\/\/kapitalis.com\/tunisie\/2021\/11\/24\/tunisie-renforcement-du-controle-de-la-gestion-des-carrieres-detat-domaniales-par-les-particuliers\/\" \/>\n<meta property=\"og:site_name\" content=\"Kapitalis\" \/>\n<meta property=\"article:publisher\" content=\"https:\/\/www.facebook.com\/KapitalisInfo\/\" \/>\n<meta property=\"article:published_time\" content=\"2021-11-24T08:56:57+00:00\" \/>\n<meta property=\"article:modified_time\" content=\"2021-11-24T08:58:31+00:00\" \/>\n<meta property=\"og:image\" content=\"https:\/\/kapitalis.com\/tunisie\/wp-content\/uploads\/2022\/05\/kapitalis-logo-fb.png\" \/>\n\t<meta property=\"og:image:width\" content=\"1200\" \/>\n\t<meta property=\"og:image:height\" content=\"630\" \/>\n\t<meta property=\"og:image:type\" content=\"image\/png\" \/>\n<meta name=\"author\" content=\"webmaster kapitalis\" \/>\n<meta name=\"twitter:card\" content=\"summary_large_image\" \/>\n<meta name=\"twitter:creator\" content=\"@KapitalisInfo\" \/>\n<meta name=\"twitter:site\" content=\"@KapitalisInfo\" \/>\n<meta name=\"twitter:label1\" content=\"\u00c9crit par\" \/>\n\t<meta name=\"twitter:data1\" content=\"webmaster kapitalis\" \/>\n\t<meta name=\"twitter:label2\" content=\"Dur\u00e9e de lecture estim\u00e9e\" \/>\n\t<meta name=\"twitter:data2\" content=\"2 minutes\" \/>\n<script type=\"application\/ld+json\" class=\"yoast-schema-graph\">{\"@context\":\"https:\/\/schema.org\",\"@graph\":[{\"@type\":\"Article\",\"@id\":\"https:\/\/kapitalis.com\/tunisie\/2021\/11\/24\/tunisie-renforcement-du-controle-de-la-gestion-des-carrieres-detat-domaniales-par-les-particuliers\/#article\",\"isPartOf\":{\"@id\":\"https:\/\/kapitalis.com\/tunisie\/2021\/11\/24\/tunisie-renforcement-du-controle-de-la-gestion-des-carrieres-detat-domaniales-par-les-particuliers\/\"},\"author\":{\"name\":\"webmaster kapitalis\",\"@id\":\"https:\/\/kapitalis.com\/tunisie\/#\/schema\/person\/d71f33a9ca44f7bad4698210b480c8e9\"},\"headline\":\"Tunisie : renforcement du contr\u00f4le de la gestion des carri\u00e8res d&rsquo;Etat domaniales par les particuliers\",\"datePublished\":\"2021-11-24T08:56:57+00:00\",\"dateModified\":\"2021-11-24T08:58:31+00:00\",\"mainEntityOfPage\":{\"@id\":\"https:\/\/kapitalis.com\/tunisie\/2021\/11\/24\/tunisie-renforcement-du-controle-de-la-gestion-des-carrieres-detat-domaniales-par-les-particuliers\/\"},\"wordCount\":326,\"commentCount\":0,\"publisher\":{\"@id\":\"https:\/\/kapitalis.com\/tunisie\/#organization\"},\"image\":{\"@id\":\"https:\/\/kapitalis.com\/tunisie\/2021\/11\/24\/tunisie-renforcement-du-controle-de-la-gestion-des-carrieres-detat-domaniales-par-les-particuliers\/#primaryimage\"},\"thumbnailUrl\":\"\",\"keywords\":[\"Abderrazek Ben Frej\",\"Ain Battaria\",\"carri\u00e8res domaniales\",\"Mohamed Rekik\",\"Tunisie\",\"Zaghouan\",\"Zriba\"],\"articleSection\":[\"ECONOMIE\",\"Tunisie\"],\"inLanguage\":\"fr-FR\",\"potentialAction\":[{\"@type\":\"CommentAction\",\"name\":\"Comment\",\"target\":[\"https:\/\/kapitalis.com\/tunisie\/2021\/11\/24\/tunisie-renforcement-du-controle-de-la-gestion-des-carrieres-detat-domaniales-par-les-particuliers\/#respond\"]}]},{\"@type\":\"WebPage\",\"@id\":\"https:\/\/kapitalis.com\/tunisie\/2021\/11\/24\/tunisie-renforcement-du-controle-de-la-gestion-des-carrieres-detat-domaniales-par-les-particuliers\/\",\"url\":\"https:\/\/kapitalis.com\/tunisie\/2021\/11\/24\/tunisie-renforcement-du-controle-de-la-gestion-des-carrieres-detat-domaniales-par-les-particuliers\/\",\"name\":\"Tunisie : renforcement du contr\u00f4le de la gestion des carri\u00e8res d'Etat domaniales par les particuliers - Kapitalis\",\"isPartOf\":{\"@id\":\"https:\/\/kapitalis.com\/tunisie\/#website\"},\"primaryImageOfPage\":{\"@id\":\"https:\/\/kapitalis.com\/tunisie\/2021\/11\/24\/tunisie-renforcement-du-controle-de-la-gestion-des-carrieres-detat-domaniales-par-les-particuliers\/#primaryimage\"},\"image\":{\"@id\":\"https:\/\/kapitalis.com\/tunisie\/2021\/11\/24\/tunisie-renforcement-du-controle-de-la-gestion-des-carrieres-detat-domaniales-par-les-particuliers\/#primaryimage\"},\"thumbnailUrl\":\"\",\"datePublished\":\"2021-11-24T08:56:57+00:00\",\"dateModified\":\"2021-11-24T08:58:31+00:00\",\"breadcrumb\":{\"@id\":\"https:\/\/kapitalis.com\/tunisie\/2021\/11\/24\/tunisie-renforcement-du-controle-de-la-gestion-des-carrieres-detat-domaniales-par-les-particuliers\/#breadcrumb\"},\"inLanguage\":\"fr-FR\",\"potentialAction\":[{\"@type\":\"ReadAction\",\"target\":[\"https:\/\/kapitalis.com\/tunisie\/2021\/11\/24\/tunisie-renforcement-du-controle-de-la-gestion-des-carrieres-detat-domaniales-par-les-particuliers\/\"]}]},{\"@type\":\"ImageObject\",\"inLanguage\":\"fr-FR\",\"@id\":\"https:\/\/kapitalis.com\/tunisie\/2021\/11\/24\/tunisie-renforcement-du-controle-de-la-gestion-des-carrieres-detat-domaniales-par-les-particuliers\/#primaryimage\",\"url\":\"\",\"contentUrl\":\"\"},{\"@type\":\"BreadcrumbList\",\"@id\":\"https:\/\/kapitalis.com\/tunisie\/2021\/11\/24\/tunisie-renforcement-du-controle-de-la-gestion-des-carrieres-detat-domaniales-par-les-particuliers\/#breadcrumb\",\"itemListElement\":[{\"@type\":\"ListItem\",\"position\":1,\"name\":\"Accueil\",\"item\":\"https:\/\/kapitalis.com\/tunisie\/\"},{\"@type\":\"ListItem\",\"position\":2,\"name\":\"Tunisie : renforcement du contr\u00f4le de la gestion des carri\u00e8res d&rsquo;Etat domaniales par les particuliers\"}]},{\"@type\":\"WebSite\",\"@id\":\"https:\/\/kapitalis.com\/tunisie\/#website\",\"url\":\"https:\/\/kapitalis.com\/tunisie\/\",\"name\":\"Kapitalis\",\"description\":\"L&#039;actualit\u00e9 en Tunisie et dans le monde\",\"publisher\":{\"@id\":\"https:\/\/kapitalis.com\/tunisie\/#organization\"},\"potentialAction\":[{\"@type\":\"SearchAction\",\"target\":{\"@type\":\"EntryPoint\",\"urlTemplate\":\"https:\/\/kapitalis.com\/tunisie\/?s={search_term_string}\"},\"query-input\":{\"@type\":\"PropertyValueSpecification\",\"valueRequired\":true,\"valueName\":\"search_term_string\"}}],\"inLanguage\":\"fr-FR\"},{\"@type\":\"Organization\",\"@id\":\"https:\/\/kapitalis.com\/tunisie\/#organization\",\"name\":\"Kapitalis\",\"url\":\"https:\/\/kapitalis.com\/tunisie\/\",\"logo\":{\"@type\":\"ImageObject\",\"inLanguage\":\"fr-FR\",\"@id\":\"https:\/\/kapitalis.com\/tunisie\/#\/schema\/logo\/image\/\",\"url\":\"https:\/\/kapitalis.com\/tunisie\/wp-content\/uploads\/2022\/05\/Kapitalis-big-size.png\",\"contentUrl\":\"https:\/\/kapitalis.com\/tunisie\/wp-content\/uploads\/2022\/05\/Kapitalis-big-size.png\",\"width\":5000,\"height\":1500,\"caption\":\"Kapitalis\"},\"image\":{\"@id\":\"https:\/\/kapitalis.com\/tunisie\/#\/schema\/logo\/image\/\"},\"sameAs\":[\"https:\/\/www.facebook.com\/KapitalisInfo\/\",\"https:\/\/x.com\/KapitalisInfo\",\"https:\/\/www.youtube.com\/channel\/UC-yDYrHyfFBWWZaOw3FPg9Q\"]},{\"@type\":\"Person\",\"@id\":\"https:\/\/kapitalis.com\/tunisie\/#\/schema\/person\/d71f33a9ca44f7bad4698210b480c8e9\",\"name\":\"webmaster kapitalis\",\"url\":\"https:\/\/kapitalis.com\/tunisie\/author\/webmaster-kapitalis\/\"}]}<\/script>\n<!-- \/ Yoast SEO plugin. -->","yoast_head_json":{"title":"Tunisie : renforcement du contr\u00f4le de la gestion des carri\u00e8res d'Etat domaniales par les particuliers - Kapitalis","robots":{"index":"index","follow":"follow","max-snippet":"max-snippet:-1","max-image-preview":"max-image-preview:large","max-video-preview":"max-video-preview:-1"},"canonical":"https:\/\/kapitalis.com\/tunisie\/2021\/11\/24\/tunisie-renforcement-du-controle-de-la-gestion-des-carrieres-detat-domaniales-par-les-particuliers\/","og_locale":"fr_FR","og_type":"article","og_title":"Tunisie : renforcement du contr\u00f4le de la gestion des carri\u00e8res d'Etat domaniales par les particuliers - Kapitalis","og_description":"Mohamed Rekik, ministre des Domaines de l\u2019Etat et des Affaires fonci\u00e8res, a effectu\u00e9 ce mardi 23 novembre 2021, une visite de terrain sur le site de deux soci\u00e9t\u00e9s exploitant \u00e0 titre de location deux carri\u00e8res de pierre situ\u00e9es dans la r\u00e9gion de Ain Battaria, de la d\u00e9l\u00e9gation de Zriba, du gouvernorat de Zaghouan.","og_url":"https:\/\/kapitalis.com\/tunisie\/2021\/11\/24\/tunisie-renforcement-du-controle-de-la-gestion-des-carrieres-detat-domaniales-par-les-particuliers\/","og_site_name":"Kapitalis","article_publisher":"https:\/\/www.facebook.com\/KapitalisInfo\/","article_published_time":"2021-11-24T08:56:57+00:00","article_modified_time":"2021-11-24T08:58:31+00:00","og_image":[{"width":1200,"height":630,"url":"https:\/\/kapitalis.com\/tunisie\/wp-content\/uploads\/2022\/05\/kapitalis-logo-fb.png","type":"image\/png"}],"author":"webmaster kapitalis","twitter_card":"summary_large_image","twitter_creator":"@KapitalisInfo","twitter_site":"@KapitalisInfo","twitter_misc":{"\u00c9crit par":"webmaster kapitalis","Dur\u00e9e de lecture estim\u00e9e":"2 minutes"},"schema":{"@context":"https:\/\/schema.org","@graph":[{"@type":"Article","@id":"https:\/\/kapitalis.com\/tunisie\/2021\/11\/24\/tunisie-renforcement-du-controle-de-la-gestion-des-carrieres-detat-domaniales-par-les-particuliers\/#article","isPartOf":{"@id":"https:\/\/kapitalis.com\/tunisie\/2021\/11\/24\/tunisie-renforcement-du-controle-de-la-gestion-des-carrieres-detat-domaniales-par-les-particuliers\/"},"author":{"name":"webmaster kapitalis","@id":"https:\/\/kapitalis.com\/tunisie\/#\/schema\/person\/d71f33a9ca44f7bad4698210b480c8e9"},"headline":"Tunisie : renforcement du contr\u00f4le de la gestion des carri\u00e8res d&rsquo;Etat domaniales par les particuliers","datePublished":"2021-11-24T08:56:57+00:00","dateModified":"2021-11-24T08:58:31+00:00","mainEntityOfPage":{"@id":"https:\/\/kapitalis.com\/tunisie\/2021\/11\/24\/tunisie-renforcement-du-controle-de-la-gestion-des-carrieres-detat-domaniales-par-les-particuliers\/"},"wordCount":326,"commentCount":0,"publisher":{"@id":"https:\/\/kapitalis.com\/tunisie\/#organization"},"image":{"@id":"https:\/\/kapitalis.com\/tunisie\/2021\/11\/24\/tunisie-renforcement-du-controle-de-la-gestion-des-carrieres-detat-domaniales-par-les-particuliers\/#primaryimage"},"thumbnailUrl":"","keywords":["Abderrazek Ben Frej","Ain Battaria","carri\u00e8res domaniales","Mohamed Rekik","Tunisie","Zaghouan","Zriba"],"articleSection":["ECONOMIE","Tunisie"],"inLanguage":"fr-FR","potentialAction":[{"@type":"CommentAction","name":"Comment","target":["https:\/\/kapitalis.com\/tunisie\/2021\/11\/24\/tunisie-renforcement-du-controle-de-la-gestion-des-carrieres-detat-domaniales-par-les-particuliers\/#respond"]}]},{"@type":"WebPage","@id":"https:\/\/kapitalis.com\/tunisie\/2021\/11\/24\/tunisie-renforcement-du-controle-de-la-gestion-des-carrieres-detat-domaniales-par-les-particuliers\/","url":"https:\/\/kapitalis.com\/tunisie\/2021\/11\/24\/tunisie-renforcement-du-controle-de-la-gestion-des-carrieres-detat-domaniales-par-les-particuliers\/","name":"Tunisie : renforcement du contr\u00f4le de la gestion des carri\u00e8res d'Etat domaniales par les particuliers - Kapitalis","isPartOf":{"@id":"https:\/\/kapitalis.com\/tunisie\/#website"},"primaryImageOfPage":{"@id":"https:\/\/kapitalis.com\/tunisie\/2021\/11\/24\/tunisie-renforcement-du-controle-de-la-gestion-des-carrieres-detat-domaniales-par-les-particuliers\/#primaryimage"},"image":{"@id":"https:\/\/kapitalis.com\/tunisie\/2021\/11\/24\/tunisie-renforcement-du-controle-de-la-gestion-des-carrieres-detat-domaniales-par-les-particuliers\/#primaryimage"},"thumbnailUrl":"","datePublished":"2021-11-24T08:56:57+00:00","dateModified":"2021-11-24T08:58:31+00:00","breadcrumb":{"@id":"https:\/\/kapitalis.com\/tunisie\/2021\/11\/24\/tunisie-renforcement-du-controle-de-la-gestion-des-carrieres-detat-domaniales-par-les-particuliers\/#breadcrumb"},"inLanguage":"fr-FR","potentialAction":[{"@type":"ReadAction","target":["https:\/\/kapitalis.com\/tunisie\/2021\/11\/24\/tunisie-renforcement-du-controle-de-la-gestion-des-carrieres-detat-domaniales-par-les-particuliers\/"]}]},{"@type":"ImageObject","inLanguage":"fr-FR","@id":"https:\/\/kapitalis.com\/tunisie\/2021\/11\/24\/tunisie-renforcement-du-controle-de-la-gestion-des-carrieres-detat-domaniales-par-les-particuliers\/#primaryimage","url":"","contentUrl":""},{"@type":"BreadcrumbList","@id":"https:\/\/kapitalis.com\/tunisie\/2021\/11\/24\/tunisie-renforcement-du-controle-de-la-gestion-des-carrieres-detat-domaniales-par-les-particuliers\/#breadcrumb","itemListElement":[{"@type":"ListItem","position":1,"name":"Accueil","item":"https:\/\/kapitalis.com\/tunisie\/"},{"@type":"ListItem","position":2,"name":"Tunisie : renforcement du contr\u00f4le de la gestion des carri\u00e8res d&rsquo;Etat domaniales par les particuliers"}]},{"@type":"WebSite","@id":"https:\/\/kapitalis.com\/tunisie\/#website","url":"https:\/\/kapitalis.com\/tunisie\/","name":"Kapitalis","description":"L&#039;actualit\u00e9 en Tunisie et dans le monde","publisher":{"@id":"https:\/\/kapitalis.com\/tunisie\/#organization"},"potentialAction":[{"@type":"SearchAction","target":{"@type":"EntryPoint","urlTemplate":"https:\/\/kapitalis.com\/tunisie\/?s={search_term_string}"},"query-input":{"@type":"PropertyValueSpecification","valueRequired":true,"valueName":"search_term_string"}}],"inLanguage":"fr-FR"},{"@type":"Organization","@id":"https:\/\/kapitalis.com\/tunisie\/#organization","name":"Kapitalis","url":"https:\/\/kapitalis.com\/tunisie\/","logo":{"@type":"ImageObject","inLanguage":"fr-FR","@id":"https:\/\/kapitalis.com\/tunisie\/#\/schema\/logo\/image\/","url":"https:\/\/kapitalis.com\/tunisie\/wp-content\/uploads\/2022\/05\/Kapitalis-big-size.png","contentUrl":"https:\/\/kapitalis.com\/tunisie\/wp-content\/uploads\/2022\/05\/Kapitalis-big-size.png","width":5000,"height":1500,"caption":"Kapitalis"},"image":{"@id":"https:\/\/kapitalis.com\/tunisie\/#\/schema\/logo\/image\/"},"sameAs":["https:\/\/www.facebook.com\/KapitalisInfo\/","https:\/\/x.com\/KapitalisInfo","https:\/\/www.youtube.com\/channel\/UC-yDYrHyfFBWWZaOw3FPg9Q"]},{"@type":"Person","@id":"https:\/\/kapitalis.com\/tunisie\/#\/schema\/person\/d71f33a9ca44f7bad4698210b480c8e9","name":"webmaster kapitalis","url":"https:\/\/kapitalis.com\/tunisie\/author\/webmaster-kapitalis\/"}]}},"_links":{"self":[{"href":"https:\/\/kapitalis.com\/tunisie\/wp-json\/wp\/v2\/posts\/371047","targetHints":{"allow":["GET"]}}],"collection":[{"href":"https:\/\/kapitalis.com\/tunisie\/wp-json\/wp\/v2\/posts"}],"about":[{"href":"https:\/\/kapitalis.com\/tunisie\/wp-json\/wp\/v2\/types\/post"}],"author":[{"embeddable":true,"href":"https:\/\/kapitalis.com\/tunisie\/wp-json\/wp\/v2\/users\/8"}],"replies":[{"embeddable":true,"href":"https:\/\/kapitalis.com\/tunisie\/wp-json\/wp\/v2\/comments?post=371047"}],"version-history":[{"count":0,"href":"https:\/\/kapitalis.com\/tunisie\/wp-json\/wp\/v2\/posts\/371047\/revisions"}],"wp:featuredmedia":[{"embeddable":true,"href":"https:\/\/kapitalis.com\/tunisie\/wp-json\/wp\/v2\/media\/371048"}],"wp:attachment":[{"href":"https:\/\/kapitalis.com\/tunisie\/wp-json\/wp\/v2\/media?parent=371047"}],"wp:term":[{"taxonomy":"category","embeddable":true,"href":"https:\/\/kapitalis.com\/tunisie\/wp-json\/wp\/v2\/categories?post=371047"},{"taxonomy":"post_tag","embeddable":true,"href":"https:\/\/kapitalis.com\/tunisie\/wp-json\/wp\/v2\/tags?post=371047"}],"curies":[{"name":"wp","href":"https:\/\/api.w.org\/{rel}","templated":true}]}}