{"id":371090,"date":"2021-11-24T16:19:08","date_gmt":"2021-11-24T15:19:08","guid":{"rendered":"http:\/\/kapitalis.com\/tunisie\/?p=371090"},"modified":"2021-11-24T16:21:53","modified_gmt":"2021-11-24T15:21:53","slug":"ministere-de-la-sante-la-distribution-du-vaccin-contre-la-grippe-saisonniere-commencera-le-25-novembre","status":"publish","type":"post","link":"https:\/\/kapitalis.com\/tunisie\/2021\/11\/24\/ministere-de-la-sante-la-distribution-du-vaccin-contre-la-grippe-saisonniere-commencera-le-25-novembre\/","title":{"rendered":"Minist\u00e8re de la Sant\u00e9 : La distribution du vaccin contre la grippe saisonni\u00e8re commencera  le 25 novembre"},"content":{"rendered":"\n<div class=\"wp-block-image\"><figure class=\"aligncenter size-full\"><img decoding=\"async\" src=\"http:\/\/kapitalis.com\/tunisie\/wp-content\/uploads\/2020\/04\/Vaccin.jpg\" alt=\"\" class=\"wp-image-296174\"\/><\/figure><\/div>\n\n\n\n<p><em><strong>Dans un communiqu\u00e9 rendu public, ce mercredi 24 novembre 2021, le minist\u00e8re de la Sant\u00e9 publique a annonc\u00e9 que la distribution du premier lot des doses de vaccin contre la grippe saisonni\u00e8re \u00abVaxigriptetra\u00bb, des entrep\u00f4ts de la Pharmacie centrale vers les officines, commencera demain, jeudi 24 novembre 2021.<\/strong><\/em><\/p>\n\n\n\n<!--more-->\n\n\n\n<p>Le minist\u00e8re a ajout\u00e9 que le deuxi\u00e8me lot sera distribu\u00e9 mercredi prochain, 1er d\u00e9cembre.<\/p>\n\n\n\n<p>Le minist\u00e8re a, par ailleurs, indiqu\u00e9 que le vaccin contre la grippe saisonni\u00e8re peut \u00eatre re\u00e7u conjointement avec le vaccin contre la Covid-19, appelant \u00e0 donner la priorit\u00e9 au vaccin contre la grippe saisonni\u00e8re aux cat\u00e9gories les plus vuln\u00e9rables.<\/p>\n\n\n\n<p>Elle a fait cette recommandation sans prendre la peine d&rsquo;expliquer comment pourrait-on y arriver dans les faits ! Evidemment, cela sera impossible \u00e0 appliquer, parce que le vaccin sera accessible de la m\u00eame mani\u00e8re \u00e0 tous. <\/p>\n\n\n\n<p>En somme, le minist\u00e8re de la Sant\u00e9 refait \u00e0 peu pr\u00e8s la m\u00eame erreur que l&rsquo;ann\u00e9e derni\u00e8re, lorsque les stocks du vaccin se sont \u00e9puis\u00e9s en quelques heures, en comptant cette fois sur le prix d\u00e9courageant (pr\u00e8s de 50 dinars, soit 3 fois plus cher que l&rsquo;ann\u00e9e derni\u00e8re).<\/p>\n\n\n\n<p class=\"has-text-align-right\"><strong>C. B. Y.<\/strong><\/p>\n","protected":false},"excerpt":{"rendered":"<p>Dans un communiqu\u00e9 rendu public, ce mercredi 24 novembre 2021, le minist\u00e8re de la Sant\u00e9 publique a annonc\u00e9 que la distribution du premier lot des doses de vaccin contre la grippe saisonni\u00e8re \u00abVaxigriptetra\u00bb, des entrep\u00f4ts de la Pharmacie centrale vers les officines, commencera demain, jeudi 24 novembre 2021.<\/p>\n","protected":false},"author":24,"featured_media":0,"comment_status":"open","ping_status":"open","sticky":false,"template":"","format":"standard","meta":{"footnotes":""},"categories":[998,2433],"tags":[75915,95196],"class_list":["post-371090","post","type-post","status-publish","format-standard","hentry","category-societe","category-tunisie","tag-grippe-saisonniere","tag-vaxigriptetra"],"yoast_head":"<!-- This site is optimized with the Yoast SEO plugin v26.6 - https:\/\/yoast.com\/wordpress\/plugins\/seo\/ -->\n<title>Minist\u00e8re de la Sant\u00e9 : La distribution du vaccin contre la grippe saisonni\u00e8re commencera le 25 novembre - Kapitalis<\/title>\n<meta name=\"robots\" content=\"index, follow, max-snippet:-1, max-image-preview:large, max-video-preview:-1\" \/>\n<link rel=\"canonical\" href=\"https:\/\/kapitalis.com\/tunisie\/2021\/11\/24\/ministere-de-la-sante-la-distribution-du-vaccin-contre-la-grippe-saisonniere-commencera-le-25-novembre\/\" \/>\n<meta property=\"og:locale\" content=\"fr_FR\" \/>\n<meta property=\"og:type\" content=\"article\" \/>\n<meta property=\"og:title\" content=\"Minist\u00e8re de la Sant\u00e9 : La distribution du vaccin contre la grippe saisonni\u00e8re commencera le 25 novembre - Kapitalis\" \/>\n<meta property=\"og:description\" content=\"Dans un communiqu\u00e9 rendu public, ce mercredi 24 novembre 2021, le minist\u00e8re de la Sant\u00e9 publique a annonc\u00e9 que la distribution du premier lot des doses de vaccin contre la grippe saisonni\u00e8re \u00abVaxigriptetra\u00bb, des entrep\u00f4ts de la Pharmacie centrale vers les officines, commencera demain, jeudi 24 novembre 2021.\" \/>\n<meta property=\"og:url\" content=\"https:\/\/kapitalis.com\/tunisie\/2021\/11\/24\/ministere-de-la-sante-la-distribution-du-vaccin-contre-la-grippe-saisonniere-commencera-le-25-novembre\/\" \/>\n<meta property=\"og:site_name\" content=\"Kapitalis\" \/>\n<meta property=\"article:publisher\" content=\"https:\/\/www.facebook.com\/KapitalisInfo\/\" \/>\n<meta property=\"article:published_time\" content=\"2021-11-24T15:19:08+00:00\" \/>\n<meta property=\"article:modified_time\" content=\"2021-11-24T15:21:53+00:00\" \/>\n<meta property=\"og:image\" content=\"http:\/\/kapitalis.com\/tunisie\/wp-content\/uploads\/2020\/04\/Vaccin.jpg\" \/>\n<meta name=\"author\" content=\"Cherif Benyounes\" \/>\n<meta name=\"twitter:card\" content=\"summary_large_image\" \/>\n<meta name=\"twitter:creator\" content=\"@KapitalisInfo\" \/>\n<meta name=\"twitter:site\" content=\"@KapitalisInfo\" \/>\n<meta name=\"twitter:label1\" content=\"\u00c9crit par\" \/>\n\t<meta name=\"twitter:data1\" content=\"Cherif Benyounes\" \/>\n\t<meta name=\"twitter:label2\" content=\"Dur\u00e9e de lecture estim\u00e9e\" \/>\n\t<meta name=\"twitter:data2\" content=\"1 minute\" \/>\n<script type=\"application\/ld+json\" class=\"yoast-schema-graph\">{\"@context\":\"https:\/\/schema.org\",\"@graph\":[{\"@type\":\"Article\",\"@id\":\"https:\/\/kapitalis.com\/tunisie\/2021\/11\/24\/ministere-de-la-sante-la-distribution-du-vaccin-contre-la-grippe-saisonniere-commencera-le-25-novembre\/#article\",\"isPartOf\":{\"@id\":\"https:\/\/kapitalis.com\/tunisie\/2021\/11\/24\/ministere-de-la-sante-la-distribution-du-vaccin-contre-la-grippe-saisonniere-commencera-le-25-novembre\/\"},\"author\":{\"name\":\"Cherif Benyounes\",\"@id\":\"https:\/\/kapitalis.com\/tunisie\/#\/schema\/person\/b35b8d631961131107263178aeb8019e\"},\"headline\":\"Minist\u00e8re de la Sant\u00e9 : La distribution du vaccin contre la grippe saisonni\u00e8re commencera le 25 novembre\",\"datePublished\":\"2021-11-24T15:19:08+00:00\",\"dateModified\":\"2021-11-24T15:21:53+00:00\",\"mainEntityOfPage\":{\"@id\":\"https:\/\/kapitalis.com\/tunisie\/2021\/11\/24\/ministere-de-la-sante-la-distribution-du-vaccin-contre-la-grippe-saisonniere-commencera-le-25-novembre\/\"},\"wordCount\":218,\"commentCount\":0,\"publisher\":{\"@id\":\"https:\/\/kapitalis.com\/tunisie\/#organization\"},\"image\":{\"@id\":\"https:\/\/kapitalis.com\/tunisie\/2021\/11\/24\/ministere-de-la-sante-la-distribution-du-vaccin-contre-la-grippe-saisonniere-commencera-le-25-novembre\/#primaryimage\"},\"thumbnailUrl\":\"http:\/\/kapitalis.com\/tunisie\/wp-content\/uploads\/2020\/04\/Vaccin.jpg\",\"keywords\":[\"grippe saisonni\u00e8re\",\"Vaxigriptetra\"],\"articleSection\":[\"SOCIETE\",\"Tunisie\"],\"inLanguage\":\"fr-FR\",\"potentialAction\":[{\"@type\":\"CommentAction\",\"name\":\"Comment\",\"target\":[\"https:\/\/kapitalis.com\/tunisie\/2021\/11\/24\/ministere-de-la-sante-la-distribution-du-vaccin-contre-la-grippe-saisonniere-commencera-le-25-novembre\/#respond\"]}]},{\"@type\":\"WebPage\",\"@id\":\"https:\/\/kapitalis.com\/tunisie\/2021\/11\/24\/ministere-de-la-sante-la-distribution-du-vaccin-contre-la-grippe-saisonniere-commencera-le-25-novembre\/\",\"url\":\"https:\/\/kapitalis.com\/tunisie\/2021\/11\/24\/ministere-de-la-sante-la-distribution-du-vaccin-contre-la-grippe-saisonniere-commencera-le-25-novembre\/\",\"name\":\"Minist\u00e8re de la Sant\u00e9 : La distribution du vaccin contre la grippe saisonni\u00e8re commencera le 25 novembre - Kapitalis\",\"isPartOf\":{\"@id\":\"https:\/\/kapitalis.com\/tunisie\/#website\"},\"primaryImageOfPage\":{\"@id\":\"https:\/\/kapitalis.com\/tunisie\/2021\/11\/24\/ministere-de-la-sante-la-distribution-du-vaccin-contre-la-grippe-saisonniere-commencera-le-25-novembre\/#primaryimage\"},\"image\":{\"@id\":\"https:\/\/kapitalis.com\/tunisie\/2021\/11\/24\/ministere-de-la-sante-la-distribution-du-vaccin-contre-la-grippe-saisonniere-commencera-le-25-novembre\/#primaryimage\"},\"thumbnailUrl\":\"http:\/\/kapitalis.com\/tunisie\/wp-content\/uploads\/2020\/04\/Vaccin.jpg\",\"datePublished\":\"2021-11-24T15:19:08+00:00\",\"dateModified\":\"2021-11-24T15:21:53+00:00\",\"breadcrumb\":{\"@id\":\"https:\/\/kapitalis.com\/tunisie\/2021\/11\/24\/ministere-de-la-sante-la-distribution-du-vaccin-contre-la-grippe-saisonniere-commencera-le-25-novembre\/#breadcrumb\"},\"inLanguage\":\"fr-FR\",\"potentialAction\":[{\"@type\":\"ReadAction\",\"target\":[\"https:\/\/kapitalis.com\/tunisie\/2021\/11\/24\/ministere-de-la-sante-la-distribution-du-vaccin-contre-la-grippe-saisonniere-commencera-le-25-novembre\/\"]}]},{\"@type\":\"ImageObject\",\"inLanguage\":\"fr-FR\",\"@id\":\"https:\/\/kapitalis.com\/tunisie\/2021\/11\/24\/ministere-de-la-sante-la-distribution-du-vaccin-contre-la-grippe-saisonniere-commencera-le-25-novembre\/#primaryimage\",\"url\":\"\",\"contentUrl\":\"\"},{\"@type\":\"BreadcrumbList\",\"@id\":\"https:\/\/kapitalis.com\/tunisie\/2021\/11\/24\/ministere-de-la-sante-la-distribution-du-vaccin-contre-la-grippe-saisonniere-commencera-le-25-novembre\/#breadcrumb\",\"itemListElement\":[{\"@type\":\"ListItem\",\"position\":1,\"name\":\"Accueil\",\"item\":\"https:\/\/kapitalis.com\/tunisie\/\"},{\"@type\":\"ListItem\",\"position\":2,\"name\":\"Minist\u00e8re de la Sant\u00e9 : La distribution du vaccin contre la grippe saisonni\u00e8re commencera le 25 novembre\"}]},{\"@type\":\"WebSite\",\"@id\":\"https:\/\/kapitalis.com\/tunisie\/#website\",\"url\":\"https:\/\/kapitalis.com\/tunisie\/\",\"name\":\"Kapitalis\",\"description\":\"L&#039;actualit\u00e9 en Tunisie et dans le monde\",\"publisher\":{\"@id\":\"https:\/\/kapitalis.com\/tunisie\/#organization\"},\"potentialAction\":[{\"@type\":\"SearchAction\",\"target\":{\"@type\":\"EntryPoint\",\"urlTemplate\":\"https:\/\/kapitalis.com\/tunisie\/?s={search_term_string}\"},\"query-input\":{\"@type\":\"PropertyValueSpecification\",\"valueRequired\":true,\"valueName\":\"search_term_string\"}}],\"inLanguage\":\"fr-FR\"},{\"@type\":\"Organization\",\"@id\":\"https:\/\/kapitalis.com\/tunisie\/#organization\",\"name\":\"Kapitalis\",\"url\":\"https:\/\/kapitalis.com\/tunisie\/\",\"logo\":{\"@type\":\"ImageObject\",\"inLanguage\":\"fr-FR\",\"@id\":\"https:\/\/kapitalis.com\/tunisie\/#\/schema\/logo\/image\/\",\"url\":\"https:\/\/kapitalis.com\/tunisie\/wp-content\/uploads\/2022\/05\/Kapitalis-big-size.png\",\"contentUrl\":\"https:\/\/kapitalis.com\/tunisie\/wp-content\/uploads\/2022\/05\/Kapitalis-big-size.png\",\"width\":5000,\"height\":1500,\"caption\":\"Kapitalis\"},\"image\":{\"@id\":\"https:\/\/kapitalis.com\/tunisie\/#\/schema\/logo\/image\/\"},\"sameAs\":[\"https:\/\/www.facebook.com\/KapitalisInfo\/\",\"https:\/\/x.com\/KapitalisInfo\",\"https:\/\/www.youtube.com\/channel\/UC-yDYrHyfFBWWZaOw3FPg9Q\"]},{\"@type\":\"Person\",\"@id\":\"https:\/\/kapitalis.com\/tunisie\/#\/schema\/person\/b35b8d631961131107263178aeb8019e\",\"name\":\"Cherif Benyounes\",\"url\":\"https:\/\/kapitalis.com\/tunisie\/author\/cherif\/\"}]}<\/script>\n<!-- \/ Yoast SEO plugin. -->","yoast_head_json":{"title":"Minist\u00e8re de la Sant\u00e9 : La distribution du vaccin contre la grippe saisonni\u00e8re commencera le 25 novembre - Kapitalis","robots":{"index":"index","follow":"follow","max-snippet":"max-snippet:-1","max-image-preview":"max-image-preview:large","max-video-preview":"max-video-preview:-1"},"canonical":"https:\/\/kapitalis.com\/tunisie\/2021\/11\/24\/ministere-de-la-sante-la-distribution-du-vaccin-contre-la-grippe-saisonniere-commencera-le-25-novembre\/","og_locale":"fr_FR","og_type":"article","og_title":"Minist\u00e8re de la Sant\u00e9 : La distribution du vaccin contre la grippe saisonni\u00e8re commencera le 25 novembre - Kapitalis","og_description":"Dans un communiqu\u00e9 rendu public, ce mercredi 24 novembre 2021, le minist\u00e8re de la Sant\u00e9 publique a annonc\u00e9 que la distribution du premier lot des doses de vaccin contre la grippe saisonni\u00e8re \u00abVaxigriptetra\u00bb, des entrep\u00f4ts de la Pharmacie centrale vers les officines, commencera demain, jeudi 24 novembre 2021.","og_url":"https:\/\/kapitalis.com\/tunisie\/2021\/11\/24\/ministere-de-la-sante-la-distribution-du-vaccin-contre-la-grippe-saisonniere-commencera-le-25-novembre\/","og_site_name":"Kapitalis","article_publisher":"https:\/\/www.facebook.com\/KapitalisInfo\/","article_published_time":"2021-11-24T15:19:08+00:00","article_modified_time":"2021-11-24T15:21:53+00:00","og_image":[{"url":"http:\/\/kapitalis.com\/tunisie\/wp-content\/uploads\/2020\/04\/Vaccin.jpg","type":"","width":"","height":""}],"author":"Cherif Benyounes","twitter_card":"summary_large_image","twitter_creator":"@KapitalisInfo","twitter_site":"@KapitalisInfo","twitter_misc":{"\u00c9crit par":"Cherif Benyounes","Dur\u00e9e de lecture estim\u00e9e":"1 minute"},"schema":{"@context":"https:\/\/schema.org","@graph":[{"@type":"Article","@id":"https:\/\/kapitalis.com\/tunisie\/2021\/11\/24\/ministere-de-la-sante-la-distribution-du-vaccin-contre-la-grippe-saisonniere-commencera-le-25-novembre\/#article","isPartOf":{"@id":"https:\/\/kapitalis.com\/tunisie\/2021\/11\/24\/ministere-de-la-sante-la-distribution-du-vaccin-contre-la-grippe-saisonniere-commencera-le-25-novembre\/"},"author":{"name":"Cherif Benyounes","@id":"https:\/\/kapitalis.com\/tunisie\/#\/schema\/person\/b35b8d631961131107263178aeb8019e"},"headline":"Minist\u00e8re de la Sant\u00e9 : La distribution du vaccin contre la grippe saisonni\u00e8re commencera le 25 novembre","datePublished":"2021-11-24T15:19:08+00:00","dateModified":"2021-11-24T15:21:53+00:00","mainEntityOfPage":{"@id":"https:\/\/kapitalis.com\/tunisie\/2021\/11\/24\/ministere-de-la-sante-la-distribution-du-vaccin-contre-la-grippe-saisonniere-commencera-le-25-novembre\/"},"wordCount":218,"commentCount":0,"publisher":{"@id":"https:\/\/kapitalis.com\/tunisie\/#organization"},"image":{"@id":"https:\/\/kapitalis.com\/tunisie\/2021\/11\/24\/ministere-de-la-sante-la-distribution-du-vaccin-contre-la-grippe-saisonniere-commencera-le-25-novembre\/#primaryimage"},"thumbnailUrl":"http:\/\/kapitalis.com\/tunisie\/wp-content\/uploads\/2020\/04\/Vaccin.jpg","keywords":["grippe saisonni\u00e8re","Vaxigriptetra"],"articleSection":["SOCIETE","Tunisie"],"inLanguage":"fr-FR","potentialAction":[{"@type":"CommentAction","name":"Comment","target":["https:\/\/kapitalis.com\/tunisie\/2021\/11\/24\/ministere-de-la-sante-la-distribution-du-vaccin-contre-la-grippe-saisonniere-commencera-le-25-novembre\/#respond"]}]},{"@type":"WebPage","@id":"https:\/\/kapitalis.com\/tunisie\/2021\/11\/24\/ministere-de-la-sante-la-distribution-du-vaccin-contre-la-grippe-saisonniere-commencera-le-25-novembre\/","url":"https:\/\/kapitalis.com\/tunisie\/2021\/11\/24\/ministere-de-la-sante-la-distribution-du-vaccin-contre-la-grippe-saisonniere-commencera-le-25-novembre\/","name":"Minist\u00e8re de la Sant\u00e9 : La distribution du vaccin contre la grippe saisonni\u00e8re commencera le 25 novembre - Kapitalis","isPartOf":{"@id":"https:\/\/kapitalis.com\/tunisie\/#website"},"primaryImageOfPage":{"@id":"https:\/\/kapitalis.com\/tunisie\/2021\/11\/24\/ministere-de-la-sante-la-distribution-du-vaccin-contre-la-grippe-saisonniere-commencera-le-25-novembre\/#primaryimage"},"image":{"@id":"https:\/\/kapitalis.com\/tunisie\/2021\/11\/24\/ministere-de-la-sante-la-distribution-du-vaccin-contre-la-grippe-saisonniere-commencera-le-25-novembre\/#primaryimage"},"thumbnailUrl":"http:\/\/kapitalis.com\/tunisie\/wp-content\/uploads\/2020\/04\/Vaccin.jpg","datePublished":"2021-11-24T15:19:08+00:00","dateModified":"2021-11-24T15:21:53+00:00","breadcrumb":{"@id":"https:\/\/kapitalis.com\/tunisie\/2021\/11\/24\/ministere-de-la-sante-la-distribution-du-vaccin-contre-la-grippe-saisonniere-commencera-le-25-novembre\/#breadcrumb"},"inLanguage":"fr-FR","potentialAction":[{"@type":"ReadAction","target":["https:\/\/kapitalis.com\/tunisie\/2021\/11\/24\/ministere-de-la-sante-la-distribution-du-vaccin-contre-la-grippe-saisonniere-commencera-le-25-novembre\/"]}]},{"@type":"ImageObject","inLanguage":"fr-FR","@id":"https:\/\/kapitalis.com\/tunisie\/2021\/11\/24\/ministere-de-la-sante-la-distribution-du-vaccin-contre-la-grippe-saisonniere-commencera-le-25-novembre\/#primaryimage","url":"","contentUrl":""},{"@type":"BreadcrumbList","@id":"https:\/\/kapitalis.com\/tunisie\/2021\/11\/24\/ministere-de-la-sante-la-distribution-du-vaccin-contre-la-grippe-saisonniere-commencera-le-25-novembre\/#breadcrumb","itemListElement":[{"@type":"ListItem","position":1,"name":"Accueil","item":"https:\/\/kapitalis.com\/tunisie\/"},{"@type":"ListItem","position":2,"name":"Minist\u00e8re de la Sant\u00e9 : La distribution du vaccin contre la grippe saisonni\u00e8re commencera le 25 novembre"}]},{"@type":"WebSite","@id":"https:\/\/kapitalis.com\/tunisie\/#website","url":"https:\/\/kapitalis.com\/tunisie\/","name":"Kapitalis","description":"L&#039;actualit\u00e9 en Tunisie et dans le monde","publisher":{"@id":"https:\/\/kapitalis.com\/tunisie\/#organization"},"potentialAction":[{"@type":"SearchAction","target":{"@type":"EntryPoint","urlTemplate":"https:\/\/kapitalis.com\/tunisie\/?s={search_term_string}"},"query-input":{"@type":"PropertyValueSpecification","valueRequired":true,"valueName":"search_term_string"}}],"inLanguage":"fr-FR"},{"@type":"Organization","@id":"https:\/\/kapitalis.com\/tunisie\/#organization","name":"Kapitalis","url":"https:\/\/kapitalis.com\/tunisie\/","logo":{"@type":"ImageObject","inLanguage":"fr-FR","@id":"https:\/\/kapitalis.com\/tunisie\/#\/schema\/logo\/image\/","url":"https:\/\/kapitalis.com\/tunisie\/wp-content\/uploads\/2022\/05\/Kapitalis-big-size.png","contentUrl":"https:\/\/kapitalis.com\/tunisie\/wp-content\/uploads\/2022\/05\/Kapitalis-big-size.png","width":5000,"height":1500,"caption":"Kapitalis"},"image":{"@id":"https:\/\/kapitalis.com\/tunisie\/#\/schema\/logo\/image\/"},"sameAs":["https:\/\/www.facebook.com\/KapitalisInfo\/","https:\/\/x.com\/KapitalisInfo","https:\/\/www.youtube.com\/channel\/UC-yDYrHyfFBWWZaOw3FPg9Q"]},{"@type":"Person","@id":"https:\/\/kapitalis.com\/tunisie\/#\/schema\/person\/b35b8d631961131107263178aeb8019e","name":"Cherif Benyounes","url":"https:\/\/kapitalis.com\/tunisie\/author\/cherif\/"}]}},"_links":{"self":[{"href":"https:\/\/kapitalis.com\/tunisie\/wp-json\/wp\/v2\/posts\/371090","targetHints":{"allow":["GET"]}}],"collection":[{"href":"https:\/\/kapitalis.com\/tunisie\/wp-json\/wp\/v2\/posts"}],"about":[{"href":"https:\/\/kapitalis.com\/tunisie\/wp-json\/wp\/v2\/types\/post"}],"author":[{"embeddable":true,"href":"https:\/\/kapitalis.com\/tunisie\/wp-json\/wp\/v2\/users\/24"}],"replies":[{"embeddable":true,"href":"https:\/\/kapitalis.com\/tunisie\/wp-json\/wp\/v2\/comments?post=371090"}],"version-history":[{"count":0,"href":"https:\/\/kapitalis.com\/tunisie\/wp-json\/wp\/v2\/posts\/371090\/revisions"}],"wp:attachment":[{"href":"https:\/\/kapitalis.com\/tunisie\/wp-json\/wp\/v2\/media?parent=371090"}],"wp:term":[{"taxonomy":"category","embeddable":true,"href":"https:\/\/kapitalis.com\/tunisie\/wp-json\/wp\/v2\/categories?post=371090"},{"taxonomy":"post_tag","embeddable":true,"href":"https:\/\/kapitalis.com\/tunisie\/wp-json\/wp\/v2\/tags?post=371090"}],"curies":[{"name":"wp","href":"https:\/\/api.w.org\/{rel}","templated":true}]}}