{"id":371233,"date":"2021-11-25T15:35:12","date_gmt":"2021-11-25T14:35:12","guid":{"rendered":"http:\/\/kapitalis.com\/tunisie\/?p=371233"},"modified":"2021-11-25T17:53:11","modified_gmt":"2021-11-25T16:53:11","slug":"theatre-de-la-liberte-les-jtc-auront-lieu-aussi-dans-les-institutions-penitentiaires","status":"publish","type":"post","link":"https:\/\/kapitalis.com\/tunisie\/2021\/11\/25\/theatre-de-la-liberte-les-jtc-auront-lieu-aussi-dans-les-institutions-penitentiaires\/","title":{"rendered":"Th\u00e9\u00e2tre de la libert\u00e9 : Les JTC auront lieu aussi dans les institutions p\u00e9nitentiaires"},"content":{"rendered":"\n<div class=\"wp-block-image\"><figure class=\"aligncenter size-full\"><img decoding=\"async\" src=\"http:\/\/kapitalis.com\/tunisie\/wp-content\/uploads\/2021\/11\/Untitled-7-3.jpg\" alt=\"\" class=\"wp-image-371241\"\/><\/figure><\/div>\n\n\n\n<p><em><strong>Plusieurs prisons et centres de r\u00e9\u00e9ducation dans diff\u00e9rentes r\u00e9gions du pays prendront part \u00e0 la 22<sup>e<\/sup> \u00e9dition des Journ\u00e9es th\u00e9\u00e2trales de Carthage (JTC 2021) qui se tiendra du 4 au 12 d\u00e9cembre prochain.<\/strong><\/em><\/p>\n\n\n\n<!--more-->\n\n\n\n<p>La com\u00e9dienne et nouvelle directrice des JTC Nissaf Ben Hafsia a fait savoir lors d\u2019une conf\u00e9rence de presse ayant eu lieu ce matin \u00e0 la Cit\u00e9 de la Culture de Tunis, que le festival renouvelle son partenariat avec la Direction g\u00e9n\u00e9rale des prisons et de la r\u00e9\u00e9ducation pour permettre aux d\u00e9tenus de prendre part au programme th\u00e9\u00e2tral.<\/p>\n\n\n\n<p>\u00ab&nbsp;<em>Conscientes du r\u00f4le essentiel qu\u2019apportent les arts et le th\u00e9\u00e2tre par excellence dans la r\u00e9insertion et la r\u00e9habilitation des personnes en condition de d\u00e9tention, les JTC renouvellent leur engagement en int\u00e9grant dans leur programmation une section r\u00e9serv\u00e9e aux productions des clubs de th\u00e9\u00e2tre des institutions p\u00e9nitentiaires dans les salles de spectacle<\/em>&nbsp;\u00bb, indique la direction du festival.<\/p>\n\n\n\n<p>Parmi les productions th\u00e9\u00e2trales r\u00e9alis\u00e9es par les institutions p\u00e9nitentiaires figurent : \u00ab\u00a0<em>Raconte\u00a0<\/em>\u00bb (Prison civile de Borj El Amri), \u00ab\u00a0<em>Illusion\u00a0<\/em>\u00bb (Prison civile de Mornaguia), \u00ab\u00a0<em>Sauv\u00e9e\u00a0<\/em>\u00bb et \u00ab\u00a0<em>La boite \u00e0 histoires<\/em>\u00a0\u00bb (Prison civile des femmes de la Manouba) et \u00ab\u00a0<em>Trois graines<\/em>\u00a0\u00bb (Centre de r\u00e9\u00e9ducation des mineurs d\u00e9linquants de Sidi El Heni) &#8230;<\/p>\n\n\n\n<p>14 pi\u00e8ces de th\u00e9\u00e2tre seront repr\u00e9sent\u00e9es dans plusieurs prisons et centres de r\u00e9\u00e9ducation \u00e0 la Manouba, \u00e0 Bizerte, \u00e0 Mornaguia, \u00e0 Sfax, \u00e0 Sousse, \u00e0 Mehdia, \u00e0 Gafsa, \u00e0 Kairouan et \u00e0 Medenine.<\/p>\n\n\n\n<p class=\"has-text-align-right\"><strong>Fawz Benali<\/strong><\/p>\n","protected":false},"excerpt":{"rendered":"<p>Plusieurs prisons et centres de r\u00e9\u00e9ducation dans diff\u00e9rentes r\u00e9gions du pays prendront part \u00e0 la 22e \u00e9dition des Journ\u00e9es th\u00e9\u00e2trales de Carthage (JTC 2021) qui se tiendra du 4 au 12 d\u00e9cembre prochain.<\/p>\n","protected":false},"author":26,"featured_media":371241,"comment_status":"open","ping_status":"open","sticky":false,"template":"","format":"standard","meta":{"footnotes":""},"categories":[994,2433],"tags":[76983,87957,95241,95242],"class_list":["post-371233","post","type-post","status-publish","format-standard","has-post-thumbnail","hentry","category-culture","category-tunisie","tag-direction-generale-des-prisons-et-de-la-reeducation","tag-jtc-2021","tag-jtc-dans-les-prisons","tag-theatre-de-la-liberte"],"yoast_head":"<!-- This site is optimized with the Yoast SEO plugin v26.6 - https:\/\/yoast.com\/wordpress\/plugins\/seo\/ -->\n<title>Th\u00e9\u00e2tre de la libert\u00e9 : Les JTC auront lieu aussi dans les institutions p\u00e9nitentiaires - Kapitalis<\/title>\n<meta name=\"robots\" content=\"index, follow, max-snippet:-1, max-image-preview:large, max-video-preview:-1\" \/>\n<link rel=\"canonical\" href=\"https:\/\/kapitalis.com\/tunisie\/2021\/11\/25\/theatre-de-la-liberte-les-jtc-auront-lieu-aussi-dans-les-institutions-penitentiaires\/\" \/>\n<meta property=\"og:locale\" content=\"fr_FR\" \/>\n<meta property=\"og:type\" content=\"article\" \/>\n<meta property=\"og:title\" content=\"Th\u00e9\u00e2tre de la libert\u00e9 : Les JTC auront lieu aussi dans les institutions p\u00e9nitentiaires - Kapitalis\" \/>\n<meta property=\"og:description\" content=\"Plusieurs prisons et centres de r\u00e9\u00e9ducation dans diff\u00e9rentes r\u00e9gions du pays prendront part \u00e0 la 22e \u00e9dition des Journ\u00e9es th\u00e9\u00e2trales de Carthage (JTC 2021) qui se tiendra du 4 au 12 d\u00e9cembre prochain.\" \/>\n<meta property=\"og:url\" content=\"https:\/\/kapitalis.com\/tunisie\/2021\/11\/25\/theatre-de-la-liberte-les-jtc-auront-lieu-aussi-dans-les-institutions-penitentiaires\/\" \/>\n<meta property=\"og:site_name\" content=\"Kapitalis\" \/>\n<meta property=\"article:publisher\" content=\"https:\/\/www.facebook.com\/KapitalisInfo\/\" \/>\n<meta property=\"article:published_time\" content=\"2021-11-25T14:35:12+00:00\" \/>\n<meta property=\"article:modified_time\" content=\"2021-11-25T16:53:11+00:00\" \/>\n<meta property=\"og:image\" content=\"https:\/\/kapitalis.com\/tunisie\/wp-content\/uploads\/2022\/05\/kapitalis-logo-fb.png\" \/>\n\t<meta property=\"og:image:width\" content=\"1200\" \/>\n\t<meta property=\"og:image:height\" content=\"630\" \/>\n\t<meta property=\"og:image:type\" content=\"image\/png\" \/>\n<meta name=\"author\" content=\"Fawz BenAli\" \/>\n<meta name=\"twitter:card\" content=\"summary_large_image\" \/>\n<meta name=\"twitter:creator\" content=\"@KapitalisInfo\" \/>\n<meta name=\"twitter:site\" content=\"@KapitalisInfo\" \/>\n<meta name=\"twitter:label1\" content=\"\u00c9crit par\" \/>\n\t<meta name=\"twitter:data1\" content=\"Fawz BenAli\" \/>\n\t<meta name=\"twitter:label2\" content=\"Dur\u00e9e de lecture estim\u00e9e\" \/>\n\t<meta name=\"twitter:data2\" content=\"1 minute\" \/>\n<script type=\"application\/ld+json\" class=\"yoast-schema-graph\">{\"@context\":\"https:\/\/schema.org\",\"@graph\":[{\"@type\":\"Article\",\"@id\":\"https:\/\/kapitalis.com\/tunisie\/2021\/11\/25\/theatre-de-la-liberte-les-jtc-auront-lieu-aussi-dans-les-institutions-penitentiaires\/#article\",\"isPartOf\":{\"@id\":\"https:\/\/kapitalis.com\/tunisie\/2021\/11\/25\/theatre-de-la-liberte-les-jtc-auront-lieu-aussi-dans-les-institutions-penitentiaires\/\"},\"author\":{\"name\":\"Fawz BenAli\",\"@id\":\"https:\/\/kapitalis.com\/tunisie\/#\/schema\/person\/73a5ecc1f6ae540c6ed91342eadca948\"},\"headline\":\"Th\u00e9\u00e2tre de la libert\u00e9 : Les JTC auront lieu aussi dans les institutions p\u00e9nitentiaires\",\"datePublished\":\"2021-11-25T14:35:12+00:00\",\"dateModified\":\"2021-11-25T16:53:11+00:00\",\"mainEntityOfPage\":{\"@id\":\"https:\/\/kapitalis.com\/tunisie\/2021\/11\/25\/theatre-de-la-liberte-les-jtc-auront-lieu-aussi-dans-les-institutions-penitentiaires\/\"},\"wordCount\":267,\"commentCount\":0,\"publisher\":{\"@id\":\"https:\/\/kapitalis.com\/tunisie\/#organization\"},\"image\":{\"@id\":\"https:\/\/kapitalis.com\/tunisie\/2021\/11\/25\/theatre-de-la-liberte-les-jtc-auront-lieu-aussi-dans-les-institutions-penitentiaires\/#primaryimage\"},\"thumbnailUrl\":\"\",\"keywords\":[\"Direction g\u00e9n\u00e9rale des Prisons et de la R\u00e9\u00e9ducation\",\"JTC 2021\",\"JTC dans les prisons\",\"th\u00e9\u00e2tre de la libert\u00e9\"],\"articleSection\":[\"CULTURE\",\"Tunisie\"],\"inLanguage\":\"fr-FR\",\"potentialAction\":[{\"@type\":\"CommentAction\",\"name\":\"Comment\",\"target\":[\"https:\/\/kapitalis.com\/tunisie\/2021\/11\/25\/theatre-de-la-liberte-les-jtc-auront-lieu-aussi-dans-les-institutions-penitentiaires\/#respond\"]}]},{\"@type\":\"WebPage\",\"@id\":\"https:\/\/kapitalis.com\/tunisie\/2021\/11\/25\/theatre-de-la-liberte-les-jtc-auront-lieu-aussi-dans-les-institutions-penitentiaires\/\",\"url\":\"https:\/\/kapitalis.com\/tunisie\/2021\/11\/25\/theatre-de-la-liberte-les-jtc-auront-lieu-aussi-dans-les-institutions-penitentiaires\/\",\"name\":\"Th\u00e9\u00e2tre de la libert\u00e9 : Les JTC auront lieu aussi dans les institutions p\u00e9nitentiaires - Kapitalis\",\"isPartOf\":{\"@id\":\"https:\/\/kapitalis.com\/tunisie\/#website\"},\"primaryImageOfPage\":{\"@id\":\"https:\/\/kapitalis.com\/tunisie\/2021\/11\/25\/theatre-de-la-liberte-les-jtc-auront-lieu-aussi-dans-les-institutions-penitentiaires\/#primaryimage\"},\"image\":{\"@id\":\"https:\/\/kapitalis.com\/tunisie\/2021\/11\/25\/theatre-de-la-liberte-les-jtc-auront-lieu-aussi-dans-les-institutions-penitentiaires\/#primaryimage\"},\"thumbnailUrl\":\"\",\"datePublished\":\"2021-11-25T14:35:12+00:00\",\"dateModified\":\"2021-11-25T16:53:11+00:00\",\"breadcrumb\":{\"@id\":\"https:\/\/kapitalis.com\/tunisie\/2021\/11\/25\/theatre-de-la-liberte-les-jtc-auront-lieu-aussi-dans-les-institutions-penitentiaires\/#breadcrumb\"},\"inLanguage\":\"fr-FR\",\"potentialAction\":[{\"@type\":\"ReadAction\",\"target\":[\"https:\/\/kapitalis.com\/tunisie\/2021\/11\/25\/theatre-de-la-liberte-les-jtc-auront-lieu-aussi-dans-les-institutions-penitentiaires\/\"]}]},{\"@type\":\"ImageObject\",\"inLanguage\":\"fr-FR\",\"@id\":\"https:\/\/kapitalis.com\/tunisie\/2021\/11\/25\/theatre-de-la-liberte-les-jtc-auront-lieu-aussi-dans-les-institutions-penitentiaires\/#primaryimage\",\"url\":\"\",\"contentUrl\":\"\"},{\"@type\":\"BreadcrumbList\",\"@id\":\"https:\/\/kapitalis.com\/tunisie\/2021\/11\/25\/theatre-de-la-liberte-les-jtc-auront-lieu-aussi-dans-les-institutions-penitentiaires\/#breadcrumb\",\"itemListElement\":[{\"@type\":\"ListItem\",\"position\":1,\"name\":\"Accueil\",\"item\":\"https:\/\/kapitalis.com\/tunisie\/\"},{\"@type\":\"ListItem\",\"position\":2,\"name\":\"Th\u00e9\u00e2tre de la libert\u00e9 : Les JTC auront lieu aussi dans les institutions p\u00e9nitentiaires\"}]},{\"@type\":\"WebSite\",\"@id\":\"https:\/\/kapitalis.com\/tunisie\/#website\",\"url\":\"https:\/\/kapitalis.com\/tunisie\/\",\"name\":\"Kapitalis\",\"description\":\"L&#039;actualit\u00e9 en Tunisie et dans le monde\",\"publisher\":{\"@id\":\"https:\/\/kapitalis.com\/tunisie\/#organization\"},\"potentialAction\":[{\"@type\":\"SearchAction\",\"target\":{\"@type\":\"EntryPoint\",\"urlTemplate\":\"https:\/\/kapitalis.com\/tunisie\/?s={search_term_string}\"},\"query-input\":{\"@type\":\"PropertyValueSpecification\",\"valueRequired\":true,\"valueName\":\"search_term_string\"}}],\"inLanguage\":\"fr-FR\"},{\"@type\":\"Organization\",\"@id\":\"https:\/\/kapitalis.com\/tunisie\/#organization\",\"name\":\"Kapitalis\",\"url\":\"https:\/\/kapitalis.com\/tunisie\/\",\"logo\":{\"@type\":\"ImageObject\",\"inLanguage\":\"fr-FR\",\"@id\":\"https:\/\/kapitalis.com\/tunisie\/#\/schema\/logo\/image\/\",\"url\":\"https:\/\/kapitalis.com\/tunisie\/wp-content\/uploads\/2022\/05\/Kapitalis-big-size.png\",\"contentUrl\":\"https:\/\/kapitalis.com\/tunisie\/wp-content\/uploads\/2022\/05\/Kapitalis-big-size.png\",\"width\":5000,\"height\":1500,\"caption\":\"Kapitalis\"},\"image\":{\"@id\":\"https:\/\/kapitalis.com\/tunisie\/#\/schema\/logo\/image\/\"},\"sameAs\":[\"https:\/\/www.facebook.com\/KapitalisInfo\/\",\"https:\/\/x.com\/KapitalisInfo\",\"https:\/\/www.youtube.com\/channel\/UC-yDYrHyfFBWWZaOw3FPg9Q\"]},{\"@type\":\"Person\",\"@id\":\"https:\/\/kapitalis.com\/tunisie\/#\/schema\/person\/73a5ecc1f6ae540c6ed91342eadca948\",\"name\":\"Fawz BenAli\",\"url\":\"https:\/\/kapitalis.com\/tunisie\/author\/fawz\/\"}]}<\/script>\n<!-- \/ Yoast SEO plugin. -->","yoast_head_json":{"title":"Th\u00e9\u00e2tre de la libert\u00e9 : Les JTC auront lieu aussi dans les institutions p\u00e9nitentiaires - Kapitalis","robots":{"index":"index","follow":"follow","max-snippet":"max-snippet:-1","max-image-preview":"max-image-preview:large","max-video-preview":"max-video-preview:-1"},"canonical":"https:\/\/kapitalis.com\/tunisie\/2021\/11\/25\/theatre-de-la-liberte-les-jtc-auront-lieu-aussi-dans-les-institutions-penitentiaires\/","og_locale":"fr_FR","og_type":"article","og_title":"Th\u00e9\u00e2tre de la libert\u00e9 : Les JTC auront lieu aussi dans les institutions p\u00e9nitentiaires - Kapitalis","og_description":"Plusieurs prisons et centres de r\u00e9\u00e9ducation dans diff\u00e9rentes r\u00e9gions du pays prendront part \u00e0 la 22e \u00e9dition des Journ\u00e9es th\u00e9\u00e2trales de Carthage (JTC 2021) qui se tiendra du 4 au 12 d\u00e9cembre prochain.","og_url":"https:\/\/kapitalis.com\/tunisie\/2021\/11\/25\/theatre-de-la-liberte-les-jtc-auront-lieu-aussi-dans-les-institutions-penitentiaires\/","og_site_name":"Kapitalis","article_publisher":"https:\/\/www.facebook.com\/KapitalisInfo\/","article_published_time":"2021-11-25T14:35:12+00:00","article_modified_time":"2021-11-25T16:53:11+00:00","og_image":[{"width":1200,"height":630,"url":"https:\/\/kapitalis.com\/tunisie\/wp-content\/uploads\/2022\/05\/kapitalis-logo-fb.png","type":"image\/png"}],"author":"Fawz BenAli","twitter_card":"summary_large_image","twitter_creator":"@KapitalisInfo","twitter_site":"@KapitalisInfo","twitter_misc":{"\u00c9crit par":"Fawz BenAli","Dur\u00e9e de lecture estim\u00e9e":"1 minute"},"schema":{"@context":"https:\/\/schema.org","@graph":[{"@type":"Article","@id":"https:\/\/kapitalis.com\/tunisie\/2021\/11\/25\/theatre-de-la-liberte-les-jtc-auront-lieu-aussi-dans-les-institutions-penitentiaires\/#article","isPartOf":{"@id":"https:\/\/kapitalis.com\/tunisie\/2021\/11\/25\/theatre-de-la-liberte-les-jtc-auront-lieu-aussi-dans-les-institutions-penitentiaires\/"},"author":{"name":"Fawz BenAli","@id":"https:\/\/kapitalis.com\/tunisie\/#\/schema\/person\/73a5ecc1f6ae540c6ed91342eadca948"},"headline":"Th\u00e9\u00e2tre de la libert\u00e9 : Les JTC auront lieu aussi dans les institutions p\u00e9nitentiaires","datePublished":"2021-11-25T14:35:12+00:00","dateModified":"2021-11-25T16:53:11+00:00","mainEntityOfPage":{"@id":"https:\/\/kapitalis.com\/tunisie\/2021\/11\/25\/theatre-de-la-liberte-les-jtc-auront-lieu-aussi-dans-les-institutions-penitentiaires\/"},"wordCount":267,"commentCount":0,"publisher":{"@id":"https:\/\/kapitalis.com\/tunisie\/#organization"},"image":{"@id":"https:\/\/kapitalis.com\/tunisie\/2021\/11\/25\/theatre-de-la-liberte-les-jtc-auront-lieu-aussi-dans-les-institutions-penitentiaires\/#primaryimage"},"thumbnailUrl":"","keywords":["Direction g\u00e9n\u00e9rale des Prisons et de la R\u00e9\u00e9ducation","JTC 2021","JTC dans les prisons","th\u00e9\u00e2tre de la libert\u00e9"],"articleSection":["CULTURE","Tunisie"],"inLanguage":"fr-FR","potentialAction":[{"@type":"CommentAction","name":"Comment","target":["https:\/\/kapitalis.com\/tunisie\/2021\/11\/25\/theatre-de-la-liberte-les-jtc-auront-lieu-aussi-dans-les-institutions-penitentiaires\/#respond"]}]},{"@type":"WebPage","@id":"https:\/\/kapitalis.com\/tunisie\/2021\/11\/25\/theatre-de-la-liberte-les-jtc-auront-lieu-aussi-dans-les-institutions-penitentiaires\/","url":"https:\/\/kapitalis.com\/tunisie\/2021\/11\/25\/theatre-de-la-liberte-les-jtc-auront-lieu-aussi-dans-les-institutions-penitentiaires\/","name":"Th\u00e9\u00e2tre de la libert\u00e9 : Les JTC auront lieu aussi dans les institutions p\u00e9nitentiaires - Kapitalis","isPartOf":{"@id":"https:\/\/kapitalis.com\/tunisie\/#website"},"primaryImageOfPage":{"@id":"https:\/\/kapitalis.com\/tunisie\/2021\/11\/25\/theatre-de-la-liberte-les-jtc-auront-lieu-aussi-dans-les-institutions-penitentiaires\/#primaryimage"},"image":{"@id":"https:\/\/kapitalis.com\/tunisie\/2021\/11\/25\/theatre-de-la-liberte-les-jtc-auront-lieu-aussi-dans-les-institutions-penitentiaires\/#primaryimage"},"thumbnailUrl":"","datePublished":"2021-11-25T14:35:12+00:00","dateModified":"2021-11-25T16:53:11+00:00","breadcrumb":{"@id":"https:\/\/kapitalis.com\/tunisie\/2021\/11\/25\/theatre-de-la-liberte-les-jtc-auront-lieu-aussi-dans-les-institutions-penitentiaires\/#breadcrumb"},"inLanguage":"fr-FR","potentialAction":[{"@type":"ReadAction","target":["https:\/\/kapitalis.com\/tunisie\/2021\/11\/25\/theatre-de-la-liberte-les-jtc-auront-lieu-aussi-dans-les-institutions-penitentiaires\/"]}]},{"@type":"ImageObject","inLanguage":"fr-FR","@id":"https:\/\/kapitalis.com\/tunisie\/2021\/11\/25\/theatre-de-la-liberte-les-jtc-auront-lieu-aussi-dans-les-institutions-penitentiaires\/#primaryimage","url":"","contentUrl":""},{"@type":"BreadcrumbList","@id":"https:\/\/kapitalis.com\/tunisie\/2021\/11\/25\/theatre-de-la-liberte-les-jtc-auront-lieu-aussi-dans-les-institutions-penitentiaires\/#breadcrumb","itemListElement":[{"@type":"ListItem","position":1,"name":"Accueil","item":"https:\/\/kapitalis.com\/tunisie\/"},{"@type":"ListItem","position":2,"name":"Th\u00e9\u00e2tre de la libert\u00e9 : Les JTC auront lieu aussi dans les institutions p\u00e9nitentiaires"}]},{"@type":"WebSite","@id":"https:\/\/kapitalis.com\/tunisie\/#website","url":"https:\/\/kapitalis.com\/tunisie\/","name":"Kapitalis","description":"L&#039;actualit\u00e9 en Tunisie et dans le monde","publisher":{"@id":"https:\/\/kapitalis.com\/tunisie\/#organization"},"potentialAction":[{"@type":"SearchAction","target":{"@type":"EntryPoint","urlTemplate":"https:\/\/kapitalis.com\/tunisie\/?s={search_term_string}"},"query-input":{"@type":"PropertyValueSpecification","valueRequired":true,"valueName":"search_term_string"}}],"inLanguage":"fr-FR"},{"@type":"Organization","@id":"https:\/\/kapitalis.com\/tunisie\/#organization","name":"Kapitalis","url":"https:\/\/kapitalis.com\/tunisie\/","logo":{"@type":"ImageObject","inLanguage":"fr-FR","@id":"https:\/\/kapitalis.com\/tunisie\/#\/schema\/logo\/image\/","url":"https:\/\/kapitalis.com\/tunisie\/wp-content\/uploads\/2022\/05\/Kapitalis-big-size.png","contentUrl":"https:\/\/kapitalis.com\/tunisie\/wp-content\/uploads\/2022\/05\/Kapitalis-big-size.png","width":5000,"height":1500,"caption":"Kapitalis"},"image":{"@id":"https:\/\/kapitalis.com\/tunisie\/#\/schema\/logo\/image\/"},"sameAs":["https:\/\/www.facebook.com\/KapitalisInfo\/","https:\/\/x.com\/KapitalisInfo","https:\/\/www.youtube.com\/channel\/UC-yDYrHyfFBWWZaOw3FPg9Q"]},{"@type":"Person","@id":"https:\/\/kapitalis.com\/tunisie\/#\/schema\/person\/73a5ecc1f6ae540c6ed91342eadca948","name":"Fawz BenAli","url":"https:\/\/kapitalis.com\/tunisie\/author\/fawz\/"}]}},"_links":{"self":[{"href":"https:\/\/kapitalis.com\/tunisie\/wp-json\/wp\/v2\/posts\/371233","targetHints":{"allow":["GET"]}}],"collection":[{"href":"https:\/\/kapitalis.com\/tunisie\/wp-json\/wp\/v2\/posts"}],"about":[{"href":"https:\/\/kapitalis.com\/tunisie\/wp-json\/wp\/v2\/types\/post"}],"author":[{"embeddable":true,"href":"https:\/\/kapitalis.com\/tunisie\/wp-json\/wp\/v2\/users\/26"}],"replies":[{"embeddable":true,"href":"https:\/\/kapitalis.com\/tunisie\/wp-json\/wp\/v2\/comments?post=371233"}],"version-history":[{"count":0,"href":"https:\/\/kapitalis.com\/tunisie\/wp-json\/wp\/v2\/posts\/371233\/revisions"}],"wp:featuredmedia":[{"embeddable":true,"href":"https:\/\/kapitalis.com\/tunisie\/wp-json\/wp\/v2\/media\/371241"}],"wp:attachment":[{"href":"https:\/\/kapitalis.com\/tunisie\/wp-json\/wp\/v2\/media?parent=371233"}],"wp:term":[{"taxonomy":"category","embeddable":true,"href":"https:\/\/kapitalis.com\/tunisie\/wp-json\/wp\/v2\/categories?post=371233"},{"taxonomy":"post_tag","embeddable":true,"href":"https:\/\/kapitalis.com\/tunisie\/wp-json\/wp\/v2\/tags?post=371233"}],"curies":[{"name":"wp","href":"https:\/\/api.w.org\/{rel}","templated":true}]}}