{"id":371299,"date":"2021-11-25T20:30:44","date_gmt":"2021-11-25T19:30:44","guid":{"rendered":"http:\/\/kapitalis.com\/tunisie\/?p=371299"},"modified":"2021-11-25T20:34:11","modified_gmt":"2021-11-25T19:34:11","slug":"ariana-retrouvee-apres-avoir-fugue-avec-son-petit-ami-majeur-une-adolescente-de-15-ans-accuse-son-pere-dabus-sexuels","status":"publish","type":"post","link":"https:\/\/kapitalis.com\/tunisie\/2021\/11\/25\/ariana-retrouvee-apres-avoir-fugue-avec-son-petit-ami-majeur-une-adolescente-de-15-ans-accuse-son-pere-dabus-sexuels\/","title":{"rendered":"Ariana : Retrouv\u00e9e apr\u00e8s avoir fugu\u00e9 avec son petit ami majeur, une adolescente de 15 ans accuse son p\u00e8re d&rsquo;abus sexuels"},"content":{"rendered":"\n<div class=\"wp-block-image\"><figure class=\"aligncenter size-full\"><img decoding=\"async\" src=\"http:\/\/kapitalis.com\/tunisie\/wp-content\/uploads\/2020\/11\/Viol.jpg\" alt=\"\" class=\"wp-image-325923\"\/><\/figure><\/div>\n\n\n\n<p><strong><em>Le minist\u00e8re public a d\u00e9cid\u00e9 de placer en d\u00e9tention un p\u00e8re de 48 ans, accus\u00e9 d&rsquo;abus sexuels par sa fille de 15 ans. Le petit ami de cette derni\u00e8re, un individu de 21 ans avec qui elle avait r\u00e9cemment fugu\u00e9 avant d&rsquo;\u00eatre retrouv\u00e9e \u00e0 l&rsquo;Ariana, est quant \u00e0 lui, recherch\u00e9 par la police pour d\u00e9tournement de mineure, entre autres d\u00e9lits, annonce ce jeudi 25 novembre 2021, la Direction g\u00e9n\u00e9rale de la s\u00fbret\u00e9 nationale.<\/em><\/strong><\/p>\n\n\n\n<!--more-->\n\n\n\n<p>L&rsquo;adolescente \u00e9tait port\u00e9e disparue depuis jeudi dernier, son p\u00e8re avait men\u00e9 des recherches et a alert\u00e9 la police, tout en demandant de l&rsquo;aide via les r\u00e9seaux sociaux et les <a href=\"http:\/\/kapitalis.com\/tunisie\/2021\/11\/23\/tunisie-eya-la-collegienne-de-14-ans-retrouvee-a-lariana\/\" target=\"_blank\" rel=\"noreferrer noopener\">m\u00e9dias<\/a> et en pr\u00e9cisant qu&rsquo;il soup\u00e7onne une affaire de d\u00e9tournement de mineure&#8230;<\/p>\n\n\n\n<p>Sa fille a finalement \u00e9t\u00e9 retrouv\u00e9e avant-hier \u00e0 Borj Louzir, par les agents du district de l&rsquo;Ariana.  Le jeune de 21 ans,  a quant \u00e0 lui pu fuir, lors de la descente polici\u00e8re et la brigade charg\u00e9e de la lutte contre les violences faites aux femmes a ouvert une enqu\u00eate.<\/p>\n\n\n\n<p>L&rsquo;adolescente a indiqu\u00e9 avoir rencontr\u00e9 cet individu, il y a un mois, via les r\u00e9seaux sociaux, en indiquant avoir d\u00e9j\u00e0 fugu\u00e9 avec lui auparavant. Cette fois-ci, ils ont  fui ensemble et il l&rsquo;a incit\u00e9e \u00e0 consommer de la drogue, a-t-elle dit, en pr\u00e9cisant avoir eu des relations sexuelles avec cet individu de 21 ans, d\u00e9j\u00e0 mari\u00e9,  ill\u00e9galement, avec une autre femme.<\/p>\n\n\n\n<p>Elle affirme d&rsquo;ailleurs que ce dernier a m\u00eame voulu officialiser leur relation et a demand\u00e9 sa main, mais que ses parents ont refus\u00e9, car il est entre autre mari\u00e9 \u00e0 une autre femme, bien que le mariage ne soit pas l\u00e9gal.<\/p>\n\n\n\n<p>Lors de son audition,  la victime a ajout\u00e9 avoir \u00e9t\u00e9 sexuellement abus\u00e9e par son p\u00e8re, en 2018, pr\u00e9cisant aussi avoir alert\u00e9 sa m\u00e8re \u00e0 ce propos&#8230; Or le p\u00e8re a ni\u00e9 les accusations, mais il a \u00e9t\u00e9 plac\u00e9 en d\u00e9tention sur ordre du minist\u00e8re public pour abus sexuels et crime incestueux, ajoute encore la DGSN.<\/p>\n\n\n\n<p class=\"has-text-align-right\"><strong>Y. N.<\/strong><\/p>\n","protected":false},"excerpt":{"rendered":"<p>Le minist\u00e8re public a d\u00e9cid\u00e9 de placer en d\u00e9tention un p\u00e8re de 48 ans, accus\u00e9 d&rsquo;abus sexuels par sa fille de 15 ans. Le petit ami de cette derni\u00e8re, un individu de 21 ans avec qui elle avait r\u00e9cemment fugu\u00e9 avant d&rsquo;\u00eatre retrouv\u00e9e \u00e0 l&rsquo;Ariana, est quant \u00e0 lui, recherch\u00e9 par la police pour d\u00e9tournement&#8230;<\/p>\n","protected":false},"author":6,"featured_media":0,"comment_status":"open","ping_status":"open","sticky":false,"template":"","format":"standard","meta":{"footnotes":""},"categories":[998,2433],"tags":[1419,31,79,11066,292,8387,29435,62643,950],"class_list":["post-371299","post","type-post","status-publish","format-standard","hentry","category-societe","category-tunisie","tag-abus-sexuels","tag-adolescente","tag-ariana","tag-detournement-mineure","tag-drogue","tag-fugue","tag-inceste","tag-tunisie","tag-viol"],"yoast_head":"<!-- This site is optimized with the Yoast SEO plugin v26.6 - https:\/\/yoast.com\/wordpress\/plugins\/seo\/ -->\n<title>Ariana : Retrouv\u00e9e apr\u00e8s avoir fugu\u00e9 avec son petit ami majeur, une adolescente de 15 ans accuse son p\u00e8re d&#039;abus sexuels - Kapitalis<\/title>\n<meta name=\"robots\" content=\"index, follow, max-snippet:-1, max-image-preview:large, max-video-preview:-1\" \/>\n<link rel=\"canonical\" href=\"https:\/\/kapitalis.com\/tunisie\/2021\/11\/25\/ariana-retrouvee-apres-avoir-fugue-avec-son-petit-ami-majeur-une-adolescente-de-15-ans-accuse-son-pere-dabus-sexuels\/\" \/>\n<meta property=\"og:locale\" content=\"fr_FR\" \/>\n<meta property=\"og:type\" content=\"article\" \/>\n<meta property=\"og:title\" content=\"Ariana : Retrouv\u00e9e apr\u00e8s avoir fugu\u00e9 avec son petit ami majeur, une adolescente de 15 ans accuse son p\u00e8re d&#039;abus sexuels - Kapitalis\" \/>\n<meta property=\"og:description\" content=\"Le minist\u00e8re public a d\u00e9cid\u00e9 de placer en d\u00e9tention un p\u00e8re de 48 ans, accus\u00e9 d&rsquo;abus sexuels par sa fille de 15 ans. Le petit ami de cette derni\u00e8re, un individu de 21 ans avec qui elle avait r\u00e9cemment fugu\u00e9 avant d&rsquo;\u00eatre retrouv\u00e9e \u00e0 l&rsquo;Ariana, est quant \u00e0 lui, recherch\u00e9 par la police pour d\u00e9tournement...\" \/>\n<meta property=\"og:url\" content=\"https:\/\/kapitalis.com\/tunisie\/2021\/11\/25\/ariana-retrouvee-apres-avoir-fugue-avec-son-petit-ami-majeur-une-adolescente-de-15-ans-accuse-son-pere-dabus-sexuels\/\" \/>\n<meta property=\"og:site_name\" content=\"Kapitalis\" \/>\n<meta property=\"article:publisher\" content=\"https:\/\/www.facebook.com\/KapitalisInfo\/\" \/>\n<meta property=\"article:published_time\" content=\"2021-11-25T19:30:44+00:00\" \/>\n<meta property=\"article:modified_time\" content=\"2021-11-25T19:34:11+00:00\" \/>\n<meta property=\"og:image\" content=\"http:\/\/kapitalis.com\/tunisie\/wp-content\/uploads\/2020\/11\/Viol.jpg\" \/>\n<meta name=\"author\" content=\"Yusra NY\" \/>\n<meta name=\"twitter:card\" content=\"summary_large_image\" \/>\n<meta name=\"twitter:creator\" content=\"@KapitalisInfo\" \/>\n<meta name=\"twitter:site\" content=\"@KapitalisInfo\" \/>\n<meta name=\"twitter:label1\" content=\"\u00c9crit par\" \/>\n\t<meta name=\"twitter:data1\" content=\"Yusra NY\" \/>\n\t<meta name=\"twitter:label2\" content=\"Dur\u00e9e de lecture estim\u00e9e\" \/>\n\t<meta name=\"twitter:data2\" content=\"2 minutes\" \/>\n<script type=\"application\/ld+json\" class=\"yoast-schema-graph\">{\"@context\":\"https:\/\/schema.org\",\"@graph\":[{\"@type\":\"Article\",\"@id\":\"https:\/\/kapitalis.com\/tunisie\/2021\/11\/25\/ariana-retrouvee-apres-avoir-fugue-avec-son-petit-ami-majeur-une-adolescente-de-15-ans-accuse-son-pere-dabus-sexuels\/#article\",\"isPartOf\":{\"@id\":\"https:\/\/kapitalis.com\/tunisie\/2021\/11\/25\/ariana-retrouvee-apres-avoir-fugue-avec-son-petit-ami-majeur-une-adolescente-de-15-ans-accuse-son-pere-dabus-sexuels\/\"},\"author\":{\"name\":\"Yusra NY\",\"@id\":\"https:\/\/kapitalis.com\/tunisie\/#\/schema\/person\/74bbde0154d49d790a92aaeac5bc01d5\"},\"headline\":\"Ariana : Retrouv\u00e9e apr\u00e8s avoir fugu\u00e9 avec son petit ami majeur, une adolescente de 15 ans accuse son p\u00e8re d&rsquo;abus sexuels\",\"datePublished\":\"2021-11-25T19:30:44+00:00\",\"dateModified\":\"2021-11-25T19:34:11+00:00\",\"mainEntityOfPage\":{\"@id\":\"https:\/\/kapitalis.com\/tunisie\/2021\/11\/25\/ariana-retrouvee-apres-avoir-fugue-avec-son-petit-ami-majeur-une-adolescente-de-15-ans-accuse-son-pere-dabus-sexuels\/\"},\"wordCount\":369,\"commentCount\":0,\"publisher\":{\"@id\":\"https:\/\/kapitalis.com\/tunisie\/#organization\"},\"image\":{\"@id\":\"https:\/\/kapitalis.com\/tunisie\/2021\/11\/25\/ariana-retrouvee-apres-avoir-fugue-avec-son-petit-ami-majeur-une-adolescente-de-15-ans-accuse-son-pere-dabus-sexuels\/#primaryimage\"},\"thumbnailUrl\":\"http:\/\/kapitalis.com\/tunisie\/wp-content\/uploads\/2020\/11\/Viol.jpg\",\"keywords\":[\"abus sexuels\",\"adolescente\",\"Ariana\",\"d\u00e9tournement mineure\",\"drogue\",\"fugue\",\"inceste\",\"Tunisie\",\"viol\"],\"articleSection\":[\"SOCIETE\",\"Tunisie\"],\"inLanguage\":\"fr-FR\",\"potentialAction\":[{\"@type\":\"CommentAction\",\"name\":\"Comment\",\"target\":[\"https:\/\/kapitalis.com\/tunisie\/2021\/11\/25\/ariana-retrouvee-apres-avoir-fugue-avec-son-petit-ami-majeur-une-adolescente-de-15-ans-accuse-son-pere-dabus-sexuels\/#respond\"]}]},{\"@type\":\"WebPage\",\"@id\":\"https:\/\/kapitalis.com\/tunisie\/2021\/11\/25\/ariana-retrouvee-apres-avoir-fugue-avec-son-petit-ami-majeur-une-adolescente-de-15-ans-accuse-son-pere-dabus-sexuels\/\",\"url\":\"https:\/\/kapitalis.com\/tunisie\/2021\/11\/25\/ariana-retrouvee-apres-avoir-fugue-avec-son-petit-ami-majeur-une-adolescente-de-15-ans-accuse-son-pere-dabus-sexuels\/\",\"name\":\"Ariana : Retrouv\u00e9e apr\u00e8s avoir fugu\u00e9 avec son petit ami majeur, une adolescente de 15 ans accuse son p\u00e8re d'abus sexuels - Kapitalis\",\"isPartOf\":{\"@id\":\"https:\/\/kapitalis.com\/tunisie\/#website\"},\"primaryImageOfPage\":{\"@id\":\"https:\/\/kapitalis.com\/tunisie\/2021\/11\/25\/ariana-retrouvee-apres-avoir-fugue-avec-son-petit-ami-majeur-une-adolescente-de-15-ans-accuse-son-pere-dabus-sexuels\/#primaryimage\"},\"image\":{\"@id\":\"https:\/\/kapitalis.com\/tunisie\/2021\/11\/25\/ariana-retrouvee-apres-avoir-fugue-avec-son-petit-ami-majeur-une-adolescente-de-15-ans-accuse-son-pere-dabus-sexuels\/#primaryimage\"},\"thumbnailUrl\":\"http:\/\/kapitalis.com\/tunisie\/wp-content\/uploads\/2020\/11\/Viol.jpg\",\"datePublished\":\"2021-11-25T19:30:44+00:00\",\"dateModified\":\"2021-11-25T19:34:11+00:00\",\"breadcrumb\":{\"@id\":\"https:\/\/kapitalis.com\/tunisie\/2021\/11\/25\/ariana-retrouvee-apres-avoir-fugue-avec-son-petit-ami-majeur-une-adolescente-de-15-ans-accuse-son-pere-dabus-sexuels\/#breadcrumb\"},\"inLanguage\":\"fr-FR\",\"potentialAction\":[{\"@type\":\"ReadAction\",\"target\":[\"https:\/\/kapitalis.com\/tunisie\/2021\/11\/25\/ariana-retrouvee-apres-avoir-fugue-avec-son-petit-ami-majeur-une-adolescente-de-15-ans-accuse-son-pere-dabus-sexuels\/\"]}]},{\"@type\":\"ImageObject\",\"inLanguage\":\"fr-FR\",\"@id\":\"https:\/\/kapitalis.com\/tunisie\/2021\/11\/25\/ariana-retrouvee-apres-avoir-fugue-avec-son-petit-ami-majeur-une-adolescente-de-15-ans-accuse-son-pere-dabus-sexuels\/#primaryimage\",\"url\":\"\",\"contentUrl\":\"\"},{\"@type\":\"BreadcrumbList\",\"@id\":\"https:\/\/kapitalis.com\/tunisie\/2021\/11\/25\/ariana-retrouvee-apres-avoir-fugue-avec-son-petit-ami-majeur-une-adolescente-de-15-ans-accuse-son-pere-dabus-sexuels\/#breadcrumb\",\"itemListElement\":[{\"@type\":\"ListItem\",\"position\":1,\"name\":\"Accueil\",\"item\":\"https:\/\/kapitalis.com\/tunisie\/\"},{\"@type\":\"ListItem\",\"position\":2,\"name\":\"Ariana : Retrouv\u00e9e apr\u00e8s avoir fugu\u00e9 avec son petit ami majeur, une adolescente de 15 ans accuse son p\u00e8re d&rsquo;abus sexuels\"}]},{\"@type\":\"WebSite\",\"@id\":\"https:\/\/kapitalis.com\/tunisie\/#website\",\"url\":\"https:\/\/kapitalis.com\/tunisie\/\",\"name\":\"Kapitalis\",\"description\":\"L&#039;actualit\u00e9 en Tunisie et dans le monde\",\"publisher\":{\"@id\":\"https:\/\/kapitalis.com\/tunisie\/#organization\"},\"potentialAction\":[{\"@type\":\"SearchAction\",\"target\":{\"@type\":\"EntryPoint\",\"urlTemplate\":\"https:\/\/kapitalis.com\/tunisie\/?s={search_term_string}\"},\"query-input\":{\"@type\":\"PropertyValueSpecification\",\"valueRequired\":true,\"valueName\":\"search_term_string\"}}],\"inLanguage\":\"fr-FR\"},{\"@type\":\"Organization\",\"@id\":\"https:\/\/kapitalis.com\/tunisie\/#organization\",\"name\":\"Kapitalis\",\"url\":\"https:\/\/kapitalis.com\/tunisie\/\",\"logo\":{\"@type\":\"ImageObject\",\"inLanguage\":\"fr-FR\",\"@id\":\"https:\/\/kapitalis.com\/tunisie\/#\/schema\/logo\/image\/\",\"url\":\"https:\/\/kapitalis.com\/tunisie\/wp-content\/uploads\/2022\/05\/Kapitalis-big-size.png\",\"contentUrl\":\"https:\/\/kapitalis.com\/tunisie\/wp-content\/uploads\/2022\/05\/Kapitalis-big-size.png\",\"width\":5000,\"height\":1500,\"caption\":\"Kapitalis\"},\"image\":{\"@id\":\"https:\/\/kapitalis.com\/tunisie\/#\/schema\/logo\/image\/\"},\"sameAs\":[\"https:\/\/www.facebook.com\/KapitalisInfo\/\",\"https:\/\/x.com\/KapitalisInfo\",\"https:\/\/www.youtube.com\/channel\/UC-yDYrHyfFBWWZaOw3FPg9Q\"]},{\"@type\":\"Person\",\"@id\":\"https:\/\/kapitalis.com\/tunisie\/#\/schema\/person\/74bbde0154d49d790a92aaeac5bc01d5\",\"name\":\"Yusra NY\",\"url\":\"https:\/\/kapitalis.com\/tunisie\/author\/yuza_adam\/\"}]}<\/script>\n<!-- \/ Yoast SEO plugin. -->","yoast_head_json":{"title":"Ariana : Retrouv\u00e9e apr\u00e8s avoir fugu\u00e9 avec son petit ami majeur, une adolescente de 15 ans accuse son p\u00e8re d'abus sexuels - Kapitalis","robots":{"index":"index","follow":"follow","max-snippet":"max-snippet:-1","max-image-preview":"max-image-preview:large","max-video-preview":"max-video-preview:-1"},"canonical":"https:\/\/kapitalis.com\/tunisie\/2021\/11\/25\/ariana-retrouvee-apres-avoir-fugue-avec-son-petit-ami-majeur-une-adolescente-de-15-ans-accuse-son-pere-dabus-sexuels\/","og_locale":"fr_FR","og_type":"article","og_title":"Ariana : Retrouv\u00e9e apr\u00e8s avoir fugu\u00e9 avec son petit ami majeur, une adolescente de 15 ans accuse son p\u00e8re d'abus sexuels - Kapitalis","og_description":"Le minist\u00e8re public a d\u00e9cid\u00e9 de placer en d\u00e9tention un p\u00e8re de 48 ans, accus\u00e9 d&rsquo;abus sexuels par sa fille de 15 ans. Le petit ami de cette derni\u00e8re, un individu de 21 ans avec qui elle avait r\u00e9cemment fugu\u00e9 avant d&rsquo;\u00eatre retrouv\u00e9e \u00e0 l&rsquo;Ariana, est quant \u00e0 lui, recherch\u00e9 par la police pour d\u00e9tournement...","og_url":"https:\/\/kapitalis.com\/tunisie\/2021\/11\/25\/ariana-retrouvee-apres-avoir-fugue-avec-son-petit-ami-majeur-une-adolescente-de-15-ans-accuse-son-pere-dabus-sexuels\/","og_site_name":"Kapitalis","article_publisher":"https:\/\/www.facebook.com\/KapitalisInfo\/","article_published_time":"2021-11-25T19:30:44+00:00","article_modified_time":"2021-11-25T19:34:11+00:00","og_image":[{"url":"http:\/\/kapitalis.com\/tunisie\/wp-content\/uploads\/2020\/11\/Viol.jpg","type":"","width":"","height":""}],"author":"Yusra NY","twitter_card":"summary_large_image","twitter_creator":"@KapitalisInfo","twitter_site":"@KapitalisInfo","twitter_misc":{"\u00c9crit par":"Yusra NY","Dur\u00e9e de lecture estim\u00e9e":"2 minutes"},"schema":{"@context":"https:\/\/schema.org","@graph":[{"@type":"Article","@id":"https:\/\/kapitalis.com\/tunisie\/2021\/11\/25\/ariana-retrouvee-apres-avoir-fugue-avec-son-petit-ami-majeur-une-adolescente-de-15-ans-accuse-son-pere-dabus-sexuels\/#article","isPartOf":{"@id":"https:\/\/kapitalis.com\/tunisie\/2021\/11\/25\/ariana-retrouvee-apres-avoir-fugue-avec-son-petit-ami-majeur-une-adolescente-de-15-ans-accuse-son-pere-dabus-sexuels\/"},"author":{"name":"Yusra NY","@id":"https:\/\/kapitalis.com\/tunisie\/#\/schema\/person\/74bbde0154d49d790a92aaeac5bc01d5"},"headline":"Ariana : Retrouv\u00e9e apr\u00e8s avoir fugu\u00e9 avec son petit ami majeur, une adolescente de 15 ans accuse son p\u00e8re d&rsquo;abus sexuels","datePublished":"2021-11-25T19:30:44+00:00","dateModified":"2021-11-25T19:34:11+00:00","mainEntityOfPage":{"@id":"https:\/\/kapitalis.com\/tunisie\/2021\/11\/25\/ariana-retrouvee-apres-avoir-fugue-avec-son-petit-ami-majeur-une-adolescente-de-15-ans-accuse-son-pere-dabus-sexuels\/"},"wordCount":369,"commentCount":0,"publisher":{"@id":"https:\/\/kapitalis.com\/tunisie\/#organization"},"image":{"@id":"https:\/\/kapitalis.com\/tunisie\/2021\/11\/25\/ariana-retrouvee-apres-avoir-fugue-avec-son-petit-ami-majeur-une-adolescente-de-15-ans-accuse-son-pere-dabus-sexuels\/#primaryimage"},"thumbnailUrl":"http:\/\/kapitalis.com\/tunisie\/wp-content\/uploads\/2020\/11\/Viol.jpg","keywords":["abus sexuels","adolescente","Ariana","d\u00e9tournement mineure","drogue","fugue","inceste","Tunisie","viol"],"articleSection":["SOCIETE","Tunisie"],"inLanguage":"fr-FR","potentialAction":[{"@type":"CommentAction","name":"Comment","target":["https:\/\/kapitalis.com\/tunisie\/2021\/11\/25\/ariana-retrouvee-apres-avoir-fugue-avec-son-petit-ami-majeur-une-adolescente-de-15-ans-accuse-son-pere-dabus-sexuels\/#respond"]}]},{"@type":"WebPage","@id":"https:\/\/kapitalis.com\/tunisie\/2021\/11\/25\/ariana-retrouvee-apres-avoir-fugue-avec-son-petit-ami-majeur-une-adolescente-de-15-ans-accuse-son-pere-dabus-sexuels\/","url":"https:\/\/kapitalis.com\/tunisie\/2021\/11\/25\/ariana-retrouvee-apres-avoir-fugue-avec-son-petit-ami-majeur-une-adolescente-de-15-ans-accuse-son-pere-dabus-sexuels\/","name":"Ariana : Retrouv\u00e9e apr\u00e8s avoir fugu\u00e9 avec son petit ami majeur, une adolescente de 15 ans accuse son p\u00e8re d'abus sexuels - Kapitalis","isPartOf":{"@id":"https:\/\/kapitalis.com\/tunisie\/#website"},"primaryImageOfPage":{"@id":"https:\/\/kapitalis.com\/tunisie\/2021\/11\/25\/ariana-retrouvee-apres-avoir-fugue-avec-son-petit-ami-majeur-une-adolescente-de-15-ans-accuse-son-pere-dabus-sexuels\/#primaryimage"},"image":{"@id":"https:\/\/kapitalis.com\/tunisie\/2021\/11\/25\/ariana-retrouvee-apres-avoir-fugue-avec-son-petit-ami-majeur-une-adolescente-de-15-ans-accuse-son-pere-dabus-sexuels\/#primaryimage"},"thumbnailUrl":"http:\/\/kapitalis.com\/tunisie\/wp-content\/uploads\/2020\/11\/Viol.jpg","datePublished":"2021-11-25T19:30:44+00:00","dateModified":"2021-11-25T19:34:11+00:00","breadcrumb":{"@id":"https:\/\/kapitalis.com\/tunisie\/2021\/11\/25\/ariana-retrouvee-apres-avoir-fugue-avec-son-petit-ami-majeur-une-adolescente-de-15-ans-accuse-son-pere-dabus-sexuels\/#breadcrumb"},"inLanguage":"fr-FR","potentialAction":[{"@type":"ReadAction","target":["https:\/\/kapitalis.com\/tunisie\/2021\/11\/25\/ariana-retrouvee-apres-avoir-fugue-avec-son-petit-ami-majeur-une-adolescente-de-15-ans-accuse-son-pere-dabus-sexuels\/"]}]},{"@type":"ImageObject","inLanguage":"fr-FR","@id":"https:\/\/kapitalis.com\/tunisie\/2021\/11\/25\/ariana-retrouvee-apres-avoir-fugue-avec-son-petit-ami-majeur-une-adolescente-de-15-ans-accuse-son-pere-dabus-sexuels\/#primaryimage","url":"","contentUrl":""},{"@type":"BreadcrumbList","@id":"https:\/\/kapitalis.com\/tunisie\/2021\/11\/25\/ariana-retrouvee-apres-avoir-fugue-avec-son-petit-ami-majeur-une-adolescente-de-15-ans-accuse-son-pere-dabus-sexuels\/#breadcrumb","itemListElement":[{"@type":"ListItem","position":1,"name":"Accueil","item":"https:\/\/kapitalis.com\/tunisie\/"},{"@type":"ListItem","position":2,"name":"Ariana : Retrouv\u00e9e apr\u00e8s avoir fugu\u00e9 avec son petit ami majeur, une adolescente de 15 ans accuse son p\u00e8re d&rsquo;abus sexuels"}]},{"@type":"WebSite","@id":"https:\/\/kapitalis.com\/tunisie\/#website","url":"https:\/\/kapitalis.com\/tunisie\/","name":"Kapitalis","description":"L&#039;actualit\u00e9 en Tunisie et dans le monde","publisher":{"@id":"https:\/\/kapitalis.com\/tunisie\/#organization"},"potentialAction":[{"@type":"SearchAction","target":{"@type":"EntryPoint","urlTemplate":"https:\/\/kapitalis.com\/tunisie\/?s={search_term_string}"},"query-input":{"@type":"PropertyValueSpecification","valueRequired":true,"valueName":"search_term_string"}}],"inLanguage":"fr-FR"},{"@type":"Organization","@id":"https:\/\/kapitalis.com\/tunisie\/#organization","name":"Kapitalis","url":"https:\/\/kapitalis.com\/tunisie\/","logo":{"@type":"ImageObject","inLanguage":"fr-FR","@id":"https:\/\/kapitalis.com\/tunisie\/#\/schema\/logo\/image\/","url":"https:\/\/kapitalis.com\/tunisie\/wp-content\/uploads\/2022\/05\/Kapitalis-big-size.png","contentUrl":"https:\/\/kapitalis.com\/tunisie\/wp-content\/uploads\/2022\/05\/Kapitalis-big-size.png","width":5000,"height":1500,"caption":"Kapitalis"},"image":{"@id":"https:\/\/kapitalis.com\/tunisie\/#\/schema\/logo\/image\/"},"sameAs":["https:\/\/www.facebook.com\/KapitalisInfo\/","https:\/\/x.com\/KapitalisInfo","https:\/\/www.youtube.com\/channel\/UC-yDYrHyfFBWWZaOw3FPg9Q"]},{"@type":"Person","@id":"https:\/\/kapitalis.com\/tunisie\/#\/schema\/person\/74bbde0154d49d790a92aaeac5bc01d5","name":"Yusra NY","url":"https:\/\/kapitalis.com\/tunisie\/author\/yuza_adam\/"}]}},"_links":{"self":[{"href":"https:\/\/kapitalis.com\/tunisie\/wp-json\/wp\/v2\/posts\/371299","targetHints":{"allow":["GET"]}}],"collection":[{"href":"https:\/\/kapitalis.com\/tunisie\/wp-json\/wp\/v2\/posts"}],"about":[{"href":"https:\/\/kapitalis.com\/tunisie\/wp-json\/wp\/v2\/types\/post"}],"author":[{"embeddable":true,"href":"https:\/\/kapitalis.com\/tunisie\/wp-json\/wp\/v2\/users\/6"}],"replies":[{"embeddable":true,"href":"https:\/\/kapitalis.com\/tunisie\/wp-json\/wp\/v2\/comments?post=371299"}],"version-history":[{"count":0,"href":"https:\/\/kapitalis.com\/tunisie\/wp-json\/wp\/v2\/posts\/371299\/revisions"}],"wp:attachment":[{"href":"https:\/\/kapitalis.com\/tunisie\/wp-json\/wp\/v2\/media?parent=371299"}],"wp:term":[{"taxonomy":"category","embeddable":true,"href":"https:\/\/kapitalis.com\/tunisie\/wp-json\/wp\/v2\/categories?post=371299"},{"taxonomy":"post_tag","embeddable":true,"href":"https:\/\/kapitalis.com\/tunisie\/wp-json\/wp\/v2\/tags?post=371299"}],"curies":[{"name":"wp","href":"https:\/\/api.w.org\/{rel}","templated":true}]}}