{"id":371338,"date":"2021-11-26T09:56:53","date_gmt":"2021-11-26T08:56:53","guid":{"rendered":"http:\/\/kapitalis.com\/tunisie\/?p=371338"},"modified":"2021-11-26T10:36:12","modified_gmt":"2021-11-26T09:36:12","slug":"eaux-non-conventionnelles-et-gestion-proactive-de-la-secheresse-au-maghreb","status":"publish","type":"post","link":"https:\/\/kapitalis.com\/tunisie\/2021\/11\/26\/eaux-non-conventionnelles-et-gestion-proactive-de-la-secheresse-au-maghreb\/","title":{"rendered":"Eaux non-conventionnelles et gestion proactive de la s\u00e9cheresse au Maghreb"},"content":{"rendered":"\n<div class=\"wp-block-image\"><figure class=\"aligncenter size-full\"><img decoding=\"async\" src=\"http:\/\/kapitalis.com\/tunisie\/wp-content\/uploads\/2021\/11\/Eaux-non-conventionnelles.jpg\" alt=\"\" class=\"wp-image-371339\"\/><\/figure><\/div>\n\n\n\n<p><strong><em>C\u2019est en pr\u00e9sence des experts des cinq pays du Maghreb et des hauts responsables de l\u2019Union du Maghreb arabe (UMA) que les travaux d\u2019un atelier, tenu du 23 au 25 novembre 2021 \u00e0 Tozeur, dans le sud-est de la Tunisie, se sont pench\u00e9s sur la r\u00e9silience \u00e0 la s\u00e9cheresse et la r\u00e9utilisation des eaux non-conventionnelles comme alternative \u00e0 la raret\u00e9 de l\u2019eau.<\/em><\/strong><\/p>\n\n\n\n<!--more-->\n\n\n\n<p>Il convient de souligner que le Maghreb arabe poss\u00e8de l\u2019une des plus faibles disponibilit\u00e9s de ressources en eau douce au monde, et que la raret\u00e9 de l&rsquo;eau y est end\u00e9mique. La disponibilit\u00e9 en eau a diminu\u00e9 de deux tiers au cours des 40 derni\u00e8res ann\u00e9es. Cette situation, exacerb\u00e9e par le changement climatique et les besoins de plus en plus importants, contraint les gouvernements \u00e0 chercher des ressources suppl\u00e9mentaires en eaux non-conventionnelles, pour r\u00e9pondre \u00e0 la demande accrue principalement du secteur agricole et en particulier pendant les p\u00e9riodes de s\u00e9cheresse.<\/p>\n\n\n\n<h2 class=\"wp-block-heading\">Pour un d\u00e9veloppement des eaux non-conventionnelles<\/h2>\n\n\n\n<p>Les experts qui ont particip\u00e9 \u00e0 cet atelier \u00e0 Tozeur ont pu prendre connaissance des r\u00e9sultats du Dialogue politique maghr\u00e9bin de haut niveau qui a permis de mettre les assises politiques pour une orientation strat\u00e9gique concert\u00e9e et favorable au d\u00e9veloppement des eaux non-conventionnelles \u00e0 l\u2019\u00e9chelle de la r\u00e9gion du Maghreb arabe. Parmi les r\u00e9sultats de ce Dialogue politique, il est important de mentionner la promulgation d\u2019une d\u00e9claration minist\u00e9rielle de coop\u00e9ration entre les pays maghr\u00e9bins sur la r\u00e9utilisation des eaux non-conventionnelles pour le d\u00e9veloppement durable du secteur agricole.<\/p>\n\n\n\n<p>Au-del\u00e0 de ce niveau strat\u00e9gique, les travaux ont focalis\u00e9 sur la validation des aspects op\u00e9rationnels, en validant les activit\u00e9s et leur adh\u00e9sion aux deux initiatives lanc\u00e9es dans le cadre de la collaboration FAO &#8211; UMA sur les eaux non conventionnelles \u00e0 savoir l\u2019initiative maghr\u00e9bine pour les eaux non-conventionnelle (Imenco) et la vision magr\u00e9bine pour la r\u00e9silience \u00e0 la s\u00e8cheresse. Celles-ci sont consid\u00e9r\u00e9es comme la feuille de route pour une coop\u00e9ration maghr\u00e9bine op\u00e9rationnelle.<\/p>\n\n\n\n<p>L\u2019initiative Imenco sera d\u00e9velopp\u00e9e \u00e0 travers la mise en place d\u2019un comit\u00e9 technique permanent de l\u2019UMA pour les eaux non-conventionnelles; la cr\u00e9ation d\u2019un P\u00f4le d\u2019excellence maghr\u00e9bin pour les eaux non-conventionnelles bas\u00e9 sur le d\u00e9veloppement et l\u2019interconnexion des sites pilotes d\u2019excellence \u00e0 travers la r\u00e9gion de l\u2019UMA; l\u2019\u00e9tablissement d\u2019une Plateforme collaborative maghr\u00e9bine comme m\u00e9canisme du P\u00f4le d\u2019excellence maghr\u00e9bin pour l\u2019\u00e9change de bonnes pratiques et le transfert de connaissances et de r\u00e9sultats de recherche.<\/p>\n\n\n\n<h2 class=\"wp-block-heading\">Pour une r\u00e9flexion sur la r\u00e9utilisation des eaux non-conventionnelles<\/h2>\n\n\n\n<p>Consid\u00e9r\u00e9e comme holistique et innovante, cette approche qui a re\u00e7u une validation unanime des pays repr\u00e9sent\u00e9s a aussi d\u00e9battu des aspects concrets relatif aux mandat et t\u00e2ches du Comit\u00e9 technique permanent d\u00e9di\u00e9e aux eaux non-conventionnelles. En plus de coordonner la mise en \u0153uvre de l\u2019initiative Imenso, de la FAO et de l\u2019UMA, ce comit\u00e9 technique aura \u00e0 sa charge d\u2019\u00e9laborer annuellement une feuille de route pour le renforcement des capacit\u00e9s des parties prenantes du Maghreb. Il aura aussi \u00e0 impulser des r\u00e9flexions pour le d\u00e9blocage de la r\u00e9utilisation des eaux non-conventionnelles pour le d\u00e9veloppement agricole. Enfin, le comit\u00e9 pilotera la collaboration magr\u00e9bine en initiant, d\u00e9veloppant, harmonisant et assurant les suivis en rapport avec les mutations et r\u00e9formes dans les diff\u00e9rents pays.<\/p>\n\n\n\n<p>La vision magr\u00e9bine relative \u00e0 la s\u00e8cheresse vise \u00e0 <em>\u00abpromouvoir des politiques concert\u00e9es pour la protection des populations et des \u00e9cosyst\u00e8mes et le renforcement de leur r\u00e9silience contre des catastrophes naturelles dans la r\u00e9gion du Maghreb, au moyen d\u2019une approche proactive, participative et multisectorielle, combinant l\u2019adaptation aux catastrophes, l\u2019alerte pr\u00e9coce, la pr\u00e9paration, la r\u00e9ponse et l\u2019att\u00e9nuation de leurs effets, et qui int\u00e8gre la gestion de la s\u00e9cheresse aux plans de d\u00e9veloppement nationaux.\u00bb<\/em><\/p>\n\n\n\n<p>Durant l\u2019atelier les deux organes de l\u2019UMA traitant de ces aspects ont adopt\u00e9 cette vision pour en faire un cadre de r\u00e9f\u00e9rence pour les actions \u00e0 venir en mati\u00e8re de r\u00e9silience \u00e0 la s\u00e8cheresse et la lutte contre ses effets. Le groupe de travail a recommand\u00e9 d\u2019\u00eatre \u00e9rig\u00e9 en comit\u00e9 et que ses pr\u00e9rogatives soient \u00e9largies pour inclure l\u2019usage des eaux non conventionnelles.<\/p>\n\n\n\n<p><strong><em>Communiqu\u00e9.<\/em><\/strong><\/p>\n","protected":false},"excerpt":{"rendered":"<p>C\u2019est en pr\u00e9sence des experts des cinq pays du Maghreb et des hauts responsables de l\u2019Union du Maghreb arabe (UMA) que les travaux d\u2019un atelier, tenu du 23 au 25 novembre 2021 \u00e0 Tozeur, dans le sud-est de la Tunisie, se sont pench\u00e9s sur la r\u00e9silience \u00e0 la s\u00e9cheresse et la r\u00e9utilisation des eaux non-conventionnelles&#8230;<\/p>\n","protected":false},"author":8,"featured_media":0,"comment_status":"open","ping_status":"open","sticky":false,"template":"","format":"standard","meta":{"footnotes":""},"categories":[995,2433],"tags":[24073,91467,7310,15272,1208,62643,17802],"class_list":["post-371338","post","type-post","status-publish","format-standard","hentry","category-economie","category-tunisie","tag-changement-climatique","tag-eaux-non-conventionnelles","tag-fao","tag-secheresse","tag-tozeur","tag-tunisie","tag-union-du-maghreb-arabe"],"yoast_head":"<!-- This site is optimized with the Yoast SEO plugin v26.6 - https:\/\/yoast.com\/wordpress\/plugins\/seo\/ -->\n<title>Eaux non-conventionnelles et gestion proactive de la s\u00e9cheresse au Maghreb - Kapitalis<\/title>\n<meta name=\"robots\" content=\"index, follow, max-snippet:-1, max-image-preview:large, max-video-preview:-1\" \/>\n<link rel=\"canonical\" href=\"https:\/\/kapitalis.com\/tunisie\/2021\/11\/26\/eaux-non-conventionnelles-et-gestion-proactive-de-la-secheresse-au-maghreb\/\" \/>\n<meta property=\"og:locale\" content=\"fr_FR\" \/>\n<meta property=\"og:type\" content=\"article\" \/>\n<meta property=\"og:title\" content=\"Eaux non-conventionnelles et gestion proactive de la s\u00e9cheresse au Maghreb - Kapitalis\" \/>\n<meta property=\"og:description\" content=\"C\u2019est en pr\u00e9sence des experts des cinq pays du Maghreb et des hauts responsables de l\u2019Union du Maghreb arabe (UMA) que les travaux d\u2019un atelier, tenu du 23 au 25 novembre 2021 \u00e0 Tozeur, dans le sud-est de la Tunisie, se sont pench\u00e9s sur la r\u00e9silience \u00e0 la s\u00e9cheresse et la r\u00e9utilisation des eaux non-conventionnelles...\" \/>\n<meta property=\"og:url\" content=\"https:\/\/kapitalis.com\/tunisie\/2021\/11\/26\/eaux-non-conventionnelles-et-gestion-proactive-de-la-secheresse-au-maghreb\/\" \/>\n<meta property=\"og:site_name\" content=\"Kapitalis\" \/>\n<meta property=\"article:publisher\" content=\"https:\/\/www.facebook.com\/KapitalisInfo\/\" \/>\n<meta property=\"article:published_time\" content=\"2021-11-26T08:56:53+00:00\" \/>\n<meta property=\"article:modified_time\" content=\"2021-11-26T09:36:12+00:00\" \/>\n<meta property=\"og:image\" content=\"http:\/\/kapitalis.com\/tunisie\/wp-content\/uploads\/2021\/11\/Eaux-non-conventionnelles.jpg\" \/>\n<meta name=\"author\" content=\"webmaster kapitalis\" \/>\n<meta name=\"twitter:card\" content=\"summary_large_image\" \/>\n<meta name=\"twitter:creator\" content=\"@KapitalisInfo\" \/>\n<meta name=\"twitter:site\" content=\"@KapitalisInfo\" \/>\n<meta name=\"twitter:label1\" content=\"\u00c9crit par\" \/>\n\t<meta name=\"twitter:data1\" content=\"webmaster kapitalis\" \/>\n\t<meta name=\"twitter:label2\" content=\"Dur\u00e9e de lecture estim\u00e9e\" \/>\n\t<meta name=\"twitter:data2\" content=\"4 minutes\" \/>\n<script type=\"application\/ld+json\" class=\"yoast-schema-graph\">{\"@context\":\"https:\/\/schema.org\",\"@graph\":[{\"@type\":\"Article\",\"@id\":\"https:\/\/kapitalis.com\/tunisie\/2021\/11\/26\/eaux-non-conventionnelles-et-gestion-proactive-de-la-secheresse-au-maghreb\/#article\",\"isPartOf\":{\"@id\":\"https:\/\/kapitalis.com\/tunisie\/2021\/11\/26\/eaux-non-conventionnelles-et-gestion-proactive-de-la-secheresse-au-maghreb\/\"},\"author\":{\"name\":\"webmaster kapitalis\",\"@id\":\"https:\/\/kapitalis.com\/tunisie\/#\/schema\/person\/d71f33a9ca44f7bad4698210b480c8e9\"},\"headline\":\"Eaux non-conventionnelles et gestion proactive de la s\u00e9cheresse au Maghreb\",\"datePublished\":\"2021-11-26T08:56:53+00:00\",\"dateModified\":\"2021-11-26T09:36:12+00:00\",\"mainEntityOfPage\":{\"@id\":\"https:\/\/kapitalis.com\/tunisie\/2021\/11\/26\/eaux-non-conventionnelles-et-gestion-proactive-de-la-secheresse-au-maghreb\/\"},\"wordCount\":768,\"commentCount\":0,\"publisher\":{\"@id\":\"https:\/\/kapitalis.com\/tunisie\/#organization\"},\"image\":{\"@id\":\"https:\/\/kapitalis.com\/tunisie\/2021\/11\/26\/eaux-non-conventionnelles-et-gestion-proactive-de-la-secheresse-au-maghreb\/#primaryimage\"},\"thumbnailUrl\":\"http:\/\/kapitalis.com\/tunisie\/wp-content\/uploads\/2021\/11\/Eaux-non-conventionnelles.jpg\",\"keywords\":[\"changement climatique\",\"eaux non-conventionnelles\",\"FAO\",\"s\u00e9cheresse\",\"Tozeur\",\"Tunisie\",\"Union du Maghreb arabe\"],\"articleSection\":[\"ECONOMIE\",\"Tunisie\"],\"inLanguage\":\"fr-FR\",\"potentialAction\":[{\"@type\":\"CommentAction\",\"name\":\"Comment\",\"target\":[\"https:\/\/kapitalis.com\/tunisie\/2021\/11\/26\/eaux-non-conventionnelles-et-gestion-proactive-de-la-secheresse-au-maghreb\/#respond\"]}]},{\"@type\":\"WebPage\",\"@id\":\"https:\/\/kapitalis.com\/tunisie\/2021\/11\/26\/eaux-non-conventionnelles-et-gestion-proactive-de-la-secheresse-au-maghreb\/\",\"url\":\"https:\/\/kapitalis.com\/tunisie\/2021\/11\/26\/eaux-non-conventionnelles-et-gestion-proactive-de-la-secheresse-au-maghreb\/\",\"name\":\"Eaux non-conventionnelles et gestion proactive de la s\u00e9cheresse au Maghreb - Kapitalis\",\"isPartOf\":{\"@id\":\"https:\/\/kapitalis.com\/tunisie\/#website\"},\"primaryImageOfPage\":{\"@id\":\"https:\/\/kapitalis.com\/tunisie\/2021\/11\/26\/eaux-non-conventionnelles-et-gestion-proactive-de-la-secheresse-au-maghreb\/#primaryimage\"},\"image\":{\"@id\":\"https:\/\/kapitalis.com\/tunisie\/2021\/11\/26\/eaux-non-conventionnelles-et-gestion-proactive-de-la-secheresse-au-maghreb\/#primaryimage\"},\"thumbnailUrl\":\"http:\/\/kapitalis.com\/tunisie\/wp-content\/uploads\/2021\/11\/Eaux-non-conventionnelles.jpg\",\"datePublished\":\"2021-11-26T08:56:53+00:00\",\"dateModified\":\"2021-11-26T09:36:12+00:00\",\"breadcrumb\":{\"@id\":\"https:\/\/kapitalis.com\/tunisie\/2021\/11\/26\/eaux-non-conventionnelles-et-gestion-proactive-de-la-secheresse-au-maghreb\/#breadcrumb\"},\"inLanguage\":\"fr-FR\",\"potentialAction\":[{\"@type\":\"ReadAction\",\"target\":[\"https:\/\/kapitalis.com\/tunisie\/2021\/11\/26\/eaux-non-conventionnelles-et-gestion-proactive-de-la-secheresse-au-maghreb\/\"]}]},{\"@type\":\"ImageObject\",\"inLanguage\":\"fr-FR\",\"@id\":\"https:\/\/kapitalis.com\/tunisie\/2021\/11\/26\/eaux-non-conventionnelles-et-gestion-proactive-de-la-secheresse-au-maghreb\/#primaryimage\",\"url\":\"\",\"contentUrl\":\"\"},{\"@type\":\"BreadcrumbList\",\"@id\":\"https:\/\/kapitalis.com\/tunisie\/2021\/11\/26\/eaux-non-conventionnelles-et-gestion-proactive-de-la-secheresse-au-maghreb\/#breadcrumb\",\"itemListElement\":[{\"@type\":\"ListItem\",\"position\":1,\"name\":\"Accueil\",\"item\":\"https:\/\/kapitalis.com\/tunisie\/\"},{\"@type\":\"ListItem\",\"position\":2,\"name\":\"Eaux non-conventionnelles et gestion proactive de la s\u00e9cheresse au Maghreb\"}]},{\"@type\":\"WebSite\",\"@id\":\"https:\/\/kapitalis.com\/tunisie\/#website\",\"url\":\"https:\/\/kapitalis.com\/tunisie\/\",\"name\":\"Kapitalis\",\"description\":\"L&#039;actualit\u00e9 en Tunisie et dans le monde\",\"publisher\":{\"@id\":\"https:\/\/kapitalis.com\/tunisie\/#organization\"},\"potentialAction\":[{\"@type\":\"SearchAction\",\"target\":{\"@type\":\"EntryPoint\",\"urlTemplate\":\"https:\/\/kapitalis.com\/tunisie\/?s={search_term_string}\"},\"query-input\":{\"@type\":\"PropertyValueSpecification\",\"valueRequired\":true,\"valueName\":\"search_term_string\"}}],\"inLanguage\":\"fr-FR\"},{\"@type\":\"Organization\",\"@id\":\"https:\/\/kapitalis.com\/tunisie\/#organization\",\"name\":\"Kapitalis\",\"url\":\"https:\/\/kapitalis.com\/tunisie\/\",\"logo\":{\"@type\":\"ImageObject\",\"inLanguage\":\"fr-FR\",\"@id\":\"https:\/\/kapitalis.com\/tunisie\/#\/schema\/logo\/image\/\",\"url\":\"https:\/\/kapitalis.com\/tunisie\/wp-content\/uploads\/2022\/05\/Kapitalis-big-size.png\",\"contentUrl\":\"https:\/\/kapitalis.com\/tunisie\/wp-content\/uploads\/2022\/05\/Kapitalis-big-size.png\",\"width\":5000,\"height\":1500,\"caption\":\"Kapitalis\"},\"image\":{\"@id\":\"https:\/\/kapitalis.com\/tunisie\/#\/schema\/logo\/image\/\"},\"sameAs\":[\"https:\/\/www.facebook.com\/KapitalisInfo\/\",\"https:\/\/x.com\/KapitalisInfo\",\"https:\/\/www.youtube.com\/channel\/UC-yDYrHyfFBWWZaOw3FPg9Q\"]},{\"@type\":\"Person\",\"@id\":\"https:\/\/kapitalis.com\/tunisie\/#\/schema\/person\/d71f33a9ca44f7bad4698210b480c8e9\",\"name\":\"webmaster kapitalis\",\"url\":\"https:\/\/kapitalis.com\/tunisie\/author\/webmaster-kapitalis\/\"}]}<\/script>\n<!-- \/ Yoast SEO plugin. -->","yoast_head_json":{"title":"Eaux non-conventionnelles et gestion proactive de la s\u00e9cheresse au Maghreb - Kapitalis","robots":{"index":"index","follow":"follow","max-snippet":"max-snippet:-1","max-image-preview":"max-image-preview:large","max-video-preview":"max-video-preview:-1"},"canonical":"https:\/\/kapitalis.com\/tunisie\/2021\/11\/26\/eaux-non-conventionnelles-et-gestion-proactive-de-la-secheresse-au-maghreb\/","og_locale":"fr_FR","og_type":"article","og_title":"Eaux non-conventionnelles et gestion proactive de la s\u00e9cheresse au Maghreb - Kapitalis","og_description":"C\u2019est en pr\u00e9sence des experts des cinq pays du Maghreb et des hauts responsables de l\u2019Union du Maghreb arabe (UMA) que les travaux d\u2019un atelier, tenu du 23 au 25 novembre 2021 \u00e0 Tozeur, dans le sud-est de la Tunisie, se sont pench\u00e9s sur la r\u00e9silience \u00e0 la s\u00e9cheresse et la r\u00e9utilisation des eaux non-conventionnelles...","og_url":"https:\/\/kapitalis.com\/tunisie\/2021\/11\/26\/eaux-non-conventionnelles-et-gestion-proactive-de-la-secheresse-au-maghreb\/","og_site_name":"Kapitalis","article_publisher":"https:\/\/www.facebook.com\/KapitalisInfo\/","article_published_time":"2021-11-26T08:56:53+00:00","article_modified_time":"2021-11-26T09:36:12+00:00","og_image":[{"url":"http:\/\/kapitalis.com\/tunisie\/wp-content\/uploads\/2021\/11\/Eaux-non-conventionnelles.jpg","type":"","width":"","height":""}],"author":"webmaster kapitalis","twitter_card":"summary_large_image","twitter_creator":"@KapitalisInfo","twitter_site":"@KapitalisInfo","twitter_misc":{"\u00c9crit par":"webmaster kapitalis","Dur\u00e9e de lecture estim\u00e9e":"4 minutes"},"schema":{"@context":"https:\/\/schema.org","@graph":[{"@type":"Article","@id":"https:\/\/kapitalis.com\/tunisie\/2021\/11\/26\/eaux-non-conventionnelles-et-gestion-proactive-de-la-secheresse-au-maghreb\/#article","isPartOf":{"@id":"https:\/\/kapitalis.com\/tunisie\/2021\/11\/26\/eaux-non-conventionnelles-et-gestion-proactive-de-la-secheresse-au-maghreb\/"},"author":{"name":"webmaster kapitalis","@id":"https:\/\/kapitalis.com\/tunisie\/#\/schema\/person\/d71f33a9ca44f7bad4698210b480c8e9"},"headline":"Eaux non-conventionnelles et gestion proactive de la s\u00e9cheresse au Maghreb","datePublished":"2021-11-26T08:56:53+00:00","dateModified":"2021-11-26T09:36:12+00:00","mainEntityOfPage":{"@id":"https:\/\/kapitalis.com\/tunisie\/2021\/11\/26\/eaux-non-conventionnelles-et-gestion-proactive-de-la-secheresse-au-maghreb\/"},"wordCount":768,"commentCount":0,"publisher":{"@id":"https:\/\/kapitalis.com\/tunisie\/#organization"},"image":{"@id":"https:\/\/kapitalis.com\/tunisie\/2021\/11\/26\/eaux-non-conventionnelles-et-gestion-proactive-de-la-secheresse-au-maghreb\/#primaryimage"},"thumbnailUrl":"http:\/\/kapitalis.com\/tunisie\/wp-content\/uploads\/2021\/11\/Eaux-non-conventionnelles.jpg","keywords":["changement climatique","eaux non-conventionnelles","FAO","s\u00e9cheresse","Tozeur","Tunisie","Union du Maghreb arabe"],"articleSection":["ECONOMIE","Tunisie"],"inLanguage":"fr-FR","potentialAction":[{"@type":"CommentAction","name":"Comment","target":["https:\/\/kapitalis.com\/tunisie\/2021\/11\/26\/eaux-non-conventionnelles-et-gestion-proactive-de-la-secheresse-au-maghreb\/#respond"]}]},{"@type":"WebPage","@id":"https:\/\/kapitalis.com\/tunisie\/2021\/11\/26\/eaux-non-conventionnelles-et-gestion-proactive-de-la-secheresse-au-maghreb\/","url":"https:\/\/kapitalis.com\/tunisie\/2021\/11\/26\/eaux-non-conventionnelles-et-gestion-proactive-de-la-secheresse-au-maghreb\/","name":"Eaux non-conventionnelles et gestion proactive de la s\u00e9cheresse au Maghreb - Kapitalis","isPartOf":{"@id":"https:\/\/kapitalis.com\/tunisie\/#website"},"primaryImageOfPage":{"@id":"https:\/\/kapitalis.com\/tunisie\/2021\/11\/26\/eaux-non-conventionnelles-et-gestion-proactive-de-la-secheresse-au-maghreb\/#primaryimage"},"image":{"@id":"https:\/\/kapitalis.com\/tunisie\/2021\/11\/26\/eaux-non-conventionnelles-et-gestion-proactive-de-la-secheresse-au-maghreb\/#primaryimage"},"thumbnailUrl":"http:\/\/kapitalis.com\/tunisie\/wp-content\/uploads\/2021\/11\/Eaux-non-conventionnelles.jpg","datePublished":"2021-11-26T08:56:53+00:00","dateModified":"2021-11-26T09:36:12+00:00","breadcrumb":{"@id":"https:\/\/kapitalis.com\/tunisie\/2021\/11\/26\/eaux-non-conventionnelles-et-gestion-proactive-de-la-secheresse-au-maghreb\/#breadcrumb"},"inLanguage":"fr-FR","potentialAction":[{"@type":"ReadAction","target":["https:\/\/kapitalis.com\/tunisie\/2021\/11\/26\/eaux-non-conventionnelles-et-gestion-proactive-de-la-secheresse-au-maghreb\/"]}]},{"@type":"ImageObject","inLanguage":"fr-FR","@id":"https:\/\/kapitalis.com\/tunisie\/2021\/11\/26\/eaux-non-conventionnelles-et-gestion-proactive-de-la-secheresse-au-maghreb\/#primaryimage","url":"","contentUrl":""},{"@type":"BreadcrumbList","@id":"https:\/\/kapitalis.com\/tunisie\/2021\/11\/26\/eaux-non-conventionnelles-et-gestion-proactive-de-la-secheresse-au-maghreb\/#breadcrumb","itemListElement":[{"@type":"ListItem","position":1,"name":"Accueil","item":"https:\/\/kapitalis.com\/tunisie\/"},{"@type":"ListItem","position":2,"name":"Eaux non-conventionnelles et gestion proactive de la s\u00e9cheresse au Maghreb"}]},{"@type":"WebSite","@id":"https:\/\/kapitalis.com\/tunisie\/#website","url":"https:\/\/kapitalis.com\/tunisie\/","name":"Kapitalis","description":"L&#039;actualit\u00e9 en Tunisie et dans le monde","publisher":{"@id":"https:\/\/kapitalis.com\/tunisie\/#organization"},"potentialAction":[{"@type":"SearchAction","target":{"@type":"EntryPoint","urlTemplate":"https:\/\/kapitalis.com\/tunisie\/?s={search_term_string}"},"query-input":{"@type":"PropertyValueSpecification","valueRequired":true,"valueName":"search_term_string"}}],"inLanguage":"fr-FR"},{"@type":"Organization","@id":"https:\/\/kapitalis.com\/tunisie\/#organization","name":"Kapitalis","url":"https:\/\/kapitalis.com\/tunisie\/","logo":{"@type":"ImageObject","inLanguage":"fr-FR","@id":"https:\/\/kapitalis.com\/tunisie\/#\/schema\/logo\/image\/","url":"https:\/\/kapitalis.com\/tunisie\/wp-content\/uploads\/2022\/05\/Kapitalis-big-size.png","contentUrl":"https:\/\/kapitalis.com\/tunisie\/wp-content\/uploads\/2022\/05\/Kapitalis-big-size.png","width":5000,"height":1500,"caption":"Kapitalis"},"image":{"@id":"https:\/\/kapitalis.com\/tunisie\/#\/schema\/logo\/image\/"},"sameAs":["https:\/\/www.facebook.com\/KapitalisInfo\/","https:\/\/x.com\/KapitalisInfo","https:\/\/www.youtube.com\/channel\/UC-yDYrHyfFBWWZaOw3FPg9Q"]},{"@type":"Person","@id":"https:\/\/kapitalis.com\/tunisie\/#\/schema\/person\/d71f33a9ca44f7bad4698210b480c8e9","name":"webmaster kapitalis","url":"https:\/\/kapitalis.com\/tunisie\/author\/webmaster-kapitalis\/"}]}},"_links":{"self":[{"href":"https:\/\/kapitalis.com\/tunisie\/wp-json\/wp\/v2\/posts\/371338","targetHints":{"allow":["GET"]}}],"collection":[{"href":"https:\/\/kapitalis.com\/tunisie\/wp-json\/wp\/v2\/posts"}],"about":[{"href":"https:\/\/kapitalis.com\/tunisie\/wp-json\/wp\/v2\/types\/post"}],"author":[{"embeddable":true,"href":"https:\/\/kapitalis.com\/tunisie\/wp-json\/wp\/v2\/users\/8"}],"replies":[{"embeddable":true,"href":"https:\/\/kapitalis.com\/tunisie\/wp-json\/wp\/v2\/comments?post=371338"}],"version-history":[{"count":0,"href":"https:\/\/kapitalis.com\/tunisie\/wp-json\/wp\/v2\/posts\/371338\/revisions"}],"wp:attachment":[{"href":"https:\/\/kapitalis.com\/tunisie\/wp-json\/wp\/v2\/media?parent=371338"}],"wp:term":[{"taxonomy":"category","embeddable":true,"href":"https:\/\/kapitalis.com\/tunisie\/wp-json\/wp\/v2\/categories?post=371338"},{"taxonomy":"post_tag","embeddable":true,"href":"https:\/\/kapitalis.com\/tunisie\/wp-json\/wp\/v2\/tags?post=371338"}],"curies":[{"name":"wp","href":"https:\/\/api.w.org\/{rel}","templated":true}]}}