{"id":371775,"date":"2021-11-30T14:45:07","date_gmt":"2021-11-30T13:45:07","guid":{"rendered":"http:\/\/kapitalis.com\/tunisie\/?p=371775"},"modified":"2021-11-30T14:45:59","modified_gmt":"2021-11-30T13:45:59","slug":"marathon-comar-le-rendez-vous-incontournable-qui-resiste-aux-contraintes-sanitaires","status":"publish","type":"post","link":"https:\/\/kapitalis.com\/tunisie\/2021\/11\/30\/marathon-comar-le-rendez-vous-incontournable-qui-resiste-aux-contraintes-sanitaires\/","title":{"rendered":"Marathon Comar : Le rendez-vous incontournable, qui r\u00e9siste aux contraintes sanitaires"},"content":{"rendered":"\n<div class=\"wp-block-image\"><figure class=\"aligncenter size-full\"><img decoding=\"async\" src=\"http:\/\/kapitalis.com\/tunisie\/wp-content\/uploads\/2021\/11\/marathon-comar-conference.jpg\" alt=\"\" class=\"wp-image-371796\"\/><\/figure><\/div>\n\n\n\n<p><strong><em>Une conf\u00e9rence de presse a eu lieu, ce mardi 30 novembre 2021, \u00e0 l&rsquo;h\u00f4tel M\u00f6venpick, \u00e0 Tunis, pour pr\u00e9senter la nouvelle \u00e9dition du Marathon Comar de Tunis-Carthage, qui aura lieu les 11 et 12 d\u00e9cembre 2021, sous le th\u00e8me : \u00abCourons pour l&rsquo;environnement\u00bb.<\/em><\/strong><\/p>\n\n\n\n<p>Par <strong>Cherif Ben Youn\u00e8s<\/strong><\/p>\n\n\n\n<!--more-->\n\n\n\n<p>La conf\u00e9rence a notamment connu la participation de repr\u00e9sentants des minist\u00e8res de l&rsquo;Agriculture, de l&rsquo;Environnement et du Tourisme. <\/p>\n\n\n\n<p>Lors de son allocution, Lotfi Ben Haj Kacem, directeur g\u00e9n\u00e9ral adjoint de Comar Assurances, a d&rsquo;abord pr\u00e9sent\u00e9 l&rsquo;\u00e9v\u00e9nement sportif en question, rappelant qu&rsquo;il s&rsquo;agit d&rsquo;un rendez-vous sportif annuel qui a beaucoup \u00e9volu\u00e9, d&rsquo;une \u00e9dition \u00e0 l&rsquo;autre, depuis sa cr\u00e9ation en 1986.<\/p>\n\n\n\n<h3 class=\"wp-block-heading\">Un village marathon qui pr\u00e9c\u00e8de l&rsquo;\u00e9v\u00e9nement de quelques jours<\/h3>\n\n\n\n<p>\u00ab<em>Comar a r\u00e9ussi \u00e0 faire \u00e9voluer cette discipline,<\/em> [&#8230;]<em> et en 2019, un grand \u00e9v\u00e9nement s&rsquo;est produit, \u00e0 savoir l&rsquo;enregistrement du Marathon Comar dans le calendrier international d&rsquo;athl\u00e9tisme par la F\u00e9d\u00e9ration internationale d&rsquo;athl\u00e9tisme, ce qui veut dire que ce marathon r\u00e9pond d\u00e9sormais \u00e0 toutes les normes d&rsquo;un marathon international<\/em> <em>de ville\u00bb, s&rsquo;est-il r\u00e9joui.<\/em><\/p>\n\n\n\n<div class=\"wp-block-image\"><figure class=\"aligncenter size-full is-resized\"><img decoding=\"async\" src=\"http:\/\/kapitalis.com\/tunisie\/wp-content\/uploads\/2021\/11\/ben-haj-kacem.jpg\" alt=\"\" class=\"wp-image-371797\" width=\"500\"\/><figcaption><em> Lotfi Ben Haj Kacem <\/em><\/figcaption><\/figure><\/div>\n\n\n\n<p>Le marathon de cette \u00e9dition 2021 sera, comme l&rsquo;ann\u00e9e derni\u00e8re, virtuel, et ce, pour des raisons sanitaires. En effet, en raison de la pand\u00e9mie de la Covid-19, les rassemblements \u00e0 grande \u00e9chelle ont \u00e9t\u00e9 suspendus et le monde de l\u2019athl\u00e9tisme s&rsquo;est dirig\u00e9 vers la technologie et le virtuel pour s\u2019entrainer, garder le contact avec leurs co\u00e9quipiers et surtout pour participer aux diff\u00e9rentes comp\u00e9titions.<\/p>\n\n\n\n<p>N\u00e9anmoins, la nouveaut\u00e9, cette ann\u00e9e, est \u00ab<em>l&rsquo;organisation d&rsquo;\u00e9v\u00e9nements autour de l&rsquo;\u00e9v\u00e9nement principal de fa\u00e7on \u00e0 garder le contact avec tout l&rsquo;environnement du marathon, qui englobe les partenaires, les coureurs, les m\u00e9dias, etc. L&rsquo;objectif \u00e9tant de pr\u00e9server ce r\u00e9seau de relations autour s&rsquo;organise le marathon<\/em>\u00bb, pr\u00e9cise M. Ben Haj Kacem.<\/p>\n\n\n\n<p>parmi ces sous-\u00e9v\u00e9nements, il y a la conf\u00e9rence de presse en question, mais aussi, jeudi et vendredi prochains, la tenue d&rsquo;un village marathon \u00e0 l&rsquo;avenue Habib-Bourguiba \u00e0 Tunis, en pr\u00e9sence des diff\u00e9rents partenaires.<\/p>\n\n\n\n<p>L&rsquo;enregistrement au marathon peut se faire via <strong><a href=\"https:\/\/marathon.comar.tn\/Fra\/accueil_3_index\">le site<\/a><\/strong> de l&rsquo;\u00e9v\u00e9nement, suite \u00e0 quoi un e-mail sera re\u00e7u permettant de t\u00e9l\u00e9charger l&rsquo;application \u00ab\u00a0<em>Justmove<\/em>\u00a0\u00bb sur un t\u00e9l\u00e9phone intelligent, pour compl\u00e9ter l&rsquo;inscription et recevoir le num\u00e9ro de dossard \u00e0 la course.<\/p>\n\n\n\n<p>Pr\u00e9sente \u00e0 la conf\u00e9rence, Kaouther Ridane, responsable marketing chez Comar, a pr\u00e9sent\u00e9 l&rsquo;application \u00ab\u00a0<em>Justmove<\/em>\u00a0\u00bb : \u00ab<em>Il s&rsquo;agit d&rsquo;une application canadienne performante, qui h\u00e9berge un grand nombre de courses et de marathons du monde entier<\/em>\u00bb   <\/p>\n\n\n\n<p>et d&rsquo;ajouter que le comit\u00e9 d&rsquo;organisation du Marathon Comar a, entre autres, opt\u00e9 pour cette application pour son mode hors ligne, qui permet de courir sans connexion internet, ce qui est tr\u00e8s pratique.<\/p>\n\n\n\n<div class=\"wp-block-image\"><figure class=\"aligncenter size-full is-resized\"><img decoding=\"async\" src=\"http:\/\/kapitalis.com\/tunisie\/wp-content\/uploads\/2021\/11\/kaouther-ridane.jpg\" alt=\"\" class=\"wp-image-371798\" width=\"500\"\/><figcaption><em>Kaouther Ridane<\/em><\/figcaption><\/figure><\/div>\n\n\n\n<h3 class=\"wp-block-heading\">Les causes touristique, culturelle et environnementale pr\u00e9sentes<\/h3>\n\n\n\n<p>Outre l&rsquo;aspect sportif de ce marathon, qui rassemble des amateurs de la discipline et des professionnels, le Marathon Comar met en valeur trois dimensions :<br>&#8211; <strong>La dimension touristique<\/strong>, car un nombre important de touristes sportifs viennent chaque ann\u00e9e, gr\u00e2ce \u00e0 cet \u00e9v\u00e9nement, pour participer \u00e0 la course et admirer les richesses du paysage naturel et architectural de la Tunisie;<br>&#8211; <strong>La dimension culturelle<\/strong>. En effet, des d\u00e9jeuners de presse sont organis\u00e9s en marge du marathon, autour de th\u00e8mes en relation avec la pratique du sport auxquels sont convi\u00e9s des sp\u00e9cialistes sportifs et d\u2019autres intervenants en relation avec le th\u00e8me choisi;<br>&#8211; <strong>La dimension environnementale<\/strong>, comme en t\u00e9moigne le slogan de cette \u00e9dition (\u00ab<em>Courons pour l&rsquo;environnement<\/em>\u00bb). Concr\u00e8tement, les fonds collect\u00e9s par la vente de dossards dans le cadre du Virtual Run Marathon Comar 2021 seront investis dans le reboisement de for\u00eats touch\u00e9es par les derniers incendies, en partenariat avec l\u2019association Tounes Clean Up, sous le slogan mobilisateur \u00ab1 Dinar collect\u00e9 = 1 arbre plant\u00e9\u00bb. <\/p>\n\n\n\n<p><blockquote class=\"wp-embedded-content\" data-secret=\"6VDZxlCDQg\"><a href=\"https:\/\/kapitalis.com\/tunisie\/2021\/11\/27\/marathon-comar-de-tunis-carthage-courons-pour-lenvironnement\/\">Marathon Comar de Tunis-Carthage : \u00abCourons pour l\u2019environnement!\u00bb<\/a><\/blockquote><iframe loading=\"lazy\" class=\"wp-embedded-content\" sandbox=\"allow-scripts\" security=\"restricted\" style=\"position: absolute; clip: rect(1px, 1px, 1px, 1px);\" title=\"\u00ab\u00a0Marathon Comar de Tunis-Carthage : \u00abCourons pour l\u2019environnement!\u00bb\u00a0\u00bb &#8212; Kapitalis\" src=\"https:\/\/kapitalis.com\/tunisie\/2021\/11\/27\/marathon-comar-de-tunis-carthage-courons-pour-lenvironnement\/embed\/#?secret=6ignz8u6ci#?secret=6VDZxlCDQg\" data-secret=\"6VDZxlCDQg\" width=\"600\" height=\"338\" frameborder=\"0\" marginwidth=\"0\" marginheight=\"0\" scrolling=\"no\"><\/iframe><\/p>\n","protected":false},"excerpt":{"rendered":"<p>Une conf\u00e9rence de presse a eu lieu, ce mardi 30 novembre 2021, \u00e0 l&rsquo;h\u00f4tel M\u00f6venpick, \u00e0 Tunis, pour pr\u00e9senter la nouvelle \u00e9dition du Marathon Comar de Tunis-Carthage, qui aura lieu les 11 et 12 d\u00e9cembre 2021, sous le th\u00e8me : \u00abCourons pour l&rsquo;environnement\u00bb. Par Cherif Ben Youn\u00e8s<\/p>\n","protected":false},"author":24,"featured_media":371796,"comment_status":"open","ping_status":"open","sticky":false,"template":"","format":"standard","meta":{"footnotes":""},"categories":[992,999,2433],"tags":[95360,93119,7573],"class_list":["post-371775","post","type-post","status-publish","format-standard","has-post-thumbnail","hentry","category-a-la-une","category-sport","category-tunisie","tag-kaouther-ridane","tag-lotfi-ben-haj-kacem","tag-marathon-comar"],"yoast_head":"<!-- This site is optimized with the Yoast SEO plugin v26.6 - https:\/\/yoast.com\/wordpress\/plugins\/seo\/ -->\n<title>Marathon Comar : Le rendez-vous incontournable, qui r\u00e9siste aux contraintes sanitaires - Kapitalis<\/title>\n<meta name=\"robots\" content=\"index, follow, max-snippet:-1, max-image-preview:large, max-video-preview:-1\" \/>\n<link rel=\"canonical\" href=\"https:\/\/kapitalis.com\/tunisie\/2021\/11\/30\/marathon-comar-le-rendez-vous-incontournable-qui-resiste-aux-contraintes-sanitaires\/\" \/>\n<meta property=\"og:locale\" content=\"fr_FR\" \/>\n<meta property=\"og:type\" content=\"article\" \/>\n<meta property=\"og:title\" content=\"Marathon Comar : Le rendez-vous incontournable, qui r\u00e9siste aux contraintes sanitaires - Kapitalis\" \/>\n<meta property=\"og:description\" content=\"Une conf\u00e9rence de presse a eu lieu, ce mardi 30 novembre 2021, \u00e0 l&rsquo;h\u00f4tel M\u00f6venpick, \u00e0 Tunis, pour pr\u00e9senter la nouvelle \u00e9dition du Marathon Comar de Tunis-Carthage, qui aura lieu les 11 et 12 d\u00e9cembre 2021, sous le th\u00e8me : \u00abCourons pour l&rsquo;environnement\u00bb. Par Cherif Ben Youn\u00e8s\" \/>\n<meta property=\"og:url\" content=\"https:\/\/kapitalis.com\/tunisie\/2021\/11\/30\/marathon-comar-le-rendez-vous-incontournable-qui-resiste-aux-contraintes-sanitaires\/\" \/>\n<meta property=\"og:site_name\" content=\"Kapitalis\" \/>\n<meta property=\"article:publisher\" content=\"https:\/\/www.facebook.com\/KapitalisInfo\/\" \/>\n<meta property=\"article:published_time\" content=\"2021-11-30T13:45:07+00:00\" \/>\n<meta property=\"article:modified_time\" content=\"2021-11-30T13:45:59+00:00\" \/>\n<meta property=\"og:image\" content=\"https:\/\/kapitalis.com\/tunisie\/wp-content\/uploads\/2022\/05\/kapitalis-logo-fb.png\" \/>\n\t<meta property=\"og:image:width\" content=\"1200\" \/>\n\t<meta property=\"og:image:height\" content=\"630\" \/>\n\t<meta property=\"og:image:type\" content=\"image\/png\" \/>\n<meta name=\"author\" content=\"Cherif Benyounes\" \/>\n<meta name=\"twitter:card\" content=\"summary_large_image\" \/>\n<meta name=\"twitter:creator\" content=\"@KapitalisInfo\" \/>\n<meta name=\"twitter:site\" content=\"@KapitalisInfo\" \/>\n<meta name=\"twitter:label1\" content=\"\u00c9crit par\" \/>\n\t<meta name=\"twitter:data1\" content=\"Cherif Benyounes\" \/>\n\t<meta name=\"twitter:label2\" content=\"Dur\u00e9e de lecture estim\u00e9e\" \/>\n\t<meta name=\"twitter:data2\" content=\"3 minutes\" \/>\n<script type=\"application\/ld+json\" class=\"yoast-schema-graph\">{\"@context\":\"https:\/\/schema.org\",\"@graph\":[{\"@type\":\"Article\",\"@id\":\"https:\/\/kapitalis.com\/tunisie\/2021\/11\/30\/marathon-comar-le-rendez-vous-incontournable-qui-resiste-aux-contraintes-sanitaires\/#article\",\"isPartOf\":{\"@id\":\"https:\/\/kapitalis.com\/tunisie\/2021\/11\/30\/marathon-comar-le-rendez-vous-incontournable-qui-resiste-aux-contraintes-sanitaires\/\"},\"author\":{\"name\":\"Cherif Benyounes\",\"@id\":\"https:\/\/kapitalis.com\/tunisie\/#\/schema\/person\/b35b8d631961131107263178aeb8019e\"},\"headline\":\"Marathon Comar : Le rendez-vous incontournable, qui r\u00e9siste aux contraintes sanitaires\",\"datePublished\":\"2021-11-30T13:45:07+00:00\",\"dateModified\":\"2021-11-30T13:45:59+00:00\",\"mainEntityOfPage\":{\"@id\":\"https:\/\/kapitalis.com\/tunisie\/2021\/11\/30\/marathon-comar-le-rendez-vous-incontournable-qui-resiste-aux-contraintes-sanitaires\/\"},\"wordCount\":666,\"commentCount\":0,\"publisher\":{\"@id\":\"https:\/\/kapitalis.com\/tunisie\/#organization\"},\"image\":{\"@id\":\"https:\/\/kapitalis.com\/tunisie\/2021\/11\/30\/marathon-comar-le-rendez-vous-incontournable-qui-resiste-aux-contraintes-sanitaires\/#primaryimage\"},\"thumbnailUrl\":\"\",\"keywords\":[\"Kaouther Ridane\",\"Lotfi Ben Haj Kacem\",\"Marathon Comar\"],\"articleSection\":[\"A LA UNE\",\"SPORT\",\"Tunisie\"],\"inLanguage\":\"fr-FR\",\"potentialAction\":[{\"@type\":\"CommentAction\",\"name\":\"Comment\",\"target\":[\"https:\/\/kapitalis.com\/tunisie\/2021\/11\/30\/marathon-comar-le-rendez-vous-incontournable-qui-resiste-aux-contraintes-sanitaires\/#respond\"]}]},{\"@type\":\"WebPage\",\"@id\":\"https:\/\/kapitalis.com\/tunisie\/2021\/11\/30\/marathon-comar-le-rendez-vous-incontournable-qui-resiste-aux-contraintes-sanitaires\/\",\"url\":\"https:\/\/kapitalis.com\/tunisie\/2021\/11\/30\/marathon-comar-le-rendez-vous-incontournable-qui-resiste-aux-contraintes-sanitaires\/\",\"name\":\"Marathon Comar : Le rendez-vous incontournable, qui r\u00e9siste aux contraintes sanitaires - Kapitalis\",\"isPartOf\":{\"@id\":\"https:\/\/kapitalis.com\/tunisie\/#website\"},\"primaryImageOfPage\":{\"@id\":\"https:\/\/kapitalis.com\/tunisie\/2021\/11\/30\/marathon-comar-le-rendez-vous-incontournable-qui-resiste-aux-contraintes-sanitaires\/#primaryimage\"},\"image\":{\"@id\":\"https:\/\/kapitalis.com\/tunisie\/2021\/11\/30\/marathon-comar-le-rendez-vous-incontournable-qui-resiste-aux-contraintes-sanitaires\/#primaryimage\"},\"thumbnailUrl\":\"\",\"datePublished\":\"2021-11-30T13:45:07+00:00\",\"dateModified\":\"2021-11-30T13:45:59+00:00\",\"breadcrumb\":{\"@id\":\"https:\/\/kapitalis.com\/tunisie\/2021\/11\/30\/marathon-comar-le-rendez-vous-incontournable-qui-resiste-aux-contraintes-sanitaires\/#breadcrumb\"},\"inLanguage\":\"fr-FR\",\"potentialAction\":[{\"@type\":\"ReadAction\",\"target\":[\"https:\/\/kapitalis.com\/tunisie\/2021\/11\/30\/marathon-comar-le-rendez-vous-incontournable-qui-resiste-aux-contraintes-sanitaires\/\"]}]},{\"@type\":\"ImageObject\",\"inLanguage\":\"fr-FR\",\"@id\":\"https:\/\/kapitalis.com\/tunisie\/2021\/11\/30\/marathon-comar-le-rendez-vous-incontournable-qui-resiste-aux-contraintes-sanitaires\/#primaryimage\",\"url\":\"\",\"contentUrl\":\"\"},{\"@type\":\"BreadcrumbList\",\"@id\":\"https:\/\/kapitalis.com\/tunisie\/2021\/11\/30\/marathon-comar-le-rendez-vous-incontournable-qui-resiste-aux-contraintes-sanitaires\/#breadcrumb\",\"itemListElement\":[{\"@type\":\"ListItem\",\"position\":1,\"name\":\"Accueil\",\"item\":\"https:\/\/kapitalis.com\/tunisie\/\"},{\"@type\":\"ListItem\",\"position\":2,\"name\":\"Marathon Comar : Le rendez-vous incontournable, qui r\u00e9siste aux contraintes sanitaires\"}]},{\"@type\":\"WebSite\",\"@id\":\"https:\/\/kapitalis.com\/tunisie\/#website\",\"url\":\"https:\/\/kapitalis.com\/tunisie\/\",\"name\":\"Kapitalis\",\"description\":\"L&#039;actualit\u00e9 en Tunisie et dans le monde\",\"publisher\":{\"@id\":\"https:\/\/kapitalis.com\/tunisie\/#organization\"},\"potentialAction\":[{\"@type\":\"SearchAction\",\"target\":{\"@type\":\"EntryPoint\",\"urlTemplate\":\"https:\/\/kapitalis.com\/tunisie\/?s={search_term_string}\"},\"query-input\":{\"@type\":\"PropertyValueSpecification\",\"valueRequired\":true,\"valueName\":\"search_term_string\"}}],\"inLanguage\":\"fr-FR\"},{\"@type\":\"Organization\",\"@id\":\"https:\/\/kapitalis.com\/tunisie\/#organization\",\"name\":\"Kapitalis\",\"url\":\"https:\/\/kapitalis.com\/tunisie\/\",\"logo\":{\"@type\":\"ImageObject\",\"inLanguage\":\"fr-FR\",\"@id\":\"https:\/\/kapitalis.com\/tunisie\/#\/schema\/logo\/image\/\",\"url\":\"https:\/\/kapitalis.com\/tunisie\/wp-content\/uploads\/2022\/05\/Kapitalis-big-size.png\",\"contentUrl\":\"https:\/\/kapitalis.com\/tunisie\/wp-content\/uploads\/2022\/05\/Kapitalis-big-size.png\",\"width\":5000,\"height\":1500,\"caption\":\"Kapitalis\"},\"image\":{\"@id\":\"https:\/\/kapitalis.com\/tunisie\/#\/schema\/logo\/image\/\"},\"sameAs\":[\"https:\/\/www.facebook.com\/KapitalisInfo\/\",\"https:\/\/x.com\/KapitalisInfo\",\"https:\/\/www.youtube.com\/channel\/UC-yDYrHyfFBWWZaOw3FPg9Q\"]},{\"@type\":\"Person\",\"@id\":\"https:\/\/kapitalis.com\/tunisie\/#\/schema\/person\/b35b8d631961131107263178aeb8019e\",\"name\":\"Cherif Benyounes\",\"url\":\"https:\/\/kapitalis.com\/tunisie\/author\/cherif\/\"}]}<\/script>\n<!-- \/ Yoast SEO plugin. -->","yoast_head_json":{"title":"Marathon Comar : Le rendez-vous incontournable, qui r\u00e9siste aux contraintes sanitaires - Kapitalis","robots":{"index":"index","follow":"follow","max-snippet":"max-snippet:-1","max-image-preview":"max-image-preview:large","max-video-preview":"max-video-preview:-1"},"canonical":"https:\/\/kapitalis.com\/tunisie\/2021\/11\/30\/marathon-comar-le-rendez-vous-incontournable-qui-resiste-aux-contraintes-sanitaires\/","og_locale":"fr_FR","og_type":"article","og_title":"Marathon Comar : Le rendez-vous incontournable, qui r\u00e9siste aux contraintes sanitaires - Kapitalis","og_description":"Une conf\u00e9rence de presse a eu lieu, ce mardi 30 novembre 2021, \u00e0 l&rsquo;h\u00f4tel M\u00f6venpick, \u00e0 Tunis, pour pr\u00e9senter la nouvelle \u00e9dition du Marathon Comar de Tunis-Carthage, qui aura lieu les 11 et 12 d\u00e9cembre 2021, sous le th\u00e8me : \u00abCourons pour l&rsquo;environnement\u00bb. Par Cherif Ben Youn\u00e8s","og_url":"https:\/\/kapitalis.com\/tunisie\/2021\/11\/30\/marathon-comar-le-rendez-vous-incontournable-qui-resiste-aux-contraintes-sanitaires\/","og_site_name":"Kapitalis","article_publisher":"https:\/\/www.facebook.com\/KapitalisInfo\/","article_published_time":"2021-11-30T13:45:07+00:00","article_modified_time":"2021-11-30T13:45:59+00:00","og_image":[{"width":1200,"height":630,"url":"https:\/\/kapitalis.com\/tunisie\/wp-content\/uploads\/2022\/05\/kapitalis-logo-fb.png","type":"image\/png"}],"author":"Cherif Benyounes","twitter_card":"summary_large_image","twitter_creator":"@KapitalisInfo","twitter_site":"@KapitalisInfo","twitter_misc":{"\u00c9crit par":"Cherif Benyounes","Dur\u00e9e de lecture estim\u00e9e":"3 minutes"},"schema":{"@context":"https:\/\/schema.org","@graph":[{"@type":"Article","@id":"https:\/\/kapitalis.com\/tunisie\/2021\/11\/30\/marathon-comar-le-rendez-vous-incontournable-qui-resiste-aux-contraintes-sanitaires\/#article","isPartOf":{"@id":"https:\/\/kapitalis.com\/tunisie\/2021\/11\/30\/marathon-comar-le-rendez-vous-incontournable-qui-resiste-aux-contraintes-sanitaires\/"},"author":{"name":"Cherif Benyounes","@id":"https:\/\/kapitalis.com\/tunisie\/#\/schema\/person\/b35b8d631961131107263178aeb8019e"},"headline":"Marathon Comar : Le rendez-vous incontournable, qui r\u00e9siste aux contraintes sanitaires","datePublished":"2021-11-30T13:45:07+00:00","dateModified":"2021-11-30T13:45:59+00:00","mainEntityOfPage":{"@id":"https:\/\/kapitalis.com\/tunisie\/2021\/11\/30\/marathon-comar-le-rendez-vous-incontournable-qui-resiste-aux-contraintes-sanitaires\/"},"wordCount":666,"commentCount":0,"publisher":{"@id":"https:\/\/kapitalis.com\/tunisie\/#organization"},"image":{"@id":"https:\/\/kapitalis.com\/tunisie\/2021\/11\/30\/marathon-comar-le-rendez-vous-incontournable-qui-resiste-aux-contraintes-sanitaires\/#primaryimage"},"thumbnailUrl":"","keywords":["Kaouther Ridane","Lotfi Ben Haj Kacem","Marathon Comar"],"articleSection":["A LA UNE","SPORT","Tunisie"],"inLanguage":"fr-FR","potentialAction":[{"@type":"CommentAction","name":"Comment","target":["https:\/\/kapitalis.com\/tunisie\/2021\/11\/30\/marathon-comar-le-rendez-vous-incontournable-qui-resiste-aux-contraintes-sanitaires\/#respond"]}]},{"@type":"WebPage","@id":"https:\/\/kapitalis.com\/tunisie\/2021\/11\/30\/marathon-comar-le-rendez-vous-incontournable-qui-resiste-aux-contraintes-sanitaires\/","url":"https:\/\/kapitalis.com\/tunisie\/2021\/11\/30\/marathon-comar-le-rendez-vous-incontournable-qui-resiste-aux-contraintes-sanitaires\/","name":"Marathon Comar : Le rendez-vous incontournable, qui r\u00e9siste aux contraintes sanitaires - Kapitalis","isPartOf":{"@id":"https:\/\/kapitalis.com\/tunisie\/#website"},"primaryImageOfPage":{"@id":"https:\/\/kapitalis.com\/tunisie\/2021\/11\/30\/marathon-comar-le-rendez-vous-incontournable-qui-resiste-aux-contraintes-sanitaires\/#primaryimage"},"image":{"@id":"https:\/\/kapitalis.com\/tunisie\/2021\/11\/30\/marathon-comar-le-rendez-vous-incontournable-qui-resiste-aux-contraintes-sanitaires\/#primaryimage"},"thumbnailUrl":"","datePublished":"2021-11-30T13:45:07+00:00","dateModified":"2021-11-30T13:45:59+00:00","breadcrumb":{"@id":"https:\/\/kapitalis.com\/tunisie\/2021\/11\/30\/marathon-comar-le-rendez-vous-incontournable-qui-resiste-aux-contraintes-sanitaires\/#breadcrumb"},"inLanguage":"fr-FR","potentialAction":[{"@type":"ReadAction","target":["https:\/\/kapitalis.com\/tunisie\/2021\/11\/30\/marathon-comar-le-rendez-vous-incontournable-qui-resiste-aux-contraintes-sanitaires\/"]}]},{"@type":"ImageObject","inLanguage":"fr-FR","@id":"https:\/\/kapitalis.com\/tunisie\/2021\/11\/30\/marathon-comar-le-rendez-vous-incontournable-qui-resiste-aux-contraintes-sanitaires\/#primaryimage","url":"","contentUrl":""},{"@type":"BreadcrumbList","@id":"https:\/\/kapitalis.com\/tunisie\/2021\/11\/30\/marathon-comar-le-rendez-vous-incontournable-qui-resiste-aux-contraintes-sanitaires\/#breadcrumb","itemListElement":[{"@type":"ListItem","position":1,"name":"Accueil","item":"https:\/\/kapitalis.com\/tunisie\/"},{"@type":"ListItem","position":2,"name":"Marathon Comar : Le rendez-vous incontournable, qui r\u00e9siste aux contraintes sanitaires"}]},{"@type":"WebSite","@id":"https:\/\/kapitalis.com\/tunisie\/#website","url":"https:\/\/kapitalis.com\/tunisie\/","name":"Kapitalis","description":"L&#039;actualit\u00e9 en Tunisie et dans le monde","publisher":{"@id":"https:\/\/kapitalis.com\/tunisie\/#organization"},"potentialAction":[{"@type":"SearchAction","target":{"@type":"EntryPoint","urlTemplate":"https:\/\/kapitalis.com\/tunisie\/?s={search_term_string}"},"query-input":{"@type":"PropertyValueSpecification","valueRequired":true,"valueName":"search_term_string"}}],"inLanguage":"fr-FR"},{"@type":"Organization","@id":"https:\/\/kapitalis.com\/tunisie\/#organization","name":"Kapitalis","url":"https:\/\/kapitalis.com\/tunisie\/","logo":{"@type":"ImageObject","inLanguage":"fr-FR","@id":"https:\/\/kapitalis.com\/tunisie\/#\/schema\/logo\/image\/","url":"https:\/\/kapitalis.com\/tunisie\/wp-content\/uploads\/2022\/05\/Kapitalis-big-size.png","contentUrl":"https:\/\/kapitalis.com\/tunisie\/wp-content\/uploads\/2022\/05\/Kapitalis-big-size.png","width":5000,"height":1500,"caption":"Kapitalis"},"image":{"@id":"https:\/\/kapitalis.com\/tunisie\/#\/schema\/logo\/image\/"},"sameAs":["https:\/\/www.facebook.com\/KapitalisInfo\/","https:\/\/x.com\/KapitalisInfo","https:\/\/www.youtube.com\/channel\/UC-yDYrHyfFBWWZaOw3FPg9Q"]},{"@type":"Person","@id":"https:\/\/kapitalis.com\/tunisie\/#\/schema\/person\/b35b8d631961131107263178aeb8019e","name":"Cherif Benyounes","url":"https:\/\/kapitalis.com\/tunisie\/author\/cherif\/"}]}},"_links":{"self":[{"href":"https:\/\/kapitalis.com\/tunisie\/wp-json\/wp\/v2\/posts\/371775","targetHints":{"allow":["GET"]}}],"collection":[{"href":"https:\/\/kapitalis.com\/tunisie\/wp-json\/wp\/v2\/posts"}],"about":[{"href":"https:\/\/kapitalis.com\/tunisie\/wp-json\/wp\/v2\/types\/post"}],"author":[{"embeddable":true,"href":"https:\/\/kapitalis.com\/tunisie\/wp-json\/wp\/v2\/users\/24"}],"replies":[{"embeddable":true,"href":"https:\/\/kapitalis.com\/tunisie\/wp-json\/wp\/v2\/comments?post=371775"}],"version-history":[{"count":0,"href":"https:\/\/kapitalis.com\/tunisie\/wp-json\/wp\/v2\/posts\/371775\/revisions"}],"wp:featuredmedia":[{"embeddable":true,"href":"https:\/\/kapitalis.com\/tunisie\/wp-json\/wp\/v2\/media\/371796"}],"wp:attachment":[{"href":"https:\/\/kapitalis.com\/tunisie\/wp-json\/wp\/v2\/media?parent=371775"}],"wp:term":[{"taxonomy":"category","embeddable":true,"href":"https:\/\/kapitalis.com\/tunisie\/wp-json\/wp\/v2\/categories?post=371775"},{"taxonomy":"post_tag","embeddable":true,"href":"https:\/\/kapitalis.com\/tunisie\/wp-json\/wp\/v2\/tags?post=371775"}],"curies":[{"name":"wp","href":"https:\/\/api.w.org\/{rel}","templated":true}]}}