{"id":371870,"date":"2021-12-01T08:55:37","date_gmt":"2021-12-01T07:55:37","guid":{"rendered":"http:\/\/kapitalis.com\/tunisie\/?p=371870"},"modified":"2022-05-20T22:05:01","modified_gmt":"2022-05-20T20:05:01","slug":"tunisie-retour-de-la-fashion-week-apres-plus-de-deux-ans-dabsence","status":"publish","type":"post","link":"https:\/\/kapitalis.com\/tunisie\/2021\/12\/01\/tunisie-retour-de-la-fashion-week-apres-plus-de-deux-ans-dabsence\/","title":{"rendered":"Tunisie : Apr\u00e8s deux ans d&rsquo;absence, la Fashion Week est de retour avec la participation de Tunisie T\u00e9l\u00e9com"},"content":{"rendered":"\n<div class=\"wp-block-image\"><figure class=\"aligncenter size-full\"><img decoding=\"async\" src=\"http:\/\/kapitalis.com\/tunisie\/wp-content\/uploads\/2021\/11\/Untitled-2-13.jpg\" alt=\"\" class=\"wp-image-371871\"\/><\/figure><\/div>\n\n\n\n<p><strong><em>La ville de Tozeur accueillera pour la premi\u00e8re fois la Fashion Week dont la 12<sup>e<\/sup> \u00e9dition aura lieu du 2 au 5 d\u00e9cembre.<\/em><\/strong>  <strong><em>L\u2019\u00e9v\u00e9nement sera retransmis en direct \u00e0 travers les r\u00e9seaux sociaux de Tunisie T\u00e9l\u00e9com (TT).<\/em><\/strong><\/p>\n\n\n\n<!--more-->\n\n\n\n<p>A l\u2019image de plusieurs grands \u00e9v\u00e9nements culturels et artistiques, la Fashion Week n\u2019a pas pu avoir lieu durant l\u2019ann\u00e9e 2020, marqu\u00e9e par la crise sanitaire mondiale suite \u00e0 la propagation du Coronavirus (Covid-19).<\/p>\n\n\n\n<p>La Fashion Week qui se tient habituellement \u00e0 la saison printani\u00e8re \u00e0 Tunis, aura cette ann\u00e9e lieu exceptionnellement en plein hiver et au sud de la Tunisie. En effet, c\u2019est la ville de Tozeur qui accueillera cette 12<sup>e<\/sup> \u00e9dition tant attendue de la part des stylistes, des cr\u00e9ateurs et des amateurs de mode.<\/p>\n\n\n\n<p>Une vingtaine de cr\u00e9ateurs tunisiens et \u00e9trangers seront pr\u00e9sents pour pr\u00e9senter leurs derni\u00e8res collections (Anissa A\u00efda, Narciso, Miss Ana\u00efs, Yosra Dhiflaoui, Soraya, Soltana, Lore &amp; Heart \u2026) En plus des d\u00e9fil\u00e9es, la semaine de la mode sera \u00e9galement marqu\u00e9e par des ateliers, des conf\u00e9rences, des s\u00e9ances de photos, des expositions, des performances musicales \u2026<\/p>\n\n\n\n<p>L\u2019\u00e9v\u00e9nement sera retransmis en direct \u00e0 travers les r\u00e9seaux sociaux de Tunisie T\u00e9l\u00e9com (TT), mais \u00e9galement dans les salles de cin\u00e9ma Path\u00e9.<\/p>\n\n\n\n<p class=\"has-text-align-right\"><strong>F.B<\/strong><\/p>\n","protected":false},"excerpt":{"rendered":"<p>La ville de Tozeur accueillera pour la premi\u00e8re fois la Fashion Week dont la 12e \u00e9dition aura lieu du 2 au 5 d\u00e9cembre. L\u2019\u00e9v\u00e9nement sera retransmis en direct \u00e0 travers les r\u00e9seaux sociaux de Tunisie T\u00e9l\u00e9com (TT).<\/p>\n","protected":false},"author":26,"featured_media":875291,"comment_status":"open","ping_status":"open","sticky":false,"template":"","format":"standard","meta":{"footnotes":""},"categories":[993,994,2433],"tags":[95375,20811,1208,62643],"class_list":["post-371870","post","type-post","status-publish","format-standard","has-post-thumbnail","hentry","category-conso","category-culture","category-tunisie","tag-fashion-week-tunisie-2021","tag-mode","tag-tozeur","tag-tunisie"],"yoast_head":"<!-- This site is optimized with the Yoast SEO plugin v26.6 - https:\/\/yoast.com\/wordpress\/plugins\/seo\/ -->\n<title>Tunisie : Apr\u00e8s deux ans d&#039;absence, la Fashion Week est de retour avec la participation de Tunisie T\u00e9l\u00e9com - Kapitalis<\/title>\n<meta name=\"robots\" content=\"index, follow, max-snippet:-1, max-image-preview:large, max-video-preview:-1\" \/>\n<link rel=\"canonical\" href=\"https:\/\/kapitalis.com\/tunisie\/2021\/12\/01\/tunisie-retour-de-la-fashion-week-apres-plus-de-deux-ans-dabsence\/\" \/>\n<meta property=\"og:locale\" content=\"fr_FR\" \/>\n<meta property=\"og:type\" content=\"article\" \/>\n<meta property=\"og:title\" content=\"Tunisie : Apr\u00e8s deux ans d&#039;absence, la Fashion Week est de retour avec la participation de Tunisie T\u00e9l\u00e9com - Kapitalis\" \/>\n<meta property=\"og:description\" content=\"La ville de Tozeur accueillera pour la premi\u00e8re fois la Fashion Week dont la 12e \u00e9dition aura lieu du 2 au 5 d\u00e9cembre. L\u2019\u00e9v\u00e9nement sera retransmis en direct \u00e0 travers les r\u00e9seaux sociaux de Tunisie T\u00e9l\u00e9com (TT).\" \/>\n<meta property=\"og:url\" content=\"https:\/\/kapitalis.com\/tunisie\/2021\/12\/01\/tunisie-retour-de-la-fashion-week-apres-plus-de-deux-ans-dabsence\/\" \/>\n<meta property=\"og:site_name\" content=\"Kapitalis\" \/>\n<meta property=\"article:publisher\" content=\"https:\/\/www.facebook.com\/KapitalisInfo\/\" \/>\n<meta property=\"article:published_time\" content=\"2021-12-01T07:55:37+00:00\" \/>\n<meta property=\"article:modified_time\" content=\"2022-05-20T20:05:01+00:00\" \/>\n<meta property=\"og:image\" content=\"https:\/\/kapitalis.com\/tunisie\/wp-content\/uploads\/2021\/12\/Untitled-2-13.jpg\" \/>\n\t<meta property=\"og:image:width\" content=\"626\" \/>\n\t<meta property=\"og:image:height\" content=\"380\" \/>\n\t<meta property=\"og:image:type\" content=\"image\/jpeg\" \/>\n<meta name=\"author\" content=\"Fawz BenAli\" \/>\n<meta name=\"twitter:card\" content=\"summary_large_image\" \/>\n<meta name=\"twitter:creator\" content=\"@KapitalisInfo\" \/>\n<meta name=\"twitter:site\" content=\"@KapitalisInfo\" \/>\n<meta name=\"twitter:label1\" content=\"\u00c9crit par\" \/>\n\t<meta name=\"twitter:data1\" content=\"Fawz BenAli\" \/>\n\t<meta name=\"twitter:label2\" content=\"Dur\u00e9e de lecture estim\u00e9e\" \/>\n\t<meta name=\"twitter:data2\" content=\"2 minutes\" \/>\n<script type=\"application\/ld+json\" class=\"yoast-schema-graph\">{\"@context\":\"https:\/\/schema.org\",\"@graph\":[{\"@type\":\"Article\",\"@id\":\"https:\/\/kapitalis.com\/tunisie\/2021\/12\/01\/tunisie-retour-de-la-fashion-week-apres-plus-de-deux-ans-dabsence\/#article\",\"isPartOf\":{\"@id\":\"https:\/\/kapitalis.com\/tunisie\/2021\/12\/01\/tunisie-retour-de-la-fashion-week-apres-plus-de-deux-ans-dabsence\/\"},\"author\":{\"name\":\"Fawz BenAli\",\"@id\":\"https:\/\/kapitalis.com\/tunisie\/#\/schema\/person\/73a5ecc1f6ae540c6ed91342eadca948\"},\"headline\":\"Tunisie : Apr\u00e8s deux ans d&rsquo;absence, la Fashion Week est de retour avec la participation de Tunisie T\u00e9l\u00e9com\",\"datePublished\":\"2021-12-01T07:55:37+00:00\",\"dateModified\":\"2022-05-20T20:05:01+00:00\",\"mainEntityOfPage\":{\"@id\":\"https:\/\/kapitalis.com\/tunisie\/2021\/12\/01\/tunisie-retour-de-la-fashion-week-apres-plus-de-deux-ans-dabsence\/\"},\"wordCount\":245,\"commentCount\":0,\"publisher\":{\"@id\":\"https:\/\/kapitalis.com\/tunisie\/#organization\"},\"image\":{\"@id\":\"https:\/\/kapitalis.com\/tunisie\/2021\/12\/01\/tunisie-retour-de-la-fashion-week-apres-plus-de-deux-ans-dabsence\/#primaryimage\"},\"thumbnailUrl\":\"https:\/\/kapitalis.com\/tunisie\/wp-content\/uploads\/2021\/12\/Untitled-2-13.jpg\",\"keywords\":[\"Fashion Week Tunisie 2021\",\"mode\",\"Tozeur\",\"Tunisie\"],\"articleSection\":[\"CONSO\",\"CULTURE\",\"Tunisie\"],\"inLanguage\":\"fr-FR\",\"potentialAction\":[{\"@type\":\"CommentAction\",\"name\":\"Comment\",\"target\":[\"https:\/\/kapitalis.com\/tunisie\/2021\/12\/01\/tunisie-retour-de-la-fashion-week-apres-plus-de-deux-ans-dabsence\/#respond\"]}]},{\"@type\":\"WebPage\",\"@id\":\"https:\/\/kapitalis.com\/tunisie\/2021\/12\/01\/tunisie-retour-de-la-fashion-week-apres-plus-de-deux-ans-dabsence\/\",\"url\":\"https:\/\/kapitalis.com\/tunisie\/2021\/12\/01\/tunisie-retour-de-la-fashion-week-apres-plus-de-deux-ans-dabsence\/\",\"name\":\"Tunisie : Apr\u00e8s deux ans d'absence, la Fashion Week est de retour avec la participation de Tunisie T\u00e9l\u00e9com - Kapitalis\",\"isPartOf\":{\"@id\":\"https:\/\/kapitalis.com\/tunisie\/#website\"},\"primaryImageOfPage\":{\"@id\":\"https:\/\/kapitalis.com\/tunisie\/2021\/12\/01\/tunisie-retour-de-la-fashion-week-apres-plus-de-deux-ans-dabsence\/#primaryimage\"},\"image\":{\"@id\":\"https:\/\/kapitalis.com\/tunisie\/2021\/12\/01\/tunisie-retour-de-la-fashion-week-apres-plus-de-deux-ans-dabsence\/#primaryimage\"},\"thumbnailUrl\":\"https:\/\/kapitalis.com\/tunisie\/wp-content\/uploads\/2021\/12\/Untitled-2-13.jpg\",\"datePublished\":\"2021-12-01T07:55:37+00:00\",\"dateModified\":\"2022-05-20T20:05:01+00:00\",\"breadcrumb\":{\"@id\":\"https:\/\/kapitalis.com\/tunisie\/2021\/12\/01\/tunisie-retour-de-la-fashion-week-apres-plus-de-deux-ans-dabsence\/#breadcrumb\"},\"inLanguage\":\"fr-FR\",\"potentialAction\":[{\"@type\":\"ReadAction\",\"target\":[\"https:\/\/kapitalis.com\/tunisie\/2021\/12\/01\/tunisie-retour-de-la-fashion-week-apres-plus-de-deux-ans-dabsence\/\"]}]},{\"@type\":\"ImageObject\",\"inLanguage\":\"fr-FR\",\"@id\":\"https:\/\/kapitalis.com\/tunisie\/2021\/12\/01\/tunisie-retour-de-la-fashion-week-apres-plus-de-deux-ans-dabsence\/#primaryimage\",\"url\":\"https:\/\/kapitalis.com\/tunisie\/wp-content\/uploads\/2021\/12\/Untitled-2-13.jpg\",\"contentUrl\":\"https:\/\/kapitalis.com\/tunisie\/wp-content\/uploads\/2021\/12\/Untitled-2-13.jpg\",\"width\":626,\"height\":380},{\"@type\":\"BreadcrumbList\",\"@id\":\"https:\/\/kapitalis.com\/tunisie\/2021\/12\/01\/tunisie-retour-de-la-fashion-week-apres-plus-de-deux-ans-dabsence\/#breadcrumb\",\"itemListElement\":[{\"@type\":\"ListItem\",\"position\":1,\"name\":\"Accueil\",\"item\":\"https:\/\/kapitalis.com\/tunisie\/\"},{\"@type\":\"ListItem\",\"position\":2,\"name\":\"Tunisie : Apr\u00e8s deux ans d&rsquo;absence, la Fashion Week est de retour avec la participation de Tunisie T\u00e9l\u00e9com\"}]},{\"@type\":\"WebSite\",\"@id\":\"https:\/\/kapitalis.com\/tunisie\/#website\",\"url\":\"https:\/\/kapitalis.com\/tunisie\/\",\"name\":\"Kapitalis\",\"description\":\"L&#039;actualit\u00e9 en Tunisie et dans le monde\",\"publisher\":{\"@id\":\"https:\/\/kapitalis.com\/tunisie\/#organization\"},\"potentialAction\":[{\"@type\":\"SearchAction\",\"target\":{\"@type\":\"EntryPoint\",\"urlTemplate\":\"https:\/\/kapitalis.com\/tunisie\/?s={search_term_string}\"},\"query-input\":{\"@type\":\"PropertyValueSpecification\",\"valueRequired\":true,\"valueName\":\"search_term_string\"}}],\"inLanguage\":\"fr-FR\"},{\"@type\":\"Organization\",\"@id\":\"https:\/\/kapitalis.com\/tunisie\/#organization\",\"name\":\"Kapitalis\",\"url\":\"https:\/\/kapitalis.com\/tunisie\/\",\"logo\":{\"@type\":\"ImageObject\",\"inLanguage\":\"fr-FR\",\"@id\":\"https:\/\/kapitalis.com\/tunisie\/#\/schema\/logo\/image\/\",\"url\":\"https:\/\/kapitalis.com\/tunisie\/wp-content\/uploads\/2022\/05\/Kapitalis-big-size.png\",\"contentUrl\":\"https:\/\/kapitalis.com\/tunisie\/wp-content\/uploads\/2022\/05\/Kapitalis-big-size.png\",\"width\":5000,\"height\":1500,\"caption\":\"Kapitalis\"},\"image\":{\"@id\":\"https:\/\/kapitalis.com\/tunisie\/#\/schema\/logo\/image\/\"},\"sameAs\":[\"https:\/\/www.facebook.com\/KapitalisInfo\/\",\"https:\/\/x.com\/KapitalisInfo\",\"https:\/\/www.youtube.com\/channel\/UC-yDYrHyfFBWWZaOw3FPg9Q\"]},{\"@type\":\"Person\",\"@id\":\"https:\/\/kapitalis.com\/tunisie\/#\/schema\/person\/73a5ecc1f6ae540c6ed91342eadca948\",\"name\":\"Fawz BenAli\",\"url\":\"https:\/\/kapitalis.com\/tunisie\/author\/fawz\/\"}]}<\/script>\n<!-- \/ Yoast SEO plugin. -->","yoast_head_json":{"title":"Tunisie : Apr\u00e8s deux ans d'absence, la Fashion Week est de retour avec la participation de Tunisie T\u00e9l\u00e9com - Kapitalis","robots":{"index":"index","follow":"follow","max-snippet":"max-snippet:-1","max-image-preview":"max-image-preview:large","max-video-preview":"max-video-preview:-1"},"canonical":"https:\/\/kapitalis.com\/tunisie\/2021\/12\/01\/tunisie-retour-de-la-fashion-week-apres-plus-de-deux-ans-dabsence\/","og_locale":"fr_FR","og_type":"article","og_title":"Tunisie : Apr\u00e8s deux ans d'absence, la Fashion Week est de retour avec la participation de Tunisie T\u00e9l\u00e9com - Kapitalis","og_description":"La ville de Tozeur accueillera pour la premi\u00e8re fois la Fashion Week dont la 12e \u00e9dition aura lieu du 2 au 5 d\u00e9cembre. L\u2019\u00e9v\u00e9nement sera retransmis en direct \u00e0 travers les r\u00e9seaux sociaux de Tunisie T\u00e9l\u00e9com (TT).","og_url":"https:\/\/kapitalis.com\/tunisie\/2021\/12\/01\/tunisie-retour-de-la-fashion-week-apres-plus-de-deux-ans-dabsence\/","og_site_name":"Kapitalis","article_publisher":"https:\/\/www.facebook.com\/KapitalisInfo\/","article_published_time":"2021-12-01T07:55:37+00:00","article_modified_time":"2022-05-20T20:05:01+00:00","og_image":[{"width":626,"height":380,"url":"https:\/\/kapitalis.com\/tunisie\/wp-content\/uploads\/2021\/12\/Untitled-2-13.jpg","type":"image\/jpeg"}],"author":"Fawz BenAli","twitter_card":"summary_large_image","twitter_creator":"@KapitalisInfo","twitter_site":"@KapitalisInfo","twitter_misc":{"\u00c9crit par":"Fawz BenAli","Dur\u00e9e de lecture estim\u00e9e":"2 minutes"},"schema":{"@context":"https:\/\/schema.org","@graph":[{"@type":"Article","@id":"https:\/\/kapitalis.com\/tunisie\/2021\/12\/01\/tunisie-retour-de-la-fashion-week-apres-plus-de-deux-ans-dabsence\/#article","isPartOf":{"@id":"https:\/\/kapitalis.com\/tunisie\/2021\/12\/01\/tunisie-retour-de-la-fashion-week-apres-plus-de-deux-ans-dabsence\/"},"author":{"name":"Fawz BenAli","@id":"https:\/\/kapitalis.com\/tunisie\/#\/schema\/person\/73a5ecc1f6ae540c6ed91342eadca948"},"headline":"Tunisie : Apr\u00e8s deux ans d&rsquo;absence, la Fashion Week est de retour avec la participation de Tunisie T\u00e9l\u00e9com","datePublished":"2021-12-01T07:55:37+00:00","dateModified":"2022-05-20T20:05:01+00:00","mainEntityOfPage":{"@id":"https:\/\/kapitalis.com\/tunisie\/2021\/12\/01\/tunisie-retour-de-la-fashion-week-apres-plus-de-deux-ans-dabsence\/"},"wordCount":245,"commentCount":0,"publisher":{"@id":"https:\/\/kapitalis.com\/tunisie\/#organization"},"image":{"@id":"https:\/\/kapitalis.com\/tunisie\/2021\/12\/01\/tunisie-retour-de-la-fashion-week-apres-plus-de-deux-ans-dabsence\/#primaryimage"},"thumbnailUrl":"https:\/\/kapitalis.com\/tunisie\/wp-content\/uploads\/2021\/12\/Untitled-2-13.jpg","keywords":["Fashion Week Tunisie 2021","mode","Tozeur","Tunisie"],"articleSection":["CONSO","CULTURE","Tunisie"],"inLanguage":"fr-FR","potentialAction":[{"@type":"CommentAction","name":"Comment","target":["https:\/\/kapitalis.com\/tunisie\/2021\/12\/01\/tunisie-retour-de-la-fashion-week-apres-plus-de-deux-ans-dabsence\/#respond"]}]},{"@type":"WebPage","@id":"https:\/\/kapitalis.com\/tunisie\/2021\/12\/01\/tunisie-retour-de-la-fashion-week-apres-plus-de-deux-ans-dabsence\/","url":"https:\/\/kapitalis.com\/tunisie\/2021\/12\/01\/tunisie-retour-de-la-fashion-week-apres-plus-de-deux-ans-dabsence\/","name":"Tunisie : Apr\u00e8s deux ans d'absence, la Fashion Week est de retour avec la participation de Tunisie T\u00e9l\u00e9com - Kapitalis","isPartOf":{"@id":"https:\/\/kapitalis.com\/tunisie\/#website"},"primaryImageOfPage":{"@id":"https:\/\/kapitalis.com\/tunisie\/2021\/12\/01\/tunisie-retour-de-la-fashion-week-apres-plus-de-deux-ans-dabsence\/#primaryimage"},"image":{"@id":"https:\/\/kapitalis.com\/tunisie\/2021\/12\/01\/tunisie-retour-de-la-fashion-week-apres-plus-de-deux-ans-dabsence\/#primaryimage"},"thumbnailUrl":"https:\/\/kapitalis.com\/tunisie\/wp-content\/uploads\/2021\/12\/Untitled-2-13.jpg","datePublished":"2021-12-01T07:55:37+00:00","dateModified":"2022-05-20T20:05:01+00:00","breadcrumb":{"@id":"https:\/\/kapitalis.com\/tunisie\/2021\/12\/01\/tunisie-retour-de-la-fashion-week-apres-plus-de-deux-ans-dabsence\/#breadcrumb"},"inLanguage":"fr-FR","potentialAction":[{"@type":"ReadAction","target":["https:\/\/kapitalis.com\/tunisie\/2021\/12\/01\/tunisie-retour-de-la-fashion-week-apres-plus-de-deux-ans-dabsence\/"]}]},{"@type":"ImageObject","inLanguage":"fr-FR","@id":"https:\/\/kapitalis.com\/tunisie\/2021\/12\/01\/tunisie-retour-de-la-fashion-week-apres-plus-de-deux-ans-dabsence\/#primaryimage","url":"https:\/\/kapitalis.com\/tunisie\/wp-content\/uploads\/2021\/12\/Untitled-2-13.jpg","contentUrl":"https:\/\/kapitalis.com\/tunisie\/wp-content\/uploads\/2021\/12\/Untitled-2-13.jpg","width":626,"height":380},{"@type":"BreadcrumbList","@id":"https:\/\/kapitalis.com\/tunisie\/2021\/12\/01\/tunisie-retour-de-la-fashion-week-apres-plus-de-deux-ans-dabsence\/#breadcrumb","itemListElement":[{"@type":"ListItem","position":1,"name":"Accueil","item":"https:\/\/kapitalis.com\/tunisie\/"},{"@type":"ListItem","position":2,"name":"Tunisie : Apr\u00e8s deux ans d&rsquo;absence, la Fashion Week est de retour avec la participation de Tunisie T\u00e9l\u00e9com"}]},{"@type":"WebSite","@id":"https:\/\/kapitalis.com\/tunisie\/#website","url":"https:\/\/kapitalis.com\/tunisie\/","name":"Kapitalis","description":"L&#039;actualit\u00e9 en Tunisie et dans le monde","publisher":{"@id":"https:\/\/kapitalis.com\/tunisie\/#organization"},"potentialAction":[{"@type":"SearchAction","target":{"@type":"EntryPoint","urlTemplate":"https:\/\/kapitalis.com\/tunisie\/?s={search_term_string}"},"query-input":{"@type":"PropertyValueSpecification","valueRequired":true,"valueName":"search_term_string"}}],"inLanguage":"fr-FR"},{"@type":"Organization","@id":"https:\/\/kapitalis.com\/tunisie\/#organization","name":"Kapitalis","url":"https:\/\/kapitalis.com\/tunisie\/","logo":{"@type":"ImageObject","inLanguage":"fr-FR","@id":"https:\/\/kapitalis.com\/tunisie\/#\/schema\/logo\/image\/","url":"https:\/\/kapitalis.com\/tunisie\/wp-content\/uploads\/2022\/05\/Kapitalis-big-size.png","contentUrl":"https:\/\/kapitalis.com\/tunisie\/wp-content\/uploads\/2022\/05\/Kapitalis-big-size.png","width":5000,"height":1500,"caption":"Kapitalis"},"image":{"@id":"https:\/\/kapitalis.com\/tunisie\/#\/schema\/logo\/image\/"},"sameAs":["https:\/\/www.facebook.com\/KapitalisInfo\/","https:\/\/x.com\/KapitalisInfo","https:\/\/www.youtube.com\/channel\/UC-yDYrHyfFBWWZaOw3FPg9Q"]},{"@type":"Person","@id":"https:\/\/kapitalis.com\/tunisie\/#\/schema\/person\/73a5ecc1f6ae540c6ed91342eadca948","name":"Fawz BenAli","url":"https:\/\/kapitalis.com\/tunisie\/author\/fawz\/"}]}},"_links":{"self":[{"href":"https:\/\/kapitalis.com\/tunisie\/wp-json\/wp\/v2\/posts\/371870","targetHints":{"allow":["GET"]}}],"collection":[{"href":"https:\/\/kapitalis.com\/tunisie\/wp-json\/wp\/v2\/posts"}],"about":[{"href":"https:\/\/kapitalis.com\/tunisie\/wp-json\/wp\/v2\/types\/post"}],"author":[{"embeddable":true,"href":"https:\/\/kapitalis.com\/tunisie\/wp-json\/wp\/v2\/users\/26"}],"replies":[{"embeddable":true,"href":"https:\/\/kapitalis.com\/tunisie\/wp-json\/wp\/v2\/comments?post=371870"}],"version-history":[{"count":0,"href":"https:\/\/kapitalis.com\/tunisie\/wp-json\/wp\/v2\/posts\/371870\/revisions"}],"wp:featuredmedia":[{"embeddable":true,"href":"https:\/\/kapitalis.com\/tunisie\/wp-json\/wp\/v2\/media\/875291"}],"wp:attachment":[{"href":"https:\/\/kapitalis.com\/tunisie\/wp-json\/wp\/v2\/media?parent=371870"}],"wp:term":[{"taxonomy":"category","embeddable":true,"href":"https:\/\/kapitalis.com\/tunisie\/wp-json\/wp\/v2\/categories?post=371870"},{"taxonomy":"post_tag","embeddable":true,"href":"https:\/\/kapitalis.com\/tunisie\/wp-json\/wp\/v2\/tags?post=371870"}],"curies":[{"name":"wp","href":"https:\/\/api.w.org\/{rel}","templated":true}]}}