{"id":372071,"date":"2021-12-02T09:55:57","date_gmt":"2021-12-02T08:55:57","guid":{"rendered":"http:\/\/kapitalis.com\/tunisie\/?p=372071"},"modified":"2021-12-02T09:58:17","modified_gmt":"2021-12-02T08:58:17","slug":"une-quarantaine-dartisans-tunisiens-participeront-a-la-foire-artigiano-in-fiera-a-milan","status":"publish","type":"post","link":"https:\/\/kapitalis.com\/tunisie\/2021\/12\/02\/une-quarantaine-dartisans-tunisiens-participeront-a-la-foire-artigiano-in-fiera-a-milan\/","title":{"rendered":"Une quarantaine d\u2019artisans tunisiens participeront \u00e0 la Foire Artigiano in Fiera \u00e0 Milan"},"content":{"rendered":"\n<div class=\"wp-block-image\"><figure class=\"aligncenter size-full\"><img decoding=\"async\" src=\"http:\/\/kapitalis.com\/tunisie\/wp-content\/uploads\/2021\/12\/Untitled-4.jpg\" alt=\"\" class=\"wp-image-372080\"\/><\/figure><\/div>\n\n\n\n<p><em><strong>La 26<sup>e<\/sup> \u00e9dition de la Foire Artigiano in Fiera, pr\u00e9vue d\u2019avoir lieu du 4 au 12 d\u00e9cembre \u00e0 Milan, comptera la participation de plusieurs artisans tunisiens qui repr\u00e9senteront le patrimoine artisanal et le savoir-faire tunisiens.<\/strong><\/em><\/p>\n\n\n\n<!--more-->\n\n\n\n<p>Le Palais des Congr\u00e8s de Milan accueillera la nouvelle \u00e9dition de la Foire Artigiano in Fiera, l\u2019une des plus grandes manifestations d\u00e9di\u00e9es \u00e0 l\u2019artisanat en Europe. Depuis pr\u00e8s d\u2019une trentaine d\u2019ann\u00e9es, ce grand rendez-vous annuel rassemble des artisans du monde entier qui y\u00a0 viennent exposer leurs derni\u00e8res cr\u00e9ations.<\/p>\n\n\n\n<p>Une quarantaine d\u2019artisans tunisiens de diff\u00e9rentes disciplines (mosa\u00efque, c\u00e9ramique, tapisserie, poterie, verre souffl\u00e9 \u2026) seront pr\u00e9sents \u00e0 Milan dont le mosa\u00efste Karim Bairam qui a d\u00e9clar\u00e9 lors d\u2019un entretien accord\u00e9 \u00e0 la Tap qu\u2019il \u00e9tait en train de r\u00e9aliser un portrait en mosa\u00efque du directeur de la foire Antonio Intiglietta.<\/p>\n\n\n\n<p>Mosa\u00efste de p\u00e8re en fils, Karim Bairam d\u00e9tient la marque \u00ab\u00a0Les beaux arts romains\u00a0\u00bb dont la notori\u00e9t\u00e9 a d\u00e9pass\u00e9 les fronti\u00e8res de la Tunisie, il est \u00e9galement le pr\u00e9sident de la Chambre nationale de mosa\u00efque et sculpture sur marbre \u00e0 l\u2019UTICA. Pour son exposition milanaise, le mosa\u00efste tunisien a pr\u00e9vu de la mosa\u00efque antique et contemporaine sur diff\u00e9rents formats et mat\u00e9riaux (bijoux, tapis, horloges, tableaux \u2026)<\/p>\n\n\n\n<p class=\"has-text-align-right\"><strong>F.B<\/strong><\/p>\n","protected":false},"excerpt":{"rendered":"<p>La 26e \u00e9dition de la Foire Artigiano in Fiera, pr\u00e9vue d\u2019avoir lieu du 4 au 12 d\u00e9cembre \u00e0 Milan, comptera la participation de plusieurs artisans tunisiens qui repr\u00e9senteront le patrimoine artisanal et le savoir-faire tunisiens.<\/p>\n","protected":false},"author":26,"featured_media":372080,"comment_status":"open","ping_status":"open","sticky":false,"template":"","format":"standard","meta":{"footnotes":""},"categories":[993,994,2433],"tags":[95409,6144,95410,505,2202,62643],"class_list":["post-372071","post","type-post","status-publish","format-standard","has-post-thumbnail","hentry","category-conso","category-culture","category-tunisie","tag-artigiano-in-fiera","tag-artisanat-tunisien","tag-artisans-tunisiens","tag-italie","tag-milan","tag-tunisie"],"yoast_head":"<!-- This site is optimized with the Yoast SEO plugin v26.6 - https:\/\/yoast.com\/wordpress\/plugins\/seo\/ -->\n<title>Une quarantaine d\u2019artisans tunisiens participeront \u00e0 la Foire Artigiano in Fiera \u00e0 Milan - Kapitalis<\/title>\n<meta name=\"robots\" content=\"index, follow, max-snippet:-1, max-image-preview:large, max-video-preview:-1\" \/>\n<link rel=\"canonical\" href=\"https:\/\/kapitalis.com\/tunisie\/2021\/12\/02\/une-quarantaine-dartisans-tunisiens-participeront-a-la-foire-artigiano-in-fiera-a-milan\/\" \/>\n<meta property=\"og:locale\" content=\"fr_FR\" \/>\n<meta property=\"og:type\" content=\"article\" \/>\n<meta property=\"og:title\" content=\"Une quarantaine d\u2019artisans tunisiens participeront \u00e0 la Foire Artigiano in Fiera \u00e0 Milan - Kapitalis\" \/>\n<meta property=\"og:description\" content=\"La 26e \u00e9dition de la Foire Artigiano in Fiera, pr\u00e9vue d\u2019avoir lieu du 4 au 12 d\u00e9cembre \u00e0 Milan, comptera la participation de plusieurs artisans tunisiens qui repr\u00e9senteront le patrimoine artisanal et le savoir-faire tunisiens.\" \/>\n<meta property=\"og:url\" content=\"https:\/\/kapitalis.com\/tunisie\/2021\/12\/02\/une-quarantaine-dartisans-tunisiens-participeront-a-la-foire-artigiano-in-fiera-a-milan\/\" \/>\n<meta property=\"og:site_name\" content=\"Kapitalis\" \/>\n<meta property=\"article:publisher\" content=\"https:\/\/www.facebook.com\/KapitalisInfo\/\" \/>\n<meta property=\"article:published_time\" content=\"2021-12-02T08:55:57+00:00\" \/>\n<meta property=\"article:modified_time\" content=\"2021-12-02T08:58:17+00:00\" \/>\n<meta property=\"og:image\" content=\"https:\/\/kapitalis.com\/tunisie\/wp-content\/uploads\/2022\/05\/kapitalis-logo-fb.png\" \/>\n\t<meta property=\"og:image:width\" content=\"1200\" \/>\n\t<meta property=\"og:image:height\" content=\"630\" \/>\n\t<meta property=\"og:image:type\" content=\"image\/png\" \/>\n<meta name=\"author\" content=\"Fawz BenAli\" \/>\n<meta name=\"twitter:card\" content=\"summary_large_image\" \/>\n<meta name=\"twitter:creator\" content=\"@KapitalisInfo\" \/>\n<meta name=\"twitter:site\" content=\"@KapitalisInfo\" \/>\n<meta name=\"twitter:label1\" content=\"\u00c9crit par\" \/>\n\t<meta name=\"twitter:data1\" content=\"Fawz BenAli\" \/>\n\t<meta name=\"twitter:label2\" content=\"Dur\u00e9e de lecture estim\u00e9e\" \/>\n\t<meta name=\"twitter:data2\" content=\"1 minute\" \/>\n<script type=\"application\/ld+json\" class=\"yoast-schema-graph\">{\"@context\":\"https:\/\/schema.org\",\"@graph\":[{\"@type\":\"Article\",\"@id\":\"https:\/\/kapitalis.com\/tunisie\/2021\/12\/02\/une-quarantaine-dartisans-tunisiens-participeront-a-la-foire-artigiano-in-fiera-a-milan\/#article\",\"isPartOf\":{\"@id\":\"https:\/\/kapitalis.com\/tunisie\/2021\/12\/02\/une-quarantaine-dartisans-tunisiens-participeront-a-la-foire-artigiano-in-fiera-a-milan\/\"},\"author\":{\"name\":\"Fawz BenAli\",\"@id\":\"https:\/\/kapitalis.com\/tunisie\/#\/schema\/person\/73a5ecc1f6ae540c6ed91342eadca948\"},\"headline\":\"Une quarantaine d\u2019artisans tunisiens participeront \u00e0 la Foire Artigiano in Fiera \u00e0 Milan\",\"datePublished\":\"2021-12-02T08:55:57+00:00\",\"dateModified\":\"2021-12-02T08:58:17+00:00\",\"mainEntityOfPage\":{\"@id\":\"https:\/\/kapitalis.com\/tunisie\/2021\/12\/02\/une-quarantaine-dartisans-tunisiens-participeront-a-la-foire-artigiano-in-fiera-a-milan\/\"},\"wordCount\":244,\"commentCount\":1,\"publisher\":{\"@id\":\"https:\/\/kapitalis.com\/tunisie\/#organization\"},\"image\":{\"@id\":\"https:\/\/kapitalis.com\/tunisie\/2021\/12\/02\/une-quarantaine-dartisans-tunisiens-participeront-a-la-foire-artigiano-in-fiera-a-milan\/#primaryimage\"},\"thumbnailUrl\":\"\",\"keywords\":[\"Artigiano in Fiera\",\"artisanat tunisien\",\"artisans tunisiens\",\"Italie\",\"Milan\",\"Tunisie\"],\"articleSection\":[\"CONSO\",\"CULTURE\",\"Tunisie\"],\"inLanguage\":\"fr-FR\",\"potentialAction\":[{\"@type\":\"CommentAction\",\"name\":\"Comment\",\"target\":[\"https:\/\/kapitalis.com\/tunisie\/2021\/12\/02\/une-quarantaine-dartisans-tunisiens-participeront-a-la-foire-artigiano-in-fiera-a-milan\/#respond\"]}]},{\"@type\":\"WebPage\",\"@id\":\"https:\/\/kapitalis.com\/tunisie\/2021\/12\/02\/une-quarantaine-dartisans-tunisiens-participeront-a-la-foire-artigiano-in-fiera-a-milan\/\",\"url\":\"https:\/\/kapitalis.com\/tunisie\/2021\/12\/02\/une-quarantaine-dartisans-tunisiens-participeront-a-la-foire-artigiano-in-fiera-a-milan\/\",\"name\":\"Une quarantaine d\u2019artisans tunisiens participeront \u00e0 la Foire Artigiano in Fiera \u00e0 Milan - Kapitalis\",\"isPartOf\":{\"@id\":\"https:\/\/kapitalis.com\/tunisie\/#website\"},\"primaryImageOfPage\":{\"@id\":\"https:\/\/kapitalis.com\/tunisie\/2021\/12\/02\/une-quarantaine-dartisans-tunisiens-participeront-a-la-foire-artigiano-in-fiera-a-milan\/#primaryimage\"},\"image\":{\"@id\":\"https:\/\/kapitalis.com\/tunisie\/2021\/12\/02\/une-quarantaine-dartisans-tunisiens-participeront-a-la-foire-artigiano-in-fiera-a-milan\/#primaryimage\"},\"thumbnailUrl\":\"\",\"datePublished\":\"2021-12-02T08:55:57+00:00\",\"dateModified\":\"2021-12-02T08:58:17+00:00\",\"breadcrumb\":{\"@id\":\"https:\/\/kapitalis.com\/tunisie\/2021\/12\/02\/une-quarantaine-dartisans-tunisiens-participeront-a-la-foire-artigiano-in-fiera-a-milan\/#breadcrumb\"},\"inLanguage\":\"fr-FR\",\"potentialAction\":[{\"@type\":\"ReadAction\",\"target\":[\"https:\/\/kapitalis.com\/tunisie\/2021\/12\/02\/une-quarantaine-dartisans-tunisiens-participeront-a-la-foire-artigiano-in-fiera-a-milan\/\"]}]},{\"@type\":\"ImageObject\",\"inLanguage\":\"fr-FR\",\"@id\":\"https:\/\/kapitalis.com\/tunisie\/2021\/12\/02\/une-quarantaine-dartisans-tunisiens-participeront-a-la-foire-artigiano-in-fiera-a-milan\/#primaryimage\",\"url\":\"\",\"contentUrl\":\"\"},{\"@type\":\"BreadcrumbList\",\"@id\":\"https:\/\/kapitalis.com\/tunisie\/2021\/12\/02\/une-quarantaine-dartisans-tunisiens-participeront-a-la-foire-artigiano-in-fiera-a-milan\/#breadcrumb\",\"itemListElement\":[{\"@type\":\"ListItem\",\"position\":1,\"name\":\"Accueil\",\"item\":\"https:\/\/kapitalis.com\/tunisie\/\"},{\"@type\":\"ListItem\",\"position\":2,\"name\":\"Une quarantaine d\u2019artisans tunisiens participeront \u00e0 la Foire Artigiano in Fiera \u00e0 Milan\"}]},{\"@type\":\"WebSite\",\"@id\":\"https:\/\/kapitalis.com\/tunisie\/#website\",\"url\":\"https:\/\/kapitalis.com\/tunisie\/\",\"name\":\"Kapitalis\",\"description\":\"L&#039;actualit\u00e9 en Tunisie et dans le monde\",\"publisher\":{\"@id\":\"https:\/\/kapitalis.com\/tunisie\/#organization\"},\"potentialAction\":[{\"@type\":\"SearchAction\",\"target\":{\"@type\":\"EntryPoint\",\"urlTemplate\":\"https:\/\/kapitalis.com\/tunisie\/?s={search_term_string}\"},\"query-input\":{\"@type\":\"PropertyValueSpecification\",\"valueRequired\":true,\"valueName\":\"search_term_string\"}}],\"inLanguage\":\"fr-FR\"},{\"@type\":\"Organization\",\"@id\":\"https:\/\/kapitalis.com\/tunisie\/#organization\",\"name\":\"Kapitalis\",\"url\":\"https:\/\/kapitalis.com\/tunisie\/\",\"logo\":{\"@type\":\"ImageObject\",\"inLanguage\":\"fr-FR\",\"@id\":\"https:\/\/kapitalis.com\/tunisie\/#\/schema\/logo\/image\/\",\"url\":\"https:\/\/kapitalis.com\/tunisie\/wp-content\/uploads\/2022\/05\/Kapitalis-big-size.png\",\"contentUrl\":\"https:\/\/kapitalis.com\/tunisie\/wp-content\/uploads\/2022\/05\/Kapitalis-big-size.png\",\"width\":5000,\"height\":1500,\"caption\":\"Kapitalis\"},\"image\":{\"@id\":\"https:\/\/kapitalis.com\/tunisie\/#\/schema\/logo\/image\/\"},\"sameAs\":[\"https:\/\/www.facebook.com\/KapitalisInfo\/\",\"https:\/\/x.com\/KapitalisInfo\",\"https:\/\/www.youtube.com\/channel\/UC-yDYrHyfFBWWZaOw3FPg9Q\"]},{\"@type\":\"Person\",\"@id\":\"https:\/\/kapitalis.com\/tunisie\/#\/schema\/person\/73a5ecc1f6ae540c6ed91342eadca948\",\"name\":\"Fawz BenAli\",\"url\":\"https:\/\/kapitalis.com\/tunisie\/author\/fawz\/\"}]}<\/script>\n<!-- \/ Yoast SEO plugin. -->","yoast_head_json":{"title":"Une quarantaine d\u2019artisans tunisiens participeront \u00e0 la Foire Artigiano in Fiera \u00e0 Milan - Kapitalis","robots":{"index":"index","follow":"follow","max-snippet":"max-snippet:-1","max-image-preview":"max-image-preview:large","max-video-preview":"max-video-preview:-1"},"canonical":"https:\/\/kapitalis.com\/tunisie\/2021\/12\/02\/une-quarantaine-dartisans-tunisiens-participeront-a-la-foire-artigiano-in-fiera-a-milan\/","og_locale":"fr_FR","og_type":"article","og_title":"Une quarantaine d\u2019artisans tunisiens participeront \u00e0 la Foire Artigiano in Fiera \u00e0 Milan - Kapitalis","og_description":"La 26e \u00e9dition de la Foire Artigiano in Fiera, pr\u00e9vue d\u2019avoir lieu du 4 au 12 d\u00e9cembre \u00e0 Milan, comptera la participation de plusieurs artisans tunisiens qui repr\u00e9senteront le patrimoine artisanal et le savoir-faire tunisiens.","og_url":"https:\/\/kapitalis.com\/tunisie\/2021\/12\/02\/une-quarantaine-dartisans-tunisiens-participeront-a-la-foire-artigiano-in-fiera-a-milan\/","og_site_name":"Kapitalis","article_publisher":"https:\/\/www.facebook.com\/KapitalisInfo\/","article_published_time":"2021-12-02T08:55:57+00:00","article_modified_time":"2021-12-02T08:58:17+00:00","og_image":[{"width":1200,"height":630,"url":"https:\/\/kapitalis.com\/tunisie\/wp-content\/uploads\/2022\/05\/kapitalis-logo-fb.png","type":"image\/png"}],"author":"Fawz BenAli","twitter_card":"summary_large_image","twitter_creator":"@KapitalisInfo","twitter_site":"@KapitalisInfo","twitter_misc":{"\u00c9crit par":"Fawz BenAli","Dur\u00e9e de lecture estim\u00e9e":"1 minute"},"schema":{"@context":"https:\/\/schema.org","@graph":[{"@type":"Article","@id":"https:\/\/kapitalis.com\/tunisie\/2021\/12\/02\/une-quarantaine-dartisans-tunisiens-participeront-a-la-foire-artigiano-in-fiera-a-milan\/#article","isPartOf":{"@id":"https:\/\/kapitalis.com\/tunisie\/2021\/12\/02\/une-quarantaine-dartisans-tunisiens-participeront-a-la-foire-artigiano-in-fiera-a-milan\/"},"author":{"name":"Fawz BenAli","@id":"https:\/\/kapitalis.com\/tunisie\/#\/schema\/person\/73a5ecc1f6ae540c6ed91342eadca948"},"headline":"Une quarantaine d\u2019artisans tunisiens participeront \u00e0 la Foire Artigiano in Fiera \u00e0 Milan","datePublished":"2021-12-02T08:55:57+00:00","dateModified":"2021-12-02T08:58:17+00:00","mainEntityOfPage":{"@id":"https:\/\/kapitalis.com\/tunisie\/2021\/12\/02\/une-quarantaine-dartisans-tunisiens-participeront-a-la-foire-artigiano-in-fiera-a-milan\/"},"wordCount":244,"commentCount":1,"publisher":{"@id":"https:\/\/kapitalis.com\/tunisie\/#organization"},"image":{"@id":"https:\/\/kapitalis.com\/tunisie\/2021\/12\/02\/une-quarantaine-dartisans-tunisiens-participeront-a-la-foire-artigiano-in-fiera-a-milan\/#primaryimage"},"thumbnailUrl":"","keywords":["Artigiano in Fiera","artisanat tunisien","artisans tunisiens","Italie","Milan","Tunisie"],"articleSection":["CONSO","CULTURE","Tunisie"],"inLanguage":"fr-FR","potentialAction":[{"@type":"CommentAction","name":"Comment","target":["https:\/\/kapitalis.com\/tunisie\/2021\/12\/02\/une-quarantaine-dartisans-tunisiens-participeront-a-la-foire-artigiano-in-fiera-a-milan\/#respond"]}]},{"@type":"WebPage","@id":"https:\/\/kapitalis.com\/tunisie\/2021\/12\/02\/une-quarantaine-dartisans-tunisiens-participeront-a-la-foire-artigiano-in-fiera-a-milan\/","url":"https:\/\/kapitalis.com\/tunisie\/2021\/12\/02\/une-quarantaine-dartisans-tunisiens-participeront-a-la-foire-artigiano-in-fiera-a-milan\/","name":"Une quarantaine d\u2019artisans tunisiens participeront \u00e0 la Foire Artigiano in Fiera \u00e0 Milan - Kapitalis","isPartOf":{"@id":"https:\/\/kapitalis.com\/tunisie\/#website"},"primaryImageOfPage":{"@id":"https:\/\/kapitalis.com\/tunisie\/2021\/12\/02\/une-quarantaine-dartisans-tunisiens-participeront-a-la-foire-artigiano-in-fiera-a-milan\/#primaryimage"},"image":{"@id":"https:\/\/kapitalis.com\/tunisie\/2021\/12\/02\/une-quarantaine-dartisans-tunisiens-participeront-a-la-foire-artigiano-in-fiera-a-milan\/#primaryimage"},"thumbnailUrl":"","datePublished":"2021-12-02T08:55:57+00:00","dateModified":"2021-12-02T08:58:17+00:00","breadcrumb":{"@id":"https:\/\/kapitalis.com\/tunisie\/2021\/12\/02\/une-quarantaine-dartisans-tunisiens-participeront-a-la-foire-artigiano-in-fiera-a-milan\/#breadcrumb"},"inLanguage":"fr-FR","potentialAction":[{"@type":"ReadAction","target":["https:\/\/kapitalis.com\/tunisie\/2021\/12\/02\/une-quarantaine-dartisans-tunisiens-participeront-a-la-foire-artigiano-in-fiera-a-milan\/"]}]},{"@type":"ImageObject","inLanguage":"fr-FR","@id":"https:\/\/kapitalis.com\/tunisie\/2021\/12\/02\/une-quarantaine-dartisans-tunisiens-participeront-a-la-foire-artigiano-in-fiera-a-milan\/#primaryimage","url":"","contentUrl":""},{"@type":"BreadcrumbList","@id":"https:\/\/kapitalis.com\/tunisie\/2021\/12\/02\/une-quarantaine-dartisans-tunisiens-participeront-a-la-foire-artigiano-in-fiera-a-milan\/#breadcrumb","itemListElement":[{"@type":"ListItem","position":1,"name":"Accueil","item":"https:\/\/kapitalis.com\/tunisie\/"},{"@type":"ListItem","position":2,"name":"Une quarantaine d\u2019artisans tunisiens participeront \u00e0 la Foire Artigiano in Fiera \u00e0 Milan"}]},{"@type":"WebSite","@id":"https:\/\/kapitalis.com\/tunisie\/#website","url":"https:\/\/kapitalis.com\/tunisie\/","name":"Kapitalis","description":"L&#039;actualit\u00e9 en Tunisie et dans le monde","publisher":{"@id":"https:\/\/kapitalis.com\/tunisie\/#organization"},"potentialAction":[{"@type":"SearchAction","target":{"@type":"EntryPoint","urlTemplate":"https:\/\/kapitalis.com\/tunisie\/?s={search_term_string}"},"query-input":{"@type":"PropertyValueSpecification","valueRequired":true,"valueName":"search_term_string"}}],"inLanguage":"fr-FR"},{"@type":"Organization","@id":"https:\/\/kapitalis.com\/tunisie\/#organization","name":"Kapitalis","url":"https:\/\/kapitalis.com\/tunisie\/","logo":{"@type":"ImageObject","inLanguage":"fr-FR","@id":"https:\/\/kapitalis.com\/tunisie\/#\/schema\/logo\/image\/","url":"https:\/\/kapitalis.com\/tunisie\/wp-content\/uploads\/2022\/05\/Kapitalis-big-size.png","contentUrl":"https:\/\/kapitalis.com\/tunisie\/wp-content\/uploads\/2022\/05\/Kapitalis-big-size.png","width":5000,"height":1500,"caption":"Kapitalis"},"image":{"@id":"https:\/\/kapitalis.com\/tunisie\/#\/schema\/logo\/image\/"},"sameAs":["https:\/\/www.facebook.com\/KapitalisInfo\/","https:\/\/x.com\/KapitalisInfo","https:\/\/www.youtube.com\/channel\/UC-yDYrHyfFBWWZaOw3FPg9Q"]},{"@type":"Person","@id":"https:\/\/kapitalis.com\/tunisie\/#\/schema\/person\/73a5ecc1f6ae540c6ed91342eadca948","name":"Fawz BenAli","url":"https:\/\/kapitalis.com\/tunisie\/author\/fawz\/"}]}},"_links":{"self":[{"href":"https:\/\/kapitalis.com\/tunisie\/wp-json\/wp\/v2\/posts\/372071","targetHints":{"allow":["GET"]}}],"collection":[{"href":"https:\/\/kapitalis.com\/tunisie\/wp-json\/wp\/v2\/posts"}],"about":[{"href":"https:\/\/kapitalis.com\/tunisie\/wp-json\/wp\/v2\/types\/post"}],"author":[{"embeddable":true,"href":"https:\/\/kapitalis.com\/tunisie\/wp-json\/wp\/v2\/users\/26"}],"replies":[{"embeddable":true,"href":"https:\/\/kapitalis.com\/tunisie\/wp-json\/wp\/v2\/comments?post=372071"}],"version-history":[{"count":0,"href":"https:\/\/kapitalis.com\/tunisie\/wp-json\/wp\/v2\/posts\/372071\/revisions"}],"wp:featuredmedia":[{"embeddable":true,"href":"https:\/\/kapitalis.com\/tunisie\/wp-json\/wp\/v2\/media\/372080"}],"wp:attachment":[{"href":"https:\/\/kapitalis.com\/tunisie\/wp-json\/wp\/v2\/media?parent=372071"}],"wp:term":[{"taxonomy":"category","embeddable":true,"href":"https:\/\/kapitalis.com\/tunisie\/wp-json\/wp\/v2\/categories?post=372071"},{"taxonomy":"post_tag","embeddable":true,"href":"https:\/\/kapitalis.com\/tunisie\/wp-json\/wp\/v2\/tags?post=372071"}],"curies":[{"name":"wp","href":"https:\/\/api.w.org\/{rel}","templated":true}]}}